{"id":5679,"date":"2019-09-21T09:45:50","date_gmt":"2019-09-21T06:45:50","guid":{"rendered":"https:\/\/favorite-news.com\/vi\/brexit-co-the-khien-anh-tro-lai-thanh-ke-om-yeu-cua-chau-au\/"},"modified":"2019-09-21T09:45:52","modified_gmt":"2019-09-21T06:45:52","slug":"brexit-co-the-khien-anh-tro-lai-thanh-ke-om-yeu-cua-chau-au","status":"publish","type":"post","link":"https:\/\/favorite-news.com\/vi\/brexit-co-the-khien-anh-tro-lai-thanh-ke-om-yeu-cua-chau-au\/","title":{"rendered":"Brexit c\u00f3 th\u1ec3 khi\u1ebfn Anh tr\u1edf l\u1ea1i th\u00e0nh &#8220;k\u1ebb \u1ed1m y\u1ebfu c\u1ee7a ch\u00e2u \u00c2u&#8221;"},"content":{"rendered":"<p>&#13;<br \/>\n                                    Trong m\u1ed9t cu\u1ed9c ph\u1ecfng v\u1ea5n m\u1edbi \u0111\u00e2y v\u1edbi CNN, Tadashi Yanai, ng\u01b0\u1eddi gi\u00e0u nh\u1ea5t Nh\u1eadt B\u1ea3n, c\u1ea3nh b\u00e1o r\u1eb1ng vi\u1ec7c Anh r\u1eddi Li\u00ean minh ch\u00e2u \u00c2u &#8211; EU (c\u00f2n g\u1ecdi l\u00e0 Brexit) c\u00f3 th\u1ec3 \u0111\u1ea9y kinh t\u1ebf Anh r\u01a1i v\u00e0o t\u00ecnh tr\u1ea1ng tr\u00ec tr\u1ec7 nh\u01b0 nh\u1eefng n\u0103m 1970 &#8211; khi n\u01b0\u1edbc n\u00e0y th\u01b0\u1eddng b\u1ecb g\u1ecdi l\u00e0 &#8220;k\u1ebb \u1ed1m y\u1ebfu c\u1ee7a ch\u00e2u \u00c2u&#8221;.Tadashi Yanai, ng\u01b0\u1eddi s\u00e1ng l\u1eadp, CEO c\u1ee7a h\u00e3ng b\u00e1n l\u1ebb Fast Retailing, cho r\u1eb1ng trong nhi\u1ec1u n\u0103m, n\u01b0\u1edbc Anh \u0111\u00e3 \u0111\u01b0\u1ee3c h\u01b0\u1edfng l\u1ee3i t\u1eeb m\u1ed9t n\u1ec1n kinh t\u1ebf m\u1edf. Nh\u01b0ng Brexit s\u1ebd l\u00e0m thay \u0111\u1ed5i \u0111i\u1ec1u \u0111\u00f3 v\u00e0 khi\u1ebfn nh\u1eefng ng\u01b0\u1eddi t\u00e0i n\u0103ng r\u1eddi kh\u1ecfi n\u01b0\u1edbc n\u00e0y \u0111\u1ec3 t\u00ecm ki\u1ebfm c\u01a1 h\u1ed9i \u1edf n\u01a1i kh\u00e1c.Theo t\u1ef7 ph\u00fa Nh\u1eadt, vi\u1ec7c r\u1eddi kh\u1ecfi EU c\u0169ng s\u1ebd g\u00e2y ra nhi\u1ec1u th\u00e1ch th\u1ee9c b\u1edfi Anh c\u1ea7n ph\u1ea3i duy tr\u00ec bi\u00ean gi\u1edbi m\u1edf gi\u1eefa Ireland (m\u1ed9t th\u00e0nh vi\u00ean c\u1ee7a EU) v\u00e0 B\u1eafc Ireland (m\u1ed9t ph\u1ea7n c\u1ee7a V\u01b0\u01a1ng qu\u1ed1c Anh), c\u0169ng nh\u01b0 l\u00e0n s\u00f3ng k\u00eau g\u1ecdi \u0111\u1ed9c l\u1eadp t\u1ea1i Scotland &#8211; n\u01a1i ph\u1ea3n \u0111\u1ed1i Brexit trong cu\u1ed9c tr\u01b0ng c\u1ea7u d\u00e2n \u00fd v\u00e0o n\u0103m 2016.&#8221;N\u1ebfu Brexit x\u1ea3y ra, Anh c\u00f3 th\u1ec3 tr\u1edf l\u1ea1i t\u00ecnh tr\u1ea1ng tr\u01b0\u1edbc k\u1ef7 nguy\u00ean Margaret Thatcher (c\u1ef1u th\u1ee7 t\u01b0\u1edbng Anh), khi \u0111\u00f3, Anh b\u1ecb g\u1ecdi l\u00e0 &#8216;k\u1ebb \u1ed1m y\u1ebfu c\u1ee7a ch\u00e2u \u00c2u&#8217;. T\u00f4i lo r\u1eb1ng \u0111i\u1ec1u n\u00e0y s\u1ebd l\u1eb7p l\u1ea1i&#8221;, t\u1ef7 ph\u00fa Yanai nh\u1eadn \u0111\u1ecbnh.C\u1ef1u th\u1ee7 t\u01b0\u1edbng Anh Thatcher th\u1eafng c\u1eed l\u1ea7n \u0111\u1ea7u ti\u00ean v\u00e0o n\u0103m 1979, khi \u0111\u00f3, kinh t\u1ebf Anh \u0111ang tr\u1ea3i qua nhi\u1ec1u n\u0103m t\u0103ng tr\u01b0\u1edfng ch\u1eadm, l\u1ea1m ph\u00e1t cao v\u00e0 th\u1ea5t nghi\u1ec7p tri\u1ec1n mi\u00ean. V\u00e0o nh\u1eefng n\u0103m 1980, d\u01b0\u1edbi s\u1ef1 khuy\u1ebfn kh\u00edch c\u1ee7a b\u00e0 Thatcher, c\u00e1c doanh nghi\u1ec7p Nh\u1eadt B\u1ea3n b\u1eaft \u0111\u1ea7u xem Anh l\u00e0 c\u00e1nh c\u1ed5ng m\u1edf v\u00e0o ch\u00e2u \u00c2u v\u00e0 \u0111\u1ea7u t\u01b0 m\u1ea1nh v\u00e0o c\u00e1c nh\u00e0 m\u00e1y l\u1eafp r\u00e1p \u00f4t\u00f4, ng\u00e0nh ng\u00e2n h\u00e0ng v\u00e0 nhi\u1ec1u l\u0129nh v\u1ef1c kh\u00e1c t\u1ea1i n\u01b0\u1edbc n\u00e0y.Fast Retailing, \u0111\u1ebf ch\u1ebf th\u1eddi trang s\u1edf h\u1eefu th\u01b0\u01a1ng hi\u1ec7u Uniqlo, m\u1edf c\u1eeda h\u00e0ng \u0111\u1ea7u ti\u00ean b\u00ean ngo\u00e0i Nh\u1eadt B\u1ea3n 18 n\u0103m tr\u01b0\u1edbc v\u00e0 \u0111\u1eb7t t\u1ea1i London (Anh). T\u1eeb \u0111\u00f3, c\u00f4ng ty n\u00e0y \u0111\u00e3 m\u1edf r\u1ed9ng ra h\u1ea7u h\u1ebft c\u00e1c th\u1ecb tr\u01b0\u1eddng tr\u00ean kh\u1eafp to\u00e0n c\u1ea7u. N\u0103m 2018, Fast Retailing \u0111\u1ea1t doanh thu 2.300 t\u1ef7 Y\u00ean (19,2 t\u1ef7 USD) v\u00e0 t\u00e0i s\u1ea3n c\u1ee7a \u00f4ng Yanai l\u00e0 kho\u1ea3ng 30 t\u1ef7 USD, theo th\u1ed1ng k\u00ea c\u1ee7a Bloomberg.C\u1ea3nh b\u00e1o c\u1ee7a \u00f4ng Yanai\u00a0v\u1ec1 Brexit \u0111\u01b0\u1ee3c \u0111\u01b0a ra trong b\u1ed1i c\u1ea3nh nhi\u1ec1u l\u00e3nh \u0111\u1ea1o doanh nghi\u1ec7p Nh\u1eadt kh\u00e1c c\u0169ng quan ng\u1ea1i v\u1ec1 m\u1ed1i quan h\u1ec7 c\u1ee7a Anh v\u1edbi EU trong t\u01b0\u01a1ng lai v\u00e0 s\u1ef1 chu\u1ea9n b\u1ecb c\u1ee7a n\u01b0\u1edbc n\u00e0y khi th\u1eddi h\u1ea1n Brexit 31\/10 ng\u00e0y c\u00e0ng t\u1edbi g\u1ea7n. N\u1ebfu Anh r\u1eddi kh\u1ecfi EU m\u00e0 kh\u00f4ng \u0111\u1ea1t \u0111\u01b0\u1ee3c m\u1ed9t th\u1ecfa thu\u1eadn v\u1ec1 th\u01b0\u01a1ng m\u1ea1i, thu\u1ebf quan v\u00e0 c\u00e1c r\u00e0o c\u1ea3n kh\u00e1c s\u1ebd \u0111\u01b0\u1ee3c \u00e1p l\u00ean h\u00e0ng h\u00f3a s\u1ea3n xu\u1ea5t t\u1ea1i Anh sang th\u1ecb tr\u01b0\u1eddng EU, bao g\u1ed3m \u00f4t\u00f4 do c\u00e1c c\u00f4ng ty Nh\u1eadt ch\u1ebf t\u1ea1o.Ba h\u00e3ng \u00f4t\u00f4 Nh\u1eadt g\u1ed3m Nissan, Toyota v\u00e0 Honda hi\u1ec7n chi\u1ebfm kho\u1ea3ng 50% \u00f4t\u00f4 ch\u1ebf t\u1ea1o t\u1ea1i Anh v\u00e0 h\u1ea7u h\u1ebft \u00f4t\u00f4 th\u00e0nh ph\u1ea9m \u0111\u01b0\u1ee3c b\u00e1n t\u1ea1i ch\u00e2u \u00c2u. C\u00e1c c\u00f4ng ty n\u00e0y \u0111\u00e3 b\u1eaft \u0111\u1ea7u r\u00fat kh\u1ecfi Anh do doanh s\u1ed1 gi\u1ea3m v\u00e0 nh\u1eefng b\u1ea5t \u1ed5n v\u1ec1 m\u1ed1i quan h\u1ec7 t\u01b0\u01a1ng lai c\u1ee7a n\u01b0\u1edbc n\u00e0y v\u1edbi EU &#8211; \u0111\u1ed1i t\u00e1c th\u01b0\u01a1ng m\u1ea1i g\u1ea7n nh\u1ea5t v\u00e0 l\u1edbn nh\u1ea5t.Honda tuy\u00ean b\u1ed1 s\u1ebd \u0111\u00f3ng c\u1eeda nh\u00e0 m\u00e1y Swindon c\u1ee7a m\u00ecnh t\u1ea1i Anh v\u00e0o n\u0103m 2022, trong khi \u0111\u00f3 Nissan h\u1ee7y b\u1ecf k\u1ebf ho\u1ea1ch s\u1ea3n xu\u1ea5t xe X-Trail t\u1ea1i th\u00e0nh ph\u1ed1 Sunderland, Anh. Nissan c\u0169ng \u0111ang chuy\u1ec3n d\u00e2y chuy\u1ec1n s\u1ea3n xu\u1ea5t \u00f4t\u00f4 xa x\u1ec9 ra kh\u1ecfi n\u01b0\u1edbc n\u00e0y.\u0110\u1ea7u th\u00e1ng n\u00e0y, Toyota cho bi\u1ebft d\u1ef1 ki\u1ebfn s\u1ebd d\u1eebng ho\u1ea1t \u0111\u1ed9ng s\u1ea3n xu\u1ea5t t\u1ea1i nh\u00e0 m\u00e1y t\u1ea1i Derbyshire (Anh) v\u00e0o ng\u00e0y 1\/11 v\u1edbi d\u1ef1 b\u00e1o r\u1eb1ng s\u1ef1 gi\u00e1n \u0111o\u1ea1n t\u1ea1i c\u00e1c c\u1ea3ng bi\u1ec3n c\u1ee7a Anh c\u00f3 th\u1ec3 \u1ea3nh h\u01b0\u1edfng t\u1edbi ngu\u1ed3n cung linh ki\u1ec7n ph\u1ee5c v\u1ee5 ho\u1ea1t \u0111\u1ed9ng c\u1ee7a nh\u00e0 m\u00e1y.V\u1edbi Uniqlo, \u00f4ng Yanai cho bi\u1ebft c\u00f4ng ty c\u1ee7a \u00f4ng s\u1ebd m\u1ea5t duy tr\u00ec hi\u1ec7n di\u1ec7n t\u1ea1i Anh trong d\u00e0i h\u1ea1n, b\u1ea5t ch\u1ea5p nh\u1eefng th\u00e1ch th\u1ee9c v\u1ec1 kinh t\u1ebf v\u00e0 ch\u00ednh tr\u1ecb tr\u01b0\u1edbc m\u1eaft. \u00d4ng c\u0169ng chia s\u1ebb v\u1ec1 tham v\u1ecdng bi\u1ebfn Fast Retailing tr\u1edf th\u00e0nh m\u1ed9t c\u00f4ng ty \u0111i \u0111\u1ea7u th\u1ebf gi\u1edbi trong vi\u1ec7c \u1ee9ng ph\u00f3 v\u1edbi kh\u1ee7ng ho\u1ea3ng kh\u00ed h\u1eadu.&#8221;C\u00e1c v\u1ea5n \u0111\u1ec1 m\u00f4i tr\u01b0\u1eddng hi\u1ec7n l\u00e0 \u0111i\u1ec1u quan tr\u1ecdng nh\u1ea5t trong th\u1ebf gi\u1edbi kinh doanh&#8221;, t\u1ef7 ph\u00fa Nh\u1eadt chia s\u1ebb. &#8220;N\u1ebfu ch\u00fang ta kh\u00f4ng th\u1ec3 gi\u1ea3i quy\u1ebft v\u1ea5n \u0111\u1ec1 n\u00e0y, th\u00ec vi\u1ec7c kinh doanh ch\u1eb3ng c\u00f3 ngh\u0129a l\u00fd g\u00ec c\u1ea3&#8221;.<br \/>\n<br \/>\n<!--noindex--><br \/>\n<a href=\"http:\/\/cafef.vn\/ty-phu-nhat-brexit-co-the-khien-anh-tro-lai-thanh-ke-om-yeu-cua-chau-au-20190921084412625.chn\" rel=\"nofollow\">Source link <\/a><br \/>\n<!--\/noindex--><\/p>\n","protected":false},"excerpt":{"rendered":"<p>&#13; Trong m\u1ed9t cu\u1ed9c ph\u1ecfng v\u1ea5n m\u1edbi \u0111\u00e2y v\u1edbi CNN, Tadashi Yanai, ng\u01b0\u1eddi gi\u00e0u nh\u1ea5t Nh\u1eadt B\u1ea3n, c\u1ea3nh b\u00e1o r\u1eb1ng vi\u1ec7c Anh r\u1eddi Li\u00ean minh ch\u00e2u \u00c2u &#8211; EU (c\u00f2n g\u1ecdi l\u00e0 Brexit) c\u00f3 th\u1ec3 \u0111\u1ea9y kinh t\u1ebf Anh r\u01a1i v\u00e0o t\u00ecnh tr\u1ea1ng tr\u00ec tr\u1ec7 nh\u01b0 nh\u1eefng n\u0103m 1970 &#8211; khi n\u01b0\u1edbc n\u00e0y th\u01b0\u1eddng b\u1ecb [&hellip;]<\/p>\n","protected":false},"author":2,"featured_media":5680,"comment_status":"open","ping_status":"open","sticky":false,"template":"","format":"standard","meta":{"footnotes":""},"categories":[1],"tags":[],"class_list":["post-5679","post","type-post","status-publish","format-standard","has-post-thumbnail","hentry","category-ban-tin-tai-chinh"],"yoast_head":"<!-- This site is optimized with the Yoast SEO plugin v27.4 - https:\/\/yoast.com\/product\/yoast-seo-wordpress\/ -->\n<title>Brexit c\u00f3 th\u1ec3 khi\u1ebfn Anh tr\u1edf l\u1ea1i th\u00e0nh &quot;k\u1ebb \u1ed1m y\u1ebfu c\u1ee7a ch\u00e2u \u00c2u&quot; - Favorite News<\/title>\n<meta name=\"robots\" content=\"index, follow, max-snippet:-1, max-image-preview:large, max-video-preview:-1\" \/>\n<link rel=\"canonical\" href=\"https:\/\/favorite-news.com\/vi\/brexit-co-the-khien-anh-tro-lai-thanh-ke-om-yeu-cua-chau-au\/\" \/>\n<meta property=\"og:locale\" content=\"vi_VN\" \/>\n<meta property=\"og:type\" content=\"article\" \/>\n<meta property=\"og:title\" content=\"Brexit c\u00f3 th\u1ec3 khi\u1ebfn Anh tr\u1edf l\u1ea1i th\u00e0nh &quot;k\u1ebb \u1ed1m y\u1ebfu c\u1ee7a ch\u00e2u \u00c2u&quot; - Favorite News\" \/>\n<meta property=\"og:description\" content=\"&#013; Trong m\u1ed9t cu\u1ed9c ph\u1ecfng v\u1ea5n m\u1edbi \u0111\u00e2y v\u1edbi CNN, Tadashi Yanai, ng\u01b0\u1eddi gi\u00e0u nh\u1ea5t Nh\u1eadt B\u1ea3n, c\u1ea3nh b\u00e1o r\u1eb1ng vi\u1ec7c Anh r\u1eddi Li\u00ean minh ch\u00e2u \u00c2u &#8211; EU (c\u00f2n g\u1ecdi l\u00e0 Brexit) c\u00f3 th\u1ec3 \u0111\u1ea9y kinh t\u1ebf Anh r\u01a1i v\u00e0o t\u00ecnh tr\u1ea1ng tr\u00ec tr\u1ec7 nh\u01b0 nh\u1eefng n\u0103m 1970 &#8211; khi n\u01b0\u1edbc n\u00e0y th\u01b0\u1eddng b\u1ecb [&hellip;]\" \/>\n<meta property=\"og:url\" content=\"https:\/\/favorite-news.com\/vi\/brexit-co-the-khien-anh-tro-lai-thanh-ke-om-yeu-cua-chau-au\/\" \/>\n<meta property=\"og:site_name\" content=\"Favorite News\" \/>\n<meta property=\"article:published_time\" content=\"2019-09-21T06:45:50+00:00\" \/>\n<meta property=\"article:modified_time\" content=\"2019-09-21T06:45:52+00:00\" \/>\n<meta property=\"og:image\" content=\"https:\/\/favorite-news.com\/vi\/wp-content\/uploads\/sites\/5\/2019\/09\/Brexit-c\u00f3-th\u1ec3-khi\u1ebfn-Anh-tr\u1edf-l\u1ea1i-th\u00e0nh-k\u1ebb-\u1ed1m.jpg\" \/>\n\t<meta property=\"og:image:width\" content=\"600\" \/>\n\t<meta property=\"og:image:height\" content=\"315\" \/>\n\t<meta property=\"og:image:type\" content=\"image\/jpeg\" \/>\n<meta name=\"author\" content=\"favorite-news\" \/>\n<meta name=\"twitter:card\" content=\"summary_large_image\" \/>\n<meta name=\"twitter:label1\" content=\"\u0110\u01b0\u1ee3c vi\u1ebft b\u1edfi\" \/>\n\t<meta name=\"twitter:data1\" content=\"favorite-news\" \/>\n\t<meta name=\"twitter:label2\" content=\"\u01af\u1edbc t\u00ednh th\u1eddi gian \u0111\u1ecdc\" \/>\n\t<meta name=\"twitter:data2\" content=\"6 ph\u00fat\" \/>\n<script type=\"application\/ld+json\" class=\"yoast-schema-graph\">{\"@context\":\"https:\\\/\\\/schema.org\",\"@graph\":[{\"@type\":\"Article\",\"@id\":\"https:\\\/\\\/favorite-news.com\\\/vi\\\/brexit-co-the-khien-anh-tro-lai-thanh-ke-om-yeu-cua-chau-au\\\/#article\",\"isPartOf\":{\"@id\":\"https:\\\/\\\/favorite-news.com\\\/vi\\\/brexit-co-the-khien-anh-tro-lai-thanh-ke-om-yeu-cua-chau-au\\\/\"},\"author\":{\"name\":\"favorite-news\",\"@id\":\"https:\\\/\\\/favorite-news.com\\\/vi\\\/#\\\/schema\\\/person\\\/b91573b717dcfa5e4696032a9d28d3e8\"},\"headline\":\"Brexit c\u00f3 th\u1ec3 khi\u1ebfn Anh tr\u1edf l\u1ea1i th\u00e0nh &#8220;k\u1ebb \u1ed1m y\u1ebfu c\u1ee7a ch\u00e2u \u00c2u&#8221;\",\"datePublished\":\"2019-09-21T06:45:50+00:00\",\"dateModified\":\"2019-09-21T06:45:52+00:00\",\"mainEntityOfPage\":{\"@id\":\"https:\\\/\\\/favorite-news.com\\\/vi\\\/brexit-co-the-khien-anh-tro-lai-thanh-ke-om-yeu-cua-chau-au\\\/\"},\"wordCount\":1146,\"commentCount\":0,\"image\":{\"@id\":\"https:\\\/\\\/favorite-news.com\\\/vi\\\/brexit-co-the-khien-anh-tro-lai-thanh-ke-om-yeu-cua-chau-au\\\/#primaryimage\"},\"thumbnailUrl\":\"https:\\\/\\\/favorite-news.com\\\/vi\\\/wp-content\\\/uploads\\\/sites\\\/5\\\/2019\\\/09\\\/Brexit-c\u00f3-th\u1ec3-khi\u1ebfn-Anh-tr\u1edf-l\u1ea1i-th\u00e0nh-k\u1ebb-\u1ed1m.jpg\",\"articleSection\":[\"B\u1ea2N TIN T\u00c0I CH\u00cdNH\"],\"inLanguage\":\"vi\",\"potentialAction\":[{\"@type\":\"CommentAction\",\"name\":\"Comment\",\"target\":[\"https:\\\/\\\/favorite-news.com\\\/vi\\\/brexit-co-the-khien-anh-tro-lai-thanh-ke-om-yeu-cua-chau-au\\\/#respond\"]}]},{\"@type\":\"WebPage\",\"@id\":\"https:\\\/\\\/favorite-news.com\\\/vi\\\/brexit-co-the-khien-anh-tro-lai-thanh-ke-om-yeu-cua-chau-au\\\/\",\"url\":\"https:\\\/\\\/favorite-news.com\\\/vi\\\/brexit-co-the-khien-anh-tro-lai-thanh-ke-om-yeu-cua-chau-au\\\/\",\"name\":\"Brexit c\u00f3 th\u1ec3 khi\u1ebfn Anh tr\u1edf l\u1ea1i th\u00e0nh \\\"k\u1ebb \u1ed1m y\u1ebfu c\u1ee7a ch\u00e2u \u00c2u\\\" - Favorite News\",\"isPartOf\":{\"@id\":\"https:\\\/\\\/favorite-news.com\\\/vi\\\/#website\"},\"primaryImageOfPage\":{\"@id\":\"https:\\\/\\\/favorite-news.com\\\/vi\\\/brexit-co-the-khien-anh-tro-lai-thanh-ke-om-yeu-cua-chau-au\\\/#primaryimage\"},\"image\":{\"@id\":\"https:\\\/\\\/favorite-news.com\\\/vi\\\/brexit-co-the-khien-anh-tro-lai-thanh-ke-om-yeu-cua-chau-au\\\/#primaryimage\"},\"thumbnailUrl\":\"https:\\\/\\\/favorite-news.com\\\/vi\\\/wp-content\\\/uploads\\\/sites\\\/5\\\/2019\\\/09\\\/Brexit-c\u00f3-th\u1ec3-khi\u1ebfn-Anh-tr\u1edf-l\u1ea1i-th\u00e0nh-k\u1ebb-\u1ed1m.jpg\",\"datePublished\":\"2019-09-21T06:45:50+00:00\",\"dateModified\":\"2019-09-21T06:45:52+00:00\",\"author\":{\"@id\":\"https:\\\/\\\/favorite-news.com\\\/vi\\\/#\\\/schema\\\/person\\\/b91573b717dcfa5e4696032a9d28d3e8\"},\"breadcrumb\":{\"@id\":\"https:\\\/\\\/favorite-news.com\\\/vi\\\/brexit-co-the-khien-anh-tro-lai-thanh-ke-om-yeu-cua-chau-au\\\/#breadcrumb\"},\"inLanguage\":\"vi\",\"potentialAction\":[{\"@type\":\"ReadAction\",\"target\":[\"https:\\\/\\\/favorite-news.com\\\/vi\\\/brexit-co-the-khien-anh-tro-lai-thanh-ke-om-yeu-cua-chau-au\\\/\"]}]},{\"@type\":\"ImageObject\",\"inLanguage\":\"vi\",\"@id\":\"https:\\\/\\\/favorite-news.com\\\/vi\\\/brexit-co-the-khien-anh-tro-lai-thanh-ke-om-yeu-cua-chau-au\\\/#primaryimage\",\"url\":\"https:\\\/\\\/favorite-news.com\\\/vi\\\/wp-content\\\/uploads\\\/sites\\\/5\\\/2019\\\/09\\\/Brexit-c\u00f3-th\u1ec3-khi\u1ebfn-Anh-tr\u1edf-l\u1ea1i-th\u00e0nh-k\u1ebb-\u1ed1m.jpg\",\"contentUrl\":\"https:\\\/\\\/favorite-news.com\\\/vi\\\/wp-content\\\/uploads\\\/sites\\\/5\\\/2019\\\/09\\\/Brexit-c\u00f3-th\u1ec3-khi\u1ebfn-Anh-tr\u1edf-l\u1ea1i-th\u00e0nh-k\u1ebb-\u1ed1m.jpg\",\"width\":600,\"height\":315,\"caption\":\"Brexit c\u00f3 th\u1ec3 khi\u1ebfn Anh tr\u1edf l\u1ea1i th\u00e0nh \\\"k\u1ebb \u1ed1m y\u1ebfu c\u1ee7a ch\u00e2u \u00c2u\\\"\"},{\"@type\":\"BreadcrumbList\",\"@id\":\"https:\\\/\\\/favorite-news.com\\\/vi\\\/brexit-co-the-khien-anh-tro-lai-thanh-ke-om-yeu-cua-chau-au\\\/#breadcrumb\",\"itemListElement\":[{\"@type\":\"ListItem\",\"position\":1,\"name\":\"Home\",\"item\":\"https:\\\/\\\/favorite-news.com\\\/vi\\\/\"},{\"@type\":\"ListItem\",\"position\":2,\"name\":\"Brexit c\u00f3 th\u1ec3 khi\u1ebfn Anh tr\u1edf l\u1ea1i th\u00e0nh &#8220;k\u1ebb \u1ed1m y\u1ebfu c\u1ee7a ch\u00e2u \u00c2u&#8221;\"}]},{\"@type\":\"WebSite\",\"@id\":\"https:\\\/\\\/favorite-news.com\\\/vi\\\/#website\",\"url\":\"https:\\\/\\\/favorite-news.com\\\/vi\\\/\",\"name\":\"Favorite News\",\"description\":\"Favorite News Vi\u1ec7t Nam\",\"potentialAction\":[{\"@type\":\"SearchAction\",\"target\":{\"@type\":\"EntryPoint\",\"urlTemplate\":\"https:\\\/\\\/favorite-news.com\\\/vi\\\/?s={search_term_string}\"},\"query-input\":{\"@type\":\"PropertyValueSpecification\",\"valueRequired\":true,\"valueName\":\"search_term_string\"}}],\"inLanguage\":\"vi\"},{\"@type\":\"Person\",\"@id\":\"https:\\\/\\\/favorite-news.com\\\/vi\\\/#\\\/schema\\\/person\\\/b91573b717dcfa5e4696032a9d28d3e8\",\"name\":\"favorite-news\",\"image\":{\"@type\":\"ImageObject\",\"inLanguage\":\"vi\",\"@id\":\"https:\\\/\\\/secure.gravatar.com\\\/avatar\\\/6c5a5cb12b74e9d517ee91cf570335b7d16177f1977cc91db161adfa435945a7?s=96&d=mm&r=g\",\"url\":\"https:\\\/\\\/secure.gravatar.com\\\/avatar\\\/6c5a5cb12b74e9d517ee91cf570335b7d16177f1977cc91db161adfa435945a7?s=96&d=mm&r=g\",\"contentUrl\":\"https:\\\/\\\/secure.gravatar.com\\\/avatar\\\/6c5a5cb12b74e9d517ee91cf570335b7d16177f1977cc91db161adfa435945a7?s=96&d=mm&r=g\",\"caption\":\"favorite-news\"},\"url\":\"https:\\\/\\\/favorite-news.com\\\/vi\\\/author\\\/pt\\\/\"}]}<\/script>\n<!-- \/ Yoast SEO plugin. -->","yoast_head_json":{"title":"Brexit c\u00f3 th\u1ec3 khi\u1ebfn Anh tr\u1edf l\u1ea1i th\u00e0nh \"k\u1ebb \u1ed1m y\u1ebfu c\u1ee7a ch\u00e2u \u00c2u\" - Favorite News","robots":{"index":"index","follow":"follow","max-snippet":"max-snippet:-1","max-image-preview":"max-image-preview:large","max-video-preview":"max-video-preview:-1"},"canonical":"https:\/\/favorite-news.com\/vi\/brexit-co-the-khien-anh-tro-lai-thanh-ke-om-yeu-cua-chau-au\/","og_locale":"vi_VN","og_type":"article","og_title":"Brexit c\u00f3 th\u1ec3 khi\u1ebfn Anh tr\u1edf l\u1ea1i th\u00e0nh \"k\u1ebb \u1ed1m y\u1ebfu c\u1ee7a ch\u00e2u \u00c2u\" - Favorite News","og_description":"&#13; Trong m\u1ed9t cu\u1ed9c ph\u1ecfng v\u1ea5n m\u1edbi \u0111\u00e2y v\u1edbi CNN, Tadashi Yanai, ng\u01b0\u1eddi gi\u00e0u nh\u1ea5t Nh\u1eadt B\u1ea3n, c\u1ea3nh b\u00e1o r\u1eb1ng vi\u1ec7c Anh r\u1eddi Li\u00ean minh ch\u00e2u \u00c2u &#8211; EU (c\u00f2n g\u1ecdi l\u00e0 Brexit) c\u00f3 th\u1ec3 \u0111\u1ea9y kinh t\u1ebf Anh r\u01a1i v\u00e0o t\u00ecnh tr\u1ea1ng tr\u00ec tr\u1ec7 nh\u01b0 nh\u1eefng n\u0103m 1970 &#8211; khi n\u01b0\u1edbc n\u00e0y th\u01b0\u1eddng b\u1ecb [&hellip;]","og_url":"https:\/\/favorite-news.com\/vi\/brexit-co-the-khien-anh-tro-lai-thanh-ke-om-yeu-cua-chau-au\/","og_site_name":"Favorite News","article_published_time":"2019-09-21T06:45:50+00:00","article_modified_time":"2019-09-21T06:45:52+00:00","og_image":[{"width":600,"height":315,"url":"https:\/\/favorite-news.com\/vi\/wp-content\/uploads\/sites\/5\/2019\/09\/Brexit-c\u00f3-th\u1ec3-khi\u1ebfn-Anh-tr\u1edf-l\u1ea1i-th\u00e0nh-k\u1ebb-\u1ed1m.jpg","type":"image\/jpeg"}],"author":"favorite-news","twitter_card":"summary_large_image","twitter_misc":{"\u0110\u01b0\u1ee3c vi\u1ebft b\u1edfi":"favorite-news","\u01af\u1edbc t\u00ednh th\u1eddi gian \u0111\u1ecdc":"6 ph\u00fat"},"schema":{"@context":"https:\/\/schema.org","@graph":[{"@type":"Article","@id":"https:\/\/favorite-news.com\/vi\/brexit-co-the-khien-anh-tro-lai-thanh-ke-om-yeu-cua-chau-au\/#article","isPartOf":{"@id":"https:\/\/favorite-news.com\/vi\/brexit-co-the-khien-anh-tro-lai-thanh-ke-om-yeu-cua-chau-au\/"},"author":{"name":"favorite-news","@id":"https:\/\/favorite-news.com\/vi\/#\/schema\/person\/b91573b717dcfa5e4696032a9d28d3e8"},"headline":"Brexit c\u00f3 th\u1ec3 khi\u1ebfn Anh tr\u1edf l\u1ea1i th\u00e0nh &#8220;k\u1ebb \u1ed1m y\u1ebfu c\u1ee7a ch\u00e2u \u00c2u&#8221;","datePublished":"2019-09-21T06:45:50+00:00","dateModified":"2019-09-21T06:45:52+00:00","mainEntityOfPage":{"@id":"https:\/\/favorite-news.com\/vi\/brexit-co-the-khien-anh-tro-lai-thanh-ke-om-yeu-cua-chau-au\/"},"wordCount":1146,"commentCount":0,"image":{"@id":"https:\/\/favorite-news.com\/vi\/brexit-co-the-khien-anh-tro-lai-thanh-ke-om-yeu-cua-chau-au\/#primaryimage"},"thumbnailUrl":"https:\/\/favorite-news.com\/vi\/wp-content\/uploads\/sites\/5\/2019\/09\/Brexit-c\u00f3-th\u1ec3-khi\u1ebfn-Anh-tr\u1edf-l\u1ea1i-th\u00e0nh-k\u1ebb-\u1ed1m.jpg","articleSection":["B\u1ea2N TIN T\u00c0I CH\u00cdNH"],"inLanguage":"vi","potentialAction":[{"@type":"CommentAction","name":"Comment","target":["https:\/\/favorite-news.com\/vi\/brexit-co-the-khien-anh-tro-lai-thanh-ke-om-yeu-cua-chau-au\/#respond"]}]},{"@type":"WebPage","@id":"https:\/\/favorite-news.com\/vi\/brexit-co-the-khien-anh-tro-lai-thanh-ke-om-yeu-cua-chau-au\/","url":"https:\/\/favorite-news.com\/vi\/brexit-co-the-khien-anh-tro-lai-thanh-ke-om-yeu-cua-chau-au\/","name":"Brexit c\u00f3 th\u1ec3 khi\u1ebfn Anh tr\u1edf l\u1ea1i th\u00e0nh \"k\u1ebb \u1ed1m y\u1ebfu c\u1ee7a ch\u00e2u \u00c2u\" - Favorite News","isPartOf":{"@id":"https:\/\/favorite-news.com\/vi\/#website"},"primaryImageOfPage":{"@id":"https:\/\/favorite-news.com\/vi\/brexit-co-the-khien-anh-tro-lai-thanh-ke-om-yeu-cua-chau-au\/#primaryimage"},"image":{"@id":"https:\/\/favorite-news.com\/vi\/brexit-co-the-khien-anh-tro-lai-thanh-ke-om-yeu-cua-chau-au\/#primaryimage"},"thumbnailUrl":"https:\/\/favorite-news.com\/vi\/wp-content\/uploads\/sites\/5\/2019\/09\/Brexit-c\u00f3-th\u1ec3-khi\u1ebfn-Anh-tr\u1edf-l\u1ea1i-th\u00e0nh-k\u1ebb-\u1ed1m.jpg","datePublished":"2019-09-21T06:45:50+00:00","dateModified":"2019-09-21T06:45:52+00:00","author":{"@id":"https:\/\/favorite-news.com\/vi\/#\/schema\/person\/b91573b717dcfa5e4696032a9d28d3e8"},"breadcrumb":{"@id":"https:\/\/favorite-news.com\/vi\/brexit-co-the-khien-anh-tro-lai-thanh-ke-om-yeu-cua-chau-au\/#breadcrumb"},"inLanguage":"vi","potentialAction":[{"@type":"ReadAction","target":["https:\/\/favorite-news.com\/vi\/brexit-co-the-khien-anh-tro-lai-thanh-ke-om-yeu-cua-chau-au\/"]}]},{"@type":"ImageObject","inLanguage":"vi","@id":"https:\/\/favorite-news.com\/vi\/brexit-co-the-khien-anh-tro-lai-thanh-ke-om-yeu-cua-chau-au\/#primaryimage","url":"https:\/\/favorite-news.com\/vi\/wp-content\/uploads\/sites\/5\/2019\/09\/Brexit-c\u00f3-th\u1ec3-khi\u1ebfn-Anh-tr\u1edf-l\u1ea1i-th\u00e0nh-k\u1ebb-\u1ed1m.jpg","contentUrl":"https:\/\/favorite-news.com\/vi\/wp-content\/uploads\/sites\/5\/2019\/09\/Brexit-c\u00f3-th\u1ec3-khi\u1ebfn-Anh-tr\u1edf-l\u1ea1i-th\u00e0nh-k\u1ebb-\u1ed1m.jpg","width":600,"height":315,"caption":"Brexit c\u00f3 th\u1ec3 khi\u1ebfn Anh tr\u1edf l\u1ea1i th\u00e0nh \"k\u1ebb \u1ed1m y\u1ebfu c\u1ee7a ch\u00e2u \u00c2u\""},{"@type":"BreadcrumbList","@id":"https:\/\/favorite-news.com\/vi\/brexit-co-the-khien-anh-tro-lai-thanh-ke-om-yeu-cua-chau-au\/#breadcrumb","itemListElement":[{"@type":"ListItem","position":1,"name":"Home","item":"https:\/\/favorite-news.com\/vi\/"},{"@type":"ListItem","position":2,"name":"Brexit c\u00f3 th\u1ec3 khi\u1ebfn Anh tr\u1edf l\u1ea1i th\u00e0nh &#8220;k\u1ebb \u1ed1m y\u1ebfu c\u1ee7a ch\u00e2u \u00c2u&#8221;"}]},{"@type":"WebSite","@id":"https:\/\/favorite-news.com\/vi\/#website","url":"https:\/\/favorite-news.com\/vi\/","name":"Favorite News","description":"Favorite News Vi\u1ec7t Nam","potentialAction":[{"@type":"SearchAction","target":{"@type":"EntryPoint","urlTemplate":"https:\/\/favorite-news.com\/vi\/?s={search_term_string}"},"query-input":{"@type":"PropertyValueSpecification","valueRequired":true,"valueName":"search_term_string"}}],"inLanguage":"vi"},{"@type":"Person","@id":"https:\/\/favorite-news.com\/vi\/#\/schema\/person\/b91573b717dcfa5e4696032a9d28d3e8","name":"favorite-news","image":{"@type":"ImageObject","inLanguage":"vi","@id":"https:\/\/secure.gravatar.com\/avatar\/6c5a5cb12b74e9d517ee91cf570335b7d16177f1977cc91db161adfa435945a7?s=96&d=mm&r=g","url":"https:\/\/secure.gravatar.com\/avatar\/6c5a5cb12b74e9d517ee91cf570335b7d16177f1977cc91db161adfa435945a7?s=96&d=mm&r=g","contentUrl":"https:\/\/secure.gravatar.com\/avatar\/6c5a5cb12b74e9d517ee91cf570335b7d16177f1977cc91db161adfa435945a7?s=96&d=mm&r=g","caption":"favorite-news"},"url":"https:\/\/favorite-news.com\/vi\/author\/pt\/"}]}},"_links":{"self":[{"href":"https:\/\/favorite-news.com\/vi\/wp-json\/wp\/v2\/posts\/5679","targetHints":{"allow":["GET"]}}],"collection":[{"href":"https:\/\/favorite-news.com\/vi\/wp-json\/wp\/v2\/posts"}],"about":[{"href":"https:\/\/favorite-news.com\/vi\/wp-json\/wp\/v2\/types\/post"}],"author":[{"embeddable":true,"href":"https:\/\/favorite-news.com\/vi\/wp-json\/wp\/v2\/users\/2"}],"replies":[{"embeddable":true,"href":"https:\/\/favorite-news.com\/vi\/wp-json\/wp\/v2\/comments?post=5679"}],"version-history":[{"count":1,"href":"https:\/\/favorite-news.com\/vi\/wp-json\/wp\/v2\/posts\/5679\/revisions"}],"predecessor-version":[{"id":5681,"href":"https:\/\/favorite-news.com\/vi\/wp-json\/wp\/v2\/posts\/5679\/revisions\/5681"}],"wp:featuredmedia":[{"embeddable":true,"href":"https:\/\/favorite-news.com\/vi\/wp-json\/wp\/v2\/media\/5680"}],"wp:attachment":[{"href":"https:\/\/favorite-news.com\/vi\/wp-json\/wp\/v2\/media?parent=5679"}],"wp:term":[{"taxonomy":"category","embeddable":true,"href":"https:\/\/favorite-news.com\/vi\/wp-json\/wp\/v2\/categories?post=5679"},{"taxonomy":"post_tag","embeddable":true,"href":"https:\/\/favorite-news.com\/vi\/wp-json\/wp\/v2\/tags?post=5679"}],"curies":[{"name":"wp","href":"https:\/\/api.w.org\/{rel}","templated":true}]}}