{"id":2685,"date":"2019-07-09T17:29:55","date_gmt":"2019-07-09T14:29:55","guid":{"rendered":"https:\/\/favorite-news.com\/vi\/emirates-lay-dao-mo-trau-de-giet-ga-dung-airbus-a380-cho-chang-bay-sieu-ngan\/"},"modified":"2019-07-09T17:29:57","modified_gmt":"2019-07-09T14:29:57","slug":"emirates-lay-dao-mo-trau-de-giet-ga-dung-airbus-a380-cho-chang-bay-sieu-ngan","status":"publish","type":"post","link":"https:\/\/favorite-news.com\/vi\/emirates-lay-dao-mo-trau-de-giet-ga-dung-airbus-a380-cho-chang-bay-sieu-ngan\/","title":{"rendered":"Emirates l\u1ea5y &#8220;dao m\u1ed5 tr\u00e2u \u0111\u1ec3 gi\u1ebft g\u00e0&#8221;, d\u00f9ng Airbus A380 cho ch\u1eb7ng bay si\u00eau ng\u1eafn"},"content":{"rendered":"<p> [ad_1]<br \/>\n<\/p>\n<div id=\"mainContent\">&#13;<\/p>\n<p>Emirates, h\u00e3ng h\u00e0ng kh\u00f4ng qu\u1ed1c gia c\u1ee7a C\u00e1c Ti\u1ec3u v\u01b0\u01a1ng qu\u1ed1c \u1ea2 r\u1eadp Th\u1ed1ng nh\u1ea5t, v\u1eeba x\u00e1c l\u1eadp k\u1ef7 l\u1ee5c th\u1ebf gi\u1edbi v\u1edbi \u0111\u01b0\u1eddng bay th\u01b0\u01a1ng m\u1ea1i ng\u1eafn nh\u1ea5t s\u1eed d\u1ee5ng si\u00eau m\u00e1y bay ch\u1edf kh\u00e1ch Airbus A380. Theo \u0111\u00f3, ch\u1eb7ng bay t\u1eeb Dubai \u0111\u1ebfn Muscat \u1edf Oman v\u00e0 ng\u01b0\u1ee3c l\u1ea1i, v\u1edbi kho\u1ea3ng c\u00e1ch 340 km, s\u1ebd ch\u1ec9 t\u1ed1n h\u1ebft 41 ph\u00fat bay.<\/p>\n<p>Theo tuy\u00ean b\u1ed1 ch\u00ednh th\u1ee9c c\u1ee7a Emirates, ch\u1eb7ng bay n\u00e0y c\u00f2n ng\u1eafn h\u01a1n nhi\u1ec1u so v\u1edbi t\u1ed5ng chi\u1ec1u d\u00e0i c\u1ee7a s\u1ed1 d\u00e2y \u0111i\u1ec7n \u0111\u01b0\u1ee3c d\u00f9ng tr\u00ean m\u1ed9t chi\u1ebfc A380. C\u1ee5 th\u1ec3, l\u01b0\u1ee3ng d\u00e2y \u0111i\u1ec7n c\u1ea7n thi\u1ebft cho chi\u1ebfc m\u00e1y bay ch\u1edf kh\u00e1ch th\u00e2n r\u1ed9ng n\u00e0y d\u00e0i 500 km, nhi\u1ec1u h\u01a1n 160 km so v\u1edbi ch\u1eb7ng bay n\u00f3 th\u1ef1c hi\u1ec7n t\u1eeb Dubai \u0111\u1ebfn Muscat v\u00e0 ng\u01b0\u1ee3c l\u1ea1i.  <\/p>\n<p>Theo k\u1ebf ho\u1ea1ch, Emirates s\u1ebd khai th\u00e1c \u0111\u01b0\u1eddng bay n\u00e0y 2 l\u1ea7n m\u1ed9t ng\u00e0y cho t\u1edbi th\u00e1ng 9\/2020. \u0110\u00e2y c\u0169ng l\u00e0 ch\u1eb7ng bay ng\u1eafn nh\u1ea5t tr\u00ean th\u1ebf gi\u1edbi s\u1eed d\u1ee5ng m\u00e1y bay Airbus A380. Th\u00f4ng th\u01b0\u1eddng, m\u1ed9t \u0111\u1ed9i 42 ng\u01b0\u1eddi ph\u1ea3i m\u1ea5t t\u1edbi 36 ph\u00fat \u0111\u1ec3 l\u00e0m s\u1ea1ch chi\u1ebfc m\u00e1y bay sau m\u1ed7i l\u1ea7n s\u1eed d\u1ee5ng, t\u1ee9c l\u00e0 \u00edt h\u01a1n 5 ph\u00fat so v\u1edbi th\u1eddi gian bay c\u1ee7a h\u00e0nh tr\u00ecnh n\u00e0y.  <\/p>\n<p>C\u0169ng theo Emirates, m\u1ed9t h\u00e0nh kh\u00e1ch c\u1ea7n bay 3.000 l\u1ea7n \u0111\u1ec3 c\u00f3 th\u1ec3 th\u01b0\u1edfng th\u1ee9c h\u1ebft to\u00e0n b\u1ed9 h\u1ec7 th\u1ed1ng gi\u1ea3i tr\u00ed c\u00f3 tr\u00ean m\u00e1y bay. T\u1ea5t c\u1ea3 phi c\u01a1 \u0111\u01b0\u1ee3c d\u00f9ng cho h\u00e0nh tr\u00ecnh n\u00e0y \u0111\u1ec1u c\u00f3 3 h\u1ea1ng v\u1edbi 429 gh\u1ebf \u1edf khoang ph\u1ed5 th\u00f4ng, 76 gh\u1ebf \u1edf khoang th\u01b0\u01a1ng gia v\u00e0 14 gh\u1ebf \u1edf khoang h\u1ea1ng nh\u1ea5t.  <\/p>\n<p>Hi\u1ec7n t\u1ea1i, Emirates c\u0169ng l\u00e0 m\u1ed9t trong nh\u1eefng h\u00e0ng h\u00e0ng kh\u00f4ng s\u1eed d\u1ee5ng nhi\u1ec1u A380 nh\u1ea5t tr\u00ean th\u1ebf gi\u1edbi v\u1edbi 111 chi\u1ebfc, th\u1ef1c hi\u1ec7n 57 \u0111\u01b0\u1eddng bay b\u1eaft \u0111\u1ea7u t\u1eeb Dubai. T\u1edbi n\u0103m 2021, Emirates s\u1ebd c\u00f3 th\u00eam 12 m\u00e1y bay lo\u1ea1i n\u00e0y. \u0110\u00e2y c\u0169ng l\u00e0 th\u1eddi \u0111i\u1ec3m m\u00e0 Airbus ng\u1eebng s\u1ea3n xu\u1ea5t A380 v\u00ec thi\u1ebfu \u0111\u01a1n \u0111\u1eb7t h\u00e0ng.  <\/p>\n<p>Airbus A380 hi\u1ec7n l\u00e0 m\u1eabu m\u00e1y bay ch\u1edf kh\u00e1ch l\u1edbn nh\u1ea5t th\u1ebf gi\u1edbi. N\u00f3 ch\u00ednh th\u1ee9c \u0111\u01b0\u1ee3c \u0111\u01b0a v\u00e0o khai th\u00e1c th\u01b0\u01a1ng m\u1ea1i th\u00e1ng 10\/2017 v\u1edbi h\u00e3ng h\u00e0ng kh\u00f4ng Singapore Airlines. Chi\u1ebfc phi c\u01a1 n\u00e0y c\u00f3 di\u1ec7n t\u00edch s\u1eed d\u1ee5ng l\u00ean t\u1edbi 550 m2, nhi\u1ec1u h\u01a1n 40% so v\u1edbi \u0111\u1ed1i th\u1ee7 x\u1ebfp ngay sau n\u00f3 l\u00e0 Boeing 747-8. N\u1ebfu trang b\u1ecb to\u00e0n b\u1ed9 gh\u1ebf ph\u1ed5 th\u00f4ng, chi\u1ebfc m\u00e1y bay n\u00e0y c\u00f3 th\u1ec3 ch\u1edf \u0111\u01b0\u1ee3c t\u1ed1i \u0111a 853 ng\u01b0\u1eddi.  <\/p>\n<p>V\u1edbi 4 \u0111\u1ed9ng c\u01a1 ph\u1ea3n l\u1ef1c \u0111\u01b0\u1ee3c b\u1ed1 tr\u00ed \u0111\u1ec1u d\u01b0\u1edbi 2 c\u00e1nh, chi\u1ebfc m\u00e1y bay c\u00f3 th\u1ec3 di chuy\u1ec3n v\u1edbi v\u1eadn t\u1ed1c Mach 0,85, t\u01b0\u01a1ng \u0111\u01b0\u01a1ng 1.050 km\/h v\u1edbi tr\u1ea7n bay 13.100m. T\u1ea7m ho\u1ea1t \u0111\u1ed9ng c\u1ee7a m\u1ed9t chi\u1ebfc Airbus A380 l\u00e0 16.000 km, t\u01b0\u01a1ng \u0111\u01b0\u01a1ng g\u1ea7n m\u1ed9t n\u1eeda v\u00f2ng tr\u00e1i \u0111\u1ea5t n\u1ebfu t\u00ednh theo x\u00edch \u0111\u1ea1o. N\u00f3 nhi\u1ec1u h\u01a1n r\u1ea5t nhi\u1ec1u so v\u1edbi \u0111\u01b0\u1eddng bay 340 km v\u00e0 Emirates v\u1eeba khai th\u00e1c.  <\/p>\n<p>T\u00ednh t\u1edbi cu\u1ed1i th\u00e1ng 5\/2019, c\u00f3 237 chi\u1ebfc A380 \u0111\u01b0\u1ee3c Airbus s\u1ea3n xu\u1ea5t v\u1edbi \u0111\u01a1n gi\u00e1 kho\u1ea3ng 445,6 tri\u1ec7u USD\/chi\u1ebfc. Tuy nhi\u00ean, do k\u00edch th\u01b0\u1edbc qu\u00e1 l\u1edbn n\u00ean A380 th\u01b0\u1eddng ch\u1ec9 \u0111\u01b0\u1ee3c ph\u1ee5c v\u1ee5 cho nh\u1eefng \u0111\u01b0\u1eddng bay d\u00e0i v\u00e0 nhi\u1ec1u h\u00e0nh kh\u00e1ch. \u0110\u00f3 c\u0169ng ch\u00ednh l\u00e0 h\u1ea1n ch\u1ebf khi\u1ebfn kh\u00f4ng nhi\u1ec1u h\u00e3ng h\u00e0ng kh\u00f4ng tr\u00ean th\u1ebf gi\u1edbi m\u1eb7n m\u00e0 v\u1edbi g\u00e3 kh\u1ed5ng l\u1ed3 n\u00e0y.  <\/p>\n<\/div>\n<p>[ad_2]<br \/>\n<br \/><a href=\"http:\/\/cafef.vn\/emirates-lay-dao-mo-trau-de-giet-ga-dung-airbus-a380-cho-chang-bay-sieu-ngan-20190709160723406.chn\">Source link <\/a><\/p>\n","protected":false},"excerpt":{"rendered":"<p>[ad_1] &#13; Emirates, h\u00e3ng h\u00e0ng kh\u00f4ng qu\u1ed1c gia c\u1ee7a C\u00e1c Ti\u1ec3u v\u01b0\u01a1ng qu\u1ed1c \u1ea2 r\u1eadp Th\u1ed1ng nh\u1ea5t, v\u1eeba x\u00e1c l\u1eadp k\u1ef7 l\u1ee5c th\u1ebf gi\u1edbi v\u1edbi \u0111\u01b0\u1eddng bay th\u01b0\u01a1ng m\u1ea1i ng\u1eafn nh\u1ea5t s\u1eed d\u1ee5ng si\u00eau m\u00e1y bay ch\u1edf kh\u00e1ch Airbus A380. Theo \u0111\u00f3, ch\u1eb7ng bay t\u1eeb Dubai \u0111\u1ebfn Muscat \u1edf Oman v\u00e0 ng\u01b0\u1ee3c l\u1ea1i, v\u1edbi kho\u1ea3ng [&hellip;]<\/p>\n","protected":false},"author":2,"featured_media":2686,"comment_status":"open","ping_status":"open","sticky":false,"template":"","format":"standard","meta":{"footnotes":""},"categories":[1],"tags":[],"class_list":["post-2685","post","type-post","status-publish","format-standard","has-post-thumbnail","hentry","category-ban-tin-tai-chinh"],"yoast_head":"<!-- This site is optimized with the Yoast SEO plugin v27.4 - https:\/\/yoast.com\/product\/yoast-seo-wordpress\/ -->\n<title>Emirates l\u1ea5y &quot;dao m\u1ed5 tr\u00e2u \u0111\u1ec3 gi\u1ebft g\u00e0&quot;, d\u00f9ng Airbus A380 cho ch\u1eb7ng bay si\u00eau ng\u1eafn - Favorite News<\/title>\n<meta name=\"robots\" content=\"index, follow, max-snippet:-1, max-image-preview:large, max-video-preview:-1\" \/>\n<link rel=\"canonical\" href=\"https:\/\/favorite-news.com\/vi\/emirates-lay-dao-mo-trau-de-giet-ga-dung-airbus-a380-cho-chang-bay-sieu-ngan\/\" \/>\n<meta property=\"og:locale\" content=\"vi_VN\" \/>\n<meta property=\"og:type\" content=\"article\" \/>\n<meta property=\"og:title\" content=\"Emirates l\u1ea5y &quot;dao m\u1ed5 tr\u00e2u \u0111\u1ec3 gi\u1ebft g\u00e0&quot;, d\u00f9ng Airbus A380 cho ch\u1eb7ng bay si\u00eau ng\u1eafn - Favorite News\" \/>\n<meta property=\"og:description\" content=\"[ad_1] &#013; Emirates, h\u00e3ng h\u00e0ng kh\u00f4ng qu\u1ed1c gia c\u1ee7a C\u00e1c Ti\u1ec3u v\u01b0\u01a1ng qu\u1ed1c \u1ea2 r\u1eadp Th\u1ed1ng nh\u1ea5t, v\u1eeba x\u00e1c l\u1eadp k\u1ef7 l\u1ee5c th\u1ebf gi\u1edbi v\u1edbi \u0111\u01b0\u1eddng bay th\u01b0\u01a1ng m\u1ea1i ng\u1eafn nh\u1ea5t s\u1eed d\u1ee5ng si\u00eau m\u00e1y bay ch\u1edf kh\u00e1ch Airbus A380. Theo \u0111\u00f3, ch\u1eb7ng bay t\u1eeb Dubai \u0111\u1ebfn Muscat \u1edf Oman v\u00e0 ng\u01b0\u1ee3c l\u1ea1i, v\u1edbi kho\u1ea3ng [&hellip;]\" \/>\n<meta property=\"og:url\" content=\"https:\/\/favorite-news.com\/vi\/emirates-lay-dao-mo-trau-de-giet-ga-dung-airbus-a380-cho-chang-bay-sieu-ngan\/\" \/>\n<meta property=\"og:site_name\" content=\"Favorite News\" \/>\n<meta property=\"article:published_time\" content=\"2019-07-09T14:29:55+00:00\" \/>\n<meta property=\"article:modified_time\" content=\"2019-07-09T14:29:57+00:00\" \/>\n<meta property=\"og:image\" content=\"https:\/\/favorite-news.com\/vi\/wp-content\/uploads\/sites\/5\/2019\/07\/Emirates-l\u1ea5y-dao-m\u1ed5-tr\u00e2u-\u0111\u1ec3-gi\u1ebft-g\u00e0-d\u00f9ng-Airbus.jpg\" \/>\n\t<meta property=\"og:image:width\" content=\"600\" \/>\n\t<meta property=\"og:image:height\" content=\"315\" \/>\n\t<meta property=\"og:image:type\" content=\"image\/jpeg\" \/>\n<meta name=\"author\" content=\"favorite-news\" \/>\n<meta name=\"twitter:card\" content=\"summary_large_image\" \/>\n<meta name=\"twitter:label1\" content=\"\u0110\u01b0\u1ee3c vi\u1ebft b\u1edfi\" \/>\n\t<meta name=\"twitter:data1\" content=\"favorite-news\" \/>\n\t<meta name=\"twitter:label2\" content=\"\u01af\u1edbc t\u00ednh th\u1eddi gian \u0111\u1ecdc\" \/>\n\t<meta name=\"twitter:data2\" content=\"4 ph\u00fat\" \/>\n<script type=\"application\/ld+json\" class=\"yoast-schema-graph\">{\"@context\":\"https:\\\/\\\/schema.org\",\"@graph\":[{\"@type\":\"Article\",\"@id\":\"https:\\\/\\\/favorite-news.com\\\/vi\\\/emirates-lay-dao-mo-trau-de-giet-ga-dung-airbus-a380-cho-chang-bay-sieu-ngan\\\/#article\",\"isPartOf\":{\"@id\":\"https:\\\/\\\/favorite-news.com\\\/vi\\\/emirates-lay-dao-mo-trau-de-giet-ga-dung-airbus-a380-cho-chang-bay-sieu-ngan\\\/\"},\"author\":{\"name\":\"favorite-news\",\"@id\":\"https:\\\/\\\/favorite-news.com\\\/vi\\\/#\\\/schema\\\/person\\\/b91573b717dcfa5e4696032a9d28d3e8\"},\"headline\":\"Emirates l\u1ea5y &#8220;dao m\u1ed5 tr\u00e2u \u0111\u1ec3 gi\u1ebft g\u00e0&#8221;, d\u00f9ng Airbus A380 cho ch\u1eb7ng bay si\u00eau ng\u1eafn\",\"datePublished\":\"2019-07-09T14:29:55+00:00\",\"dateModified\":\"2019-07-09T14:29:57+00:00\",\"mainEntityOfPage\":{\"@id\":\"https:\\\/\\\/favorite-news.com\\\/vi\\\/emirates-lay-dao-mo-trau-de-giet-ga-dung-airbus-a380-cho-chang-bay-sieu-ngan\\\/\"},\"wordCount\":806,\"commentCount\":0,\"image\":{\"@id\":\"https:\\\/\\\/favorite-news.com\\\/vi\\\/emirates-lay-dao-mo-trau-de-giet-ga-dung-airbus-a380-cho-chang-bay-sieu-ngan\\\/#primaryimage\"},\"thumbnailUrl\":\"https:\\\/\\\/favorite-news.com\\\/vi\\\/wp-content\\\/uploads\\\/sites\\\/5\\\/2019\\\/07\\\/Emirates-l\u1ea5y-dao-m\u1ed5-tr\u00e2u-\u0111\u1ec3-gi\u1ebft-g\u00e0-d\u00f9ng-Airbus.jpg\",\"articleSection\":[\"B\u1ea2N TIN T\u00c0I CH\u00cdNH\"],\"inLanguage\":\"vi\",\"potentialAction\":[{\"@type\":\"CommentAction\",\"name\":\"Comment\",\"target\":[\"https:\\\/\\\/favorite-news.com\\\/vi\\\/emirates-lay-dao-mo-trau-de-giet-ga-dung-airbus-a380-cho-chang-bay-sieu-ngan\\\/#respond\"]}]},{\"@type\":\"WebPage\",\"@id\":\"https:\\\/\\\/favorite-news.com\\\/vi\\\/emirates-lay-dao-mo-trau-de-giet-ga-dung-airbus-a380-cho-chang-bay-sieu-ngan\\\/\",\"url\":\"https:\\\/\\\/favorite-news.com\\\/vi\\\/emirates-lay-dao-mo-trau-de-giet-ga-dung-airbus-a380-cho-chang-bay-sieu-ngan\\\/\",\"name\":\"Emirates l\u1ea5y \\\"dao m\u1ed5 tr\u00e2u \u0111\u1ec3 gi\u1ebft g\u00e0\\\", d\u00f9ng Airbus A380 cho ch\u1eb7ng bay si\u00eau ng\u1eafn - Favorite News\",\"isPartOf\":{\"@id\":\"https:\\\/\\\/favorite-news.com\\\/vi\\\/#website\"},\"primaryImageOfPage\":{\"@id\":\"https:\\\/\\\/favorite-news.com\\\/vi\\\/emirates-lay-dao-mo-trau-de-giet-ga-dung-airbus-a380-cho-chang-bay-sieu-ngan\\\/#primaryimage\"},\"image\":{\"@id\":\"https:\\\/\\\/favorite-news.com\\\/vi\\\/emirates-lay-dao-mo-trau-de-giet-ga-dung-airbus-a380-cho-chang-bay-sieu-ngan\\\/#primaryimage\"},\"thumbnailUrl\":\"https:\\\/\\\/favorite-news.com\\\/vi\\\/wp-content\\\/uploads\\\/sites\\\/5\\\/2019\\\/07\\\/Emirates-l\u1ea5y-dao-m\u1ed5-tr\u00e2u-\u0111\u1ec3-gi\u1ebft-g\u00e0-d\u00f9ng-Airbus.jpg\",\"datePublished\":\"2019-07-09T14:29:55+00:00\",\"dateModified\":\"2019-07-09T14:29:57+00:00\",\"author\":{\"@id\":\"https:\\\/\\\/favorite-news.com\\\/vi\\\/#\\\/schema\\\/person\\\/b91573b717dcfa5e4696032a9d28d3e8\"},\"breadcrumb\":{\"@id\":\"https:\\\/\\\/favorite-news.com\\\/vi\\\/emirates-lay-dao-mo-trau-de-giet-ga-dung-airbus-a380-cho-chang-bay-sieu-ngan\\\/#breadcrumb\"},\"inLanguage\":\"vi\",\"potentialAction\":[{\"@type\":\"ReadAction\",\"target\":[\"https:\\\/\\\/favorite-news.com\\\/vi\\\/emirates-lay-dao-mo-trau-de-giet-ga-dung-airbus-a380-cho-chang-bay-sieu-ngan\\\/\"]}]},{\"@type\":\"ImageObject\",\"inLanguage\":\"vi\",\"@id\":\"https:\\\/\\\/favorite-news.com\\\/vi\\\/emirates-lay-dao-mo-trau-de-giet-ga-dung-airbus-a380-cho-chang-bay-sieu-ngan\\\/#primaryimage\",\"url\":\"https:\\\/\\\/favorite-news.com\\\/vi\\\/wp-content\\\/uploads\\\/sites\\\/5\\\/2019\\\/07\\\/Emirates-l\u1ea5y-dao-m\u1ed5-tr\u00e2u-\u0111\u1ec3-gi\u1ebft-g\u00e0-d\u00f9ng-Airbus.jpg\",\"contentUrl\":\"https:\\\/\\\/favorite-news.com\\\/vi\\\/wp-content\\\/uploads\\\/sites\\\/5\\\/2019\\\/07\\\/Emirates-l\u1ea5y-dao-m\u1ed5-tr\u00e2u-\u0111\u1ec3-gi\u1ebft-g\u00e0-d\u00f9ng-Airbus.jpg\",\"width\":600,\"height\":315,\"caption\":\"Emirates l\u1ea5y \\\"dao m\u1ed5 tr\u00e2u \u0111\u1ec3 gi\u1ebft g\u00e0\\\", d\u00f9ng Airbus A380 cho ch\u1eb7ng bay si\u00eau ng\u1eafn\"},{\"@type\":\"BreadcrumbList\",\"@id\":\"https:\\\/\\\/favorite-news.com\\\/vi\\\/emirates-lay-dao-mo-trau-de-giet-ga-dung-airbus-a380-cho-chang-bay-sieu-ngan\\\/#breadcrumb\",\"itemListElement\":[{\"@type\":\"ListItem\",\"position\":1,\"name\":\"Home\",\"item\":\"https:\\\/\\\/favorite-news.com\\\/vi\\\/\"},{\"@type\":\"ListItem\",\"position\":2,\"name\":\"Emirates l\u1ea5y &#8220;dao m\u1ed5 tr\u00e2u \u0111\u1ec3 gi\u1ebft g\u00e0&#8221;, d\u00f9ng Airbus A380 cho ch\u1eb7ng bay si\u00eau ng\u1eafn\"}]},{\"@type\":\"WebSite\",\"@id\":\"https:\\\/\\\/favorite-news.com\\\/vi\\\/#website\",\"url\":\"https:\\\/\\\/favorite-news.com\\\/vi\\\/\",\"name\":\"Favorite News\",\"description\":\"Favorite News Vi\u1ec7t Nam\",\"potentialAction\":[{\"@type\":\"SearchAction\",\"target\":{\"@type\":\"EntryPoint\",\"urlTemplate\":\"https:\\\/\\\/favorite-news.com\\\/vi\\\/?s={search_term_string}\"},\"query-input\":{\"@type\":\"PropertyValueSpecification\",\"valueRequired\":true,\"valueName\":\"search_term_string\"}}],\"inLanguage\":\"vi\"},{\"@type\":\"Person\",\"@id\":\"https:\\\/\\\/favorite-news.com\\\/vi\\\/#\\\/schema\\\/person\\\/b91573b717dcfa5e4696032a9d28d3e8\",\"name\":\"favorite-news\",\"image\":{\"@type\":\"ImageObject\",\"inLanguage\":\"vi\",\"@id\":\"https:\\\/\\\/secure.gravatar.com\\\/avatar\\\/6c5a5cb12b74e9d517ee91cf570335b7d16177f1977cc91db161adfa435945a7?s=96&d=mm&r=g\",\"url\":\"https:\\\/\\\/secure.gravatar.com\\\/avatar\\\/6c5a5cb12b74e9d517ee91cf570335b7d16177f1977cc91db161adfa435945a7?s=96&d=mm&r=g\",\"contentUrl\":\"https:\\\/\\\/secure.gravatar.com\\\/avatar\\\/6c5a5cb12b74e9d517ee91cf570335b7d16177f1977cc91db161adfa435945a7?s=96&d=mm&r=g\",\"caption\":\"favorite-news\"},\"url\":\"https:\\\/\\\/favorite-news.com\\\/vi\\\/author\\\/pt\\\/\"}]}<\/script>\n<!-- \/ Yoast SEO plugin. -->","yoast_head_json":{"title":"Emirates l\u1ea5y \"dao m\u1ed5 tr\u00e2u \u0111\u1ec3 gi\u1ebft g\u00e0\", d\u00f9ng Airbus A380 cho ch\u1eb7ng bay si\u00eau ng\u1eafn - Favorite News","robots":{"index":"index","follow":"follow","max-snippet":"max-snippet:-1","max-image-preview":"max-image-preview:large","max-video-preview":"max-video-preview:-1"},"canonical":"https:\/\/favorite-news.com\/vi\/emirates-lay-dao-mo-trau-de-giet-ga-dung-airbus-a380-cho-chang-bay-sieu-ngan\/","og_locale":"vi_VN","og_type":"article","og_title":"Emirates l\u1ea5y \"dao m\u1ed5 tr\u00e2u \u0111\u1ec3 gi\u1ebft g\u00e0\", d\u00f9ng Airbus A380 cho ch\u1eb7ng bay si\u00eau ng\u1eafn - Favorite News","og_description":"[ad_1] &#13; Emirates, h\u00e3ng h\u00e0ng kh\u00f4ng qu\u1ed1c gia c\u1ee7a C\u00e1c Ti\u1ec3u v\u01b0\u01a1ng qu\u1ed1c \u1ea2 r\u1eadp Th\u1ed1ng nh\u1ea5t, v\u1eeba x\u00e1c l\u1eadp k\u1ef7 l\u1ee5c th\u1ebf gi\u1edbi v\u1edbi \u0111\u01b0\u1eddng bay th\u01b0\u01a1ng m\u1ea1i ng\u1eafn nh\u1ea5t s\u1eed d\u1ee5ng si\u00eau m\u00e1y bay ch\u1edf kh\u00e1ch Airbus A380. Theo \u0111\u00f3, ch\u1eb7ng bay t\u1eeb Dubai \u0111\u1ebfn Muscat \u1edf Oman v\u00e0 ng\u01b0\u1ee3c l\u1ea1i, v\u1edbi kho\u1ea3ng [&hellip;]","og_url":"https:\/\/favorite-news.com\/vi\/emirates-lay-dao-mo-trau-de-giet-ga-dung-airbus-a380-cho-chang-bay-sieu-ngan\/","og_site_name":"Favorite News","article_published_time":"2019-07-09T14:29:55+00:00","article_modified_time":"2019-07-09T14:29:57+00:00","og_image":[{"width":600,"height":315,"url":"https:\/\/favorite-news.com\/vi\/wp-content\/uploads\/sites\/5\/2019\/07\/Emirates-l\u1ea5y-dao-m\u1ed5-tr\u00e2u-\u0111\u1ec3-gi\u1ebft-g\u00e0-d\u00f9ng-Airbus.jpg","type":"image\/jpeg"}],"author":"favorite-news","twitter_card":"summary_large_image","twitter_misc":{"\u0110\u01b0\u1ee3c vi\u1ebft b\u1edfi":"favorite-news","\u01af\u1edbc t\u00ednh th\u1eddi gian \u0111\u1ecdc":"4 ph\u00fat"},"schema":{"@context":"https:\/\/schema.org","@graph":[{"@type":"Article","@id":"https:\/\/favorite-news.com\/vi\/emirates-lay-dao-mo-trau-de-giet-ga-dung-airbus-a380-cho-chang-bay-sieu-ngan\/#article","isPartOf":{"@id":"https:\/\/favorite-news.com\/vi\/emirates-lay-dao-mo-trau-de-giet-ga-dung-airbus-a380-cho-chang-bay-sieu-ngan\/"},"author":{"name":"favorite-news","@id":"https:\/\/favorite-news.com\/vi\/#\/schema\/person\/b91573b717dcfa5e4696032a9d28d3e8"},"headline":"Emirates l\u1ea5y &#8220;dao m\u1ed5 tr\u00e2u \u0111\u1ec3 gi\u1ebft g\u00e0&#8221;, d\u00f9ng Airbus A380 cho ch\u1eb7ng bay si\u00eau ng\u1eafn","datePublished":"2019-07-09T14:29:55+00:00","dateModified":"2019-07-09T14:29:57+00:00","mainEntityOfPage":{"@id":"https:\/\/favorite-news.com\/vi\/emirates-lay-dao-mo-trau-de-giet-ga-dung-airbus-a380-cho-chang-bay-sieu-ngan\/"},"wordCount":806,"commentCount":0,"image":{"@id":"https:\/\/favorite-news.com\/vi\/emirates-lay-dao-mo-trau-de-giet-ga-dung-airbus-a380-cho-chang-bay-sieu-ngan\/#primaryimage"},"thumbnailUrl":"https:\/\/favorite-news.com\/vi\/wp-content\/uploads\/sites\/5\/2019\/07\/Emirates-l\u1ea5y-dao-m\u1ed5-tr\u00e2u-\u0111\u1ec3-gi\u1ebft-g\u00e0-d\u00f9ng-Airbus.jpg","articleSection":["B\u1ea2N TIN T\u00c0I CH\u00cdNH"],"inLanguage":"vi","potentialAction":[{"@type":"CommentAction","name":"Comment","target":["https:\/\/favorite-news.com\/vi\/emirates-lay-dao-mo-trau-de-giet-ga-dung-airbus-a380-cho-chang-bay-sieu-ngan\/#respond"]}]},{"@type":"WebPage","@id":"https:\/\/favorite-news.com\/vi\/emirates-lay-dao-mo-trau-de-giet-ga-dung-airbus-a380-cho-chang-bay-sieu-ngan\/","url":"https:\/\/favorite-news.com\/vi\/emirates-lay-dao-mo-trau-de-giet-ga-dung-airbus-a380-cho-chang-bay-sieu-ngan\/","name":"Emirates l\u1ea5y \"dao m\u1ed5 tr\u00e2u \u0111\u1ec3 gi\u1ebft g\u00e0\", d\u00f9ng Airbus A380 cho ch\u1eb7ng bay si\u00eau ng\u1eafn - Favorite News","isPartOf":{"@id":"https:\/\/favorite-news.com\/vi\/#website"},"primaryImageOfPage":{"@id":"https:\/\/favorite-news.com\/vi\/emirates-lay-dao-mo-trau-de-giet-ga-dung-airbus-a380-cho-chang-bay-sieu-ngan\/#primaryimage"},"image":{"@id":"https:\/\/favorite-news.com\/vi\/emirates-lay-dao-mo-trau-de-giet-ga-dung-airbus-a380-cho-chang-bay-sieu-ngan\/#primaryimage"},"thumbnailUrl":"https:\/\/favorite-news.com\/vi\/wp-content\/uploads\/sites\/5\/2019\/07\/Emirates-l\u1ea5y-dao-m\u1ed5-tr\u00e2u-\u0111\u1ec3-gi\u1ebft-g\u00e0-d\u00f9ng-Airbus.jpg","datePublished":"2019-07-09T14:29:55+00:00","dateModified":"2019-07-09T14:29:57+00:00","author":{"@id":"https:\/\/favorite-news.com\/vi\/#\/schema\/person\/b91573b717dcfa5e4696032a9d28d3e8"},"breadcrumb":{"@id":"https:\/\/favorite-news.com\/vi\/emirates-lay-dao-mo-trau-de-giet-ga-dung-airbus-a380-cho-chang-bay-sieu-ngan\/#breadcrumb"},"inLanguage":"vi","potentialAction":[{"@type":"ReadAction","target":["https:\/\/favorite-news.com\/vi\/emirates-lay-dao-mo-trau-de-giet-ga-dung-airbus-a380-cho-chang-bay-sieu-ngan\/"]}]},{"@type":"ImageObject","inLanguage":"vi","@id":"https:\/\/favorite-news.com\/vi\/emirates-lay-dao-mo-trau-de-giet-ga-dung-airbus-a380-cho-chang-bay-sieu-ngan\/#primaryimage","url":"https:\/\/favorite-news.com\/vi\/wp-content\/uploads\/sites\/5\/2019\/07\/Emirates-l\u1ea5y-dao-m\u1ed5-tr\u00e2u-\u0111\u1ec3-gi\u1ebft-g\u00e0-d\u00f9ng-Airbus.jpg","contentUrl":"https:\/\/favorite-news.com\/vi\/wp-content\/uploads\/sites\/5\/2019\/07\/Emirates-l\u1ea5y-dao-m\u1ed5-tr\u00e2u-\u0111\u1ec3-gi\u1ebft-g\u00e0-d\u00f9ng-Airbus.jpg","width":600,"height":315,"caption":"Emirates l\u1ea5y \"dao m\u1ed5 tr\u00e2u \u0111\u1ec3 gi\u1ebft g\u00e0\", d\u00f9ng Airbus A380 cho ch\u1eb7ng bay si\u00eau ng\u1eafn"},{"@type":"BreadcrumbList","@id":"https:\/\/favorite-news.com\/vi\/emirates-lay-dao-mo-trau-de-giet-ga-dung-airbus-a380-cho-chang-bay-sieu-ngan\/#breadcrumb","itemListElement":[{"@type":"ListItem","position":1,"name":"Home","item":"https:\/\/favorite-news.com\/vi\/"},{"@type":"ListItem","position":2,"name":"Emirates l\u1ea5y &#8220;dao m\u1ed5 tr\u00e2u \u0111\u1ec3 gi\u1ebft g\u00e0&#8221;, d\u00f9ng Airbus A380 cho ch\u1eb7ng bay si\u00eau ng\u1eafn"}]},{"@type":"WebSite","@id":"https:\/\/favorite-news.com\/vi\/#website","url":"https:\/\/favorite-news.com\/vi\/","name":"Favorite News","description":"Favorite News Vi\u1ec7t Nam","potentialAction":[{"@type":"SearchAction","target":{"@type":"EntryPoint","urlTemplate":"https:\/\/favorite-news.com\/vi\/?s={search_term_string}"},"query-input":{"@type":"PropertyValueSpecification","valueRequired":true,"valueName":"search_term_string"}}],"inLanguage":"vi"},{"@type":"Person","@id":"https:\/\/favorite-news.com\/vi\/#\/schema\/person\/b91573b717dcfa5e4696032a9d28d3e8","name":"favorite-news","image":{"@type":"ImageObject","inLanguage":"vi","@id":"https:\/\/secure.gravatar.com\/avatar\/6c5a5cb12b74e9d517ee91cf570335b7d16177f1977cc91db161adfa435945a7?s=96&d=mm&r=g","url":"https:\/\/secure.gravatar.com\/avatar\/6c5a5cb12b74e9d517ee91cf570335b7d16177f1977cc91db161adfa435945a7?s=96&d=mm&r=g","contentUrl":"https:\/\/secure.gravatar.com\/avatar\/6c5a5cb12b74e9d517ee91cf570335b7d16177f1977cc91db161adfa435945a7?s=96&d=mm&r=g","caption":"favorite-news"},"url":"https:\/\/favorite-news.com\/vi\/author\/pt\/"}]}},"_links":{"self":[{"href":"https:\/\/favorite-news.com\/vi\/wp-json\/wp\/v2\/posts\/2685","targetHints":{"allow":["GET"]}}],"collection":[{"href":"https:\/\/favorite-news.com\/vi\/wp-json\/wp\/v2\/posts"}],"about":[{"href":"https:\/\/favorite-news.com\/vi\/wp-json\/wp\/v2\/types\/post"}],"author":[{"embeddable":true,"href":"https:\/\/favorite-news.com\/vi\/wp-json\/wp\/v2\/users\/2"}],"replies":[{"embeddable":true,"href":"https:\/\/favorite-news.com\/vi\/wp-json\/wp\/v2\/comments?post=2685"}],"version-history":[{"count":1,"href":"https:\/\/favorite-news.com\/vi\/wp-json\/wp\/v2\/posts\/2685\/revisions"}],"predecessor-version":[{"id":2687,"href":"https:\/\/favorite-news.com\/vi\/wp-json\/wp\/v2\/posts\/2685\/revisions\/2687"}],"wp:featuredmedia":[{"embeddable":true,"href":"https:\/\/favorite-news.com\/vi\/wp-json\/wp\/v2\/media\/2686"}],"wp:attachment":[{"href":"https:\/\/favorite-news.com\/vi\/wp-json\/wp\/v2\/media?parent=2685"}],"wp:term":[{"taxonomy":"category","embeddable":true,"href":"https:\/\/favorite-news.com\/vi\/wp-json\/wp\/v2\/categories?post=2685"},{"taxonomy":"post_tag","embeddable":true,"href":"https:\/\/favorite-news.com\/vi\/wp-json\/wp\/v2\/tags?post=2685"}],"curies":[{"name":"wp","href":"https:\/\/api.w.org\/{rel}","templated":true}]}}