{"id":2676,"date":"2019-07-09T13:05:59","date_gmt":"2019-07-09T10:05:59","guid":{"rendered":"https:\/\/favorite-news.com\/vi\/mark-zuckerberg-tim-cook-khong-co-mat-trong-top-10-ceo-tot-nhat-tai-my\/"},"modified":"2019-07-09T13:05:59","modified_gmt":"2019-07-09T10:05:59","slug":"mark-zuckerberg-tim-cook-khong-co-mat-trong-top-10-ceo-tot-nhat-tai-my","status":"publish","type":"post","link":"https:\/\/favorite-news.com\/vi\/mark-zuckerberg-tim-cook-khong-co-mat-trong-top-10-ceo-tot-nhat-tai-my\/","title":{"rendered":"Mark Zuckerberg, Tim Cook kh\u00f4ng c\u00f3 m\u1eb7t trong top 10 CEO t\u1ed1t nh\u1ea5t t\u1ea1i M\u1ef9"},"content":{"rendered":"<p> [ad_1]<br \/>\n<\/p>\n<div id=\"mainContent\">&#13;<\/p>\n<p>Trang vi\u1ec7c l\u00e0m Glassdoor m\u1edbi \u0111\u00e2y c\u00f4ng b\u1ed1 danh s\u00e1ch gi\u00e1m \u0111\u1ed1c \u0111i\u1ec1u h\u00e0nh (CEO) t\u1ed1t nh\u1ea5t t\u1ea1i M\u1ef9 theo kh\u1ea3o s\u00e1t th\u01b0\u1eddng ni\u00ean d\u1ef1a tr\u00ean \u0111\u00e1nh gi\u00e1 c\u1ee7a h\u00e0ng ngh\u00ecn ng\u01b0\u1eddi lao \u0111\u1ed9ng tr\u00ean n\u1ec1n t\u1ea3ng n\u00e0y. <\/p>\n<p>Trong kh\u1ea3o s\u00e1t n\u00e0y, nh\u1eefng c\u00f4ng ty c\u00f3 t\u1eeb 1.000 nh\u00e2n vi\u00ean tr\u1edf l\u00ean v\u00e0 ph\u1ea3i nh\u1eadn \u0111\u01b0\u1ee3c \u00edt nh\u1ea5t 100 \u0111\u00e1nh gi\u00e1 trong kho\u1ea3ng th\u1eddi gian t\u1eeb 2\/5\/2018 \u0111\u1ebfn 1\/5\/2019, bao g\u1ed3m \u0111\u00e1nh gi\u00e1 CEO v\u00e0 ban l\u00e3nh \u0111\u1ea1o c\u1ea5p cao. C\u00f2n c\u00e1c c\u00f4ng ty nh\u1ecf v\u00e0 v\u1eeba, d\u01b0\u1edbi 1.000 nh\u00e2n vi\u00ean, ph\u1ea3i nh\u1eadn \u0111\u01b0\u1ee3c \u00edt nh\u1ea5t 35 \u0111\u00e1nh gi\u00e1 trong th\u1eddi gian tr\u00ean.<\/p>\n<p>Th\u1ed1ng k\u00ea c\u1ee7a Glassdoor cho th\u1ea5y, trong s\u1ed1 g\u1ea7n 900.000 \u0111\u00e1nh gi\u00e1 c\u1ee7a nh\u00e2n vi\u00ean, t\u1ef7 l\u1ec7 \u1ee7ng h\u1ed9 trung b\u00ecnh \u0111\u1ed1i v\u1edbi CEO l\u00e0 69%.<\/p>\n<p>Hai CEO \u0111\u00ecnh \u0111\u00e1m Mark Zuckerberg &#8211; c\u1ee7a Facebook v\u00e0 Tim Cook &#8211; c\u1ee7a Apple kh\u00f4ng c\u00f3 m\u1eb7t trong top 10 n\u0103m nay d\u00f9 lu\u00f4n l\u1ecdt v\u00e0o top 100 su\u1ed1t 7 n\u0103m qua. Zuckerberg t\u1ee5t t\u1eeb v\u1ecb tr\u00ed 16 n\u0103m ngo\u00e1i xu\u1ed1ng 55 c\u1ee7a n\u0103m nay, c\u00f2n Tim Cook t\u0103ng t\u1eeb v\u1ecb tr\u00ed 86 n\u0103m ngo\u00e1i l\u00ean 69 n\u0103m nay, theo CNBC.<\/p>\n<p><i>D\u01b0\u1edbi \u0111\u00e2y l\u00e0 10 CEO t\u1ed1t nh\u1ea5t t\u1ea1i M\u1ef9 n\u0103m 2019.<\/i><\/p>\n<p><b>10. Hubery Joly, Best Buy<\/b><\/p>\n<div class=\"VCSortableInPreviewMode active\" type=\"Photo\" style=\"\">\n<div><\/div>\n<div class=\"PhotoCMS_Caption\">\n<p data-placeholder=\"[nh\u1eadp ch\u00fa th\u00edch]\" class=\"\">T\u1ef7 l\u1ec7 \u1ee7ng h\u1ed9 CEO: 97%<\/p>\n<\/div>\n<\/div>\n<p>Theo \u0111\u00e1nh gi\u00e1 c\u1ee7a nh\u00e2n vi\u00ean Best Buy, ban l\u00e3nh \u0111\u1ea1o c\u00f4ng ty cho th\u1ea5y s\u1ef1 quan t\u00e2m th\u00f4ng qua ch\u1ebf \u0111\u1ed9 l\u01b0\u01a1ng th\u01b0\u1edfng v\u00e0 \u0111\u00e3i ng\u1ed9 t\u1ed1t, \u0111\u1ed3ng th\u1eddi li\u00ean t\u1ee5c xem x\u00e9t \u0111\u1ec3 mang l\u1ea1i tr\u1ea3i nghi\u1ec7m t\u1ed1t nh\u1ea5t cho nh\u00e2n vi\u00ean.<\/p>\n<p><b>9. Gary S. Guthart, Intuitive Surgical<\/b><\/p>\n<div class=\"VCSortableInPreviewMode active\" type=\"Photo\" style=\"\">\n<div><img decoding=\"async\" src=\"https:\/\/favorite-news.com\/vi\/wp-content\/uploads\/sites\/5\/2019\/07\/1562666754_481_Mark-Zuckerberg-Tim-Cook-khong-co-mat-trong-top-10.jpg\" id=\"img_869e7bd0-a21f-11e9-bb97-6d115d1f27d6\" w=\"1040\" h=\"693\" alt=\"Mark Zuckerberg, Tim Cook kh\u00f4ng c\u00f3 m\u1eb7t trong top 10 CEO t\u1ed1t nh\u1ea5t t\u1ea1i M\u1ef9 - \u1ea2nh 2.\" title=\"Mark Zuckerberg, Tim Cook kh\u00f4ng c\u00f3 m\u1eb7t trong top 10 CEO t\u1ed1t nh\u1ea5t t\u1ea1i M\u1ef9 - \u1ea2nh 2.\" rel=\"lightbox\" photoid=\"869e7bd0-a21f-11e9-bb97-6d115d1f27d6\" type=\"photo\" style=\"max-width:100%;\" data-original=\"http:\/\/cafefcdn.com\/2019\/7\/9\/photo-1-15626591882711940973603.jpg\" width=\"\" height=\"\"\/><\/div>\n<div class=\"PhotoCMS_Caption\">\n<p data-placeholder=\"[nh\u1eadp ch\u00fa th\u00edch]\" class=\"\">T\u1ef7 l\u1ec7 \u1ee7ng h\u1ed9 CEO: 97%<\/p>\n<\/div>\n<\/div>\n<p>Nh\u00e2n vi\u00ean c\u1ee7a Intuitive Surgical nh\u1eadn x\u00e9t c\u00f4ng ty c\u00f3 m\u1ee9c l\u01b0\u01a1ng c\u1ea1nh tranh, th\u01b0\u1eddng xuy\u00ean \u0111i\u1ec1u ch\u1ec9nh l\u01b0\u01a1ng th\u01b0\u1edfng \u0111\u1ec3 theo k\u1ecbp v\u1edbi ti\u00eau chu\u1ea9n c\u1ee7a Thung l\u0169ng Silicon, m\u00f4i tr\u01b0\u1eddng l\u00e0m vi\u1ec7c tuy\u1ec7t v\u1eddi v\u1edbi nhi\u1ec1u c\u01a1 h\u1ed9i \u0111\u1ec3 ph\u00e1t tri\u1ec3n c\u1ea3 c\u00e1 nh\u00e2n l\u1eabn s\u1ef1 nghi\u1ec7p.<\/p>\n<p><b>8. Jeff Weiner, LinkedIn<\/b><\/p>\n<div class=\"VCSortableInPreviewMode active\" type=\"Photo\" style=\"\">\n<div><img decoding=\"async\" src=\"https:\/\/favorite-news.com\/vi\/wp-content\/uploads\/sites\/5\/2019\/07\/Mark-Zuckerberg-Tim-Cook-khong-co-mat-trong-top-10.jpeg\" id=\"img_86d913d0-a21f-11e9-bd4e-6d936248031f\" w=\"1040\" h=\"693\" alt=\"Mark Zuckerberg, Tim Cook kh\u00f4ng c\u00f3 m\u1eb7t trong top 10 CEO t\u1ed1t nh\u1ea5t t\u1ea1i M\u1ef9 - \u1ea2nh 3.\" title=\"Mark Zuckerberg, Tim Cook kh\u00f4ng c\u00f3 m\u1eb7t trong top 10 CEO t\u1ed1t nh\u1ea5t t\u1ea1i M\u1ef9 - \u1ea2nh 3.\" rel=\"lightbox\" photoid=\"86d913d0-a21f-11e9-bd4e-6d936248031f\" type=\"photo\" style=\"max-width:100%;\" data-original=\"http:\/\/cafefcdn.com\/2019\/7\/9\/photo-2-15626591883191688402174.jpeg\" width=\"\" height=\"\"\/><\/div>\n<div class=\"PhotoCMS_Caption\">\n<p data-placeholder=\"[nh\u1eadp ch\u00fa th\u00edch]\" class=\"\">T\u1ef7 l\u1ec7 \u1ee7ng h\u1ed9 CEO: 97%<\/p>\n<\/div>\n<\/div>\n<p>Ban l\u00e3nh \u0111\u1ea1o c\u1ee7a LinkedIn \u0111\u01b0\u1ee3c nh\u1eadn x\u00e9t l\u00e0 lu\u00f4n s\u1eb5n s\u00e0ng \u0111i\u1ec1u ch\u1ec9nh \u0111\u1ec3 m\u1ecdi th\u1ee9 tr\u1edf n\u00ean t\u1ed1t h\u01a1n. N\u1ebfu ch\u00ednh s\u00e1ch m\u1edbi \u0111\u01b0a ra nh\u1eadn \u0111\u01b0\u1ee3c ph\u1ea3n h\u1ed3i ti\u00eau c\u1ef1c, h\u1ecd l\u1eadp t\u1ee9c \u0111i\u1ec1u ch\u1ec9nh m\u1ed9t c\u00e1ch minh b\u1ea1ch. Nh\u00e2n vi\u00ean c\u00f4ng ty cho bi\u1ebft khi doanh thu t\u1ed1t, ban l\u00e3nh \u0111\u1ea1o lu\u00f4n s\u1eed d\u1ee5ng k\u1ebft qu\u1ea3 \u0111\u00f3 m\u1ed9t c\u00e1ch hi\u1ec7u qu\u1ea3 \u0111\u1ec3 th\u00fac \u0111\u1ea9y tinh th\u1ea7n l\u00e0m vi\u1ec7c.<i\/><\/p>\n<p><b>7. Kevin Sneader, McKinsey &amp; Company<\/b><\/p>\n<div class=\"VCSortableInPreviewMode active\" type=\"Photo\" style=\"\">\n<div><img decoding=\"async\" src=\"https:\/\/favorite-news.com\/vi\/wp-content\/uploads\/sites\/5\/2019\/07\/1562666755_679_Mark-Zuckerberg-Tim-Cook-khong-co-mat-trong-top-10.jpeg\" id=\"img_86de43f0-a21f-11e9-b3ee-d9422bf87fe7\" w=\"1040\" h=\"693\" alt=\"Mark Zuckerberg, Tim Cook kh\u00f4ng c\u00f3 m\u1eb7t trong top 10 CEO t\u1ed1t nh\u1ea5t t\u1ea1i M\u1ef9 - \u1ea2nh 4.\" title=\"Mark Zuckerberg, Tim Cook kh\u00f4ng c\u00f3 m\u1eb7t trong top 10 CEO t\u1ed1t nh\u1ea5t t\u1ea1i M\u1ef9 - \u1ea2nh 4.\" rel=\"lightbox\" photoid=\"86de43f0-a21f-11e9-b3ee-d9422bf87fe7\" type=\"photo\" style=\"max-width:100%;\" data-original=\"http:\/\/cafefcdn.com\/2019\/7\/9\/photo-3-15626591883202020388401.jpeg\" width=\"\" height=\"\"\/><\/div>\n<div class=\"PhotoCMS_Caption\">\n<p data-placeholder=\"[nh\u1eadp ch\u00fa th\u00edch]\" class=\"\">T\u1ef7 l\u1ec7 \u1ee7ng h\u1ed9 CEO: 98%<\/p>\n<\/div>\n<\/div>\n<p>&#8220;McKinsey l\u00e0 m\u1ed9t t\u1ed5 ch\u1ee9c tuy\u1ec7t v\u1eddi. H\u1ecd th\u1ef1c s\u1ef1 quan t\u00e2m t\u1edbi nh\u00e2n vi\u00ean v\u00e0 th\u1ec3 hi\u1ec7n \u0111i\u1ec1u \u0111\u00f3 th\u00f4ng qua ch\u1ebf \u0111\u1ed9 \u0111\u00e3i ng\u1ed9 v\u00e0 l\u01b0\u01a1ng th\u01b0\u1edfng h\u1eadu h\u0129nh&#8221;, m\u1ed9t nh\u00e2n vi\u00ean c\u1ee7a McKinsey &amp; Company nh\u1eadn x\u00e9t. <i\/><\/p>\n<p><b>6. Satya Nadella, Microsoft<\/b><\/p>\n<div class=\"VCSortableInPreviewMode active\" type=\"Photo\" style=\"\">\n<div><img decoding=\"async\" src=\"https:\/\/favorite-news.com\/vi\/wp-content\/uploads\/sites\/5\/2019\/07\/1562666756_171_Mark-Zuckerberg-Tim-Cook-khong-co-mat-trong-top-10.jpeg\" id=\"img_8ce42360-a183-11e9-b0c6-8f292a4123a0\" w=\"668\" h=\"497\" alt=\"Mark Zuckerberg, Tim Cook kh\u00f4ng c\u00f3 m\u1eb7t trong top 10 CEO t\u1ed1t nh\u1ea5t t\u1ea1i M\u1ef9 - \u1ea2nh 5.\" title=\"Mark Zuckerberg, Tim Cook kh\u00f4ng c\u00f3 m\u1eb7t trong top 10 CEO t\u1ed1t nh\u1ea5t t\u1ea1i M\u1ef9 - \u1ea2nh 5.\" rel=\"lightbox\" photoid=\"8ce42360-a183-11e9-b0c6-8f292a4123a0\" type=\"photo\" data-original=\"https:\/\/vneconomy.mediacdn.vn\/2019\/7\/8\/6-15625921834841680459978.jpeg\" width=\"\" height=\"\"\/><\/div>\n<div class=\"PhotoCMS_Caption\">\n<p data-placeholder=\"[nh\u1eadp ch\u00fa th\u00edch]\" class=\"\">T\u1ef7 l\u1ec7 \u1ee7ng h\u1ed9 CEO: 98%<\/p>\n<\/div>\n<\/div>\n<p>Theo nh\u00e2n vi\u00ean c\u1ee7a Microsoft, c\u00f4ng ty c\u00f3 ch\u1ebf \u0111\u1ed9 l\u01b0\u01a1ng th\u01b0\u1edfng h\u1eadu h\u0129nh, v\u0103n ho\u00e1 l\u00e0m vi\u1ec7c tuy\u1ec7t v\u1eddi v\u00e0 l\u00e0 t\u1ed5 ch\u1ee9c g\u1ed3m nh\u1eefng con ng\u01b0\u1eddi t\u1ed1t nh\u1ea5t t\u1eeb kh\u1eafp n\u01a1i tr\u00ean th\u1ebf gi\u1edbi. Nh\u00e2n vi\u00ean c\u00f4ng ty n\u00e0y c\u0169ng nh\u1eadn x\u00e9t r\u1eb1ng k\u1ec3 t\u1eeb khi Satya Nadella \u0111\u1ea3m nh\u1eadn v\u1ecb tr\u00ed \u0111i\u1ec1u h\u00e0nh, c\u00f4ng ty \u0111\u00e3 tr\u1ea3i qua cu\u1ed9c c\u00e1ch m\u1ea1ng \u1ea5n t\u01b0\u1ee3ng.<\/p>\n<p><b>5. Shantanu Narayen, Adobe<\/b><\/p>\n<div class=\"VCSortableInPreviewMode active\" type=\"Photo\" style=\"\">\n<div><img decoding=\"async\" src=\"https:\/\/favorite-news.com\/vi\/wp-content\/uploads\/sites\/5\/2019\/07\/1562666757_252_Mark-Zuckerberg-Tim-Cook-khong-co-mat-trong-top-10.jpg\" id=\"img_86c082c0-a21f-11e9-8197-312b75d93241\" w=\"1040\" h=\"693\" alt=\"Mark Zuckerberg, Tim Cook kh\u00f4ng c\u00f3 m\u1eb7t trong top 10 CEO t\u1ed1t nh\u1ea5t t\u1ea1i M\u1ef9 - \u1ea2nh 6.\" title=\"Mark Zuckerberg, Tim Cook kh\u00f4ng c\u00f3 m\u1eb7t trong top 10 CEO t\u1ed1t nh\u1ea5t t\u1ea1i M\u1ef9 - \u1ea2nh 6.\" rel=\"lightbox\" photoid=\"86c082c0-a21f-11e9-8197-312b75d93241\" type=\"photo\" style=\"max-width:100%;\" data-original=\"http:\/\/cafefcdn.com\/2019\/7\/9\/photo-5-1562659188345114118617.jpg\" width=\"\" height=\"\"\/><\/div>\n<div class=\"PhotoCMS_Caption\">\n<p data-placeholder=\"[nh\u1eadp ch\u00fa th\u00edch]\" class=\"\">T\u1ef7 l\u1ec7 \u1ee7ng h\u1ed9 CEO: 98%<\/p>\n<\/div>\n<\/div>\n<p>&#8220;Ban l\u00e3nh \u0111\u1ea1o tuy\u1ec7t v\u1eddi, nh\u00e2n vi\u00ean \u0111\u01b0\u1ee3c \u0111\u00e1nh gi\u00e1 cao th\u00f4ng qua ch\u1ebf \u0111\u1ed9 \u0111\u00e3i ng\u1ed9 v\u00e0 thu nh\u1eadp c\u1ea1nh tranh&#8221;, nh\u00e2n vi\u00ean c\u1ee7a Adoba nh\u1eadn x\u00e9t. <i\/><\/p>\n<p><b>4. John Legere, T-Mobile<\/b><\/p>\n<div class=\"VCSortableInPreviewMode\" type=\"Photo\" style=\"\">\n<div><img decoding=\"async\" src=\"https:\/\/favorite-news.com\/vi\/wp-content\/uploads\/sites\/5\/2019\/07\/1562666757_204_Mark-Zuckerberg-Tim-Cook-khong-co-mat-trong-top-10.jpeg\" id=\"img_868c2c50-a21f-11e9-8f23-377e66d2d57e\" w=\"1040\" h=\"690\" alt=\"Mark Zuckerberg, Tim Cook kh\u00f4ng c\u00f3 m\u1eb7t trong top 10 CEO t\u1ed1t nh\u1ea5t t\u1ea1i M\u1ef9 - \u1ea2nh 7.\" title=\"Mark Zuckerberg, Tim Cook kh\u00f4ng c\u00f3 m\u1eb7t trong top 10 CEO t\u1ed1t nh\u1ea5t t\u1ea1i M\u1ef9 - \u1ea2nh 7.\" rel=\"lightbox\" photoid=\"868c2c50-a21f-11e9-8f23-377e66d2d57e\" type=\"photo\" style=\"max-width:100%;\" data-original=\"http:\/\/cafefcdn.com\/2019\/7\/9\/photo-6-15626591883471886576627.jpeg\" width=\"\" height=\"\"\/><\/div>\n<div class=\"PhotoCMS_Caption\">\n<p data-placeholder=\"[nh\u1eadp ch\u00fa th\u00edch]\" class=\"\">T\u1ef7 l\u1ec7 \u1ee7ng h\u1ed9 CEO: 99%<\/p>\n<\/div>\n<\/div>\n<p>&#8220;T\u00f4i th\u1ef1c s\u1ef1 h\u1ea1nh ph\u00fac khi \u0111\u01b0\u1ee3c l\u00e0m vi\u1ec7c t\u1ea1i \u0111\u00e2y v\u00e0 v\u00f4 c\u00f9ng \u1ea5n t\u01b0\u1ee3ng v\u1edbi CEO John Legere. \u00d4ng \u1ea5y l\u00e0 ng\u01b0\u1eddi tuy\u1ec7t v\u1eddi, th\u1ef1c s\u1ef1 t\u1eadp trung v\u00e0o kh\u00e1ch h\u00e0ng, nh\u00e2n vi\u00ean v\u00e0 s\u1ef1 t\u0103ng tr\u01b0\u1edfng c\u1ee7a c\u00f4ng ty. \u00d4ng \u1ea5y l\u00e0 ng\u01b0\u1eddi s\u00e1ng t\u1ea1o v\u00e0 lu\u00f4n \u0111i \u0111\u1ea7u&#8221;, m\u1ed9t nh\u00e2n vi\u00ean c\u1ee7a T-Mobile chia s\u1ebb.<\/p>\n<p><b>3. Lynsi Snyder, In-N-Out Burger<\/b><\/p>\n<div class=\"VCSortableInPreviewMode\" type=\"Photo\" style=\"\">\n<div><img decoding=\"async\" src=\"https:\/\/favorite-news.com\/vi\/wp-content\/uploads\/sites\/5\/2019\/07\/1562666758_866_Mark-Zuckerberg-Tim-Cook-khong-co-mat-trong-top-10.jpg\" id=\"img_86aa3ba0-a21f-11e9-bd4e-6d936248031f\" w=\"1040\" h=\"691\" alt=\"Mark Zuckerberg, Tim Cook kh\u00f4ng c\u00f3 m\u1eb7t trong top 10 CEO t\u1ed1t nh\u1ea5t t\u1ea1i M\u1ef9 - \u1ea2nh 8.\" title=\"Mark Zuckerberg, Tim Cook kh\u00f4ng c\u00f3 m\u1eb7t trong top 10 CEO t\u1ed1t nh\u1ea5t t\u1ea1i M\u1ef9 - \u1ea2nh 8.\" rel=\"lightbox\" photoid=\"86aa3ba0-a21f-11e9-bd4e-6d936248031f\" type=\"photo\" style=\"max-width:100%;\" data-original=\"http:\/\/cafefcdn.com\/2019\/7\/9\/photo-7-15626591883491066175141.jpg\" width=\"\" height=\"\"\/><\/div>\n<div class=\"PhotoCMS_Caption\">\n<p data-placeholder=\"[nh\u1eadp ch\u00fa th\u00edch]\" class=\"\">T\u1ef7 l\u1ec7 \u1ee7ng h\u1ed9 CEO: 99%<\/p>\n<\/div>\n<\/div>\n<p>Theo \u0111\u00e1nh gi\u00e1 c\u1ee7a nh\u00e2n vi\u00ean chu\u1ed7i \u0111\u1ed3 \u0103n nhanh In-N-Out Burger, c\u00f4ng ty n\u00e0y g\u1ed3m nh\u1eefng ng\u01b0\u1eddi th\u00f4ng minh, \u0111a d\u1ea1ng, l\u00e0m vi\u1ec7c ch\u0103m ch\u1ec9 v\u00e0 ch\u00e2n th\u00e0nh. &#8220;Ban l\u00e3nh \u0111\u1ea1o \u0111\u00f3ng vai tr\u00f2 c\u1ed1 v\u1ea5n tuy\u1ec7t v\u1eddi, t\u1eadp trung s\u1ee9 m\u1ec7nh ph\u1ee5c v\u1ee5 v\u00e0 \u0111\u01a1n gi\u1ea3n l\u00e0 y\u00eau th\u01b0\u01a1ng t\u1ea5t c\u1ea3 nh\u00e2n vi\u00ean&#8221;, m\u1ed9t nh\u00e2n vi\u00ean c\u1ee7a In-N-Out Burger nh\u1eadn x\u00e9t.<\/p>\n<p><b>2. Charles C. Butt, H-E-B<\/b><\/p>\n<div class=\"VCSortableInPreviewMode\" type=\"Photo\" style=\"\">\n<div><img decoding=\"async\" src=\"https:\/\/favorite-news.com\/vi\/wp-content\/uploads\/sites\/5\/2019\/07\/1562666758_245_Mark-Zuckerberg-Tim-Cook-khong-co-mat-trong-top-10.jpg\" id=\"img_869cf530-a21f-11e9-b336-a326c7fa2433\" w=\"1040\" h=\"693\" alt=\"Mark Zuckerberg, Tim Cook kh\u00f4ng c\u00f3 m\u1eb7t trong top 10 CEO t\u1ed1t nh\u1ea5t t\u1ea1i M\u1ef9 - \u1ea2nh 9.\" title=\"Mark Zuckerberg, Tim Cook kh\u00f4ng c\u00f3 m\u1eb7t trong top 10 CEO t\u1ed1t nh\u1ea5t t\u1ea1i M\u1ef9 - \u1ea2nh 9.\" rel=\"lightbox\" photoid=\"869cf530-a21f-11e9-b336-a326c7fa2433\" type=\"photo\" style=\"max-width:100%;\" data-original=\"http:\/\/cafefcdn.com\/2019\/7\/9\/photo-8-1562659188350246827745.jpg\" width=\"\" height=\"\"\/><\/div>\n<div class=\"PhotoCMS_Caption\">\n<p data-placeholder=\"[nh\u1eadp ch\u00fa th\u00edch]\" class=\"\">T\u1ef7 l\u1ec7 \u1ee7ng h\u1ed9 CEO: 99%<\/p>\n<\/div>\n<\/div>\n<p>Nh\u00e2n vi\u00ean c\u1ee7a H-E-B nh\u1eadn x\u00e9t l\u00e0 c\u00f4ng ty \u0111\u00e3 x\u00e2y d\u1ef1ng \u0111\u01b0\u1ee3c v\u0103n ho\u00e1 l\u00e0m vi\u1ec7c nh\u1ea5t qu\u00e1n v\u1edbi s\u1ee9 m\u1ec7nh l\u00e0m cho cu\u1ed9c s\u1ed1ng c\u1ee7a kh\u00e1ch h\u00e0ng, \u0111\u1ed1i t\u00e1c v\u00e0 c\u00e1c c\u1ed9ng \u0111\u1ed3ng tr\u1edf n\u00ean t\u1ed1t \u0111\u1eb9p h\u01a1n.<\/p>\n<p><b>1. Patrick Gelsinger, VMware<\/b><\/p>\n<div class=\"VCSortableInPreviewMode active\" type=\"Photo\" style=\"\">\n<div><img decoding=\"async\" src=\"https:\/\/favorite-news.com\/vi\/wp-content\/uploads\/sites\/5\/2019\/07\/1562666758_160_Mark-Zuckerberg-Tim-Cook-khong-co-mat-trong-top-10.jpeg\" id=\"img_86bfbf70-a21f-11e9-8e8d-b74a37167031\" w=\"1040\" h=\"693\" alt=\"Mark Zuckerberg, Tim Cook kh\u00f4ng c\u00f3 m\u1eb7t trong top 10 CEO t\u1ed1t nh\u1ea5t t\u1ea1i M\u1ef9 - \u1ea2nh 10.\" title=\"Mark Zuckerberg, Tim Cook kh\u00f4ng c\u00f3 m\u1eb7t trong top 10 CEO t\u1ed1t nh\u1ea5t t\u1ea1i M\u1ef9 - \u1ea2nh 10.\" rel=\"lightbox\" photoid=\"86bfbf70-a21f-11e9-8e8d-b74a37167031\" type=\"photo\" style=\"max-width:100%;\" data-original=\"http:\/\/cafefcdn.com\/2019\/7\/9\/photo-9-1562659188352488939834.jpeg\" width=\"\" height=\"\"\/><\/div>\n<div class=\"PhotoCMS_Caption\">\n<p data-placeholder=\"[nh\u1eadp ch\u00fa th\u00edch]\" class=\"\">T\u1ef7 l\u1ec7 \u1ee7ng h\u1ed9 CEO: 99%<\/p>\n<\/div>\n<\/div>\n<p>Nh\u00e2n vi\u00ean c\u1ee7a VMware nh\u1eadn x\u00e9t r\u1eb1ng c\u00f4ng ty v\u1eabn duy tr\u00ec \u0111\u01b0\u1ee3c tinh th\u1ea7n l\u00e0m vi\u1ec7c c\u1ee7a startup d\u00f9 \u0111\u00e3 tr\u1edf th\u00e0nh m\u1ed9t c\u00f4ng ty h\u00e0ng \u0111\u1ea7u th\u1ebf gi\u1edbi. &#8220;Ban l\u00e3nh \u0111\u1ea1o c\u1ee7a c\u00f4ng ty th\u1ec3 hi\u1ec7n vai tr\u00f2 c\u1ed1 v\u1ea5n tuy\u1ec7t v\u1eddi, \u0111\u1ed3ng th\u1eddi s\u1ef1 h\u1ee3p t\u00e1c gi\u1eefa c\u00e1c ph\u00f2ng ban v\u00e0 \u0111\u1ed9i ng\u0169 l\u00e3nh \u0111\u1ea1o c\u1ea5p cao \u0111\u00e3 t\u1ea1o ra m\u1ed9t m\u00f4i tr\u01b0\u1eddng l\u00e0m vi\u1ec7c \u0111\u1ea7y k\u00edch l\u1ec7, s\u00e1ng t\u1ea1o v\u00e0 \u0111\u1eb3ng c\u1ea5p th\u1ebf gi\u1edbi&#8221;, m\u1ed9t nh\u00e2n vi\u00ean c\u1ee7a c\u00f4ng ty chia s\u1ebb.<\/p>\n<\/div>\n<p>[ad_2]<br \/>\n<br \/><a href=\"http:\/\/cafef.vn\/mark-zuckerberg-tim-cook-khong-co-mat-trong-top-10-ceo-tot-nhat-tai-my-20190709150119437.chn\">Source link <\/a><\/p>\n","protected":false},"excerpt":{"rendered":"<p>[ad_1] &#13; Trang vi\u1ec7c l\u00e0m Glassdoor m\u1edbi \u0111\u00e2y c\u00f4ng b\u1ed1 danh s\u00e1ch gi\u00e1m \u0111\u1ed1c \u0111i\u1ec1u h\u00e0nh (CEO) t\u1ed1t nh\u1ea5t t\u1ea1i M\u1ef9 theo kh\u1ea3o s\u00e1t th\u01b0\u1eddng ni\u00ean d\u1ef1a tr\u00ean \u0111\u00e1nh gi\u00e1 c\u1ee7a h\u00e0ng ngh\u00ecn ng\u01b0\u1eddi lao \u0111\u1ed9ng tr\u00ean n\u1ec1n t\u1ea3ng n\u00e0y. Trong kh\u1ea3o s\u00e1t n\u00e0y, nh\u1eefng c\u00f4ng ty c\u00f3 t\u1eeb 1.000 nh\u00e2n vi\u00ean tr\u1edf l\u00ean v\u00e0 [&hellip;]<\/p>\n","protected":false},"author":2,"featured_media":2677,"comment_status":"open","ping_status":"open","sticky":false,"template":"","format":"standard","meta":{"footnotes":""},"categories":[1],"tags":[],"class_list":["post-2676","post","type-post","status-publish","format-standard","has-post-thumbnail","hentry","category-ban-tin-tai-chinh"],"yoast_head":"<!-- This site is optimized with the Yoast SEO plugin v27.4 - https:\/\/yoast.com\/product\/yoast-seo-wordpress\/ -->\n<title>Mark Zuckerberg, Tim Cook kh\u00f4ng c\u00f3 m\u1eb7t trong top 10 CEO t\u1ed1t nh\u1ea5t t\u1ea1i M\u1ef9 - Favorite News<\/title>\n<meta name=\"robots\" content=\"index, follow, max-snippet:-1, max-image-preview:large, max-video-preview:-1\" \/>\n<link rel=\"canonical\" href=\"https:\/\/favorite-news.com\/vi\/mark-zuckerberg-tim-cook-khong-co-mat-trong-top-10-ceo-tot-nhat-tai-my\/\" \/>\n<meta property=\"og:locale\" content=\"vi_VN\" \/>\n<meta property=\"og:type\" content=\"article\" \/>\n<meta property=\"og:title\" content=\"Mark Zuckerberg, Tim Cook kh\u00f4ng c\u00f3 m\u1eb7t trong top 10 CEO t\u1ed1t nh\u1ea5t t\u1ea1i M\u1ef9 - Favorite News\" \/>\n<meta property=\"og:description\" content=\"[ad_1] &#013; Trang vi\u1ec7c l\u00e0m Glassdoor m\u1edbi \u0111\u00e2y c\u00f4ng b\u1ed1 danh s\u00e1ch gi\u00e1m \u0111\u1ed1c \u0111i\u1ec1u h\u00e0nh (CEO) t\u1ed1t nh\u1ea5t t\u1ea1i M\u1ef9 theo kh\u1ea3o s\u00e1t th\u01b0\u1eddng ni\u00ean d\u1ef1a tr\u00ean \u0111\u00e1nh gi\u00e1 c\u1ee7a h\u00e0ng ngh\u00ecn ng\u01b0\u1eddi lao \u0111\u1ed9ng tr\u00ean n\u1ec1n t\u1ea3ng n\u00e0y. Trong kh\u1ea3o s\u00e1t n\u00e0y, nh\u1eefng c\u00f4ng ty c\u00f3 t\u1eeb 1.000 nh\u00e2n vi\u00ean tr\u1edf l\u00ean v\u00e0 [&hellip;]\" \/>\n<meta property=\"og:url\" content=\"https:\/\/favorite-news.com\/vi\/mark-zuckerberg-tim-cook-khong-co-mat-trong-top-10-ceo-tot-nhat-tai-my\/\" \/>\n<meta property=\"og:site_name\" content=\"Favorite News\" \/>\n<meta property=\"article:published_time\" content=\"2019-07-09T10:05:59+00:00\" \/>\n<meta property=\"og:image\" content=\"https:\/\/favorite-news.com\/vi\/wp-content\/uploads\/sites\/5\/2019\/07\/Mark-Zuckerberg-Tim-Cook-kh\u00f4ng-c\u00f3-m\u1eb7t-trong-top-10.jpg\" \/>\n\t<meta property=\"og:image:width\" content=\"640\" \/>\n\t<meta property=\"og:image:height\" content=\"426\" \/>\n\t<meta property=\"og:image:type\" content=\"image\/jpeg\" \/>\n<meta name=\"author\" content=\"favorite-news\" \/>\n<meta name=\"twitter:card\" content=\"summary_large_image\" \/>\n<meta name=\"twitter:label1\" content=\"\u0110\u01b0\u1ee3c vi\u1ebft b\u1edfi\" \/>\n\t<meta name=\"twitter:data1\" content=\"favorite-news\" \/>\n\t<meta name=\"twitter:label2\" content=\"\u01af\u1edbc t\u00ednh th\u1eddi gian \u0111\u1ecdc\" \/>\n\t<meta name=\"twitter:data2\" content=\"6 ph\u00fat\" \/>\n<script type=\"application\/ld+json\" class=\"yoast-schema-graph\">{\"@context\":\"https:\\\/\\\/schema.org\",\"@graph\":[{\"@type\":\"Article\",\"@id\":\"https:\\\/\\\/favorite-news.com\\\/vi\\\/mark-zuckerberg-tim-cook-khong-co-mat-trong-top-10-ceo-tot-nhat-tai-my\\\/#article\",\"isPartOf\":{\"@id\":\"https:\\\/\\\/favorite-news.com\\\/vi\\\/mark-zuckerberg-tim-cook-khong-co-mat-trong-top-10-ceo-tot-nhat-tai-my\\\/\"},\"author\":{\"name\":\"favorite-news\",\"@id\":\"https:\\\/\\\/favorite-news.com\\\/vi\\\/#\\\/schema\\\/person\\\/b91573b717dcfa5e4696032a9d28d3e8\"},\"headline\":\"Mark Zuckerberg, Tim Cook kh\u00f4ng c\u00f3 m\u1eb7t trong top 10 CEO t\u1ed1t nh\u1ea5t t\u1ea1i M\u1ef9\",\"datePublished\":\"2019-07-09T10:05:59+00:00\",\"mainEntityOfPage\":{\"@id\":\"https:\\\/\\\/favorite-news.com\\\/vi\\\/mark-zuckerberg-tim-cook-khong-co-mat-trong-top-10-ceo-tot-nhat-tai-my\\\/\"},\"wordCount\":1234,\"commentCount\":0,\"image\":{\"@id\":\"https:\\\/\\\/favorite-news.com\\\/vi\\\/mark-zuckerberg-tim-cook-khong-co-mat-trong-top-10-ceo-tot-nhat-tai-my\\\/#primaryimage\"},\"thumbnailUrl\":\"https:\\\/\\\/favorite-news.com\\\/vi\\\/wp-content\\\/uploads\\\/sites\\\/5\\\/2019\\\/07\\\/Mark-Zuckerberg-Tim-Cook-kh\u00f4ng-c\u00f3-m\u1eb7t-trong-top-10.jpg\",\"articleSection\":[\"B\u1ea2N TIN T\u00c0I CH\u00cdNH\"],\"inLanguage\":\"vi\",\"potentialAction\":[{\"@type\":\"CommentAction\",\"name\":\"Comment\",\"target\":[\"https:\\\/\\\/favorite-news.com\\\/vi\\\/mark-zuckerberg-tim-cook-khong-co-mat-trong-top-10-ceo-tot-nhat-tai-my\\\/#respond\"]}]},{\"@type\":\"WebPage\",\"@id\":\"https:\\\/\\\/favorite-news.com\\\/vi\\\/mark-zuckerberg-tim-cook-khong-co-mat-trong-top-10-ceo-tot-nhat-tai-my\\\/\",\"url\":\"https:\\\/\\\/favorite-news.com\\\/vi\\\/mark-zuckerberg-tim-cook-khong-co-mat-trong-top-10-ceo-tot-nhat-tai-my\\\/\",\"name\":\"Mark Zuckerberg, Tim Cook kh\u00f4ng c\u00f3 m\u1eb7t trong top 10 CEO t\u1ed1t nh\u1ea5t t\u1ea1i M\u1ef9 - Favorite News\",\"isPartOf\":{\"@id\":\"https:\\\/\\\/favorite-news.com\\\/vi\\\/#website\"},\"primaryImageOfPage\":{\"@id\":\"https:\\\/\\\/favorite-news.com\\\/vi\\\/mark-zuckerberg-tim-cook-khong-co-mat-trong-top-10-ceo-tot-nhat-tai-my\\\/#primaryimage\"},\"image\":{\"@id\":\"https:\\\/\\\/favorite-news.com\\\/vi\\\/mark-zuckerberg-tim-cook-khong-co-mat-trong-top-10-ceo-tot-nhat-tai-my\\\/#primaryimage\"},\"thumbnailUrl\":\"https:\\\/\\\/favorite-news.com\\\/vi\\\/wp-content\\\/uploads\\\/sites\\\/5\\\/2019\\\/07\\\/Mark-Zuckerberg-Tim-Cook-kh\u00f4ng-c\u00f3-m\u1eb7t-trong-top-10.jpg\",\"datePublished\":\"2019-07-09T10:05:59+00:00\",\"author\":{\"@id\":\"https:\\\/\\\/favorite-news.com\\\/vi\\\/#\\\/schema\\\/person\\\/b91573b717dcfa5e4696032a9d28d3e8\"},\"breadcrumb\":{\"@id\":\"https:\\\/\\\/favorite-news.com\\\/vi\\\/mark-zuckerberg-tim-cook-khong-co-mat-trong-top-10-ceo-tot-nhat-tai-my\\\/#breadcrumb\"},\"inLanguage\":\"vi\",\"potentialAction\":[{\"@type\":\"ReadAction\",\"target\":[\"https:\\\/\\\/favorite-news.com\\\/vi\\\/mark-zuckerberg-tim-cook-khong-co-mat-trong-top-10-ceo-tot-nhat-tai-my\\\/\"]}]},{\"@type\":\"ImageObject\",\"inLanguage\":\"vi\",\"@id\":\"https:\\\/\\\/favorite-news.com\\\/vi\\\/mark-zuckerberg-tim-cook-khong-co-mat-trong-top-10-ceo-tot-nhat-tai-my\\\/#primaryimage\",\"url\":\"https:\\\/\\\/favorite-news.com\\\/vi\\\/wp-content\\\/uploads\\\/sites\\\/5\\\/2019\\\/07\\\/Mark-Zuckerberg-Tim-Cook-kh\u00f4ng-c\u00f3-m\u1eb7t-trong-top-10.jpg\",\"contentUrl\":\"https:\\\/\\\/favorite-news.com\\\/vi\\\/wp-content\\\/uploads\\\/sites\\\/5\\\/2019\\\/07\\\/Mark-Zuckerberg-Tim-Cook-kh\u00f4ng-c\u00f3-m\u1eb7t-trong-top-10.jpg\",\"width\":640,\"height\":426,\"caption\":\"Mark Zuckerberg, Tim Cook kh\u00f4ng c\u00f3 m\u1eb7t trong top 10 CEO t\u1ed1t nh\u1ea5t t\u1ea1i M\u1ef9 - \u1ea2nh 1.\"},{\"@type\":\"BreadcrumbList\",\"@id\":\"https:\\\/\\\/favorite-news.com\\\/vi\\\/mark-zuckerberg-tim-cook-khong-co-mat-trong-top-10-ceo-tot-nhat-tai-my\\\/#breadcrumb\",\"itemListElement\":[{\"@type\":\"ListItem\",\"position\":1,\"name\":\"Home\",\"item\":\"https:\\\/\\\/favorite-news.com\\\/vi\\\/\"},{\"@type\":\"ListItem\",\"position\":2,\"name\":\"Mark Zuckerberg, Tim Cook kh\u00f4ng c\u00f3 m\u1eb7t trong top 10 CEO t\u1ed1t nh\u1ea5t t\u1ea1i M\u1ef9\"}]},{\"@type\":\"WebSite\",\"@id\":\"https:\\\/\\\/favorite-news.com\\\/vi\\\/#website\",\"url\":\"https:\\\/\\\/favorite-news.com\\\/vi\\\/\",\"name\":\"Favorite News\",\"description\":\"Favorite News Vi\u1ec7t Nam\",\"potentialAction\":[{\"@type\":\"SearchAction\",\"target\":{\"@type\":\"EntryPoint\",\"urlTemplate\":\"https:\\\/\\\/favorite-news.com\\\/vi\\\/?s={search_term_string}\"},\"query-input\":{\"@type\":\"PropertyValueSpecification\",\"valueRequired\":true,\"valueName\":\"search_term_string\"}}],\"inLanguage\":\"vi\"},{\"@type\":\"Person\",\"@id\":\"https:\\\/\\\/favorite-news.com\\\/vi\\\/#\\\/schema\\\/person\\\/b91573b717dcfa5e4696032a9d28d3e8\",\"name\":\"favorite-news\",\"image\":{\"@type\":\"ImageObject\",\"inLanguage\":\"vi\",\"@id\":\"https:\\\/\\\/secure.gravatar.com\\\/avatar\\\/6c5a5cb12b74e9d517ee91cf570335b7d16177f1977cc91db161adfa435945a7?s=96&d=mm&r=g\",\"url\":\"https:\\\/\\\/secure.gravatar.com\\\/avatar\\\/6c5a5cb12b74e9d517ee91cf570335b7d16177f1977cc91db161adfa435945a7?s=96&d=mm&r=g\",\"contentUrl\":\"https:\\\/\\\/secure.gravatar.com\\\/avatar\\\/6c5a5cb12b74e9d517ee91cf570335b7d16177f1977cc91db161adfa435945a7?s=96&d=mm&r=g\",\"caption\":\"favorite-news\"},\"url\":\"https:\\\/\\\/favorite-news.com\\\/vi\\\/author\\\/pt\\\/\"}]}<\/script>\n<!-- \/ Yoast SEO plugin. -->","yoast_head_json":{"title":"Mark Zuckerberg, Tim Cook kh\u00f4ng c\u00f3 m\u1eb7t trong top 10 CEO t\u1ed1t nh\u1ea5t t\u1ea1i M\u1ef9 - Favorite News","robots":{"index":"index","follow":"follow","max-snippet":"max-snippet:-1","max-image-preview":"max-image-preview:large","max-video-preview":"max-video-preview:-1"},"canonical":"https:\/\/favorite-news.com\/vi\/mark-zuckerberg-tim-cook-khong-co-mat-trong-top-10-ceo-tot-nhat-tai-my\/","og_locale":"vi_VN","og_type":"article","og_title":"Mark Zuckerberg, Tim Cook kh\u00f4ng c\u00f3 m\u1eb7t trong top 10 CEO t\u1ed1t nh\u1ea5t t\u1ea1i M\u1ef9 - Favorite News","og_description":"[ad_1] &#13; Trang vi\u1ec7c l\u00e0m Glassdoor m\u1edbi \u0111\u00e2y c\u00f4ng b\u1ed1 danh s\u00e1ch gi\u00e1m \u0111\u1ed1c \u0111i\u1ec1u h\u00e0nh (CEO) t\u1ed1t nh\u1ea5t t\u1ea1i M\u1ef9 theo kh\u1ea3o s\u00e1t th\u01b0\u1eddng ni\u00ean d\u1ef1a tr\u00ean \u0111\u00e1nh gi\u00e1 c\u1ee7a h\u00e0ng ngh\u00ecn ng\u01b0\u1eddi lao \u0111\u1ed9ng tr\u00ean n\u1ec1n t\u1ea3ng n\u00e0y. Trong kh\u1ea3o s\u00e1t n\u00e0y, nh\u1eefng c\u00f4ng ty c\u00f3 t\u1eeb 1.000 nh\u00e2n vi\u00ean tr\u1edf l\u00ean v\u00e0 [&hellip;]","og_url":"https:\/\/favorite-news.com\/vi\/mark-zuckerberg-tim-cook-khong-co-mat-trong-top-10-ceo-tot-nhat-tai-my\/","og_site_name":"Favorite News","article_published_time":"2019-07-09T10:05:59+00:00","og_image":[{"width":640,"height":426,"url":"https:\/\/favorite-news.com\/vi\/wp-content\/uploads\/sites\/5\/2019\/07\/Mark-Zuckerberg-Tim-Cook-kh\u00f4ng-c\u00f3-m\u1eb7t-trong-top-10.jpg","type":"image\/jpeg"}],"author":"favorite-news","twitter_card":"summary_large_image","twitter_misc":{"\u0110\u01b0\u1ee3c vi\u1ebft b\u1edfi":"favorite-news","\u01af\u1edbc t\u00ednh th\u1eddi gian \u0111\u1ecdc":"6 ph\u00fat"},"schema":{"@context":"https:\/\/schema.org","@graph":[{"@type":"Article","@id":"https:\/\/favorite-news.com\/vi\/mark-zuckerberg-tim-cook-khong-co-mat-trong-top-10-ceo-tot-nhat-tai-my\/#article","isPartOf":{"@id":"https:\/\/favorite-news.com\/vi\/mark-zuckerberg-tim-cook-khong-co-mat-trong-top-10-ceo-tot-nhat-tai-my\/"},"author":{"name":"favorite-news","@id":"https:\/\/favorite-news.com\/vi\/#\/schema\/person\/b91573b717dcfa5e4696032a9d28d3e8"},"headline":"Mark Zuckerberg, Tim Cook kh\u00f4ng c\u00f3 m\u1eb7t trong top 10 CEO t\u1ed1t nh\u1ea5t t\u1ea1i M\u1ef9","datePublished":"2019-07-09T10:05:59+00:00","mainEntityOfPage":{"@id":"https:\/\/favorite-news.com\/vi\/mark-zuckerberg-tim-cook-khong-co-mat-trong-top-10-ceo-tot-nhat-tai-my\/"},"wordCount":1234,"commentCount":0,"image":{"@id":"https:\/\/favorite-news.com\/vi\/mark-zuckerberg-tim-cook-khong-co-mat-trong-top-10-ceo-tot-nhat-tai-my\/#primaryimage"},"thumbnailUrl":"https:\/\/favorite-news.com\/vi\/wp-content\/uploads\/sites\/5\/2019\/07\/Mark-Zuckerberg-Tim-Cook-kh\u00f4ng-c\u00f3-m\u1eb7t-trong-top-10.jpg","articleSection":["B\u1ea2N TIN T\u00c0I CH\u00cdNH"],"inLanguage":"vi","potentialAction":[{"@type":"CommentAction","name":"Comment","target":["https:\/\/favorite-news.com\/vi\/mark-zuckerberg-tim-cook-khong-co-mat-trong-top-10-ceo-tot-nhat-tai-my\/#respond"]}]},{"@type":"WebPage","@id":"https:\/\/favorite-news.com\/vi\/mark-zuckerberg-tim-cook-khong-co-mat-trong-top-10-ceo-tot-nhat-tai-my\/","url":"https:\/\/favorite-news.com\/vi\/mark-zuckerberg-tim-cook-khong-co-mat-trong-top-10-ceo-tot-nhat-tai-my\/","name":"Mark Zuckerberg, Tim Cook kh\u00f4ng c\u00f3 m\u1eb7t trong top 10 CEO t\u1ed1t nh\u1ea5t t\u1ea1i M\u1ef9 - Favorite News","isPartOf":{"@id":"https:\/\/favorite-news.com\/vi\/#website"},"primaryImageOfPage":{"@id":"https:\/\/favorite-news.com\/vi\/mark-zuckerberg-tim-cook-khong-co-mat-trong-top-10-ceo-tot-nhat-tai-my\/#primaryimage"},"image":{"@id":"https:\/\/favorite-news.com\/vi\/mark-zuckerberg-tim-cook-khong-co-mat-trong-top-10-ceo-tot-nhat-tai-my\/#primaryimage"},"thumbnailUrl":"https:\/\/favorite-news.com\/vi\/wp-content\/uploads\/sites\/5\/2019\/07\/Mark-Zuckerberg-Tim-Cook-kh\u00f4ng-c\u00f3-m\u1eb7t-trong-top-10.jpg","datePublished":"2019-07-09T10:05:59+00:00","author":{"@id":"https:\/\/favorite-news.com\/vi\/#\/schema\/person\/b91573b717dcfa5e4696032a9d28d3e8"},"breadcrumb":{"@id":"https:\/\/favorite-news.com\/vi\/mark-zuckerberg-tim-cook-khong-co-mat-trong-top-10-ceo-tot-nhat-tai-my\/#breadcrumb"},"inLanguage":"vi","potentialAction":[{"@type":"ReadAction","target":["https:\/\/favorite-news.com\/vi\/mark-zuckerberg-tim-cook-khong-co-mat-trong-top-10-ceo-tot-nhat-tai-my\/"]}]},{"@type":"ImageObject","inLanguage":"vi","@id":"https:\/\/favorite-news.com\/vi\/mark-zuckerberg-tim-cook-khong-co-mat-trong-top-10-ceo-tot-nhat-tai-my\/#primaryimage","url":"https:\/\/favorite-news.com\/vi\/wp-content\/uploads\/sites\/5\/2019\/07\/Mark-Zuckerberg-Tim-Cook-kh\u00f4ng-c\u00f3-m\u1eb7t-trong-top-10.jpg","contentUrl":"https:\/\/favorite-news.com\/vi\/wp-content\/uploads\/sites\/5\/2019\/07\/Mark-Zuckerberg-Tim-Cook-kh\u00f4ng-c\u00f3-m\u1eb7t-trong-top-10.jpg","width":640,"height":426,"caption":"Mark Zuckerberg, Tim Cook kh\u00f4ng c\u00f3 m\u1eb7t trong top 10 CEO t\u1ed1t nh\u1ea5t t\u1ea1i M\u1ef9 - \u1ea2nh 1."},{"@type":"BreadcrumbList","@id":"https:\/\/favorite-news.com\/vi\/mark-zuckerberg-tim-cook-khong-co-mat-trong-top-10-ceo-tot-nhat-tai-my\/#breadcrumb","itemListElement":[{"@type":"ListItem","position":1,"name":"Home","item":"https:\/\/favorite-news.com\/vi\/"},{"@type":"ListItem","position":2,"name":"Mark Zuckerberg, Tim Cook kh\u00f4ng c\u00f3 m\u1eb7t trong top 10 CEO t\u1ed1t nh\u1ea5t t\u1ea1i M\u1ef9"}]},{"@type":"WebSite","@id":"https:\/\/favorite-news.com\/vi\/#website","url":"https:\/\/favorite-news.com\/vi\/","name":"Favorite News","description":"Favorite News Vi\u1ec7t Nam","potentialAction":[{"@type":"SearchAction","target":{"@type":"EntryPoint","urlTemplate":"https:\/\/favorite-news.com\/vi\/?s={search_term_string}"},"query-input":{"@type":"PropertyValueSpecification","valueRequired":true,"valueName":"search_term_string"}}],"inLanguage":"vi"},{"@type":"Person","@id":"https:\/\/favorite-news.com\/vi\/#\/schema\/person\/b91573b717dcfa5e4696032a9d28d3e8","name":"favorite-news","image":{"@type":"ImageObject","inLanguage":"vi","@id":"https:\/\/secure.gravatar.com\/avatar\/6c5a5cb12b74e9d517ee91cf570335b7d16177f1977cc91db161adfa435945a7?s=96&d=mm&r=g","url":"https:\/\/secure.gravatar.com\/avatar\/6c5a5cb12b74e9d517ee91cf570335b7d16177f1977cc91db161adfa435945a7?s=96&d=mm&r=g","contentUrl":"https:\/\/secure.gravatar.com\/avatar\/6c5a5cb12b74e9d517ee91cf570335b7d16177f1977cc91db161adfa435945a7?s=96&d=mm&r=g","caption":"favorite-news"},"url":"https:\/\/favorite-news.com\/vi\/author\/pt\/"}]}},"_links":{"self":[{"href":"https:\/\/favorite-news.com\/vi\/wp-json\/wp\/v2\/posts\/2676","targetHints":{"allow":["GET"]}}],"collection":[{"href":"https:\/\/favorite-news.com\/vi\/wp-json\/wp\/v2\/posts"}],"about":[{"href":"https:\/\/favorite-news.com\/vi\/wp-json\/wp\/v2\/types\/post"}],"author":[{"embeddable":true,"href":"https:\/\/favorite-news.com\/vi\/wp-json\/wp\/v2\/users\/2"}],"replies":[{"embeddable":true,"href":"https:\/\/favorite-news.com\/vi\/wp-json\/wp\/v2\/comments?post=2676"}],"version-history":[{"count":1,"href":"https:\/\/favorite-news.com\/vi\/wp-json\/wp\/v2\/posts\/2676\/revisions"}],"predecessor-version":[{"id":2678,"href":"https:\/\/favorite-news.com\/vi\/wp-json\/wp\/v2\/posts\/2676\/revisions\/2678"}],"wp:featuredmedia":[{"embeddable":true,"href":"https:\/\/favorite-news.com\/vi\/wp-json\/wp\/v2\/media\/2677"}],"wp:attachment":[{"href":"https:\/\/favorite-news.com\/vi\/wp-json\/wp\/v2\/media?parent=2676"}],"wp:term":[{"taxonomy":"category","embeddable":true,"href":"https:\/\/favorite-news.com\/vi\/wp-json\/wp\/v2\/categories?post=2676"},{"taxonomy":"post_tag","embeddable":true,"href":"https:\/\/favorite-news.com\/vi\/wp-json\/wp\/v2\/tags?post=2676"}],"curies":[{"name":"wp","href":"https:\/\/api.w.org\/{rel}","templated":true}]}}