{"id":9209,"date":"2021-03-04T14:53:37","date_gmt":"2021-03-04T11:53:37","guid":{"rendered":"https:\/\/favorite-news.com\/pt\/governo-admite-retomar-apoio-que-paga-dois-salarios-minimos-apos-lay-off\/"},"modified":"2021-03-04T14:53:39","modified_gmt":"2021-03-04T11:53:39","slug":"governo-admite-retomar-apoio-que-paga-dois-salarios-minimos-apos-lay-off","status":"publish","type":"post","link":"https:\/\/favorite-news.com\/pt\/governo-admite-retomar-apoio-que-paga-dois-salarios-minimos-apos-lay-off\/","title":{"rendered":"Governo admite retomar apoio que paga dois sal\u00e1rios m\u00ednimos ap\u00f3s lay-off"},"content":{"rendered":"<p>        Tiago Petinga \/ LusaA ministra do Trabalho, Solidariedade e Seguran\u00e7a Social, Ana Mendes Godinho<br \/>\nNa reuni\u00e3o de concerta\u00e7\u00e3o social desta quarta-feira, o Governo mostrou-se dispon\u00edvel para recuperar o Incentivo Extraordin\u00e1rio \u00e0 Normaliza\u00e7\u00e3o da Atividade que atribui um apoio at\u00e9 dois sal\u00e1rios m\u00ednimos por trabalhador ap\u00f3s o lay-off simplificado.\u00a0<\/p>\n<p>O jornal P\u00fablico, que ouviu uma fonte governamental, avan\u00e7a esta quinta-feira que a recupera\u00e7\u00e3o do Incentivo Extraordin\u00e1rio \u00e0 Normaliza\u00e7\u00e3o da Atividade, que encerrou as candidaturas a 31 de dezembro, faz parte do refor\u00e7o dos apoios \u00e0s empresas afetadas pelo confinamento e, para j\u00e1, n\u00e3o tem a ver com o eventual plano de abertura da economia.<br \/>\nEste apoio entrou em vigor no ver\u00e3o do ano passado com o objetivo de apoiar a manuten\u00e7\u00e3o do emprego e reduzir o risco de desemprego nas empresas que recorreram ao lay-off simplificado ou ao plano extraordin\u00e1rio de forma\u00e7\u00e3o.<br \/>\nCom este incentivo, era atribu\u00eddo um apoio ao empregador na fase de regresso dos seus trabalhadores \u00e0 atividade.<\/p>\n<p>Nessa vers\u00e3o do apoio, o empregador podia optar por um apoio no valor do sal\u00e1rio m\u00ednimo \u2013 635 euros \u2013 pago por cada trabalhador que esteve em lay-off ou pelo pagamento de dois sal\u00e1rios m\u00ednimos \u2013 1270 euros \u2013 de forma faseada ao longo de seis meses.<br \/>\nNo ano passado, foram aprovadas 52.411 candidaturas ao incentivo, abrangendo mais de 458 mil trabalhadores.<br \/>\nSe as regras do apoio se mantiverem, o incentivo ter\u00e1 como universo as 68 mil empresas que nas \u00faltimas semanas de janeiro recorreram ao lay-off simplificado<br \/>\nCom o regime de lay-off simplificado, que pode ser feito atrav\u00e9s da suspens\u00e3o do contrato de trabalho ou da redu\u00e7\u00e3o do hor\u00e1rio de trabalho, a entidade empregadora suporta apenas 19% do sal\u00e1rio dos funcion\u00e1rios, ficando isenta da Taxa Social \u00danica (TSU).<br \/>\nAs empresas com quebra de fatura\u00e7\u00e3o, por seu lado, podem continuar no apoio \u00e0 retoma progressiva e mant\u00eam a possibilidade de reduzir o hor\u00e1rio a 100%. H\u00e1 uma redu\u00e7\u00e3o da TSU de 50% para\u00a0micro, pequenas e m\u00e9dias empresas (MPMEs) e os s\u00f3cios-gerentes dessas empresas que estejam no apoio \u00e0 retoma progressiva passam a estar abrangidos.<\/p>\n<p>Na reuni\u00e3o desta quarta-feira, o Governo comprometeu-se tamb\u00e9m a apresentar, at\u00e9 ao final de mar\u00e7o, um documento que servir\u00e1 de base a um eventual acordo na \u00e1rea da forma\u00e7\u00e3o profissional.<br \/>\nOs parceiros sociais lamentaram que ainda n\u00e3o tenha sido apresentado um texto para negocia\u00e7\u00e3o e alertaram para o facto de n\u00e3o ter sido ainda divulgado o desenho do apoio \u00e0s empresas cujos custos aumentaram com o aumento do sal\u00e1rio m\u00ednimo para 665 euros em 2021.<br \/>\n\u00a0<br \/>\n Maria Campos, ZAP \/\/ <\/p>\n<p>\n<!--noindex--><br \/>\n<a href=\"https:\/\/zap.aeiou.pt\/governo-admite-retomar-apoio-paga-ate-dois-salarios-minimos-385043\" rel=\"nofollow\">Source link <\/a><br \/>\n<!--\/noindex--><\/p>\n","protected":false},"excerpt":{"rendered":"<p>Tiago Petinga \/ LusaA ministra do Trabalho, Solidariedade e Seguran\u00e7a Social, Ana Mendes Godinho Na reuni\u00e3o de concerta\u00e7\u00e3o social desta quarta-feira, o Governo mostrou-se dispon\u00edvel para recuperar o Incentivo Extraordin\u00e1rio \u00e0 Normaliza\u00e7\u00e3o da Atividade que atribui um apoio at\u00e9 dois sal\u00e1rios m\u00ednimos por trabalhador ap\u00f3s o lay-off simplificado.\u00a0 O jornal P\u00fablico, que ouviu uma fonte [&hellip;]<\/p>\n","protected":false},"author":2,"featured_media":7820,"comment_status":"open","ping_status":"open","sticky":false,"template":"","format":"standard","meta":{"footnotes":""},"categories":[1],"tags":[],"class_list":["post-9209","post","type-post","status-publish","format-standard","has-post-thumbnail","hentry","category-noticias-financeiras"],"yoast_head":"<!-- This site is optimized with the Yoast SEO plugin v27.4 - https:\/\/yoast.com\/product\/yoast-seo-wordpress\/ -->\n<title>Governo admite retomar apoio que paga dois sal\u00e1rios m\u00ednimos ap\u00f3s lay-off - Favorite News<\/title>\n<meta name=\"robots\" content=\"index, follow, max-snippet:-1, max-image-preview:large, max-video-preview:-1\" \/>\n<link rel=\"canonical\" href=\"https:\/\/favorite-news.com\/pt\/governo-admite-retomar-apoio-que-paga-dois-salarios-minimos-apos-lay-off\/\" \/>\n<meta property=\"og:locale\" content=\"pt_PT\" \/>\n<meta property=\"og:type\" content=\"article\" \/>\n<meta property=\"og:title\" content=\"Governo admite retomar apoio que paga dois sal\u00e1rios m\u00ednimos ap\u00f3s lay-off - Favorite News\" \/>\n<meta property=\"og:description\" content=\"Tiago Petinga \/ LusaA ministra do Trabalho, Solidariedade e Seguran\u00e7a Social, Ana Mendes Godinho Na reuni\u00e3o de concerta\u00e7\u00e3o social desta quarta-feira, o Governo mostrou-se dispon\u00edvel para recuperar o Incentivo Extraordin\u00e1rio \u00e0 Normaliza\u00e7\u00e3o da Atividade que atribui um apoio at\u00e9 dois sal\u00e1rios m\u00ednimos por trabalhador ap\u00f3s o lay-off simplificado.\u00a0 O jornal P\u00fablico, que ouviu uma fonte [&hellip;]\" \/>\n<meta property=\"og:url\" content=\"https:\/\/favorite-news.com\/pt\/governo-admite-retomar-apoio-que-paga-dois-salarios-minimos-apos-lay-off\/\" \/>\n<meta property=\"og:site_name\" content=\"Favorite News\" \/>\n<meta property=\"article:published_time\" content=\"2021-03-04T11:53:37+00:00\" \/>\n<meta property=\"article:modified_time\" content=\"2021-03-04T11:53:39+00:00\" \/>\n<meta property=\"og:image\" content=\"https:\/\/favorite-news.com\/pt\/wp-content\/uploads\/sites\/2\/2020\/10\/Todas-as-pensoes-mais-baixas-vao-ter-aumento-extra-de.jpg\" \/>\n\t<meta property=\"og:image:width\" content=\"1200\" \/>\n\t<meta property=\"og:image:height\" content=\"800\" \/>\n\t<meta property=\"og:image:type\" content=\"image\/jpeg\" \/>\n<meta name=\"author\" content=\"favorite-news\" \/>\n<meta name=\"twitter:card\" content=\"summary_large_image\" \/>\n<meta name=\"twitter:label1\" content=\"Escrito por\" \/>\n\t<meta name=\"twitter:data1\" content=\"favorite-news\" \/>\n\t<meta name=\"twitter:label2\" content=\"Tempo estimado de leitura\" \/>\n\t<meta name=\"twitter:data2\" content=\"2 minutos\" \/>\n<script type=\"application\/ld+json\" class=\"yoast-schema-graph\">{\"@context\":\"https:\\\/\\\/schema.org\",\"@graph\":[{\"@type\":\"Article\",\"@id\":\"https:\\\/\\\/favorite-news.com\\\/pt\\\/governo-admite-retomar-apoio-que-paga-dois-salarios-minimos-apos-lay-off\\\/#article\",\"isPartOf\":{\"@id\":\"https:\\\/\\\/favorite-news.com\\\/pt\\\/governo-admite-retomar-apoio-que-paga-dois-salarios-minimos-apos-lay-off\\\/\"},\"author\":{\"name\":\"favorite-news\",\"@id\":\"https:\\\/\\\/favorite-news.com\\\/pt\\\/#\\\/schema\\\/person\\\/b91573b717dcfa5e4696032a9d28d3e8\"},\"headline\":\"Governo admite retomar apoio que paga dois sal\u00e1rios m\u00ednimos ap\u00f3s lay-off\",\"datePublished\":\"2021-03-04T11:53:37+00:00\",\"dateModified\":\"2021-03-04T11:53:39+00:00\",\"mainEntityOfPage\":{\"@id\":\"https:\\\/\\\/favorite-news.com\\\/pt\\\/governo-admite-retomar-apoio-que-paga-dois-salarios-minimos-apos-lay-off\\\/\"},\"wordCount\":464,\"commentCount\":0,\"image\":{\"@id\":\"https:\\\/\\\/favorite-news.com\\\/pt\\\/governo-admite-retomar-apoio-que-paga-dois-salarios-minimos-apos-lay-off\\\/#primaryimage\"},\"thumbnailUrl\":\"https:\\\/\\\/favorite-news.com\\\/pt\\\/wp-content\\\/uploads\\\/sites\\\/2\\\/2020\\\/10\\\/Todas-as-pensoes-mais-baixas-vao-ter-aumento-extra-de.jpg\",\"articleSection\":[\"NOT\u00cdCIAS FINANCEIRAS\"],\"inLanguage\":\"pt-PT\",\"potentialAction\":[{\"@type\":\"CommentAction\",\"name\":\"Comment\",\"target\":[\"https:\\\/\\\/favorite-news.com\\\/pt\\\/governo-admite-retomar-apoio-que-paga-dois-salarios-minimos-apos-lay-off\\\/#respond\"]}]},{\"@type\":\"WebPage\",\"@id\":\"https:\\\/\\\/favorite-news.com\\\/pt\\\/governo-admite-retomar-apoio-que-paga-dois-salarios-minimos-apos-lay-off\\\/\",\"url\":\"https:\\\/\\\/favorite-news.com\\\/pt\\\/governo-admite-retomar-apoio-que-paga-dois-salarios-minimos-apos-lay-off\\\/\",\"name\":\"Governo admite retomar apoio que paga dois sal\u00e1rios m\u00ednimos ap\u00f3s lay-off - Favorite News\",\"isPartOf\":{\"@id\":\"https:\\\/\\\/favorite-news.com\\\/pt\\\/#website\"},\"primaryImageOfPage\":{\"@id\":\"https:\\\/\\\/favorite-news.com\\\/pt\\\/governo-admite-retomar-apoio-que-paga-dois-salarios-minimos-apos-lay-off\\\/#primaryimage\"},\"image\":{\"@id\":\"https:\\\/\\\/favorite-news.com\\\/pt\\\/governo-admite-retomar-apoio-que-paga-dois-salarios-minimos-apos-lay-off\\\/#primaryimage\"},\"thumbnailUrl\":\"https:\\\/\\\/favorite-news.com\\\/pt\\\/wp-content\\\/uploads\\\/sites\\\/2\\\/2020\\\/10\\\/Todas-as-pensoes-mais-baixas-vao-ter-aumento-extra-de.jpg\",\"datePublished\":\"2021-03-04T11:53:37+00:00\",\"dateModified\":\"2021-03-04T11:53:39+00:00\",\"author\":{\"@id\":\"https:\\\/\\\/favorite-news.com\\\/pt\\\/#\\\/schema\\\/person\\\/b91573b717dcfa5e4696032a9d28d3e8\"},\"breadcrumb\":{\"@id\":\"https:\\\/\\\/favorite-news.com\\\/pt\\\/governo-admite-retomar-apoio-que-paga-dois-salarios-minimos-apos-lay-off\\\/#breadcrumb\"},\"inLanguage\":\"pt-PT\",\"potentialAction\":[{\"@type\":\"ReadAction\",\"target\":[\"https:\\\/\\\/favorite-news.com\\\/pt\\\/governo-admite-retomar-apoio-que-paga-dois-salarios-minimos-apos-lay-off\\\/\"]}]},{\"@type\":\"ImageObject\",\"inLanguage\":\"pt-PT\",\"@id\":\"https:\\\/\\\/favorite-news.com\\\/pt\\\/governo-admite-retomar-apoio-que-paga-dois-salarios-minimos-apos-lay-off\\\/#primaryimage\",\"url\":\"https:\\\/\\\/favorite-news.com\\\/pt\\\/wp-content\\\/uploads\\\/sites\\\/2\\\/2020\\\/10\\\/Todas-as-pensoes-mais-baixas-vao-ter-aumento-extra-de.jpg\",\"contentUrl\":\"https:\\\/\\\/favorite-news.com\\\/pt\\\/wp-content\\\/uploads\\\/sites\\\/2\\\/2020\\\/10\\\/Todas-as-pensoes-mais-baixas-vao-ter-aumento-extra-de.jpg\",\"width\":1200,\"height\":800,\"caption\":\"Todas as pens\u00f5es mais baixas v\u00e3o ter aumento extra de dez euros\"},{\"@type\":\"BreadcrumbList\",\"@id\":\"https:\\\/\\\/favorite-news.com\\\/pt\\\/governo-admite-retomar-apoio-que-paga-dois-salarios-minimos-apos-lay-off\\\/#breadcrumb\",\"itemListElement\":[{\"@type\":\"ListItem\",\"position\":1,\"name\":\"Home\",\"item\":\"https:\\\/\\\/favorite-news.com\\\/pt\\\/\"},{\"@type\":\"ListItem\",\"position\":2,\"name\":\"Governo admite retomar apoio que paga dois sal\u00e1rios m\u00ednimos ap\u00f3s lay-off\"}]},{\"@type\":\"WebSite\",\"@id\":\"https:\\\/\\\/favorite-news.com\\\/pt\\\/#website\",\"url\":\"https:\\\/\\\/favorite-news.com\\\/pt\\\/\",\"name\":\"Favorite News\",\"description\":\"Favorite News Portugal\",\"potentialAction\":[{\"@type\":\"SearchAction\",\"target\":{\"@type\":\"EntryPoint\",\"urlTemplate\":\"https:\\\/\\\/favorite-news.com\\\/pt\\\/?s={search_term_string}\"},\"query-input\":{\"@type\":\"PropertyValueSpecification\",\"valueRequired\":true,\"valueName\":\"search_term_string\"}}],\"inLanguage\":\"pt-PT\"},{\"@type\":\"Person\",\"@id\":\"https:\\\/\\\/favorite-news.com\\\/pt\\\/#\\\/schema\\\/person\\\/b91573b717dcfa5e4696032a9d28d3e8\",\"name\":\"favorite-news\",\"image\":{\"@type\":\"ImageObject\",\"inLanguage\":\"pt-PT\",\"@id\":\"https:\\\/\\\/secure.gravatar.com\\\/avatar\\\/6c5a5cb12b74e9d517ee91cf570335b7d16177f1977cc91db161adfa435945a7?s=96&d=mm&r=g\",\"url\":\"https:\\\/\\\/secure.gravatar.com\\\/avatar\\\/6c5a5cb12b74e9d517ee91cf570335b7d16177f1977cc91db161adfa435945a7?s=96&d=mm&r=g\",\"contentUrl\":\"https:\\\/\\\/secure.gravatar.com\\\/avatar\\\/6c5a5cb12b74e9d517ee91cf570335b7d16177f1977cc91db161adfa435945a7?s=96&d=mm&r=g\",\"caption\":\"favorite-news\"},\"url\":\"https:\\\/\\\/favorite-news.com\\\/pt\\\/author\\\/pt\\\/\"}]}<\/script>\n<!-- \/ Yoast SEO plugin. -->","yoast_head_json":{"title":"Governo admite retomar apoio que paga dois sal\u00e1rios m\u00ednimos ap\u00f3s lay-off - Favorite News","robots":{"index":"index","follow":"follow","max-snippet":"max-snippet:-1","max-image-preview":"max-image-preview:large","max-video-preview":"max-video-preview:-1"},"canonical":"https:\/\/favorite-news.com\/pt\/governo-admite-retomar-apoio-que-paga-dois-salarios-minimos-apos-lay-off\/","og_locale":"pt_PT","og_type":"article","og_title":"Governo admite retomar apoio que paga dois sal\u00e1rios m\u00ednimos ap\u00f3s lay-off - Favorite News","og_description":"Tiago Petinga \/ LusaA ministra do Trabalho, Solidariedade e Seguran\u00e7a Social, Ana Mendes Godinho Na reuni\u00e3o de concerta\u00e7\u00e3o social desta quarta-feira, o Governo mostrou-se dispon\u00edvel para recuperar o Incentivo Extraordin\u00e1rio \u00e0 Normaliza\u00e7\u00e3o da Atividade que atribui um apoio at\u00e9 dois sal\u00e1rios m\u00ednimos por trabalhador ap\u00f3s o lay-off simplificado.\u00a0 O jornal P\u00fablico, que ouviu uma fonte [&hellip;]","og_url":"https:\/\/favorite-news.com\/pt\/governo-admite-retomar-apoio-que-paga-dois-salarios-minimos-apos-lay-off\/","og_site_name":"Favorite News","article_published_time":"2021-03-04T11:53:37+00:00","article_modified_time":"2021-03-04T11:53:39+00:00","og_image":[{"width":1200,"height":800,"url":"https:\/\/favorite-news.com\/pt\/wp-content\/uploads\/sites\/2\/2020\/10\/Todas-as-pensoes-mais-baixas-vao-ter-aumento-extra-de.jpg","type":"image\/jpeg"}],"author":"favorite-news","twitter_card":"summary_large_image","twitter_misc":{"Escrito por":"favorite-news","Tempo estimado de leitura":"2 minutos"},"schema":{"@context":"https:\/\/schema.org","@graph":[{"@type":"Article","@id":"https:\/\/favorite-news.com\/pt\/governo-admite-retomar-apoio-que-paga-dois-salarios-minimos-apos-lay-off\/#article","isPartOf":{"@id":"https:\/\/favorite-news.com\/pt\/governo-admite-retomar-apoio-que-paga-dois-salarios-minimos-apos-lay-off\/"},"author":{"name":"favorite-news","@id":"https:\/\/favorite-news.com\/pt\/#\/schema\/person\/b91573b717dcfa5e4696032a9d28d3e8"},"headline":"Governo admite retomar apoio que paga dois sal\u00e1rios m\u00ednimos ap\u00f3s lay-off","datePublished":"2021-03-04T11:53:37+00:00","dateModified":"2021-03-04T11:53:39+00:00","mainEntityOfPage":{"@id":"https:\/\/favorite-news.com\/pt\/governo-admite-retomar-apoio-que-paga-dois-salarios-minimos-apos-lay-off\/"},"wordCount":464,"commentCount":0,"image":{"@id":"https:\/\/favorite-news.com\/pt\/governo-admite-retomar-apoio-que-paga-dois-salarios-minimos-apos-lay-off\/#primaryimage"},"thumbnailUrl":"https:\/\/favorite-news.com\/pt\/wp-content\/uploads\/sites\/2\/2020\/10\/Todas-as-pensoes-mais-baixas-vao-ter-aumento-extra-de.jpg","articleSection":["NOT\u00cdCIAS FINANCEIRAS"],"inLanguage":"pt-PT","potentialAction":[{"@type":"CommentAction","name":"Comment","target":["https:\/\/favorite-news.com\/pt\/governo-admite-retomar-apoio-que-paga-dois-salarios-minimos-apos-lay-off\/#respond"]}]},{"@type":"WebPage","@id":"https:\/\/favorite-news.com\/pt\/governo-admite-retomar-apoio-que-paga-dois-salarios-minimos-apos-lay-off\/","url":"https:\/\/favorite-news.com\/pt\/governo-admite-retomar-apoio-que-paga-dois-salarios-minimos-apos-lay-off\/","name":"Governo admite retomar apoio que paga dois sal\u00e1rios m\u00ednimos ap\u00f3s lay-off - Favorite News","isPartOf":{"@id":"https:\/\/favorite-news.com\/pt\/#website"},"primaryImageOfPage":{"@id":"https:\/\/favorite-news.com\/pt\/governo-admite-retomar-apoio-que-paga-dois-salarios-minimos-apos-lay-off\/#primaryimage"},"image":{"@id":"https:\/\/favorite-news.com\/pt\/governo-admite-retomar-apoio-que-paga-dois-salarios-minimos-apos-lay-off\/#primaryimage"},"thumbnailUrl":"https:\/\/favorite-news.com\/pt\/wp-content\/uploads\/sites\/2\/2020\/10\/Todas-as-pensoes-mais-baixas-vao-ter-aumento-extra-de.jpg","datePublished":"2021-03-04T11:53:37+00:00","dateModified":"2021-03-04T11:53:39+00:00","author":{"@id":"https:\/\/favorite-news.com\/pt\/#\/schema\/person\/b91573b717dcfa5e4696032a9d28d3e8"},"breadcrumb":{"@id":"https:\/\/favorite-news.com\/pt\/governo-admite-retomar-apoio-que-paga-dois-salarios-minimos-apos-lay-off\/#breadcrumb"},"inLanguage":"pt-PT","potentialAction":[{"@type":"ReadAction","target":["https:\/\/favorite-news.com\/pt\/governo-admite-retomar-apoio-que-paga-dois-salarios-minimos-apos-lay-off\/"]}]},{"@type":"ImageObject","inLanguage":"pt-PT","@id":"https:\/\/favorite-news.com\/pt\/governo-admite-retomar-apoio-que-paga-dois-salarios-minimos-apos-lay-off\/#primaryimage","url":"https:\/\/favorite-news.com\/pt\/wp-content\/uploads\/sites\/2\/2020\/10\/Todas-as-pensoes-mais-baixas-vao-ter-aumento-extra-de.jpg","contentUrl":"https:\/\/favorite-news.com\/pt\/wp-content\/uploads\/sites\/2\/2020\/10\/Todas-as-pensoes-mais-baixas-vao-ter-aumento-extra-de.jpg","width":1200,"height":800,"caption":"Todas as pens\u00f5es mais baixas v\u00e3o ter aumento extra de dez euros"},{"@type":"BreadcrumbList","@id":"https:\/\/favorite-news.com\/pt\/governo-admite-retomar-apoio-que-paga-dois-salarios-minimos-apos-lay-off\/#breadcrumb","itemListElement":[{"@type":"ListItem","position":1,"name":"Home","item":"https:\/\/favorite-news.com\/pt\/"},{"@type":"ListItem","position":2,"name":"Governo admite retomar apoio que paga dois sal\u00e1rios m\u00ednimos ap\u00f3s lay-off"}]},{"@type":"WebSite","@id":"https:\/\/favorite-news.com\/pt\/#website","url":"https:\/\/favorite-news.com\/pt\/","name":"Favorite News","description":"Favorite News Portugal","potentialAction":[{"@type":"SearchAction","target":{"@type":"EntryPoint","urlTemplate":"https:\/\/favorite-news.com\/pt\/?s={search_term_string}"},"query-input":{"@type":"PropertyValueSpecification","valueRequired":true,"valueName":"search_term_string"}}],"inLanguage":"pt-PT"},{"@type":"Person","@id":"https:\/\/favorite-news.com\/pt\/#\/schema\/person\/b91573b717dcfa5e4696032a9d28d3e8","name":"favorite-news","image":{"@type":"ImageObject","inLanguage":"pt-PT","@id":"https:\/\/secure.gravatar.com\/avatar\/6c5a5cb12b74e9d517ee91cf570335b7d16177f1977cc91db161adfa435945a7?s=96&d=mm&r=g","url":"https:\/\/secure.gravatar.com\/avatar\/6c5a5cb12b74e9d517ee91cf570335b7d16177f1977cc91db161adfa435945a7?s=96&d=mm&r=g","contentUrl":"https:\/\/secure.gravatar.com\/avatar\/6c5a5cb12b74e9d517ee91cf570335b7d16177f1977cc91db161adfa435945a7?s=96&d=mm&r=g","caption":"favorite-news"},"url":"https:\/\/favorite-news.com\/pt\/author\/pt\/"}]}},"_links":{"self":[{"href":"https:\/\/favorite-news.com\/pt\/wp-json\/wp\/v2\/posts\/9209","targetHints":{"allow":["GET"]}}],"collection":[{"href":"https:\/\/favorite-news.com\/pt\/wp-json\/wp\/v2\/posts"}],"about":[{"href":"https:\/\/favorite-news.com\/pt\/wp-json\/wp\/v2\/types\/post"}],"author":[{"embeddable":true,"href":"https:\/\/favorite-news.com\/pt\/wp-json\/wp\/v2\/users\/2"}],"replies":[{"embeddable":true,"href":"https:\/\/favorite-news.com\/pt\/wp-json\/wp\/v2\/comments?post=9209"}],"version-history":[{"count":1,"href":"https:\/\/favorite-news.com\/pt\/wp-json\/wp\/v2\/posts\/9209\/revisions"}],"predecessor-version":[{"id":9210,"href":"https:\/\/favorite-news.com\/pt\/wp-json\/wp\/v2\/posts\/9209\/revisions\/9210"}],"wp:featuredmedia":[{"embeddable":true,"href":"https:\/\/favorite-news.com\/pt\/wp-json\/wp\/v2\/media\/7820"}],"wp:attachment":[{"href":"https:\/\/favorite-news.com\/pt\/wp-json\/wp\/v2\/media?parent=9209"}],"wp:term":[{"taxonomy":"category","embeddable":true,"href":"https:\/\/favorite-news.com\/pt\/wp-json\/wp\/v2\/categories?post=9209"},{"taxonomy":"post_tag","embeddable":true,"href":"https:\/\/favorite-news.com\/pt\/wp-json\/wp\/v2\/tags?post=9209"}],"curies":[{"name":"wp","href":"https:\/\/api.w.org\/{rel}","templated":true}]}}