{"id":9203,"date":"2021-03-04T11:08:07","date_gmt":"2021-03-04T08:08:07","guid":{"rendered":"https:\/\/favorite-news.com\/pt\/lay-off-simplificado-estende-se-a-empresas-de-carnes-e-cervejas\/"},"modified":"2021-03-04T11:08:11","modified_gmt":"2021-03-04T08:08:11","slug":"lay-off-simplificado-estende-se-a-empresas-de-carnes-e-cervejas","status":"publish","type":"post","link":"https:\/\/favorite-news.com\/pt\/lay-off-simplificado-estende-se-a-empresas-de-carnes-e-cervejas\/","title":{"rendered":"Lay-off simplificado estende-se a empresas de carnes e cervejas"},"content":{"rendered":"<p>        Magda Ehlers \/ Canva<br \/>\nO \u2018lay-off\u2019 simplificado vai voltar a estar dispon\u00edvel para empresas que est\u00e3o a registar quebras de fatura\u00e7\u00e3o significativas devido \u00e0 pandemia, mesmo que n\u00e3o estejam encerradas.<\/p>\n<p>Segundo referiu ao ECO a Confedera\u00e7\u00e3o do Com\u00e9rcio e Servi\u00e7os de Portugal (CCP), o Minist\u00e9rio da Economia indicou que as empresas de cervejas, carnes e vinhos passar\u00e3o a ter acesso a este regime, lan\u00e7ado em mar\u00e7o de 2020 para que se possa suspender contratos de trabalho ou reduzir os hor\u00e1rios, receber apoio da Seguran\u00e7a Social para o pagamento dos sal\u00e1rios e beneficiar da isen\u00e7\u00e3o total das contribui\u00e7\u00f5es sociais.<br \/>\nDesde julho, era apenas permitido \u00e0s empresas encerradas aceder ao apoio.<br \/>\n\u201cJ\u00e1 comunic\u00e1mos que empresas de limpeza, de seguran\u00e7a, etc., t\u00eam os mesmos termos no acesso ao lay-off simplificado. Mas h\u00e1 outras empresas que t\u00eam quebras muito abruptas de fatura\u00e7\u00e3o e que precisam de ser enquadradas\u201d, disse em entrevista \u00e0 TSF e ao Di\u00e1rio de Not\u00edcias o ministro da Economia, Pedro Siza Vieira, j\u00e1 tinha deixado sinais nesse sentido.<\/p>\n<p>Recentemente, o Governo esclareceu que as empresas que, n\u00e3o tendo sido obrigadas a encerrar, estejam sem trabalho por prestarem servi\u00e7os a setores que est\u00e3o confinados tamb\u00e9m t\u00eam acesso ao \u2018lay-off\u2019 simplificado, como as de limpeza e vigil\u00e2ncia.<br \/>\n Ta\u00edsa Pagno \/\/ <\/p>\n<p>\n<!--noindex--><br \/>\n<a href=\"https:\/\/zap.aeiou.pt\/lay-off-simplificado-empresas-carnes-cervejas-384780\" rel=\"nofollow\">Source link <\/a><br \/>\n<!--\/noindex--><\/p>\n","protected":false},"excerpt":{"rendered":"<p>Magda Ehlers \/ Canva O \u2018lay-off\u2019 simplificado vai voltar a estar dispon\u00edvel para empresas que est\u00e3o a registar quebras de fatura\u00e7\u00e3o significativas devido \u00e0 pandemia, mesmo que n\u00e3o estejam encerradas. Segundo referiu ao ECO a Confedera\u00e7\u00e3o do Com\u00e9rcio e Servi\u00e7os de Portugal (CCP), o Minist\u00e9rio da Economia indicou que as empresas de cervejas, carnes e [&hellip;]<\/p>\n","protected":false},"author":2,"featured_media":9204,"comment_status":"open","ping_status":"open","sticky":false,"template":"","format":"standard","meta":{"footnotes":""},"categories":[1],"tags":[],"class_list":["post-9203","post","type-post","status-publish","format-standard","has-post-thumbnail","hentry","category-noticias-financeiras"],"yoast_head":"<!-- This site is optimized with the Yoast SEO plugin v27.4 - https:\/\/yoast.com\/product\/yoast-seo-wordpress\/ -->\n<title>Lay-off simplificado estende-se a empresas de carnes e cervejas - Favorite News<\/title>\n<meta name=\"robots\" content=\"index, follow, max-snippet:-1, max-image-preview:large, max-video-preview:-1\" \/>\n<link rel=\"canonical\" href=\"https:\/\/favorite-news.com\/pt\/lay-off-simplificado-estende-se-a-empresas-de-carnes-e-cervejas\/\" \/>\n<meta property=\"og:locale\" content=\"pt_PT\" \/>\n<meta property=\"og:type\" content=\"article\" \/>\n<meta property=\"og:title\" content=\"Lay-off simplificado estende-se a empresas de carnes e cervejas - Favorite News\" \/>\n<meta property=\"og:description\" content=\"Magda Ehlers \/ Canva O \u2018lay-off\u2019 simplificado vai voltar a estar dispon\u00edvel para empresas que est\u00e3o a registar quebras de fatura\u00e7\u00e3o significativas devido \u00e0 pandemia, mesmo que n\u00e3o estejam encerradas. Segundo referiu ao ECO a Confedera\u00e7\u00e3o do Com\u00e9rcio e Servi\u00e7os de Portugal (CCP), o Minist\u00e9rio da Economia indicou que as empresas de cervejas, carnes e [&hellip;]\" \/>\n<meta property=\"og:url\" content=\"https:\/\/favorite-news.com\/pt\/lay-off-simplificado-estende-se-a-empresas-de-carnes-e-cervejas\/\" \/>\n<meta property=\"og:site_name\" content=\"Favorite News\" \/>\n<meta property=\"article:published_time\" content=\"2021-03-04T08:08:07+00:00\" \/>\n<meta property=\"article:modified_time\" content=\"2021-03-04T08:08:11+00:00\" \/>\n<meta property=\"og:image\" content=\"https:\/\/favorite-news.com\/pt\/wp-content\/uploads\/sites\/2\/2021\/03\/Lay-off-simplificado-estende-se-a-empresas-de-carnes-e-cervejas.jpg\" \/>\n\t<meta property=\"og:image:width\" content=\"1200\" \/>\n\t<meta property=\"og:image:height\" content=\"800\" \/>\n\t<meta property=\"og:image:type\" content=\"image\/jpeg\" \/>\n<meta name=\"author\" content=\"favorite-news\" \/>\n<meta name=\"twitter:card\" content=\"summary_large_image\" \/>\n<meta name=\"twitter:label1\" content=\"Escrito por\" \/>\n\t<meta name=\"twitter:data1\" content=\"favorite-news\" \/>\n\t<meta name=\"twitter:label2\" content=\"Tempo estimado de leitura\" \/>\n\t<meta name=\"twitter:data2\" content=\"1 minuto\" \/>\n<script type=\"application\/ld+json\" class=\"yoast-schema-graph\">{\"@context\":\"https:\\\/\\\/schema.org\",\"@graph\":[{\"@type\":\"Article\",\"@id\":\"https:\\\/\\\/favorite-news.com\\\/pt\\\/lay-off-simplificado-estende-se-a-empresas-de-carnes-e-cervejas\\\/#article\",\"isPartOf\":{\"@id\":\"https:\\\/\\\/favorite-news.com\\\/pt\\\/lay-off-simplificado-estende-se-a-empresas-de-carnes-e-cervejas\\\/\"},\"author\":{\"name\":\"favorite-news\",\"@id\":\"https:\\\/\\\/favorite-news.com\\\/pt\\\/#\\\/schema\\\/person\\\/b91573b717dcfa5e4696032a9d28d3e8\"},\"headline\":\"Lay-off simplificado estende-se a empresas de carnes e cervejas\",\"datePublished\":\"2021-03-04T08:08:07+00:00\",\"dateModified\":\"2021-03-04T08:08:11+00:00\",\"mainEntityOfPage\":{\"@id\":\"https:\\\/\\\/favorite-news.com\\\/pt\\\/lay-off-simplificado-estende-se-a-empresas-de-carnes-e-cervejas\\\/\"},\"wordCount\":243,\"commentCount\":0,\"image\":{\"@id\":\"https:\\\/\\\/favorite-news.com\\\/pt\\\/lay-off-simplificado-estende-se-a-empresas-de-carnes-e-cervejas\\\/#primaryimage\"},\"thumbnailUrl\":\"https:\\\/\\\/favorite-news.com\\\/pt\\\/wp-content\\\/uploads\\\/sites\\\/2\\\/2021\\\/03\\\/Lay-off-simplificado-estende-se-a-empresas-de-carnes-e-cervejas.jpg\",\"articleSection\":[\"NOT\u00cdCIAS FINANCEIRAS\"],\"inLanguage\":\"pt-PT\",\"potentialAction\":[{\"@type\":\"CommentAction\",\"name\":\"Comment\",\"target\":[\"https:\\\/\\\/favorite-news.com\\\/pt\\\/lay-off-simplificado-estende-se-a-empresas-de-carnes-e-cervejas\\\/#respond\"]}]},{\"@type\":\"WebPage\",\"@id\":\"https:\\\/\\\/favorite-news.com\\\/pt\\\/lay-off-simplificado-estende-se-a-empresas-de-carnes-e-cervejas\\\/\",\"url\":\"https:\\\/\\\/favorite-news.com\\\/pt\\\/lay-off-simplificado-estende-se-a-empresas-de-carnes-e-cervejas\\\/\",\"name\":\"Lay-off simplificado estende-se a empresas de carnes e cervejas - Favorite News\",\"isPartOf\":{\"@id\":\"https:\\\/\\\/favorite-news.com\\\/pt\\\/#website\"},\"primaryImageOfPage\":{\"@id\":\"https:\\\/\\\/favorite-news.com\\\/pt\\\/lay-off-simplificado-estende-se-a-empresas-de-carnes-e-cervejas\\\/#primaryimage\"},\"image\":{\"@id\":\"https:\\\/\\\/favorite-news.com\\\/pt\\\/lay-off-simplificado-estende-se-a-empresas-de-carnes-e-cervejas\\\/#primaryimage\"},\"thumbnailUrl\":\"https:\\\/\\\/favorite-news.com\\\/pt\\\/wp-content\\\/uploads\\\/sites\\\/2\\\/2021\\\/03\\\/Lay-off-simplificado-estende-se-a-empresas-de-carnes-e-cervejas.jpg\",\"datePublished\":\"2021-03-04T08:08:07+00:00\",\"dateModified\":\"2021-03-04T08:08:11+00:00\",\"author\":{\"@id\":\"https:\\\/\\\/favorite-news.com\\\/pt\\\/#\\\/schema\\\/person\\\/b91573b717dcfa5e4696032a9d28d3e8\"},\"breadcrumb\":{\"@id\":\"https:\\\/\\\/favorite-news.com\\\/pt\\\/lay-off-simplificado-estende-se-a-empresas-de-carnes-e-cervejas\\\/#breadcrumb\"},\"inLanguage\":\"pt-PT\",\"potentialAction\":[{\"@type\":\"ReadAction\",\"target\":[\"https:\\\/\\\/favorite-news.com\\\/pt\\\/lay-off-simplificado-estende-se-a-empresas-de-carnes-e-cervejas\\\/\"]}]},{\"@type\":\"ImageObject\",\"inLanguage\":\"pt-PT\",\"@id\":\"https:\\\/\\\/favorite-news.com\\\/pt\\\/lay-off-simplificado-estende-se-a-empresas-de-carnes-e-cervejas\\\/#primaryimage\",\"url\":\"https:\\\/\\\/favorite-news.com\\\/pt\\\/wp-content\\\/uploads\\\/sites\\\/2\\\/2021\\\/03\\\/Lay-off-simplificado-estende-se-a-empresas-de-carnes-e-cervejas.jpg\",\"contentUrl\":\"https:\\\/\\\/favorite-news.com\\\/pt\\\/wp-content\\\/uploads\\\/sites\\\/2\\\/2021\\\/03\\\/Lay-off-simplificado-estende-se-a-empresas-de-carnes-e-cervejas.jpg\",\"width\":1200,\"height\":800,\"caption\":\"Lay-off simplificado estende-se a empresas de carnes e cervejas\"},{\"@type\":\"BreadcrumbList\",\"@id\":\"https:\\\/\\\/favorite-news.com\\\/pt\\\/lay-off-simplificado-estende-se-a-empresas-de-carnes-e-cervejas\\\/#breadcrumb\",\"itemListElement\":[{\"@type\":\"ListItem\",\"position\":1,\"name\":\"Home\",\"item\":\"https:\\\/\\\/favorite-news.com\\\/pt\\\/\"},{\"@type\":\"ListItem\",\"position\":2,\"name\":\"Lay-off simplificado estende-se a empresas de carnes e cervejas\"}]},{\"@type\":\"WebSite\",\"@id\":\"https:\\\/\\\/favorite-news.com\\\/pt\\\/#website\",\"url\":\"https:\\\/\\\/favorite-news.com\\\/pt\\\/\",\"name\":\"Favorite News\",\"description\":\"Favorite News Portugal\",\"potentialAction\":[{\"@type\":\"SearchAction\",\"target\":{\"@type\":\"EntryPoint\",\"urlTemplate\":\"https:\\\/\\\/favorite-news.com\\\/pt\\\/?s={search_term_string}\"},\"query-input\":{\"@type\":\"PropertyValueSpecification\",\"valueRequired\":true,\"valueName\":\"search_term_string\"}}],\"inLanguage\":\"pt-PT\"},{\"@type\":\"Person\",\"@id\":\"https:\\\/\\\/favorite-news.com\\\/pt\\\/#\\\/schema\\\/person\\\/b91573b717dcfa5e4696032a9d28d3e8\",\"name\":\"favorite-news\",\"image\":{\"@type\":\"ImageObject\",\"inLanguage\":\"pt-PT\",\"@id\":\"https:\\\/\\\/secure.gravatar.com\\\/avatar\\\/6c5a5cb12b74e9d517ee91cf570335b7d16177f1977cc91db161adfa435945a7?s=96&d=mm&r=g\",\"url\":\"https:\\\/\\\/secure.gravatar.com\\\/avatar\\\/6c5a5cb12b74e9d517ee91cf570335b7d16177f1977cc91db161adfa435945a7?s=96&d=mm&r=g\",\"contentUrl\":\"https:\\\/\\\/secure.gravatar.com\\\/avatar\\\/6c5a5cb12b74e9d517ee91cf570335b7d16177f1977cc91db161adfa435945a7?s=96&d=mm&r=g\",\"caption\":\"favorite-news\"},\"url\":\"https:\\\/\\\/favorite-news.com\\\/pt\\\/author\\\/pt\\\/\"}]}<\/script>\n<!-- \/ Yoast SEO plugin. -->","yoast_head_json":{"title":"Lay-off simplificado estende-se a empresas de carnes e cervejas - Favorite News","robots":{"index":"index","follow":"follow","max-snippet":"max-snippet:-1","max-image-preview":"max-image-preview:large","max-video-preview":"max-video-preview:-1"},"canonical":"https:\/\/favorite-news.com\/pt\/lay-off-simplificado-estende-se-a-empresas-de-carnes-e-cervejas\/","og_locale":"pt_PT","og_type":"article","og_title":"Lay-off simplificado estende-se a empresas de carnes e cervejas - Favorite News","og_description":"Magda Ehlers \/ Canva O \u2018lay-off\u2019 simplificado vai voltar a estar dispon\u00edvel para empresas que est\u00e3o a registar quebras de fatura\u00e7\u00e3o significativas devido \u00e0 pandemia, mesmo que n\u00e3o estejam encerradas. Segundo referiu ao ECO a Confedera\u00e7\u00e3o do Com\u00e9rcio e Servi\u00e7os de Portugal (CCP), o Minist\u00e9rio da Economia indicou que as empresas de cervejas, carnes e [&hellip;]","og_url":"https:\/\/favorite-news.com\/pt\/lay-off-simplificado-estende-se-a-empresas-de-carnes-e-cervejas\/","og_site_name":"Favorite News","article_published_time":"2021-03-04T08:08:07+00:00","article_modified_time":"2021-03-04T08:08:11+00:00","og_image":[{"width":1200,"height":800,"url":"https:\/\/favorite-news.com\/pt\/wp-content\/uploads\/sites\/2\/2021\/03\/Lay-off-simplificado-estende-se-a-empresas-de-carnes-e-cervejas.jpg","type":"image\/jpeg"}],"author":"favorite-news","twitter_card":"summary_large_image","twitter_misc":{"Escrito por":"favorite-news","Tempo estimado de leitura":"1 minuto"},"schema":{"@context":"https:\/\/schema.org","@graph":[{"@type":"Article","@id":"https:\/\/favorite-news.com\/pt\/lay-off-simplificado-estende-se-a-empresas-de-carnes-e-cervejas\/#article","isPartOf":{"@id":"https:\/\/favorite-news.com\/pt\/lay-off-simplificado-estende-se-a-empresas-de-carnes-e-cervejas\/"},"author":{"name":"favorite-news","@id":"https:\/\/favorite-news.com\/pt\/#\/schema\/person\/b91573b717dcfa5e4696032a9d28d3e8"},"headline":"Lay-off simplificado estende-se a empresas de carnes e cervejas","datePublished":"2021-03-04T08:08:07+00:00","dateModified":"2021-03-04T08:08:11+00:00","mainEntityOfPage":{"@id":"https:\/\/favorite-news.com\/pt\/lay-off-simplificado-estende-se-a-empresas-de-carnes-e-cervejas\/"},"wordCount":243,"commentCount":0,"image":{"@id":"https:\/\/favorite-news.com\/pt\/lay-off-simplificado-estende-se-a-empresas-de-carnes-e-cervejas\/#primaryimage"},"thumbnailUrl":"https:\/\/favorite-news.com\/pt\/wp-content\/uploads\/sites\/2\/2021\/03\/Lay-off-simplificado-estende-se-a-empresas-de-carnes-e-cervejas.jpg","articleSection":["NOT\u00cdCIAS FINANCEIRAS"],"inLanguage":"pt-PT","potentialAction":[{"@type":"CommentAction","name":"Comment","target":["https:\/\/favorite-news.com\/pt\/lay-off-simplificado-estende-se-a-empresas-de-carnes-e-cervejas\/#respond"]}]},{"@type":"WebPage","@id":"https:\/\/favorite-news.com\/pt\/lay-off-simplificado-estende-se-a-empresas-de-carnes-e-cervejas\/","url":"https:\/\/favorite-news.com\/pt\/lay-off-simplificado-estende-se-a-empresas-de-carnes-e-cervejas\/","name":"Lay-off simplificado estende-se a empresas de carnes e cervejas - Favorite News","isPartOf":{"@id":"https:\/\/favorite-news.com\/pt\/#website"},"primaryImageOfPage":{"@id":"https:\/\/favorite-news.com\/pt\/lay-off-simplificado-estende-se-a-empresas-de-carnes-e-cervejas\/#primaryimage"},"image":{"@id":"https:\/\/favorite-news.com\/pt\/lay-off-simplificado-estende-se-a-empresas-de-carnes-e-cervejas\/#primaryimage"},"thumbnailUrl":"https:\/\/favorite-news.com\/pt\/wp-content\/uploads\/sites\/2\/2021\/03\/Lay-off-simplificado-estende-se-a-empresas-de-carnes-e-cervejas.jpg","datePublished":"2021-03-04T08:08:07+00:00","dateModified":"2021-03-04T08:08:11+00:00","author":{"@id":"https:\/\/favorite-news.com\/pt\/#\/schema\/person\/b91573b717dcfa5e4696032a9d28d3e8"},"breadcrumb":{"@id":"https:\/\/favorite-news.com\/pt\/lay-off-simplificado-estende-se-a-empresas-de-carnes-e-cervejas\/#breadcrumb"},"inLanguage":"pt-PT","potentialAction":[{"@type":"ReadAction","target":["https:\/\/favorite-news.com\/pt\/lay-off-simplificado-estende-se-a-empresas-de-carnes-e-cervejas\/"]}]},{"@type":"ImageObject","inLanguage":"pt-PT","@id":"https:\/\/favorite-news.com\/pt\/lay-off-simplificado-estende-se-a-empresas-de-carnes-e-cervejas\/#primaryimage","url":"https:\/\/favorite-news.com\/pt\/wp-content\/uploads\/sites\/2\/2021\/03\/Lay-off-simplificado-estende-se-a-empresas-de-carnes-e-cervejas.jpg","contentUrl":"https:\/\/favorite-news.com\/pt\/wp-content\/uploads\/sites\/2\/2021\/03\/Lay-off-simplificado-estende-se-a-empresas-de-carnes-e-cervejas.jpg","width":1200,"height":800,"caption":"Lay-off simplificado estende-se a empresas de carnes e cervejas"},{"@type":"BreadcrumbList","@id":"https:\/\/favorite-news.com\/pt\/lay-off-simplificado-estende-se-a-empresas-de-carnes-e-cervejas\/#breadcrumb","itemListElement":[{"@type":"ListItem","position":1,"name":"Home","item":"https:\/\/favorite-news.com\/pt\/"},{"@type":"ListItem","position":2,"name":"Lay-off simplificado estende-se a empresas de carnes e cervejas"}]},{"@type":"WebSite","@id":"https:\/\/favorite-news.com\/pt\/#website","url":"https:\/\/favorite-news.com\/pt\/","name":"Favorite News","description":"Favorite News Portugal","potentialAction":[{"@type":"SearchAction","target":{"@type":"EntryPoint","urlTemplate":"https:\/\/favorite-news.com\/pt\/?s={search_term_string}"},"query-input":{"@type":"PropertyValueSpecification","valueRequired":true,"valueName":"search_term_string"}}],"inLanguage":"pt-PT"},{"@type":"Person","@id":"https:\/\/favorite-news.com\/pt\/#\/schema\/person\/b91573b717dcfa5e4696032a9d28d3e8","name":"favorite-news","image":{"@type":"ImageObject","inLanguage":"pt-PT","@id":"https:\/\/secure.gravatar.com\/avatar\/6c5a5cb12b74e9d517ee91cf570335b7d16177f1977cc91db161adfa435945a7?s=96&d=mm&r=g","url":"https:\/\/secure.gravatar.com\/avatar\/6c5a5cb12b74e9d517ee91cf570335b7d16177f1977cc91db161adfa435945a7?s=96&d=mm&r=g","contentUrl":"https:\/\/secure.gravatar.com\/avatar\/6c5a5cb12b74e9d517ee91cf570335b7d16177f1977cc91db161adfa435945a7?s=96&d=mm&r=g","caption":"favorite-news"},"url":"https:\/\/favorite-news.com\/pt\/author\/pt\/"}]}},"_links":{"self":[{"href":"https:\/\/favorite-news.com\/pt\/wp-json\/wp\/v2\/posts\/9203","targetHints":{"allow":["GET"]}}],"collection":[{"href":"https:\/\/favorite-news.com\/pt\/wp-json\/wp\/v2\/posts"}],"about":[{"href":"https:\/\/favorite-news.com\/pt\/wp-json\/wp\/v2\/types\/post"}],"author":[{"embeddable":true,"href":"https:\/\/favorite-news.com\/pt\/wp-json\/wp\/v2\/users\/2"}],"replies":[{"embeddable":true,"href":"https:\/\/favorite-news.com\/pt\/wp-json\/wp\/v2\/comments?post=9203"}],"version-history":[{"count":1,"href":"https:\/\/favorite-news.com\/pt\/wp-json\/wp\/v2\/posts\/9203\/revisions"}],"predecessor-version":[{"id":9205,"href":"https:\/\/favorite-news.com\/pt\/wp-json\/wp\/v2\/posts\/9203\/revisions\/9205"}],"wp:featuredmedia":[{"embeddable":true,"href":"https:\/\/favorite-news.com\/pt\/wp-json\/wp\/v2\/media\/9204"}],"wp:attachment":[{"href":"https:\/\/favorite-news.com\/pt\/wp-json\/wp\/v2\/media?parent=9203"}],"wp:term":[{"taxonomy":"category","embeddable":true,"href":"https:\/\/favorite-news.com\/pt\/wp-json\/wp\/v2\/categories?post=9203"},{"taxonomy":"post_tag","embeddable":true,"href":"https:\/\/favorite-news.com\/pt\/wp-json\/wp\/v2\/tags?post=9203"}],"curies":[{"name":"wp","href":"https:\/\/api.w.org\/{rel}","templated":true}]}}