{"id":9191,"date":"2021-03-04T03:34:58","date_gmt":"2021-03-04T00:34:58","guid":{"rendered":"https:\/\/favorite-news.com\/pt\/governo-faz-avaliacao-negativa-das-amnistias-fiscais\/"},"modified":"2021-03-04T03:35:02","modified_gmt":"2021-03-04T00:35:02","slug":"governo-faz-avaliacao-negativa-das-amnistias-fiscais","status":"publish","type":"post","link":"https:\/\/favorite-news.com\/pt\/governo-faz-avaliacao-negativa-das-amnistias-fiscais\/","title":{"rendered":"Governo faz avalia\u00e7\u00e3o &#8220;negativa&#8221; das amnistias fiscais"},"content":{"rendered":"<p>        EU2017EE Estonian Presidency \/ WikimediaO secret\u00e1rio de Estado dos Assuntos Fiscais, Ant\u00f3nio Mendon\u00e7a Mendes<br \/>\nO secret\u00e1rio de Estado dos Assuntos Fiscais, Ant\u00f3nio Mendon\u00e7a Mendes, disse esta quarta-feira que o Governo faz uma \u201cavalia\u00e7\u00e3o negativa\u201d das amnistias fiscais passadas \u2013 as RERT (Regime Excecional de Regulariza\u00e7\u00e3o Tribut\u00e1ria) -, que permitiu o repatriamento de capitais com tributa\u00e7\u00e3o reduzida.<\/p>\n<p>Segundo noticiou o ECO, a avalia\u00e7\u00e3o \u201cnegativa\u201d ao relat\u00f3rio que a Autoridade Tribut\u00e1ria (AT) relativa \u00e0s \u00e0s amnistias fiscais do passado foi feita no in\u00edcio da audi\u00e7\u00e3o, pedida pelo PCP. Mendon\u00e7a Mendes apontou que \u201cningu\u00e9m gosta destes regimes\u201d.<br \/>\n\u201cNenhum dos tr\u00eas Governos que decidiu fazer este instrumento o fez com gosto, independentemente de ser um Governo do PS ou do PSD\u201d, indicou, frisando que s\u00e3o introduzidos \u201cem momentos de crise\u201d em que h\u00e1 \u201cmaior sa\u00edda de capitais do que em momentos de estabilidade\u201d, sendo necess\u00e1rio \u201ccapital para recapitalizar a economia\u201d.<br \/>\n\u201cFelizmente n\u00e3o tive de tomar essa decis\u00e3o\u201d, referiu, afirmando que \u201cdevemos aprender com os erros para evit\u00e1-los\u201d e que o \u201ccontexto agora \u00e9 diferente, com uma troca autom\u00e1tica de informa\u00e7\u00f5es a n\u00edvel mundial\u201d muito superior face \u00e0 d\u00e9cada anterior.<\/p>\n<p>Sublinhou ainda que o relat\u00f3rio n\u00e3o permitir\u00e1 recuperar receita mas dar\u00e1 \u201cmaior conhecimento sobre a forma como este tipo de contribuintes age para defraudar a lei\u201d.<br \/>\n Ta\u00edsa Pagno \/\/ <\/p>\n<p>\n<!--noindex--><br \/>\n<a href=\"https:\/\/zap.aeiou.pt\/governo-avaliacao-amnistias-fiscais-384899\" rel=\"nofollow\">Source link <\/a><br \/>\n<!--\/noindex--><\/p>\n","protected":false},"excerpt":{"rendered":"<p>EU2017EE Estonian Presidency \/ WikimediaO secret\u00e1rio de Estado dos Assuntos Fiscais, Ant\u00f3nio Mendon\u00e7a Mendes O secret\u00e1rio de Estado dos Assuntos Fiscais, Ant\u00f3nio Mendon\u00e7a Mendes, disse esta quarta-feira que o Governo faz uma \u201cavalia\u00e7\u00e3o negativa\u201d das amnistias fiscais passadas \u2013 as RERT (Regime Excecional de Regulariza\u00e7\u00e3o Tribut\u00e1ria) -, que permitiu o repatriamento de capitais com tributa\u00e7\u00e3o [&hellip;]<\/p>\n","protected":false},"author":2,"featured_media":9192,"comment_status":"open","ping_status":"open","sticky":false,"template":"","format":"standard","meta":{"footnotes":""},"categories":[1],"tags":[],"class_list":["post-9191","post","type-post","status-publish","format-standard","has-post-thumbnail","hentry","category-noticias-financeiras"],"yoast_head":"<!-- This site is optimized with the Yoast SEO plugin v27.4 - https:\/\/yoast.com\/product\/yoast-seo-wordpress\/ -->\n<title>Governo faz avalia\u00e7\u00e3o &quot;negativa&quot; das amnistias fiscais - Favorite News<\/title>\n<meta name=\"robots\" content=\"index, follow, max-snippet:-1, max-image-preview:large, max-video-preview:-1\" \/>\n<link rel=\"canonical\" href=\"https:\/\/favorite-news.com\/pt\/governo-faz-avaliacao-negativa-das-amnistias-fiscais\/\" \/>\n<meta property=\"og:locale\" content=\"pt_PT\" \/>\n<meta property=\"og:type\" content=\"article\" \/>\n<meta property=\"og:title\" content=\"Governo faz avalia\u00e7\u00e3o &quot;negativa&quot; das amnistias fiscais - Favorite News\" \/>\n<meta property=\"og:description\" content=\"EU2017EE Estonian Presidency \/ WikimediaO secret\u00e1rio de Estado dos Assuntos Fiscais, Ant\u00f3nio Mendon\u00e7a Mendes O secret\u00e1rio de Estado dos Assuntos Fiscais, Ant\u00f3nio Mendon\u00e7a Mendes, disse esta quarta-feira que o Governo faz uma \u201cavalia\u00e7\u00e3o negativa\u201d das amnistias fiscais passadas \u2013 as RERT (Regime Excecional de Regulariza\u00e7\u00e3o Tribut\u00e1ria) -, que permitiu o repatriamento de capitais com tributa\u00e7\u00e3o [&hellip;]\" \/>\n<meta property=\"og:url\" content=\"https:\/\/favorite-news.com\/pt\/governo-faz-avaliacao-negativa-das-amnistias-fiscais\/\" \/>\n<meta property=\"og:site_name\" content=\"Favorite News\" \/>\n<meta property=\"article:published_time\" content=\"2021-03-04T00:34:58+00:00\" \/>\n<meta property=\"article:modified_time\" content=\"2021-03-04T00:35:02+00:00\" \/>\n<meta property=\"og:image\" content=\"https:\/\/favorite-news.com\/pt\/wp-content\/uploads\/sites\/2\/2021\/03\/Governo-faz-avaliacao-negativa-das-amnistias-fiscais.jpg\" \/>\n\t<meta property=\"og:image:width\" content=\"800\" \/>\n\t<meta property=\"og:image:height\" content=\"533\" \/>\n\t<meta property=\"og:image:type\" content=\"image\/jpeg\" \/>\n<meta name=\"author\" content=\"favorite-news\" \/>\n<meta name=\"twitter:card\" content=\"summary_large_image\" \/>\n<meta name=\"twitter:label1\" content=\"Escrito por\" \/>\n\t<meta name=\"twitter:data1\" content=\"favorite-news\" \/>\n\t<meta name=\"twitter:label2\" content=\"Tempo estimado de leitura\" \/>\n\t<meta name=\"twitter:data2\" content=\"1 minuto\" \/>\n<script type=\"application\/ld+json\" class=\"yoast-schema-graph\">{\"@context\":\"https:\\\/\\\/schema.org\",\"@graph\":[{\"@type\":\"Article\",\"@id\":\"https:\\\/\\\/favorite-news.com\\\/pt\\\/governo-faz-avaliacao-negativa-das-amnistias-fiscais\\\/#article\",\"isPartOf\":{\"@id\":\"https:\\\/\\\/favorite-news.com\\\/pt\\\/governo-faz-avaliacao-negativa-das-amnistias-fiscais\\\/\"},\"author\":{\"name\":\"favorite-news\",\"@id\":\"https:\\\/\\\/favorite-news.com\\\/pt\\\/#\\\/schema\\\/person\\\/b91573b717dcfa5e4696032a9d28d3e8\"},\"headline\":\"Governo faz avalia\u00e7\u00e3o &#8220;negativa&#8221; das amnistias fiscais\",\"datePublished\":\"2021-03-04T00:34:58+00:00\",\"dateModified\":\"2021-03-04T00:35:02+00:00\",\"mainEntityOfPage\":{\"@id\":\"https:\\\/\\\/favorite-news.com\\\/pt\\\/governo-faz-avaliacao-negativa-das-amnistias-fiscais\\\/\"},\"wordCount\":251,\"commentCount\":0,\"image\":{\"@id\":\"https:\\\/\\\/favorite-news.com\\\/pt\\\/governo-faz-avaliacao-negativa-das-amnistias-fiscais\\\/#primaryimage\"},\"thumbnailUrl\":\"https:\\\/\\\/favorite-news.com\\\/pt\\\/wp-content\\\/uploads\\\/sites\\\/2\\\/2021\\\/03\\\/Governo-faz-avaliacao-negativa-das-amnistias-fiscais.jpg\",\"articleSection\":[\"NOT\u00cdCIAS FINANCEIRAS\"],\"inLanguage\":\"pt-PT\",\"potentialAction\":[{\"@type\":\"CommentAction\",\"name\":\"Comment\",\"target\":[\"https:\\\/\\\/favorite-news.com\\\/pt\\\/governo-faz-avaliacao-negativa-das-amnistias-fiscais\\\/#respond\"]}]},{\"@type\":\"WebPage\",\"@id\":\"https:\\\/\\\/favorite-news.com\\\/pt\\\/governo-faz-avaliacao-negativa-das-amnistias-fiscais\\\/\",\"url\":\"https:\\\/\\\/favorite-news.com\\\/pt\\\/governo-faz-avaliacao-negativa-das-amnistias-fiscais\\\/\",\"name\":\"Governo faz avalia\u00e7\u00e3o \\\"negativa\\\" das amnistias fiscais - Favorite News\",\"isPartOf\":{\"@id\":\"https:\\\/\\\/favorite-news.com\\\/pt\\\/#website\"},\"primaryImageOfPage\":{\"@id\":\"https:\\\/\\\/favorite-news.com\\\/pt\\\/governo-faz-avaliacao-negativa-das-amnistias-fiscais\\\/#primaryimage\"},\"image\":{\"@id\":\"https:\\\/\\\/favorite-news.com\\\/pt\\\/governo-faz-avaliacao-negativa-das-amnistias-fiscais\\\/#primaryimage\"},\"thumbnailUrl\":\"https:\\\/\\\/favorite-news.com\\\/pt\\\/wp-content\\\/uploads\\\/sites\\\/2\\\/2021\\\/03\\\/Governo-faz-avaliacao-negativa-das-amnistias-fiscais.jpg\",\"datePublished\":\"2021-03-04T00:34:58+00:00\",\"dateModified\":\"2021-03-04T00:35:02+00:00\",\"author\":{\"@id\":\"https:\\\/\\\/favorite-news.com\\\/pt\\\/#\\\/schema\\\/person\\\/b91573b717dcfa5e4696032a9d28d3e8\"},\"breadcrumb\":{\"@id\":\"https:\\\/\\\/favorite-news.com\\\/pt\\\/governo-faz-avaliacao-negativa-das-amnistias-fiscais\\\/#breadcrumb\"},\"inLanguage\":\"pt-PT\",\"potentialAction\":[{\"@type\":\"ReadAction\",\"target\":[\"https:\\\/\\\/favorite-news.com\\\/pt\\\/governo-faz-avaliacao-negativa-das-amnistias-fiscais\\\/\"]}]},{\"@type\":\"ImageObject\",\"inLanguage\":\"pt-PT\",\"@id\":\"https:\\\/\\\/favorite-news.com\\\/pt\\\/governo-faz-avaliacao-negativa-das-amnistias-fiscais\\\/#primaryimage\",\"url\":\"https:\\\/\\\/favorite-news.com\\\/pt\\\/wp-content\\\/uploads\\\/sites\\\/2\\\/2021\\\/03\\\/Governo-faz-avaliacao-negativa-das-amnistias-fiscais.jpg\",\"contentUrl\":\"https:\\\/\\\/favorite-news.com\\\/pt\\\/wp-content\\\/uploads\\\/sites\\\/2\\\/2021\\\/03\\\/Governo-faz-avaliacao-negativa-das-amnistias-fiscais.jpg\",\"width\":800,\"height\":533,\"caption\":\"Governo faz avalia\u00e7\u00e3o \\\"negativa\\\" das amnistias fiscais\"},{\"@type\":\"BreadcrumbList\",\"@id\":\"https:\\\/\\\/favorite-news.com\\\/pt\\\/governo-faz-avaliacao-negativa-das-amnistias-fiscais\\\/#breadcrumb\",\"itemListElement\":[{\"@type\":\"ListItem\",\"position\":1,\"name\":\"Home\",\"item\":\"https:\\\/\\\/favorite-news.com\\\/pt\\\/\"},{\"@type\":\"ListItem\",\"position\":2,\"name\":\"Governo faz avalia\u00e7\u00e3o &#8220;negativa&#8221; das amnistias fiscais\"}]},{\"@type\":\"WebSite\",\"@id\":\"https:\\\/\\\/favorite-news.com\\\/pt\\\/#website\",\"url\":\"https:\\\/\\\/favorite-news.com\\\/pt\\\/\",\"name\":\"Favorite News\",\"description\":\"Favorite News Portugal\",\"potentialAction\":[{\"@type\":\"SearchAction\",\"target\":{\"@type\":\"EntryPoint\",\"urlTemplate\":\"https:\\\/\\\/favorite-news.com\\\/pt\\\/?s={search_term_string}\"},\"query-input\":{\"@type\":\"PropertyValueSpecification\",\"valueRequired\":true,\"valueName\":\"search_term_string\"}}],\"inLanguage\":\"pt-PT\"},{\"@type\":\"Person\",\"@id\":\"https:\\\/\\\/favorite-news.com\\\/pt\\\/#\\\/schema\\\/person\\\/b91573b717dcfa5e4696032a9d28d3e8\",\"name\":\"favorite-news\",\"image\":{\"@type\":\"ImageObject\",\"inLanguage\":\"pt-PT\",\"@id\":\"https:\\\/\\\/secure.gravatar.com\\\/avatar\\\/6c5a5cb12b74e9d517ee91cf570335b7d16177f1977cc91db161adfa435945a7?s=96&d=mm&r=g\",\"url\":\"https:\\\/\\\/secure.gravatar.com\\\/avatar\\\/6c5a5cb12b74e9d517ee91cf570335b7d16177f1977cc91db161adfa435945a7?s=96&d=mm&r=g\",\"contentUrl\":\"https:\\\/\\\/secure.gravatar.com\\\/avatar\\\/6c5a5cb12b74e9d517ee91cf570335b7d16177f1977cc91db161adfa435945a7?s=96&d=mm&r=g\",\"caption\":\"favorite-news\"},\"url\":\"https:\\\/\\\/favorite-news.com\\\/pt\\\/author\\\/pt\\\/\"}]}<\/script>\n<!-- \/ Yoast SEO plugin. -->","yoast_head_json":{"title":"Governo faz avalia\u00e7\u00e3o \"negativa\" das amnistias fiscais - Favorite News","robots":{"index":"index","follow":"follow","max-snippet":"max-snippet:-1","max-image-preview":"max-image-preview:large","max-video-preview":"max-video-preview:-1"},"canonical":"https:\/\/favorite-news.com\/pt\/governo-faz-avaliacao-negativa-das-amnistias-fiscais\/","og_locale":"pt_PT","og_type":"article","og_title":"Governo faz avalia\u00e7\u00e3o \"negativa\" das amnistias fiscais - Favorite News","og_description":"EU2017EE Estonian Presidency \/ WikimediaO secret\u00e1rio de Estado dos Assuntos Fiscais, Ant\u00f3nio Mendon\u00e7a Mendes O secret\u00e1rio de Estado dos Assuntos Fiscais, Ant\u00f3nio Mendon\u00e7a Mendes, disse esta quarta-feira que o Governo faz uma \u201cavalia\u00e7\u00e3o negativa\u201d das amnistias fiscais passadas \u2013 as RERT (Regime Excecional de Regulariza\u00e7\u00e3o Tribut\u00e1ria) -, que permitiu o repatriamento de capitais com tributa\u00e7\u00e3o [&hellip;]","og_url":"https:\/\/favorite-news.com\/pt\/governo-faz-avaliacao-negativa-das-amnistias-fiscais\/","og_site_name":"Favorite News","article_published_time":"2021-03-04T00:34:58+00:00","article_modified_time":"2021-03-04T00:35:02+00:00","og_image":[{"width":800,"height":533,"url":"https:\/\/favorite-news.com\/pt\/wp-content\/uploads\/sites\/2\/2021\/03\/Governo-faz-avaliacao-negativa-das-amnistias-fiscais.jpg","type":"image\/jpeg"}],"author":"favorite-news","twitter_card":"summary_large_image","twitter_misc":{"Escrito por":"favorite-news","Tempo estimado de leitura":"1 minuto"},"schema":{"@context":"https:\/\/schema.org","@graph":[{"@type":"Article","@id":"https:\/\/favorite-news.com\/pt\/governo-faz-avaliacao-negativa-das-amnistias-fiscais\/#article","isPartOf":{"@id":"https:\/\/favorite-news.com\/pt\/governo-faz-avaliacao-negativa-das-amnistias-fiscais\/"},"author":{"name":"favorite-news","@id":"https:\/\/favorite-news.com\/pt\/#\/schema\/person\/b91573b717dcfa5e4696032a9d28d3e8"},"headline":"Governo faz avalia\u00e7\u00e3o &#8220;negativa&#8221; das amnistias fiscais","datePublished":"2021-03-04T00:34:58+00:00","dateModified":"2021-03-04T00:35:02+00:00","mainEntityOfPage":{"@id":"https:\/\/favorite-news.com\/pt\/governo-faz-avaliacao-negativa-das-amnistias-fiscais\/"},"wordCount":251,"commentCount":0,"image":{"@id":"https:\/\/favorite-news.com\/pt\/governo-faz-avaliacao-negativa-das-amnistias-fiscais\/#primaryimage"},"thumbnailUrl":"https:\/\/favorite-news.com\/pt\/wp-content\/uploads\/sites\/2\/2021\/03\/Governo-faz-avaliacao-negativa-das-amnistias-fiscais.jpg","articleSection":["NOT\u00cdCIAS FINANCEIRAS"],"inLanguage":"pt-PT","potentialAction":[{"@type":"CommentAction","name":"Comment","target":["https:\/\/favorite-news.com\/pt\/governo-faz-avaliacao-negativa-das-amnistias-fiscais\/#respond"]}]},{"@type":"WebPage","@id":"https:\/\/favorite-news.com\/pt\/governo-faz-avaliacao-negativa-das-amnistias-fiscais\/","url":"https:\/\/favorite-news.com\/pt\/governo-faz-avaliacao-negativa-das-amnistias-fiscais\/","name":"Governo faz avalia\u00e7\u00e3o \"negativa\" das amnistias fiscais - Favorite News","isPartOf":{"@id":"https:\/\/favorite-news.com\/pt\/#website"},"primaryImageOfPage":{"@id":"https:\/\/favorite-news.com\/pt\/governo-faz-avaliacao-negativa-das-amnistias-fiscais\/#primaryimage"},"image":{"@id":"https:\/\/favorite-news.com\/pt\/governo-faz-avaliacao-negativa-das-amnistias-fiscais\/#primaryimage"},"thumbnailUrl":"https:\/\/favorite-news.com\/pt\/wp-content\/uploads\/sites\/2\/2021\/03\/Governo-faz-avaliacao-negativa-das-amnistias-fiscais.jpg","datePublished":"2021-03-04T00:34:58+00:00","dateModified":"2021-03-04T00:35:02+00:00","author":{"@id":"https:\/\/favorite-news.com\/pt\/#\/schema\/person\/b91573b717dcfa5e4696032a9d28d3e8"},"breadcrumb":{"@id":"https:\/\/favorite-news.com\/pt\/governo-faz-avaliacao-negativa-das-amnistias-fiscais\/#breadcrumb"},"inLanguage":"pt-PT","potentialAction":[{"@type":"ReadAction","target":["https:\/\/favorite-news.com\/pt\/governo-faz-avaliacao-negativa-das-amnistias-fiscais\/"]}]},{"@type":"ImageObject","inLanguage":"pt-PT","@id":"https:\/\/favorite-news.com\/pt\/governo-faz-avaliacao-negativa-das-amnistias-fiscais\/#primaryimage","url":"https:\/\/favorite-news.com\/pt\/wp-content\/uploads\/sites\/2\/2021\/03\/Governo-faz-avaliacao-negativa-das-amnistias-fiscais.jpg","contentUrl":"https:\/\/favorite-news.com\/pt\/wp-content\/uploads\/sites\/2\/2021\/03\/Governo-faz-avaliacao-negativa-das-amnistias-fiscais.jpg","width":800,"height":533,"caption":"Governo faz avalia\u00e7\u00e3o \"negativa\" das amnistias fiscais"},{"@type":"BreadcrumbList","@id":"https:\/\/favorite-news.com\/pt\/governo-faz-avaliacao-negativa-das-amnistias-fiscais\/#breadcrumb","itemListElement":[{"@type":"ListItem","position":1,"name":"Home","item":"https:\/\/favorite-news.com\/pt\/"},{"@type":"ListItem","position":2,"name":"Governo faz avalia\u00e7\u00e3o &#8220;negativa&#8221; das amnistias fiscais"}]},{"@type":"WebSite","@id":"https:\/\/favorite-news.com\/pt\/#website","url":"https:\/\/favorite-news.com\/pt\/","name":"Favorite News","description":"Favorite News Portugal","potentialAction":[{"@type":"SearchAction","target":{"@type":"EntryPoint","urlTemplate":"https:\/\/favorite-news.com\/pt\/?s={search_term_string}"},"query-input":{"@type":"PropertyValueSpecification","valueRequired":true,"valueName":"search_term_string"}}],"inLanguage":"pt-PT"},{"@type":"Person","@id":"https:\/\/favorite-news.com\/pt\/#\/schema\/person\/b91573b717dcfa5e4696032a9d28d3e8","name":"favorite-news","image":{"@type":"ImageObject","inLanguage":"pt-PT","@id":"https:\/\/secure.gravatar.com\/avatar\/6c5a5cb12b74e9d517ee91cf570335b7d16177f1977cc91db161adfa435945a7?s=96&d=mm&r=g","url":"https:\/\/secure.gravatar.com\/avatar\/6c5a5cb12b74e9d517ee91cf570335b7d16177f1977cc91db161adfa435945a7?s=96&d=mm&r=g","contentUrl":"https:\/\/secure.gravatar.com\/avatar\/6c5a5cb12b74e9d517ee91cf570335b7d16177f1977cc91db161adfa435945a7?s=96&d=mm&r=g","caption":"favorite-news"},"url":"https:\/\/favorite-news.com\/pt\/author\/pt\/"}]}},"_links":{"self":[{"href":"https:\/\/favorite-news.com\/pt\/wp-json\/wp\/v2\/posts\/9191","targetHints":{"allow":["GET"]}}],"collection":[{"href":"https:\/\/favorite-news.com\/pt\/wp-json\/wp\/v2\/posts"}],"about":[{"href":"https:\/\/favorite-news.com\/pt\/wp-json\/wp\/v2\/types\/post"}],"author":[{"embeddable":true,"href":"https:\/\/favorite-news.com\/pt\/wp-json\/wp\/v2\/users\/2"}],"replies":[{"embeddable":true,"href":"https:\/\/favorite-news.com\/pt\/wp-json\/wp\/v2\/comments?post=9191"}],"version-history":[{"count":1,"href":"https:\/\/favorite-news.com\/pt\/wp-json\/wp\/v2\/posts\/9191\/revisions"}],"predecessor-version":[{"id":9193,"href":"https:\/\/favorite-news.com\/pt\/wp-json\/wp\/v2\/posts\/9191\/revisions\/9193"}],"wp:featuredmedia":[{"embeddable":true,"href":"https:\/\/favorite-news.com\/pt\/wp-json\/wp\/v2\/media\/9192"}],"wp:attachment":[{"href":"https:\/\/favorite-news.com\/pt\/wp-json\/wp\/v2\/media?parent=9191"}],"wp:term":[{"taxonomy":"category","embeddable":true,"href":"https:\/\/favorite-news.com\/pt\/wp-json\/wp\/v2\/categories?post=9191"},{"taxonomy":"post_tag","embeddable":true,"href":"https:\/\/favorite-news.com\/pt\/wp-json\/wp\/v2\/tags?post=9191"}],"curies":[{"name":"wp","href":"https:\/\/api.w.org\/{rel}","templated":true}]}}