{"id":9182,"date":"2021-03-01T16:32:59","date_gmt":"2021-03-01T13:32:59","guid":{"rendered":"https:\/\/favorite-news.com\/pt\/moratorias-terminam-no-final-do-mes-mas-banca-afasta-catastrofe-zap\/"},"modified":"2021-03-01T16:33:01","modified_gmt":"2021-03-01T13:33:01","slug":"moratorias-terminam-no-final-do-mes-mas-banca-afasta-catastrofe-zap","status":"publish","type":"post","link":"https:\/\/favorite-news.com\/pt\/moratorias-terminam-no-final-do-mes-mas-banca-afasta-catastrofe-zap\/","title":{"rendered":"Morat\u00f3rias terminam no final do m\u00eas, mas banca afasta cat\u00e1strofe &#8211; ZAP"},"content":{"rendered":"<p>        info79577 \/ Canva<br \/>\nAs morat\u00f3rias privadas para cr\u00e9dito \u00e0 habita\u00e7\u00e3o terminam j\u00e1 no pr\u00f3ximo dia 31 de mar\u00e7o e n\u00e3o est\u00e1 previsto o seu prolongamento.<\/p>\n<p>O ECO real\u00e7a que as morat\u00f3rias que v\u00e3o terminar no final do m\u00eas representam uma pequena parte do total\u00a0de morat\u00f3rias que foram concedidas pela banca, pelo que, se vier a acontecer um grande problema, s\u00f3 come\u00e7ar\u00e1 a ser sentido depois do ver\u00e3o, altura em que est\u00e1 previsto o t\u00e9rmino das morat\u00f3rias p\u00fablicas.<br \/>\nPara j\u00e1, est\u00e1 em causa a morat\u00f3ria criada pela Associa\u00e7\u00e3o Portuguesa de Bancos (APB) para cr\u00e9ditos hipotec\u00e1rios, nomeadamente as morat\u00f3rias pedidas para cr\u00e9ditos de segunda habita\u00e7\u00e3o que n\u00e3o encontram abrangidas pela morat\u00f3ria p\u00fablica. E, segundo os bancos, \u00e9 um n\u00famero reduzido.<br \/>\n\u201cA grande maioria, uma parte substancial, das morat\u00f3rias hipotec\u00e1rias s\u00e3o morat\u00f3rias p\u00fablicas e est\u00e3o inclu\u00eddas na morat\u00f3ria do Estado. Acompanhamos caso a caso, n\u00e3o tenho nenhuma raz\u00e3o para estar preocupado com as morat\u00f3rias que v\u00e3o expirar agora\u201d, disse Miguel Maya, presidente do BCP, na semana passada.<\/p>\n<p>Este banco tem 90% das morat\u00f3rias da casa ao abrigo do regime p\u00fablico, enquanto outros 10% est\u00e3o no regime da APB, o que leva o BCP a falar em \u201ccasos pontuais\u201d.<br \/>\nJ\u00e1 o BPI, com um quarto das morat\u00f3rias a expirarem dentro de semanas, sublinhou que quase 100% dos clientes que pediram suspens\u00e3o dos cr\u00e9ditos n\u00e3o viram a sua situa\u00e7\u00e3o financeira agravar-se nos \u00faltimos tempos, apesar da pandemia e do impacto na economia.<br \/>\n\u201cTemos feito um acompanhamento muit\u00edssimo de perto das morat\u00f3rias. Mais de 98% dos clientes com morat\u00f3ria n\u00e3o pioraram a sua situa\u00e7\u00e3o financeira e, por isso, n\u00e3o antevemos, para j\u00e1, um problema significativo\u201d, disse o presidente do BPI, Jo\u00e3o Pedro Oliveira e Costa, no in\u00edcio do m\u00eas passado.<br \/>\nCom o fim das morat\u00f3rias a aproximar-se, os bancos preparam reestrutura\u00e7\u00f5es dos contratos, mas s\u00f3 para as situa\u00e7\u00f5es mais delicadas de quem se encontre privado de rendimentos ou em situa\u00e7\u00e3o de desemprego.<br \/>\nDe acordo com o ECO, tanto a Caixa Geral de Dep\u00f3sitos como o BCP j\u00e1 admitiram solu\u00e7\u00f5es para os casos mais delicados, designadamente atrav\u00e9s de uma reestrutura\u00e7\u00e3o dos contratos, com alargamento dos prazos ou flexibilidade nos juros. Os outros bancos tamb\u00e9m ter\u00e3o de o fazer, porque assim determina a lei.<\/p>\n<p> Liliana Malainho, ZAP \/\/ <\/p>\n<p>\n<!--noindex--><br \/>\n<a href=\"https:\/\/zap.aeiou.pt\/moratorias-banca-afasta-catastrofe-384098\" rel=\"nofollow\">Source link <\/a><br \/>\n<!--\/noindex--><\/p>\n","protected":false},"excerpt":{"rendered":"<p>info79577 \/ Canva As morat\u00f3rias privadas para cr\u00e9dito \u00e0 habita\u00e7\u00e3o terminam j\u00e1 no pr\u00f3ximo dia 31 de mar\u00e7o e n\u00e3o est\u00e1 previsto o seu prolongamento. O ECO real\u00e7a que as morat\u00f3rias que v\u00e3o terminar no final do m\u00eas representam uma pequena parte do total\u00a0de morat\u00f3rias que foram concedidas pela banca, pelo que, se vier a [&hellip;]<\/p>\n","protected":false},"author":2,"featured_media":8729,"comment_status":"open","ping_status":"open","sticky":false,"template":"","format":"standard","meta":{"footnotes":""},"categories":[1],"tags":[],"class_list":["post-9182","post","type-post","status-publish","format-standard","has-post-thumbnail","hentry","category-noticias-financeiras"],"yoast_head":"<!-- This site is optimized with the Yoast SEO plugin v27.4 - https:\/\/yoast.com\/product\/yoast-seo-wordpress\/ -->\n<title>Morat\u00f3rias terminam no final do m\u00eas, mas banca afasta cat\u00e1strofe - ZAP - Favorite News<\/title>\n<meta name=\"robots\" content=\"index, follow, max-snippet:-1, max-image-preview:large, max-video-preview:-1\" \/>\n<link rel=\"canonical\" href=\"https:\/\/favorite-news.com\/pt\/moratorias-terminam-no-final-do-mes-mas-banca-afasta-catastrofe-zap\/\" \/>\n<meta property=\"og:locale\" content=\"pt_PT\" \/>\n<meta property=\"og:type\" content=\"article\" \/>\n<meta property=\"og:title\" content=\"Morat\u00f3rias terminam no final do m\u00eas, mas banca afasta cat\u00e1strofe - ZAP - Favorite News\" \/>\n<meta property=\"og:description\" content=\"info79577 \/ Canva As morat\u00f3rias privadas para cr\u00e9dito \u00e0 habita\u00e7\u00e3o terminam j\u00e1 no pr\u00f3ximo dia 31 de mar\u00e7o e n\u00e3o est\u00e1 previsto o seu prolongamento. O ECO real\u00e7a que as morat\u00f3rias que v\u00e3o terminar no final do m\u00eas representam uma pequena parte do total\u00a0de morat\u00f3rias que foram concedidas pela banca, pelo que, se vier a [&hellip;]\" \/>\n<meta property=\"og:url\" content=\"https:\/\/favorite-news.com\/pt\/moratorias-terminam-no-final-do-mes-mas-banca-afasta-catastrofe-zap\/\" \/>\n<meta property=\"og:site_name\" content=\"Favorite News\" \/>\n<meta property=\"article:published_time\" content=\"2021-03-01T13:32:59+00:00\" \/>\n<meta property=\"article:modified_time\" content=\"2021-03-01T13:33:01+00:00\" \/>\n<meta property=\"og:image\" content=\"https:\/\/favorite-news.com\/pt\/wp-content\/uploads\/sites\/2\/2021\/01\/Precos-das-casas-devem-descer-neste-ano-e-deixam-a.jpg\" \/>\n\t<meta property=\"og:image:width\" content=\"1200\" \/>\n\t<meta property=\"og:image:height\" content=\"801\" \/>\n\t<meta property=\"og:image:type\" content=\"image\/jpeg\" \/>\n<meta name=\"author\" content=\"favorite-news\" \/>\n<meta name=\"twitter:card\" content=\"summary_large_image\" \/>\n<meta name=\"twitter:label1\" content=\"Escrito por\" \/>\n\t<meta name=\"twitter:data1\" content=\"favorite-news\" \/>\n\t<meta name=\"twitter:label2\" content=\"Tempo estimado de leitura\" \/>\n\t<meta name=\"twitter:data2\" content=\"2 minutos\" \/>\n<script type=\"application\/ld+json\" class=\"yoast-schema-graph\">{\"@context\":\"https:\\\/\\\/schema.org\",\"@graph\":[{\"@type\":\"Article\",\"@id\":\"https:\\\/\\\/favorite-news.com\\\/pt\\\/moratorias-terminam-no-final-do-mes-mas-banca-afasta-catastrofe-zap\\\/#article\",\"isPartOf\":{\"@id\":\"https:\\\/\\\/favorite-news.com\\\/pt\\\/moratorias-terminam-no-final-do-mes-mas-banca-afasta-catastrofe-zap\\\/\"},\"author\":{\"name\":\"favorite-news\",\"@id\":\"https:\\\/\\\/favorite-news.com\\\/pt\\\/#\\\/schema\\\/person\\\/b91573b717dcfa5e4696032a9d28d3e8\"},\"headline\":\"Morat\u00f3rias terminam no final do m\u00eas, mas banca afasta cat\u00e1strofe &#8211; ZAP\",\"datePublished\":\"2021-03-01T13:32:59+00:00\",\"dateModified\":\"2021-03-01T13:33:01+00:00\",\"mainEntityOfPage\":{\"@id\":\"https:\\\/\\\/favorite-news.com\\\/pt\\\/moratorias-terminam-no-final-do-mes-mas-banca-afasta-catastrofe-zap\\\/\"},\"wordCount\":445,\"commentCount\":0,\"image\":{\"@id\":\"https:\\\/\\\/favorite-news.com\\\/pt\\\/moratorias-terminam-no-final-do-mes-mas-banca-afasta-catastrofe-zap\\\/#primaryimage\"},\"thumbnailUrl\":\"https:\\\/\\\/favorite-news.com\\\/pt\\\/wp-content\\\/uploads\\\/sites\\\/2\\\/2021\\\/01\\\/Precos-das-casas-devem-descer-neste-ano-e-deixam-a.jpg\",\"articleSection\":[\"NOT\u00cdCIAS FINANCEIRAS\"],\"inLanguage\":\"pt-PT\",\"potentialAction\":[{\"@type\":\"CommentAction\",\"name\":\"Comment\",\"target\":[\"https:\\\/\\\/favorite-news.com\\\/pt\\\/moratorias-terminam-no-final-do-mes-mas-banca-afasta-catastrofe-zap\\\/#respond\"]}]},{\"@type\":\"WebPage\",\"@id\":\"https:\\\/\\\/favorite-news.com\\\/pt\\\/moratorias-terminam-no-final-do-mes-mas-banca-afasta-catastrofe-zap\\\/\",\"url\":\"https:\\\/\\\/favorite-news.com\\\/pt\\\/moratorias-terminam-no-final-do-mes-mas-banca-afasta-catastrofe-zap\\\/\",\"name\":\"Morat\u00f3rias terminam no final do m\u00eas, mas banca afasta cat\u00e1strofe - ZAP - Favorite News\",\"isPartOf\":{\"@id\":\"https:\\\/\\\/favorite-news.com\\\/pt\\\/#website\"},\"primaryImageOfPage\":{\"@id\":\"https:\\\/\\\/favorite-news.com\\\/pt\\\/moratorias-terminam-no-final-do-mes-mas-banca-afasta-catastrofe-zap\\\/#primaryimage\"},\"image\":{\"@id\":\"https:\\\/\\\/favorite-news.com\\\/pt\\\/moratorias-terminam-no-final-do-mes-mas-banca-afasta-catastrofe-zap\\\/#primaryimage\"},\"thumbnailUrl\":\"https:\\\/\\\/favorite-news.com\\\/pt\\\/wp-content\\\/uploads\\\/sites\\\/2\\\/2021\\\/01\\\/Precos-das-casas-devem-descer-neste-ano-e-deixam-a.jpg\",\"datePublished\":\"2021-03-01T13:32:59+00:00\",\"dateModified\":\"2021-03-01T13:33:01+00:00\",\"author\":{\"@id\":\"https:\\\/\\\/favorite-news.com\\\/pt\\\/#\\\/schema\\\/person\\\/b91573b717dcfa5e4696032a9d28d3e8\"},\"breadcrumb\":{\"@id\":\"https:\\\/\\\/favorite-news.com\\\/pt\\\/moratorias-terminam-no-final-do-mes-mas-banca-afasta-catastrofe-zap\\\/#breadcrumb\"},\"inLanguage\":\"pt-PT\",\"potentialAction\":[{\"@type\":\"ReadAction\",\"target\":[\"https:\\\/\\\/favorite-news.com\\\/pt\\\/moratorias-terminam-no-final-do-mes-mas-banca-afasta-catastrofe-zap\\\/\"]}]},{\"@type\":\"ImageObject\",\"inLanguage\":\"pt-PT\",\"@id\":\"https:\\\/\\\/favorite-news.com\\\/pt\\\/moratorias-terminam-no-final-do-mes-mas-banca-afasta-catastrofe-zap\\\/#primaryimage\",\"url\":\"https:\\\/\\\/favorite-news.com\\\/pt\\\/wp-content\\\/uploads\\\/sites\\\/2\\\/2021\\\/01\\\/Precos-das-casas-devem-descer-neste-ano-e-deixam-a.jpg\",\"contentUrl\":\"https:\\\/\\\/favorite-news.com\\\/pt\\\/wp-content\\\/uploads\\\/sites\\\/2\\\/2021\\\/01\\\/Precos-das-casas-devem-descer-neste-ano-e-deixam-a.jpg\",\"width\":1200,\"height\":801,\"caption\":\"Pre\u00e7os das casas devem descer neste ano (e deixam a banca em risco)\"},{\"@type\":\"BreadcrumbList\",\"@id\":\"https:\\\/\\\/favorite-news.com\\\/pt\\\/moratorias-terminam-no-final-do-mes-mas-banca-afasta-catastrofe-zap\\\/#breadcrumb\",\"itemListElement\":[{\"@type\":\"ListItem\",\"position\":1,\"name\":\"Home\",\"item\":\"https:\\\/\\\/favorite-news.com\\\/pt\\\/\"},{\"@type\":\"ListItem\",\"position\":2,\"name\":\"Morat\u00f3rias terminam no final do m\u00eas, mas banca afasta cat\u00e1strofe &#8211; ZAP\"}]},{\"@type\":\"WebSite\",\"@id\":\"https:\\\/\\\/favorite-news.com\\\/pt\\\/#website\",\"url\":\"https:\\\/\\\/favorite-news.com\\\/pt\\\/\",\"name\":\"Favorite News\",\"description\":\"Favorite News Portugal\",\"potentialAction\":[{\"@type\":\"SearchAction\",\"target\":{\"@type\":\"EntryPoint\",\"urlTemplate\":\"https:\\\/\\\/favorite-news.com\\\/pt\\\/?s={search_term_string}\"},\"query-input\":{\"@type\":\"PropertyValueSpecification\",\"valueRequired\":true,\"valueName\":\"search_term_string\"}}],\"inLanguage\":\"pt-PT\"},{\"@type\":\"Person\",\"@id\":\"https:\\\/\\\/favorite-news.com\\\/pt\\\/#\\\/schema\\\/person\\\/b91573b717dcfa5e4696032a9d28d3e8\",\"name\":\"favorite-news\",\"image\":{\"@type\":\"ImageObject\",\"inLanguage\":\"pt-PT\",\"@id\":\"https:\\\/\\\/secure.gravatar.com\\\/avatar\\\/6c5a5cb12b74e9d517ee91cf570335b7d16177f1977cc91db161adfa435945a7?s=96&d=mm&r=g\",\"url\":\"https:\\\/\\\/secure.gravatar.com\\\/avatar\\\/6c5a5cb12b74e9d517ee91cf570335b7d16177f1977cc91db161adfa435945a7?s=96&d=mm&r=g\",\"contentUrl\":\"https:\\\/\\\/secure.gravatar.com\\\/avatar\\\/6c5a5cb12b74e9d517ee91cf570335b7d16177f1977cc91db161adfa435945a7?s=96&d=mm&r=g\",\"caption\":\"favorite-news\"},\"url\":\"https:\\\/\\\/favorite-news.com\\\/pt\\\/author\\\/pt\\\/\"}]}<\/script>\n<!-- \/ Yoast SEO plugin. -->","yoast_head_json":{"title":"Morat\u00f3rias terminam no final do m\u00eas, mas banca afasta cat\u00e1strofe - ZAP - Favorite News","robots":{"index":"index","follow":"follow","max-snippet":"max-snippet:-1","max-image-preview":"max-image-preview:large","max-video-preview":"max-video-preview:-1"},"canonical":"https:\/\/favorite-news.com\/pt\/moratorias-terminam-no-final-do-mes-mas-banca-afasta-catastrofe-zap\/","og_locale":"pt_PT","og_type":"article","og_title":"Morat\u00f3rias terminam no final do m\u00eas, mas banca afasta cat\u00e1strofe - ZAP - Favorite News","og_description":"info79577 \/ Canva As morat\u00f3rias privadas para cr\u00e9dito \u00e0 habita\u00e7\u00e3o terminam j\u00e1 no pr\u00f3ximo dia 31 de mar\u00e7o e n\u00e3o est\u00e1 previsto o seu prolongamento. O ECO real\u00e7a que as morat\u00f3rias que v\u00e3o terminar no final do m\u00eas representam uma pequena parte do total\u00a0de morat\u00f3rias que foram concedidas pela banca, pelo que, se vier a [&hellip;]","og_url":"https:\/\/favorite-news.com\/pt\/moratorias-terminam-no-final-do-mes-mas-banca-afasta-catastrofe-zap\/","og_site_name":"Favorite News","article_published_time":"2021-03-01T13:32:59+00:00","article_modified_time":"2021-03-01T13:33:01+00:00","og_image":[{"width":1200,"height":801,"url":"https:\/\/favorite-news.com\/pt\/wp-content\/uploads\/sites\/2\/2021\/01\/Precos-das-casas-devem-descer-neste-ano-e-deixam-a.jpg","type":"image\/jpeg"}],"author":"favorite-news","twitter_card":"summary_large_image","twitter_misc":{"Escrito por":"favorite-news","Tempo estimado de leitura":"2 minutos"},"schema":{"@context":"https:\/\/schema.org","@graph":[{"@type":"Article","@id":"https:\/\/favorite-news.com\/pt\/moratorias-terminam-no-final-do-mes-mas-banca-afasta-catastrofe-zap\/#article","isPartOf":{"@id":"https:\/\/favorite-news.com\/pt\/moratorias-terminam-no-final-do-mes-mas-banca-afasta-catastrofe-zap\/"},"author":{"name":"favorite-news","@id":"https:\/\/favorite-news.com\/pt\/#\/schema\/person\/b91573b717dcfa5e4696032a9d28d3e8"},"headline":"Morat\u00f3rias terminam no final do m\u00eas, mas banca afasta cat\u00e1strofe &#8211; ZAP","datePublished":"2021-03-01T13:32:59+00:00","dateModified":"2021-03-01T13:33:01+00:00","mainEntityOfPage":{"@id":"https:\/\/favorite-news.com\/pt\/moratorias-terminam-no-final-do-mes-mas-banca-afasta-catastrofe-zap\/"},"wordCount":445,"commentCount":0,"image":{"@id":"https:\/\/favorite-news.com\/pt\/moratorias-terminam-no-final-do-mes-mas-banca-afasta-catastrofe-zap\/#primaryimage"},"thumbnailUrl":"https:\/\/favorite-news.com\/pt\/wp-content\/uploads\/sites\/2\/2021\/01\/Precos-das-casas-devem-descer-neste-ano-e-deixam-a.jpg","articleSection":["NOT\u00cdCIAS FINANCEIRAS"],"inLanguage":"pt-PT","potentialAction":[{"@type":"CommentAction","name":"Comment","target":["https:\/\/favorite-news.com\/pt\/moratorias-terminam-no-final-do-mes-mas-banca-afasta-catastrofe-zap\/#respond"]}]},{"@type":"WebPage","@id":"https:\/\/favorite-news.com\/pt\/moratorias-terminam-no-final-do-mes-mas-banca-afasta-catastrofe-zap\/","url":"https:\/\/favorite-news.com\/pt\/moratorias-terminam-no-final-do-mes-mas-banca-afasta-catastrofe-zap\/","name":"Morat\u00f3rias terminam no final do m\u00eas, mas banca afasta cat\u00e1strofe - ZAP - Favorite News","isPartOf":{"@id":"https:\/\/favorite-news.com\/pt\/#website"},"primaryImageOfPage":{"@id":"https:\/\/favorite-news.com\/pt\/moratorias-terminam-no-final-do-mes-mas-banca-afasta-catastrofe-zap\/#primaryimage"},"image":{"@id":"https:\/\/favorite-news.com\/pt\/moratorias-terminam-no-final-do-mes-mas-banca-afasta-catastrofe-zap\/#primaryimage"},"thumbnailUrl":"https:\/\/favorite-news.com\/pt\/wp-content\/uploads\/sites\/2\/2021\/01\/Precos-das-casas-devem-descer-neste-ano-e-deixam-a.jpg","datePublished":"2021-03-01T13:32:59+00:00","dateModified":"2021-03-01T13:33:01+00:00","author":{"@id":"https:\/\/favorite-news.com\/pt\/#\/schema\/person\/b91573b717dcfa5e4696032a9d28d3e8"},"breadcrumb":{"@id":"https:\/\/favorite-news.com\/pt\/moratorias-terminam-no-final-do-mes-mas-banca-afasta-catastrofe-zap\/#breadcrumb"},"inLanguage":"pt-PT","potentialAction":[{"@type":"ReadAction","target":["https:\/\/favorite-news.com\/pt\/moratorias-terminam-no-final-do-mes-mas-banca-afasta-catastrofe-zap\/"]}]},{"@type":"ImageObject","inLanguage":"pt-PT","@id":"https:\/\/favorite-news.com\/pt\/moratorias-terminam-no-final-do-mes-mas-banca-afasta-catastrofe-zap\/#primaryimage","url":"https:\/\/favorite-news.com\/pt\/wp-content\/uploads\/sites\/2\/2021\/01\/Precos-das-casas-devem-descer-neste-ano-e-deixam-a.jpg","contentUrl":"https:\/\/favorite-news.com\/pt\/wp-content\/uploads\/sites\/2\/2021\/01\/Precos-das-casas-devem-descer-neste-ano-e-deixam-a.jpg","width":1200,"height":801,"caption":"Pre\u00e7os das casas devem descer neste ano (e deixam a banca em risco)"},{"@type":"BreadcrumbList","@id":"https:\/\/favorite-news.com\/pt\/moratorias-terminam-no-final-do-mes-mas-banca-afasta-catastrofe-zap\/#breadcrumb","itemListElement":[{"@type":"ListItem","position":1,"name":"Home","item":"https:\/\/favorite-news.com\/pt\/"},{"@type":"ListItem","position":2,"name":"Morat\u00f3rias terminam no final do m\u00eas, mas banca afasta cat\u00e1strofe &#8211; ZAP"}]},{"@type":"WebSite","@id":"https:\/\/favorite-news.com\/pt\/#website","url":"https:\/\/favorite-news.com\/pt\/","name":"Favorite News","description":"Favorite News Portugal","potentialAction":[{"@type":"SearchAction","target":{"@type":"EntryPoint","urlTemplate":"https:\/\/favorite-news.com\/pt\/?s={search_term_string}"},"query-input":{"@type":"PropertyValueSpecification","valueRequired":true,"valueName":"search_term_string"}}],"inLanguage":"pt-PT"},{"@type":"Person","@id":"https:\/\/favorite-news.com\/pt\/#\/schema\/person\/b91573b717dcfa5e4696032a9d28d3e8","name":"favorite-news","image":{"@type":"ImageObject","inLanguage":"pt-PT","@id":"https:\/\/secure.gravatar.com\/avatar\/6c5a5cb12b74e9d517ee91cf570335b7d16177f1977cc91db161adfa435945a7?s=96&d=mm&r=g","url":"https:\/\/secure.gravatar.com\/avatar\/6c5a5cb12b74e9d517ee91cf570335b7d16177f1977cc91db161adfa435945a7?s=96&d=mm&r=g","contentUrl":"https:\/\/secure.gravatar.com\/avatar\/6c5a5cb12b74e9d517ee91cf570335b7d16177f1977cc91db161adfa435945a7?s=96&d=mm&r=g","caption":"favorite-news"},"url":"https:\/\/favorite-news.com\/pt\/author\/pt\/"}]}},"_links":{"self":[{"href":"https:\/\/favorite-news.com\/pt\/wp-json\/wp\/v2\/posts\/9182","targetHints":{"allow":["GET"]}}],"collection":[{"href":"https:\/\/favorite-news.com\/pt\/wp-json\/wp\/v2\/posts"}],"about":[{"href":"https:\/\/favorite-news.com\/pt\/wp-json\/wp\/v2\/types\/post"}],"author":[{"embeddable":true,"href":"https:\/\/favorite-news.com\/pt\/wp-json\/wp\/v2\/users\/2"}],"replies":[{"embeddable":true,"href":"https:\/\/favorite-news.com\/pt\/wp-json\/wp\/v2\/comments?post=9182"}],"version-history":[{"count":1,"href":"https:\/\/favorite-news.com\/pt\/wp-json\/wp\/v2\/posts\/9182\/revisions"}],"predecessor-version":[{"id":9183,"href":"https:\/\/favorite-news.com\/pt\/wp-json\/wp\/v2\/posts\/9182\/revisions\/9183"}],"wp:featuredmedia":[{"embeddable":true,"href":"https:\/\/favorite-news.com\/pt\/wp-json\/wp\/v2\/media\/8729"}],"wp:attachment":[{"href":"https:\/\/favorite-news.com\/pt\/wp-json\/wp\/v2\/media?parent=9182"}],"wp:term":[{"taxonomy":"category","embeddable":true,"href":"https:\/\/favorite-news.com\/pt\/wp-json\/wp\/v2\/categories?post=9182"},{"taxonomy":"post_tag","embeddable":true,"href":"https:\/\/favorite-news.com\/pt\/wp-json\/wp\/v2\/tags?post=9182"}],"curies":[{"name":"wp","href":"https:\/\/api.w.org\/{rel}","templated":true}]}}