{"id":9176,"date":"2021-03-01T04:31:30","date_gmt":"2021-03-01T01:31:30","guid":{"rendered":"https:\/\/favorite-news.com\/pt\/fim-das-moratorias-vai-baixar-preco-das-casas-zap\/"},"modified":"2021-03-01T04:31:33","modified_gmt":"2021-03-01T01:31:33","slug":"fim-das-moratorias-vai-baixar-preco-das-casas-zap","status":"publish","type":"post","link":"https:\/\/favorite-news.com\/pt\/fim-das-moratorias-vai-baixar-preco-das-casas-zap\/","title":{"rendered":"Fim das morat\u00f3rias vai baixar pre\u00e7o das casas &#8211; ZAP"},"content":{"rendered":"<p>        (CC0\/PD) pxhere<br \/>\nA consultora Imovendo estima que os pre\u00e7os das casas v\u00e3o baixar nos pr\u00f3ximos seis a nove meses.<\/p>\n<p>A Renascen\u00e7a consultou o relat\u00f3rio regional de fevereiro, no qual se l\u00ea que haver\u00e1 \u201cuma crescente eros\u00e3o dos pre\u00e7os dos im\u00f3veis nos pr\u00f3ximos seis a nove meses\u201d, apesar do mercado ainda manter pre\u00e7os de venda elevados, o que demonstra \u201cuma boa capacidade de resili\u00eancia do setor imobili\u00e1rio face \u00e0 pandemia\u201d.<br \/>\nEm janeiro, 64% dos munic\u00edpios j\u00e1 evidenciavam uma estagna\u00e7\u00e3o ou arrefecimento no pre\u00e7o dos apartamentos, contra apenas 42% no segmento das moradias. Esta \u201crealidade tender\u00e1 a agravar-se \u00e0 medida que as morat\u00f3rias acabarem e a oferta imobili\u00e1ria aumentar mais do que a procura residencial\u201d, avan\u00e7a a consultora.<br \/>\nDe acordo com a Imovendo, h\u00e1 apenas tr\u00eas meses, o peso dos munic\u00edpios que j\u00e1 experimentavam alguma desacelera\u00e7\u00e3o dos pre\u00e7os nos apartamentos era de 58%, enquanto que nas moradias era de apenas 29%.<\/p>\n<p>O relat\u00f3rio justifica que esta \u00e9 uma consequ\u00eancia do \u201ccrescente impacto do aumento do desemprego, do aumento da incerteza sobre o desempenho econ\u00f3mico nacional nos pr\u00f3ximos seis meses e, sobretudo, o antecipar do fim das morat\u00f3rias\u201c.<br \/>\nA consultora acrescenta ainda que, se as morat\u00f3rias n\u00e3o terminarem de forma gradual e controlada, \u00e9 colocada \u201cuma press\u00e3o adicional do lado da procura para que os pre\u00e7os sejam fortemente ajustados em baixa\u201d.<br \/>\nEste ano ser\u00e1 \u201csin\u00f3nimo de invers\u00e3o do mercado e de novas oportunidades de investimento a pre\u00e7os mais competitivos\u201d, aponta.<\/p>\n<p> ZAP \/\/ <\/p>\n<p>\n<!--noindex--><br \/>\n<a href=\"https:\/\/zap.aeiou.pt\/fim-das-moratorias-vai-baixar-preco-das-casas-383833\" rel=\"nofollow\">Source link <\/a><br \/>\n<!--\/noindex--><\/p>\n","protected":false},"excerpt":{"rendered":"<p>(CC0\/PD) pxhere A consultora Imovendo estima que os pre\u00e7os das casas v\u00e3o baixar nos pr\u00f3ximos seis a nove meses. A Renascen\u00e7a consultou o relat\u00f3rio regional de fevereiro, no qual se l\u00ea que haver\u00e1 \u201cuma crescente eros\u00e3o dos pre\u00e7os dos im\u00f3veis nos pr\u00f3ximos seis a nove meses\u201d, apesar do mercado ainda manter pre\u00e7os de venda elevados, [&hellip;]<\/p>\n","protected":false},"author":2,"featured_media":9177,"comment_status":"open","ping_status":"open","sticky":false,"template":"","format":"standard","meta":{"footnotes":""},"categories":[1],"tags":[],"class_list":["post-9176","post","type-post","status-publish","format-standard","has-post-thumbnail","hentry","category-noticias-financeiras"],"yoast_head":"<!-- This site is optimized with the Yoast SEO plugin v27.4 - https:\/\/yoast.com\/product\/yoast-seo-wordpress\/ -->\n<title>Fim das morat\u00f3rias vai baixar pre\u00e7o das casas - ZAP - Favorite News<\/title>\n<meta name=\"robots\" content=\"index, follow, max-snippet:-1, max-image-preview:large, max-video-preview:-1\" \/>\n<link rel=\"canonical\" href=\"https:\/\/favorite-news.com\/pt\/fim-das-moratorias-vai-baixar-preco-das-casas-zap\/\" \/>\n<meta property=\"og:locale\" content=\"pt_PT\" \/>\n<meta property=\"og:type\" content=\"article\" \/>\n<meta property=\"og:title\" content=\"Fim das morat\u00f3rias vai baixar pre\u00e7o das casas - ZAP - Favorite News\" \/>\n<meta property=\"og:description\" content=\"(CC0\/PD) pxhere A consultora Imovendo estima que os pre\u00e7os das casas v\u00e3o baixar nos pr\u00f3ximos seis a nove meses. A Renascen\u00e7a consultou o relat\u00f3rio regional de fevereiro, no qual se l\u00ea que haver\u00e1 \u201cuma crescente eros\u00e3o dos pre\u00e7os dos im\u00f3veis nos pr\u00f3ximos seis a nove meses\u201d, apesar do mercado ainda manter pre\u00e7os de venda elevados, [&hellip;]\" \/>\n<meta property=\"og:url\" content=\"https:\/\/favorite-news.com\/pt\/fim-das-moratorias-vai-baixar-preco-das-casas-zap\/\" \/>\n<meta property=\"og:site_name\" content=\"Favorite News\" \/>\n<meta property=\"article:published_time\" content=\"2021-03-01T01:31:30+00:00\" \/>\n<meta property=\"article:modified_time\" content=\"2021-03-01T01:31:33+00:00\" \/>\n<meta property=\"og:image\" content=\"https:\/\/favorite-news.com\/pt\/wp-content\/uploads\/sites\/2\/2021\/03\/Fim-das-moratorias-vai-baixar-preco-das-casas-ZAP.jpg\" \/>\n\t<meta property=\"og:image:width\" content=\"1200\" \/>\n\t<meta property=\"og:image:height\" content=\"900\" \/>\n\t<meta property=\"og:image:type\" content=\"image\/jpeg\" \/>\n<meta name=\"author\" content=\"favorite-news\" \/>\n<meta name=\"twitter:card\" content=\"summary_large_image\" \/>\n<meta name=\"twitter:label1\" content=\"Escrito por\" \/>\n\t<meta name=\"twitter:data1\" content=\"favorite-news\" \/>\n\t<meta name=\"twitter:label2\" content=\"Tempo estimado de leitura\" \/>\n\t<meta name=\"twitter:data2\" content=\"1 minuto\" \/>\n<script type=\"application\/ld+json\" class=\"yoast-schema-graph\">{\"@context\":\"https:\\\/\\\/schema.org\",\"@graph\":[{\"@type\":\"Article\",\"@id\":\"https:\\\/\\\/favorite-news.com\\\/pt\\\/fim-das-moratorias-vai-baixar-preco-das-casas-zap\\\/#article\",\"isPartOf\":{\"@id\":\"https:\\\/\\\/favorite-news.com\\\/pt\\\/fim-das-moratorias-vai-baixar-preco-das-casas-zap\\\/\"},\"author\":{\"name\":\"favorite-news\",\"@id\":\"https:\\\/\\\/favorite-news.com\\\/pt\\\/#\\\/schema\\\/person\\\/b91573b717dcfa5e4696032a9d28d3e8\"},\"headline\":\"Fim das morat\u00f3rias vai baixar pre\u00e7o das casas &#8211; ZAP\",\"datePublished\":\"2021-03-01T01:31:30+00:00\",\"dateModified\":\"2021-03-01T01:31:33+00:00\",\"mainEntityOfPage\":{\"@id\":\"https:\\\/\\\/favorite-news.com\\\/pt\\\/fim-das-moratorias-vai-baixar-preco-das-casas-zap\\\/\"},\"wordCount\":279,\"commentCount\":0,\"image\":{\"@id\":\"https:\\\/\\\/favorite-news.com\\\/pt\\\/fim-das-moratorias-vai-baixar-preco-das-casas-zap\\\/#primaryimage\"},\"thumbnailUrl\":\"https:\\\/\\\/favorite-news.com\\\/pt\\\/wp-content\\\/uploads\\\/sites\\\/2\\\/2021\\\/03\\\/Fim-das-moratorias-vai-baixar-preco-das-casas-ZAP.jpg\",\"articleSection\":[\"NOT\u00cdCIAS FINANCEIRAS\"],\"inLanguage\":\"pt-PT\",\"potentialAction\":[{\"@type\":\"CommentAction\",\"name\":\"Comment\",\"target\":[\"https:\\\/\\\/favorite-news.com\\\/pt\\\/fim-das-moratorias-vai-baixar-preco-das-casas-zap\\\/#respond\"]}]},{\"@type\":\"WebPage\",\"@id\":\"https:\\\/\\\/favorite-news.com\\\/pt\\\/fim-das-moratorias-vai-baixar-preco-das-casas-zap\\\/\",\"url\":\"https:\\\/\\\/favorite-news.com\\\/pt\\\/fim-das-moratorias-vai-baixar-preco-das-casas-zap\\\/\",\"name\":\"Fim das morat\u00f3rias vai baixar pre\u00e7o das casas - ZAP - Favorite News\",\"isPartOf\":{\"@id\":\"https:\\\/\\\/favorite-news.com\\\/pt\\\/#website\"},\"primaryImageOfPage\":{\"@id\":\"https:\\\/\\\/favorite-news.com\\\/pt\\\/fim-das-moratorias-vai-baixar-preco-das-casas-zap\\\/#primaryimage\"},\"image\":{\"@id\":\"https:\\\/\\\/favorite-news.com\\\/pt\\\/fim-das-moratorias-vai-baixar-preco-das-casas-zap\\\/#primaryimage\"},\"thumbnailUrl\":\"https:\\\/\\\/favorite-news.com\\\/pt\\\/wp-content\\\/uploads\\\/sites\\\/2\\\/2021\\\/03\\\/Fim-das-moratorias-vai-baixar-preco-das-casas-ZAP.jpg\",\"datePublished\":\"2021-03-01T01:31:30+00:00\",\"dateModified\":\"2021-03-01T01:31:33+00:00\",\"author\":{\"@id\":\"https:\\\/\\\/favorite-news.com\\\/pt\\\/#\\\/schema\\\/person\\\/b91573b717dcfa5e4696032a9d28d3e8\"},\"breadcrumb\":{\"@id\":\"https:\\\/\\\/favorite-news.com\\\/pt\\\/fim-das-moratorias-vai-baixar-preco-das-casas-zap\\\/#breadcrumb\"},\"inLanguage\":\"pt-PT\",\"potentialAction\":[{\"@type\":\"ReadAction\",\"target\":[\"https:\\\/\\\/favorite-news.com\\\/pt\\\/fim-das-moratorias-vai-baixar-preco-das-casas-zap\\\/\"]}]},{\"@type\":\"ImageObject\",\"inLanguage\":\"pt-PT\",\"@id\":\"https:\\\/\\\/favorite-news.com\\\/pt\\\/fim-das-moratorias-vai-baixar-preco-das-casas-zap\\\/#primaryimage\",\"url\":\"https:\\\/\\\/favorite-news.com\\\/pt\\\/wp-content\\\/uploads\\\/sites\\\/2\\\/2021\\\/03\\\/Fim-das-moratorias-vai-baixar-preco-das-casas-ZAP.jpg\",\"contentUrl\":\"https:\\\/\\\/favorite-news.com\\\/pt\\\/wp-content\\\/uploads\\\/sites\\\/2\\\/2021\\\/03\\\/Fim-das-moratorias-vai-baixar-preco-das-casas-ZAP.jpg\",\"width\":1200,\"height\":900,\"caption\":\"Fim das morat\u00f3rias vai baixar pre\u00e7o das casas - ZAP\"},{\"@type\":\"BreadcrumbList\",\"@id\":\"https:\\\/\\\/favorite-news.com\\\/pt\\\/fim-das-moratorias-vai-baixar-preco-das-casas-zap\\\/#breadcrumb\",\"itemListElement\":[{\"@type\":\"ListItem\",\"position\":1,\"name\":\"Home\",\"item\":\"https:\\\/\\\/favorite-news.com\\\/pt\\\/\"},{\"@type\":\"ListItem\",\"position\":2,\"name\":\"Fim das morat\u00f3rias vai baixar pre\u00e7o das casas &#8211; ZAP\"}]},{\"@type\":\"WebSite\",\"@id\":\"https:\\\/\\\/favorite-news.com\\\/pt\\\/#website\",\"url\":\"https:\\\/\\\/favorite-news.com\\\/pt\\\/\",\"name\":\"Favorite News\",\"description\":\"Favorite News Portugal\",\"potentialAction\":[{\"@type\":\"SearchAction\",\"target\":{\"@type\":\"EntryPoint\",\"urlTemplate\":\"https:\\\/\\\/favorite-news.com\\\/pt\\\/?s={search_term_string}\"},\"query-input\":{\"@type\":\"PropertyValueSpecification\",\"valueRequired\":true,\"valueName\":\"search_term_string\"}}],\"inLanguage\":\"pt-PT\"},{\"@type\":\"Person\",\"@id\":\"https:\\\/\\\/favorite-news.com\\\/pt\\\/#\\\/schema\\\/person\\\/b91573b717dcfa5e4696032a9d28d3e8\",\"name\":\"favorite-news\",\"image\":{\"@type\":\"ImageObject\",\"inLanguage\":\"pt-PT\",\"@id\":\"https:\\\/\\\/secure.gravatar.com\\\/avatar\\\/6c5a5cb12b74e9d517ee91cf570335b7d16177f1977cc91db161adfa435945a7?s=96&d=mm&r=g\",\"url\":\"https:\\\/\\\/secure.gravatar.com\\\/avatar\\\/6c5a5cb12b74e9d517ee91cf570335b7d16177f1977cc91db161adfa435945a7?s=96&d=mm&r=g\",\"contentUrl\":\"https:\\\/\\\/secure.gravatar.com\\\/avatar\\\/6c5a5cb12b74e9d517ee91cf570335b7d16177f1977cc91db161adfa435945a7?s=96&d=mm&r=g\",\"caption\":\"favorite-news\"},\"url\":\"https:\\\/\\\/favorite-news.com\\\/pt\\\/author\\\/pt\\\/\"}]}<\/script>\n<!-- \/ Yoast SEO plugin. -->","yoast_head_json":{"title":"Fim das morat\u00f3rias vai baixar pre\u00e7o das casas - ZAP - Favorite News","robots":{"index":"index","follow":"follow","max-snippet":"max-snippet:-1","max-image-preview":"max-image-preview:large","max-video-preview":"max-video-preview:-1"},"canonical":"https:\/\/favorite-news.com\/pt\/fim-das-moratorias-vai-baixar-preco-das-casas-zap\/","og_locale":"pt_PT","og_type":"article","og_title":"Fim das morat\u00f3rias vai baixar pre\u00e7o das casas - ZAP - Favorite News","og_description":"(CC0\/PD) pxhere A consultora Imovendo estima que os pre\u00e7os das casas v\u00e3o baixar nos pr\u00f3ximos seis a nove meses. A Renascen\u00e7a consultou o relat\u00f3rio regional de fevereiro, no qual se l\u00ea que haver\u00e1 \u201cuma crescente eros\u00e3o dos pre\u00e7os dos im\u00f3veis nos pr\u00f3ximos seis a nove meses\u201d, apesar do mercado ainda manter pre\u00e7os de venda elevados, [&hellip;]","og_url":"https:\/\/favorite-news.com\/pt\/fim-das-moratorias-vai-baixar-preco-das-casas-zap\/","og_site_name":"Favorite News","article_published_time":"2021-03-01T01:31:30+00:00","article_modified_time":"2021-03-01T01:31:33+00:00","og_image":[{"width":1200,"height":900,"url":"https:\/\/favorite-news.com\/pt\/wp-content\/uploads\/sites\/2\/2021\/03\/Fim-das-moratorias-vai-baixar-preco-das-casas-ZAP.jpg","type":"image\/jpeg"}],"author":"favorite-news","twitter_card":"summary_large_image","twitter_misc":{"Escrito por":"favorite-news","Tempo estimado de leitura":"1 minuto"},"schema":{"@context":"https:\/\/schema.org","@graph":[{"@type":"Article","@id":"https:\/\/favorite-news.com\/pt\/fim-das-moratorias-vai-baixar-preco-das-casas-zap\/#article","isPartOf":{"@id":"https:\/\/favorite-news.com\/pt\/fim-das-moratorias-vai-baixar-preco-das-casas-zap\/"},"author":{"name":"favorite-news","@id":"https:\/\/favorite-news.com\/pt\/#\/schema\/person\/b91573b717dcfa5e4696032a9d28d3e8"},"headline":"Fim das morat\u00f3rias vai baixar pre\u00e7o das casas &#8211; ZAP","datePublished":"2021-03-01T01:31:30+00:00","dateModified":"2021-03-01T01:31:33+00:00","mainEntityOfPage":{"@id":"https:\/\/favorite-news.com\/pt\/fim-das-moratorias-vai-baixar-preco-das-casas-zap\/"},"wordCount":279,"commentCount":0,"image":{"@id":"https:\/\/favorite-news.com\/pt\/fim-das-moratorias-vai-baixar-preco-das-casas-zap\/#primaryimage"},"thumbnailUrl":"https:\/\/favorite-news.com\/pt\/wp-content\/uploads\/sites\/2\/2021\/03\/Fim-das-moratorias-vai-baixar-preco-das-casas-ZAP.jpg","articleSection":["NOT\u00cdCIAS FINANCEIRAS"],"inLanguage":"pt-PT","potentialAction":[{"@type":"CommentAction","name":"Comment","target":["https:\/\/favorite-news.com\/pt\/fim-das-moratorias-vai-baixar-preco-das-casas-zap\/#respond"]}]},{"@type":"WebPage","@id":"https:\/\/favorite-news.com\/pt\/fim-das-moratorias-vai-baixar-preco-das-casas-zap\/","url":"https:\/\/favorite-news.com\/pt\/fim-das-moratorias-vai-baixar-preco-das-casas-zap\/","name":"Fim das morat\u00f3rias vai baixar pre\u00e7o das casas - ZAP - Favorite News","isPartOf":{"@id":"https:\/\/favorite-news.com\/pt\/#website"},"primaryImageOfPage":{"@id":"https:\/\/favorite-news.com\/pt\/fim-das-moratorias-vai-baixar-preco-das-casas-zap\/#primaryimage"},"image":{"@id":"https:\/\/favorite-news.com\/pt\/fim-das-moratorias-vai-baixar-preco-das-casas-zap\/#primaryimage"},"thumbnailUrl":"https:\/\/favorite-news.com\/pt\/wp-content\/uploads\/sites\/2\/2021\/03\/Fim-das-moratorias-vai-baixar-preco-das-casas-ZAP.jpg","datePublished":"2021-03-01T01:31:30+00:00","dateModified":"2021-03-01T01:31:33+00:00","author":{"@id":"https:\/\/favorite-news.com\/pt\/#\/schema\/person\/b91573b717dcfa5e4696032a9d28d3e8"},"breadcrumb":{"@id":"https:\/\/favorite-news.com\/pt\/fim-das-moratorias-vai-baixar-preco-das-casas-zap\/#breadcrumb"},"inLanguage":"pt-PT","potentialAction":[{"@type":"ReadAction","target":["https:\/\/favorite-news.com\/pt\/fim-das-moratorias-vai-baixar-preco-das-casas-zap\/"]}]},{"@type":"ImageObject","inLanguage":"pt-PT","@id":"https:\/\/favorite-news.com\/pt\/fim-das-moratorias-vai-baixar-preco-das-casas-zap\/#primaryimage","url":"https:\/\/favorite-news.com\/pt\/wp-content\/uploads\/sites\/2\/2021\/03\/Fim-das-moratorias-vai-baixar-preco-das-casas-ZAP.jpg","contentUrl":"https:\/\/favorite-news.com\/pt\/wp-content\/uploads\/sites\/2\/2021\/03\/Fim-das-moratorias-vai-baixar-preco-das-casas-ZAP.jpg","width":1200,"height":900,"caption":"Fim das morat\u00f3rias vai baixar pre\u00e7o das casas - ZAP"},{"@type":"BreadcrumbList","@id":"https:\/\/favorite-news.com\/pt\/fim-das-moratorias-vai-baixar-preco-das-casas-zap\/#breadcrumb","itemListElement":[{"@type":"ListItem","position":1,"name":"Home","item":"https:\/\/favorite-news.com\/pt\/"},{"@type":"ListItem","position":2,"name":"Fim das morat\u00f3rias vai baixar pre\u00e7o das casas &#8211; ZAP"}]},{"@type":"WebSite","@id":"https:\/\/favorite-news.com\/pt\/#website","url":"https:\/\/favorite-news.com\/pt\/","name":"Favorite News","description":"Favorite News Portugal","potentialAction":[{"@type":"SearchAction","target":{"@type":"EntryPoint","urlTemplate":"https:\/\/favorite-news.com\/pt\/?s={search_term_string}"},"query-input":{"@type":"PropertyValueSpecification","valueRequired":true,"valueName":"search_term_string"}}],"inLanguage":"pt-PT"},{"@type":"Person","@id":"https:\/\/favorite-news.com\/pt\/#\/schema\/person\/b91573b717dcfa5e4696032a9d28d3e8","name":"favorite-news","image":{"@type":"ImageObject","inLanguage":"pt-PT","@id":"https:\/\/secure.gravatar.com\/avatar\/6c5a5cb12b74e9d517ee91cf570335b7d16177f1977cc91db161adfa435945a7?s=96&d=mm&r=g","url":"https:\/\/secure.gravatar.com\/avatar\/6c5a5cb12b74e9d517ee91cf570335b7d16177f1977cc91db161adfa435945a7?s=96&d=mm&r=g","contentUrl":"https:\/\/secure.gravatar.com\/avatar\/6c5a5cb12b74e9d517ee91cf570335b7d16177f1977cc91db161adfa435945a7?s=96&d=mm&r=g","caption":"favorite-news"},"url":"https:\/\/favorite-news.com\/pt\/author\/pt\/"}]}},"_links":{"self":[{"href":"https:\/\/favorite-news.com\/pt\/wp-json\/wp\/v2\/posts\/9176","targetHints":{"allow":["GET"]}}],"collection":[{"href":"https:\/\/favorite-news.com\/pt\/wp-json\/wp\/v2\/posts"}],"about":[{"href":"https:\/\/favorite-news.com\/pt\/wp-json\/wp\/v2\/types\/post"}],"author":[{"embeddable":true,"href":"https:\/\/favorite-news.com\/pt\/wp-json\/wp\/v2\/users\/2"}],"replies":[{"embeddable":true,"href":"https:\/\/favorite-news.com\/pt\/wp-json\/wp\/v2\/comments?post=9176"}],"version-history":[{"count":1,"href":"https:\/\/favorite-news.com\/pt\/wp-json\/wp\/v2\/posts\/9176\/revisions"}],"predecessor-version":[{"id":9178,"href":"https:\/\/favorite-news.com\/pt\/wp-json\/wp\/v2\/posts\/9176\/revisions\/9178"}],"wp:featuredmedia":[{"embeddable":true,"href":"https:\/\/favorite-news.com\/pt\/wp-json\/wp\/v2\/media\/9177"}],"wp:attachment":[{"href":"https:\/\/favorite-news.com\/pt\/wp-json\/wp\/v2\/media?parent=9176"}],"wp:term":[{"taxonomy":"category","embeddable":true,"href":"https:\/\/favorite-news.com\/pt\/wp-json\/wp\/v2\/categories?post=9176"},{"taxonomy":"post_tag","embeddable":true,"href":"https:\/\/favorite-news.com\/pt\/wp-json\/wp\/v2\/tags?post=9176"}],"curies":[{"name":"wp","href":"https:\/\/api.w.org\/{rel}","templated":true}]}}