{"id":9158,"date":"2021-02-27T16:12:15","date_gmt":"2021-02-27T13:12:15","guid":{"rendered":"https:\/\/favorite-news.com\/pt\/governo-vai-comecar-a-executar-prr-pela-saude-e-apoio-aos-idosos\/"},"modified":"2021-02-27T16:12:18","modified_gmt":"2021-02-27T13:12:18","slug":"governo-vai-comecar-a-executar-prr-pela-saude-e-apoio-aos-idosos","status":"publish","type":"post","link":"https:\/\/favorite-news.com\/pt\/governo-vai-comecar-a-executar-prr-pela-saude-e-apoio-aos-idosos\/","title":{"rendered":"Governo vai come\u00e7ar a executar PRR pela sa\u00fade e apoio aos idosos"},"content":{"rendered":"<p>        Ant\u00f3nio Pedro Santos \/ EPAA ministra de Estado e da Presid\u00eancia, Mariana Vieira da Silva<br \/>\nO Governo quer come\u00e7ar a executar o Plano de Recupera\u00e7\u00e3o e Resili\u00eancia (PRR) pela \u00e1rea da sa\u00fade e combate \u00e0s vulnerabilidades sociais.<\/p>\n<p>Em declara\u00e7\u00f5es ao jornal P\u00fablico, a ministra de Estado e da Presid\u00eancia, Mariana Vieira da Silva, explicou que os centros de sa\u00fade, a cria\u00e7\u00e3o de equipas locais para coordenar respostas sociais e as novas medidas que possam adiar a institucionaliza\u00e7\u00e3o dos mais idosos s\u00e3o dimens\u00f5es \u201cpriorit\u00e1rias\u201d.<br \/>\n\u201cAs dimens\u00f5es que decorrem mais de ganhar resili\u00eancia no p\u00f3s-pandemia tendem a ser as que t\u00eam uma dimens\u00e3o de urg\u00eancia maior. Ainda que este plano seja de resili\u00eancia e prepara\u00e7\u00e3o para o futuro tamb\u00e9m tem dimens\u00f5es de refor\u00e7o e de resposta \u00e0 pandemia que era ali\u00e1s a primeira recomenda\u00e7\u00e3o espec\u00edfica a que t\u00ednhamos de responder\u201d, disse.<br \/>\nA governante explicou que na sa\u00fade \u201ch\u00e1 sinais claros de necessidade de refor\u00e7o da resposta de proximidade\u201d, como \u00e9 o caso da rede de cuidados prim\u00e1rios, da sa\u00fade mental e da sa\u00fade digital.<\/p>\n<p>\u201cDiria que as respostas de proximidade t\u00eam condi\u00e7\u00f5es para avan\u00e7ar mais rapidamente do que alguns grandes investimentos e important\u00edssimos para o pa\u00eds, por exemplo, nas regi\u00f5es transfronteiri\u00e7as, que aqui tamb\u00e9m est\u00e3o previstos\u201d, afirmou tamb\u00e9m a ministra, acrescentando que \u201cos investimentos de base mais local s\u00e3o mais f\u00e1ceis de concretizar nos primeiros anos\u201d.<br \/>\nPor\u00e9m, segundo o di\u00e1rio, a fase da execu\u00e7\u00e3o deste PRR est\u00e1 prevista apenas para o ver\u00e3o, depois de Portugal receber a primeira tranche europeia. At\u00e9 l\u00e1, ainda decorrem negocia\u00e7\u00f5es com a Comiss\u00e3o Europeia e falta a ratifica\u00e7\u00e3o dos 27 Estados-membros.<br \/>\nHabita\u00e7\u00e3o: Comparticipa\u00e7\u00e3o m\u00e1xima \u00e0s c\u00e2maras<br \/>\nSegundo o mesmo jornal, os munic\u00edpios poder\u00e3o receber taxas de comparticipa\u00e7\u00e3o de 100% nos investimentos que fizerem no \u00e2mbito do programa de apoio ao acesso \u00e0 habita\u00e7\u00e3o, um an\u00fancio que surpreendeu os pr\u00f3prios autarcas.<br \/>\n\u201cTemos de construir 26 mil fogos nesta primeira leva. Ser\u00e1 muito dif\u00edcil, se olharmos para o nosso hist\u00f3rico. Mas temos j\u00e1 muitas Estrat\u00e9gias Locais de Habita\u00e7\u00e3o com acordos assinados, e atualmente todos os munic\u00edpios est\u00e3o j\u00e1 a desenvolver a sua estrat\u00e9gia. Temos boas perspetivas de que o pa\u00eds vai aproveitar esta oportunidade\u201d, afirmou o ministro da Habita\u00e7\u00e3o, Pedro Nuno Santos, na sess\u00e3o p\u00fablica de debate sobre os temas da habita\u00e7\u00e3o no \u00e2mbito do PRR.<br \/>\nDe acordo com o di\u00e1rio, em causa est\u00e1 um financiamento de 1251 milh\u00f5es de euros que o Executivo pretende ir buscar em subven\u00e7\u00f5es no PRR para fazer face \u00e0 situa\u00e7\u00e3o de pelo menos 26 mil fam\u00edlias que vivem em situa\u00e7\u00e3o indigna.<br \/>\n\u201c\u00c9 um grande desafio para o pa\u00eds, porque teremos de o executar num prazo muito curto. \u00c9 um prazo onde todos \u2013 Estado, administra\u00e7\u00e3o central, autarquias, cooperativas, associa\u00e7\u00f5es \u2013, todos temos de nos mobilizar para executar a totalidade da verba\u201d, afirmou ainda o governante.<br \/>\nSegundo o jornal, esta pressa explica-se pelo facto de a execu\u00e7\u00e3o do programa poder ser feita at\u00e9 2026, mas os investimentos terem de estar todos programados e contratualizados at\u00e9 2023.<br \/>\nO PRR que Portugal apresentou para aceder \u00e0s verbas comunit\u00e1rias para fazer face \u00e0s consequ\u00eancias da pandemia prev\u00ea 36 reformas e 77 investimentos nas \u00e1reas sociais, clima e digitaliza\u00e7\u00e3o, correspondentes a um total de 13,9 mil milh\u00f5es de euros de subven\u00e7\u00f5es. Na pr\u00f3xima segunda-feira, termina a fase de consulta p\u00fablica.<\/p>\n<p> ZAP \/\/ <\/p>\n<p>\n<!--noindex--><br \/>\n<a href=\"https:\/\/zap.aeiou.pt\/governo-prr-saude-apoio-idosos-383928\" rel=\"nofollow\">Source link <\/a><br \/>\n<!--\/noindex--><\/p>\n","protected":false},"excerpt":{"rendered":"<p>Ant\u00f3nio Pedro Santos \/ EPAA ministra de Estado e da Presid\u00eancia, Mariana Vieira da Silva O Governo quer come\u00e7ar a executar o Plano de Recupera\u00e7\u00e3o e Resili\u00eancia (PRR) pela \u00e1rea da sa\u00fade e combate \u00e0s vulnerabilidades sociais. Em declara\u00e7\u00f5es ao jornal P\u00fablico, a ministra de Estado e da Presid\u00eancia, Mariana Vieira da Silva, explicou que [&hellip;]<\/p>\n","protected":false},"author":2,"featured_media":9159,"comment_status":"open","ping_status":"open","sticky":false,"template":"","format":"standard","meta":{"footnotes":""},"categories":[1],"tags":[],"class_list":["post-9158","post","type-post","status-publish","format-standard","has-post-thumbnail","hentry","category-noticias-financeiras"],"yoast_head":"<!-- This site is optimized with the Yoast SEO plugin v27.4 - https:\/\/yoast.com\/product\/yoast-seo-wordpress\/ -->\n<title>Governo vai come\u00e7ar a executar PRR pela sa\u00fade e apoio aos idosos - Favorite News<\/title>\n<meta name=\"robots\" content=\"index, follow, max-snippet:-1, max-image-preview:large, max-video-preview:-1\" \/>\n<link rel=\"canonical\" href=\"https:\/\/favorite-news.com\/pt\/governo-vai-comecar-a-executar-prr-pela-saude-e-apoio-aos-idosos\/\" \/>\n<meta property=\"og:locale\" content=\"pt_PT\" \/>\n<meta property=\"og:type\" content=\"article\" \/>\n<meta property=\"og:title\" content=\"Governo vai come\u00e7ar a executar PRR pela sa\u00fade e apoio aos idosos - Favorite News\" \/>\n<meta property=\"og:description\" content=\"Ant\u00f3nio Pedro Santos \/ EPAA ministra de Estado e da Presid\u00eancia, Mariana Vieira da Silva O Governo quer come\u00e7ar a executar o Plano de Recupera\u00e7\u00e3o e Resili\u00eancia (PRR) pela \u00e1rea da sa\u00fade e combate \u00e0s vulnerabilidades sociais. Em declara\u00e7\u00f5es ao jornal P\u00fablico, a ministra de Estado e da Presid\u00eancia, Mariana Vieira da Silva, explicou que [&hellip;]\" \/>\n<meta property=\"og:url\" content=\"https:\/\/favorite-news.com\/pt\/governo-vai-comecar-a-executar-prr-pela-saude-e-apoio-aos-idosos\/\" \/>\n<meta property=\"og:site_name\" content=\"Favorite News\" \/>\n<meta property=\"article:published_time\" content=\"2021-02-27T13:12:15+00:00\" \/>\n<meta property=\"article:modified_time\" content=\"2021-02-27T13:12:18+00:00\" \/>\n<meta property=\"og:image\" content=\"https:\/\/favorite-news.com\/pt\/wp-content\/uploads\/sites\/2\/2021\/02\/Governo-vai-comecar-a-executar-PRR-pela-saude-e-apoio.jpg\" \/>\n\t<meta property=\"og:image:width\" content=\"1200\" \/>\n\t<meta property=\"og:image:height\" content=\"800\" \/>\n\t<meta property=\"og:image:type\" content=\"image\/jpeg\" \/>\n<meta name=\"author\" content=\"favorite-news\" \/>\n<meta name=\"twitter:card\" content=\"summary_large_image\" \/>\n<meta name=\"twitter:label1\" content=\"Escrito por\" \/>\n\t<meta name=\"twitter:data1\" content=\"favorite-news\" \/>\n\t<meta name=\"twitter:label2\" content=\"Tempo estimado de leitura\" \/>\n\t<meta name=\"twitter:data2\" content=\"3 minutos\" \/>\n<script type=\"application\/ld+json\" class=\"yoast-schema-graph\">{\"@context\":\"https:\\\/\\\/schema.org\",\"@graph\":[{\"@type\":\"Article\",\"@id\":\"https:\\\/\\\/favorite-news.com\\\/pt\\\/governo-vai-comecar-a-executar-prr-pela-saude-e-apoio-aos-idosos\\\/#article\",\"isPartOf\":{\"@id\":\"https:\\\/\\\/favorite-news.com\\\/pt\\\/governo-vai-comecar-a-executar-prr-pela-saude-e-apoio-aos-idosos\\\/\"},\"author\":{\"name\":\"favorite-news\",\"@id\":\"https:\\\/\\\/favorite-news.com\\\/pt\\\/#\\\/schema\\\/person\\\/b91573b717dcfa5e4696032a9d28d3e8\"},\"headline\":\"Governo vai come\u00e7ar a executar PRR pela sa\u00fade e apoio aos idosos\",\"datePublished\":\"2021-02-27T13:12:15+00:00\",\"dateModified\":\"2021-02-27T13:12:18+00:00\",\"mainEntityOfPage\":{\"@id\":\"https:\\\/\\\/favorite-news.com\\\/pt\\\/governo-vai-comecar-a-executar-prr-pela-saude-e-apoio-aos-idosos\\\/\"},\"wordCount\":633,\"commentCount\":0,\"image\":{\"@id\":\"https:\\\/\\\/favorite-news.com\\\/pt\\\/governo-vai-comecar-a-executar-prr-pela-saude-e-apoio-aos-idosos\\\/#primaryimage\"},\"thumbnailUrl\":\"https:\\\/\\\/favorite-news.com\\\/pt\\\/wp-content\\\/uploads\\\/sites\\\/2\\\/2021\\\/02\\\/Governo-vai-comecar-a-executar-PRR-pela-saude-e-apoio.jpg\",\"articleSection\":[\"NOT\u00cdCIAS FINANCEIRAS\"],\"inLanguage\":\"pt-PT\",\"potentialAction\":[{\"@type\":\"CommentAction\",\"name\":\"Comment\",\"target\":[\"https:\\\/\\\/favorite-news.com\\\/pt\\\/governo-vai-comecar-a-executar-prr-pela-saude-e-apoio-aos-idosos\\\/#respond\"]}]},{\"@type\":\"WebPage\",\"@id\":\"https:\\\/\\\/favorite-news.com\\\/pt\\\/governo-vai-comecar-a-executar-prr-pela-saude-e-apoio-aos-idosos\\\/\",\"url\":\"https:\\\/\\\/favorite-news.com\\\/pt\\\/governo-vai-comecar-a-executar-prr-pela-saude-e-apoio-aos-idosos\\\/\",\"name\":\"Governo vai come\u00e7ar a executar PRR pela sa\u00fade e apoio aos idosos - Favorite News\",\"isPartOf\":{\"@id\":\"https:\\\/\\\/favorite-news.com\\\/pt\\\/#website\"},\"primaryImageOfPage\":{\"@id\":\"https:\\\/\\\/favorite-news.com\\\/pt\\\/governo-vai-comecar-a-executar-prr-pela-saude-e-apoio-aos-idosos\\\/#primaryimage\"},\"image\":{\"@id\":\"https:\\\/\\\/favorite-news.com\\\/pt\\\/governo-vai-comecar-a-executar-prr-pela-saude-e-apoio-aos-idosos\\\/#primaryimage\"},\"thumbnailUrl\":\"https:\\\/\\\/favorite-news.com\\\/pt\\\/wp-content\\\/uploads\\\/sites\\\/2\\\/2021\\\/02\\\/Governo-vai-comecar-a-executar-PRR-pela-saude-e-apoio.jpg\",\"datePublished\":\"2021-02-27T13:12:15+00:00\",\"dateModified\":\"2021-02-27T13:12:18+00:00\",\"author\":{\"@id\":\"https:\\\/\\\/favorite-news.com\\\/pt\\\/#\\\/schema\\\/person\\\/b91573b717dcfa5e4696032a9d28d3e8\"},\"breadcrumb\":{\"@id\":\"https:\\\/\\\/favorite-news.com\\\/pt\\\/governo-vai-comecar-a-executar-prr-pela-saude-e-apoio-aos-idosos\\\/#breadcrumb\"},\"inLanguage\":\"pt-PT\",\"potentialAction\":[{\"@type\":\"ReadAction\",\"target\":[\"https:\\\/\\\/favorite-news.com\\\/pt\\\/governo-vai-comecar-a-executar-prr-pela-saude-e-apoio-aos-idosos\\\/\"]}]},{\"@type\":\"ImageObject\",\"inLanguage\":\"pt-PT\",\"@id\":\"https:\\\/\\\/favorite-news.com\\\/pt\\\/governo-vai-comecar-a-executar-prr-pela-saude-e-apoio-aos-idosos\\\/#primaryimage\",\"url\":\"https:\\\/\\\/favorite-news.com\\\/pt\\\/wp-content\\\/uploads\\\/sites\\\/2\\\/2021\\\/02\\\/Governo-vai-comecar-a-executar-PRR-pela-saude-e-apoio.jpg\",\"contentUrl\":\"https:\\\/\\\/favorite-news.com\\\/pt\\\/wp-content\\\/uploads\\\/sites\\\/2\\\/2021\\\/02\\\/Governo-vai-comecar-a-executar-PRR-pela-saude-e-apoio.jpg\",\"width\":1200,\"height\":800,\"caption\":\"Governo vai come\u00e7ar a executar PRR pela sa\u00fade e apoio aos idosos\"},{\"@type\":\"BreadcrumbList\",\"@id\":\"https:\\\/\\\/favorite-news.com\\\/pt\\\/governo-vai-comecar-a-executar-prr-pela-saude-e-apoio-aos-idosos\\\/#breadcrumb\",\"itemListElement\":[{\"@type\":\"ListItem\",\"position\":1,\"name\":\"Home\",\"item\":\"https:\\\/\\\/favorite-news.com\\\/pt\\\/\"},{\"@type\":\"ListItem\",\"position\":2,\"name\":\"Governo vai come\u00e7ar a executar PRR pela sa\u00fade e apoio aos idosos\"}]},{\"@type\":\"WebSite\",\"@id\":\"https:\\\/\\\/favorite-news.com\\\/pt\\\/#website\",\"url\":\"https:\\\/\\\/favorite-news.com\\\/pt\\\/\",\"name\":\"Favorite News\",\"description\":\"Favorite News Portugal\",\"potentialAction\":[{\"@type\":\"SearchAction\",\"target\":{\"@type\":\"EntryPoint\",\"urlTemplate\":\"https:\\\/\\\/favorite-news.com\\\/pt\\\/?s={search_term_string}\"},\"query-input\":{\"@type\":\"PropertyValueSpecification\",\"valueRequired\":true,\"valueName\":\"search_term_string\"}}],\"inLanguage\":\"pt-PT\"},{\"@type\":\"Person\",\"@id\":\"https:\\\/\\\/favorite-news.com\\\/pt\\\/#\\\/schema\\\/person\\\/b91573b717dcfa5e4696032a9d28d3e8\",\"name\":\"favorite-news\",\"image\":{\"@type\":\"ImageObject\",\"inLanguage\":\"pt-PT\",\"@id\":\"https:\\\/\\\/secure.gravatar.com\\\/avatar\\\/6c5a5cb12b74e9d517ee91cf570335b7d16177f1977cc91db161adfa435945a7?s=96&d=mm&r=g\",\"url\":\"https:\\\/\\\/secure.gravatar.com\\\/avatar\\\/6c5a5cb12b74e9d517ee91cf570335b7d16177f1977cc91db161adfa435945a7?s=96&d=mm&r=g\",\"contentUrl\":\"https:\\\/\\\/secure.gravatar.com\\\/avatar\\\/6c5a5cb12b74e9d517ee91cf570335b7d16177f1977cc91db161adfa435945a7?s=96&d=mm&r=g\",\"caption\":\"favorite-news\"},\"url\":\"https:\\\/\\\/favorite-news.com\\\/pt\\\/author\\\/pt\\\/\"}]}<\/script>\n<!-- \/ Yoast SEO plugin. -->","yoast_head_json":{"title":"Governo vai come\u00e7ar a executar PRR pela sa\u00fade e apoio aos idosos - Favorite News","robots":{"index":"index","follow":"follow","max-snippet":"max-snippet:-1","max-image-preview":"max-image-preview:large","max-video-preview":"max-video-preview:-1"},"canonical":"https:\/\/favorite-news.com\/pt\/governo-vai-comecar-a-executar-prr-pela-saude-e-apoio-aos-idosos\/","og_locale":"pt_PT","og_type":"article","og_title":"Governo vai come\u00e7ar a executar PRR pela sa\u00fade e apoio aos idosos - Favorite News","og_description":"Ant\u00f3nio Pedro Santos \/ EPAA ministra de Estado e da Presid\u00eancia, Mariana Vieira da Silva O Governo quer come\u00e7ar a executar o Plano de Recupera\u00e7\u00e3o e Resili\u00eancia (PRR) pela \u00e1rea da sa\u00fade e combate \u00e0s vulnerabilidades sociais. Em declara\u00e7\u00f5es ao jornal P\u00fablico, a ministra de Estado e da Presid\u00eancia, Mariana Vieira da Silva, explicou que [&hellip;]","og_url":"https:\/\/favorite-news.com\/pt\/governo-vai-comecar-a-executar-prr-pela-saude-e-apoio-aos-idosos\/","og_site_name":"Favorite News","article_published_time":"2021-02-27T13:12:15+00:00","article_modified_time":"2021-02-27T13:12:18+00:00","og_image":[{"width":1200,"height":800,"url":"https:\/\/favorite-news.com\/pt\/wp-content\/uploads\/sites\/2\/2021\/02\/Governo-vai-comecar-a-executar-PRR-pela-saude-e-apoio.jpg","type":"image\/jpeg"}],"author":"favorite-news","twitter_card":"summary_large_image","twitter_misc":{"Escrito por":"favorite-news","Tempo estimado de leitura":"3 minutos"},"schema":{"@context":"https:\/\/schema.org","@graph":[{"@type":"Article","@id":"https:\/\/favorite-news.com\/pt\/governo-vai-comecar-a-executar-prr-pela-saude-e-apoio-aos-idosos\/#article","isPartOf":{"@id":"https:\/\/favorite-news.com\/pt\/governo-vai-comecar-a-executar-prr-pela-saude-e-apoio-aos-idosos\/"},"author":{"name":"favorite-news","@id":"https:\/\/favorite-news.com\/pt\/#\/schema\/person\/b91573b717dcfa5e4696032a9d28d3e8"},"headline":"Governo vai come\u00e7ar a executar PRR pela sa\u00fade e apoio aos idosos","datePublished":"2021-02-27T13:12:15+00:00","dateModified":"2021-02-27T13:12:18+00:00","mainEntityOfPage":{"@id":"https:\/\/favorite-news.com\/pt\/governo-vai-comecar-a-executar-prr-pela-saude-e-apoio-aos-idosos\/"},"wordCount":633,"commentCount":0,"image":{"@id":"https:\/\/favorite-news.com\/pt\/governo-vai-comecar-a-executar-prr-pela-saude-e-apoio-aos-idosos\/#primaryimage"},"thumbnailUrl":"https:\/\/favorite-news.com\/pt\/wp-content\/uploads\/sites\/2\/2021\/02\/Governo-vai-comecar-a-executar-PRR-pela-saude-e-apoio.jpg","articleSection":["NOT\u00cdCIAS FINANCEIRAS"],"inLanguage":"pt-PT","potentialAction":[{"@type":"CommentAction","name":"Comment","target":["https:\/\/favorite-news.com\/pt\/governo-vai-comecar-a-executar-prr-pela-saude-e-apoio-aos-idosos\/#respond"]}]},{"@type":"WebPage","@id":"https:\/\/favorite-news.com\/pt\/governo-vai-comecar-a-executar-prr-pela-saude-e-apoio-aos-idosos\/","url":"https:\/\/favorite-news.com\/pt\/governo-vai-comecar-a-executar-prr-pela-saude-e-apoio-aos-idosos\/","name":"Governo vai come\u00e7ar a executar PRR pela sa\u00fade e apoio aos idosos - Favorite News","isPartOf":{"@id":"https:\/\/favorite-news.com\/pt\/#website"},"primaryImageOfPage":{"@id":"https:\/\/favorite-news.com\/pt\/governo-vai-comecar-a-executar-prr-pela-saude-e-apoio-aos-idosos\/#primaryimage"},"image":{"@id":"https:\/\/favorite-news.com\/pt\/governo-vai-comecar-a-executar-prr-pela-saude-e-apoio-aos-idosos\/#primaryimage"},"thumbnailUrl":"https:\/\/favorite-news.com\/pt\/wp-content\/uploads\/sites\/2\/2021\/02\/Governo-vai-comecar-a-executar-PRR-pela-saude-e-apoio.jpg","datePublished":"2021-02-27T13:12:15+00:00","dateModified":"2021-02-27T13:12:18+00:00","author":{"@id":"https:\/\/favorite-news.com\/pt\/#\/schema\/person\/b91573b717dcfa5e4696032a9d28d3e8"},"breadcrumb":{"@id":"https:\/\/favorite-news.com\/pt\/governo-vai-comecar-a-executar-prr-pela-saude-e-apoio-aos-idosos\/#breadcrumb"},"inLanguage":"pt-PT","potentialAction":[{"@type":"ReadAction","target":["https:\/\/favorite-news.com\/pt\/governo-vai-comecar-a-executar-prr-pela-saude-e-apoio-aos-idosos\/"]}]},{"@type":"ImageObject","inLanguage":"pt-PT","@id":"https:\/\/favorite-news.com\/pt\/governo-vai-comecar-a-executar-prr-pela-saude-e-apoio-aos-idosos\/#primaryimage","url":"https:\/\/favorite-news.com\/pt\/wp-content\/uploads\/sites\/2\/2021\/02\/Governo-vai-comecar-a-executar-PRR-pela-saude-e-apoio.jpg","contentUrl":"https:\/\/favorite-news.com\/pt\/wp-content\/uploads\/sites\/2\/2021\/02\/Governo-vai-comecar-a-executar-PRR-pela-saude-e-apoio.jpg","width":1200,"height":800,"caption":"Governo vai come\u00e7ar a executar PRR pela sa\u00fade e apoio aos idosos"},{"@type":"BreadcrumbList","@id":"https:\/\/favorite-news.com\/pt\/governo-vai-comecar-a-executar-prr-pela-saude-e-apoio-aos-idosos\/#breadcrumb","itemListElement":[{"@type":"ListItem","position":1,"name":"Home","item":"https:\/\/favorite-news.com\/pt\/"},{"@type":"ListItem","position":2,"name":"Governo vai come\u00e7ar a executar PRR pela sa\u00fade e apoio aos idosos"}]},{"@type":"WebSite","@id":"https:\/\/favorite-news.com\/pt\/#website","url":"https:\/\/favorite-news.com\/pt\/","name":"Favorite News","description":"Favorite News Portugal","potentialAction":[{"@type":"SearchAction","target":{"@type":"EntryPoint","urlTemplate":"https:\/\/favorite-news.com\/pt\/?s={search_term_string}"},"query-input":{"@type":"PropertyValueSpecification","valueRequired":true,"valueName":"search_term_string"}}],"inLanguage":"pt-PT"},{"@type":"Person","@id":"https:\/\/favorite-news.com\/pt\/#\/schema\/person\/b91573b717dcfa5e4696032a9d28d3e8","name":"favorite-news","image":{"@type":"ImageObject","inLanguage":"pt-PT","@id":"https:\/\/secure.gravatar.com\/avatar\/6c5a5cb12b74e9d517ee91cf570335b7d16177f1977cc91db161adfa435945a7?s=96&d=mm&r=g","url":"https:\/\/secure.gravatar.com\/avatar\/6c5a5cb12b74e9d517ee91cf570335b7d16177f1977cc91db161adfa435945a7?s=96&d=mm&r=g","contentUrl":"https:\/\/secure.gravatar.com\/avatar\/6c5a5cb12b74e9d517ee91cf570335b7d16177f1977cc91db161adfa435945a7?s=96&d=mm&r=g","caption":"favorite-news"},"url":"https:\/\/favorite-news.com\/pt\/author\/pt\/"}]}},"_links":{"self":[{"href":"https:\/\/favorite-news.com\/pt\/wp-json\/wp\/v2\/posts\/9158","targetHints":{"allow":["GET"]}}],"collection":[{"href":"https:\/\/favorite-news.com\/pt\/wp-json\/wp\/v2\/posts"}],"about":[{"href":"https:\/\/favorite-news.com\/pt\/wp-json\/wp\/v2\/types\/post"}],"author":[{"embeddable":true,"href":"https:\/\/favorite-news.com\/pt\/wp-json\/wp\/v2\/users\/2"}],"replies":[{"embeddable":true,"href":"https:\/\/favorite-news.com\/pt\/wp-json\/wp\/v2\/comments?post=9158"}],"version-history":[{"count":1,"href":"https:\/\/favorite-news.com\/pt\/wp-json\/wp\/v2\/posts\/9158\/revisions"}],"predecessor-version":[{"id":9160,"href":"https:\/\/favorite-news.com\/pt\/wp-json\/wp\/v2\/posts\/9158\/revisions\/9160"}],"wp:featuredmedia":[{"embeddable":true,"href":"https:\/\/favorite-news.com\/pt\/wp-json\/wp\/v2\/media\/9159"}],"wp:attachment":[{"href":"https:\/\/favorite-news.com\/pt\/wp-json\/wp\/v2\/media?parent=9158"}],"wp:term":[{"taxonomy":"category","embeddable":true,"href":"https:\/\/favorite-news.com\/pt\/wp-json\/wp\/v2\/categories?post=9158"},{"taxonomy":"post_tag","embeddable":true,"href":"https:\/\/favorite-news.com\/pt\/wp-json\/wp\/v2\/tags?post=9158"}],"curies":[{"name":"wp","href":"https:\/\/api.w.org\/{rel}","templated":true}]}}