{"id":9142,"date":"2021-02-26T03:35:43","date_gmt":"2021-02-26T00:35:43","guid":{"rendered":"https:\/\/favorite-news.com\/pt\/termina-hoje-o-prazo-para-validar-faturas-para-apresentar-no-irs\/"},"modified":"2021-02-26T03:35:45","modified_gmt":"2021-02-26T00:35:45","slug":"termina-hoje-o-prazo-para-validar-faturas-para-apresentar-no-irs","status":"publish","type":"post","link":"https:\/\/favorite-news.com\/pt\/termina-hoje-o-prazo-para-validar-faturas-para-apresentar-no-irs\/","title":{"rendered":"Termina hoje o prazo para validar faturas para apresentar no IRS"},"content":{"rendered":"<p>        (dr) Laura Haanpaa<br \/>\nOs contribuintes t\u00eam at\u00e9 esta quinta-feira para validar e verificar as faturas de 2020 no Portal e-fatura e que v\u00e3o servir de base no c\u00e1lculo das dedu\u00e7\u00f5es no IRS.<\/p>\n<p>H\u00e1 j\u00e1 v\u00e1rios anos que as dedu\u00e7\u00f5es no IRS est\u00e3o ligadas \u00e0s faturas a que os contribuintes associam o seu NIF (n\u00famero de identifica\u00e7\u00e3o fiscal) e que s\u00e3o comunicadas ao Portal das Finan\u00e7as atrav\u00e9s do e-fatura.<br \/>\nPor este motivo \u00e9 necess\u00e1rio verificar se as faturas relativas \u00e0 despesa de bens e servi\u00e7os realizadas no ano anterior foram comunicadas, se est\u00e3o associadas \u00e0 dedu\u00e7\u00e3o a que dizem respeito ou se encontram pendentes, sendo hoje o \u00faltimo dia para o fazer.<br \/>\nEntre os motivos para que uma fatura fique pendente est\u00e1 o facto de alguns estabelecimentos possu\u00edrem junto da Autoridade Tribut\u00e1ria e Aduaneira (AT) mais do que um C\u00f3digo de Atividade Econ\u00f3mica (CAE), como acontece, por exemplo, com os supermercados.<\/p>\n<p>Nesta situa\u00e7\u00e3o cabe ao contribuinte associar a fatura em causa \u00e0 tipologia de dedu\u00e7\u00e3o a que ela corresponde indicando se se trata de uma despesa de sa\u00fade, de educa\u00e7\u00e3o ou de um gasto que entra na categoria das despesas gerais familiares por exemplo.<br \/>\nTamb\u00e9m os trabalhadores com atividade aberta no \u00e2mbito da categoria B t\u00eam de indicar se as faturas a que associaram o seu NIF est\u00e3o ou n\u00e3o relacionadas, total ou parcialmente, com a sua atividade.<br \/>\nAl\u00e9m da resolu\u00e7\u00e3o das pend\u00eancias, os contribuintes devem verificar se as faturas est\u00e3o inseridas no setor de despesas adequadas, podendo reafeta-las, desde que a entidade emitente tenha o CAE correspondente.<br \/>\nToda esta rotina deve abranger tamb\u00e9m as faturas dos dependentes porque todas s\u00e3o relevantes para o apuramento das dedu\u00e7\u00f5es que reduzem o IRS.<br \/>\nAl\u00e9m das dedu\u00e7\u00f5es atribu\u00eddas com base em parte das despesas gerais familiares (250 euros por contribuinte), educa\u00e7\u00e3o, sa\u00fade, renda ou empr\u00e9stimo da casa e com lares, os contribuintes podem abater ao seu IRS 15% do IVA suportado em gastos em cabeleireiros e sal\u00f5es de beleza, restaura\u00e7\u00e3o e alojamento, veterin\u00e1rios ou repara\u00e7\u00e3o de carros e motos.<br \/>\nPosteriormente, de 16 a 31 de mar\u00e7o, ser\u00e1 poss\u00edvel consultar o valor apurado em dedu\u00e7\u00f5es e reclamar caso haja alguma omiss\u00e3o ou inexatid\u00e3o nas despesas ou no seu c\u00e1lculo, relativamente aos gastos gerais familiares e \u00e0s despesas com direito \u00e0 dedu\u00e7\u00e3o do IVA pela exig\u00eancia de fatura apurados pela AT.<br \/>\nJ\u00e1 no que diz respeito \u00e0s despesas com educa\u00e7\u00e3o ou sa\u00fade, lares ou habita\u00e7\u00e3o, a corre\u00e7\u00e3o dos valores apurados pela AT pode ser feita aquando da entrega da declara\u00e7\u00e3o anual do IRS, processo que decorre entre 01 de abril e 30 de junho.<\/p>\n<p>\n<!--noindex--><br \/>\n<a href=\"https:\/\/zap.aeiou.pt\/termina-hoje-prazo-validar-faturas-irs-383316\" rel=\"nofollow\">Source link <\/a><br \/>\n<!--\/noindex--><\/p>\n","protected":false},"excerpt":{"rendered":"<p>(dr) Laura Haanpaa Os contribuintes t\u00eam at\u00e9 esta quinta-feira para validar e verificar as faturas de 2020 no Portal e-fatura e que v\u00e3o servir de base no c\u00e1lculo das dedu\u00e7\u00f5es no IRS. H\u00e1 j\u00e1 v\u00e1rios anos que as dedu\u00e7\u00f5es no IRS est\u00e3o ligadas \u00e0s faturas a que os contribuintes associam o seu NIF (n\u00famero de [&hellip;]<\/p>\n","protected":false},"author":2,"featured_media":8960,"comment_status":"open","ping_status":"open","sticky":false,"template":"","format":"standard","meta":{"footnotes":""},"categories":[1],"tags":[],"class_list":["post-9142","post","type-post","status-publish","format-standard","has-post-thumbnail","hentry","category-noticias-financeiras"],"yoast_head":"<!-- This site is optimized with the Yoast SEO plugin v27.4 - https:\/\/yoast.com\/product\/yoast-seo-wordpress\/ -->\n<title>Termina hoje o prazo para validar faturas para apresentar no IRS - Favorite News<\/title>\n<meta name=\"robots\" content=\"index, follow, max-snippet:-1, max-image-preview:large, max-video-preview:-1\" \/>\n<link rel=\"canonical\" href=\"https:\/\/favorite-news.com\/pt\/termina-hoje-o-prazo-para-validar-faturas-para-apresentar-no-irs\/\" \/>\n<meta property=\"og:locale\" content=\"pt_PT\" \/>\n<meta property=\"og:type\" content=\"article\" \/>\n<meta property=\"og:title\" content=\"Termina hoje o prazo para validar faturas para apresentar no IRS - Favorite News\" \/>\n<meta property=\"og:description\" content=\"(dr) Laura Haanpaa Os contribuintes t\u00eam at\u00e9 esta quinta-feira para validar e verificar as faturas de 2020 no Portal e-fatura e que v\u00e3o servir de base no c\u00e1lculo das dedu\u00e7\u00f5es no IRS. H\u00e1 j\u00e1 v\u00e1rios anos que as dedu\u00e7\u00f5es no IRS est\u00e3o ligadas \u00e0s faturas a que os contribuintes associam o seu NIF (n\u00famero de [&hellip;]\" \/>\n<meta property=\"og:url\" content=\"https:\/\/favorite-news.com\/pt\/termina-hoje-o-prazo-para-validar-faturas-para-apresentar-no-irs\/\" \/>\n<meta property=\"og:site_name\" content=\"Favorite News\" \/>\n<meta property=\"article:published_time\" content=\"2021-02-26T00:35:43+00:00\" \/>\n<meta property=\"article:modified_time\" content=\"2021-02-26T00:35:45+00:00\" \/>\n<meta property=\"og:image\" content=\"https:\/\/favorite-news.com\/pt\/wp-content\/uploads\/sites\/2\/2021\/02\/Fisco-lanca-nova-aplicacao-para-contribuintes-registarem-e-verificarem-faturas.jpg\" \/>\n\t<meta property=\"og:image:width\" content=\"1200\" \/>\n\t<meta property=\"og:image:height\" content=\"800\" \/>\n\t<meta property=\"og:image:type\" content=\"image\/jpeg\" \/>\n<meta name=\"author\" content=\"favorite-news\" \/>\n<meta name=\"twitter:card\" content=\"summary_large_image\" \/>\n<meta name=\"twitter:label1\" content=\"Escrito por\" \/>\n\t<meta name=\"twitter:data1\" content=\"favorite-news\" \/>\n\t<meta name=\"twitter:label2\" content=\"Tempo estimado de leitura\" \/>\n\t<meta name=\"twitter:data2\" content=\"2 minutos\" \/>\n<script type=\"application\/ld+json\" class=\"yoast-schema-graph\">{\"@context\":\"https:\\\/\\\/schema.org\",\"@graph\":[{\"@type\":\"Article\",\"@id\":\"https:\\\/\\\/favorite-news.com\\\/pt\\\/termina-hoje-o-prazo-para-validar-faturas-para-apresentar-no-irs\\\/#article\",\"isPartOf\":{\"@id\":\"https:\\\/\\\/favorite-news.com\\\/pt\\\/termina-hoje-o-prazo-para-validar-faturas-para-apresentar-no-irs\\\/\"},\"author\":{\"name\":\"favorite-news\",\"@id\":\"https:\\\/\\\/favorite-news.com\\\/pt\\\/#\\\/schema\\\/person\\\/b91573b717dcfa5e4696032a9d28d3e8\"},\"headline\":\"Termina hoje o prazo para validar faturas para apresentar no IRS\",\"datePublished\":\"2021-02-26T00:35:43+00:00\",\"dateModified\":\"2021-02-26T00:35:45+00:00\",\"mainEntityOfPage\":{\"@id\":\"https:\\\/\\\/favorite-news.com\\\/pt\\\/termina-hoje-o-prazo-para-validar-faturas-para-apresentar-no-irs\\\/\"},\"wordCount\":487,\"commentCount\":0,\"image\":{\"@id\":\"https:\\\/\\\/favorite-news.com\\\/pt\\\/termina-hoje-o-prazo-para-validar-faturas-para-apresentar-no-irs\\\/#primaryimage\"},\"thumbnailUrl\":\"https:\\\/\\\/favorite-news.com\\\/pt\\\/wp-content\\\/uploads\\\/sites\\\/2\\\/2021\\\/02\\\/Fisco-lanca-nova-aplicacao-para-contribuintes-registarem-e-verificarem-faturas.jpg\",\"articleSection\":[\"NOT\u00cdCIAS FINANCEIRAS\"],\"inLanguage\":\"pt-PT\",\"potentialAction\":[{\"@type\":\"CommentAction\",\"name\":\"Comment\",\"target\":[\"https:\\\/\\\/favorite-news.com\\\/pt\\\/termina-hoje-o-prazo-para-validar-faturas-para-apresentar-no-irs\\\/#respond\"]}]},{\"@type\":\"WebPage\",\"@id\":\"https:\\\/\\\/favorite-news.com\\\/pt\\\/termina-hoje-o-prazo-para-validar-faturas-para-apresentar-no-irs\\\/\",\"url\":\"https:\\\/\\\/favorite-news.com\\\/pt\\\/termina-hoje-o-prazo-para-validar-faturas-para-apresentar-no-irs\\\/\",\"name\":\"Termina hoje o prazo para validar faturas para apresentar no IRS - Favorite News\",\"isPartOf\":{\"@id\":\"https:\\\/\\\/favorite-news.com\\\/pt\\\/#website\"},\"primaryImageOfPage\":{\"@id\":\"https:\\\/\\\/favorite-news.com\\\/pt\\\/termina-hoje-o-prazo-para-validar-faturas-para-apresentar-no-irs\\\/#primaryimage\"},\"image\":{\"@id\":\"https:\\\/\\\/favorite-news.com\\\/pt\\\/termina-hoje-o-prazo-para-validar-faturas-para-apresentar-no-irs\\\/#primaryimage\"},\"thumbnailUrl\":\"https:\\\/\\\/favorite-news.com\\\/pt\\\/wp-content\\\/uploads\\\/sites\\\/2\\\/2021\\\/02\\\/Fisco-lanca-nova-aplicacao-para-contribuintes-registarem-e-verificarem-faturas.jpg\",\"datePublished\":\"2021-02-26T00:35:43+00:00\",\"dateModified\":\"2021-02-26T00:35:45+00:00\",\"author\":{\"@id\":\"https:\\\/\\\/favorite-news.com\\\/pt\\\/#\\\/schema\\\/person\\\/b91573b717dcfa5e4696032a9d28d3e8\"},\"breadcrumb\":{\"@id\":\"https:\\\/\\\/favorite-news.com\\\/pt\\\/termina-hoje-o-prazo-para-validar-faturas-para-apresentar-no-irs\\\/#breadcrumb\"},\"inLanguage\":\"pt-PT\",\"potentialAction\":[{\"@type\":\"ReadAction\",\"target\":[\"https:\\\/\\\/favorite-news.com\\\/pt\\\/termina-hoje-o-prazo-para-validar-faturas-para-apresentar-no-irs\\\/\"]}]},{\"@type\":\"ImageObject\",\"inLanguage\":\"pt-PT\",\"@id\":\"https:\\\/\\\/favorite-news.com\\\/pt\\\/termina-hoje-o-prazo-para-validar-faturas-para-apresentar-no-irs\\\/#primaryimage\",\"url\":\"https:\\\/\\\/favorite-news.com\\\/pt\\\/wp-content\\\/uploads\\\/sites\\\/2\\\/2021\\\/02\\\/Fisco-lanca-nova-aplicacao-para-contribuintes-registarem-e-verificarem-faturas.jpg\",\"contentUrl\":\"https:\\\/\\\/favorite-news.com\\\/pt\\\/wp-content\\\/uploads\\\/sites\\\/2\\\/2021\\\/02\\\/Fisco-lanca-nova-aplicacao-para-contribuintes-registarem-e-verificarem-faturas.jpg\",\"width\":1200,\"height\":800,\"caption\":\"Fisco lan\u00e7a nova aplica\u00e7\u00e3o para contribuintes registarem e verificarem faturas - ZAP\"},{\"@type\":\"BreadcrumbList\",\"@id\":\"https:\\\/\\\/favorite-news.com\\\/pt\\\/termina-hoje-o-prazo-para-validar-faturas-para-apresentar-no-irs\\\/#breadcrumb\",\"itemListElement\":[{\"@type\":\"ListItem\",\"position\":1,\"name\":\"Home\",\"item\":\"https:\\\/\\\/favorite-news.com\\\/pt\\\/\"},{\"@type\":\"ListItem\",\"position\":2,\"name\":\"Termina hoje o prazo para validar faturas para apresentar no IRS\"}]},{\"@type\":\"WebSite\",\"@id\":\"https:\\\/\\\/favorite-news.com\\\/pt\\\/#website\",\"url\":\"https:\\\/\\\/favorite-news.com\\\/pt\\\/\",\"name\":\"Favorite News\",\"description\":\"Favorite News Portugal\",\"potentialAction\":[{\"@type\":\"SearchAction\",\"target\":{\"@type\":\"EntryPoint\",\"urlTemplate\":\"https:\\\/\\\/favorite-news.com\\\/pt\\\/?s={search_term_string}\"},\"query-input\":{\"@type\":\"PropertyValueSpecification\",\"valueRequired\":true,\"valueName\":\"search_term_string\"}}],\"inLanguage\":\"pt-PT\"},{\"@type\":\"Person\",\"@id\":\"https:\\\/\\\/favorite-news.com\\\/pt\\\/#\\\/schema\\\/person\\\/b91573b717dcfa5e4696032a9d28d3e8\",\"name\":\"favorite-news\",\"image\":{\"@type\":\"ImageObject\",\"inLanguage\":\"pt-PT\",\"@id\":\"https:\\\/\\\/secure.gravatar.com\\\/avatar\\\/6c5a5cb12b74e9d517ee91cf570335b7d16177f1977cc91db161adfa435945a7?s=96&d=mm&r=g\",\"url\":\"https:\\\/\\\/secure.gravatar.com\\\/avatar\\\/6c5a5cb12b74e9d517ee91cf570335b7d16177f1977cc91db161adfa435945a7?s=96&d=mm&r=g\",\"contentUrl\":\"https:\\\/\\\/secure.gravatar.com\\\/avatar\\\/6c5a5cb12b74e9d517ee91cf570335b7d16177f1977cc91db161adfa435945a7?s=96&d=mm&r=g\",\"caption\":\"favorite-news\"},\"url\":\"https:\\\/\\\/favorite-news.com\\\/pt\\\/author\\\/pt\\\/\"}]}<\/script>\n<!-- \/ Yoast SEO plugin. -->","yoast_head_json":{"title":"Termina hoje o prazo para validar faturas para apresentar no IRS - Favorite News","robots":{"index":"index","follow":"follow","max-snippet":"max-snippet:-1","max-image-preview":"max-image-preview:large","max-video-preview":"max-video-preview:-1"},"canonical":"https:\/\/favorite-news.com\/pt\/termina-hoje-o-prazo-para-validar-faturas-para-apresentar-no-irs\/","og_locale":"pt_PT","og_type":"article","og_title":"Termina hoje o prazo para validar faturas para apresentar no IRS - Favorite News","og_description":"(dr) Laura Haanpaa Os contribuintes t\u00eam at\u00e9 esta quinta-feira para validar e verificar as faturas de 2020 no Portal e-fatura e que v\u00e3o servir de base no c\u00e1lculo das dedu\u00e7\u00f5es no IRS. H\u00e1 j\u00e1 v\u00e1rios anos que as dedu\u00e7\u00f5es no IRS est\u00e3o ligadas \u00e0s faturas a que os contribuintes associam o seu NIF (n\u00famero de [&hellip;]","og_url":"https:\/\/favorite-news.com\/pt\/termina-hoje-o-prazo-para-validar-faturas-para-apresentar-no-irs\/","og_site_name":"Favorite News","article_published_time":"2021-02-26T00:35:43+00:00","article_modified_time":"2021-02-26T00:35:45+00:00","og_image":[{"width":1200,"height":800,"url":"https:\/\/favorite-news.com\/pt\/wp-content\/uploads\/sites\/2\/2021\/02\/Fisco-lanca-nova-aplicacao-para-contribuintes-registarem-e-verificarem-faturas.jpg","type":"image\/jpeg"}],"author":"favorite-news","twitter_card":"summary_large_image","twitter_misc":{"Escrito por":"favorite-news","Tempo estimado de leitura":"2 minutos"},"schema":{"@context":"https:\/\/schema.org","@graph":[{"@type":"Article","@id":"https:\/\/favorite-news.com\/pt\/termina-hoje-o-prazo-para-validar-faturas-para-apresentar-no-irs\/#article","isPartOf":{"@id":"https:\/\/favorite-news.com\/pt\/termina-hoje-o-prazo-para-validar-faturas-para-apresentar-no-irs\/"},"author":{"name":"favorite-news","@id":"https:\/\/favorite-news.com\/pt\/#\/schema\/person\/b91573b717dcfa5e4696032a9d28d3e8"},"headline":"Termina hoje o prazo para validar faturas para apresentar no IRS","datePublished":"2021-02-26T00:35:43+00:00","dateModified":"2021-02-26T00:35:45+00:00","mainEntityOfPage":{"@id":"https:\/\/favorite-news.com\/pt\/termina-hoje-o-prazo-para-validar-faturas-para-apresentar-no-irs\/"},"wordCount":487,"commentCount":0,"image":{"@id":"https:\/\/favorite-news.com\/pt\/termina-hoje-o-prazo-para-validar-faturas-para-apresentar-no-irs\/#primaryimage"},"thumbnailUrl":"https:\/\/favorite-news.com\/pt\/wp-content\/uploads\/sites\/2\/2021\/02\/Fisco-lanca-nova-aplicacao-para-contribuintes-registarem-e-verificarem-faturas.jpg","articleSection":["NOT\u00cdCIAS FINANCEIRAS"],"inLanguage":"pt-PT","potentialAction":[{"@type":"CommentAction","name":"Comment","target":["https:\/\/favorite-news.com\/pt\/termina-hoje-o-prazo-para-validar-faturas-para-apresentar-no-irs\/#respond"]}]},{"@type":"WebPage","@id":"https:\/\/favorite-news.com\/pt\/termina-hoje-o-prazo-para-validar-faturas-para-apresentar-no-irs\/","url":"https:\/\/favorite-news.com\/pt\/termina-hoje-o-prazo-para-validar-faturas-para-apresentar-no-irs\/","name":"Termina hoje o prazo para validar faturas para apresentar no IRS - Favorite News","isPartOf":{"@id":"https:\/\/favorite-news.com\/pt\/#website"},"primaryImageOfPage":{"@id":"https:\/\/favorite-news.com\/pt\/termina-hoje-o-prazo-para-validar-faturas-para-apresentar-no-irs\/#primaryimage"},"image":{"@id":"https:\/\/favorite-news.com\/pt\/termina-hoje-o-prazo-para-validar-faturas-para-apresentar-no-irs\/#primaryimage"},"thumbnailUrl":"https:\/\/favorite-news.com\/pt\/wp-content\/uploads\/sites\/2\/2021\/02\/Fisco-lanca-nova-aplicacao-para-contribuintes-registarem-e-verificarem-faturas.jpg","datePublished":"2021-02-26T00:35:43+00:00","dateModified":"2021-02-26T00:35:45+00:00","author":{"@id":"https:\/\/favorite-news.com\/pt\/#\/schema\/person\/b91573b717dcfa5e4696032a9d28d3e8"},"breadcrumb":{"@id":"https:\/\/favorite-news.com\/pt\/termina-hoje-o-prazo-para-validar-faturas-para-apresentar-no-irs\/#breadcrumb"},"inLanguage":"pt-PT","potentialAction":[{"@type":"ReadAction","target":["https:\/\/favorite-news.com\/pt\/termina-hoje-o-prazo-para-validar-faturas-para-apresentar-no-irs\/"]}]},{"@type":"ImageObject","inLanguage":"pt-PT","@id":"https:\/\/favorite-news.com\/pt\/termina-hoje-o-prazo-para-validar-faturas-para-apresentar-no-irs\/#primaryimage","url":"https:\/\/favorite-news.com\/pt\/wp-content\/uploads\/sites\/2\/2021\/02\/Fisco-lanca-nova-aplicacao-para-contribuintes-registarem-e-verificarem-faturas.jpg","contentUrl":"https:\/\/favorite-news.com\/pt\/wp-content\/uploads\/sites\/2\/2021\/02\/Fisco-lanca-nova-aplicacao-para-contribuintes-registarem-e-verificarem-faturas.jpg","width":1200,"height":800,"caption":"Fisco lan\u00e7a nova aplica\u00e7\u00e3o para contribuintes registarem e verificarem faturas - ZAP"},{"@type":"BreadcrumbList","@id":"https:\/\/favorite-news.com\/pt\/termina-hoje-o-prazo-para-validar-faturas-para-apresentar-no-irs\/#breadcrumb","itemListElement":[{"@type":"ListItem","position":1,"name":"Home","item":"https:\/\/favorite-news.com\/pt\/"},{"@type":"ListItem","position":2,"name":"Termina hoje o prazo para validar faturas para apresentar no IRS"}]},{"@type":"WebSite","@id":"https:\/\/favorite-news.com\/pt\/#website","url":"https:\/\/favorite-news.com\/pt\/","name":"Favorite News","description":"Favorite News Portugal","potentialAction":[{"@type":"SearchAction","target":{"@type":"EntryPoint","urlTemplate":"https:\/\/favorite-news.com\/pt\/?s={search_term_string}"},"query-input":{"@type":"PropertyValueSpecification","valueRequired":true,"valueName":"search_term_string"}}],"inLanguage":"pt-PT"},{"@type":"Person","@id":"https:\/\/favorite-news.com\/pt\/#\/schema\/person\/b91573b717dcfa5e4696032a9d28d3e8","name":"favorite-news","image":{"@type":"ImageObject","inLanguage":"pt-PT","@id":"https:\/\/secure.gravatar.com\/avatar\/6c5a5cb12b74e9d517ee91cf570335b7d16177f1977cc91db161adfa435945a7?s=96&d=mm&r=g","url":"https:\/\/secure.gravatar.com\/avatar\/6c5a5cb12b74e9d517ee91cf570335b7d16177f1977cc91db161adfa435945a7?s=96&d=mm&r=g","contentUrl":"https:\/\/secure.gravatar.com\/avatar\/6c5a5cb12b74e9d517ee91cf570335b7d16177f1977cc91db161adfa435945a7?s=96&d=mm&r=g","caption":"favorite-news"},"url":"https:\/\/favorite-news.com\/pt\/author\/pt\/"}]}},"_links":{"self":[{"href":"https:\/\/favorite-news.com\/pt\/wp-json\/wp\/v2\/posts\/9142","targetHints":{"allow":["GET"]}}],"collection":[{"href":"https:\/\/favorite-news.com\/pt\/wp-json\/wp\/v2\/posts"}],"about":[{"href":"https:\/\/favorite-news.com\/pt\/wp-json\/wp\/v2\/types\/post"}],"author":[{"embeddable":true,"href":"https:\/\/favorite-news.com\/pt\/wp-json\/wp\/v2\/users\/2"}],"replies":[{"embeddable":true,"href":"https:\/\/favorite-news.com\/pt\/wp-json\/wp\/v2\/comments?post=9142"}],"version-history":[{"count":1,"href":"https:\/\/favorite-news.com\/pt\/wp-json\/wp\/v2\/posts\/9142\/revisions"}],"predecessor-version":[{"id":9143,"href":"https:\/\/favorite-news.com\/pt\/wp-json\/wp\/v2\/posts\/9142\/revisions\/9143"}],"wp:featuredmedia":[{"embeddable":true,"href":"https:\/\/favorite-news.com\/pt\/wp-json\/wp\/v2\/media\/8960"}],"wp:attachment":[{"href":"https:\/\/favorite-news.com\/pt\/wp-json\/wp\/v2\/media?parent=9142"}],"wp:term":[{"taxonomy":"category","embeddable":true,"href":"https:\/\/favorite-news.com\/pt\/wp-json\/wp\/v2\/categories?post=9142"},{"taxonomy":"post_tag","embeddable":true,"href":"https:\/\/favorite-news.com\/pt\/wp-json\/wp\/v2\/tags?post=9142"}],"curies":[{"name":"wp","href":"https:\/\/api.w.org\/{rel}","templated":true}]}}