{"id":9137,"date":"2021-02-25T15:04:38","date_gmt":"2021-02-25T12:04:38","guid":{"rendered":"https:\/\/favorite-news.com\/pt\/moratorias-de-credito-a-habitacao-terminam-a-31-em-marco\/"},"modified":"2021-02-25T15:04:39","modified_gmt":"2021-02-25T12:04:39","slug":"moratorias-de-credito-a-habitacao-terminam-a-31-em-marco","status":"publish","type":"post","link":"https:\/\/favorite-news.com\/pt\/moratorias-de-credito-a-habitacao-terminam-a-31-em-marco\/","title":{"rendered":"Morat\u00f3rias de cr\u00e9dito \u00e0 habita\u00e7\u00e3o terminam a 31 em Mar\u00e7o"},"content":{"rendered":"<p>        asia4510 \/ Flickr<br \/>\nTodas as morat\u00f3ria p\u00fablicas para o cr\u00e9dito \u00e0 habita\u00e7\u00e3o terminam a 30 de Setembro, mas a dos bancos expira j\u00e1 no pr\u00f3ximo m\u00eas. Uma das solu\u00e7\u00f5es para quem n\u00e3o consegue cumprir os pagamentos \u00e9 a reestrutura\u00e7\u00e3o dos cr\u00e9ditos.<\/p>\n<p>Desde o in\u00edcio da pandemia, e com as dificuldades econ\u00f3micas a assombrar as fam\u00edlias, milhares optaram por pedir morat\u00f3ria privada de cr\u00e9dito \u00e0 habita\u00e7\u00e3o na imin\u00eancia de retomar o pagamento das presta\u00e7\u00f5es dos empr\u00e9stimos.<br \/>\nNo entanto, apesar de a crise pand\u00e9mica ainda ser uma realidade que afeta o bolso de muitas fam\u00edlias, a morat\u00f3ria privada, criada pelos bancos, termina j\u00e1 no pr\u00f3ximo dia 31 de mar\u00e7o e n\u00e3o est\u00e1 previsto o seu prolongamento.<br \/>\nNeste sentido, os bancos est\u00e3o a contactar os clientes, lembrando-lhes o regresso das mensalidades em abril, sugerindo ent\u00e3o que, no caso de n\u00e3o terem condi\u00e7\u00f5es financeiras para suportar a amortiza\u00e7\u00e3o de capital e juros, procurem solu\u00e7\u00f5es junto das institui\u00e7\u00f5es.<\/p>\n<p>Essas solu\u00e7\u00f5es poder\u00e3o passar pela renegocia\u00e7\u00e3o do cr\u00e9dito, nomeadamente a fixa\u00e7\u00e3o de per\u00edodos de car\u00eancia de capital ou juros, alargamento do prazo do contrato, entre outras.<br \/>\nOs bancos n\u00e3o acompanharam a \u00faltima extens\u00e3o de prazo da morat\u00f3ria p\u00fablica, para 30 de Setembro. Embora com uma carteira de empr\u00e9stimos mais reduzida, a morat\u00f3ria privada para o cr\u00e9dito \u00e0 habita\u00e7\u00e3o est\u00e1 quase a terminar.<br \/>\nAssim, as institui\u00e7\u00f5es est\u00e3o obrigadas a fazer a avalia\u00e7\u00e3o pr\u00e9via da solvabilidade dos clientes, nomeadamente no \u00e2mbito do PARI (Plano de A\u00e7\u00e3o para o Risco de Incumprimento) para prevenir, sempre que poss\u00edvel, situa\u00e7\u00f5es de incumprimento e assegurar a qualidade da carteira de cr\u00e9dito, mas o fim das morat\u00f3rias, em contexto de crise, obriga-os a uma aten\u00e7\u00e3o redobrada.<br \/>\nPerante a falta de autoriza\u00e7\u00e3o da Autoridade Banc\u00e1ria Europeia (EBA, na sigla em ingl\u00eas) para uma nova extens\u00e3o das morat\u00f3rias (um regime mais favor\u00e1vel para institui\u00e7\u00f5es financeiras e para os clientes), que os bancos ir\u00e3o propor solu\u00e7\u00f5es individuais, ou \u00e0 medida.<br \/>\nA esse prop\u00f3sito, o presidente da Caixa Geral de Dep\u00f3sitos (CGD), Paulo Macedo, admitiu recentemente que a institui\u00e7\u00e3o estava dispon\u00edvel para a renegocia\u00e7\u00e3o de cr\u00e9ditos no caso de clientes em situa\u00e7\u00e3o de desemprego.<br \/>\n\u201cO sil\u00eancio do Governo e dos pr\u00f3prios bancos\u201d<br \/>\nEsta situa\u00e7\u00e3o continua a preocupar a DECO e a APEMIP.<br \/>\nEm declara\u00e7\u00f5es ao P\u00fablico, Nat\u00e1lia Nunes, diretora do Gabinete de Prote\u00e7\u00e3o Financeira (GPF) da associa\u00e7\u00e3o de defesa do consumidor, diz estar preocupada com o fim das morat\u00f3rias e apela aos particulares para contactarem antecipadamente institui\u00e7\u00f5es financeiras logo que verifiquem que n\u00e3o t\u00eam condi\u00e7\u00f5es para pagarem os seus cr\u00e9ditos.<br \/>\nNo \u00faltimo ano, chegaram ao servi\u00e7o de apoio financeiro dos sobre endividados 30.100 pedidos de ajuda.<br \/>\nJ\u00e1, o presidente da Associa\u00e7\u00e3o dos Profissionais e Empresas de Media\u00e7\u00e3o Imobili\u00e1ria (APEMIP) tamb\u00e9m teme o impacto negativo do fim da morat\u00f3ria privada de cr\u00e9dito \u00e0 habita\u00e7\u00e3o nas fam\u00edlias e no sector imobili\u00e1rio, \u201cum dos motores da economia\u201d. \u201cAs morat\u00f3rias foram pensadas considerando 2021 como um per\u00edodo de retoma econ\u00f3mica e n\u00e3o o seu agravamento, que \u00e9 o que est\u00e1 a acontecer\u201d, frisa Lu\u00eds Lima.<br \/>\nO respons\u00e1vel associativo disse estranhar \u201co sil\u00eancio do Governo e dos pr\u00f3prios bancos sobre o vencimento desta morat\u00f3ria\u201d e contesta que as preocupa\u00e7\u00f5es relativamente a estes mecanismos se concentrem apenas nas empresas de sectores mais afetados pela pandemia.<br \/>\nNeste \u00e2mbito, a Associa\u00e7\u00e3o da Hotelaria, Restaura\u00e7\u00e3o e Similares de Portugal (AHRESP) veio at\u00e9 defender o prolongamento das morat\u00f3rias de cr\u00e9dito banc\u00e1rias at\u00e9 30 de junho de 2022 como medida de apoio \u00e0 recupera\u00e7\u00e3o das empresas.<br \/>\nSegundo a \u00faltima altera\u00e7\u00e3o \u00e0 morat\u00f3ria p\u00fablica para empresas, aquelas que n\u00e3o se encontrem nos setores mais afetados pela crise retomar\u00e3o o pagamento de juros a partir de 1 de Abril de 2021, continuando a beneficiar apenas da suspens\u00e3o do pagamento de capital at\u00e9 30 de Setembro.<br \/>\nM\u00e1rio Centeno, governador do Banco de Portugal (BdP), afirmou recentemente que as morat\u00f3rias, bem como as medidas relacionadas com a pandemia, dever\u00e3o ser adaptadas em fun\u00e7\u00e3o dos diferentes momentos da crise da covid-19.<br \/>\n Ana Isabel Moura, ZAP \/\/ <\/p>\n<p>\n<!--noindex--><br \/>\n<a href=\"https:\/\/zap.aeiou.pt\/moratorias-credito-31-marco-383273\" rel=\"nofollow\">Source link <\/a><br \/>\n<!--\/noindex--><\/p>\n","protected":false},"excerpt":{"rendered":"<p>asia4510 \/ Flickr Todas as morat\u00f3ria p\u00fablicas para o cr\u00e9dito \u00e0 habita\u00e7\u00e3o terminam a 30 de Setembro, mas a dos bancos expira j\u00e1 no pr\u00f3ximo m\u00eas. Uma das solu\u00e7\u00f5es para quem n\u00e3o consegue cumprir os pagamentos \u00e9 a reestrutura\u00e7\u00e3o dos cr\u00e9ditos. Desde o in\u00edcio da pandemia, e com as dificuldades econ\u00f3micas a assombrar as fam\u00edlias, [&hellip;]<\/p>\n","protected":false},"author":2,"featured_media":7411,"comment_status":"open","ping_status":"open","sticky":false,"template":"","format":"standard","meta":{"footnotes":""},"categories":[1],"tags":[],"class_list":["post-9137","post","type-post","status-publish","format-standard","has-post-thumbnail","hentry","category-noticias-financeiras"],"yoast_head":"<!-- This site is optimized with the Yoast SEO plugin v27.4 - https:\/\/yoast.com\/product\/yoast-seo-wordpress\/ -->\n<title>Morat\u00f3rias de cr\u00e9dito \u00e0 habita\u00e7\u00e3o terminam a 31 em Mar\u00e7o - Favorite News<\/title>\n<meta name=\"robots\" content=\"index, follow, max-snippet:-1, max-image-preview:large, max-video-preview:-1\" \/>\n<link rel=\"canonical\" href=\"https:\/\/favorite-news.com\/pt\/moratorias-de-credito-a-habitacao-terminam-a-31-em-marco\/\" \/>\n<meta property=\"og:locale\" content=\"pt_PT\" \/>\n<meta property=\"og:type\" content=\"article\" \/>\n<meta property=\"og:title\" content=\"Morat\u00f3rias de cr\u00e9dito \u00e0 habita\u00e7\u00e3o terminam a 31 em Mar\u00e7o - Favorite News\" \/>\n<meta property=\"og:description\" content=\"asia4510 \/ Flickr Todas as morat\u00f3ria p\u00fablicas para o cr\u00e9dito \u00e0 habita\u00e7\u00e3o terminam a 30 de Setembro, mas a dos bancos expira j\u00e1 no pr\u00f3ximo m\u00eas. Uma das solu\u00e7\u00f5es para quem n\u00e3o consegue cumprir os pagamentos \u00e9 a reestrutura\u00e7\u00e3o dos cr\u00e9ditos. Desde o in\u00edcio da pandemia, e com as dificuldades econ\u00f3micas a assombrar as fam\u00edlias, [&hellip;]\" \/>\n<meta property=\"og:url\" content=\"https:\/\/favorite-news.com\/pt\/moratorias-de-credito-a-habitacao-terminam-a-31-em-marco\/\" \/>\n<meta property=\"og:site_name\" content=\"Favorite News\" \/>\n<meta property=\"article:published_time\" content=\"2021-02-25T12:04:38+00:00\" \/>\n<meta property=\"article:modified_time\" content=\"2021-02-25T12:04:39+00:00\" \/>\n<meta property=\"og:image\" content=\"https:\/\/favorite-news.com\/pt\/wp-content\/uploads\/sites\/2\/2019\/09\/Depois-do-boom-tur\u00edstico-e-dos-milh\u00f5es-estrangeiros-a-crise.jpg\" \/>\n\t<meta property=\"og:image:width\" content=\"1010\" \/>\n\t<meta property=\"og:image:height\" content=\"695\" \/>\n\t<meta property=\"og:image:type\" content=\"image\/jpeg\" \/>\n<meta name=\"author\" content=\"favorite-news\" \/>\n<meta name=\"twitter:card\" content=\"summary_large_image\" \/>\n<meta name=\"twitter:label1\" content=\"Escrito por\" \/>\n\t<meta name=\"twitter:data1\" content=\"favorite-news\" \/>\n\t<meta name=\"twitter:label2\" content=\"Tempo estimado de leitura\" \/>\n\t<meta name=\"twitter:data2\" content=\"4 minutos\" \/>\n<script type=\"application\/ld+json\" class=\"yoast-schema-graph\">{\"@context\":\"https:\\\/\\\/schema.org\",\"@graph\":[{\"@type\":\"Article\",\"@id\":\"https:\\\/\\\/favorite-news.com\\\/pt\\\/moratorias-de-credito-a-habitacao-terminam-a-31-em-marco\\\/#article\",\"isPartOf\":{\"@id\":\"https:\\\/\\\/favorite-news.com\\\/pt\\\/moratorias-de-credito-a-habitacao-terminam-a-31-em-marco\\\/\"},\"author\":{\"name\":\"favorite-news\",\"@id\":\"https:\\\/\\\/favorite-news.com\\\/pt\\\/#\\\/schema\\\/person\\\/b91573b717dcfa5e4696032a9d28d3e8\"},\"headline\":\"Morat\u00f3rias de cr\u00e9dito \u00e0 habita\u00e7\u00e3o terminam a 31 em Mar\u00e7o\",\"datePublished\":\"2021-02-25T12:04:38+00:00\",\"dateModified\":\"2021-02-25T12:04:39+00:00\",\"mainEntityOfPage\":{\"@id\":\"https:\\\/\\\/favorite-news.com\\\/pt\\\/moratorias-de-credito-a-habitacao-terminam-a-31-em-marco\\\/\"},\"wordCount\":768,\"commentCount\":0,\"image\":{\"@id\":\"https:\\\/\\\/favorite-news.com\\\/pt\\\/moratorias-de-credito-a-habitacao-terminam-a-31-em-marco\\\/#primaryimage\"},\"thumbnailUrl\":\"https:\\\/\\\/favorite-news.com\\\/pt\\\/wp-content\\\/uploads\\\/sites\\\/2\\\/2019\\\/09\\\/Depois-do-boom-tur\u00edstico-e-dos-milh\u00f5es-estrangeiros-a-crise.jpg\",\"articleSection\":[\"NOT\u00cdCIAS FINANCEIRAS\"],\"inLanguage\":\"pt-PT\",\"potentialAction\":[{\"@type\":\"CommentAction\",\"name\":\"Comment\",\"target\":[\"https:\\\/\\\/favorite-news.com\\\/pt\\\/moratorias-de-credito-a-habitacao-terminam-a-31-em-marco\\\/#respond\"]}]},{\"@type\":\"WebPage\",\"@id\":\"https:\\\/\\\/favorite-news.com\\\/pt\\\/moratorias-de-credito-a-habitacao-terminam-a-31-em-marco\\\/\",\"url\":\"https:\\\/\\\/favorite-news.com\\\/pt\\\/moratorias-de-credito-a-habitacao-terminam-a-31-em-marco\\\/\",\"name\":\"Morat\u00f3rias de cr\u00e9dito \u00e0 habita\u00e7\u00e3o terminam a 31 em Mar\u00e7o - Favorite News\",\"isPartOf\":{\"@id\":\"https:\\\/\\\/favorite-news.com\\\/pt\\\/#website\"},\"primaryImageOfPage\":{\"@id\":\"https:\\\/\\\/favorite-news.com\\\/pt\\\/moratorias-de-credito-a-habitacao-terminam-a-31-em-marco\\\/#primaryimage\"},\"image\":{\"@id\":\"https:\\\/\\\/favorite-news.com\\\/pt\\\/moratorias-de-credito-a-habitacao-terminam-a-31-em-marco\\\/#primaryimage\"},\"thumbnailUrl\":\"https:\\\/\\\/favorite-news.com\\\/pt\\\/wp-content\\\/uploads\\\/sites\\\/2\\\/2019\\\/09\\\/Depois-do-boom-tur\u00edstico-e-dos-milh\u00f5es-estrangeiros-a-crise.jpg\",\"datePublished\":\"2021-02-25T12:04:38+00:00\",\"dateModified\":\"2021-02-25T12:04:39+00:00\",\"author\":{\"@id\":\"https:\\\/\\\/favorite-news.com\\\/pt\\\/#\\\/schema\\\/person\\\/b91573b717dcfa5e4696032a9d28d3e8\"},\"breadcrumb\":{\"@id\":\"https:\\\/\\\/favorite-news.com\\\/pt\\\/moratorias-de-credito-a-habitacao-terminam-a-31-em-marco\\\/#breadcrumb\"},\"inLanguage\":\"pt-PT\",\"potentialAction\":[{\"@type\":\"ReadAction\",\"target\":[\"https:\\\/\\\/favorite-news.com\\\/pt\\\/moratorias-de-credito-a-habitacao-terminam-a-31-em-marco\\\/\"]}]},{\"@type\":\"ImageObject\",\"inLanguage\":\"pt-PT\",\"@id\":\"https:\\\/\\\/favorite-news.com\\\/pt\\\/moratorias-de-credito-a-habitacao-terminam-a-31-em-marco\\\/#primaryimage\",\"url\":\"https:\\\/\\\/favorite-news.com\\\/pt\\\/wp-content\\\/uploads\\\/sites\\\/2\\\/2019\\\/09\\\/Depois-do-boom-tur\u00edstico-e-dos-milh\u00f5es-estrangeiros-a-crise.jpg\",\"contentUrl\":\"https:\\\/\\\/favorite-news.com\\\/pt\\\/wp-content\\\/uploads\\\/sites\\\/2\\\/2019\\\/09\\\/Depois-do-boom-tur\u00edstico-e-dos-milh\u00f5es-estrangeiros-a-crise.jpg\",\"width\":1010,\"height\":695,\"caption\":\"Depois do boom tur\u00edstico e dos milh\u00f5es estrangeiros, a crise na habita\u00e7\u00e3o\"},{\"@type\":\"BreadcrumbList\",\"@id\":\"https:\\\/\\\/favorite-news.com\\\/pt\\\/moratorias-de-credito-a-habitacao-terminam-a-31-em-marco\\\/#breadcrumb\",\"itemListElement\":[{\"@type\":\"ListItem\",\"position\":1,\"name\":\"Home\",\"item\":\"https:\\\/\\\/favorite-news.com\\\/pt\\\/\"},{\"@type\":\"ListItem\",\"position\":2,\"name\":\"Morat\u00f3rias de cr\u00e9dito \u00e0 habita\u00e7\u00e3o terminam a 31 em Mar\u00e7o\"}]},{\"@type\":\"WebSite\",\"@id\":\"https:\\\/\\\/favorite-news.com\\\/pt\\\/#website\",\"url\":\"https:\\\/\\\/favorite-news.com\\\/pt\\\/\",\"name\":\"Favorite News\",\"description\":\"Favorite News Portugal\",\"potentialAction\":[{\"@type\":\"SearchAction\",\"target\":{\"@type\":\"EntryPoint\",\"urlTemplate\":\"https:\\\/\\\/favorite-news.com\\\/pt\\\/?s={search_term_string}\"},\"query-input\":{\"@type\":\"PropertyValueSpecification\",\"valueRequired\":true,\"valueName\":\"search_term_string\"}}],\"inLanguage\":\"pt-PT\"},{\"@type\":\"Person\",\"@id\":\"https:\\\/\\\/favorite-news.com\\\/pt\\\/#\\\/schema\\\/person\\\/b91573b717dcfa5e4696032a9d28d3e8\",\"name\":\"favorite-news\",\"image\":{\"@type\":\"ImageObject\",\"inLanguage\":\"pt-PT\",\"@id\":\"https:\\\/\\\/secure.gravatar.com\\\/avatar\\\/6c5a5cb12b74e9d517ee91cf570335b7d16177f1977cc91db161adfa435945a7?s=96&d=mm&r=g\",\"url\":\"https:\\\/\\\/secure.gravatar.com\\\/avatar\\\/6c5a5cb12b74e9d517ee91cf570335b7d16177f1977cc91db161adfa435945a7?s=96&d=mm&r=g\",\"contentUrl\":\"https:\\\/\\\/secure.gravatar.com\\\/avatar\\\/6c5a5cb12b74e9d517ee91cf570335b7d16177f1977cc91db161adfa435945a7?s=96&d=mm&r=g\",\"caption\":\"favorite-news\"},\"url\":\"https:\\\/\\\/favorite-news.com\\\/pt\\\/author\\\/pt\\\/\"}]}<\/script>\n<!-- \/ Yoast SEO plugin. -->","yoast_head_json":{"title":"Morat\u00f3rias de cr\u00e9dito \u00e0 habita\u00e7\u00e3o terminam a 31 em Mar\u00e7o - Favorite News","robots":{"index":"index","follow":"follow","max-snippet":"max-snippet:-1","max-image-preview":"max-image-preview:large","max-video-preview":"max-video-preview:-1"},"canonical":"https:\/\/favorite-news.com\/pt\/moratorias-de-credito-a-habitacao-terminam-a-31-em-marco\/","og_locale":"pt_PT","og_type":"article","og_title":"Morat\u00f3rias de cr\u00e9dito \u00e0 habita\u00e7\u00e3o terminam a 31 em Mar\u00e7o - Favorite News","og_description":"asia4510 \/ Flickr Todas as morat\u00f3ria p\u00fablicas para o cr\u00e9dito \u00e0 habita\u00e7\u00e3o terminam a 30 de Setembro, mas a dos bancos expira j\u00e1 no pr\u00f3ximo m\u00eas. Uma das solu\u00e7\u00f5es para quem n\u00e3o consegue cumprir os pagamentos \u00e9 a reestrutura\u00e7\u00e3o dos cr\u00e9ditos. Desde o in\u00edcio da pandemia, e com as dificuldades econ\u00f3micas a assombrar as fam\u00edlias, [&hellip;]","og_url":"https:\/\/favorite-news.com\/pt\/moratorias-de-credito-a-habitacao-terminam-a-31-em-marco\/","og_site_name":"Favorite News","article_published_time":"2021-02-25T12:04:38+00:00","article_modified_time":"2021-02-25T12:04:39+00:00","og_image":[{"width":1010,"height":695,"url":"https:\/\/favorite-news.com\/pt\/wp-content\/uploads\/sites\/2\/2019\/09\/Depois-do-boom-tur\u00edstico-e-dos-milh\u00f5es-estrangeiros-a-crise.jpg","type":"image\/jpeg"}],"author":"favorite-news","twitter_card":"summary_large_image","twitter_misc":{"Escrito por":"favorite-news","Tempo estimado de leitura":"4 minutos"},"schema":{"@context":"https:\/\/schema.org","@graph":[{"@type":"Article","@id":"https:\/\/favorite-news.com\/pt\/moratorias-de-credito-a-habitacao-terminam-a-31-em-marco\/#article","isPartOf":{"@id":"https:\/\/favorite-news.com\/pt\/moratorias-de-credito-a-habitacao-terminam-a-31-em-marco\/"},"author":{"name":"favorite-news","@id":"https:\/\/favorite-news.com\/pt\/#\/schema\/person\/b91573b717dcfa5e4696032a9d28d3e8"},"headline":"Morat\u00f3rias de cr\u00e9dito \u00e0 habita\u00e7\u00e3o terminam a 31 em Mar\u00e7o","datePublished":"2021-02-25T12:04:38+00:00","dateModified":"2021-02-25T12:04:39+00:00","mainEntityOfPage":{"@id":"https:\/\/favorite-news.com\/pt\/moratorias-de-credito-a-habitacao-terminam-a-31-em-marco\/"},"wordCount":768,"commentCount":0,"image":{"@id":"https:\/\/favorite-news.com\/pt\/moratorias-de-credito-a-habitacao-terminam-a-31-em-marco\/#primaryimage"},"thumbnailUrl":"https:\/\/favorite-news.com\/pt\/wp-content\/uploads\/sites\/2\/2019\/09\/Depois-do-boom-tur\u00edstico-e-dos-milh\u00f5es-estrangeiros-a-crise.jpg","articleSection":["NOT\u00cdCIAS FINANCEIRAS"],"inLanguage":"pt-PT","potentialAction":[{"@type":"CommentAction","name":"Comment","target":["https:\/\/favorite-news.com\/pt\/moratorias-de-credito-a-habitacao-terminam-a-31-em-marco\/#respond"]}]},{"@type":"WebPage","@id":"https:\/\/favorite-news.com\/pt\/moratorias-de-credito-a-habitacao-terminam-a-31-em-marco\/","url":"https:\/\/favorite-news.com\/pt\/moratorias-de-credito-a-habitacao-terminam-a-31-em-marco\/","name":"Morat\u00f3rias de cr\u00e9dito \u00e0 habita\u00e7\u00e3o terminam a 31 em Mar\u00e7o - Favorite News","isPartOf":{"@id":"https:\/\/favorite-news.com\/pt\/#website"},"primaryImageOfPage":{"@id":"https:\/\/favorite-news.com\/pt\/moratorias-de-credito-a-habitacao-terminam-a-31-em-marco\/#primaryimage"},"image":{"@id":"https:\/\/favorite-news.com\/pt\/moratorias-de-credito-a-habitacao-terminam-a-31-em-marco\/#primaryimage"},"thumbnailUrl":"https:\/\/favorite-news.com\/pt\/wp-content\/uploads\/sites\/2\/2019\/09\/Depois-do-boom-tur\u00edstico-e-dos-milh\u00f5es-estrangeiros-a-crise.jpg","datePublished":"2021-02-25T12:04:38+00:00","dateModified":"2021-02-25T12:04:39+00:00","author":{"@id":"https:\/\/favorite-news.com\/pt\/#\/schema\/person\/b91573b717dcfa5e4696032a9d28d3e8"},"breadcrumb":{"@id":"https:\/\/favorite-news.com\/pt\/moratorias-de-credito-a-habitacao-terminam-a-31-em-marco\/#breadcrumb"},"inLanguage":"pt-PT","potentialAction":[{"@type":"ReadAction","target":["https:\/\/favorite-news.com\/pt\/moratorias-de-credito-a-habitacao-terminam-a-31-em-marco\/"]}]},{"@type":"ImageObject","inLanguage":"pt-PT","@id":"https:\/\/favorite-news.com\/pt\/moratorias-de-credito-a-habitacao-terminam-a-31-em-marco\/#primaryimage","url":"https:\/\/favorite-news.com\/pt\/wp-content\/uploads\/sites\/2\/2019\/09\/Depois-do-boom-tur\u00edstico-e-dos-milh\u00f5es-estrangeiros-a-crise.jpg","contentUrl":"https:\/\/favorite-news.com\/pt\/wp-content\/uploads\/sites\/2\/2019\/09\/Depois-do-boom-tur\u00edstico-e-dos-milh\u00f5es-estrangeiros-a-crise.jpg","width":1010,"height":695,"caption":"Depois do boom tur\u00edstico e dos milh\u00f5es estrangeiros, a crise na habita\u00e7\u00e3o"},{"@type":"BreadcrumbList","@id":"https:\/\/favorite-news.com\/pt\/moratorias-de-credito-a-habitacao-terminam-a-31-em-marco\/#breadcrumb","itemListElement":[{"@type":"ListItem","position":1,"name":"Home","item":"https:\/\/favorite-news.com\/pt\/"},{"@type":"ListItem","position":2,"name":"Morat\u00f3rias de cr\u00e9dito \u00e0 habita\u00e7\u00e3o terminam a 31 em Mar\u00e7o"}]},{"@type":"WebSite","@id":"https:\/\/favorite-news.com\/pt\/#website","url":"https:\/\/favorite-news.com\/pt\/","name":"Favorite News","description":"Favorite News Portugal","potentialAction":[{"@type":"SearchAction","target":{"@type":"EntryPoint","urlTemplate":"https:\/\/favorite-news.com\/pt\/?s={search_term_string}"},"query-input":{"@type":"PropertyValueSpecification","valueRequired":true,"valueName":"search_term_string"}}],"inLanguage":"pt-PT"},{"@type":"Person","@id":"https:\/\/favorite-news.com\/pt\/#\/schema\/person\/b91573b717dcfa5e4696032a9d28d3e8","name":"favorite-news","image":{"@type":"ImageObject","inLanguage":"pt-PT","@id":"https:\/\/secure.gravatar.com\/avatar\/6c5a5cb12b74e9d517ee91cf570335b7d16177f1977cc91db161adfa435945a7?s=96&d=mm&r=g","url":"https:\/\/secure.gravatar.com\/avatar\/6c5a5cb12b74e9d517ee91cf570335b7d16177f1977cc91db161adfa435945a7?s=96&d=mm&r=g","contentUrl":"https:\/\/secure.gravatar.com\/avatar\/6c5a5cb12b74e9d517ee91cf570335b7d16177f1977cc91db161adfa435945a7?s=96&d=mm&r=g","caption":"favorite-news"},"url":"https:\/\/favorite-news.com\/pt\/author\/pt\/"}]}},"_links":{"self":[{"href":"https:\/\/favorite-news.com\/pt\/wp-json\/wp\/v2\/posts\/9137","targetHints":{"allow":["GET"]}}],"collection":[{"href":"https:\/\/favorite-news.com\/pt\/wp-json\/wp\/v2\/posts"}],"about":[{"href":"https:\/\/favorite-news.com\/pt\/wp-json\/wp\/v2\/types\/post"}],"author":[{"embeddable":true,"href":"https:\/\/favorite-news.com\/pt\/wp-json\/wp\/v2\/users\/2"}],"replies":[{"embeddable":true,"href":"https:\/\/favorite-news.com\/pt\/wp-json\/wp\/v2\/comments?post=9137"}],"version-history":[{"count":1,"href":"https:\/\/favorite-news.com\/pt\/wp-json\/wp\/v2\/posts\/9137\/revisions"}],"predecessor-version":[{"id":9138,"href":"https:\/\/favorite-news.com\/pt\/wp-json\/wp\/v2\/posts\/9137\/revisions\/9138"}],"wp:featuredmedia":[{"embeddable":true,"href":"https:\/\/favorite-news.com\/pt\/wp-json\/wp\/v2\/media\/7411"}],"wp:attachment":[{"href":"https:\/\/favorite-news.com\/pt\/wp-json\/wp\/v2\/media?parent=9137"}],"wp:term":[{"taxonomy":"category","embeddable":true,"href":"https:\/\/favorite-news.com\/pt\/wp-json\/wp\/v2\/categories?post=9137"},{"taxonomy":"post_tag","embeddable":true,"href":"https:\/\/favorite-news.com\/pt\/wp-json\/wp\/v2\/tags?post=9137"}],"curies":[{"name":"wp","href":"https:\/\/api.w.org\/{rel}","templated":true}]}}