{"id":9120,"date":"2021-02-24T02:42:58","date_gmt":"2021-02-23T23:42:58","guid":{"rendered":"https:\/\/favorite-news.com\/pt\/para-siza-pandemia-e-oportunidade-unica-para-repensar-a-industria\/"},"modified":"2021-02-24T02:43:00","modified_gmt":"2021-02-23T23:43:00","slug":"para-siza-pandemia-e-oportunidade-unica-para-repensar-a-industria","status":"publish","type":"post","link":"https:\/\/favorite-news.com\/pt\/para-siza-pandemia-e-oportunidade-unica-para-repensar-a-industria\/","title":{"rendered":"Para Siza, pandemia \u00e9 &#8220;oportunidade \u00fanica&#8221; para repensar a ind\u00fastria"},"content":{"rendered":"<p>        Manuel de Almeida \/ LusaO ministro de Estado, da Economia e da Transi\u00e7\u00e3o Digital, Pedro Siza Vieira<br \/>\nO ministro de Estado, da Economia e da Transi\u00e7\u00e3o Digital, Pedro Siza Vieira, considera que a pandemia de covid-19 \u00e9 uma \u201coportunidade \u00fanica\u201d para repensar a ind\u00fastria.<\/p>\n<p>Pedro Siza Vieira admitiu, esta ter\u00e7a-feira, que \u201ca recupera\u00e7\u00e3o econ\u00f3mica vai ser mais demorada\u201d do que o esperado, mas sublinhou que a pandemia de covid-19 \u00e9 \u201cuma oportunidade \u00fanica para repensar a realidade industrial\u201d da Uni\u00e3o Europeia (UE).<br \/>\nO ministro de Estado, da Economia e da Transi\u00e7\u00e3o Digital, que discursava na abertura da quarta edi\u00e7\u00e3o dos Dias da Ind\u00fastria da UE, lembrou que \u201ca pandemia trouxe impactos profundos e muito assim\u00e9tricos em diferentes pa\u00edses e setores econ\u00f3micos\u201d. \u201cA recupera\u00e7\u00e3o vai ser mais demorada do que desej\u00e1vamos e do que prev\u00edamos nos \u00faltimos meses\u201d, afirmou Siza Vieira.<br \/>\nO governante garantiu, por\u00e9m, que a presid\u00eancia portuguesa do Conselho da UE est\u00e1 comprometida em \u201cajudar a combater a crise e apoiar a recupera\u00e7\u00e3o\u201d, tendo por base tr\u00eas prioridades principais \u2013 \u201cpromover uma recupera\u00e7\u00e3o europeia atrav\u00e9s da dupla transi\u00e7\u00e3o digital e ecol\u00f3gica, implementar o Pilar Social da UE, um elemento-chave para garantir a transi\u00e7\u00e3o justa e inclusiva, e refor\u00e7ar a autonomia estrat\u00e9gia da UE no mundo\u201d.<\/p>\n<p>De acordo com Siza Vieira, os 27 Estados-membros do bloco comunit\u00e1rio est\u00e3o a \u201cconstruir um consenso em torno da estrat\u00e9gia europeia da reindustrializa\u00e7\u00e3o\u201d, dado que, \u201cnas \u00faltimas d\u00e9cadas, a lideran\u00e7a da ind\u00fastria europeia tem sido desafiada\u201d pelo \u201cdesenvolvimento de outras regi\u00f5es mundiais e de novas tecnologias. Por isso, \u201c\u00e9 necess\u00e1rio garantir uma autonomia estrat\u00e9gica europeia que mantenha esta lideran\u00e7a\u201d no ecossistema industrial, defendeu.<br \/>\n\u201cNo futuro, a ind\u00fastria vai ter de se adaptar a um novo paradigma, enquanto mant\u00e9m a sua lideran\u00e7a\u201d, apontou o ministro, acrescentando que a reindustrializa\u00e7\u00e3o deve ter em considera\u00e7\u00e3o a descarboniza\u00e7\u00e3o e a efici\u00eancia energ\u00e9tica.<br \/>\nPara Siza Vieira, \u00e9 importante que a UE se concentre no desenvolvimento de tecnologias e de processos para a produ\u00e7\u00e3o industrial, de modo a ser \u201cprodutora de tecnologia e n\u00e3o uma seguidora e compradora de tecnologias produzidas por outros\u201d.<br \/>\nSegundo o ministro, a Comiss\u00e3o Europeia ir\u00e1 lan\u00e7ar, \u201cnos pr\u00f3ximos meses\u201d, uma atualiza\u00e7\u00e3o da estrat\u00e9gia industrial europeia que deve ser discutida pelos 27. Siza Vieira defende que esta atualiza\u00e7\u00e3o \u201cdeve refletir a import\u00e2ncia do mercado \u00fanico europeu, a coes\u00e3o e as pequenas e m\u00e9dias empresas (PME), que s\u00e3o a \u2018espinha dorsal\u2019 da economia europeia\u201d.<br \/>\nSobre as PME, o pol\u00edtico garante que ser\u00e3o \u201cuma quest\u00e3o transversal essencial\u201d da presid\u00eancia portuguesa do Conselho da UE, dado que \u201cnenhuma estrat\u00e9gia industrial europeia pode ter sucesso sem a participa\u00e7\u00e3o das PME na transforma\u00e7\u00e3o industrial\u201d, defendeu.<br \/>\n\u201cApoiamos, por isso, a cria\u00e7\u00e3o de alian\u00e7as estrat\u00e9gicas industriais dado que podem contribuir de forma significativa para este processo de inova\u00e7\u00e3o e ajudar a integrar as PME nos ecossistemas industrial\u201d, concluiu.<br \/>\nO ministro Siza Vieira discursou na quarta edi\u00e7\u00e3o dos Dias da Ind\u00fastrias, o principal evento anual da UE sobre a ind\u00fastria, organizado pela Comiss\u00e3o Europeia. Esta edi\u00e7\u00e3o, que decorre pela primeira vez em formato digital, incidir\u00e1 sobre a acelera\u00e7\u00e3o da dupla transi\u00e7\u00e3o ecol\u00f3gica e digital e as altera\u00e7\u00f5es do panorama competitivo global.<\/p>\n<p>\n<!--noindex--><br \/>\n<a href=\"https:\/\/zap.aeiou.pt\/siza-pandemia-oportunidade-unica-382803\" rel=\"nofollow\">Source link <\/a><br \/>\n<!--\/noindex--><\/p>\n","protected":false},"excerpt":{"rendered":"<p>Manuel de Almeida \/ LusaO ministro de Estado, da Economia e da Transi\u00e7\u00e3o Digital, Pedro Siza Vieira O ministro de Estado, da Economia e da Transi\u00e7\u00e3o Digital, Pedro Siza Vieira, considera que a pandemia de covid-19 \u00e9 uma \u201coportunidade \u00fanica\u201d para repensar a ind\u00fastria. Pedro Siza Vieira admitiu, esta ter\u00e7a-feira, que \u201ca recupera\u00e7\u00e3o econ\u00f3mica vai [&hellip;]<\/p>\n","protected":false},"author":2,"featured_media":8797,"comment_status":"open","ping_status":"open","sticky":false,"template":"","format":"standard","meta":{"footnotes":""},"categories":[1],"tags":[],"class_list":["post-9120","post","type-post","status-publish","format-standard","has-post-thumbnail","hentry","category-noticias-financeiras"],"yoast_head":"<!-- This site is optimized with the Yoast SEO plugin v27.4 - https:\/\/yoast.com\/product\/yoast-seo-wordpress\/ -->\n<title>Para Siza, pandemia \u00e9 &quot;oportunidade \u00fanica&quot; para repensar a ind\u00fastria - Favorite News<\/title>\n<meta name=\"robots\" content=\"index, follow, max-snippet:-1, max-image-preview:large, max-video-preview:-1\" \/>\n<link rel=\"canonical\" href=\"https:\/\/favorite-news.com\/pt\/para-siza-pandemia-e-oportunidade-unica-para-repensar-a-industria\/\" \/>\n<meta property=\"og:locale\" content=\"pt_PT\" \/>\n<meta property=\"og:type\" content=\"article\" \/>\n<meta property=\"og:title\" content=\"Para Siza, pandemia \u00e9 &quot;oportunidade \u00fanica&quot; para repensar a ind\u00fastria - Favorite News\" \/>\n<meta property=\"og:description\" content=\"Manuel de Almeida \/ LusaO ministro de Estado, da Economia e da Transi\u00e7\u00e3o Digital, Pedro Siza Vieira O ministro de Estado, da Economia e da Transi\u00e7\u00e3o Digital, Pedro Siza Vieira, considera que a pandemia de covid-19 \u00e9 uma \u201coportunidade \u00fanica\u201d para repensar a ind\u00fastria. Pedro Siza Vieira admitiu, esta ter\u00e7a-feira, que \u201ca recupera\u00e7\u00e3o econ\u00f3mica vai [&hellip;]\" \/>\n<meta property=\"og:url\" content=\"https:\/\/favorite-news.com\/pt\/para-siza-pandemia-e-oportunidade-unica-para-repensar-a-industria\/\" \/>\n<meta property=\"og:site_name\" content=\"Favorite News\" \/>\n<meta property=\"article:published_time\" content=\"2021-02-23T23:42:58+00:00\" \/>\n<meta property=\"article:modified_time\" content=\"2021-02-23T23:43:00+00:00\" \/>\n<meta property=\"og:image\" content=\"https:\/\/favorite-news.com\/pt\/wp-content\/uploads\/sites\/2\/2021\/01\/Governo-admite-estender-apoios-ao-emprego-Lay-off-alargado-a-colegios.jpg\" \/>\n\t<meta property=\"og:image:width\" content=\"1200\" \/>\n\t<meta property=\"og:image:height\" content=\"800\" \/>\n\t<meta property=\"og:image:type\" content=\"image\/jpeg\" \/>\n<meta name=\"author\" content=\"favorite-news\" \/>\n<meta name=\"twitter:card\" content=\"summary_large_image\" \/>\n<meta name=\"twitter:label1\" content=\"Escrito por\" \/>\n\t<meta name=\"twitter:data1\" content=\"favorite-news\" \/>\n\t<meta name=\"twitter:label2\" content=\"Tempo estimado de leitura\" \/>\n\t<meta name=\"twitter:data2\" content=\"3 minutos\" \/>\n<script type=\"application\/ld+json\" class=\"yoast-schema-graph\">{\"@context\":\"https:\\\/\\\/schema.org\",\"@graph\":[{\"@type\":\"Article\",\"@id\":\"https:\\\/\\\/favorite-news.com\\\/pt\\\/para-siza-pandemia-e-oportunidade-unica-para-repensar-a-industria\\\/#article\",\"isPartOf\":{\"@id\":\"https:\\\/\\\/favorite-news.com\\\/pt\\\/para-siza-pandemia-e-oportunidade-unica-para-repensar-a-industria\\\/\"},\"author\":{\"name\":\"favorite-news\",\"@id\":\"https:\\\/\\\/favorite-news.com\\\/pt\\\/#\\\/schema\\\/person\\\/b91573b717dcfa5e4696032a9d28d3e8\"},\"headline\":\"Para Siza, pandemia \u00e9 &#8220;oportunidade \u00fanica&#8221; para repensar a ind\u00fastria\",\"datePublished\":\"2021-02-23T23:42:58+00:00\",\"dateModified\":\"2021-02-23T23:43:00+00:00\",\"mainEntityOfPage\":{\"@id\":\"https:\\\/\\\/favorite-news.com\\\/pt\\\/para-siza-pandemia-e-oportunidade-unica-para-repensar-a-industria\\\/\"},\"wordCount\":599,\"commentCount\":0,\"image\":{\"@id\":\"https:\\\/\\\/favorite-news.com\\\/pt\\\/para-siza-pandemia-e-oportunidade-unica-para-repensar-a-industria\\\/#primaryimage\"},\"thumbnailUrl\":\"https:\\\/\\\/favorite-news.com\\\/pt\\\/wp-content\\\/uploads\\\/sites\\\/2\\\/2021\\\/01\\\/Governo-admite-estender-apoios-ao-emprego-Lay-off-alargado-a-colegios.jpg\",\"articleSection\":[\"NOT\u00cdCIAS FINANCEIRAS\"],\"inLanguage\":\"pt-PT\",\"potentialAction\":[{\"@type\":\"CommentAction\",\"name\":\"Comment\",\"target\":[\"https:\\\/\\\/favorite-news.com\\\/pt\\\/para-siza-pandemia-e-oportunidade-unica-para-repensar-a-industria\\\/#respond\"]}]},{\"@type\":\"WebPage\",\"@id\":\"https:\\\/\\\/favorite-news.com\\\/pt\\\/para-siza-pandemia-e-oportunidade-unica-para-repensar-a-industria\\\/\",\"url\":\"https:\\\/\\\/favorite-news.com\\\/pt\\\/para-siza-pandemia-e-oportunidade-unica-para-repensar-a-industria\\\/\",\"name\":\"Para Siza, pandemia \u00e9 \\\"oportunidade \u00fanica\\\" para repensar a ind\u00fastria - Favorite News\",\"isPartOf\":{\"@id\":\"https:\\\/\\\/favorite-news.com\\\/pt\\\/#website\"},\"primaryImageOfPage\":{\"@id\":\"https:\\\/\\\/favorite-news.com\\\/pt\\\/para-siza-pandemia-e-oportunidade-unica-para-repensar-a-industria\\\/#primaryimage\"},\"image\":{\"@id\":\"https:\\\/\\\/favorite-news.com\\\/pt\\\/para-siza-pandemia-e-oportunidade-unica-para-repensar-a-industria\\\/#primaryimage\"},\"thumbnailUrl\":\"https:\\\/\\\/favorite-news.com\\\/pt\\\/wp-content\\\/uploads\\\/sites\\\/2\\\/2021\\\/01\\\/Governo-admite-estender-apoios-ao-emprego-Lay-off-alargado-a-colegios.jpg\",\"datePublished\":\"2021-02-23T23:42:58+00:00\",\"dateModified\":\"2021-02-23T23:43:00+00:00\",\"author\":{\"@id\":\"https:\\\/\\\/favorite-news.com\\\/pt\\\/#\\\/schema\\\/person\\\/b91573b717dcfa5e4696032a9d28d3e8\"},\"breadcrumb\":{\"@id\":\"https:\\\/\\\/favorite-news.com\\\/pt\\\/para-siza-pandemia-e-oportunidade-unica-para-repensar-a-industria\\\/#breadcrumb\"},\"inLanguage\":\"pt-PT\",\"potentialAction\":[{\"@type\":\"ReadAction\",\"target\":[\"https:\\\/\\\/favorite-news.com\\\/pt\\\/para-siza-pandemia-e-oportunidade-unica-para-repensar-a-industria\\\/\"]}]},{\"@type\":\"ImageObject\",\"inLanguage\":\"pt-PT\",\"@id\":\"https:\\\/\\\/favorite-news.com\\\/pt\\\/para-siza-pandemia-e-oportunidade-unica-para-repensar-a-industria\\\/#primaryimage\",\"url\":\"https:\\\/\\\/favorite-news.com\\\/pt\\\/wp-content\\\/uploads\\\/sites\\\/2\\\/2021\\\/01\\\/Governo-admite-estender-apoios-ao-emprego-Lay-off-alargado-a-colegios.jpg\",\"contentUrl\":\"https:\\\/\\\/favorite-news.com\\\/pt\\\/wp-content\\\/uploads\\\/sites\\\/2\\\/2021\\\/01\\\/Governo-admite-estender-apoios-ao-emprego-Lay-off-alargado-a-colegios.jpg\",\"width\":1200,\"height\":800,\"caption\":\"Governo admite estender apoios ao emprego. Lay-off alargado a col\u00e9gios privados\"},{\"@type\":\"BreadcrumbList\",\"@id\":\"https:\\\/\\\/favorite-news.com\\\/pt\\\/para-siza-pandemia-e-oportunidade-unica-para-repensar-a-industria\\\/#breadcrumb\",\"itemListElement\":[{\"@type\":\"ListItem\",\"position\":1,\"name\":\"Home\",\"item\":\"https:\\\/\\\/favorite-news.com\\\/pt\\\/\"},{\"@type\":\"ListItem\",\"position\":2,\"name\":\"Para Siza, pandemia \u00e9 &#8220;oportunidade \u00fanica&#8221; para repensar a ind\u00fastria\"}]},{\"@type\":\"WebSite\",\"@id\":\"https:\\\/\\\/favorite-news.com\\\/pt\\\/#website\",\"url\":\"https:\\\/\\\/favorite-news.com\\\/pt\\\/\",\"name\":\"Favorite News\",\"description\":\"Favorite News Portugal\",\"potentialAction\":[{\"@type\":\"SearchAction\",\"target\":{\"@type\":\"EntryPoint\",\"urlTemplate\":\"https:\\\/\\\/favorite-news.com\\\/pt\\\/?s={search_term_string}\"},\"query-input\":{\"@type\":\"PropertyValueSpecification\",\"valueRequired\":true,\"valueName\":\"search_term_string\"}}],\"inLanguage\":\"pt-PT\"},{\"@type\":\"Person\",\"@id\":\"https:\\\/\\\/favorite-news.com\\\/pt\\\/#\\\/schema\\\/person\\\/b91573b717dcfa5e4696032a9d28d3e8\",\"name\":\"favorite-news\",\"image\":{\"@type\":\"ImageObject\",\"inLanguage\":\"pt-PT\",\"@id\":\"https:\\\/\\\/secure.gravatar.com\\\/avatar\\\/6c5a5cb12b74e9d517ee91cf570335b7d16177f1977cc91db161adfa435945a7?s=96&d=mm&r=g\",\"url\":\"https:\\\/\\\/secure.gravatar.com\\\/avatar\\\/6c5a5cb12b74e9d517ee91cf570335b7d16177f1977cc91db161adfa435945a7?s=96&d=mm&r=g\",\"contentUrl\":\"https:\\\/\\\/secure.gravatar.com\\\/avatar\\\/6c5a5cb12b74e9d517ee91cf570335b7d16177f1977cc91db161adfa435945a7?s=96&d=mm&r=g\",\"caption\":\"favorite-news\"},\"url\":\"https:\\\/\\\/favorite-news.com\\\/pt\\\/author\\\/pt\\\/\"}]}<\/script>\n<!-- \/ Yoast SEO plugin. -->","yoast_head_json":{"title":"Para Siza, pandemia \u00e9 \"oportunidade \u00fanica\" para repensar a ind\u00fastria - Favorite News","robots":{"index":"index","follow":"follow","max-snippet":"max-snippet:-1","max-image-preview":"max-image-preview:large","max-video-preview":"max-video-preview:-1"},"canonical":"https:\/\/favorite-news.com\/pt\/para-siza-pandemia-e-oportunidade-unica-para-repensar-a-industria\/","og_locale":"pt_PT","og_type":"article","og_title":"Para Siza, pandemia \u00e9 \"oportunidade \u00fanica\" para repensar a ind\u00fastria - Favorite News","og_description":"Manuel de Almeida \/ LusaO ministro de Estado, da Economia e da Transi\u00e7\u00e3o Digital, Pedro Siza Vieira O ministro de Estado, da Economia e da Transi\u00e7\u00e3o Digital, Pedro Siza Vieira, considera que a pandemia de covid-19 \u00e9 uma \u201coportunidade \u00fanica\u201d para repensar a ind\u00fastria. Pedro Siza Vieira admitiu, esta ter\u00e7a-feira, que \u201ca recupera\u00e7\u00e3o econ\u00f3mica vai [&hellip;]","og_url":"https:\/\/favorite-news.com\/pt\/para-siza-pandemia-e-oportunidade-unica-para-repensar-a-industria\/","og_site_name":"Favorite News","article_published_time":"2021-02-23T23:42:58+00:00","article_modified_time":"2021-02-23T23:43:00+00:00","og_image":[{"width":1200,"height":800,"url":"https:\/\/favorite-news.com\/pt\/wp-content\/uploads\/sites\/2\/2021\/01\/Governo-admite-estender-apoios-ao-emprego-Lay-off-alargado-a-colegios.jpg","type":"image\/jpeg"}],"author":"favorite-news","twitter_card":"summary_large_image","twitter_misc":{"Escrito por":"favorite-news","Tempo estimado de leitura":"3 minutos"},"schema":{"@context":"https:\/\/schema.org","@graph":[{"@type":"Article","@id":"https:\/\/favorite-news.com\/pt\/para-siza-pandemia-e-oportunidade-unica-para-repensar-a-industria\/#article","isPartOf":{"@id":"https:\/\/favorite-news.com\/pt\/para-siza-pandemia-e-oportunidade-unica-para-repensar-a-industria\/"},"author":{"name":"favorite-news","@id":"https:\/\/favorite-news.com\/pt\/#\/schema\/person\/b91573b717dcfa5e4696032a9d28d3e8"},"headline":"Para Siza, pandemia \u00e9 &#8220;oportunidade \u00fanica&#8221; para repensar a ind\u00fastria","datePublished":"2021-02-23T23:42:58+00:00","dateModified":"2021-02-23T23:43:00+00:00","mainEntityOfPage":{"@id":"https:\/\/favorite-news.com\/pt\/para-siza-pandemia-e-oportunidade-unica-para-repensar-a-industria\/"},"wordCount":599,"commentCount":0,"image":{"@id":"https:\/\/favorite-news.com\/pt\/para-siza-pandemia-e-oportunidade-unica-para-repensar-a-industria\/#primaryimage"},"thumbnailUrl":"https:\/\/favorite-news.com\/pt\/wp-content\/uploads\/sites\/2\/2021\/01\/Governo-admite-estender-apoios-ao-emprego-Lay-off-alargado-a-colegios.jpg","articleSection":["NOT\u00cdCIAS FINANCEIRAS"],"inLanguage":"pt-PT","potentialAction":[{"@type":"CommentAction","name":"Comment","target":["https:\/\/favorite-news.com\/pt\/para-siza-pandemia-e-oportunidade-unica-para-repensar-a-industria\/#respond"]}]},{"@type":"WebPage","@id":"https:\/\/favorite-news.com\/pt\/para-siza-pandemia-e-oportunidade-unica-para-repensar-a-industria\/","url":"https:\/\/favorite-news.com\/pt\/para-siza-pandemia-e-oportunidade-unica-para-repensar-a-industria\/","name":"Para Siza, pandemia \u00e9 \"oportunidade \u00fanica\" para repensar a ind\u00fastria - Favorite News","isPartOf":{"@id":"https:\/\/favorite-news.com\/pt\/#website"},"primaryImageOfPage":{"@id":"https:\/\/favorite-news.com\/pt\/para-siza-pandemia-e-oportunidade-unica-para-repensar-a-industria\/#primaryimage"},"image":{"@id":"https:\/\/favorite-news.com\/pt\/para-siza-pandemia-e-oportunidade-unica-para-repensar-a-industria\/#primaryimage"},"thumbnailUrl":"https:\/\/favorite-news.com\/pt\/wp-content\/uploads\/sites\/2\/2021\/01\/Governo-admite-estender-apoios-ao-emprego-Lay-off-alargado-a-colegios.jpg","datePublished":"2021-02-23T23:42:58+00:00","dateModified":"2021-02-23T23:43:00+00:00","author":{"@id":"https:\/\/favorite-news.com\/pt\/#\/schema\/person\/b91573b717dcfa5e4696032a9d28d3e8"},"breadcrumb":{"@id":"https:\/\/favorite-news.com\/pt\/para-siza-pandemia-e-oportunidade-unica-para-repensar-a-industria\/#breadcrumb"},"inLanguage":"pt-PT","potentialAction":[{"@type":"ReadAction","target":["https:\/\/favorite-news.com\/pt\/para-siza-pandemia-e-oportunidade-unica-para-repensar-a-industria\/"]}]},{"@type":"ImageObject","inLanguage":"pt-PT","@id":"https:\/\/favorite-news.com\/pt\/para-siza-pandemia-e-oportunidade-unica-para-repensar-a-industria\/#primaryimage","url":"https:\/\/favorite-news.com\/pt\/wp-content\/uploads\/sites\/2\/2021\/01\/Governo-admite-estender-apoios-ao-emprego-Lay-off-alargado-a-colegios.jpg","contentUrl":"https:\/\/favorite-news.com\/pt\/wp-content\/uploads\/sites\/2\/2021\/01\/Governo-admite-estender-apoios-ao-emprego-Lay-off-alargado-a-colegios.jpg","width":1200,"height":800,"caption":"Governo admite estender apoios ao emprego. Lay-off alargado a col\u00e9gios privados"},{"@type":"BreadcrumbList","@id":"https:\/\/favorite-news.com\/pt\/para-siza-pandemia-e-oportunidade-unica-para-repensar-a-industria\/#breadcrumb","itemListElement":[{"@type":"ListItem","position":1,"name":"Home","item":"https:\/\/favorite-news.com\/pt\/"},{"@type":"ListItem","position":2,"name":"Para Siza, pandemia \u00e9 &#8220;oportunidade \u00fanica&#8221; para repensar a ind\u00fastria"}]},{"@type":"WebSite","@id":"https:\/\/favorite-news.com\/pt\/#website","url":"https:\/\/favorite-news.com\/pt\/","name":"Favorite News","description":"Favorite News Portugal","potentialAction":[{"@type":"SearchAction","target":{"@type":"EntryPoint","urlTemplate":"https:\/\/favorite-news.com\/pt\/?s={search_term_string}"},"query-input":{"@type":"PropertyValueSpecification","valueRequired":true,"valueName":"search_term_string"}}],"inLanguage":"pt-PT"},{"@type":"Person","@id":"https:\/\/favorite-news.com\/pt\/#\/schema\/person\/b91573b717dcfa5e4696032a9d28d3e8","name":"favorite-news","image":{"@type":"ImageObject","inLanguage":"pt-PT","@id":"https:\/\/secure.gravatar.com\/avatar\/6c5a5cb12b74e9d517ee91cf570335b7d16177f1977cc91db161adfa435945a7?s=96&d=mm&r=g","url":"https:\/\/secure.gravatar.com\/avatar\/6c5a5cb12b74e9d517ee91cf570335b7d16177f1977cc91db161adfa435945a7?s=96&d=mm&r=g","contentUrl":"https:\/\/secure.gravatar.com\/avatar\/6c5a5cb12b74e9d517ee91cf570335b7d16177f1977cc91db161adfa435945a7?s=96&d=mm&r=g","caption":"favorite-news"},"url":"https:\/\/favorite-news.com\/pt\/author\/pt\/"}]}},"_links":{"self":[{"href":"https:\/\/favorite-news.com\/pt\/wp-json\/wp\/v2\/posts\/9120","targetHints":{"allow":["GET"]}}],"collection":[{"href":"https:\/\/favorite-news.com\/pt\/wp-json\/wp\/v2\/posts"}],"about":[{"href":"https:\/\/favorite-news.com\/pt\/wp-json\/wp\/v2\/types\/post"}],"author":[{"embeddable":true,"href":"https:\/\/favorite-news.com\/pt\/wp-json\/wp\/v2\/users\/2"}],"replies":[{"embeddable":true,"href":"https:\/\/favorite-news.com\/pt\/wp-json\/wp\/v2\/comments?post=9120"}],"version-history":[{"count":1,"href":"https:\/\/favorite-news.com\/pt\/wp-json\/wp\/v2\/posts\/9120\/revisions"}],"predecessor-version":[{"id":9121,"href":"https:\/\/favorite-news.com\/pt\/wp-json\/wp\/v2\/posts\/9120\/revisions\/9121"}],"wp:featuredmedia":[{"embeddable":true,"href":"https:\/\/favorite-news.com\/pt\/wp-json\/wp\/v2\/media\/8797"}],"wp:attachment":[{"href":"https:\/\/favorite-news.com\/pt\/wp-json\/wp\/v2\/media?parent=9120"}],"wp:term":[{"taxonomy":"category","embeddable":true,"href":"https:\/\/favorite-news.com\/pt\/wp-json\/wp\/v2\/categories?post=9120"},{"taxonomy":"post_tag","embeddable":true,"href":"https:\/\/favorite-news.com\/pt\/wp-json\/wp\/v2\/tags?post=9120"}],"curies":[{"name":"wp","href":"https:\/\/api.w.org\/{rel}","templated":true}]}}