{"id":9114,"date":"2021-02-23T14:38:44","date_gmt":"2021-02-23T11:38:44","guid":{"rendered":"https:\/\/favorite-news.com\/pt\/governo-alarga-lay-off-a-vigilancia-e-limpeza-zap\/"},"modified":"2021-02-23T14:38:49","modified_gmt":"2021-02-23T11:38:49","slug":"governo-alarga-lay-off-a-vigilancia-e-limpeza-zap","status":"publish","type":"post","link":"https:\/\/favorite-news.com\/pt\/governo-alarga-lay-off-a-vigilancia-e-limpeza-zap\/","title":{"rendered":"Governo alarga lay-off a vigil\u00e2ncia e limpeza &#8211; ZAP"},"content":{"rendered":"<p>        Gil Ribeiro \/ unsplash<br \/>\nAs empresas que, n\u00e3o tendo sido obrigadas a encerrar, estejam sem trabalho por prestarem servi\u00e7os a setores que est\u00e3o confinados tamb\u00e9m t\u00eam acesso ao lay-off simplificado.<\/p>\n<p>De acordo com o jornal ECO, neste segundo confinamento, j\u00e1 n\u00e3o basta ter uma quebra significativa da fatura\u00e7\u00e3o para aceder ao lay-off simplificado, regime de apoio \u00e0 manuten\u00e7\u00e3o dos postos de trabalho que permite aos empregadores suspender os contratos de trabalho ou reduzirem os hor\u00e1rios dos trabalhadores, ao mesmo tempo que recebem uma ajuda para o pagamento dos sal\u00e1rios e beneficiam da isen\u00e7\u00e3o das contribui\u00e7\u00f5es sociais.<br \/>\nO lay-off simplificado est\u00e1 dispon\u00edvel para os empregadores que se encontrem \u201csujeitos ao dever de encerramento de instala\u00e7\u00f5es e estabelecimentos por determina\u00e7\u00e3o legislativa ou administrativa de fonte governamental, no \u00e2mbito da pandemia da doen\u00e7a covid-19\u2033, segundo a Seguran\u00e7a Social.<br \/>\nAssim, o acesso ao regime em causa estava a ser travado \u00e0s empresas que prestam servi\u00e7os a setores que est\u00e3o confinados, uma vez que n\u00e3o est\u00e3o tecnicamente encerradas ou suspensas por imposi\u00e7\u00e3o legal ou administrativa, apesar de estarem sem trabalho por causa do referido confinamento. \u00c9 o caso, por exemplo, de uma empresa de limpeza que preste servi\u00e7os a um gin\u00e1sio.<\/p>\n<p>De acordo com o Jornal de Neg\u00f3cios, a quest\u00e3o foi levada ao Governo pelos parceiros sociais no in\u00edcio do m\u00eas, tendo a ministra do Trabalho assegurado \u00e0s confedera\u00e7\u00f5es patronais que seria feito um alargamento do lay-off simplificado no sentido de abranger as empresas que prestam servi\u00e7os.<br \/>\nFonte oficial do Executivo confirmou ao ECO que n\u00e3o ser\u00e1 necess\u00e1rio proceder a qualquer altera\u00e7\u00e3o \u00e0 legisla\u00e7\u00e3o, produzindo este entendimento efeitos ao \u201cprimeiro dia de suspens\u00e3o de atividades e encerramento de estabelecimentos\u201d. \u201cEste \u00e9 o entendimento que se faz da norma pelo que n\u00e3o \u00e9 necess\u00e1rio proceder a qualquer altera\u00e7\u00e3o\u201d, assegurou.<\/p>\n<p>61 mil empresas recebem apoios esta quarta-feira<br \/>\n\u00a0<br \/>\nO Instituto da Seguran\u00e7a Social (ISS) anunciou esta segunda-feira que vai pagar a 61 mil empresas, na quarta-feira, os apoios relativos ao lay-off e ao apoio \u00e0 retoma progressiva, num valor global de 135 milh\u00f5es de euros.<br \/>\nOs apoios referentes ao lay-off (simplificado e do C\u00f3digo do Trabalho) e ao apoio extraordin\u00e1rio \u00e0 retoma progressiva, relativos aos pedidos v\u00e1lidos que foram entregues at\u00e9 ao dia 19 deste m\u00eas, ser\u00e3o pagos no pr\u00f3ximo dia 24 de fevereiro\u201d, l\u00ea-se numa nota publicada esta segunda-feira pelo ISS.<br \/>\nDe acordo com a nota, \u201cser\u00e3o pagos 135 milh\u00f5es de euros a um total de 61 mil entidades empregadoras, estando abrangidos 334 mil trabalhadores\u201d.<br \/>\nNo caso do lay-off, ser\u00e3o pagos apoios a 45,8 mil empresas com 219 mil trabalhadores, no valor de 88 milh\u00f5es de euros.<br \/>\nJ\u00e1 pelo apoio \u00e0 retoma progressiva est\u00e3o abrangidas 15,4 mil empresas, com 115 mil trabalhadores, no montante de 47 milh\u00f5es de euros.<\/p>\n<p>Segundo a Seguran\u00e7a Social, ser\u00e1 ainda pago, na quarta-feira, \u201co adicional da compensa\u00e7\u00e3o retributiva para perfazer os 100% da retribui\u00e7\u00e3o normal l\u00edquida\u201d, at\u00e9 ao limite de tr\u00eas sal\u00e1rios m\u00ednimos nacionais (1.995 euros) \u201ccom retroativos a janeiro\u201d.<br \/>\nNo caso do apoio \u00e0 retoma progressiva, este adicional ser\u00e1 pago com retroativos a janeiro e fevereiro a 16 de mar\u00e7o, indica o ISS.<br \/>\nCom a entrada em vigor do Or\u00e7amento do Estado para 2021 (OE2021), os trabalhadores abrangidos passaram a ter direito a receber 100% da sua remunera\u00e7\u00e3o (contra os anteriores dois ter\u00e7os) at\u00e9 ao limite de tr\u00eas sal\u00e1rios m\u00ednimos nacionais (1.995 euros). Este encargo adicional \u00e9 financiado pela Seguran\u00e7a Social, cabendo assim \u00e0s empresas pagar cerca de 19% dos 100% da remunera\u00e7\u00e3o (o equivalente aos anteriores 30% de dois ter\u00e7os).<br \/>\n Maria Campos, ZAP \/\/ Lusa<\/p>\n<p>\n<!--noindex--><br \/>\n<a href=\"https:\/\/zap.aeiou.pt\/governo-alarga-lay-off-vigilancia-limpeza-61-mil-empresas-recebem-382647\" rel=\"nofollow\">Source link <\/a><br \/>\n<!--\/noindex--><\/p>\n","protected":false},"excerpt":{"rendered":"<p>Gil Ribeiro \/ unsplash As empresas que, n\u00e3o tendo sido obrigadas a encerrar, estejam sem trabalho por prestarem servi\u00e7os a setores que est\u00e3o confinados tamb\u00e9m t\u00eam acesso ao lay-off simplificado. De acordo com o jornal ECO, neste segundo confinamento, j\u00e1 n\u00e3o basta ter uma quebra significativa da fatura\u00e7\u00e3o para aceder ao lay-off simplificado, regime de [&hellip;]<\/p>\n","protected":false},"author":2,"featured_media":9115,"comment_status":"open","ping_status":"open","sticky":false,"template":"","format":"standard","meta":{"footnotes":""},"categories":[1],"tags":[],"class_list":["post-9114","post","type-post","status-publish","format-standard","has-post-thumbnail","hentry","category-noticias-financeiras"],"yoast_head":"<!-- This site is optimized with the Yoast SEO plugin v27.4 - https:\/\/yoast.com\/product\/yoast-seo-wordpress\/ -->\n<title>Governo alarga lay-off a vigil\u00e2ncia e limpeza - ZAP - Favorite News<\/title>\n<meta name=\"robots\" content=\"index, follow, max-snippet:-1, max-image-preview:large, max-video-preview:-1\" \/>\n<link rel=\"canonical\" href=\"https:\/\/favorite-news.com\/pt\/governo-alarga-lay-off-a-vigilancia-e-limpeza-zap\/\" \/>\n<meta property=\"og:locale\" content=\"pt_PT\" \/>\n<meta property=\"og:type\" content=\"article\" \/>\n<meta property=\"og:title\" content=\"Governo alarga lay-off a vigil\u00e2ncia e limpeza - ZAP - Favorite News\" \/>\n<meta property=\"og:description\" content=\"Gil Ribeiro \/ unsplash As empresas que, n\u00e3o tendo sido obrigadas a encerrar, estejam sem trabalho por prestarem servi\u00e7os a setores que est\u00e3o confinados tamb\u00e9m t\u00eam acesso ao lay-off simplificado. De acordo com o jornal ECO, neste segundo confinamento, j\u00e1 n\u00e3o basta ter uma quebra significativa da fatura\u00e7\u00e3o para aceder ao lay-off simplificado, regime de [&hellip;]\" \/>\n<meta property=\"og:url\" content=\"https:\/\/favorite-news.com\/pt\/governo-alarga-lay-off-a-vigilancia-e-limpeza-zap\/\" \/>\n<meta property=\"og:site_name\" content=\"Favorite News\" \/>\n<meta property=\"article:published_time\" content=\"2021-02-23T11:38:44+00:00\" \/>\n<meta property=\"article:modified_time\" content=\"2021-02-23T11:38:49+00:00\" \/>\n<meta property=\"og:image\" content=\"https:\/\/favorite-news.com\/pt\/wp-content\/uploads\/sites\/2\/2021\/02\/Governo-alarga-lay-off-a-vigilancia-e-limpeza-ZAP.jpg\" \/>\n\t<meta property=\"og:image:width\" content=\"1200\" \/>\n\t<meta property=\"og:image:height\" content=\"800\" \/>\n\t<meta property=\"og:image:type\" content=\"image\/jpeg\" \/>\n<meta name=\"author\" content=\"favorite-news\" \/>\n<meta name=\"twitter:card\" content=\"summary_large_image\" \/>\n<meta name=\"twitter:label1\" content=\"Escrito por\" \/>\n\t<meta name=\"twitter:data1\" content=\"favorite-news\" \/>\n\t<meta name=\"twitter:label2\" content=\"Tempo estimado de leitura\" \/>\n\t<meta name=\"twitter:data2\" content=\"3 minutos\" \/>\n<script type=\"application\/ld+json\" class=\"yoast-schema-graph\">{\"@context\":\"https:\\\/\\\/schema.org\",\"@graph\":[{\"@type\":\"Article\",\"@id\":\"https:\\\/\\\/favorite-news.com\\\/pt\\\/governo-alarga-lay-off-a-vigilancia-e-limpeza-zap\\\/#article\",\"isPartOf\":{\"@id\":\"https:\\\/\\\/favorite-news.com\\\/pt\\\/governo-alarga-lay-off-a-vigilancia-e-limpeza-zap\\\/\"},\"author\":{\"name\":\"favorite-news\",\"@id\":\"https:\\\/\\\/favorite-news.com\\\/pt\\\/#\\\/schema\\\/person\\\/b91573b717dcfa5e4696032a9d28d3e8\"},\"headline\":\"Governo alarga lay-off a vigil\u00e2ncia e limpeza &#8211; ZAP\",\"datePublished\":\"2021-02-23T11:38:44+00:00\",\"dateModified\":\"2021-02-23T11:38:49+00:00\",\"mainEntityOfPage\":{\"@id\":\"https:\\\/\\\/favorite-news.com\\\/pt\\\/governo-alarga-lay-off-a-vigilancia-e-limpeza-zap\\\/\"},\"wordCount\":632,\"commentCount\":0,\"image\":{\"@id\":\"https:\\\/\\\/favorite-news.com\\\/pt\\\/governo-alarga-lay-off-a-vigilancia-e-limpeza-zap\\\/#primaryimage\"},\"thumbnailUrl\":\"https:\\\/\\\/favorite-news.com\\\/pt\\\/wp-content\\\/uploads\\\/sites\\\/2\\\/2021\\\/02\\\/Governo-alarga-lay-off-a-vigilancia-e-limpeza-ZAP.jpg\",\"articleSection\":[\"NOT\u00cdCIAS FINANCEIRAS\"],\"inLanguage\":\"pt-PT\",\"potentialAction\":[{\"@type\":\"CommentAction\",\"name\":\"Comment\",\"target\":[\"https:\\\/\\\/favorite-news.com\\\/pt\\\/governo-alarga-lay-off-a-vigilancia-e-limpeza-zap\\\/#respond\"]}]},{\"@type\":\"WebPage\",\"@id\":\"https:\\\/\\\/favorite-news.com\\\/pt\\\/governo-alarga-lay-off-a-vigilancia-e-limpeza-zap\\\/\",\"url\":\"https:\\\/\\\/favorite-news.com\\\/pt\\\/governo-alarga-lay-off-a-vigilancia-e-limpeza-zap\\\/\",\"name\":\"Governo alarga lay-off a vigil\u00e2ncia e limpeza - ZAP - Favorite News\",\"isPartOf\":{\"@id\":\"https:\\\/\\\/favorite-news.com\\\/pt\\\/#website\"},\"primaryImageOfPage\":{\"@id\":\"https:\\\/\\\/favorite-news.com\\\/pt\\\/governo-alarga-lay-off-a-vigilancia-e-limpeza-zap\\\/#primaryimage\"},\"image\":{\"@id\":\"https:\\\/\\\/favorite-news.com\\\/pt\\\/governo-alarga-lay-off-a-vigilancia-e-limpeza-zap\\\/#primaryimage\"},\"thumbnailUrl\":\"https:\\\/\\\/favorite-news.com\\\/pt\\\/wp-content\\\/uploads\\\/sites\\\/2\\\/2021\\\/02\\\/Governo-alarga-lay-off-a-vigilancia-e-limpeza-ZAP.jpg\",\"datePublished\":\"2021-02-23T11:38:44+00:00\",\"dateModified\":\"2021-02-23T11:38:49+00:00\",\"author\":{\"@id\":\"https:\\\/\\\/favorite-news.com\\\/pt\\\/#\\\/schema\\\/person\\\/b91573b717dcfa5e4696032a9d28d3e8\"},\"breadcrumb\":{\"@id\":\"https:\\\/\\\/favorite-news.com\\\/pt\\\/governo-alarga-lay-off-a-vigilancia-e-limpeza-zap\\\/#breadcrumb\"},\"inLanguage\":\"pt-PT\",\"potentialAction\":[{\"@type\":\"ReadAction\",\"target\":[\"https:\\\/\\\/favorite-news.com\\\/pt\\\/governo-alarga-lay-off-a-vigilancia-e-limpeza-zap\\\/\"]}]},{\"@type\":\"ImageObject\",\"inLanguage\":\"pt-PT\",\"@id\":\"https:\\\/\\\/favorite-news.com\\\/pt\\\/governo-alarga-lay-off-a-vigilancia-e-limpeza-zap\\\/#primaryimage\",\"url\":\"https:\\\/\\\/favorite-news.com\\\/pt\\\/wp-content\\\/uploads\\\/sites\\\/2\\\/2021\\\/02\\\/Governo-alarga-lay-off-a-vigilancia-e-limpeza-ZAP.jpg\",\"contentUrl\":\"https:\\\/\\\/favorite-news.com\\\/pt\\\/wp-content\\\/uploads\\\/sites\\\/2\\\/2021\\\/02\\\/Governo-alarga-lay-off-a-vigilancia-e-limpeza-ZAP.jpg\",\"width\":1200,\"height\":800,\"caption\":\"Governo alarga lay-off a vigil\u00e2ncia e limpeza - ZAP\"},{\"@type\":\"BreadcrumbList\",\"@id\":\"https:\\\/\\\/favorite-news.com\\\/pt\\\/governo-alarga-lay-off-a-vigilancia-e-limpeza-zap\\\/#breadcrumb\",\"itemListElement\":[{\"@type\":\"ListItem\",\"position\":1,\"name\":\"Home\",\"item\":\"https:\\\/\\\/favorite-news.com\\\/pt\\\/\"},{\"@type\":\"ListItem\",\"position\":2,\"name\":\"Governo alarga lay-off a vigil\u00e2ncia e limpeza &#8211; ZAP\"}]},{\"@type\":\"WebSite\",\"@id\":\"https:\\\/\\\/favorite-news.com\\\/pt\\\/#website\",\"url\":\"https:\\\/\\\/favorite-news.com\\\/pt\\\/\",\"name\":\"Favorite News\",\"description\":\"Favorite News Portugal\",\"potentialAction\":[{\"@type\":\"SearchAction\",\"target\":{\"@type\":\"EntryPoint\",\"urlTemplate\":\"https:\\\/\\\/favorite-news.com\\\/pt\\\/?s={search_term_string}\"},\"query-input\":{\"@type\":\"PropertyValueSpecification\",\"valueRequired\":true,\"valueName\":\"search_term_string\"}}],\"inLanguage\":\"pt-PT\"},{\"@type\":\"Person\",\"@id\":\"https:\\\/\\\/favorite-news.com\\\/pt\\\/#\\\/schema\\\/person\\\/b91573b717dcfa5e4696032a9d28d3e8\",\"name\":\"favorite-news\",\"image\":{\"@type\":\"ImageObject\",\"inLanguage\":\"pt-PT\",\"@id\":\"https:\\\/\\\/secure.gravatar.com\\\/avatar\\\/6c5a5cb12b74e9d517ee91cf570335b7d16177f1977cc91db161adfa435945a7?s=96&d=mm&r=g\",\"url\":\"https:\\\/\\\/secure.gravatar.com\\\/avatar\\\/6c5a5cb12b74e9d517ee91cf570335b7d16177f1977cc91db161adfa435945a7?s=96&d=mm&r=g\",\"contentUrl\":\"https:\\\/\\\/secure.gravatar.com\\\/avatar\\\/6c5a5cb12b74e9d517ee91cf570335b7d16177f1977cc91db161adfa435945a7?s=96&d=mm&r=g\",\"caption\":\"favorite-news\"},\"url\":\"https:\\\/\\\/favorite-news.com\\\/pt\\\/author\\\/pt\\\/\"}]}<\/script>\n<!-- \/ Yoast SEO plugin. -->","yoast_head_json":{"title":"Governo alarga lay-off a vigil\u00e2ncia e limpeza - ZAP - Favorite News","robots":{"index":"index","follow":"follow","max-snippet":"max-snippet:-1","max-image-preview":"max-image-preview:large","max-video-preview":"max-video-preview:-1"},"canonical":"https:\/\/favorite-news.com\/pt\/governo-alarga-lay-off-a-vigilancia-e-limpeza-zap\/","og_locale":"pt_PT","og_type":"article","og_title":"Governo alarga lay-off a vigil\u00e2ncia e limpeza - ZAP - Favorite News","og_description":"Gil Ribeiro \/ unsplash As empresas que, n\u00e3o tendo sido obrigadas a encerrar, estejam sem trabalho por prestarem servi\u00e7os a setores que est\u00e3o confinados tamb\u00e9m t\u00eam acesso ao lay-off simplificado. De acordo com o jornal ECO, neste segundo confinamento, j\u00e1 n\u00e3o basta ter uma quebra significativa da fatura\u00e7\u00e3o para aceder ao lay-off simplificado, regime de [&hellip;]","og_url":"https:\/\/favorite-news.com\/pt\/governo-alarga-lay-off-a-vigilancia-e-limpeza-zap\/","og_site_name":"Favorite News","article_published_time":"2021-02-23T11:38:44+00:00","article_modified_time":"2021-02-23T11:38:49+00:00","og_image":[{"width":1200,"height":800,"url":"https:\/\/favorite-news.com\/pt\/wp-content\/uploads\/sites\/2\/2021\/02\/Governo-alarga-lay-off-a-vigilancia-e-limpeza-ZAP.jpg","type":"image\/jpeg"}],"author":"favorite-news","twitter_card":"summary_large_image","twitter_misc":{"Escrito por":"favorite-news","Tempo estimado de leitura":"3 minutos"},"schema":{"@context":"https:\/\/schema.org","@graph":[{"@type":"Article","@id":"https:\/\/favorite-news.com\/pt\/governo-alarga-lay-off-a-vigilancia-e-limpeza-zap\/#article","isPartOf":{"@id":"https:\/\/favorite-news.com\/pt\/governo-alarga-lay-off-a-vigilancia-e-limpeza-zap\/"},"author":{"name":"favorite-news","@id":"https:\/\/favorite-news.com\/pt\/#\/schema\/person\/b91573b717dcfa5e4696032a9d28d3e8"},"headline":"Governo alarga lay-off a vigil\u00e2ncia e limpeza &#8211; ZAP","datePublished":"2021-02-23T11:38:44+00:00","dateModified":"2021-02-23T11:38:49+00:00","mainEntityOfPage":{"@id":"https:\/\/favorite-news.com\/pt\/governo-alarga-lay-off-a-vigilancia-e-limpeza-zap\/"},"wordCount":632,"commentCount":0,"image":{"@id":"https:\/\/favorite-news.com\/pt\/governo-alarga-lay-off-a-vigilancia-e-limpeza-zap\/#primaryimage"},"thumbnailUrl":"https:\/\/favorite-news.com\/pt\/wp-content\/uploads\/sites\/2\/2021\/02\/Governo-alarga-lay-off-a-vigilancia-e-limpeza-ZAP.jpg","articleSection":["NOT\u00cdCIAS FINANCEIRAS"],"inLanguage":"pt-PT","potentialAction":[{"@type":"CommentAction","name":"Comment","target":["https:\/\/favorite-news.com\/pt\/governo-alarga-lay-off-a-vigilancia-e-limpeza-zap\/#respond"]}]},{"@type":"WebPage","@id":"https:\/\/favorite-news.com\/pt\/governo-alarga-lay-off-a-vigilancia-e-limpeza-zap\/","url":"https:\/\/favorite-news.com\/pt\/governo-alarga-lay-off-a-vigilancia-e-limpeza-zap\/","name":"Governo alarga lay-off a vigil\u00e2ncia e limpeza - ZAP - Favorite News","isPartOf":{"@id":"https:\/\/favorite-news.com\/pt\/#website"},"primaryImageOfPage":{"@id":"https:\/\/favorite-news.com\/pt\/governo-alarga-lay-off-a-vigilancia-e-limpeza-zap\/#primaryimage"},"image":{"@id":"https:\/\/favorite-news.com\/pt\/governo-alarga-lay-off-a-vigilancia-e-limpeza-zap\/#primaryimage"},"thumbnailUrl":"https:\/\/favorite-news.com\/pt\/wp-content\/uploads\/sites\/2\/2021\/02\/Governo-alarga-lay-off-a-vigilancia-e-limpeza-ZAP.jpg","datePublished":"2021-02-23T11:38:44+00:00","dateModified":"2021-02-23T11:38:49+00:00","author":{"@id":"https:\/\/favorite-news.com\/pt\/#\/schema\/person\/b91573b717dcfa5e4696032a9d28d3e8"},"breadcrumb":{"@id":"https:\/\/favorite-news.com\/pt\/governo-alarga-lay-off-a-vigilancia-e-limpeza-zap\/#breadcrumb"},"inLanguage":"pt-PT","potentialAction":[{"@type":"ReadAction","target":["https:\/\/favorite-news.com\/pt\/governo-alarga-lay-off-a-vigilancia-e-limpeza-zap\/"]}]},{"@type":"ImageObject","inLanguage":"pt-PT","@id":"https:\/\/favorite-news.com\/pt\/governo-alarga-lay-off-a-vigilancia-e-limpeza-zap\/#primaryimage","url":"https:\/\/favorite-news.com\/pt\/wp-content\/uploads\/sites\/2\/2021\/02\/Governo-alarga-lay-off-a-vigilancia-e-limpeza-ZAP.jpg","contentUrl":"https:\/\/favorite-news.com\/pt\/wp-content\/uploads\/sites\/2\/2021\/02\/Governo-alarga-lay-off-a-vigilancia-e-limpeza-ZAP.jpg","width":1200,"height":800,"caption":"Governo alarga lay-off a vigil\u00e2ncia e limpeza - ZAP"},{"@type":"BreadcrumbList","@id":"https:\/\/favorite-news.com\/pt\/governo-alarga-lay-off-a-vigilancia-e-limpeza-zap\/#breadcrumb","itemListElement":[{"@type":"ListItem","position":1,"name":"Home","item":"https:\/\/favorite-news.com\/pt\/"},{"@type":"ListItem","position":2,"name":"Governo alarga lay-off a vigil\u00e2ncia e limpeza &#8211; ZAP"}]},{"@type":"WebSite","@id":"https:\/\/favorite-news.com\/pt\/#website","url":"https:\/\/favorite-news.com\/pt\/","name":"Favorite News","description":"Favorite News Portugal","potentialAction":[{"@type":"SearchAction","target":{"@type":"EntryPoint","urlTemplate":"https:\/\/favorite-news.com\/pt\/?s={search_term_string}"},"query-input":{"@type":"PropertyValueSpecification","valueRequired":true,"valueName":"search_term_string"}}],"inLanguage":"pt-PT"},{"@type":"Person","@id":"https:\/\/favorite-news.com\/pt\/#\/schema\/person\/b91573b717dcfa5e4696032a9d28d3e8","name":"favorite-news","image":{"@type":"ImageObject","inLanguage":"pt-PT","@id":"https:\/\/secure.gravatar.com\/avatar\/6c5a5cb12b74e9d517ee91cf570335b7d16177f1977cc91db161adfa435945a7?s=96&d=mm&r=g","url":"https:\/\/secure.gravatar.com\/avatar\/6c5a5cb12b74e9d517ee91cf570335b7d16177f1977cc91db161adfa435945a7?s=96&d=mm&r=g","contentUrl":"https:\/\/secure.gravatar.com\/avatar\/6c5a5cb12b74e9d517ee91cf570335b7d16177f1977cc91db161adfa435945a7?s=96&d=mm&r=g","caption":"favorite-news"},"url":"https:\/\/favorite-news.com\/pt\/author\/pt\/"}]}},"_links":{"self":[{"href":"https:\/\/favorite-news.com\/pt\/wp-json\/wp\/v2\/posts\/9114","targetHints":{"allow":["GET"]}}],"collection":[{"href":"https:\/\/favorite-news.com\/pt\/wp-json\/wp\/v2\/posts"}],"about":[{"href":"https:\/\/favorite-news.com\/pt\/wp-json\/wp\/v2\/types\/post"}],"author":[{"embeddable":true,"href":"https:\/\/favorite-news.com\/pt\/wp-json\/wp\/v2\/users\/2"}],"replies":[{"embeddable":true,"href":"https:\/\/favorite-news.com\/pt\/wp-json\/wp\/v2\/comments?post=9114"}],"version-history":[{"count":1,"href":"https:\/\/favorite-news.com\/pt\/wp-json\/wp\/v2\/posts\/9114\/revisions"}],"predecessor-version":[{"id":9116,"href":"https:\/\/favorite-news.com\/pt\/wp-json\/wp\/v2\/posts\/9114\/revisions\/9116"}],"wp:featuredmedia":[{"embeddable":true,"href":"https:\/\/favorite-news.com\/pt\/wp-json\/wp\/v2\/media\/9115"}],"wp:attachment":[{"href":"https:\/\/favorite-news.com\/pt\/wp-json\/wp\/v2\/media?parent=9114"}],"wp:term":[{"taxonomy":"category","embeddable":true,"href":"https:\/\/favorite-news.com\/pt\/wp-json\/wp\/v2\/categories?post=9114"},{"taxonomy":"post_tag","embeddable":true,"href":"https:\/\/favorite-news.com\/pt\/wp-json\/wp\/v2\/tags?post=9114"}],"curies":[{"name":"wp","href":"https:\/\/api.w.org\/{rel}","templated":true}]}}