{"id":9109,"date":"2021-02-23T02:17:30","date_gmt":"2021-02-22T23:17:30","guid":{"rendered":"https:\/\/favorite-news.com\/pt\/novo-apoio-extraordinario-ao-rendimento-dos-trabalhadores-pode-chegar-so-em-marco-zap\/"},"modified":"2021-02-23T02:17:32","modified_gmt":"2021-02-22T23:17:32","slug":"novo-apoio-extraordinario-ao-rendimento-dos-trabalhadores-pode-chegar-so-em-marco-zap","status":"publish","type":"post","link":"https:\/\/favorite-news.com\/pt\/novo-apoio-extraordinario-ao-rendimento-dos-trabalhadores-pode-chegar-so-em-marco-zap\/","title":{"rendered":"Novo Apoio Extraordin\u00e1rio ao Rendimento dos Trabalhadores pode chegar s\u00f3 em mar\u00e7o &#8211; ZAP"},"content":{"rendered":"<p>        Paulo Cunha \/ LusaA ministra do Trabalho, Solidariedade e Seguran\u00e7a Social, Ana Mendes Godinho<br \/>\nO prazo para requerer o novo apoio extraordin\u00e1rio ao rendimento dos trabalhadores terminou na passada sexta-feira e os pedidos ser\u00e3o analisados esta semana. Os desempregados t\u00eam receio de que, ap\u00f3s quase dois meses sem rendimentos, os pagamentos do novo apoio cheguem apenas em mar\u00e7o.<\/p>\n<p>O Dinheiro Vivo contactou o Minist\u00e9rio do Trabalho, Solidariedade e Seguran\u00e7a Social, tutelado por Ana Mendes Godinho, que explicou que aprecia\u00e7\u00e3o de cada pedido ser\u00e1 feita ap\u00f3s o fim do prazo para requerer o apoio. Isso significa que s\u00f3 esta semana os pedidos \u2013 pelo menos, 50 mil \u2013 ser\u00e3o analisados.<br \/>\nO gabinete n\u00e3o avan\u00e7a a data em que a Seguran\u00e7a Social prev\u00ea come\u00e7ar a realizar os primeiros pagamentos. Na semana passada, Ana Mendes Godinho deu a indica\u00e7\u00e3o de que os pagamentos acontecer\u00e3o por ordem de entrada dos pedidos, mas tamb\u00e9m sem avan\u00e7ar datas.<br \/>\nMuitos potenciais benefici\u00e1rios do novo apoio est\u00e3o preocupados com o facto de os pagamentos chegarem apenas em mar\u00e7o, numa altura em que o final do m\u00eas se aproxima.<\/p>\n<p>O matutino escreve que h\u00e1 desempregados que, depois de receberem por e-mail a informa\u00e7\u00e3o da Seguran\u00e7a Social de que poderiam candidatar-se ao AERT, viram anulados outros pedidos de apoios que j\u00e1 davam como certos.<br \/>\n\u00c9 o caso de Liliana Pereira. Ao Dinheiro Vivo, contou que, at\u00e9 dezembro estava a receber o subs\u00eddio social de desemprego, e tinha um pedido de apoio ao desemprego de longa dura\u00e7\u00e3o aprovado para transfer\u00eancia a 26 de fevereiro. Com base nessa informa\u00e7\u00e3o, assumiu o compromisso com a senhoria de pagar a renda nessa data.<br \/>\nAcontece que, face \u00e0 possibilidade de aceder ao AERT, decidiu cancelar o pedido de apoio anterior.<br \/>\n ZAP \/\/ <\/p>\n<p>\n<!--noindex--><br \/>\n<a href=\"https:\/\/zap.aeiou.pt\/novo-apoio-chegar-so-marco-382466\" rel=\"nofollow\">Source link <\/a><br \/>\n<!--\/noindex--><\/p>\n","protected":false},"excerpt":{"rendered":"<p>Paulo Cunha \/ LusaA ministra do Trabalho, Solidariedade e Seguran\u00e7a Social, Ana Mendes Godinho O prazo para requerer o novo apoio extraordin\u00e1rio ao rendimento dos trabalhadores terminou na passada sexta-feira e os pedidos ser\u00e3o analisados esta semana. Os desempregados t\u00eam receio de que, ap\u00f3s quase dois meses sem rendimentos, os pagamentos do novo apoio cheguem [&hellip;]<\/p>\n","protected":false},"author":2,"featured_media":7784,"comment_status":"open","ping_status":"open","sticky":false,"template":"","format":"standard","meta":{"footnotes":""},"categories":[1],"tags":[],"class_list":["post-9109","post","type-post","status-publish","format-standard","has-post-thumbnail","hentry","category-noticias-financeiras"],"yoast_head":"<!-- This site is optimized with the Yoast SEO plugin v27.4 - https:\/\/yoast.com\/product\/yoast-seo-wordpress\/ -->\n<title>Novo Apoio Extraordin\u00e1rio ao Rendimento dos Trabalhadores pode chegar s\u00f3 em mar\u00e7o - ZAP - Favorite News<\/title>\n<meta name=\"robots\" content=\"index, follow, max-snippet:-1, max-image-preview:large, max-video-preview:-1\" \/>\n<link rel=\"canonical\" href=\"https:\/\/favorite-news.com\/pt\/novo-apoio-extraordinario-ao-rendimento-dos-trabalhadores-pode-chegar-so-em-marco-zap\/\" \/>\n<meta property=\"og:locale\" content=\"pt_PT\" \/>\n<meta property=\"og:type\" content=\"article\" \/>\n<meta property=\"og:title\" content=\"Novo Apoio Extraordin\u00e1rio ao Rendimento dos Trabalhadores pode chegar s\u00f3 em mar\u00e7o - ZAP - Favorite News\" \/>\n<meta property=\"og:description\" content=\"Paulo Cunha \/ LusaA ministra do Trabalho, Solidariedade e Seguran\u00e7a Social, Ana Mendes Godinho O prazo para requerer o novo apoio extraordin\u00e1rio ao rendimento dos trabalhadores terminou na passada sexta-feira e os pedidos ser\u00e3o analisados esta semana. Os desempregados t\u00eam receio de que, ap\u00f3s quase dois meses sem rendimentos, os pagamentos do novo apoio cheguem [&hellip;]\" \/>\n<meta property=\"og:url\" content=\"https:\/\/favorite-news.com\/pt\/novo-apoio-extraordinario-ao-rendimento-dos-trabalhadores-pode-chegar-so-em-marco-zap\/\" \/>\n<meta property=\"og:site_name\" content=\"Favorite News\" \/>\n<meta property=\"article:published_time\" content=\"2021-02-22T23:17:30+00:00\" \/>\n<meta property=\"article:modified_time\" content=\"2021-02-22T23:17:32+00:00\" \/>\n<meta property=\"og:image\" content=\"https:\/\/favorite-news.com\/pt\/wp-content\/uploads\/sites\/2\/2020\/10\/Novo-apoio-social-vai-ter-um-m\u00e1ximo-de-501-euros.jpg\" \/>\n\t<meta property=\"og:image:width\" content=\"1200\" \/>\n\t<meta property=\"og:image:height\" content=\"800\" \/>\n\t<meta property=\"og:image:type\" content=\"image\/jpeg\" \/>\n<meta name=\"author\" content=\"favorite-news\" \/>\n<meta name=\"twitter:card\" content=\"summary_large_image\" \/>\n<meta name=\"twitter:label1\" content=\"Escrito por\" \/>\n\t<meta name=\"twitter:data1\" content=\"favorite-news\" \/>\n\t<meta name=\"twitter:label2\" content=\"Tempo estimado de leitura\" \/>\n\t<meta name=\"twitter:data2\" content=\"2 minutos\" \/>\n<script type=\"application\/ld+json\" class=\"yoast-schema-graph\">{\"@context\":\"https:\\\/\\\/schema.org\",\"@graph\":[{\"@type\":\"Article\",\"@id\":\"https:\\\/\\\/favorite-news.com\\\/pt\\\/novo-apoio-extraordinario-ao-rendimento-dos-trabalhadores-pode-chegar-so-em-marco-zap\\\/#article\",\"isPartOf\":{\"@id\":\"https:\\\/\\\/favorite-news.com\\\/pt\\\/novo-apoio-extraordinario-ao-rendimento-dos-trabalhadores-pode-chegar-so-em-marco-zap\\\/\"},\"author\":{\"name\":\"favorite-news\",\"@id\":\"https:\\\/\\\/favorite-news.com\\\/pt\\\/#\\\/schema\\\/person\\\/b91573b717dcfa5e4696032a9d28d3e8\"},\"headline\":\"Novo Apoio Extraordin\u00e1rio ao Rendimento dos Trabalhadores pode chegar s\u00f3 em mar\u00e7o &#8211; ZAP\",\"datePublished\":\"2021-02-22T23:17:30+00:00\",\"dateModified\":\"2021-02-22T23:17:32+00:00\",\"mainEntityOfPage\":{\"@id\":\"https:\\\/\\\/favorite-news.com\\\/pt\\\/novo-apoio-extraordinario-ao-rendimento-dos-trabalhadores-pode-chegar-so-em-marco-zap\\\/\"},\"wordCount\":326,\"commentCount\":0,\"image\":{\"@id\":\"https:\\\/\\\/favorite-news.com\\\/pt\\\/novo-apoio-extraordinario-ao-rendimento-dos-trabalhadores-pode-chegar-so-em-marco-zap\\\/#primaryimage\"},\"thumbnailUrl\":\"https:\\\/\\\/favorite-news.com\\\/pt\\\/wp-content\\\/uploads\\\/sites\\\/2\\\/2020\\\/10\\\/Novo-apoio-social-vai-ter-um-m\u00e1ximo-de-501-euros.jpg\",\"articleSection\":[\"NOT\u00cdCIAS FINANCEIRAS\"],\"inLanguage\":\"pt-PT\",\"potentialAction\":[{\"@type\":\"CommentAction\",\"name\":\"Comment\",\"target\":[\"https:\\\/\\\/favorite-news.com\\\/pt\\\/novo-apoio-extraordinario-ao-rendimento-dos-trabalhadores-pode-chegar-so-em-marco-zap\\\/#respond\"]}]},{\"@type\":\"WebPage\",\"@id\":\"https:\\\/\\\/favorite-news.com\\\/pt\\\/novo-apoio-extraordinario-ao-rendimento-dos-trabalhadores-pode-chegar-so-em-marco-zap\\\/\",\"url\":\"https:\\\/\\\/favorite-news.com\\\/pt\\\/novo-apoio-extraordinario-ao-rendimento-dos-trabalhadores-pode-chegar-so-em-marco-zap\\\/\",\"name\":\"Novo Apoio Extraordin\u00e1rio ao Rendimento dos Trabalhadores pode chegar s\u00f3 em mar\u00e7o - ZAP - Favorite News\",\"isPartOf\":{\"@id\":\"https:\\\/\\\/favorite-news.com\\\/pt\\\/#website\"},\"primaryImageOfPage\":{\"@id\":\"https:\\\/\\\/favorite-news.com\\\/pt\\\/novo-apoio-extraordinario-ao-rendimento-dos-trabalhadores-pode-chegar-so-em-marco-zap\\\/#primaryimage\"},\"image\":{\"@id\":\"https:\\\/\\\/favorite-news.com\\\/pt\\\/novo-apoio-extraordinario-ao-rendimento-dos-trabalhadores-pode-chegar-so-em-marco-zap\\\/#primaryimage\"},\"thumbnailUrl\":\"https:\\\/\\\/favorite-news.com\\\/pt\\\/wp-content\\\/uploads\\\/sites\\\/2\\\/2020\\\/10\\\/Novo-apoio-social-vai-ter-um-m\u00e1ximo-de-501-euros.jpg\",\"datePublished\":\"2021-02-22T23:17:30+00:00\",\"dateModified\":\"2021-02-22T23:17:32+00:00\",\"author\":{\"@id\":\"https:\\\/\\\/favorite-news.com\\\/pt\\\/#\\\/schema\\\/person\\\/b91573b717dcfa5e4696032a9d28d3e8\"},\"breadcrumb\":{\"@id\":\"https:\\\/\\\/favorite-news.com\\\/pt\\\/novo-apoio-extraordinario-ao-rendimento-dos-trabalhadores-pode-chegar-so-em-marco-zap\\\/#breadcrumb\"},\"inLanguage\":\"pt-PT\",\"potentialAction\":[{\"@type\":\"ReadAction\",\"target\":[\"https:\\\/\\\/favorite-news.com\\\/pt\\\/novo-apoio-extraordinario-ao-rendimento-dos-trabalhadores-pode-chegar-so-em-marco-zap\\\/\"]}]},{\"@type\":\"ImageObject\",\"inLanguage\":\"pt-PT\",\"@id\":\"https:\\\/\\\/favorite-news.com\\\/pt\\\/novo-apoio-extraordinario-ao-rendimento-dos-trabalhadores-pode-chegar-so-em-marco-zap\\\/#primaryimage\",\"url\":\"https:\\\/\\\/favorite-news.com\\\/pt\\\/wp-content\\\/uploads\\\/sites\\\/2\\\/2020\\\/10\\\/Novo-apoio-social-vai-ter-um-m\u00e1ximo-de-501-euros.jpg\",\"contentUrl\":\"https:\\\/\\\/favorite-news.com\\\/pt\\\/wp-content\\\/uploads\\\/sites\\\/2\\\/2020\\\/10\\\/Novo-apoio-social-vai-ter-um-m\u00e1ximo-de-501-euros.jpg\",\"width\":1200,\"height\":800,\"caption\":\"Novo apoio social vai ter um m\u00e1ximo de 501 euros\"},{\"@type\":\"BreadcrumbList\",\"@id\":\"https:\\\/\\\/favorite-news.com\\\/pt\\\/novo-apoio-extraordinario-ao-rendimento-dos-trabalhadores-pode-chegar-so-em-marco-zap\\\/#breadcrumb\",\"itemListElement\":[{\"@type\":\"ListItem\",\"position\":1,\"name\":\"Home\",\"item\":\"https:\\\/\\\/favorite-news.com\\\/pt\\\/\"},{\"@type\":\"ListItem\",\"position\":2,\"name\":\"Novo Apoio Extraordin\u00e1rio ao Rendimento dos Trabalhadores pode chegar s\u00f3 em mar\u00e7o &#8211; ZAP\"}]},{\"@type\":\"WebSite\",\"@id\":\"https:\\\/\\\/favorite-news.com\\\/pt\\\/#website\",\"url\":\"https:\\\/\\\/favorite-news.com\\\/pt\\\/\",\"name\":\"Favorite News\",\"description\":\"Favorite News Portugal\",\"potentialAction\":[{\"@type\":\"SearchAction\",\"target\":{\"@type\":\"EntryPoint\",\"urlTemplate\":\"https:\\\/\\\/favorite-news.com\\\/pt\\\/?s={search_term_string}\"},\"query-input\":{\"@type\":\"PropertyValueSpecification\",\"valueRequired\":true,\"valueName\":\"search_term_string\"}}],\"inLanguage\":\"pt-PT\"},{\"@type\":\"Person\",\"@id\":\"https:\\\/\\\/favorite-news.com\\\/pt\\\/#\\\/schema\\\/person\\\/b91573b717dcfa5e4696032a9d28d3e8\",\"name\":\"favorite-news\",\"image\":{\"@type\":\"ImageObject\",\"inLanguage\":\"pt-PT\",\"@id\":\"https:\\\/\\\/secure.gravatar.com\\\/avatar\\\/6c5a5cb12b74e9d517ee91cf570335b7d16177f1977cc91db161adfa435945a7?s=96&d=mm&r=g\",\"url\":\"https:\\\/\\\/secure.gravatar.com\\\/avatar\\\/6c5a5cb12b74e9d517ee91cf570335b7d16177f1977cc91db161adfa435945a7?s=96&d=mm&r=g\",\"contentUrl\":\"https:\\\/\\\/secure.gravatar.com\\\/avatar\\\/6c5a5cb12b74e9d517ee91cf570335b7d16177f1977cc91db161adfa435945a7?s=96&d=mm&r=g\",\"caption\":\"favorite-news\"},\"url\":\"https:\\\/\\\/favorite-news.com\\\/pt\\\/author\\\/pt\\\/\"}]}<\/script>\n<!-- \/ Yoast SEO plugin. -->","yoast_head_json":{"title":"Novo Apoio Extraordin\u00e1rio ao Rendimento dos Trabalhadores pode chegar s\u00f3 em mar\u00e7o - ZAP - Favorite News","robots":{"index":"index","follow":"follow","max-snippet":"max-snippet:-1","max-image-preview":"max-image-preview:large","max-video-preview":"max-video-preview:-1"},"canonical":"https:\/\/favorite-news.com\/pt\/novo-apoio-extraordinario-ao-rendimento-dos-trabalhadores-pode-chegar-so-em-marco-zap\/","og_locale":"pt_PT","og_type":"article","og_title":"Novo Apoio Extraordin\u00e1rio ao Rendimento dos Trabalhadores pode chegar s\u00f3 em mar\u00e7o - ZAP - Favorite News","og_description":"Paulo Cunha \/ LusaA ministra do Trabalho, Solidariedade e Seguran\u00e7a Social, Ana Mendes Godinho O prazo para requerer o novo apoio extraordin\u00e1rio ao rendimento dos trabalhadores terminou na passada sexta-feira e os pedidos ser\u00e3o analisados esta semana. Os desempregados t\u00eam receio de que, ap\u00f3s quase dois meses sem rendimentos, os pagamentos do novo apoio cheguem [&hellip;]","og_url":"https:\/\/favorite-news.com\/pt\/novo-apoio-extraordinario-ao-rendimento-dos-trabalhadores-pode-chegar-so-em-marco-zap\/","og_site_name":"Favorite News","article_published_time":"2021-02-22T23:17:30+00:00","article_modified_time":"2021-02-22T23:17:32+00:00","og_image":[{"width":1200,"height":800,"url":"https:\/\/favorite-news.com\/pt\/wp-content\/uploads\/sites\/2\/2020\/10\/Novo-apoio-social-vai-ter-um-m\u00e1ximo-de-501-euros.jpg","type":"image\/jpeg"}],"author":"favorite-news","twitter_card":"summary_large_image","twitter_misc":{"Escrito por":"favorite-news","Tempo estimado de leitura":"2 minutos"},"schema":{"@context":"https:\/\/schema.org","@graph":[{"@type":"Article","@id":"https:\/\/favorite-news.com\/pt\/novo-apoio-extraordinario-ao-rendimento-dos-trabalhadores-pode-chegar-so-em-marco-zap\/#article","isPartOf":{"@id":"https:\/\/favorite-news.com\/pt\/novo-apoio-extraordinario-ao-rendimento-dos-trabalhadores-pode-chegar-so-em-marco-zap\/"},"author":{"name":"favorite-news","@id":"https:\/\/favorite-news.com\/pt\/#\/schema\/person\/b91573b717dcfa5e4696032a9d28d3e8"},"headline":"Novo Apoio Extraordin\u00e1rio ao Rendimento dos Trabalhadores pode chegar s\u00f3 em mar\u00e7o &#8211; ZAP","datePublished":"2021-02-22T23:17:30+00:00","dateModified":"2021-02-22T23:17:32+00:00","mainEntityOfPage":{"@id":"https:\/\/favorite-news.com\/pt\/novo-apoio-extraordinario-ao-rendimento-dos-trabalhadores-pode-chegar-so-em-marco-zap\/"},"wordCount":326,"commentCount":0,"image":{"@id":"https:\/\/favorite-news.com\/pt\/novo-apoio-extraordinario-ao-rendimento-dos-trabalhadores-pode-chegar-so-em-marco-zap\/#primaryimage"},"thumbnailUrl":"https:\/\/favorite-news.com\/pt\/wp-content\/uploads\/sites\/2\/2020\/10\/Novo-apoio-social-vai-ter-um-m\u00e1ximo-de-501-euros.jpg","articleSection":["NOT\u00cdCIAS FINANCEIRAS"],"inLanguage":"pt-PT","potentialAction":[{"@type":"CommentAction","name":"Comment","target":["https:\/\/favorite-news.com\/pt\/novo-apoio-extraordinario-ao-rendimento-dos-trabalhadores-pode-chegar-so-em-marco-zap\/#respond"]}]},{"@type":"WebPage","@id":"https:\/\/favorite-news.com\/pt\/novo-apoio-extraordinario-ao-rendimento-dos-trabalhadores-pode-chegar-so-em-marco-zap\/","url":"https:\/\/favorite-news.com\/pt\/novo-apoio-extraordinario-ao-rendimento-dos-trabalhadores-pode-chegar-so-em-marco-zap\/","name":"Novo Apoio Extraordin\u00e1rio ao Rendimento dos Trabalhadores pode chegar s\u00f3 em mar\u00e7o - ZAP - Favorite News","isPartOf":{"@id":"https:\/\/favorite-news.com\/pt\/#website"},"primaryImageOfPage":{"@id":"https:\/\/favorite-news.com\/pt\/novo-apoio-extraordinario-ao-rendimento-dos-trabalhadores-pode-chegar-so-em-marco-zap\/#primaryimage"},"image":{"@id":"https:\/\/favorite-news.com\/pt\/novo-apoio-extraordinario-ao-rendimento-dos-trabalhadores-pode-chegar-so-em-marco-zap\/#primaryimage"},"thumbnailUrl":"https:\/\/favorite-news.com\/pt\/wp-content\/uploads\/sites\/2\/2020\/10\/Novo-apoio-social-vai-ter-um-m\u00e1ximo-de-501-euros.jpg","datePublished":"2021-02-22T23:17:30+00:00","dateModified":"2021-02-22T23:17:32+00:00","author":{"@id":"https:\/\/favorite-news.com\/pt\/#\/schema\/person\/b91573b717dcfa5e4696032a9d28d3e8"},"breadcrumb":{"@id":"https:\/\/favorite-news.com\/pt\/novo-apoio-extraordinario-ao-rendimento-dos-trabalhadores-pode-chegar-so-em-marco-zap\/#breadcrumb"},"inLanguage":"pt-PT","potentialAction":[{"@type":"ReadAction","target":["https:\/\/favorite-news.com\/pt\/novo-apoio-extraordinario-ao-rendimento-dos-trabalhadores-pode-chegar-so-em-marco-zap\/"]}]},{"@type":"ImageObject","inLanguage":"pt-PT","@id":"https:\/\/favorite-news.com\/pt\/novo-apoio-extraordinario-ao-rendimento-dos-trabalhadores-pode-chegar-so-em-marco-zap\/#primaryimage","url":"https:\/\/favorite-news.com\/pt\/wp-content\/uploads\/sites\/2\/2020\/10\/Novo-apoio-social-vai-ter-um-m\u00e1ximo-de-501-euros.jpg","contentUrl":"https:\/\/favorite-news.com\/pt\/wp-content\/uploads\/sites\/2\/2020\/10\/Novo-apoio-social-vai-ter-um-m\u00e1ximo-de-501-euros.jpg","width":1200,"height":800,"caption":"Novo apoio social vai ter um m\u00e1ximo de 501 euros"},{"@type":"BreadcrumbList","@id":"https:\/\/favorite-news.com\/pt\/novo-apoio-extraordinario-ao-rendimento-dos-trabalhadores-pode-chegar-so-em-marco-zap\/#breadcrumb","itemListElement":[{"@type":"ListItem","position":1,"name":"Home","item":"https:\/\/favorite-news.com\/pt\/"},{"@type":"ListItem","position":2,"name":"Novo Apoio Extraordin\u00e1rio ao Rendimento dos Trabalhadores pode chegar s\u00f3 em mar\u00e7o &#8211; ZAP"}]},{"@type":"WebSite","@id":"https:\/\/favorite-news.com\/pt\/#website","url":"https:\/\/favorite-news.com\/pt\/","name":"Favorite News","description":"Favorite News Portugal","potentialAction":[{"@type":"SearchAction","target":{"@type":"EntryPoint","urlTemplate":"https:\/\/favorite-news.com\/pt\/?s={search_term_string}"},"query-input":{"@type":"PropertyValueSpecification","valueRequired":true,"valueName":"search_term_string"}}],"inLanguage":"pt-PT"},{"@type":"Person","@id":"https:\/\/favorite-news.com\/pt\/#\/schema\/person\/b91573b717dcfa5e4696032a9d28d3e8","name":"favorite-news","image":{"@type":"ImageObject","inLanguage":"pt-PT","@id":"https:\/\/secure.gravatar.com\/avatar\/6c5a5cb12b74e9d517ee91cf570335b7d16177f1977cc91db161adfa435945a7?s=96&d=mm&r=g","url":"https:\/\/secure.gravatar.com\/avatar\/6c5a5cb12b74e9d517ee91cf570335b7d16177f1977cc91db161adfa435945a7?s=96&d=mm&r=g","contentUrl":"https:\/\/secure.gravatar.com\/avatar\/6c5a5cb12b74e9d517ee91cf570335b7d16177f1977cc91db161adfa435945a7?s=96&d=mm&r=g","caption":"favorite-news"},"url":"https:\/\/favorite-news.com\/pt\/author\/pt\/"}]}},"_links":{"self":[{"href":"https:\/\/favorite-news.com\/pt\/wp-json\/wp\/v2\/posts\/9109","targetHints":{"allow":["GET"]}}],"collection":[{"href":"https:\/\/favorite-news.com\/pt\/wp-json\/wp\/v2\/posts"}],"about":[{"href":"https:\/\/favorite-news.com\/pt\/wp-json\/wp\/v2\/types\/post"}],"author":[{"embeddable":true,"href":"https:\/\/favorite-news.com\/pt\/wp-json\/wp\/v2\/users\/2"}],"replies":[{"embeddable":true,"href":"https:\/\/favorite-news.com\/pt\/wp-json\/wp\/v2\/comments?post=9109"}],"version-history":[{"count":1,"href":"https:\/\/favorite-news.com\/pt\/wp-json\/wp\/v2\/posts\/9109\/revisions"}],"predecessor-version":[{"id":9110,"href":"https:\/\/favorite-news.com\/pt\/wp-json\/wp\/v2\/posts\/9109\/revisions\/9110"}],"wp:featuredmedia":[{"embeddable":true,"href":"https:\/\/favorite-news.com\/pt\/wp-json\/wp\/v2\/media\/7784"}],"wp:attachment":[{"href":"https:\/\/favorite-news.com\/pt\/wp-json\/wp\/v2\/media?parent=9109"}],"wp:term":[{"taxonomy":"category","embeddable":true,"href":"https:\/\/favorite-news.com\/pt\/wp-json\/wp\/v2\/categories?post=9109"},{"taxonomy":"post_tag","embeddable":true,"href":"https:\/\/favorite-news.com\/pt\/wp-json\/wp\/v2\/tags?post=9109"}],"curies":[{"name":"wp","href":"https:\/\/api.w.org\/{rel}","templated":true}]}}