{"id":9103,"date":"2021-02-22T14:11:22","date_gmt":"2021-02-22T11:11:22","guid":{"rendered":"https:\/\/favorite-news.com\/pt\/a-china-e-agora-o-maior-parceiro-comercial-da-europa\/"},"modified":"2021-02-22T14:11:25","modified_gmt":"2021-02-22T11:11:25","slug":"a-china-e-agora-o-maior-parceiro-comercial-da-europa","status":"publish","type":"post","link":"https:\/\/favorite-news.com\/pt\/a-china-e-agora-o-maior-parceiro-comercial-da-europa\/","title":{"rendered":"A China \u00e9 agora o maior parceiro comercial da Europa"},"content":{"rendered":"<p>        Ted McGrath \/ Flickr <\/p>\n<p>Atualmente, a Europa comercializa mais mercadorias com a China do que com os Estados Unidos, uma situa\u00e7\u00e3o que mostra a forma como a pandemia est\u00e1 a transformar a economia global.<\/p>\n<p>Dados divulgados esta semana pelo servi\u00e7o de estat\u00edsticas da Uni\u00e3o Europeia atribu\u00edram a mudan\u00e7a a um aumento de 5,6% nas importa\u00e7\u00f5es da China em 2020 e a um aumento de 2,2% nas exporta\u00e7\u00f5es.<br \/>\nAo mesmo tempo, houve uma \u201cqueda significativa\u201d no com\u00e9rcio com os Estados Unidos, com as importa\u00e7\u00f5es a descer 13,2% e as exporta\u00e7\u00f5es a cair 8,2%.<br \/>\nEm 2020, o valor de bens comercializados entre a Europa e a China foi de 586 mil milh\u00f5es de euros, cerca de 31 mil milh\u00f5es a mais do que os que foram trocados entre a Uni\u00e3o Europeia e os EUA.<\/p>\n<p>A economia da China cresceu 2,3% no ano passado, paralelamente a uma tentativa de recupera\u00e7\u00e3o p\u00f3s-pandemia. Por outro lado, os Estados Unidos viram a sua produ\u00e7\u00e3o encolher 3,5%. Este decr\u00e9scimo permitiu que a China, a segunda maior pot\u00eancia econ\u00f3mica do mundo, aumentasse ainda mais a sua influ\u00eancia.<br \/>\nDaniel Gros, investigador do Centro de Estudos de Pol\u00edtica Europeia, refere \u00e0 CNN que a mudan\u00e7a n\u00e3o \u00e9 uma surpresa, tendo em conta a situa\u00e7\u00e3o da China na ind\u00fastria global.<br \/>\nNo entanto, o especialista sublinha que os la\u00e7os econ\u00f3micos que ligam a Europa aos EUA continuam muito fortes: a UE continua a exportar mais para a Am\u00e9rica do que para a China. Al\u00e9m disso, Gros alerta que os dados n\u00e3o t\u00eam em considera\u00e7\u00e3o o com\u00e9rcio transatl\u00e2ntico de servi\u00e7os, que vale cerca de 494 mil milh\u00f5es de euros por ano.<br \/>\n\u201cO relacionamento transatl\u00e2ntico geral continua muito mais forte do que aquele entre a Europa e a China\u201d, explica Gros, acrescentando que \u201c\u00e9 muito mais profundo porque tem\u00a0 mais investimento internacional\u201d.<br \/>\nAinda assim, Bruxelas aprofunda cada vez mais o seu relacionamento econ\u00f3mico com a China, apesar de ver o pa\u00eds como um \u201crival sist\u00e9mico\u201d. A Europa partilha das preocupa\u00e7\u00f5es dos Estados Unidos sobre as pr\u00e1ticas de com\u00e9rcio e tecnologia de Pequim, mas, no final do ano passado, finalizou um acordo de investimento com a China com o objetivo de aumentar o acesso ao mercado.<br \/>\nA Comiss\u00e3o Europeia real\u00e7a que estabeleceu \u201cobriga\u00e7\u00f5es claras para as empresas estatais chinesas\u201d, que costumam ser fortemente subsidiadas, e estabeleceu regras contra transfer\u00eancias for\u00e7adas de tecnologia.<br \/>\nApesar das garantias vindas da UE, o acordo gerou um certo desconforto com os Estados Unidos. Jake Sullivan, atual conselheiro de seguran\u00e7a nacional do presidente Joe Biden, pediu aos l\u00edderes da UE que tratassem das preocupa\u00e7\u00f5es comuns sobre Pequim com o novo governo.<\/p>\n<p> Ana Isabel Moura, ZAP \/\/ <\/p>\n<p>\n<!--noindex--><br \/>\n<a href=\"https:\/\/zap.aeiou.pt\/china-parceiro-comercial-europa-381719\" rel=\"nofollow\">Source link <\/a><br \/>\n<!--\/noindex--><\/p>\n","protected":false},"excerpt":{"rendered":"<p>Ted McGrath \/ Flickr Atualmente, a Europa comercializa mais mercadorias com a China do que com os Estados Unidos, uma situa\u00e7\u00e3o que mostra a forma como a pandemia est\u00e1 a transformar a economia global. Dados divulgados esta semana pelo servi\u00e7o de estat\u00edsticas da Uni\u00e3o Europeia atribu\u00edram a mudan\u00e7a a um aumento de 5,6% nas importa\u00e7\u00f5es [&hellip;]<\/p>\n","protected":false},"author":2,"featured_media":9104,"comment_status":"open","ping_status":"open","sticky":false,"template":"","format":"standard","meta":{"footnotes":""},"categories":[1],"tags":[],"class_list":["post-9103","post","type-post","status-publish","format-standard","has-post-thumbnail","hentry","category-noticias-financeiras"],"yoast_head":"<!-- This site is optimized with the Yoast SEO plugin v27.4 - https:\/\/yoast.com\/product\/yoast-seo-wordpress\/ -->\n<title>A China \u00e9 agora o maior parceiro comercial da Europa - Favorite News<\/title>\n<meta name=\"robots\" content=\"index, follow, max-snippet:-1, max-image-preview:large, max-video-preview:-1\" \/>\n<link rel=\"canonical\" href=\"https:\/\/favorite-news.com\/pt\/a-china-e-agora-o-maior-parceiro-comercial-da-europa\/\" \/>\n<meta property=\"og:locale\" content=\"pt_PT\" \/>\n<meta property=\"og:type\" content=\"article\" \/>\n<meta property=\"og:title\" content=\"A China \u00e9 agora o maior parceiro comercial da Europa - Favorite News\" \/>\n<meta property=\"og:description\" content=\"Ted McGrath \/ Flickr Atualmente, a Europa comercializa mais mercadorias com a China do que com os Estados Unidos, uma situa\u00e7\u00e3o que mostra a forma como a pandemia est\u00e1 a transformar a economia global. Dados divulgados esta semana pelo servi\u00e7o de estat\u00edsticas da Uni\u00e3o Europeia atribu\u00edram a mudan\u00e7a a um aumento de 5,6% nas importa\u00e7\u00f5es [&hellip;]\" \/>\n<meta property=\"og:url\" content=\"https:\/\/favorite-news.com\/pt\/a-china-e-agora-o-maior-parceiro-comercial-da-europa\/\" \/>\n<meta property=\"og:site_name\" content=\"Favorite News\" \/>\n<meta property=\"article:published_time\" content=\"2021-02-22T11:11:22+00:00\" \/>\n<meta property=\"article:modified_time\" content=\"2021-02-22T11:11:25+00:00\" \/>\n<meta property=\"og:image\" content=\"https:\/\/favorite-news.com\/pt\/wp-content\/uploads\/sites\/2\/2021\/02\/A-China-e-agora-o-maior-parceiro-comercial-da-Europa.jpg\" \/>\n\t<meta property=\"og:image:width\" content=\"1200\" \/>\n\t<meta property=\"og:image:height\" content=\"800\" \/>\n\t<meta property=\"og:image:type\" content=\"image\/jpeg\" \/>\n<meta name=\"author\" content=\"favorite-news\" \/>\n<meta name=\"twitter:card\" content=\"summary_large_image\" \/>\n<meta name=\"twitter:label1\" content=\"Escrito por\" \/>\n\t<meta name=\"twitter:data1\" content=\"favorite-news\" \/>\n\t<meta name=\"twitter:label2\" content=\"Tempo estimado de leitura\" \/>\n\t<meta name=\"twitter:data2\" content=\"2 minutos\" \/>\n<script type=\"application\/ld+json\" class=\"yoast-schema-graph\">{\"@context\":\"https:\\\/\\\/schema.org\",\"@graph\":[{\"@type\":\"Article\",\"@id\":\"https:\\\/\\\/favorite-news.com\\\/pt\\\/a-china-e-agora-o-maior-parceiro-comercial-da-europa\\\/#article\",\"isPartOf\":{\"@id\":\"https:\\\/\\\/favorite-news.com\\\/pt\\\/a-china-e-agora-o-maior-parceiro-comercial-da-europa\\\/\"},\"author\":{\"name\":\"favorite-news\",\"@id\":\"https:\\\/\\\/favorite-news.com\\\/pt\\\/#\\\/schema\\\/person\\\/b91573b717dcfa5e4696032a9d28d3e8\"},\"headline\":\"A China \u00e9 agora o maior parceiro comercial da Europa\",\"datePublished\":\"2021-02-22T11:11:22+00:00\",\"dateModified\":\"2021-02-22T11:11:25+00:00\",\"mainEntityOfPage\":{\"@id\":\"https:\\\/\\\/favorite-news.com\\\/pt\\\/a-china-e-agora-o-maior-parceiro-comercial-da-europa\\\/\"},\"wordCount\":482,\"commentCount\":0,\"image\":{\"@id\":\"https:\\\/\\\/favorite-news.com\\\/pt\\\/a-china-e-agora-o-maior-parceiro-comercial-da-europa\\\/#primaryimage\"},\"thumbnailUrl\":\"https:\\\/\\\/favorite-news.com\\\/pt\\\/wp-content\\\/uploads\\\/sites\\\/2\\\/2021\\\/02\\\/A-China-e-agora-o-maior-parceiro-comercial-da-Europa.jpg\",\"articleSection\":[\"NOT\u00cdCIAS FINANCEIRAS\"],\"inLanguage\":\"pt-PT\",\"potentialAction\":[{\"@type\":\"CommentAction\",\"name\":\"Comment\",\"target\":[\"https:\\\/\\\/favorite-news.com\\\/pt\\\/a-china-e-agora-o-maior-parceiro-comercial-da-europa\\\/#respond\"]}]},{\"@type\":\"WebPage\",\"@id\":\"https:\\\/\\\/favorite-news.com\\\/pt\\\/a-china-e-agora-o-maior-parceiro-comercial-da-europa\\\/\",\"url\":\"https:\\\/\\\/favorite-news.com\\\/pt\\\/a-china-e-agora-o-maior-parceiro-comercial-da-europa\\\/\",\"name\":\"A China \u00e9 agora o maior parceiro comercial da Europa - Favorite News\",\"isPartOf\":{\"@id\":\"https:\\\/\\\/favorite-news.com\\\/pt\\\/#website\"},\"primaryImageOfPage\":{\"@id\":\"https:\\\/\\\/favorite-news.com\\\/pt\\\/a-china-e-agora-o-maior-parceiro-comercial-da-europa\\\/#primaryimage\"},\"image\":{\"@id\":\"https:\\\/\\\/favorite-news.com\\\/pt\\\/a-china-e-agora-o-maior-parceiro-comercial-da-europa\\\/#primaryimage\"},\"thumbnailUrl\":\"https:\\\/\\\/favorite-news.com\\\/pt\\\/wp-content\\\/uploads\\\/sites\\\/2\\\/2021\\\/02\\\/A-China-e-agora-o-maior-parceiro-comercial-da-Europa.jpg\",\"datePublished\":\"2021-02-22T11:11:22+00:00\",\"dateModified\":\"2021-02-22T11:11:25+00:00\",\"author\":{\"@id\":\"https:\\\/\\\/favorite-news.com\\\/pt\\\/#\\\/schema\\\/person\\\/b91573b717dcfa5e4696032a9d28d3e8\"},\"breadcrumb\":{\"@id\":\"https:\\\/\\\/favorite-news.com\\\/pt\\\/a-china-e-agora-o-maior-parceiro-comercial-da-europa\\\/#breadcrumb\"},\"inLanguage\":\"pt-PT\",\"potentialAction\":[{\"@type\":\"ReadAction\",\"target\":[\"https:\\\/\\\/favorite-news.com\\\/pt\\\/a-china-e-agora-o-maior-parceiro-comercial-da-europa\\\/\"]}]},{\"@type\":\"ImageObject\",\"inLanguage\":\"pt-PT\",\"@id\":\"https:\\\/\\\/favorite-news.com\\\/pt\\\/a-china-e-agora-o-maior-parceiro-comercial-da-europa\\\/#primaryimage\",\"url\":\"https:\\\/\\\/favorite-news.com\\\/pt\\\/wp-content\\\/uploads\\\/sites\\\/2\\\/2021\\\/02\\\/A-China-e-agora-o-maior-parceiro-comercial-da-Europa.jpg\",\"contentUrl\":\"https:\\\/\\\/favorite-news.com\\\/pt\\\/wp-content\\\/uploads\\\/sites\\\/2\\\/2021\\\/02\\\/A-China-e-agora-o-maior-parceiro-comercial-da-Europa.jpg\",\"width\":1200,\"height\":800,\"caption\":\"A China \u00e9 agora o maior parceiro comercial da Europa\"},{\"@type\":\"BreadcrumbList\",\"@id\":\"https:\\\/\\\/favorite-news.com\\\/pt\\\/a-china-e-agora-o-maior-parceiro-comercial-da-europa\\\/#breadcrumb\",\"itemListElement\":[{\"@type\":\"ListItem\",\"position\":1,\"name\":\"Home\",\"item\":\"https:\\\/\\\/favorite-news.com\\\/pt\\\/\"},{\"@type\":\"ListItem\",\"position\":2,\"name\":\"A China \u00e9 agora o maior parceiro comercial da Europa\"}]},{\"@type\":\"WebSite\",\"@id\":\"https:\\\/\\\/favorite-news.com\\\/pt\\\/#website\",\"url\":\"https:\\\/\\\/favorite-news.com\\\/pt\\\/\",\"name\":\"Favorite News\",\"description\":\"Favorite News Portugal\",\"potentialAction\":[{\"@type\":\"SearchAction\",\"target\":{\"@type\":\"EntryPoint\",\"urlTemplate\":\"https:\\\/\\\/favorite-news.com\\\/pt\\\/?s={search_term_string}\"},\"query-input\":{\"@type\":\"PropertyValueSpecification\",\"valueRequired\":true,\"valueName\":\"search_term_string\"}}],\"inLanguage\":\"pt-PT\"},{\"@type\":\"Person\",\"@id\":\"https:\\\/\\\/favorite-news.com\\\/pt\\\/#\\\/schema\\\/person\\\/b91573b717dcfa5e4696032a9d28d3e8\",\"name\":\"favorite-news\",\"image\":{\"@type\":\"ImageObject\",\"inLanguage\":\"pt-PT\",\"@id\":\"https:\\\/\\\/secure.gravatar.com\\\/avatar\\\/6c5a5cb12b74e9d517ee91cf570335b7d16177f1977cc91db161adfa435945a7?s=96&d=mm&r=g\",\"url\":\"https:\\\/\\\/secure.gravatar.com\\\/avatar\\\/6c5a5cb12b74e9d517ee91cf570335b7d16177f1977cc91db161adfa435945a7?s=96&d=mm&r=g\",\"contentUrl\":\"https:\\\/\\\/secure.gravatar.com\\\/avatar\\\/6c5a5cb12b74e9d517ee91cf570335b7d16177f1977cc91db161adfa435945a7?s=96&d=mm&r=g\",\"caption\":\"favorite-news\"},\"url\":\"https:\\\/\\\/favorite-news.com\\\/pt\\\/author\\\/pt\\\/\"}]}<\/script>\n<!-- \/ Yoast SEO plugin. -->","yoast_head_json":{"title":"A China \u00e9 agora o maior parceiro comercial da Europa - Favorite News","robots":{"index":"index","follow":"follow","max-snippet":"max-snippet:-1","max-image-preview":"max-image-preview:large","max-video-preview":"max-video-preview:-1"},"canonical":"https:\/\/favorite-news.com\/pt\/a-china-e-agora-o-maior-parceiro-comercial-da-europa\/","og_locale":"pt_PT","og_type":"article","og_title":"A China \u00e9 agora o maior parceiro comercial da Europa - Favorite News","og_description":"Ted McGrath \/ Flickr Atualmente, a Europa comercializa mais mercadorias com a China do que com os Estados Unidos, uma situa\u00e7\u00e3o que mostra a forma como a pandemia est\u00e1 a transformar a economia global. Dados divulgados esta semana pelo servi\u00e7o de estat\u00edsticas da Uni\u00e3o Europeia atribu\u00edram a mudan\u00e7a a um aumento de 5,6% nas importa\u00e7\u00f5es [&hellip;]","og_url":"https:\/\/favorite-news.com\/pt\/a-china-e-agora-o-maior-parceiro-comercial-da-europa\/","og_site_name":"Favorite News","article_published_time":"2021-02-22T11:11:22+00:00","article_modified_time":"2021-02-22T11:11:25+00:00","og_image":[{"width":1200,"height":800,"url":"https:\/\/favorite-news.com\/pt\/wp-content\/uploads\/sites\/2\/2021\/02\/A-China-e-agora-o-maior-parceiro-comercial-da-Europa.jpg","type":"image\/jpeg"}],"author":"favorite-news","twitter_card":"summary_large_image","twitter_misc":{"Escrito por":"favorite-news","Tempo estimado de leitura":"2 minutos"},"schema":{"@context":"https:\/\/schema.org","@graph":[{"@type":"Article","@id":"https:\/\/favorite-news.com\/pt\/a-china-e-agora-o-maior-parceiro-comercial-da-europa\/#article","isPartOf":{"@id":"https:\/\/favorite-news.com\/pt\/a-china-e-agora-o-maior-parceiro-comercial-da-europa\/"},"author":{"name":"favorite-news","@id":"https:\/\/favorite-news.com\/pt\/#\/schema\/person\/b91573b717dcfa5e4696032a9d28d3e8"},"headline":"A China \u00e9 agora o maior parceiro comercial da Europa","datePublished":"2021-02-22T11:11:22+00:00","dateModified":"2021-02-22T11:11:25+00:00","mainEntityOfPage":{"@id":"https:\/\/favorite-news.com\/pt\/a-china-e-agora-o-maior-parceiro-comercial-da-europa\/"},"wordCount":482,"commentCount":0,"image":{"@id":"https:\/\/favorite-news.com\/pt\/a-china-e-agora-o-maior-parceiro-comercial-da-europa\/#primaryimage"},"thumbnailUrl":"https:\/\/favorite-news.com\/pt\/wp-content\/uploads\/sites\/2\/2021\/02\/A-China-e-agora-o-maior-parceiro-comercial-da-Europa.jpg","articleSection":["NOT\u00cdCIAS FINANCEIRAS"],"inLanguage":"pt-PT","potentialAction":[{"@type":"CommentAction","name":"Comment","target":["https:\/\/favorite-news.com\/pt\/a-china-e-agora-o-maior-parceiro-comercial-da-europa\/#respond"]}]},{"@type":"WebPage","@id":"https:\/\/favorite-news.com\/pt\/a-china-e-agora-o-maior-parceiro-comercial-da-europa\/","url":"https:\/\/favorite-news.com\/pt\/a-china-e-agora-o-maior-parceiro-comercial-da-europa\/","name":"A China \u00e9 agora o maior parceiro comercial da Europa - Favorite News","isPartOf":{"@id":"https:\/\/favorite-news.com\/pt\/#website"},"primaryImageOfPage":{"@id":"https:\/\/favorite-news.com\/pt\/a-china-e-agora-o-maior-parceiro-comercial-da-europa\/#primaryimage"},"image":{"@id":"https:\/\/favorite-news.com\/pt\/a-china-e-agora-o-maior-parceiro-comercial-da-europa\/#primaryimage"},"thumbnailUrl":"https:\/\/favorite-news.com\/pt\/wp-content\/uploads\/sites\/2\/2021\/02\/A-China-e-agora-o-maior-parceiro-comercial-da-Europa.jpg","datePublished":"2021-02-22T11:11:22+00:00","dateModified":"2021-02-22T11:11:25+00:00","author":{"@id":"https:\/\/favorite-news.com\/pt\/#\/schema\/person\/b91573b717dcfa5e4696032a9d28d3e8"},"breadcrumb":{"@id":"https:\/\/favorite-news.com\/pt\/a-china-e-agora-o-maior-parceiro-comercial-da-europa\/#breadcrumb"},"inLanguage":"pt-PT","potentialAction":[{"@type":"ReadAction","target":["https:\/\/favorite-news.com\/pt\/a-china-e-agora-o-maior-parceiro-comercial-da-europa\/"]}]},{"@type":"ImageObject","inLanguage":"pt-PT","@id":"https:\/\/favorite-news.com\/pt\/a-china-e-agora-o-maior-parceiro-comercial-da-europa\/#primaryimage","url":"https:\/\/favorite-news.com\/pt\/wp-content\/uploads\/sites\/2\/2021\/02\/A-China-e-agora-o-maior-parceiro-comercial-da-Europa.jpg","contentUrl":"https:\/\/favorite-news.com\/pt\/wp-content\/uploads\/sites\/2\/2021\/02\/A-China-e-agora-o-maior-parceiro-comercial-da-Europa.jpg","width":1200,"height":800,"caption":"A China \u00e9 agora o maior parceiro comercial da Europa"},{"@type":"BreadcrumbList","@id":"https:\/\/favorite-news.com\/pt\/a-china-e-agora-o-maior-parceiro-comercial-da-europa\/#breadcrumb","itemListElement":[{"@type":"ListItem","position":1,"name":"Home","item":"https:\/\/favorite-news.com\/pt\/"},{"@type":"ListItem","position":2,"name":"A China \u00e9 agora o maior parceiro comercial da Europa"}]},{"@type":"WebSite","@id":"https:\/\/favorite-news.com\/pt\/#website","url":"https:\/\/favorite-news.com\/pt\/","name":"Favorite News","description":"Favorite News Portugal","potentialAction":[{"@type":"SearchAction","target":{"@type":"EntryPoint","urlTemplate":"https:\/\/favorite-news.com\/pt\/?s={search_term_string}"},"query-input":{"@type":"PropertyValueSpecification","valueRequired":true,"valueName":"search_term_string"}}],"inLanguage":"pt-PT"},{"@type":"Person","@id":"https:\/\/favorite-news.com\/pt\/#\/schema\/person\/b91573b717dcfa5e4696032a9d28d3e8","name":"favorite-news","image":{"@type":"ImageObject","inLanguage":"pt-PT","@id":"https:\/\/secure.gravatar.com\/avatar\/6c5a5cb12b74e9d517ee91cf570335b7d16177f1977cc91db161adfa435945a7?s=96&d=mm&r=g","url":"https:\/\/secure.gravatar.com\/avatar\/6c5a5cb12b74e9d517ee91cf570335b7d16177f1977cc91db161adfa435945a7?s=96&d=mm&r=g","contentUrl":"https:\/\/secure.gravatar.com\/avatar\/6c5a5cb12b74e9d517ee91cf570335b7d16177f1977cc91db161adfa435945a7?s=96&d=mm&r=g","caption":"favorite-news"},"url":"https:\/\/favorite-news.com\/pt\/author\/pt\/"}]}},"_links":{"self":[{"href":"https:\/\/favorite-news.com\/pt\/wp-json\/wp\/v2\/posts\/9103","targetHints":{"allow":["GET"]}}],"collection":[{"href":"https:\/\/favorite-news.com\/pt\/wp-json\/wp\/v2\/posts"}],"about":[{"href":"https:\/\/favorite-news.com\/pt\/wp-json\/wp\/v2\/types\/post"}],"author":[{"embeddable":true,"href":"https:\/\/favorite-news.com\/pt\/wp-json\/wp\/v2\/users\/2"}],"replies":[{"embeddable":true,"href":"https:\/\/favorite-news.com\/pt\/wp-json\/wp\/v2\/comments?post=9103"}],"version-history":[{"count":1,"href":"https:\/\/favorite-news.com\/pt\/wp-json\/wp\/v2\/posts\/9103\/revisions"}],"predecessor-version":[{"id":9105,"href":"https:\/\/favorite-news.com\/pt\/wp-json\/wp\/v2\/posts\/9103\/revisions\/9105"}],"wp:featuredmedia":[{"embeddable":true,"href":"https:\/\/favorite-news.com\/pt\/wp-json\/wp\/v2\/media\/9104"}],"wp:attachment":[{"href":"https:\/\/favorite-news.com\/pt\/wp-json\/wp\/v2\/media?parent=9103"}],"wp:term":[{"taxonomy":"category","embeddable":true,"href":"https:\/\/favorite-news.com\/pt\/wp-json\/wp\/v2\/categories?post=9103"},{"taxonomy":"post_tag","embeddable":true,"href":"https:\/\/favorite-news.com\/pt\/wp-json\/wp\/v2\/tags?post=9103"}],"curies":[{"name":"wp","href":"https:\/\/api.w.org\/{rel}","templated":true}]}}