{"id":9097,"date":"2021-02-22T02:10:13","date_gmt":"2021-02-21T23:10:13","guid":{"rendered":"https:\/\/favorite-news.com\/pt\/onze-seminarios-digitais-costa-apresenta-plano-aos-parceiros-sociais-zap\/"},"modified":"2021-02-22T02:10:16","modified_gmt":"2021-02-21T23:10:16","slug":"onze-seminarios-digitais-costa-apresenta-plano-aos-parceiros-sociais-zap","status":"publish","type":"post","link":"https:\/\/favorite-news.com\/pt\/onze-seminarios-digitais-costa-apresenta-plano-aos-parceiros-sociais-zap\/","title":{"rendered":"Onze semin\u00e1rios digitais. Costa apresenta plano aos parceiros sociais &#8211; ZAP"},"content":{"rendered":"<p>        Francisco Seco \/ EPA<br \/>\nO primeiro-ministro vai apresentar na ter\u00e7a-feira o Plano de Recupera\u00e7\u00e3o e Resili\u00eancia (PRR) aos parceiros sociais, em reuni\u00e3o do Conselho Econ\u00f3mico e Social, e o Governo ir\u00e1 promover um conjunto de semin\u00e1rios de debate sobre este documento.<\/p>\n<p>De acordo com uma nota enviada \u00e0 comunica\u00e7\u00e3o social, depois de ter colocado este plano em consulta p\u00fablica, na semana passada, o Governo decidiu lan\u00e7ar uma iniciativa denominada \u201cPRR em debate\u201c, que o primeiro-ministro, Ant\u00f3nio Costa, ir\u00e1 assinalar com \u201cum conjunto de v\u00eddeos de enquadramento geral\u201d divulgados \u201cnos pr\u00f3ximos dias\u201d.<br \/>\n\u201cO primeiro-ministro decidiu ainda apresentar o PRR aos parceiros sociais em reuni\u00e3o da Conselho Econ\u00f3mico e Social, no pr\u00f3ximo dia 23 de fevereiro, e convocar, para o mesmo efeito, no dia 24 de fevereiro, uma reuni\u00e3o do Conselho de Concerta\u00e7\u00e3o Territorial\u201d, l\u00ea-se nesta nota do Governo.<br \/>\nEntre 24 de fevereiro e 4 de mar\u00e7o, \u201co Governo, prosseguindo a l\u00f3gica de ausculta\u00e7\u00e3o abrangente em torno do documento, vai promover um conjunto de onze semin\u00e1rios digitais, alinhando as prioridades do PRR com os temas que estar\u00e3o em debate em cada uma das sess\u00f5es\u201d.<\/p>\n<p>Segundo a nota divulgada, estas sess\u00f5es de \u201cdura\u00e7\u00e3o aproximada de duas horas\u201d ter\u00e3o a participar\u00e3o de ministros e entidades representativas de cada setor convidadas, com o objetivo de \u201couvir a sociedade civil\u201d e \u201crecolha ativa de contributos\u201d.<br \/>\nOs temas em debate ser\u00e3o o combate \u00e0 pobreza e respostas sociais, as florestas, o Servi\u00e7o Nacional de Sa\u00fade (SNS), habita\u00e7\u00e3o, qualifica\u00e7\u00f5es, transi\u00e7\u00e3o digital, recursos h\u00eddricos, clima, energia e mobilidade, bioeconomia, infraestruturas, ind\u00fastria e inova\u00e7\u00e3o.<br \/>\nParticipar\u00e3o nestes semin\u00e1rios os ministros do Ambiente, Jo\u00e3o Pedro Matos Fernandes, de Estado e da Presid\u00eancia, Mariana Vieira da Silva, do Trabalho, Solidariedade e Seguran\u00e7a Social, Ana Mendes Godinho, da Sa\u00fade, Marta Temido, das Infraestruturas e Habita\u00e7\u00e3o, Pedro Nuno Santos, de Estado e da Economia, Pedro Siza Vieira, e da Coes\u00e3o Territorial, Ana Abrunhosa.<br \/>\nDe acordo com esta nota \u00e0 comunica\u00e7\u00e3o social, \u201cparalelamente, o Governo vai promover a ausculta\u00e7\u00f5es setoriais de organismos representativos de diferentes setores diretamente implicados nas componentes do PRR\u201d, como o Conselho Nacional da Economia Social, o Conselho Nacional de Sa\u00fade, o Conselho Nacional de Educa\u00e7\u00e3o ou a Confedera\u00e7\u00e3o do Turismo de Portugal.<br \/>\nO Governo considera que o PRR \u00e9 \u201cuma ferramenta essencial para permitir ao pa\u00eds recuperar da atual crise provocada pela pandemia e, simultaneamente, responder a algumas das suas necessidades estruturais\u201c, e assinala que este plano nacional \u00e9 \u201cum dos que se encontram em mais avan\u00e7ado estado de elabora\u00e7\u00e3o entre os seus cong\u00e9neres europeus\u201d.<br \/>\nO Plano de Recupera\u00e7\u00e3o e Resili\u00eancia, que Portugal apresentou recentemente para aceder \u00e0s verbas comunit\u00e1rias para fazer face \u00e0s consequ\u00eancias da pandemia de covid-19, prev\u00ea 36 reformas e 77 investimentos nas \u00e1reas sociais, do clima e digitaliza\u00e7\u00e3o, correspondentes a um total de 13,9 mil milh\u00f5es de euros de subven\u00e7\u00f5es.<br \/>\nDepois de um primeiro esbo\u00e7o apresentado \u00e0 Comiss\u00e3o Europeia em outubro passado, e de um processo de conversa\u00e7\u00f5es com Bruxelas, o Governo portugu\u00eas colocou a vers\u00e3o preliminar e resumida deste plano em consulta p\u00fablica, no in\u00edcio da semana passada.<br \/>\nSegundo o executivo, foram definidas tr\u00eas \u201cdimens\u00f5es estruturantes\u201d de aposta \u2013 resili\u00eancia, transi\u00e7\u00e3o clim\u00e1tica e transi\u00e7\u00e3o digital -, \u00e0s quais ser\u00e3o alocados 13,9 mil milh\u00f5es de euros de subven\u00e7\u00f5es a fundo perdido das verbas europeias.<br \/>\nNo documento, est\u00e3o tamb\u00e9m previstos 2,7 mil milh\u00f5es de euros atrav\u00e9s de empr\u00e9stimos.<\/p>\n<p>\n<!--noindex--><br \/>\n<a href=\"https:\/\/zap.aeiou.pt\/onze-seminarios-digitais-costa-apresenta-plano-aos-parceiros-sociais-382274\" rel=\"nofollow\">Source link <\/a><br \/>\n<!--\/noindex--><\/p>\n","protected":false},"excerpt":{"rendered":"<p>Francisco Seco \/ EPA O primeiro-ministro vai apresentar na ter\u00e7a-feira o Plano de Recupera\u00e7\u00e3o e Resili\u00eancia (PRR) aos parceiros sociais, em reuni\u00e3o do Conselho Econ\u00f3mico e Social, e o Governo ir\u00e1 promover um conjunto de semin\u00e1rios de debate sobre este documento. De acordo com uma nota enviada \u00e0 comunica\u00e7\u00e3o social, depois de ter colocado este [&hellip;]<\/p>\n","protected":false},"author":2,"featured_media":9098,"comment_status":"open","ping_status":"open","sticky":false,"template":"","format":"standard","meta":{"footnotes":""},"categories":[1],"tags":[],"class_list":["post-9097","post","type-post","status-publish","format-standard","has-post-thumbnail","hentry","category-noticias-financeiras"],"yoast_head":"<!-- This site is optimized with the Yoast SEO plugin v27.4 - https:\/\/yoast.com\/product\/yoast-seo-wordpress\/ -->\n<title>Onze semin\u00e1rios digitais. Costa apresenta plano aos parceiros sociais - ZAP - Favorite News<\/title>\n<meta name=\"robots\" content=\"index, follow, max-snippet:-1, max-image-preview:large, max-video-preview:-1\" \/>\n<link rel=\"canonical\" href=\"https:\/\/favorite-news.com\/pt\/onze-seminarios-digitais-costa-apresenta-plano-aos-parceiros-sociais-zap\/\" \/>\n<meta property=\"og:locale\" content=\"pt_PT\" \/>\n<meta property=\"og:type\" content=\"article\" \/>\n<meta property=\"og:title\" content=\"Onze semin\u00e1rios digitais. Costa apresenta plano aos parceiros sociais - ZAP - Favorite News\" \/>\n<meta property=\"og:description\" content=\"Francisco Seco \/ EPA O primeiro-ministro vai apresentar na ter\u00e7a-feira o Plano de Recupera\u00e7\u00e3o e Resili\u00eancia (PRR) aos parceiros sociais, em reuni\u00e3o do Conselho Econ\u00f3mico e Social, e o Governo ir\u00e1 promover um conjunto de semin\u00e1rios de debate sobre este documento. De acordo com uma nota enviada \u00e0 comunica\u00e7\u00e3o social, depois de ter colocado este [&hellip;]\" \/>\n<meta property=\"og:url\" content=\"https:\/\/favorite-news.com\/pt\/onze-seminarios-digitais-costa-apresenta-plano-aos-parceiros-sociais-zap\/\" \/>\n<meta property=\"og:site_name\" content=\"Favorite News\" \/>\n<meta property=\"article:published_time\" content=\"2021-02-21T23:10:13+00:00\" \/>\n<meta property=\"article:modified_time\" content=\"2021-02-21T23:10:16+00:00\" \/>\n<meta property=\"og:image\" content=\"https:\/\/favorite-news.com\/pt\/wp-content\/uploads\/sites\/2\/2021\/02\/Onze-seminarios-digitais-Costa-apresenta-plano-aos-parceiros-sociais.jpg\" \/>\n\t<meta property=\"og:image:width\" content=\"1200\" \/>\n\t<meta property=\"og:image:height\" content=\"800\" \/>\n\t<meta property=\"og:image:type\" content=\"image\/jpeg\" \/>\n<meta name=\"author\" content=\"favorite-news\" \/>\n<meta name=\"twitter:card\" content=\"summary_large_image\" \/>\n<meta name=\"twitter:label1\" content=\"Escrito por\" \/>\n\t<meta name=\"twitter:data1\" content=\"favorite-news\" \/>\n\t<meta name=\"twitter:label2\" content=\"Tempo estimado de leitura\" \/>\n\t<meta name=\"twitter:data2\" content=\"3 minutos\" \/>\n<script type=\"application\/ld+json\" class=\"yoast-schema-graph\">{\"@context\":\"https:\\\/\\\/schema.org\",\"@graph\":[{\"@type\":\"Article\",\"@id\":\"https:\\\/\\\/favorite-news.com\\\/pt\\\/onze-seminarios-digitais-costa-apresenta-plano-aos-parceiros-sociais-zap\\\/#article\",\"isPartOf\":{\"@id\":\"https:\\\/\\\/favorite-news.com\\\/pt\\\/onze-seminarios-digitais-costa-apresenta-plano-aos-parceiros-sociais-zap\\\/\"},\"author\":{\"name\":\"favorite-news\",\"@id\":\"https:\\\/\\\/favorite-news.com\\\/pt\\\/#\\\/schema\\\/person\\\/b91573b717dcfa5e4696032a9d28d3e8\"},\"headline\":\"Onze semin\u00e1rios digitais. Costa apresenta plano aos parceiros sociais &#8211; ZAP\",\"datePublished\":\"2021-02-21T23:10:13+00:00\",\"dateModified\":\"2021-02-21T23:10:16+00:00\",\"mainEntityOfPage\":{\"@id\":\"https:\\\/\\\/favorite-news.com\\\/pt\\\/onze-seminarios-digitais-costa-apresenta-plano-aos-parceiros-sociais-zap\\\/\"},\"wordCount\":628,\"commentCount\":0,\"image\":{\"@id\":\"https:\\\/\\\/favorite-news.com\\\/pt\\\/onze-seminarios-digitais-costa-apresenta-plano-aos-parceiros-sociais-zap\\\/#primaryimage\"},\"thumbnailUrl\":\"https:\\\/\\\/favorite-news.com\\\/pt\\\/wp-content\\\/uploads\\\/sites\\\/2\\\/2021\\\/02\\\/Onze-seminarios-digitais-Costa-apresenta-plano-aos-parceiros-sociais.jpg\",\"articleSection\":[\"NOT\u00cdCIAS FINANCEIRAS\"],\"inLanguage\":\"pt-PT\",\"potentialAction\":[{\"@type\":\"CommentAction\",\"name\":\"Comment\",\"target\":[\"https:\\\/\\\/favorite-news.com\\\/pt\\\/onze-seminarios-digitais-costa-apresenta-plano-aos-parceiros-sociais-zap\\\/#respond\"]}]},{\"@type\":\"WebPage\",\"@id\":\"https:\\\/\\\/favorite-news.com\\\/pt\\\/onze-seminarios-digitais-costa-apresenta-plano-aos-parceiros-sociais-zap\\\/\",\"url\":\"https:\\\/\\\/favorite-news.com\\\/pt\\\/onze-seminarios-digitais-costa-apresenta-plano-aos-parceiros-sociais-zap\\\/\",\"name\":\"Onze semin\u00e1rios digitais. Costa apresenta plano aos parceiros sociais - ZAP - Favorite News\",\"isPartOf\":{\"@id\":\"https:\\\/\\\/favorite-news.com\\\/pt\\\/#website\"},\"primaryImageOfPage\":{\"@id\":\"https:\\\/\\\/favorite-news.com\\\/pt\\\/onze-seminarios-digitais-costa-apresenta-plano-aos-parceiros-sociais-zap\\\/#primaryimage\"},\"image\":{\"@id\":\"https:\\\/\\\/favorite-news.com\\\/pt\\\/onze-seminarios-digitais-costa-apresenta-plano-aos-parceiros-sociais-zap\\\/#primaryimage\"},\"thumbnailUrl\":\"https:\\\/\\\/favorite-news.com\\\/pt\\\/wp-content\\\/uploads\\\/sites\\\/2\\\/2021\\\/02\\\/Onze-seminarios-digitais-Costa-apresenta-plano-aos-parceiros-sociais.jpg\",\"datePublished\":\"2021-02-21T23:10:13+00:00\",\"dateModified\":\"2021-02-21T23:10:16+00:00\",\"author\":{\"@id\":\"https:\\\/\\\/favorite-news.com\\\/pt\\\/#\\\/schema\\\/person\\\/b91573b717dcfa5e4696032a9d28d3e8\"},\"breadcrumb\":{\"@id\":\"https:\\\/\\\/favorite-news.com\\\/pt\\\/onze-seminarios-digitais-costa-apresenta-plano-aos-parceiros-sociais-zap\\\/#breadcrumb\"},\"inLanguage\":\"pt-PT\",\"potentialAction\":[{\"@type\":\"ReadAction\",\"target\":[\"https:\\\/\\\/favorite-news.com\\\/pt\\\/onze-seminarios-digitais-costa-apresenta-plano-aos-parceiros-sociais-zap\\\/\"]}]},{\"@type\":\"ImageObject\",\"inLanguage\":\"pt-PT\",\"@id\":\"https:\\\/\\\/favorite-news.com\\\/pt\\\/onze-seminarios-digitais-costa-apresenta-plano-aos-parceiros-sociais-zap\\\/#primaryimage\",\"url\":\"https:\\\/\\\/favorite-news.com\\\/pt\\\/wp-content\\\/uploads\\\/sites\\\/2\\\/2021\\\/02\\\/Onze-seminarios-digitais-Costa-apresenta-plano-aos-parceiros-sociais.jpg\",\"contentUrl\":\"https:\\\/\\\/favorite-news.com\\\/pt\\\/wp-content\\\/uploads\\\/sites\\\/2\\\/2021\\\/02\\\/Onze-seminarios-digitais-Costa-apresenta-plano-aos-parceiros-sociais.jpg\",\"width\":1200,\"height\":800,\"caption\":\"Onze semin\u00e1rios digitais. Costa apresenta plano aos parceiros sociais - ZAP\"},{\"@type\":\"BreadcrumbList\",\"@id\":\"https:\\\/\\\/favorite-news.com\\\/pt\\\/onze-seminarios-digitais-costa-apresenta-plano-aos-parceiros-sociais-zap\\\/#breadcrumb\",\"itemListElement\":[{\"@type\":\"ListItem\",\"position\":1,\"name\":\"Home\",\"item\":\"https:\\\/\\\/favorite-news.com\\\/pt\\\/\"},{\"@type\":\"ListItem\",\"position\":2,\"name\":\"Onze semin\u00e1rios digitais. Costa apresenta plano aos parceiros sociais &#8211; ZAP\"}]},{\"@type\":\"WebSite\",\"@id\":\"https:\\\/\\\/favorite-news.com\\\/pt\\\/#website\",\"url\":\"https:\\\/\\\/favorite-news.com\\\/pt\\\/\",\"name\":\"Favorite News\",\"description\":\"Favorite News Portugal\",\"potentialAction\":[{\"@type\":\"SearchAction\",\"target\":{\"@type\":\"EntryPoint\",\"urlTemplate\":\"https:\\\/\\\/favorite-news.com\\\/pt\\\/?s={search_term_string}\"},\"query-input\":{\"@type\":\"PropertyValueSpecification\",\"valueRequired\":true,\"valueName\":\"search_term_string\"}}],\"inLanguage\":\"pt-PT\"},{\"@type\":\"Person\",\"@id\":\"https:\\\/\\\/favorite-news.com\\\/pt\\\/#\\\/schema\\\/person\\\/b91573b717dcfa5e4696032a9d28d3e8\",\"name\":\"favorite-news\",\"image\":{\"@type\":\"ImageObject\",\"inLanguage\":\"pt-PT\",\"@id\":\"https:\\\/\\\/secure.gravatar.com\\\/avatar\\\/6c5a5cb12b74e9d517ee91cf570335b7d16177f1977cc91db161adfa435945a7?s=96&d=mm&r=g\",\"url\":\"https:\\\/\\\/secure.gravatar.com\\\/avatar\\\/6c5a5cb12b74e9d517ee91cf570335b7d16177f1977cc91db161adfa435945a7?s=96&d=mm&r=g\",\"contentUrl\":\"https:\\\/\\\/secure.gravatar.com\\\/avatar\\\/6c5a5cb12b74e9d517ee91cf570335b7d16177f1977cc91db161adfa435945a7?s=96&d=mm&r=g\",\"caption\":\"favorite-news\"},\"url\":\"https:\\\/\\\/favorite-news.com\\\/pt\\\/author\\\/pt\\\/\"}]}<\/script>\n<!-- \/ Yoast SEO plugin. -->","yoast_head_json":{"title":"Onze semin\u00e1rios digitais. Costa apresenta plano aos parceiros sociais - ZAP - Favorite News","robots":{"index":"index","follow":"follow","max-snippet":"max-snippet:-1","max-image-preview":"max-image-preview:large","max-video-preview":"max-video-preview:-1"},"canonical":"https:\/\/favorite-news.com\/pt\/onze-seminarios-digitais-costa-apresenta-plano-aos-parceiros-sociais-zap\/","og_locale":"pt_PT","og_type":"article","og_title":"Onze semin\u00e1rios digitais. Costa apresenta plano aos parceiros sociais - ZAP - Favorite News","og_description":"Francisco Seco \/ EPA O primeiro-ministro vai apresentar na ter\u00e7a-feira o Plano de Recupera\u00e7\u00e3o e Resili\u00eancia (PRR) aos parceiros sociais, em reuni\u00e3o do Conselho Econ\u00f3mico e Social, e o Governo ir\u00e1 promover um conjunto de semin\u00e1rios de debate sobre este documento. De acordo com uma nota enviada \u00e0 comunica\u00e7\u00e3o social, depois de ter colocado este [&hellip;]","og_url":"https:\/\/favorite-news.com\/pt\/onze-seminarios-digitais-costa-apresenta-plano-aos-parceiros-sociais-zap\/","og_site_name":"Favorite News","article_published_time":"2021-02-21T23:10:13+00:00","article_modified_time":"2021-02-21T23:10:16+00:00","og_image":[{"width":1200,"height":800,"url":"https:\/\/favorite-news.com\/pt\/wp-content\/uploads\/sites\/2\/2021\/02\/Onze-seminarios-digitais-Costa-apresenta-plano-aos-parceiros-sociais.jpg","type":"image\/jpeg"}],"author":"favorite-news","twitter_card":"summary_large_image","twitter_misc":{"Escrito por":"favorite-news","Tempo estimado de leitura":"3 minutos"},"schema":{"@context":"https:\/\/schema.org","@graph":[{"@type":"Article","@id":"https:\/\/favorite-news.com\/pt\/onze-seminarios-digitais-costa-apresenta-plano-aos-parceiros-sociais-zap\/#article","isPartOf":{"@id":"https:\/\/favorite-news.com\/pt\/onze-seminarios-digitais-costa-apresenta-plano-aos-parceiros-sociais-zap\/"},"author":{"name":"favorite-news","@id":"https:\/\/favorite-news.com\/pt\/#\/schema\/person\/b91573b717dcfa5e4696032a9d28d3e8"},"headline":"Onze semin\u00e1rios digitais. Costa apresenta plano aos parceiros sociais &#8211; ZAP","datePublished":"2021-02-21T23:10:13+00:00","dateModified":"2021-02-21T23:10:16+00:00","mainEntityOfPage":{"@id":"https:\/\/favorite-news.com\/pt\/onze-seminarios-digitais-costa-apresenta-plano-aos-parceiros-sociais-zap\/"},"wordCount":628,"commentCount":0,"image":{"@id":"https:\/\/favorite-news.com\/pt\/onze-seminarios-digitais-costa-apresenta-plano-aos-parceiros-sociais-zap\/#primaryimage"},"thumbnailUrl":"https:\/\/favorite-news.com\/pt\/wp-content\/uploads\/sites\/2\/2021\/02\/Onze-seminarios-digitais-Costa-apresenta-plano-aos-parceiros-sociais.jpg","articleSection":["NOT\u00cdCIAS FINANCEIRAS"],"inLanguage":"pt-PT","potentialAction":[{"@type":"CommentAction","name":"Comment","target":["https:\/\/favorite-news.com\/pt\/onze-seminarios-digitais-costa-apresenta-plano-aos-parceiros-sociais-zap\/#respond"]}]},{"@type":"WebPage","@id":"https:\/\/favorite-news.com\/pt\/onze-seminarios-digitais-costa-apresenta-plano-aos-parceiros-sociais-zap\/","url":"https:\/\/favorite-news.com\/pt\/onze-seminarios-digitais-costa-apresenta-plano-aos-parceiros-sociais-zap\/","name":"Onze semin\u00e1rios digitais. Costa apresenta plano aos parceiros sociais - ZAP - Favorite News","isPartOf":{"@id":"https:\/\/favorite-news.com\/pt\/#website"},"primaryImageOfPage":{"@id":"https:\/\/favorite-news.com\/pt\/onze-seminarios-digitais-costa-apresenta-plano-aos-parceiros-sociais-zap\/#primaryimage"},"image":{"@id":"https:\/\/favorite-news.com\/pt\/onze-seminarios-digitais-costa-apresenta-plano-aos-parceiros-sociais-zap\/#primaryimage"},"thumbnailUrl":"https:\/\/favorite-news.com\/pt\/wp-content\/uploads\/sites\/2\/2021\/02\/Onze-seminarios-digitais-Costa-apresenta-plano-aos-parceiros-sociais.jpg","datePublished":"2021-02-21T23:10:13+00:00","dateModified":"2021-02-21T23:10:16+00:00","author":{"@id":"https:\/\/favorite-news.com\/pt\/#\/schema\/person\/b91573b717dcfa5e4696032a9d28d3e8"},"breadcrumb":{"@id":"https:\/\/favorite-news.com\/pt\/onze-seminarios-digitais-costa-apresenta-plano-aos-parceiros-sociais-zap\/#breadcrumb"},"inLanguage":"pt-PT","potentialAction":[{"@type":"ReadAction","target":["https:\/\/favorite-news.com\/pt\/onze-seminarios-digitais-costa-apresenta-plano-aos-parceiros-sociais-zap\/"]}]},{"@type":"ImageObject","inLanguage":"pt-PT","@id":"https:\/\/favorite-news.com\/pt\/onze-seminarios-digitais-costa-apresenta-plano-aos-parceiros-sociais-zap\/#primaryimage","url":"https:\/\/favorite-news.com\/pt\/wp-content\/uploads\/sites\/2\/2021\/02\/Onze-seminarios-digitais-Costa-apresenta-plano-aos-parceiros-sociais.jpg","contentUrl":"https:\/\/favorite-news.com\/pt\/wp-content\/uploads\/sites\/2\/2021\/02\/Onze-seminarios-digitais-Costa-apresenta-plano-aos-parceiros-sociais.jpg","width":1200,"height":800,"caption":"Onze semin\u00e1rios digitais. Costa apresenta plano aos parceiros sociais - ZAP"},{"@type":"BreadcrumbList","@id":"https:\/\/favorite-news.com\/pt\/onze-seminarios-digitais-costa-apresenta-plano-aos-parceiros-sociais-zap\/#breadcrumb","itemListElement":[{"@type":"ListItem","position":1,"name":"Home","item":"https:\/\/favorite-news.com\/pt\/"},{"@type":"ListItem","position":2,"name":"Onze semin\u00e1rios digitais. Costa apresenta plano aos parceiros sociais &#8211; ZAP"}]},{"@type":"WebSite","@id":"https:\/\/favorite-news.com\/pt\/#website","url":"https:\/\/favorite-news.com\/pt\/","name":"Favorite News","description":"Favorite News Portugal","potentialAction":[{"@type":"SearchAction","target":{"@type":"EntryPoint","urlTemplate":"https:\/\/favorite-news.com\/pt\/?s={search_term_string}"},"query-input":{"@type":"PropertyValueSpecification","valueRequired":true,"valueName":"search_term_string"}}],"inLanguage":"pt-PT"},{"@type":"Person","@id":"https:\/\/favorite-news.com\/pt\/#\/schema\/person\/b91573b717dcfa5e4696032a9d28d3e8","name":"favorite-news","image":{"@type":"ImageObject","inLanguage":"pt-PT","@id":"https:\/\/secure.gravatar.com\/avatar\/6c5a5cb12b74e9d517ee91cf570335b7d16177f1977cc91db161adfa435945a7?s=96&d=mm&r=g","url":"https:\/\/secure.gravatar.com\/avatar\/6c5a5cb12b74e9d517ee91cf570335b7d16177f1977cc91db161adfa435945a7?s=96&d=mm&r=g","contentUrl":"https:\/\/secure.gravatar.com\/avatar\/6c5a5cb12b74e9d517ee91cf570335b7d16177f1977cc91db161adfa435945a7?s=96&d=mm&r=g","caption":"favorite-news"},"url":"https:\/\/favorite-news.com\/pt\/author\/pt\/"}]}},"_links":{"self":[{"href":"https:\/\/favorite-news.com\/pt\/wp-json\/wp\/v2\/posts\/9097","targetHints":{"allow":["GET"]}}],"collection":[{"href":"https:\/\/favorite-news.com\/pt\/wp-json\/wp\/v2\/posts"}],"about":[{"href":"https:\/\/favorite-news.com\/pt\/wp-json\/wp\/v2\/types\/post"}],"author":[{"embeddable":true,"href":"https:\/\/favorite-news.com\/pt\/wp-json\/wp\/v2\/users\/2"}],"replies":[{"embeddable":true,"href":"https:\/\/favorite-news.com\/pt\/wp-json\/wp\/v2\/comments?post=9097"}],"version-history":[{"count":1,"href":"https:\/\/favorite-news.com\/pt\/wp-json\/wp\/v2\/posts\/9097\/revisions"}],"predecessor-version":[{"id":9099,"href":"https:\/\/favorite-news.com\/pt\/wp-json\/wp\/v2\/posts\/9097\/revisions\/9099"}],"wp:featuredmedia":[{"embeddable":true,"href":"https:\/\/favorite-news.com\/pt\/wp-json\/wp\/v2\/media\/9098"}],"wp:attachment":[{"href":"https:\/\/favorite-news.com\/pt\/wp-json\/wp\/v2\/media?parent=9097"}],"wp:term":[{"taxonomy":"category","embeddable":true,"href":"https:\/\/favorite-news.com\/pt\/wp-json\/wp\/v2\/categories?post=9097"},{"taxonomy":"post_tag","embeddable":true,"href":"https:\/\/favorite-news.com\/pt\/wp-json\/wp\/v2\/tags?post=9097"}],"curies":[{"name":"wp","href":"https:\/\/api.w.org\/{rel}","templated":true}]}}