{"id":9091,"date":"2021-02-21T13:53:19","date_gmt":"2021-02-21T10:53:19","guid":{"rendered":"https:\/\/favorite-news.com\/pt\/governo-da-mais-quatro-dias-para-empresas-pagarem-iva\/"},"modified":"2021-02-21T13:53:21","modified_gmt":"2021-02-21T10:53:21","slug":"governo-da-mais-quatro-dias-para-empresas-pagarem-iva","status":"publish","type":"post","link":"https:\/\/favorite-news.com\/pt\/governo-da-mais-quatro-dias-para-empresas-pagarem-iva\/","title":{"rendered":"Governo d\u00e1 mais quatro dias para empresas pagarem IVA"},"content":{"rendered":"<p>        troismarteaux \/ Flickr<br \/>\nO Governo decidiu adiar a data-limite, pelo que as empresas e os trabalhadores independentes v\u00e3o ter mais quatro dias para pagar o IVA ao Estado.<\/p>\n<p>A not\u00edcia \u00e9 avan\u00e7ada esta sexta-feira pelo jornal P\u00fablico, que escreve que o Governo decidiu dar \u00e0s empresas e trabalhadores independentes mais quatro dias para entregarem o IVA ao Estado. O prazo limite estava fixado em 25 de fevereiro, mas foi alargado at\u00e9 1 de mar\u00e7o.<br \/>\nA extens\u00e3o do prazo foi decidida atrav\u00e9s de um despacho do secret\u00e1rio de Estado dos Assuntos Fiscais, Ant\u00f3nio Mendon\u00e7a Mendes. O adiamento abrange os contribuintes no regime trimestral (volume de neg\u00f3cios anual abaixo de 650 mil euros) e no regime mensal (volume de neg\u00f3cios acima de 650 mil euros).<br \/>\nAs declara\u00e7\u00f5es peri\u00f3dicas do IVA a entregar em fevereiro poder\u00e3o ser submetidas at\u00e9 dia 24 \u201csem quaisquer acr\u00e9scimos ou penalidades\u201d para ambos os regimes. O valor do IVA a pagamento no primeiro semestre de 2021 pode ser pago em tr\u00eas ou seis presta\u00e7\u00f5es mensais.<\/p>\n<p>O di\u00e1rio questionou o secret\u00e1rio de Estado dos Assuntos Fiscais, na semana passada, sobre se, al\u00e9m do plano de flexibiliza\u00e7\u00e3o dos pagamentos do IVA, o Governo estava a prever algum adiamento adicional do IVA a entregar em fevereiro.<br \/>\nO gabinete do secret\u00e1rio de Estado respondeu que o atual plano de flexibiliza\u00e7\u00e3o \u00e9 poss\u00edvel para os trabalhadores independentes e as empresas, \u201cindependentemente de eventuais restri\u00e7\u00f5es \u00e0 atividade\u201d.<br \/>\n ZAP \/\/ <\/p>\n<p>\n<!--noindex--><br \/>\n<a href=\"https:\/\/zap.aeiou.pt\/governo-4-dias-pagarem-iva-381808\" rel=\"nofollow\">Source link <\/a><br \/>\n<!--\/noindex--><\/p>\n","protected":false},"excerpt":{"rendered":"<p>troismarteaux \/ Flickr O Governo decidiu adiar a data-limite, pelo que as empresas e os trabalhadores independentes v\u00e3o ter mais quatro dias para pagar o IVA ao Estado. A not\u00edcia \u00e9 avan\u00e7ada esta sexta-feira pelo jornal P\u00fablico, que escreve que o Governo decidiu dar \u00e0s empresas e trabalhadores independentes mais quatro dias para entregarem o [&hellip;]<\/p>\n","protected":false},"author":2,"featured_media":9092,"comment_status":"open","ping_status":"open","sticky":false,"template":"","format":"standard","meta":{"footnotes":""},"categories":[1],"tags":[],"class_list":["post-9091","post","type-post","status-publish","format-standard","has-post-thumbnail","hentry","category-noticias-financeiras"],"yoast_head":"<!-- This site is optimized with the Yoast SEO plugin v27.4 - https:\/\/yoast.com\/product\/yoast-seo-wordpress\/ -->\n<title>Governo d\u00e1 mais quatro dias para empresas pagarem IVA - Favorite News<\/title>\n<meta name=\"robots\" content=\"index, follow, max-snippet:-1, max-image-preview:large, max-video-preview:-1\" \/>\n<link rel=\"canonical\" href=\"https:\/\/favorite-news.com\/pt\/governo-da-mais-quatro-dias-para-empresas-pagarem-iva\/\" \/>\n<meta property=\"og:locale\" content=\"pt_PT\" \/>\n<meta property=\"og:type\" content=\"article\" \/>\n<meta property=\"og:title\" content=\"Governo d\u00e1 mais quatro dias para empresas pagarem IVA - Favorite News\" \/>\n<meta property=\"og:description\" content=\"troismarteaux \/ Flickr O Governo decidiu adiar a data-limite, pelo que as empresas e os trabalhadores independentes v\u00e3o ter mais quatro dias para pagar o IVA ao Estado. A not\u00edcia \u00e9 avan\u00e7ada esta sexta-feira pelo jornal P\u00fablico, que escreve que o Governo decidiu dar \u00e0s empresas e trabalhadores independentes mais quatro dias para entregarem o [&hellip;]\" \/>\n<meta property=\"og:url\" content=\"https:\/\/favorite-news.com\/pt\/governo-da-mais-quatro-dias-para-empresas-pagarem-iva\/\" \/>\n<meta property=\"og:site_name\" content=\"Favorite News\" \/>\n<meta property=\"article:published_time\" content=\"2021-02-21T10:53:19+00:00\" \/>\n<meta property=\"article:modified_time\" content=\"2021-02-21T10:53:21+00:00\" \/>\n<meta property=\"og:image\" content=\"https:\/\/favorite-news.com\/pt\/wp-content\/uploads\/sites\/2\/2021\/02\/Governo-da-mais-quatro-dias-para-empresas-pagarem-IVA.jpg\" \/>\n\t<meta property=\"og:image:width\" content=\"800\" \/>\n\t<meta property=\"og:image:height\" content=\"533\" \/>\n\t<meta property=\"og:image:type\" content=\"image\/jpeg\" \/>\n<meta name=\"author\" content=\"favorite-news\" \/>\n<meta name=\"twitter:card\" content=\"summary_large_image\" \/>\n<meta name=\"twitter:label1\" content=\"Escrito por\" \/>\n\t<meta name=\"twitter:data1\" content=\"favorite-news\" \/>\n\t<meta name=\"twitter:label2\" content=\"Tempo estimado de leitura\" \/>\n\t<meta name=\"twitter:data2\" content=\"1 minuto\" \/>\n<script type=\"application\/ld+json\" class=\"yoast-schema-graph\">{\"@context\":\"https:\\\/\\\/schema.org\",\"@graph\":[{\"@type\":\"Article\",\"@id\":\"https:\\\/\\\/favorite-news.com\\\/pt\\\/governo-da-mais-quatro-dias-para-empresas-pagarem-iva\\\/#article\",\"isPartOf\":{\"@id\":\"https:\\\/\\\/favorite-news.com\\\/pt\\\/governo-da-mais-quatro-dias-para-empresas-pagarem-iva\\\/\"},\"author\":{\"name\":\"favorite-news\",\"@id\":\"https:\\\/\\\/favorite-news.com\\\/pt\\\/#\\\/schema\\\/person\\\/b91573b717dcfa5e4696032a9d28d3e8\"},\"headline\":\"Governo d\u00e1 mais quatro dias para empresas pagarem IVA\",\"datePublished\":\"2021-02-21T10:53:19+00:00\",\"dateModified\":\"2021-02-21T10:53:21+00:00\",\"mainEntityOfPage\":{\"@id\":\"https:\\\/\\\/favorite-news.com\\\/pt\\\/governo-da-mais-quatro-dias-para-empresas-pagarem-iva\\\/\"},\"wordCount\":261,\"commentCount\":0,\"image\":{\"@id\":\"https:\\\/\\\/favorite-news.com\\\/pt\\\/governo-da-mais-quatro-dias-para-empresas-pagarem-iva\\\/#primaryimage\"},\"thumbnailUrl\":\"https:\\\/\\\/favorite-news.com\\\/pt\\\/wp-content\\\/uploads\\\/sites\\\/2\\\/2021\\\/02\\\/Governo-da-mais-quatro-dias-para-empresas-pagarem-IVA.jpg\",\"articleSection\":[\"NOT\u00cdCIAS FINANCEIRAS\"],\"inLanguage\":\"pt-PT\",\"potentialAction\":[{\"@type\":\"CommentAction\",\"name\":\"Comment\",\"target\":[\"https:\\\/\\\/favorite-news.com\\\/pt\\\/governo-da-mais-quatro-dias-para-empresas-pagarem-iva\\\/#respond\"]}]},{\"@type\":\"WebPage\",\"@id\":\"https:\\\/\\\/favorite-news.com\\\/pt\\\/governo-da-mais-quatro-dias-para-empresas-pagarem-iva\\\/\",\"url\":\"https:\\\/\\\/favorite-news.com\\\/pt\\\/governo-da-mais-quatro-dias-para-empresas-pagarem-iva\\\/\",\"name\":\"Governo d\u00e1 mais quatro dias para empresas pagarem IVA - Favorite News\",\"isPartOf\":{\"@id\":\"https:\\\/\\\/favorite-news.com\\\/pt\\\/#website\"},\"primaryImageOfPage\":{\"@id\":\"https:\\\/\\\/favorite-news.com\\\/pt\\\/governo-da-mais-quatro-dias-para-empresas-pagarem-iva\\\/#primaryimage\"},\"image\":{\"@id\":\"https:\\\/\\\/favorite-news.com\\\/pt\\\/governo-da-mais-quatro-dias-para-empresas-pagarem-iva\\\/#primaryimage\"},\"thumbnailUrl\":\"https:\\\/\\\/favorite-news.com\\\/pt\\\/wp-content\\\/uploads\\\/sites\\\/2\\\/2021\\\/02\\\/Governo-da-mais-quatro-dias-para-empresas-pagarem-IVA.jpg\",\"datePublished\":\"2021-02-21T10:53:19+00:00\",\"dateModified\":\"2021-02-21T10:53:21+00:00\",\"author\":{\"@id\":\"https:\\\/\\\/favorite-news.com\\\/pt\\\/#\\\/schema\\\/person\\\/b91573b717dcfa5e4696032a9d28d3e8\"},\"breadcrumb\":{\"@id\":\"https:\\\/\\\/favorite-news.com\\\/pt\\\/governo-da-mais-quatro-dias-para-empresas-pagarem-iva\\\/#breadcrumb\"},\"inLanguage\":\"pt-PT\",\"potentialAction\":[{\"@type\":\"ReadAction\",\"target\":[\"https:\\\/\\\/favorite-news.com\\\/pt\\\/governo-da-mais-quatro-dias-para-empresas-pagarem-iva\\\/\"]}]},{\"@type\":\"ImageObject\",\"inLanguage\":\"pt-PT\",\"@id\":\"https:\\\/\\\/favorite-news.com\\\/pt\\\/governo-da-mais-quatro-dias-para-empresas-pagarem-iva\\\/#primaryimage\",\"url\":\"https:\\\/\\\/favorite-news.com\\\/pt\\\/wp-content\\\/uploads\\\/sites\\\/2\\\/2021\\\/02\\\/Governo-da-mais-quatro-dias-para-empresas-pagarem-IVA.jpg\",\"contentUrl\":\"https:\\\/\\\/favorite-news.com\\\/pt\\\/wp-content\\\/uploads\\\/sites\\\/2\\\/2021\\\/02\\\/Governo-da-mais-quatro-dias-para-empresas-pagarem-IVA.jpg\",\"width\":800,\"height\":533,\"caption\":\"Governo d\u00e1 mais quatro dias para empresas pagarem IVA\"},{\"@type\":\"BreadcrumbList\",\"@id\":\"https:\\\/\\\/favorite-news.com\\\/pt\\\/governo-da-mais-quatro-dias-para-empresas-pagarem-iva\\\/#breadcrumb\",\"itemListElement\":[{\"@type\":\"ListItem\",\"position\":1,\"name\":\"Home\",\"item\":\"https:\\\/\\\/favorite-news.com\\\/pt\\\/\"},{\"@type\":\"ListItem\",\"position\":2,\"name\":\"Governo d\u00e1 mais quatro dias para empresas pagarem IVA\"}]},{\"@type\":\"WebSite\",\"@id\":\"https:\\\/\\\/favorite-news.com\\\/pt\\\/#website\",\"url\":\"https:\\\/\\\/favorite-news.com\\\/pt\\\/\",\"name\":\"Favorite News\",\"description\":\"Favorite News Portugal\",\"potentialAction\":[{\"@type\":\"SearchAction\",\"target\":{\"@type\":\"EntryPoint\",\"urlTemplate\":\"https:\\\/\\\/favorite-news.com\\\/pt\\\/?s={search_term_string}\"},\"query-input\":{\"@type\":\"PropertyValueSpecification\",\"valueRequired\":true,\"valueName\":\"search_term_string\"}}],\"inLanguage\":\"pt-PT\"},{\"@type\":\"Person\",\"@id\":\"https:\\\/\\\/favorite-news.com\\\/pt\\\/#\\\/schema\\\/person\\\/b91573b717dcfa5e4696032a9d28d3e8\",\"name\":\"favorite-news\",\"image\":{\"@type\":\"ImageObject\",\"inLanguage\":\"pt-PT\",\"@id\":\"https:\\\/\\\/secure.gravatar.com\\\/avatar\\\/6c5a5cb12b74e9d517ee91cf570335b7d16177f1977cc91db161adfa435945a7?s=96&d=mm&r=g\",\"url\":\"https:\\\/\\\/secure.gravatar.com\\\/avatar\\\/6c5a5cb12b74e9d517ee91cf570335b7d16177f1977cc91db161adfa435945a7?s=96&d=mm&r=g\",\"contentUrl\":\"https:\\\/\\\/secure.gravatar.com\\\/avatar\\\/6c5a5cb12b74e9d517ee91cf570335b7d16177f1977cc91db161adfa435945a7?s=96&d=mm&r=g\",\"caption\":\"favorite-news\"},\"url\":\"https:\\\/\\\/favorite-news.com\\\/pt\\\/author\\\/pt\\\/\"}]}<\/script>\n<!-- \/ Yoast SEO plugin. -->","yoast_head_json":{"title":"Governo d\u00e1 mais quatro dias para empresas pagarem IVA - Favorite News","robots":{"index":"index","follow":"follow","max-snippet":"max-snippet:-1","max-image-preview":"max-image-preview:large","max-video-preview":"max-video-preview:-1"},"canonical":"https:\/\/favorite-news.com\/pt\/governo-da-mais-quatro-dias-para-empresas-pagarem-iva\/","og_locale":"pt_PT","og_type":"article","og_title":"Governo d\u00e1 mais quatro dias para empresas pagarem IVA - Favorite News","og_description":"troismarteaux \/ Flickr O Governo decidiu adiar a data-limite, pelo que as empresas e os trabalhadores independentes v\u00e3o ter mais quatro dias para pagar o IVA ao Estado. A not\u00edcia \u00e9 avan\u00e7ada esta sexta-feira pelo jornal P\u00fablico, que escreve que o Governo decidiu dar \u00e0s empresas e trabalhadores independentes mais quatro dias para entregarem o [&hellip;]","og_url":"https:\/\/favorite-news.com\/pt\/governo-da-mais-quatro-dias-para-empresas-pagarem-iva\/","og_site_name":"Favorite News","article_published_time":"2021-02-21T10:53:19+00:00","article_modified_time":"2021-02-21T10:53:21+00:00","og_image":[{"width":800,"height":533,"url":"https:\/\/favorite-news.com\/pt\/wp-content\/uploads\/sites\/2\/2021\/02\/Governo-da-mais-quatro-dias-para-empresas-pagarem-IVA.jpg","type":"image\/jpeg"}],"author":"favorite-news","twitter_card":"summary_large_image","twitter_misc":{"Escrito por":"favorite-news","Tempo estimado de leitura":"1 minuto"},"schema":{"@context":"https:\/\/schema.org","@graph":[{"@type":"Article","@id":"https:\/\/favorite-news.com\/pt\/governo-da-mais-quatro-dias-para-empresas-pagarem-iva\/#article","isPartOf":{"@id":"https:\/\/favorite-news.com\/pt\/governo-da-mais-quatro-dias-para-empresas-pagarem-iva\/"},"author":{"name":"favorite-news","@id":"https:\/\/favorite-news.com\/pt\/#\/schema\/person\/b91573b717dcfa5e4696032a9d28d3e8"},"headline":"Governo d\u00e1 mais quatro dias para empresas pagarem IVA","datePublished":"2021-02-21T10:53:19+00:00","dateModified":"2021-02-21T10:53:21+00:00","mainEntityOfPage":{"@id":"https:\/\/favorite-news.com\/pt\/governo-da-mais-quatro-dias-para-empresas-pagarem-iva\/"},"wordCount":261,"commentCount":0,"image":{"@id":"https:\/\/favorite-news.com\/pt\/governo-da-mais-quatro-dias-para-empresas-pagarem-iva\/#primaryimage"},"thumbnailUrl":"https:\/\/favorite-news.com\/pt\/wp-content\/uploads\/sites\/2\/2021\/02\/Governo-da-mais-quatro-dias-para-empresas-pagarem-IVA.jpg","articleSection":["NOT\u00cdCIAS FINANCEIRAS"],"inLanguage":"pt-PT","potentialAction":[{"@type":"CommentAction","name":"Comment","target":["https:\/\/favorite-news.com\/pt\/governo-da-mais-quatro-dias-para-empresas-pagarem-iva\/#respond"]}]},{"@type":"WebPage","@id":"https:\/\/favorite-news.com\/pt\/governo-da-mais-quatro-dias-para-empresas-pagarem-iva\/","url":"https:\/\/favorite-news.com\/pt\/governo-da-mais-quatro-dias-para-empresas-pagarem-iva\/","name":"Governo d\u00e1 mais quatro dias para empresas pagarem IVA - Favorite News","isPartOf":{"@id":"https:\/\/favorite-news.com\/pt\/#website"},"primaryImageOfPage":{"@id":"https:\/\/favorite-news.com\/pt\/governo-da-mais-quatro-dias-para-empresas-pagarem-iva\/#primaryimage"},"image":{"@id":"https:\/\/favorite-news.com\/pt\/governo-da-mais-quatro-dias-para-empresas-pagarem-iva\/#primaryimage"},"thumbnailUrl":"https:\/\/favorite-news.com\/pt\/wp-content\/uploads\/sites\/2\/2021\/02\/Governo-da-mais-quatro-dias-para-empresas-pagarem-IVA.jpg","datePublished":"2021-02-21T10:53:19+00:00","dateModified":"2021-02-21T10:53:21+00:00","author":{"@id":"https:\/\/favorite-news.com\/pt\/#\/schema\/person\/b91573b717dcfa5e4696032a9d28d3e8"},"breadcrumb":{"@id":"https:\/\/favorite-news.com\/pt\/governo-da-mais-quatro-dias-para-empresas-pagarem-iva\/#breadcrumb"},"inLanguage":"pt-PT","potentialAction":[{"@type":"ReadAction","target":["https:\/\/favorite-news.com\/pt\/governo-da-mais-quatro-dias-para-empresas-pagarem-iva\/"]}]},{"@type":"ImageObject","inLanguage":"pt-PT","@id":"https:\/\/favorite-news.com\/pt\/governo-da-mais-quatro-dias-para-empresas-pagarem-iva\/#primaryimage","url":"https:\/\/favorite-news.com\/pt\/wp-content\/uploads\/sites\/2\/2021\/02\/Governo-da-mais-quatro-dias-para-empresas-pagarem-IVA.jpg","contentUrl":"https:\/\/favorite-news.com\/pt\/wp-content\/uploads\/sites\/2\/2021\/02\/Governo-da-mais-quatro-dias-para-empresas-pagarem-IVA.jpg","width":800,"height":533,"caption":"Governo d\u00e1 mais quatro dias para empresas pagarem IVA"},{"@type":"BreadcrumbList","@id":"https:\/\/favorite-news.com\/pt\/governo-da-mais-quatro-dias-para-empresas-pagarem-iva\/#breadcrumb","itemListElement":[{"@type":"ListItem","position":1,"name":"Home","item":"https:\/\/favorite-news.com\/pt\/"},{"@type":"ListItem","position":2,"name":"Governo d\u00e1 mais quatro dias para empresas pagarem IVA"}]},{"@type":"WebSite","@id":"https:\/\/favorite-news.com\/pt\/#website","url":"https:\/\/favorite-news.com\/pt\/","name":"Favorite News","description":"Favorite News Portugal","potentialAction":[{"@type":"SearchAction","target":{"@type":"EntryPoint","urlTemplate":"https:\/\/favorite-news.com\/pt\/?s={search_term_string}"},"query-input":{"@type":"PropertyValueSpecification","valueRequired":true,"valueName":"search_term_string"}}],"inLanguage":"pt-PT"},{"@type":"Person","@id":"https:\/\/favorite-news.com\/pt\/#\/schema\/person\/b91573b717dcfa5e4696032a9d28d3e8","name":"favorite-news","image":{"@type":"ImageObject","inLanguage":"pt-PT","@id":"https:\/\/secure.gravatar.com\/avatar\/6c5a5cb12b74e9d517ee91cf570335b7d16177f1977cc91db161adfa435945a7?s=96&d=mm&r=g","url":"https:\/\/secure.gravatar.com\/avatar\/6c5a5cb12b74e9d517ee91cf570335b7d16177f1977cc91db161adfa435945a7?s=96&d=mm&r=g","contentUrl":"https:\/\/secure.gravatar.com\/avatar\/6c5a5cb12b74e9d517ee91cf570335b7d16177f1977cc91db161adfa435945a7?s=96&d=mm&r=g","caption":"favorite-news"},"url":"https:\/\/favorite-news.com\/pt\/author\/pt\/"}]}},"_links":{"self":[{"href":"https:\/\/favorite-news.com\/pt\/wp-json\/wp\/v2\/posts\/9091","targetHints":{"allow":["GET"]}}],"collection":[{"href":"https:\/\/favorite-news.com\/pt\/wp-json\/wp\/v2\/posts"}],"about":[{"href":"https:\/\/favorite-news.com\/pt\/wp-json\/wp\/v2\/types\/post"}],"author":[{"embeddable":true,"href":"https:\/\/favorite-news.com\/pt\/wp-json\/wp\/v2\/users\/2"}],"replies":[{"embeddable":true,"href":"https:\/\/favorite-news.com\/pt\/wp-json\/wp\/v2\/comments?post=9091"}],"version-history":[{"count":1,"href":"https:\/\/favorite-news.com\/pt\/wp-json\/wp\/v2\/posts\/9091\/revisions"}],"predecessor-version":[{"id":9093,"href":"https:\/\/favorite-news.com\/pt\/wp-json\/wp\/v2\/posts\/9091\/revisions\/9093"}],"wp:featuredmedia":[{"embeddable":true,"href":"https:\/\/favorite-news.com\/pt\/wp-json\/wp\/v2\/media\/9092"}],"wp:attachment":[{"href":"https:\/\/favorite-news.com\/pt\/wp-json\/wp\/v2\/media?parent=9091"}],"wp:term":[{"taxonomy":"category","embeddable":true,"href":"https:\/\/favorite-news.com\/pt\/wp-json\/wp\/v2\/categories?post=9091"},{"taxonomy":"post_tag","embeddable":true,"href":"https:\/\/favorite-news.com\/pt\/wp-json\/wp\/v2\/tags?post=9091"}],"curies":[{"name":"wp","href":"https:\/\/api.w.org\/{rel}","templated":true}]}}