{"id":9001,"date":"2021-02-13T11:06:00","date_gmt":"2021-02-13T08:06:00","guid":{"rendered":"https:\/\/favorite-news.com\/pt\/onde-tudo-comecou-amesterdao-volta-a-ser-o-centro-financeiro-da-europa\/"},"modified":"2021-02-13T11:06:03","modified_gmt":"2021-02-13T08:06:03","slug":"onde-tudo-comecou-amesterdao-volta-a-ser-o-centro-financeiro-da-europa","status":"publish","type":"post","link":"https:\/\/favorite-news.com\/pt\/onde-tudo-comecou-amesterdao-volta-a-ser-o-centro-financeiro-da-europa\/","title":{"rendered":"Onde tudo come\u00e7ou. Amesterd\u00e3o volta a ser o centro financeiro da Europa"},"content":{"rendered":"<p>        Wikimedia<br \/>\nAmesterd\u00e3o destituiu Londres para se tornar o maior centro de negocia\u00e7\u00e3o de a\u00e7\u00f5es da Europa, levando a negocia\u00e7\u00e3o de volta para onde tudo come\u00e7ou.<\/p>\n<p>No in\u00edcio do s\u00e9culo XVII, o centro financeiro do mundo n\u00e3o era Londres, Nova Iorque nem T\u00f3quio. Era um pr\u00e9dio de c\u00e2mbio constru\u00eddo por mercadores no rio Amstel, em Amesterd\u00e3o. Foi a \u00e9poca da Idade de Ouro holandesa, quando a sua ci\u00eancia, cultura e com\u00e9rcio estavam entre os mais celebrados do mundo.<br \/>\nEmbora os certificados de a\u00e7\u00f5es tenham sido emitidos pela primeira vez em 1288, quando a empresa sueca de minera\u00e7\u00e3o de cobre Stora concedeu ao bispo de V\u00e4ster\u00e5s a propriedade de 12,5%, n\u00e3o foi at\u00e9 o in\u00edcio do s\u00e9culo XVII que a negocia\u00e7\u00e3o de a\u00e7\u00f5es organizada come\u00e7ou a surgir.<br \/>\nAconteceu pela primeira vez em Amesterd\u00e3o, quando a Companhia Holandesa das \u00cdndias Orientais emitiu a\u00e7\u00f5es ao p\u00fablico pela primeira vez. Esta foi a primeira oferta p\u00fablica inicial (IPO) do mundo e forneceu o capital para alimentar o crescimento desta trading company para se tornar uma das maiores multinacionais da \u00e9poca.<br \/>\nNo seu auge, a\u00a0Companhia Holandesa das \u00cdndias Orientais valia mais do que a Apple, Google e Facebook juntos.<\/p>\n<p>Dois fatores geogr\u00e1ficos desempenharam um papel importante para que Amesterd\u00e3o se tornasse um importante centro financeiro. Uma parte significativa da famosa plan\u00edcie da Holanda costumava ficar submersa, o que significava que os holandeses costumavam emprestar dinheiro para financiar projetos de recupera\u00e7\u00e3o de terras.<br \/>\nA Holanda tamb\u00e9m foi fortemente urbanizada, com um grande n\u00famero de pessoas dispon\u00edveis e dispostas a investir o seu dinheiro.<br \/>\nOs mercado de futuros, que permitem \u00e0s pessoas apostar no pre\u00e7o futuro de certos ativos, tamb\u00e9m surgiram em Amesterd\u00e3o durante o s\u00e9culo XVII, refletindo a sofistica\u00e7\u00e3o crescente das atividades financeiras na cidade.<br \/>\nA atividade mais not\u00e1vel centrava-se na tulipa, que eram transportadas para pa\u00edses como a\u00a0 Turquia. \u00c0 medida que os pre\u00e7os de alguns bulbos de flores atingiam n\u00edveis extraordinariamente altos e depois desabavam drasticamente, a \u201cmania das tulipas\u201d \u00e9 geralmente considerada a primeira bolha especulativa registada na Hist\u00f3ria.<br \/>\nA ascens\u00e3o de Londres<br \/>\nApesar do dom\u00ednio holand\u00eas inicial no com\u00e9rcio financeiro, o com\u00e9rcio de a\u00e7\u00f5es organizado tomou forma com o advento da Joint Stock Corporation Act no Reino Unido em 1844. Juntamente com a revolu\u00e7\u00e3o industrial, isto estimulou o crescimento das atividades financeiras em Londres.<br \/>\nOs locais e os estrangeiros come\u00e7aram a fazer investimentos, o que permitiu ao Reino Unido atender \u00e0s imensas necessidades de capital durante a revolu\u00e7\u00e3o industrial e foi parte integrante da produtividade sustentada e das melhorias de bem-estar que se seguiram.<br \/>\nMais tarde, outras cidades europeias tamb\u00e9m desenvolveram as suas pr\u00f3prias atividades financeiras, impulsionadas por uma incr\u00edvel expans\u00e3o do com\u00e9rcio multinacional.<br \/>\nO que realmente fez de Londres um \u00edman para a atividade financeira global foi o \u201cBig Bang\u201d de 1986. At\u00e9 ent\u00e3o, a bolsa de valores da cidade estava limitada a parcerias relativamente pequenas de corretores de a\u00e7\u00f5es, formadores de mercado e semelhantes. Por\u00e9m, em 27 de outubro de 1986, reformas abrangentes aboliram v\u00e1rias restri\u00e7\u00f5es \u00e0s transa\u00e7\u00f5es financeiras e \u00e0 concorr\u00eancia, abrindo o com\u00e9rcio a uma s\u00e9rie de novos atores, incluindo estrangeiros.<br \/>\nA cidade de Londres tornou-se uma pot\u00eancia financeira global e cresceria cada vez mais nos 35 anos seguintes.<br \/>\nO efeito Brexit<br \/>\nO acordo comercial firmado entre o Reino Unido e a Uni\u00e3o Europeia (UE) na v\u00e9spera de Natal n\u00e3o cobria servi\u00e7os financeiros. Por enquanto, os financiadores de Londres foram impedidos de certas atividades, como a negocia\u00e7\u00e3o de a\u00e7\u00f5es e t\u00edtulos denominados em euros, que foram transferidos principalmente para Amesterd\u00e3o como resultado.<br \/>\nAmesterd\u00e3o est\u00e1 a emergir como vencedor porque a cidade abriga a sede operacional da bolsa de valores Euronext. As origens da Euronext remontam \u00e0 funda\u00e7\u00e3o da Bolsa de Valores de Amesterd\u00e3o pela Companhia Holandesa das \u00cdndias Orientais, que j\u00e1 h\u00e1 algum tempo \u00e9 a maior bolsa de valores da Europa.<\/p>\n<p>Para continuar como uma pot\u00eancia global, a cidade de Londres espera que os reguladores do Reino Unido e da UE cheguem a um acordo sobre a \u201cequival\u00eancia\u201d, que \u00e9 um sistema que a UE usa para conceder acesso ao mercado dom\u00e9stico a empresas estrangeiras em certas \u00e1reas de servi\u00e7os financeiros. Por\u00e9m, a perspetiva de um acordo parece pequena.<br \/>\nEmbora os efeitos duradouros do Brexit em Londres provavelmente n\u00e3o sejam conhecidos durante anos, o primeiro dia de neg\u00f3cios ap\u00f3s a sa\u00edda do Reino Unido do mercado \u00fanico foi um ponto de viragem simb\u00f3lico.<br \/>\nDados p\u00fablicos de 1 de janeiro mostraram que Londres perdeu quase 45% do volume normal. Al\u00e9m de a\u00e7\u00f5es e t\u00edtulos, outros mercados afetados incluem o com\u00e9rcio de carbono, com mil milh\u00f5es de euros em volumes di\u00e1rios a ser transferidos para a capital holandesa.<br \/>\nQuatrocentos anos ap\u00f3s o in\u00edcio da primeira era da preemin\u00eancia financeira holandesa, Amesterd\u00e3o volta a ser lar para o com\u00e9rcio de a\u00e7\u00f5es do continente.<\/p>\n<p>\n<!--noindex--><br \/>\n<a href=\"https:\/\/zap.aeiou.pt\/onde-tudo-comecou-amesterdao-destitui-londres-e-volta-a-ser-o-380397\" rel=\"nofollow\">Source link <\/a><br \/>\n<!--\/noindex--><\/p>\n","protected":false},"excerpt":{"rendered":"<p>Wikimedia Amesterd\u00e3o destituiu Londres para se tornar o maior centro de negocia\u00e7\u00e3o de a\u00e7\u00f5es da Europa, levando a negocia\u00e7\u00e3o de volta para onde tudo come\u00e7ou. No in\u00edcio do s\u00e9culo XVII, o centro financeiro do mundo n\u00e3o era Londres, Nova Iorque nem T\u00f3quio. Era um pr\u00e9dio de c\u00e2mbio constru\u00eddo por mercadores no rio Amstel, em Amesterd\u00e3o. [&hellip;]<\/p>\n","protected":false},"author":2,"featured_media":9002,"comment_status":"open","ping_status":"open","sticky":false,"template":"","format":"standard","meta":{"footnotes":""},"categories":[1],"tags":[],"class_list":["post-9001","post","type-post","status-publish","format-standard","has-post-thumbnail","hentry","category-noticias-financeiras"],"yoast_head":"<!-- This site is optimized with the Yoast SEO plugin v27.4 - https:\/\/yoast.com\/product\/yoast-seo-wordpress\/ -->\n<title>Onde tudo come\u00e7ou. Amesterd\u00e3o volta a ser o centro financeiro da Europa - Favorite News<\/title>\n<meta name=\"robots\" content=\"index, follow, max-snippet:-1, max-image-preview:large, max-video-preview:-1\" \/>\n<link rel=\"canonical\" href=\"https:\/\/favorite-news.com\/pt\/onde-tudo-comecou-amesterdao-volta-a-ser-o-centro-financeiro-da-europa\/\" \/>\n<meta property=\"og:locale\" content=\"pt_PT\" \/>\n<meta property=\"og:type\" content=\"article\" \/>\n<meta property=\"og:title\" content=\"Onde tudo come\u00e7ou. Amesterd\u00e3o volta a ser o centro financeiro da Europa - Favorite News\" \/>\n<meta property=\"og:description\" content=\"Wikimedia Amesterd\u00e3o destituiu Londres para se tornar o maior centro de negocia\u00e7\u00e3o de a\u00e7\u00f5es da Europa, levando a negocia\u00e7\u00e3o de volta para onde tudo come\u00e7ou. No in\u00edcio do s\u00e9culo XVII, o centro financeiro do mundo n\u00e3o era Londres, Nova Iorque nem T\u00f3quio. Era um pr\u00e9dio de c\u00e2mbio constru\u00eddo por mercadores no rio Amstel, em Amesterd\u00e3o. [&hellip;]\" \/>\n<meta property=\"og:url\" content=\"https:\/\/favorite-news.com\/pt\/onde-tudo-comecou-amesterdao-volta-a-ser-o-centro-financeiro-da-europa\/\" \/>\n<meta property=\"og:site_name\" content=\"Favorite News\" \/>\n<meta property=\"article:published_time\" content=\"2021-02-13T08:06:00+00:00\" \/>\n<meta property=\"article:modified_time\" content=\"2021-02-13T08:06:03+00:00\" \/>\n<meta property=\"og:image\" content=\"https:\/\/favorite-news.com\/pt\/wp-content\/uploads\/sites\/2\/2021\/02\/Onde-tudo-comecou-Amesterdao-volta-a-ser-o-centro-financeiro.jpg\" \/>\n\t<meta property=\"og:image:width\" content=\"1000\" \/>\n\t<meta property=\"og:image:height\" content=\"745\" \/>\n\t<meta property=\"og:image:type\" content=\"image\/jpeg\" \/>\n<meta name=\"author\" content=\"favorite-news\" \/>\n<meta name=\"twitter:card\" content=\"summary_large_image\" \/>\n<meta name=\"twitter:label1\" content=\"Escrito por\" \/>\n\t<meta name=\"twitter:data1\" content=\"favorite-news\" \/>\n\t<meta name=\"twitter:label2\" content=\"Tempo estimado de leitura\" \/>\n\t<meta name=\"twitter:data2\" content=\"4 minutos\" \/>\n<script type=\"application\/ld+json\" class=\"yoast-schema-graph\">{\"@context\":\"https:\\\/\\\/schema.org\",\"@graph\":[{\"@type\":\"Article\",\"@id\":\"https:\\\/\\\/favorite-news.com\\\/pt\\\/onde-tudo-comecou-amesterdao-volta-a-ser-o-centro-financeiro-da-europa\\\/#article\",\"isPartOf\":{\"@id\":\"https:\\\/\\\/favorite-news.com\\\/pt\\\/onde-tudo-comecou-amesterdao-volta-a-ser-o-centro-financeiro-da-europa\\\/\"},\"author\":{\"name\":\"favorite-news\",\"@id\":\"https:\\\/\\\/favorite-news.com\\\/pt\\\/#\\\/schema\\\/person\\\/b91573b717dcfa5e4696032a9d28d3e8\"},\"headline\":\"Onde tudo come\u00e7ou. Amesterd\u00e3o volta a ser o centro financeiro da Europa\",\"datePublished\":\"2021-02-13T08:06:00+00:00\",\"dateModified\":\"2021-02-13T08:06:03+00:00\",\"mainEntityOfPage\":{\"@id\":\"https:\\\/\\\/favorite-news.com\\\/pt\\\/onde-tudo-comecou-amesterdao-volta-a-ser-o-centro-financeiro-da-europa\\\/\"},\"wordCount\":898,\"commentCount\":0,\"image\":{\"@id\":\"https:\\\/\\\/favorite-news.com\\\/pt\\\/onde-tudo-comecou-amesterdao-volta-a-ser-o-centro-financeiro-da-europa\\\/#primaryimage\"},\"thumbnailUrl\":\"https:\\\/\\\/favorite-news.com\\\/pt\\\/wp-content\\\/uploads\\\/sites\\\/2\\\/2021\\\/02\\\/Onde-tudo-comecou-Amesterdao-volta-a-ser-o-centro-financeiro.jpg\",\"articleSection\":[\"NOT\u00cdCIAS FINANCEIRAS\"],\"inLanguage\":\"pt-PT\",\"potentialAction\":[{\"@type\":\"CommentAction\",\"name\":\"Comment\",\"target\":[\"https:\\\/\\\/favorite-news.com\\\/pt\\\/onde-tudo-comecou-amesterdao-volta-a-ser-o-centro-financeiro-da-europa\\\/#respond\"]}]},{\"@type\":\"WebPage\",\"@id\":\"https:\\\/\\\/favorite-news.com\\\/pt\\\/onde-tudo-comecou-amesterdao-volta-a-ser-o-centro-financeiro-da-europa\\\/\",\"url\":\"https:\\\/\\\/favorite-news.com\\\/pt\\\/onde-tudo-comecou-amesterdao-volta-a-ser-o-centro-financeiro-da-europa\\\/\",\"name\":\"Onde tudo come\u00e7ou. Amesterd\u00e3o volta a ser o centro financeiro da Europa - Favorite News\",\"isPartOf\":{\"@id\":\"https:\\\/\\\/favorite-news.com\\\/pt\\\/#website\"},\"primaryImageOfPage\":{\"@id\":\"https:\\\/\\\/favorite-news.com\\\/pt\\\/onde-tudo-comecou-amesterdao-volta-a-ser-o-centro-financeiro-da-europa\\\/#primaryimage\"},\"image\":{\"@id\":\"https:\\\/\\\/favorite-news.com\\\/pt\\\/onde-tudo-comecou-amesterdao-volta-a-ser-o-centro-financeiro-da-europa\\\/#primaryimage\"},\"thumbnailUrl\":\"https:\\\/\\\/favorite-news.com\\\/pt\\\/wp-content\\\/uploads\\\/sites\\\/2\\\/2021\\\/02\\\/Onde-tudo-comecou-Amesterdao-volta-a-ser-o-centro-financeiro.jpg\",\"datePublished\":\"2021-02-13T08:06:00+00:00\",\"dateModified\":\"2021-02-13T08:06:03+00:00\",\"author\":{\"@id\":\"https:\\\/\\\/favorite-news.com\\\/pt\\\/#\\\/schema\\\/person\\\/b91573b717dcfa5e4696032a9d28d3e8\"},\"breadcrumb\":{\"@id\":\"https:\\\/\\\/favorite-news.com\\\/pt\\\/onde-tudo-comecou-amesterdao-volta-a-ser-o-centro-financeiro-da-europa\\\/#breadcrumb\"},\"inLanguage\":\"pt-PT\",\"potentialAction\":[{\"@type\":\"ReadAction\",\"target\":[\"https:\\\/\\\/favorite-news.com\\\/pt\\\/onde-tudo-comecou-amesterdao-volta-a-ser-o-centro-financeiro-da-europa\\\/\"]}]},{\"@type\":\"ImageObject\",\"inLanguage\":\"pt-PT\",\"@id\":\"https:\\\/\\\/favorite-news.com\\\/pt\\\/onde-tudo-comecou-amesterdao-volta-a-ser-o-centro-financeiro-da-europa\\\/#primaryimage\",\"url\":\"https:\\\/\\\/favorite-news.com\\\/pt\\\/wp-content\\\/uploads\\\/sites\\\/2\\\/2021\\\/02\\\/Onde-tudo-comecou-Amesterdao-volta-a-ser-o-centro-financeiro.jpg\",\"contentUrl\":\"https:\\\/\\\/favorite-news.com\\\/pt\\\/wp-content\\\/uploads\\\/sites\\\/2\\\/2021\\\/02\\\/Onde-tudo-comecou-Amesterdao-volta-a-ser-o-centro-financeiro.jpg\",\"width\":1000,\"height\":745,\"caption\":\"Onde tudo come\u00e7ou. Amesterd\u00e3o volta a ser o centro financeiro da Europa\"},{\"@type\":\"BreadcrumbList\",\"@id\":\"https:\\\/\\\/favorite-news.com\\\/pt\\\/onde-tudo-comecou-amesterdao-volta-a-ser-o-centro-financeiro-da-europa\\\/#breadcrumb\",\"itemListElement\":[{\"@type\":\"ListItem\",\"position\":1,\"name\":\"Home\",\"item\":\"https:\\\/\\\/favorite-news.com\\\/pt\\\/\"},{\"@type\":\"ListItem\",\"position\":2,\"name\":\"Onde tudo come\u00e7ou. Amesterd\u00e3o volta a ser o centro financeiro da Europa\"}]},{\"@type\":\"WebSite\",\"@id\":\"https:\\\/\\\/favorite-news.com\\\/pt\\\/#website\",\"url\":\"https:\\\/\\\/favorite-news.com\\\/pt\\\/\",\"name\":\"Favorite News\",\"description\":\"Favorite News Portugal\",\"potentialAction\":[{\"@type\":\"SearchAction\",\"target\":{\"@type\":\"EntryPoint\",\"urlTemplate\":\"https:\\\/\\\/favorite-news.com\\\/pt\\\/?s={search_term_string}\"},\"query-input\":{\"@type\":\"PropertyValueSpecification\",\"valueRequired\":true,\"valueName\":\"search_term_string\"}}],\"inLanguage\":\"pt-PT\"},{\"@type\":\"Person\",\"@id\":\"https:\\\/\\\/favorite-news.com\\\/pt\\\/#\\\/schema\\\/person\\\/b91573b717dcfa5e4696032a9d28d3e8\",\"name\":\"favorite-news\",\"image\":{\"@type\":\"ImageObject\",\"inLanguage\":\"pt-PT\",\"@id\":\"https:\\\/\\\/secure.gravatar.com\\\/avatar\\\/6c5a5cb12b74e9d517ee91cf570335b7d16177f1977cc91db161adfa435945a7?s=96&d=mm&r=g\",\"url\":\"https:\\\/\\\/secure.gravatar.com\\\/avatar\\\/6c5a5cb12b74e9d517ee91cf570335b7d16177f1977cc91db161adfa435945a7?s=96&d=mm&r=g\",\"contentUrl\":\"https:\\\/\\\/secure.gravatar.com\\\/avatar\\\/6c5a5cb12b74e9d517ee91cf570335b7d16177f1977cc91db161adfa435945a7?s=96&d=mm&r=g\",\"caption\":\"favorite-news\"},\"url\":\"https:\\\/\\\/favorite-news.com\\\/pt\\\/author\\\/pt\\\/\"}]}<\/script>\n<!-- \/ Yoast SEO plugin. -->","yoast_head_json":{"title":"Onde tudo come\u00e7ou. Amesterd\u00e3o volta a ser o centro financeiro da Europa - Favorite News","robots":{"index":"index","follow":"follow","max-snippet":"max-snippet:-1","max-image-preview":"max-image-preview:large","max-video-preview":"max-video-preview:-1"},"canonical":"https:\/\/favorite-news.com\/pt\/onde-tudo-comecou-amesterdao-volta-a-ser-o-centro-financeiro-da-europa\/","og_locale":"pt_PT","og_type":"article","og_title":"Onde tudo come\u00e7ou. Amesterd\u00e3o volta a ser o centro financeiro da Europa - Favorite News","og_description":"Wikimedia Amesterd\u00e3o destituiu Londres para se tornar o maior centro de negocia\u00e7\u00e3o de a\u00e7\u00f5es da Europa, levando a negocia\u00e7\u00e3o de volta para onde tudo come\u00e7ou. No in\u00edcio do s\u00e9culo XVII, o centro financeiro do mundo n\u00e3o era Londres, Nova Iorque nem T\u00f3quio. Era um pr\u00e9dio de c\u00e2mbio constru\u00eddo por mercadores no rio Amstel, em Amesterd\u00e3o. [&hellip;]","og_url":"https:\/\/favorite-news.com\/pt\/onde-tudo-comecou-amesterdao-volta-a-ser-o-centro-financeiro-da-europa\/","og_site_name":"Favorite News","article_published_time":"2021-02-13T08:06:00+00:00","article_modified_time":"2021-02-13T08:06:03+00:00","og_image":[{"width":1000,"height":745,"url":"https:\/\/favorite-news.com\/pt\/wp-content\/uploads\/sites\/2\/2021\/02\/Onde-tudo-comecou-Amesterdao-volta-a-ser-o-centro-financeiro.jpg","type":"image\/jpeg"}],"author":"favorite-news","twitter_card":"summary_large_image","twitter_misc":{"Escrito por":"favorite-news","Tempo estimado de leitura":"4 minutos"},"schema":{"@context":"https:\/\/schema.org","@graph":[{"@type":"Article","@id":"https:\/\/favorite-news.com\/pt\/onde-tudo-comecou-amesterdao-volta-a-ser-o-centro-financeiro-da-europa\/#article","isPartOf":{"@id":"https:\/\/favorite-news.com\/pt\/onde-tudo-comecou-amesterdao-volta-a-ser-o-centro-financeiro-da-europa\/"},"author":{"name":"favorite-news","@id":"https:\/\/favorite-news.com\/pt\/#\/schema\/person\/b91573b717dcfa5e4696032a9d28d3e8"},"headline":"Onde tudo come\u00e7ou. Amesterd\u00e3o volta a ser o centro financeiro da Europa","datePublished":"2021-02-13T08:06:00+00:00","dateModified":"2021-02-13T08:06:03+00:00","mainEntityOfPage":{"@id":"https:\/\/favorite-news.com\/pt\/onde-tudo-comecou-amesterdao-volta-a-ser-o-centro-financeiro-da-europa\/"},"wordCount":898,"commentCount":0,"image":{"@id":"https:\/\/favorite-news.com\/pt\/onde-tudo-comecou-amesterdao-volta-a-ser-o-centro-financeiro-da-europa\/#primaryimage"},"thumbnailUrl":"https:\/\/favorite-news.com\/pt\/wp-content\/uploads\/sites\/2\/2021\/02\/Onde-tudo-comecou-Amesterdao-volta-a-ser-o-centro-financeiro.jpg","articleSection":["NOT\u00cdCIAS FINANCEIRAS"],"inLanguage":"pt-PT","potentialAction":[{"@type":"CommentAction","name":"Comment","target":["https:\/\/favorite-news.com\/pt\/onde-tudo-comecou-amesterdao-volta-a-ser-o-centro-financeiro-da-europa\/#respond"]}]},{"@type":"WebPage","@id":"https:\/\/favorite-news.com\/pt\/onde-tudo-comecou-amesterdao-volta-a-ser-o-centro-financeiro-da-europa\/","url":"https:\/\/favorite-news.com\/pt\/onde-tudo-comecou-amesterdao-volta-a-ser-o-centro-financeiro-da-europa\/","name":"Onde tudo come\u00e7ou. Amesterd\u00e3o volta a ser o centro financeiro da Europa - Favorite News","isPartOf":{"@id":"https:\/\/favorite-news.com\/pt\/#website"},"primaryImageOfPage":{"@id":"https:\/\/favorite-news.com\/pt\/onde-tudo-comecou-amesterdao-volta-a-ser-o-centro-financeiro-da-europa\/#primaryimage"},"image":{"@id":"https:\/\/favorite-news.com\/pt\/onde-tudo-comecou-amesterdao-volta-a-ser-o-centro-financeiro-da-europa\/#primaryimage"},"thumbnailUrl":"https:\/\/favorite-news.com\/pt\/wp-content\/uploads\/sites\/2\/2021\/02\/Onde-tudo-comecou-Amesterdao-volta-a-ser-o-centro-financeiro.jpg","datePublished":"2021-02-13T08:06:00+00:00","dateModified":"2021-02-13T08:06:03+00:00","author":{"@id":"https:\/\/favorite-news.com\/pt\/#\/schema\/person\/b91573b717dcfa5e4696032a9d28d3e8"},"breadcrumb":{"@id":"https:\/\/favorite-news.com\/pt\/onde-tudo-comecou-amesterdao-volta-a-ser-o-centro-financeiro-da-europa\/#breadcrumb"},"inLanguage":"pt-PT","potentialAction":[{"@type":"ReadAction","target":["https:\/\/favorite-news.com\/pt\/onde-tudo-comecou-amesterdao-volta-a-ser-o-centro-financeiro-da-europa\/"]}]},{"@type":"ImageObject","inLanguage":"pt-PT","@id":"https:\/\/favorite-news.com\/pt\/onde-tudo-comecou-amesterdao-volta-a-ser-o-centro-financeiro-da-europa\/#primaryimage","url":"https:\/\/favorite-news.com\/pt\/wp-content\/uploads\/sites\/2\/2021\/02\/Onde-tudo-comecou-Amesterdao-volta-a-ser-o-centro-financeiro.jpg","contentUrl":"https:\/\/favorite-news.com\/pt\/wp-content\/uploads\/sites\/2\/2021\/02\/Onde-tudo-comecou-Amesterdao-volta-a-ser-o-centro-financeiro.jpg","width":1000,"height":745,"caption":"Onde tudo come\u00e7ou. Amesterd\u00e3o volta a ser o centro financeiro da Europa"},{"@type":"BreadcrumbList","@id":"https:\/\/favorite-news.com\/pt\/onde-tudo-comecou-amesterdao-volta-a-ser-o-centro-financeiro-da-europa\/#breadcrumb","itemListElement":[{"@type":"ListItem","position":1,"name":"Home","item":"https:\/\/favorite-news.com\/pt\/"},{"@type":"ListItem","position":2,"name":"Onde tudo come\u00e7ou. Amesterd\u00e3o volta a ser o centro financeiro da Europa"}]},{"@type":"WebSite","@id":"https:\/\/favorite-news.com\/pt\/#website","url":"https:\/\/favorite-news.com\/pt\/","name":"Favorite News","description":"Favorite News Portugal","potentialAction":[{"@type":"SearchAction","target":{"@type":"EntryPoint","urlTemplate":"https:\/\/favorite-news.com\/pt\/?s={search_term_string}"},"query-input":{"@type":"PropertyValueSpecification","valueRequired":true,"valueName":"search_term_string"}}],"inLanguage":"pt-PT"},{"@type":"Person","@id":"https:\/\/favorite-news.com\/pt\/#\/schema\/person\/b91573b717dcfa5e4696032a9d28d3e8","name":"favorite-news","image":{"@type":"ImageObject","inLanguage":"pt-PT","@id":"https:\/\/secure.gravatar.com\/avatar\/6c5a5cb12b74e9d517ee91cf570335b7d16177f1977cc91db161adfa435945a7?s=96&d=mm&r=g","url":"https:\/\/secure.gravatar.com\/avatar\/6c5a5cb12b74e9d517ee91cf570335b7d16177f1977cc91db161adfa435945a7?s=96&d=mm&r=g","contentUrl":"https:\/\/secure.gravatar.com\/avatar\/6c5a5cb12b74e9d517ee91cf570335b7d16177f1977cc91db161adfa435945a7?s=96&d=mm&r=g","caption":"favorite-news"},"url":"https:\/\/favorite-news.com\/pt\/author\/pt\/"}]}},"_links":{"self":[{"href":"https:\/\/favorite-news.com\/pt\/wp-json\/wp\/v2\/posts\/9001","targetHints":{"allow":["GET"]}}],"collection":[{"href":"https:\/\/favorite-news.com\/pt\/wp-json\/wp\/v2\/posts"}],"about":[{"href":"https:\/\/favorite-news.com\/pt\/wp-json\/wp\/v2\/types\/post"}],"author":[{"embeddable":true,"href":"https:\/\/favorite-news.com\/pt\/wp-json\/wp\/v2\/users\/2"}],"replies":[{"embeddable":true,"href":"https:\/\/favorite-news.com\/pt\/wp-json\/wp\/v2\/comments?post=9001"}],"version-history":[{"count":1,"href":"https:\/\/favorite-news.com\/pt\/wp-json\/wp\/v2\/posts\/9001\/revisions"}],"predecessor-version":[{"id":9003,"href":"https:\/\/favorite-news.com\/pt\/wp-json\/wp\/v2\/posts\/9001\/revisions\/9003"}],"wp:featuredmedia":[{"embeddable":true,"href":"https:\/\/favorite-news.com\/pt\/wp-json\/wp\/v2\/media\/9002"}],"wp:attachment":[{"href":"https:\/\/favorite-news.com\/pt\/wp-json\/wp\/v2\/media?parent=9001"}],"wp:term":[{"taxonomy":"category","embeddable":true,"href":"https:\/\/favorite-news.com\/pt\/wp-json\/wp\/v2\/categories?post=9001"},{"taxonomy":"post_tag","embeddable":true,"href":"https:\/\/favorite-news.com\/pt\/wp-json\/wp\/v2\/tags?post=9001"}],"curies":[{"name":"wp","href":"https:\/\/api.w.org\/{rel}","templated":true}]}}