{"id":8985,"date":"2021-02-11T21:59:40","date_gmt":"2021-02-11T18:59:40","guid":{"rendered":"https:\/\/favorite-news.com\/pt\/bruxelas-espera-recuperacao-notavel-no-verao-em-portugal\/"},"modified":"2021-02-11T21:59:43","modified_gmt":"2021-02-11T18:59:43","slug":"bruxelas-espera-recuperacao-notavel-no-verao-em-portugal","status":"publish","type":"post","link":"https:\/\/favorite-news.com\/pt\/bruxelas-espera-recuperacao-notavel-no-verao-em-portugal\/","title":{"rendered":"Bruxelas espera &#8220;recupera\u00e7\u00e3o not\u00e1vel no ver\u00e3o&#8221; em Portugal"},"content":{"rendered":"<p>        Susanne Nilsson \/ Wikimedia<br \/>\nDe acordo com a Comiss\u00e3o Europeia, o PIB dever\u00e1 crescer \u201c4,1%\u201d este ano, depois da queda de \u201c7,6% em 2020\u201d. O regresso aos \u201cn\u00edveis pr\u00e9-pand\u00e9micos\u201d \u00e9 estimado para o \u201cfinal de 2022\u201d, embora \u201cos riscos permanecem significativos\u201d. Ainda assim, este ver\u00e3o pode trazer alguma esperan\u00e7a \u00e0 economia.<\/p>\n<p>Bruxelas real\u00e7a a \u201cforte contra\u00e7\u00e3o\u201d na economia portuguesa em 2020, considerando que a pandemia de covid-19 afetou \u201cfortemente todos os aspetos das atividades sociais e empresariais\u201d. Destaca-se a hotelaria como setor com um impacto negativo \u201cparticularmente forte\u201d.<br \/>\nA estimativa de Bruxelas \u00e9 que o PIB tenha sofrido uma contra\u00e7\u00e3o de 7,6% no ano passado \u2013 uma estimativa que vai ao encontro da perspetiva do Instituto Nacional de Estat\u00edstica, apresentada na semana passada, recorda o DN.<br \/>\nPor\u00e9m, a UE corta ligeiramente a previs\u00e3o de crescimento para este ano. Na estimativa anterior apontava para uma recupera\u00e7\u00e3o de 4,2% do PIB e, de acordo com o boletim intercalar de inverno, estima um crescimento de 4,1% em 2021, e de 4,3% em 2022.<\/p>\n<p>As taxas trimestrais \u201cacompanharam a evolu\u00e7\u00e3o da pandemia\u201d, com uma queda acentuada na primeira metade do ano, at\u00e9 \u201ccerca de 17%\u201d. No terceiro trimestre de 2020 a economia \u201crecuperou 13,3 por cento\u201d.<br \/>\n\u201cNo entanto, o ressurgimento das infe\u00e7\u00f5es trouxe novas restri\u00e7\u00f5es no final do ano e o crescimento do PIB enfraqueceu para 0,4% no \u00faltimo trimestre\u201d, referem os peritos.<br \/>\nTamb\u00e9m para o primeiro trimestre de 2021 as perspetivas s\u00e3o pouco animadoras. O cen\u00e1rio deve-se sobretudo ao \u201cbloqueio mais rigoroso em meados de janeiro\u201d, prevendo-se uma nova queda do PIB. No entanto, Bruxelas real\u00e7a que a primavera j\u00e1 dever\u00e1 trazer uma recupera\u00e7\u00e3o, que ser\u00e1 mais acentuada durante o ver\u00e3o. Os peritos falam mesmo numa \u201cgrande recupera\u00e7\u00e3o nos meses de ver\u00e3o\u201d.<br \/>\n\u201cIsto implica expectativas de uma recupera\u00e7\u00e3o not\u00e1vel do turismo no ver\u00e3o, especialmente nas viagens dentro da UE, e de uma recupera\u00e7\u00e3o mais gradual da\u00ed em diante. No entanto, projeta-se que o setor de turismo permane\u00e7a um pouco abaixo do n\u00edvel anterior \u00e0 crise at\u00e9 o final do per\u00edodo de previs\u00e3o\u201d, sublinha a Comiss\u00e3o Europeia.<br \/>\nAinda assim, o regresso pleno aos \u201cn\u00edveis pr\u00e9-pand\u00e9micos\u201d \u00e9 estimado pela Comiss\u00e3o Europeia para o \u201cfinal de 2022\u201d, embora reconhe\u00e7a que \u201cos riscos permanecem significativos\u201d, nomeadamente devido \u00e0 \u201cgrande depend\u00eancia do pa\u00eds do turismo estrangeiro\u201d. Neste setor, a evolu\u00e7\u00e3o da pandemia continuar\u00e1 a ser fator de \u201cincertezas\u201d.<br \/>\nPor\u00e9m, Bruxelas reconhece que estas estimativas ainda n\u00e3o contemplam todo o impacto da chamada bazuca europeia, tendo em considera\u00e7\u00e3o apenas as medidas especificadas no projeto de Plano de Recupera\u00e7\u00e3o e Resili\u00eancia de Portugal, que foram delineadas no or\u00e7amento deste ano.<br \/>\n\u201cAs exporta\u00e7\u00f5es de servi\u00e7os e o investimento em equipamentos registaram as maiores quedas em 2020, mas o consumo privado tamb\u00e9m caiu significativamente, com um aumento acentuado na poupan\u00e7a\u201d.<br \/>\nNo que diz respeito ao investimento no setor da constru\u00e7\u00e3o, este \u201ccontinuou a crescer\u201d, impulsionado pelo \u201cciclo de projetos financiados pela Uni\u00e3o Europeia\u201d, refere a Comiss\u00e3o. J\u00e1 a produ\u00e7\u00e3o industrial, \u201cteve um desempenho relativamente bom, recuperando-se para perto dos n\u00edveis anteriores \u00e0 crise\u201d, apesar do \u201cchoque\u201d no in\u00edcio de 2020.<br \/>\nEspera-se ainda que o aumento da procura dos consumidores e um aumento no sentimento empresarial \u201cdevam impulsionar\u201d a recupera\u00e7\u00e3o econ\u00f3mica. \u201cPrev\u00ea-se tamb\u00e9m que o consumo privado beneficie de um mercado de trabalho relativamente resiliente, onde a queda do emprego, (\u2026) e as transfer\u00eancias sociais p\u00fablicas d\u00e3o maior apoio aos rendimentos\u201d.<br \/>\nPor fim, a Comiss\u00e3o Europeia diz que os pre\u00e7os para o consumidor dever\u00e3o aumentar 0,9% em 2021 e 1,2% em 2022.<br \/>\n Ana Isabel Moura, ZAP \/\/ <\/p>\n<p>\n<!--noindex--><br \/>\n<a href=\"https:\/\/zap.aeiou.pt\/bruxelas-recuperacao-verao-portugal-379895\" rel=\"nofollow\">Source link <\/a><br \/>\n<!--\/noindex--><\/p>\n","protected":false},"excerpt":{"rendered":"<p>Susanne Nilsson \/ Wikimedia De acordo com a Comiss\u00e3o Europeia, o PIB dever\u00e1 crescer \u201c4,1%\u201d este ano, depois da queda de \u201c7,6% em 2020\u201d. O regresso aos \u201cn\u00edveis pr\u00e9-pand\u00e9micos\u201d \u00e9 estimado para o \u201cfinal de 2022\u201d, embora \u201cos riscos permanecem significativos\u201d. Ainda assim, este ver\u00e3o pode trazer alguma esperan\u00e7a \u00e0 economia. Bruxelas real\u00e7a a \u201cforte [&hellip;]<\/p>\n","protected":false},"author":2,"featured_media":8986,"comment_status":"open","ping_status":"open","sticky":false,"template":"","format":"standard","meta":{"footnotes":""},"categories":[1],"tags":[],"class_list":["post-8985","post","type-post","status-publish","format-standard","has-post-thumbnail","hentry","category-noticias-financeiras"],"yoast_head":"<!-- This site is optimized with the Yoast SEO plugin v27.4 - https:\/\/yoast.com\/product\/yoast-seo-wordpress\/ -->\n<title>Bruxelas espera &quot;recupera\u00e7\u00e3o not\u00e1vel no ver\u00e3o&quot; em Portugal - Favorite News<\/title>\n<meta name=\"robots\" content=\"index, follow, max-snippet:-1, max-image-preview:large, max-video-preview:-1\" \/>\n<link rel=\"canonical\" href=\"https:\/\/favorite-news.com\/pt\/bruxelas-espera-recuperacao-notavel-no-verao-em-portugal\/\" \/>\n<meta property=\"og:locale\" content=\"pt_PT\" \/>\n<meta property=\"og:type\" content=\"article\" \/>\n<meta property=\"og:title\" content=\"Bruxelas espera &quot;recupera\u00e7\u00e3o not\u00e1vel no ver\u00e3o&quot; em Portugal - Favorite News\" \/>\n<meta property=\"og:description\" content=\"Susanne Nilsson \/ Wikimedia De acordo com a Comiss\u00e3o Europeia, o PIB dever\u00e1 crescer \u201c4,1%\u201d este ano, depois da queda de \u201c7,6% em 2020\u201d. O regresso aos \u201cn\u00edveis pr\u00e9-pand\u00e9micos\u201d \u00e9 estimado para o \u201cfinal de 2022\u201d, embora \u201cos riscos permanecem significativos\u201d. Ainda assim, este ver\u00e3o pode trazer alguma esperan\u00e7a \u00e0 economia. Bruxelas real\u00e7a a \u201cforte [&hellip;]\" \/>\n<meta property=\"og:url\" content=\"https:\/\/favorite-news.com\/pt\/bruxelas-espera-recuperacao-notavel-no-verao-em-portugal\/\" \/>\n<meta property=\"og:site_name\" content=\"Favorite News\" \/>\n<meta property=\"article:published_time\" content=\"2021-02-11T18:59:40+00:00\" \/>\n<meta property=\"article:modified_time\" content=\"2021-02-11T18:59:43+00:00\" \/>\n<meta property=\"og:image\" content=\"https:\/\/favorite-news.com\/pt\/wp-content\/uploads\/sites\/2\/2021\/02\/Bruxelas-espera-recuperacao-notavel-no-verao-em-Portugal.jpg\" \/>\n\t<meta property=\"og:image:width\" content=\"1200\" \/>\n\t<meta property=\"og:image:height\" content=\"800\" \/>\n\t<meta property=\"og:image:type\" content=\"image\/jpeg\" \/>\n<meta name=\"author\" content=\"favorite-news\" \/>\n<meta name=\"twitter:card\" content=\"summary_large_image\" \/>\n<meta name=\"twitter:label1\" content=\"Escrito por\" \/>\n\t<meta name=\"twitter:data1\" content=\"favorite-news\" \/>\n\t<meta name=\"twitter:label2\" content=\"Tempo estimado de leitura\" \/>\n\t<meta name=\"twitter:data2\" content=\"3 minutos\" \/>\n<script type=\"application\/ld+json\" class=\"yoast-schema-graph\">{\"@context\":\"https:\\\/\\\/schema.org\",\"@graph\":[{\"@type\":\"Article\",\"@id\":\"https:\\\/\\\/favorite-news.com\\\/pt\\\/bruxelas-espera-recuperacao-notavel-no-verao-em-portugal\\\/#article\",\"isPartOf\":{\"@id\":\"https:\\\/\\\/favorite-news.com\\\/pt\\\/bruxelas-espera-recuperacao-notavel-no-verao-em-portugal\\\/\"},\"author\":{\"name\":\"favorite-news\",\"@id\":\"https:\\\/\\\/favorite-news.com\\\/pt\\\/#\\\/schema\\\/person\\\/b91573b717dcfa5e4696032a9d28d3e8\"},\"headline\":\"Bruxelas espera &#8220;recupera\u00e7\u00e3o not\u00e1vel no ver\u00e3o&#8221; em Portugal\",\"datePublished\":\"2021-02-11T18:59:40+00:00\",\"dateModified\":\"2021-02-11T18:59:43+00:00\",\"mainEntityOfPage\":{\"@id\":\"https:\\\/\\\/favorite-news.com\\\/pt\\\/bruxelas-espera-recuperacao-notavel-no-verao-em-portugal\\\/\"},\"wordCount\":630,\"commentCount\":0,\"image\":{\"@id\":\"https:\\\/\\\/favorite-news.com\\\/pt\\\/bruxelas-espera-recuperacao-notavel-no-verao-em-portugal\\\/#primaryimage\"},\"thumbnailUrl\":\"https:\\\/\\\/favorite-news.com\\\/pt\\\/wp-content\\\/uploads\\\/sites\\\/2\\\/2021\\\/02\\\/Bruxelas-espera-recuperacao-notavel-no-verao-em-Portugal.jpg\",\"articleSection\":[\"NOT\u00cdCIAS FINANCEIRAS\"],\"inLanguage\":\"pt-PT\",\"potentialAction\":[{\"@type\":\"CommentAction\",\"name\":\"Comment\",\"target\":[\"https:\\\/\\\/favorite-news.com\\\/pt\\\/bruxelas-espera-recuperacao-notavel-no-verao-em-portugal\\\/#respond\"]}]},{\"@type\":\"WebPage\",\"@id\":\"https:\\\/\\\/favorite-news.com\\\/pt\\\/bruxelas-espera-recuperacao-notavel-no-verao-em-portugal\\\/\",\"url\":\"https:\\\/\\\/favorite-news.com\\\/pt\\\/bruxelas-espera-recuperacao-notavel-no-verao-em-portugal\\\/\",\"name\":\"Bruxelas espera \\\"recupera\u00e7\u00e3o not\u00e1vel no ver\u00e3o\\\" em Portugal - Favorite News\",\"isPartOf\":{\"@id\":\"https:\\\/\\\/favorite-news.com\\\/pt\\\/#website\"},\"primaryImageOfPage\":{\"@id\":\"https:\\\/\\\/favorite-news.com\\\/pt\\\/bruxelas-espera-recuperacao-notavel-no-verao-em-portugal\\\/#primaryimage\"},\"image\":{\"@id\":\"https:\\\/\\\/favorite-news.com\\\/pt\\\/bruxelas-espera-recuperacao-notavel-no-verao-em-portugal\\\/#primaryimage\"},\"thumbnailUrl\":\"https:\\\/\\\/favorite-news.com\\\/pt\\\/wp-content\\\/uploads\\\/sites\\\/2\\\/2021\\\/02\\\/Bruxelas-espera-recuperacao-notavel-no-verao-em-Portugal.jpg\",\"datePublished\":\"2021-02-11T18:59:40+00:00\",\"dateModified\":\"2021-02-11T18:59:43+00:00\",\"author\":{\"@id\":\"https:\\\/\\\/favorite-news.com\\\/pt\\\/#\\\/schema\\\/person\\\/b91573b717dcfa5e4696032a9d28d3e8\"},\"breadcrumb\":{\"@id\":\"https:\\\/\\\/favorite-news.com\\\/pt\\\/bruxelas-espera-recuperacao-notavel-no-verao-em-portugal\\\/#breadcrumb\"},\"inLanguage\":\"pt-PT\",\"potentialAction\":[{\"@type\":\"ReadAction\",\"target\":[\"https:\\\/\\\/favorite-news.com\\\/pt\\\/bruxelas-espera-recuperacao-notavel-no-verao-em-portugal\\\/\"]}]},{\"@type\":\"ImageObject\",\"inLanguage\":\"pt-PT\",\"@id\":\"https:\\\/\\\/favorite-news.com\\\/pt\\\/bruxelas-espera-recuperacao-notavel-no-verao-em-portugal\\\/#primaryimage\",\"url\":\"https:\\\/\\\/favorite-news.com\\\/pt\\\/wp-content\\\/uploads\\\/sites\\\/2\\\/2021\\\/02\\\/Bruxelas-espera-recuperacao-notavel-no-verao-em-Portugal.jpg\",\"contentUrl\":\"https:\\\/\\\/favorite-news.com\\\/pt\\\/wp-content\\\/uploads\\\/sites\\\/2\\\/2021\\\/02\\\/Bruxelas-espera-recuperacao-notavel-no-verao-em-Portugal.jpg\",\"width\":1200,\"height\":800,\"caption\":\"Bruxelas espera \\\"recupera\u00e7\u00e3o not\u00e1vel no ver\u00e3o\\\" em Portugal\"},{\"@type\":\"BreadcrumbList\",\"@id\":\"https:\\\/\\\/favorite-news.com\\\/pt\\\/bruxelas-espera-recuperacao-notavel-no-verao-em-portugal\\\/#breadcrumb\",\"itemListElement\":[{\"@type\":\"ListItem\",\"position\":1,\"name\":\"Home\",\"item\":\"https:\\\/\\\/favorite-news.com\\\/pt\\\/\"},{\"@type\":\"ListItem\",\"position\":2,\"name\":\"Bruxelas espera &#8220;recupera\u00e7\u00e3o not\u00e1vel no ver\u00e3o&#8221; em Portugal\"}]},{\"@type\":\"WebSite\",\"@id\":\"https:\\\/\\\/favorite-news.com\\\/pt\\\/#website\",\"url\":\"https:\\\/\\\/favorite-news.com\\\/pt\\\/\",\"name\":\"Favorite News\",\"description\":\"Favorite News Portugal\",\"potentialAction\":[{\"@type\":\"SearchAction\",\"target\":{\"@type\":\"EntryPoint\",\"urlTemplate\":\"https:\\\/\\\/favorite-news.com\\\/pt\\\/?s={search_term_string}\"},\"query-input\":{\"@type\":\"PropertyValueSpecification\",\"valueRequired\":true,\"valueName\":\"search_term_string\"}}],\"inLanguage\":\"pt-PT\"},{\"@type\":\"Person\",\"@id\":\"https:\\\/\\\/favorite-news.com\\\/pt\\\/#\\\/schema\\\/person\\\/b91573b717dcfa5e4696032a9d28d3e8\",\"name\":\"favorite-news\",\"image\":{\"@type\":\"ImageObject\",\"inLanguage\":\"pt-PT\",\"@id\":\"https:\\\/\\\/secure.gravatar.com\\\/avatar\\\/6c5a5cb12b74e9d517ee91cf570335b7d16177f1977cc91db161adfa435945a7?s=96&d=mm&r=g\",\"url\":\"https:\\\/\\\/secure.gravatar.com\\\/avatar\\\/6c5a5cb12b74e9d517ee91cf570335b7d16177f1977cc91db161adfa435945a7?s=96&d=mm&r=g\",\"contentUrl\":\"https:\\\/\\\/secure.gravatar.com\\\/avatar\\\/6c5a5cb12b74e9d517ee91cf570335b7d16177f1977cc91db161adfa435945a7?s=96&d=mm&r=g\",\"caption\":\"favorite-news\"},\"url\":\"https:\\\/\\\/favorite-news.com\\\/pt\\\/author\\\/pt\\\/\"}]}<\/script>\n<!-- \/ Yoast SEO plugin. -->","yoast_head_json":{"title":"Bruxelas espera \"recupera\u00e7\u00e3o not\u00e1vel no ver\u00e3o\" em Portugal - Favorite News","robots":{"index":"index","follow":"follow","max-snippet":"max-snippet:-1","max-image-preview":"max-image-preview:large","max-video-preview":"max-video-preview:-1"},"canonical":"https:\/\/favorite-news.com\/pt\/bruxelas-espera-recuperacao-notavel-no-verao-em-portugal\/","og_locale":"pt_PT","og_type":"article","og_title":"Bruxelas espera \"recupera\u00e7\u00e3o not\u00e1vel no ver\u00e3o\" em Portugal - Favorite News","og_description":"Susanne Nilsson \/ Wikimedia De acordo com a Comiss\u00e3o Europeia, o PIB dever\u00e1 crescer \u201c4,1%\u201d este ano, depois da queda de \u201c7,6% em 2020\u201d. O regresso aos \u201cn\u00edveis pr\u00e9-pand\u00e9micos\u201d \u00e9 estimado para o \u201cfinal de 2022\u201d, embora \u201cos riscos permanecem significativos\u201d. Ainda assim, este ver\u00e3o pode trazer alguma esperan\u00e7a \u00e0 economia. Bruxelas real\u00e7a a \u201cforte [&hellip;]","og_url":"https:\/\/favorite-news.com\/pt\/bruxelas-espera-recuperacao-notavel-no-verao-em-portugal\/","og_site_name":"Favorite News","article_published_time":"2021-02-11T18:59:40+00:00","article_modified_time":"2021-02-11T18:59:43+00:00","og_image":[{"width":1200,"height":800,"url":"https:\/\/favorite-news.com\/pt\/wp-content\/uploads\/sites\/2\/2021\/02\/Bruxelas-espera-recuperacao-notavel-no-verao-em-Portugal.jpg","type":"image\/jpeg"}],"author":"favorite-news","twitter_card":"summary_large_image","twitter_misc":{"Escrito por":"favorite-news","Tempo estimado de leitura":"3 minutos"},"schema":{"@context":"https:\/\/schema.org","@graph":[{"@type":"Article","@id":"https:\/\/favorite-news.com\/pt\/bruxelas-espera-recuperacao-notavel-no-verao-em-portugal\/#article","isPartOf":{"@id":"https:\/\/favorite-news.com\/pt\/bruxelas-espera-recuperacao-notavel-no-verao-em-portugal\/"},"author":{"name":"favorite-news","@id":"https:\/\/favorite-news.com\/pt\/#\/schema\/person\/b91573b717dcfa5e4696032a9d28d3e8"},"headline":"Bruxelas espera &#8220;recupera\u00e7\u00e3o not\u00e1vel no ver\u00e3o&#8221; em Portugal","datePublished":"2021-02-11T18:59:40+00:00","dateModified":"2021-02-11T18:59:43+00:00","mainEntityOfPage":{"@id":"https:\/\/favorite-news.com\/pt\/bruxelas-espera-recuperacao-notavel-no-verao-em-portugal\/"},"wordCount":630,"commentCount":0,"image":{"@id":"https:\/\/favorite-news.com\/pt\/bruxelas-espera-recuperacao-notavel-no-verao-em-portugal\/#primaryimage"},"thumbnailUrl":"https:\/\/favorite-news.com\/pt\/wp-content\/uploads\/sites\/2\/2021\/02\/Bruxelas-espera-recuperacao-notavel-no-verao-em-Portugal.jpg","articleSection":["NOT\u00cdCIAS FINANCEIRAS"],"inLanguage":"pt-PT","potentialAction":[{"@type":"CommentAction","name":"Comment","target":["https:\/\/favorite-news.com\/pt\/bruxelas-espera-recuperacao-notavel-no-verao-em-portugal\/#respond"]}]},{"@type":"WebPage","@id":"https:\/\/favorite-news.com\/pt\/bruxelas-espera-recuperacao-notavel-no-verao-em-portugal\/","url":"https:\/\/favorite-news.com\/pt\/bruxelas-espera-recuperacao-notavel-no-verao-em-portugal\/","name":"Bruxelas espera \"recupera\u00e7\u00e3o not\u00e1vel no ver\u00e3o\" em Portugal - Favorite News","isPartOf":{"@id":"https:\/\/favorite-news.com\/pt\/#website"},"primaryImageOfPage":{"@id":"https:\/\/favorite-news.com\/pt\/bruxelas-espera-recuperacao-notavel-no-verao-em-portugal\/#primaryimage"},"image":{"@id":"https:\/\/favorite-news.com\/pt\/bruxelas-espera-recuperacao-notavel-no-verao-em-portugal\/#primaryimage"},"thumbnailUrl":"https:\/\/favorite-news.com\/pt\/wp-content\/uploads\/sites\/2\/2021\/02\/Bruxelas-espera-recuperacao-notavel-no-verao-em-Portugal.jpg","datePublished":"2021-02-11T18:59:40+00:00","dateModified":"2021-02-11T18:59:43+00:00","author":{"@id":"https:\/\/favorite-news.com\/pt\/#\/schema\/person\/b91573b717dcfa5e4696032a9d28d3e8"},"breadcrumb":{"@id":"https:\/\/favorite-news.com\/pt\/bruxelas-espera-recuperacao-notavel-no-verao-em-portugal\/#breadcrumb"},"inLanguage":"pt-PT","potentialAction":[{"@type":"ReadAction","target":["https:\/\/favorite-news.com\/pt\/bruxelas-espera-recuperacao-notavel-no-verao-em-portugal\/"]}]},{"@type":"ImageObject","inLanguage":"pt-PT","@id":"https:\/\/favorite-news.com\/pt\/bruxelas-espera-recuperacao-notavel-no-verao-em-portugal\/#primaryimage","url":"https:\/\/favorite-news.com\/pt\/wp-content\/uploads\/sites\/2\/2021\/02\/Bruxelas-espera-recuperacao-notavel-no-verao-em-Portugal.jpg","contentUrl":"https:\/\/favorite-news.com\/pt\/wp-content\/uploads\/sites\/2\/2021\/02\/Bruxelas-espera-recuperacao-notavel-no-verao-em-Portugal.jpg","width":1200,"height":800,"caption":"Bruxelas espera \"recupera\u00e7\u00e3o not\u00e1vel no ver\u00e3o\" em Portugal"},{"@type":"BreadcrumbList","@id":"https:\/\/favorite-news.com\/pt\/bruxelas-espera-recuperacao-notavel-no-verao-em-portugal\/#breadcrumb","itemListElement":[{"@type":"ListItem","position":1,"name":"Home","item":"https:\/\/favorite-news.com\/pt\/"},{"@type":"ListItem","position":2,"name":"Bruxelas espera &#8220;recupera\u00e7\u00e3o not\u00e1vel no ver\u00e3o&#8221; em Portugal"}]},{"@type":"WebSite","@id":"https:\/\/favorite-news.com\/pt\/#website","url":"https:\/\/favorite-news.com\/pt\/","name":"Favorite News","description":"Favorite News Portugal","potentialAction":[{"@type":"SearchAction","target":{"@type":"EntryPoint","urlTemplate":"https:\/\/favorite-news.com\/pt\/?s={search_term_string}"},"query-input":{"@type":"PropertyValueSpecification","valueRequired":true,"valueName":"search_term_string"}}],"inLanguage":"pt-PT"},{"@type":"Person","@id":"https:\/\/favorite-news.com\/pt\/#\/schema\/person\/b91573b717dcfa5e4696032a9d28d3e8","name":"favorite-news","image":{"@type":"ImageObject","inLanguage":"pt-PT","@id":"https:\/\/secure.gravatar.com\/avatar\/6c5a5cb12b74e9d517ee91cf570335b7d16177f1977cc91db161adfa435945a7?s=96&d=mm&r=g","url":"https:\/\/secure.gravatar.com\/avatar\/6c5a5cb12b74e9d517ee91cf570335b7d16177f1977cc91db161adfa435945a7?s=96&d=mm&r=g","contentUrl":"https:\/\/secure.gravatar.com\/avatar\/6c5a5cb12b74e9d517ee91cf570335b7d16177f1977cc91db161adfa435945a7?s=96&d=mm&r=g","caption":"favorite-news"},"url":"https:\/\/favorite-news.com\/pt\/author\/pt\/"}]}},"_links":{"self":[{"href":"https:\/\/favorite-news.com\/pt\/wp-json\/wp\/v2\/posts\/8985","targetHints":{"allow":["GET"]}}],"collection":[{"href":"https:\/\/favorite-news.com\/pt\/wp-json\/wp\/v2\/posts"}],"about":[{"href":"https:\/\/favorite-news.com\/pt\/wp-json\/wp\/v2\/types\/post"}],"author":[{"embeddable":true,"href":"https:\/\/favorite-news.com\/pt\/wp-json\/wp\/v2\/users\/2"}],"replies":[{"embeddable":true,"href":"https:\/\/favorite-news.com\/pt\/wp-json\/wp\/v2\/comments?post=8985"}],"version-history":[{"count":1,"href":"https:\/\/favorite-news.com\/pt\/wp-json\/wp\/v2\/posts\/8985\/revisions"}],"predecessor-version":[{"id":8987,"href":"https:\/\/favorite-news.com\/pt\/wp-json\/wp\/v2\/posts\/8985\/revisions\/8987"}],"wp:featuredmedia":[{"embeddable":true,"href":"https:\/\/favorite-news.com\/pt\/wp-json\/wp\/v2\/media\/8986"}],"wp:attachment":[{"href":"https:\/\/favorite-news.com\/pt\/wp-json\/wp\/v2\/media?parent=8985"}],"wp:term":[{"taxonomy":"category","embeddable":true,"href":"https:\/\/favorite-news.com\/pt\/wp-json\/wp\/v2\/categories?post=8985"},{"taxonomy":"post_tag","embeddable":true,"href":"https:\/\/favorite-news.com\/pt\/wp-json\/wp\/v2\/tags?post=8985"}],"curies":[{"name":"wp","href":"https:\/\/api.w.org\/{rel}","templated":true}]}}