{"id":8976,"date":"2021-02-11T09:39:39","date_gmt":"2021-02-11T06:39:39","guid":{"rendered":"https:\/\/favorite-news.com\/pt\/tap-avisa-que-nao-havera-quaisquer-negociacoes-suplementares-com-sindicatos-zap\/"},"modified":"2021-02-11T09:39:44","modified_gmt":"2021-02-11T06:39:44","slug":"tap-avisa-que-nao-havera-quaisquer-negociacoes-suplementares-com-sindicatos-zap","status":"publish","type":"post","link":"https:\/\/favorite-news.com\/pt\/tap-avisa-que-nao-havera-quaisquer-negociacoes-suplementares-com-sindicatos-zap\/","title":{"rendered":"TAP avisa que n\u00e3o haver\u00e1 &#8220;quaisquer negocia\u00e7\u00f5es suplementares&#8221; com sindicatos &#8211; ZAP"},"content":{"rendered":"<p>        Curimedia \/ Wikimedia<br \/>\n A TAP avisou os trabalhadores que, caso n\u00e3o aprovem os acordos de emerg\u00eancia obtidos com os sindicatos, \u201cn\u00e3o haver\u00e1 lugar a quaisquer negocia\u00e7\u00f5es suplementares\u201d entre a transportadora e \u201cas estruturas representativas desses trabalhadores\u201d.<\/p>\n<p>Numa mensagem enviada aos colaboradores, a que a Lusa teve acesso, assinada pelo presidente do Conselho de Administra\u00e7\u00e3o, Miguel Frasquilho, e pelo presidente executivo, Ramiro Sequeira, a TAP informa que \u201caprovou em reuni\u00e3o realizada hoje todos os acordos de emerg\u00eancia celebrados com as estruturas representativas dos trabalhadores\u201d, recordando que \u201ctodos os sindicatos de terra j\u00e1 aprovaram formalmente os seus acordos, sendo que os mesmos ser\u00e3o, de imediato, enviados para o Minist\u00e9rio do Trabalho, Solidariedade e Seguran\u00e7a Social para registo e publica\u00e7\u00e3o no BTE \u2013 Boletim do Trabalho e do Emprego\u201d.<br \/>\n\u201cAinda assim\u201d, prossegue a TAP, \u201ce porque formalmente alguns sindicatos t\u00eam de aguardar a realiza\u00e7\u00e3o das suas Assembleias Gerais, aguardaremos pela ratifica\u00e7\u00e3o formal dos restantes acordos por parte dos associados dessas estruturas representativas dos trabalhadores\u201d.<br \/>\nA companhia garante depois que, \u201cno caso de esses acordos n\u00e3o merecerem a aprova\u00e7\u00e3o dos seus associados, a TAP n\u00e3o ter\u00e1 outra alternativa que n\u00e3o a de implementar unilateralmente o Regime Suced\u00e2neo a esse conjunto de trabalhadores\u201d e que \u201cimporta, assim, deixar muito claro que, caso os acordos que necessitam de ser ratificados em Assembleia Geral sejam rejeitados, n\u00e3o haver\u00e1 lugar a quaisquer negocia\u00e7\u00f5es suplementares entre a TAP e as estruturas representativas desses trabalhadores\u201d, l\u00ea-se na mesma mensagem.<\/p>\n<p>Os sindicatos e a transportadora anunciaram que tinham chegado a estes acordos no final da semana passada.<br \/>\nOs sete sindicatos de trabalhadores de terra da TAP acordaram cortes s\u00f3 para sal\u00e1rios acima de 1.330 euros, disse o secret\u00e1rio-geral do Sitava, Jos\u00e9 Sousa, \u00e0 Lusa, na passada sexta-feira.<br \/>\nPor sua vez, o acordo entre o Sindicato dos Pilotos da Avia\u00e7\u00e3o Civil (SPAC) e a TAP prev\u00ea redu\u00e7\u00f5es salariais de entre 50% e 35%, entre 2021 e 2024, que j\u00e1 incluem o corte transversal de 25% aplicado a todos os trabalhadores.<\/p>\n<p>\n<!--noindex--><br \/>\n<a href=\"https:\/\/zap.aeiou.pt\/tap-avisa-negociacoes-sindicatos-379816\" rel=\"nofollow\">Source link <\/a><br \/>\n<!--\/noindex--><\/p>\n","protected":false},"excerpt":{"rendered":"<p>Curimedia \/ Wikimedia A TAP avisou os trabalhadores que, caso n\u00e3o aprovem os acordos de emerg\u00eancia obtidos com os sindicatos, \u201cn\u00e3o haver\u00e1 lugar a quaisquer negocia\u00e7\u00f5es suplementares\u201d entre a transportadora e \u201cas estruturas representativas desses trabalhadores\u201d. Numa mensagem enviada aos colaboradores, a que a Lusa teve acesso, assinada pelo presidente do Conselho de Administra\u00e7\u00e3o, Miguel [&hellip;]<\/p>\n","protected":false},"author":2,"featured_media":8678,"comment_status":"open","ping_status":"open","sticky":false,"template":"","format":"standard","meta":{"footnotes":""},"categories":[1],"tags":[],"class_list":["post-8976","post","type-post","status-publish","format-standard","has-post-thumbnail","hentry","category-noticias-financeiras"],"yoast_head":"<!-- This site is optimized with the Yoast SEO plugin v27.4 - https:\/\/yoast.com\/product\/yoast-seo-wordpress\/ -->\n<title>TAP avisa que n\u00e3o haver\u00e1 &quot;quaisquer negocia\u00e7\u00f5es suplementares&quot; com sindicatos - ZAP - Favorite News<\/title>\n<meta name=\"robots\" content=\"index, follow, max-snippet:-1, max-image-preview:large, max-video-preview:-1\" \/>\n<link rel=\"canonical\" href=\"https:\/\/favorite-news.com\/pt\/tap-avisa-que-nao-havera-quaisquer-negociacoes-suplementares-com-sindicatos-zap\/\" \/>\n<meta property=\"og:locale\" content=\"pt_PT\" \/>\n<meta property=\"og:type\" content=\"article\" \/>\n<meta property=\"og:title\" content=\"TAP avisa que n\u00e3o haver\u00e1 &quot;quaisquer negocia\u00e7\u00f5es suplementares&quot; com sindicatos - ZAP - Favorite News\" \/>\n<meta property=\"og:description\" content=\"Curimedia \/ Wikimedia A TAP avisou os trabalhadores que, caso n\u00e3o aprovem os acordos de emerg\u00eancia obtidos com os sindicatos, \u201cn\u00e3o haver\u00e1 lugar a quaisquer negocia\u00e7\u00f5es suplementares\u201d entre a transportadora e \u201cas estruturas representativas desses trabalhadores\u201d. Numa mensagem enviada aos colaboradores, a que a Lusa teve acesso, assinada pelo presidente do Conselho de Administra\u00e7\u00e3o, Miguel [&hellip;]\" \/>\n<meta property=\"og:url\" content=\"https:\/\/favorite-news.com\/pt\/tap-avisa-que-nao-havera-quaisquer-negociacoes-suplementares-com-sindicatos-zap\/\" \/>\n<meta property=\"og:site_name\" content=\"Favorite News\" \/>\n<meta property=\"article:published_time\" content=\"2021-02-11T06:39:39+00:00\" \/>\n<meta property=\"article:modified_time\" content=\"2021-02-11T06:39:44+00:00\" \/>\n<meta property=\"og:image\" content=\"https:\/\/favorite-news.com\/pt\/wp-content\/uploads\/sites\/2\/2021\/01\/TAP-a-financiar-se-sozinha-ja-em-2022-Renegociacao-dos-acordos.jpeg\" \/>\n\t<meta property=\"og:image:width\" content=\"1024\" \/>\n\t<meta property=\"og:image:height\" content=\"683\" \/>\n\t<meta property=\"og:image:type\" content=\"image\/jpeg\" \/>\n<meta name=\"author\" content=\"favorite-news\" \/>\n<meta name=\"twitter:card\" content=\"summary_large_image\" \/>\n<meta name=\"twitter:label1\" content=\"Escrito por\" \/>\n\t<meta name=\"twitter:data1\" content=\"favorite-news\" \/>\n\t<meta name=\"twitter:label2\" content=\"Tempo estimado de leitura\" \/>\n\t<meta name=\"twitter:data2\" content=\"2 minutos\" \/>\n<script type=\"application\/ld+json\" class=\"yoast-schema-graph\">{\"@context\":\"https:\\\/\\\/schema.org\",\"@graph\":[{\"@type\":\"Article\",\"@id\":\"https:\\\/\\\/favorite-news.com\\\/pt\\\/tap-avisa-que-nao-havera-quaisquer-negociacoes-suplementares-com-sindicatos-zap\\\/#article\",\"isPartOf\":{\"@id\":\"https:\\\/\\\/favorite-news.com\\\/pt\\\/tap-avisa-que-nao-havera-quaisquer-negociacoes-suplementares-com-sindicatos-zap\\\/\"},\"author\":{\"name\":\"favorite-news\",\"@id\":\"https:\\\/\\\/favorite-news.com\\\/pt\\\/#\\\/schema\\\/person\\\/b91573b717dcfa5e4696032a9d28d3e8\"},\"headline\":\"TAP avisa que n\u00e3o haver\u00e1 &#8220;quaisquer negocia\u00e7\u00f5es suplementares&#8221; com sindicatos &#8211; ZAP\",\"datePublished\":\"2021-02-11T06:39:39+00:00\",\"dateModified\":\"2021-02-11T06:39:44+00:00\",\"mainEntityOfPage\":{\"@id\":\"https:\\\/\\\/favorite-news.com\\\/pt\\\/tap-avisa-que-nao-havera-quaisquer-negociacoes-suplementares-com-sindicatos-zap\\\/\"},\"wordCount\":361,\"commentCount\":0,\"image\":{\"@id\":\"https:\\\/\\\/favorite-news.com\\\/pt\\\/tap-avisa-que-nao-havera-quaisquer-negociacoes-suplementares-com-sindicatos-zap\\\/#primaryimage\"},\"thumbnailUrl\":\"https:\\\/\\\/favorite-news.com\\\/pt\\\/wp-content\\\/uploads\\\/sites\\\/2\\\/2021\\\/01\\\/TAP-a-financiar-se-sozinha-ja-em-2022-Renegociacao-dos-acordos.jpeg\",\"articleSection\":[\"NOT\u00cdCIAS FINANCEIRAS\"],\"inLanguage\":\"pt-PT\",\"potentialAction\":[{\"@type\":\"CommentAction\",\"name\":\"Comment\",\"target\":[\"https:\\\/\\\/favorite-news.com\\\/pt\\\/tap-avisa-que-nao-havera-quaisquer-negociacoes-suplementares-com-sindicatos-zap\\\/#respond\"]}]},{\"@type\":\"WebPage\",\"@id\":\"https:\\\/\\\/favorite-news.com\\\/pt\\\/tap-avisa-que-nao-havera-quaisquer-negociacoes-suplementares-com-sindicatos-zap\\\/\",\"url\":\"https:\\\/\\\/favorite-news.com\\\/pt\\\/tap-avisa-que-nao-havera-quaisquer-negociacoes-suplementares-com-sindicatos-zap\\\/\",\"name\":\"TAP avisa que n\u00e3o haver\u00e1 \\\"quaisquer negocia\u00e7\u00f5es suplementares\\\" com sindicatos - ZAP - Favorite News\",\"isPartOf\":{\"@id\":\"https:\\\/\\\/favorite-news.com\\\/pt\\\/#website\"},\"primaryImageOfPage\":{\"@id\":\"https:\\\/\\\/favorite-news.com\\\/pt\\\/tap-avisa-que-nao-havera-quaisquer-negociacoes-suplementares-com-sindicatos-zap\\\/#primaryimage\"},\"image\":{\"@id\":\"https:\\\/\\\/favorite-news.com\\\/pt\\\/tap-avisa-que-nao-havera-quaisquer-negociacoes-suplementares-com-sindicatos-zap\\\/#primaryimage\"},\"thumbnailUrl\":\"https:\\\/\\\/favorite-news.com\\\/pt\\\/wp-content\\\/uploads\\\/sites\\\/2\\\/2021\\\/01\\\/TAP-a-financiar-se-sozinha-ja-em-2022-Renegociacao-dos-acordos.jpeg\",\"datePublished\":\"2021-02-11T06:39:39+00:00\",\"dateModified\":\"2021-02-11T06:39:44+00:00\",\"author\":{\"@id\":\"https:\\\/\\\/favorite-news.com\\\/pt\\\/#\\\/schema\\\/person\\\/b91573b717dcfa5e4696032a9d28d3e8\"},\"breadcrumb\":{\"@id\":\"https:\\\/\\\/favorite-news.com\\\/pt\\\/tap-avisa-que-nao-havera-quaisquer-negociacoes-suplementares-com-sindicatos-zap\\\/#breadcrumb\"},\"inLanguage\":\"pt-PT\",\"potentialAction\":[{\"@type\":\"ReadAction\",\"target\":[\"https:\\\/\\\/favorite-news.com\\\/pt\\\/tap-avisa-que-nao-havera-quaisquer-negociacoes-suplementares-com-sindicatos-zap\\\/\"]}]},{\"@type\":\"ImageObject\",\"inLanguage\":\"pt-PT\",\"@id\":\"https:\\\/\\\/favorite-news.com\\\/pt\\\/tap-avisa-que-nao-havera-quaisquer-negociacoes-suplementares-com-sindicatos-zap\\\/#primaryimage\",\"url\":\"https:\\\/\\\/favorite-news.com\\\/pt\\\/wp-content\\\/uploads\\\/sites\\\/2\\\/2021\\\/01\\\/TAP-a-financiar-se-sozinha-ja-em-2022-Renegociacao-dos-acordos.jpeg\",\"contentUrl\":\"https:\\\/\\\/favorite-news.com\\\/pt\\\/wp-content\\\/uploads\\\/sites\\\/2\\\/2021\\\/01\\\/TAP-a-financiar-se-sozinha-ja-em-2022-Renegociacao-dos-acordos.jpeg\",\"width\":1024,\"height\":683,\"caption\":\"TAP a financiar-se sozinha j\u00e1 em 2022. Renegocia\u00e7\u00e3o dos acordos arranca at\u00e9 abril\"},{\"@type\":\"BreadcrumbList\",\"@id\":\"https:\\\/\\\/favorite-news.com\\\/pt\\\/tap-avisa-que-nao-havera-quaisquer-negociacoes-suplementares-com-sindicatos-zap\\\/#breadcrumb\",\"itemListElement\":[{\"@type\":\"ListItem\",\"position\":1,\"name\":\"Home\",\"item\":\"https:\\\/\\\/favorite-news.com\\\/pt\\\/\"},{\"@type\":\"ListItem\",\"position\":2,\"name\":\"TAP avisa que n\u00e3o haver\u00e1 &#8220;quaisquer negocia\u00e7\u00f5es suplementares&#8221; com sindicatos &#8211; ZAP\"}]},{\"@type\":\"WebSite\",\"@id\":\"https:\\\/\\\/favorite-news.com\\\/pt\\\/#website\",\"url\":\"https:\\\/\\\/favorite-news.com\\\/pt\\\/\",\"name\":\"Favorite News\",\"description\":\"Favorite News Portugal\",\"potentialAction\":[{\"@type\":\"SearchAction\",\"target\":{\"@type\":\"EntryPoint\",\"urlTemplate\":\"https:\\\/\\\/favorite-news.com\\\/pt\\\/?s={search_term_string}\"},\"query-input\":{\"@type\":\"PropertyValueSpecification\",\"valueRequired\":true,\"valueName\":\"search_term_string\"}}],\"inLanguage\":\"pt-PT\"},{\"@type\":\"Person\",\"@id\":\"https:\\\/\\\/favorite-news.com\\\/pt\\\/#\\\/schema\\\/person\\\/b91573b717dcfa5e4696032a9d28d3e8\",\"name\":\"favorite-news\",\"image\":{\"@type\":\"ImageObject\",\"inLanguage\":\"pt-PT\",\"@id\":\"https:\\\/\\\/secure.gravatar.com\\\/avatar\\\/6c5a5cb12b74e9d517ee91cf570335b7d16177f1977cc91db161adfa435945a7?s=96&d=mm&r=g\",\"url\":\"https:\\\/\\\/secure.gravatar.com\\\/avatar\\\/6c5a5cb12b74e9d517ee91cf570335b7d16177f1977cc91db161adfa435945a7?s=96&d=mm&r=g\",\"contentUrl\":\"https:\\\/\\\/secure.gravatar.com\\\/avatar\\\/6c5a5cb12b74e9d517ee91cf570335b7d16177f1977cc91db161adfa435945a7?s=96&d=mm&r=g\",\"caption\":\"favorite-news\"},\"url\":\"https:\\\/\\\/favorite-news.com\\\/pt\\\/author\\\/pt\\\/\"}]}<\/script>\n<!-- \/ Yoast SEO plugin. -->","yoast_head_json":{"title":"TAP avisa que n\u00e3o haver\u00e1 \"quaisquer negocia\u00e7\u00f5es suplementares\" com sindicatos - ZAP - Favorite News","robots":{"index":"index","follow":"follow","max-snippet":"max-snippet:-1","max-image-preview":"max-image-preview:large","max-video-preview":"max-video-preview:-1"},"canonical":"https:\/\/favorite-news.com\/pt\/tap-avisa-que-nao-havera-quaisquer-negociacoes-suplementares-com-sindicatos-zap\/","og_locale":"pt_PT","og_type":"article","og_title":"TAP avisa que n\u00e3o haver\u00e1 \"quaisquer negocia\u00e7\u00f5es suplementares\" com sindicatos - ZAP - Favorite News","og_description":"Curimedia \/ Wikimedia A TAP avisou os trabalhadores que, caso n\u00e3o aprovem os acordos de emerg\u00eancia obtidos com os sindicatos, \u201cn\u00e3o haver\u00e1 lugar a quaisquer negocia\u00e7\u00f5es suplementares\u201d entre a transportadora e \u201cas estruturas representativas desses trabalhadores\u201d. Numa mensagem enviada aos colaboradores, a que a Lusa teve acesso, assinada pelo presidente do Conselho de Administra\u00e7\u00e3o, Miguel [&hellip;]","og_url":"https:\/\/favorite-news.com\/pt\/tap-avisa-que-nao-havera-quaisquer-negociacoes-suplementares-com-sindicatos-zap\/","og_site_name":"Favorite News","article_published_time":"2021-02-11T06:39:39+00:00","article_modified_time":"2021-02-11T06:39:44+00:00","og_image":[{"width":1024,"height":683,"url":"https:\/\/favorite-news.com\/pt\/wp-content\/uploads\/sites\/2\/2021\/01\/TAP-a-financiar-se-sozinha-ja-em-2022-Renegociacao-dos-acordos.jpeg","type":"image\/jpeg"}],"author":"favorite-news","twitter_card":"summary_large_image","twitter_misc":{"Escrito por":"favorite-news","Tempo estimado de leitura":"2 minutos"},"schema":{"@context":"https:\/\/schema.org","@graph":[{"@type":"Article","@id":"https:\/\/favorite-news.com\/pt\/tap-avisa-que-nao-havera-quaisquer-negociacoes-suplementares-com-sindicatos-zap\/#article","isPartOf":{"@id":"https:\/\/favorite-news.com\/pt\/tap-avisa-que-nao-havera-quaisquer-negociacoes-suplementares-com-sindicatos-zap\/"},"author":{"name":"favorite-news","@id":"https:\/\/favorite-news.com\/pt\/#\/schema\/person\/b91573b717dcfa5e4696032a9d28d3e8"},"headline":"TAP avisa que n\u00e3o haver\u00e1 &#8220;quaisquer negocia\u00e7\u00f5es suplementares&#8221; com sindicatos &#8211; ZAP","datePublished":"2021-02-11T06:39:39+00:00","dateModified":"2021-02-11T06:39:44+00:00","mainEntityOfPage":{"@id":"https:\/\/favorite-news.com\/pt\/tap-avisa-que-nao-havera-quaisquer-negociacoes-suplementares-com-sindicatos-zap\/"},"wordCount":361,"commentCount":0,"image":{"@id":"https:\/\/favorite-news.com\/pt\/tap-avisa-que-nao-havera-quaisquer-negociacoes-suplementares-com-sindicatos-zap\/#primaryimage"},"thumbnailUrl":"https:\/\/favorite-news.com\/pt\/wp-content\/uploads\/sites\/2\/2021\/01\/TAP-a-financiar-se-sozinha-ja-em-2022-Renegociacao-dos-acordos.jpeg","articleSection":["NOT\u00cdCIAS FINANCEIRAS"],"inLanguage":"pt-PT","potentialAction":[{"@type":"CommentAction","name":"Comment","target":["https:\/\/favorite-news.com\/pt\/tap-avisa-que-nao-havera-quaisquer-negociacoes-suplementares-com-sindicatos-zap\/#respond"]}]},{"@type":"WebPage","@id":"https:\/\/favorite-news.com\/pt\/tap-avisa-que-nao-havera-quaisquer-negociacoes-suplementares-com-sindicatos-zap\/","url":"https:\/\/favorite-news.com\/pt\/tap-avisa-que-nao-havera-quaisquer-negociacoes-suplementares-com-sindicatos-zap\/","name":"TAP avisa que n\u00e3o haver\u00e1 \"quaisquer negocia\u00e7\u00f5es suplementares\" com sindicatos - ZAP - Favorite News","isPartOf":{"@id":"https:\/\/favorite-news.com\/pt\/#website"},"primaryImageOfPage":{"@id":"https:\/\/favorite-news.com\/pt\/tap-avisa-que-nao-havera-quaisquer-negociacoes-suplementares-com-sindicatos-zap\/#primaryimage"},"image":{"@id":"https:\/\/favorite-news.com\/pt\/tap-avisa-que-nao-havera-quaisquer-negociacoes-suplementares-com-sindicatos-zap\/#primaryimage"},"thumbnailUrl":"https:\/\/favorite-news.com\/pt\/wp-content\/uploads\/sites\/2\/2021\/01\/TAP-a-financiar-se-sozinha-ja-em-2022-Renegociacao-dos-acordos.jpeg","datePublished":"2021-02-11T06:39:39+00:00","dateModified":"2021-02-11T06:39:44+00:00","author":{"@id":"https:\/\/favorite-news.com\/pt\/#\/schema\/person\/b91573b717dcfa5e4696032a9d28d3e8"},"breadcrumb":{"@id":"https:\/\/favorite-news.com\/pt\/tap-avisa-que-nao-havera-quaisquer-negociacoes-suplementares-com-sindicatos-zap\/#breadcrumb"},"inLanguage":"pt-PT","potentialAction":[{"@type":"ReadAction","target":["https:\/\/favorite-news.com\/pt\/tap-avisa-que-nao-havera-quaisquer-negociacoes-suplementares-com-sindicatos-zap\/"]}]},{"@type":"ImageObject","inLanguage":"pt-PT","@id":"https:\/\/favorite-news.com\/pt\/tap-avisa-que-nao-havera-quaisquer-negociacoes-suplementares-com-sindicatos-zap\/#primaryimage","url":"https:\/\/favorite-news.com\/pt\/wp-content\/uploads\/sites\/2\/2021\/01\/TAP-a-financiar-se-sozinha-ja-em-2022-Renegociacao-dos-acordos.jpeg","contentUrl":"https:\/\/favorite-news.com\/pt\/wp-content\/uploads\/sites\/2\/2021\/01\/TAP-a-financiar-se-sozinha-ja-em-2022-Renegociacao-dos-acordos.jpeg","width":1024,"height":683,"caption":"TAP a financiar-se sozinha j\u00e1 em 2022. Renegocia\u00e7\u00e3o dos acordos arranca at\u00e9 abril"},{"@type":"BreadcrumbList","@id":"https:\/\/favorite-news.com\/pt\/tap-avisa-que-nao-havera-quaisquer-negociacoes-suplementares-com-sindicatos-zap\/#breadcrumb","itemListElement":[{"@type":"ListItem","position":1,"name":"Home","item":"https:\/\/favorite-news.com\/pt\/"},{"@type":"ListItem","position":2,"name":"TAP avisa que n\u00e3o haver\u00e1 &#8220;quaisquer negocia\u00e7\u00f5es suplementares&#8221; com sindicatos &#8211; ZAP"}]},{"@type":"WebSite","@id":"https:\/\/favorite-news.com\/pt\/#website","url":"https:\/\/favorite-news.com\/pt\/","name":"Favorite News","description":"Favorite News Portugal","potentialAction":[{"@type":"SearchAction","target":{"@type":"EntryPoint","urlTemplate":"https:\/\/favorite-news.com\/pt\/?s={search_term_string}"},"query-input":{"@type":"PropertyValueSpecification","valueRequired":true,"valueName":"search_term_string"}}],"inLanguage":"pt-PT"},{"@type":"Person","@id":"https:\/\/favorite-news.com\/pt\/#\/schema\/person\/b91573b717dcfa5e4696032a9d28d3e8","name":"favorite-news","image":{"@type":"ImageObject","inLanguage":"pt-PT","@id":"https:\/\/secure.gravatar.com\/avatar\/6c5a5cb12b74e9d517ee91cf570335b7d16177f1977cc91db161adfa435945a7?s=96&d=mm&r=g","url":"https:\/\/secure.gravatar.com\/avatar\/6c5a5cb12b74e9d517ee91cf570335b7d16177f1977cc91db161adfa435945a7?s=96&d=mm&r=g","contentUrl":"https:\/\/secure.gravatar.com\/avatar\/6c5a5cb12b74e9d517ee91cf570335b7d16177f1977cc91db161adfa435945a7?s=96&d=mm&r=g","caption":"favorite-news"},"url":"https:\/\/favorite-news.com\/pt\/author\/pt\/"}]}},"_links":{"self":[{"href":"https:\/\/favorite-news.com\/pt\/wp-json\/wp\/v2\/posts\/8976","targetHints":{"allow":["GET"]}}],"collection":[{"href":"https:\/\/favorite-news.com\/pt\/wp-json\/wp\/v2\/posts"}],"about":[{"href":"https:\/\/favorite-news.com\/pt\/wp-json\/wp\/v2\/types\/post"}],"author":[{"embeddable":true,"href":"https:\/\/favorite-news.com\/pt\/wp-json\/wp\/v2\/users\/2"}],"replies":[{"embeddable":true,"href":"https:\/\/favorite-news.com\/pt\/wp-json\/wp\/v2\/comments?post=8976"}],"version-history":[{"count":1,"href":"https:\/\/favorite-news.com\/pt\/wp-json\/wp\/v2\/posts\/8976\/revisions"}],"predecessor-version":[{"id":8977,"href":"https:\/\/favorite-news.com\/pt\/wp-json\/wp\/v2\/posts\/8976\/revisions\/8977"}],"wp:featuredmedia":[{"embeddable":true,"href":"https:\/\/favorite-news.com\/pt\/wp-json\/wp\/v2\/media\/8678"}],"wp:attachment":[{"href":"https:\/\/favorite-news.com\/pt\/wp-json\/wp\/v2\/media?parent=8976"}],"wp:term":[{"taxonomy":"category","embeddable":true,"href":"https:\/\/favorite-news.com\/pt\/wp-json\/wp\/v2\/categories?post=8976"},{"taxonomy":"post_tag","embeddable":true,"href":"https:\/\/favorite-news.com\/pt\/wp-json\/wp\/v2\/tags?post=8976"}],"curies":[{"name":"wp","href":"https:\/\/api.w.org\/{rel}","templated":true}]}}