{"id":8067,"date":"2020-11-28T03:22:41","date_gmt":"2020-11-28T00:22:41","guid":{"rendered":"https:\/\/favorite-news.com\/pt\/adc-acusa-modelo-continente-pingo-doce-e-auchan-de-concertar-precos\/"},"modified":"2020-11-28T03:22:44","modified_gmt":"2020-11-28T00:22:44","slug":"adc-acusa-modelo-continente-pingo-doce-e-auchan-de-concertar-precos","status":"publish","type":"post","link":"https:\/\/favorite-news.com\/pt\/adc-acusa-modelo-continente-pingo-doce-e-auchan-de-concertar-precos\/","title":{"rendered":"AdC acusa Modelo Continente, Pingo Doce e Auchan de concertar pre\u00e7os"},"content":{"rendered":"<p>        Sonae<br \/>\nA Autoridade da Concorr\u00eancia (AdC) acusou, esta sexta-feira, o Modelo Continente, o Pingo Doce, o Auchan e a Active Brands de concertarem pre\u00e7os entre 2008 e 2017.<\/p>\n<p>A nota de ilicitude (acusa\u00e7\u00e3o), emitida na ter\u00e7a-feira e hoje divulgada, p\u00f5e fim \u00e0 fase de inqu\u00e9rito e d\u00e1 in\u00edcio \u00e0 fase de instru\u00e7\u00e3o do processo, na qual \u00e9 dada oportunidade \u00e0s empresas visadas de exercerem o seu direito de audi\u00e7\u00e3o e defesa em rela\u00e7\u00e3o ao il\u00edcito que lhes \u00e9 imputado e \u00e0 san\u00e7\u00e3o em que poder\u00e3o incorrer.<br \/>\n\u201cA ado\u00e7\u00e3o da nota de ilicitude n\u00e3o determina o resultado final da investiga\u00e7\u00e3o\u201d, explica a Concorr\u00eancia em comunicado, adiantando que concluiu existirem ind\u00edcios de que as cadeias de supermercados \u201cutilizaram o relacionamento comercial com o fornecedor Active Brands\u201d (que integra o grupo econ\u00f3mico Gestvinus\/Jo\u00e3o Portugal Ramos), fornecedor de vinhos e bebidas brancas das marcas Licor Beir\u00e3o e Porto Velhotes, \u201cpara alinharem os pre\u00e7os de venda ao p\u00fablico (PVP) dos principais produtos deste \u00faltimo, em preju\u00edzo dos consumidores\u201d.<br \/>\n\u00c0 data da investiga\u00e7\u00e3o, a Active Brands era fornecedora de vinhos e bebidas brancas, e, segundo a acusa\u00e7\u00e3o, os comportamentos alegadamente il\u00edcitos ter\u00e3o durado \u201cv\u00e1rios anos, tendo-se desenvolvido entre 2008 e 2017\u201d.<\/p>\n<p>Na acusa\u00e7\u00e3o \u00e9 igualmente visado um diretor do fornecedor Active Brands e, segundo a AdC, \u201ca confirmar-se, a conduta em causa \u00e9 muito grave\u201d, pois trata-se de uma pr\u00e1tica, denominada \u201chub-and-spoke\u201d, atrav\u00e9s da qual as cadeias de distribui\u00e7\u00e3o \u201crecorrem a contactos bilaterais com o fornecedor para garantir, atrav\u00e9s deste, que todos praticam o mesmo pre\u00e7o de venda ao p\u00fablico no mercado retalhista.<br \/>\n\u201cEsta \u00e9 uma pr\u00e1tica que prejudica os consumidores, privando-os da op\u00e7\u00e3o de escolha pelo pre\u00e7o dos produtos que compram na grande distribui\u00e7\u00e3o\u201d, lembra o regulador no comunicado hoje divulgado, precisando que a acusa\u00e7\u00e3o hoje divulgada integra o terceiro conjunto de casos de \u201chub-and-spoke\u201d investigados em Portugal.<br \/>\nEm declara\u00e7\u00f5es ao site Dinheiro Vivo, fonte oficial do Pingo Doce j\u00e1 reagiu \u00e0 acusa\u00e7\u00e3o. \u201cPerante a nota de ilicitude da AdC, o Pingo Doce repudia a acusa\u00e7\u00e3o feita e vai contest\u00e1-la, n\u00e3o deixando de apresentar os seus argumentos num processo em que est\u00e1 seguro da sua conduta e do seu trabalho di\u00e1rio para levar at\u00e9 aos consumidores portugueses as melhores oportunidades de pre\u00e7o e promo\u00e7\u00f5es, e os maiores descontos\u201d.<br \/>\nO mesmo site refere que a rea\u00e7\u00e3o do Pingo Doce surge depois de o Modelo Continente tamb\u00e9m j\u00e1 ter repudiado a acusa\u00e7\u00e3o da\u00a0Autoridade da Concorr\u00eancia.<br \/>\nEm junho passado, a AdC acusou da mesma pr\u00e1tica tr\u00eas grupos da distribui\u00e7\u00e3o alimentar e um fornecedor de bolos e p\u00e3es embalados e, um m\u00eas depois, emitiu uma nova acusa\u00e7\u00e3o contra seis cadeias de supermercados e dois fornecedores de bebidas alco\u00f3licas e n\u00e3o-alco\u00f3licas. Em mar\u00e7o de 2019, j\u00e1 tinha acusado da mesma pr\u00e1tica seis grupos de distribui\u00e7\u00e3o alimentar e tr\u00eas fornecedores de bebidas.<br \/>\n\u201cA AdC tem atualmente em curso mais de dez investiga\u00e7\u00f5es no setor da grande distribui\u00e7\u00e3o de base alimentar, algumas ainda sujeitas a segredo de justi\u00e7a\u201d, diz ainda no comunicado, salientando que o setor alimentar representa \u201cuma prioridade devido ao peso\u201d que representa nos or\u00e7amentos das fam\u00edlias.<\/p>\n<p>\n<!--noindex--><br \/>\n<a href=\"https:\/\/zap.aeiou.pt\/adc-concertacao-precos-362710\" rel=\"nofollow\">Source link <\/a><br \/>\n<!--\/noindex--><\/p>\n","protected":false},"excerpt":{"rendered":"<p>Sonae A Autoridade da Concorr\u00eancia (AdC) acusou, esta sexta-feira, o Modelo Continente, o Pingo Doce, o Auchan e a Active Brands de concertarem pre\u00e7os entre 2008 e 2017. A nota de ilicitude (acusa\u00e7\u00e3o), emitida na ter\u00e7a-feira e hoje divulgada, p\u00f5e fim \u00e0 fase de inqu\u00e9rito e d\u00e1 in\u00edcio \u00e0 fase de instru\u00e7\u00e3o do processo, na [&hellip;]<\/p>\n","protected":false},"author":2,"featured_media":8068,"comment_status":"open","ping_status":"open","sticky":false,"template":"","format":"standard","meta":{"footnotes":""},"categories":[1],"tags":[],"class_list":["post-8067","post","type-post","status-publish","format-standard","has-post-thumbnail","hentry","category-noticias-financeiras"],"yoast_head":"<!-- This site is optimized with the Yoast SEO plugin v27.4 - https:\/\/yoast.com\/product\/yoast-seo-wordpress\/ -->\n<title>AdC acusa Modelo Continente, Pingo Doce e Auchan de concertar pre\u00e7os - Favorite News<\/title>\n<meta name=\"robots\" content=\"index, follow, max-snippet:-1, max-image-preview:large, max-video-preview:-1\" \/>\n<link rel=\"canonical\" href=\"https:\/\/favorite-news.com\/pt\/adc-acusa-modelo-continente-pingo-doce-e-auchan-de-concertar-precos\/\" \/>\n<meta property=\"og:locale\" content=\"pt_PT\" \/>\n<meta property=\"og:type\" content=\"article\" \/>\n<meta property=\"og:title\" content=\"AdC acusa Modelo Continente, Pingo Doce e Auchan de concertar pre\u00e7os - Favorite News\" \/>\n<meta property=\"og:description\" content=\"Sonae A Autoridade da Concorr\u00eancia (AdC) acusou, esta sexta-feira, o Modelo Continente, o Pingo Doce, o Auchan e a Active Brands de concertarem pre\u00e7os entre 2008 e 2017. A nota de ilicitude (acusa\u00e7\u00e3o), emitida na ter\u00e7a-feira e hoje divulgada, p\u00f5e fim \u00e0 fase de inqu\u00e9rito e d\u00e1 in\u00edcio \u00e0 fase de instru\u00e7\u00e3o do processo, na [&hellip;]\" \/>\n<meta property=\"og:url\" content=\"https:\/\/favorite-news.com\/pt\/adc-acusa-modelo-continente-pingo-doce-e-auchan-de-concertar-precos\/\" \/>\n<meta property=\"og:site_name\" content=\"Favorite News\" \/>\n<meta property=\"article:published_time\" content=\"2020-11-28T00:22:41+00:00\" \/>\n<meta property=\"article:modified_time\" content=\"2020-11-28T00:22:44+00:00\" \/>\n<meta property=\"og:image\" content=\"https:\/\/favorite-news.com\/pt\/wp-content\/uploads\/sites\/2\/2020\/11\/AdC-acusa-Modelo-Continente-Pingo-Doce-e-Auchan-de-concertar.jpg\" \/>\n\t<meta property=\"og:image:width\" content=\"960\" \/>\n\t<meta property=\"og:image:height\" content=\"464\" \/>\n\t<meta property=\"og:image:type\" content=\"image\/jpeg\" \/>\n<meta name=\"author\" content=\"favorite-news\" \/>\n<meta name=\"twitter:card\" content=\"summary_large_image\" \/>\n<meta name=\"twitter:label1\" content=\"Escrito por\" \/>\n\t<meta name=\"twitter:data1\" content=\"favorite-news\" \/>\n\t<meta name=\"twitter:label2\" content=\"Tempo estimado de leitura\" \/>\n\t<meta name=\"twitter:data2\" content=\"3 minutos\" \/>\n<script type=\"application\/ld+json\" class=\"yoast-schema-graph\">{\"@context\":\"https:\\\/\\\/schema.org\",\"@graph\":[{\"@type\":\"Article\",\"@id\":\"https:\\\/\\\/favorite-news.com\\\/pt\\\/adc-acusa-modelo-continente-pingo-doce-e-auchan-de-concertar-precos\\\/#article\",\"isPartOf\":{\"@id\":\"https:\\\/\\\/favorite-news.com\\\/pt\\\/adc-acusa-modelo-continente-pingo-doce-e-auchan-de-concertar-precos\\\/\"},\"author\":{\"name\":\"favorite-news\",\"@id\":\"https:\\\/\\\/favorite-news.com\\\/pt\\\/#\\\/schema\\\/person\\\/b91573b717dcfa5e4696032a9d28d3e8\"},\"headline\":\"AdC acusa Modelo Continente, Pingo Doce e Auchan de concertar pre\u00e7os\",\"datePublished\":\"2020-11-28T00:22:41+00:00\",\"dateModified\":\"2020-11-28T00:22:44+00:00\",\"mainEntityOfPage\":{\"@id\":\"https:\\\/\\\/favorite-news.com\\\/pt\\\/adc-acusa-modelo-continente-pingo-doce-e-auchan-de-concertar-precos\\\/\"},\"wordCount\":579,\"commentCount\":0,\"image\":{\"@id\":\"https:\\\/\\\/favorite-news.com\\\/pt\\\/adc-acusa-modelo-continente-pingo-doce-e-auchan-de-concertar-precos\\\/#primaryimage\"},\"thumbnailUrl\":\"https:\\\/\\\/favorite-news.com\\\/pt\\\/wp-content\\\/uploads\\\/sites\\\/2\\\/2020\\\/11\\\/AdC-acusa-Modelo-Continente-Pingo-Doce-e-Auchan-de-concertar.jpg\",\"articleSection\":[\"NOT\u00cdCIAS FINANCEIRAS\"],\"inLanguage\":\"pt-PT\",\"potentialAction\":[{\"@type\":\"CommentAction\",\"name\":\"Comment\",\"target\":[\"https:\\\/\\\/favorite-news.com\\\/pt\\\/adc-acusa-modelo-continente-pingo-doce-e-auchan-de-concertar-precos\\\/#respond\"]}]},{\"@type\":\"WebPage\",\"@id\":\"https:\\\/\\\/favorite-news.com\\\/pt\\\/adc-acusa-modelo-continente-pingo-doce-e-auchan-de-concertar-precos\\\/\",\"url\":\"https:\\\/\\\/favorite-news.com\\\/pt\\\/adc-acusa-modelo-continente-pingo-doce-e-auchan-de-concertar-precos\\\/\",\"name\":\"AdC acusa Modelo Continente, Pingo Doce e Auchan de concertar pre\u00e7os - Favorite News\",\"isPartOf\":{\"@id\":\"https:\\\/\\\/favorite-news.com\\\/pt\\\/#website\"},\"primaryImageOfPage\":{\"@id\":\"https:\\\/\\\/favorite-news.com\\\/pt\\\/adc-acusa-modelo-continente-pingo-doce-e-auchan-de-concertar-precos\\\/#primaryimage\"},\"image\":{\"@id\":\"https:\\\/\\\/favorite-news.com\\\/pt\\\/adc-acusa-modelo-continente-pingo-doce-e-auchan-de-concertar-precos\\\/#primaryimage\"},\"thumbnailUrl\":\"https:\\\/\\\/favorite-news.com\\\/pt\\\/wp-content\\\/uploads\\\/sites\\\/2\\\/2020\\\/11\\\/AdC-acusa-Modelo-Continente-Pingo-Doce-e-Auchan-de-concertar.jpg\",\"datePublished\":\"2020-11-28T00:22:41+00:00\",\"dateModified\":\"2020-11-28T00:22:44+00:00\",\"author\":{\"@id\":\"https:\\\/\\\/favorite-news.com\\\/pt\\\/#\\\/schema\\\/person\\\/b91573b717dcfa5e4696032a9d28d3e8\"},\"breadcrumb\":{\"@id\":\"https:\\\/\\\/favorite-news.com\\\/pt\\\/adc-acusa-modelo-continente-pingo-doce-e-auchan-de-concertar-precos\\\/#breadcrumb\"},\"inLanguage\":\"pt-PT\",\"potentialAction\":[{\"@type\":\"ReadAction\",\"target\":[\"https:\\\/\\\/favorite-news.com\\\/pt\\\/adc-acusa-modelo-continente-pingo-doce-e-auchan-de-concertar-precos\\\/\"]}]},{\"@type\":\"ImageObject\",\"inLanguage\":\"pt-PT\",\"@id\":\"https:\\\/\\\/favorite-news.com\\\/pt\\\/adc-acusa-modelo-continente-pingo-doce-e-auchan-de-concertar-precos\\\/#primaryimage\",\"url\":\"https:\\\/\\\/favorite-news.com\\\/pt\\\/wp-content\\\/uploads\\\/sites\\\/2\\\/2020\\\/11\\\/AdC-acusa-Modelo-Continente-Pingo-Doce-e-Auchan-de-concertar.jpg\",\"contentUrl\":\"https:\\\/\\\/favorite-news.com\\\/pt\\\/wp-content\\\/uploads\\\/sites\\\/2\\\/2020\\\/11\\\/AdC-acusa-Modelo-Continente-Pingo-Doce-e-Auchan-de-concertar.jpg\",\"width\":960,\"height\":464,\"caption\":\"AdC acusa Modelo Continente, Pingo Doce e Auchan de concertar pre\u00e7os\"},{\"@type\":\"BreadcrumbList\",\"@id\":\"https:\\\/\\\/favorite-news.com\\\/pt\\\/adc-acusa-modelo-continente-pingo-doce-e-auchan-de-concertar-precos\\\/#breadcrumb\",\"itemListElement\":[{\"@type\":\"ListItem\",\"position\":1,\"name\":\"Home\",\"item\":\"https:\\\/\\\/favorite-news.com\\\/pt\\\/\"},{\"@type\":\"ListItem\",\"position\":2,\"name\":\"AdC acusa Modelo Continente, Pingo Doce e Auchan de concertar pre\u00e7os\"}]},{\"@type\":\"WebSite\",\"@id\":\"https:\\\/\\\/favorite-news.com\\\/pt\\\/#website\",\"url\":\"https:\\\/\\\/favorite-news.com\\\/pt\\\/\",\"name\":\"Favorite News\",\"description\":\"Favorite News Portugal\",\"potentialAction\":[{\"@type\":\"SearchAction\",\"target\":{\"@type\":\"EntryPoint\",\"urlTemplate\":\"https:\\\/\\\/favorite-news.com\\\/pt\\\/?s={search_term_string}\"},\"query-input\":{\"@type\":\"PropertyValueSpecification\",\"valueRequired\":true,\"valueName\":\"search_term_string\"}}],\"inLanguage\":\"pt-PT\"},{\"@type\":\"Person\",\"@id\":\"https:\\\/\\\/favorite-news.com\\\/pt\\\/#\\\/schema\\\/person\\\/b91573b717dcfa5e4696032a9d28d3e8\",\"name\":\"favorite-news\",\"image\":{\"@type\":\"ImageObject\",\"inLanguage\":\"pt-PT\",\"@id\":\"https:\\\/\\\/secure.gravatar.com\\\/avatar\\\/6c5a5cb12b74e9d517ee91cf570335b7d16177f1977cc91db161adfa435945a7?s=96&d=mm&r=g\",\"url\":\"https:\\\/\\\/secure.gravatar.com\\\/avatar\\\/6c5a5cb12b74e9d517ee91cf570335b7d16177f1977cc91db161adfa435945a7?s=96&d=mm&r=g\",\"contentUrl\":\"https:\\\/\\\/secure.gravatar.com\\\/avatar\\\/6c5a5cb12b74e9d517ee91cf570335b7d16177f1977cc91db161adfa435945a7?s=96&d=mm&r=g\",\"caption\":\"favorite-news\"},\"url\":\"https:\\\/\\\/favorite-news.com\\\/pt\\\/author\\\/pt\\\/\"}]}<\/script>\n<!-- \/ Yoast SEO plugin. -->","yoast_head_json":{"title":"AdC acusa Modelo Continente, Pingo Doce e Auchan de concertar pre\u00e7os - Favorite News","robots":{"index":"index","follow":"follow","max-snippet":"max-snippet:-1","max-image-preview":"max-image-preview:large","max-video-preview":"max-video-preview:-1"},"canonical":"https:\/\/favorite-news.com\/pt\/adc-acusa-modelo-continente-pingo-doce-e-auchan-de-concertar-precos\/","og_locale":"pt_PT","og_type":"article","og_title":"AdC acusa Modelo Continente, Pingo Doce e Auchan de concertar pre\u00e7os - Favorite News","og_description":"Sonae A Autoridade da Concorr\u00eancia (AdC) acusou, esta sexta-feira, o Modelo Continente, o Pingo Doce, o Auchan e a Active Brands de concertarem pre\u00e7os entre 2008 e 2017. A nota de ilicitude (acusa\u00e7\u00e3o), emitida na ter\u00e7a-feira e hoje divulgada, p\u00f5e fim \u00e0 fase de inqu\u00e9rito e d\u00e1 in\u00edcio \u00e0 fase de instru\u00e7\u00e3o do processo, na [&hellip;]","og_url":"https:\/\/favorite-news.com\/pt\/adc-acusa-modelo-continente-pingo-doce-e-auchan-de-concertar-precos\/","og_site_name":"Favorite News","article_published_time":"2020-11-28T00:22:41+00:00","article_modified_time":"2020-11-28T00:22:44+00:00","og_image":[{"width":960,"height":464,"url":"https:\/\/favorite-news.com\/pt\/wp-content\/uploads\/sites\/2\/2020\/11\/AdC-acusa-Modelo-Continente-Pingo-Doce-e-Auchan-de-concertar.jpg","type":"image\/jpeg"}],"author":"favorite-news","twitter_card":"summary_large_image","twitter_misc":{"Escrito por":"favorite-news","Tempo estimado de leitura":"3 minutos"},"schema":{"@context":"https:\/\/schema.org","@graph":[{"@type":"Article","@id":"https:\/\/favorite-news.com\/pt\/adc-acusa-modelo-continente-pingo-doce-e-auchan-de-concertar-precos\/#article","isPartOf":{"@id":"https:\/\/favorite-news.com\/pt\/adc-acusa-modelo-continente-pingo-doce-e-auchan-de-concertar-precos\/"},"author":{"name":"favorite-news","@id":"https:\/\/favorite-news.com\/pt\/#\/schema\/person\/b91573b717dcfa5e4696032a9d28d3e8"},"headline":"AdC acusa Modelo Continente, Pingo Doce e Auchan de concertar pre\u00e7os","datePublished":"2020-11-28T00:22:41+00:00","dateModified":"2020-11-28T00:22:44+00:00","mainEntityOfPage":{"@id":"https:\/\/favorite-news.com\/pt\/adc-acusa-modelo-continente-pingo-doce-e-auchan-de-concertar-precos\/"},"wordCount":579,"commentCount":0,"image":{"@id":"https:\/\/favorite-news.com\/pt\/adc-acusa-modelo-continente-pingo-doce-e-auchan-de-concertar-precos\/#primaryimage"},"thumbnailUrl":"https:\/\/favorite-news.com\/pt\/wp-content\/uploads\/sites\/2\/2020\/11\/AdC-acusa-Modelo-Continente-Pingo-Doce-e-Auchan-de-concertar.jpg","articleSection":["NOT\u00cdCIAS FINANCEIRAS"],"inLanguage":"pt-PT","potentialAction":[{"@type":"CommentAction","name":"Comment","target":["https:\/\/favorite-news.com\/pt\/adc-acusa-modelo-continente-pingo-doce-e-auchan-de-concertar-precos\/#respond"]}]},{"@type":"WebPage","@id":"https:\/\/favorite-news.com\/pt\/adc-acusa-modelo-continente-pingo-doce-e-auchan-de-concertar-precos\/","url":"https:\/\/favorite-news.com\/pt\/adc-acusa-modelo-continente-pingo-doce-e-auchan-de-concertar-precos\/","name":"AdC acusa Modelo Continente, Pingo Doce e Auchan de concertar pre\u00e7os - Favorite News","isPartOf":{"@id":"https:\/\/favorite-news.com\/pt\/#website"},"primaryImageOfPage":{"@id":"https:\/\/favorite-news.com\/pt\/adc-acusa-modelo-continente-pingo-doce-e-auchan-de-concertar-precos\/#primaryimage"},"image":{"@id":"https:\/\/favorite-news.com\/pt\/adc-acusa-modelo-continente-pingo-doce-e-auchan-de-concertar-precos\/#primaryimage"},"thumbnailUrl":"https:\/\/favorite-news.com\/pt\/wp-content\/uploads\/sites\/2\/2020\/11\/AdC-acusa-Modelo-Continente-Pingo-Doce-e-Auchan-de-concertar.jpg","datePublished":"2020-11-28T00:22:41+00:00","dateModified":"2020-11-28T00:22:44+00:00","author":{"@id":"https:\/\/favorite-news.com\/pt\/#\/schema\/person\/b91573b717dcfa5e4696032a9d28d3e8"},"breadcrumb":{"@id":"https:\/\/favorite-news.com\/pt\/adc-acusa-modelo-continente-pingo-doce-e-auchan-de-concertar-precos\/#breadcrumb"},"inLanguage":"pt-PT","potentialAction":[{"@type":"ReadAction","target":["https:\/\/favorite-news.com\/pt\/adc-acusa-modelo-continente-pingo-doce-e-auchan-de-concertar-precos\/"]}]},{"@type":"ImageObject","inLanguage":"pt-PT","@id":"https:\/\/favorite-news.com\/pt\/adc-acusa-modelo-continente-pingo-doce-e-auchan-de-concertar-precos\/#primaryimage","url":"https:\/\/favorite-news.com\/pt\/wp-content\/uploads\/sites\/2\/2020\/11\/AdC-acusa-Modelo-Continente-Pingo-Doce-e-Auchan-de-concertar.jpg","contentUrl":"https:\/\/favorite-news.com\/pt\/wp-content\/uploads\/sites\/2\/2020\/11\/AdC-acusa-Modelo-Continente-Pingo-Doce-e-Auchan-de-concertar.jpg","width":960,"height":464,"caption":"AdC acusa Modelo Continente, Pingo Doce e Auchan de concertar pre\u00e7os"},{"@type":"BreadcrumbList","@id":"https:\/\/favorite-news.com\/pt\/adc-acusa-modelo-continente-pingo-doce-e-auchan-de-concertar-precos\/#breadcrumb","itemListElement":[{"@type":"ListItem","position":1,"name":"Home","item":"https:\/\/favorite-news.com\/pt\/"},{"@type":"ListItem","position":2,"name":"AdC acusa Modelo Continente, Pingo Doce e Auchan de concertar pre\u00e7os"}]},{"@type":"WebSite","@id":"https:\/\/favorite-news.com\/pt\/#website","url":"https:\/\/favorite-news.com\/pt\/","name":"Favorite News","description":"Favorite News Portugal","potentialAction":[{"@type":"SearchAction","target":{"@type":"EntryPoint","urlTemplate":"https:\/\/favorite-news.com\/pt\/?s={search_term_string}"},"query-input":{"@type":"PropertyValueSpecification","valueRequired":true,"valueName":"search_term_string"}}],"inLanguage":"pt-PT"},{"@type":"Person","@id":"https:\/\/favorite-news.com\/pt\/#\/schema\/person\/b91573b717dcfa5e4696032a9d28d3e8","name":"favorite-news","image":{"@type":"ImageObject","inLanguage":"pt-PT","@id":"https:\/\/secure.gravatar.com\/avatar\/6c5a5cb12b74e9d517ee91cf570335b7d16177f1977cc91db161adfa435945a7?s=96&d=mm&r=g","url":"https:\/\/secure.gravatar.com\/avatar\/6c5a5cb12b74e9d517ee91cf570335b7d16177f1977cc91db161adfa435945a7?s=96&d=mm&r=g","contentUrl":"https:\/\/secure.gravatar.com\/avatar\/6c5a5cb12b74e9d517ee91cf570335b7d16177f1977cc91db161adfa435945a7?s=96&d=mm&r=g","caption":"favorite-news"},"url":"https:\/\/favorite-news.com\/pt\/author\/pt\/"}]}},"_links":{"self":[{"href":"https:\/\/favorite-news.com\/pt\/wp-json\/wp\/v2\/posts\/8067","targetHints":{"allow":["GET"]}}],"collection":[{"href":"https:\/\/favorite-news.com\/pt\/wp-json\/wp\/v2\/posts"}],"about":[{"href":"https:\/\/favorite-news.com\/pt\/wp-json\/wp\/v2\/types\/post"}],"author":[{"embeddable":true,"href":"https:\/\/favorite-news.com\/pt\/wp-json\/wp\/v2\/users\/2"}],"replies":[{"embeddable":true,"href":"https:\/\/favorite-news.com\/pt\/wp-json\/wp\/v2\/comments?post=8067"}],"version-history":[{"count":1,"href":"https:\/\/favorite-news.com\/pt\/wp-json\/wp\/v2\/posts\/8067\/revisions"}],"predecessor-version":[{"id":8069,"href":"https:\/\/favorite-news.com\/pt\/wp-json\/wp\/v2\/posts\/8067\/revisions\/8069"}],"wp:featuredmedia":[{"embeddable":true,"href":"https:\/\/favorite-news.com\/pt\/wp-json\/wp\/v2\/media\/8068"}],"wp:attachment":[{"href":"https:\/\/favorite-news.com\/pt\/wp-json\/wp\/v2\/media?parent=8067"}],"wp:term":[{"taxonomy":"category","embeddable":true,"href":"https:\/\/favorite-news.com\/pt\/wp-json\/wp\/v2\/categories?post=8067"},{"taxonomy":"post_tag","embeddable":true,"href":"https:\/\/favorite-news.com\/pt\/wp-json\/wp\/v2\/tags?post=8067"}],"curies":[{"name":"wp","href":"https:\/\/api.w.org\/{rel}","templated":true}]}}