{"id":11300,"date":"2021-09-01T02:38:25","date_gmt":"2021-08-31T23:38:25","guid":{"rendered":"https:\/\/favorite-news.com\/pt\/nova-fonte-tipografica-para-os-25-anos-da-saraivaassociados-com-video-meios-publicidade\/"},"modified":"2021-09-01T02:38:43","modified_gmt":"2021-08-31T23:38:43","slug":"nova-fonte-tipografica-para-os-25-anos-da-saraivaassociados-com-video-meios-publicidade","status":"publish","type":"post","link":"https:\/\/favorite-news.com\/pt\/nova-fonte-tipografica-para-os-25-anos-da-saraivaassociados-com-video-meios-publicidade\/","title":{"rendered":"Nova fonte tipogr\u00e1fica para os 25 anos da Saraiva+Associados (com v\u00eddeo) &#8211; Meios &#038; Publicidade"},"content":{"rendered":"<p>\t\t\t\tPor Meios &amp; Publicidade a 31 de Agosto de 2021<\/p>\n<p>\t\t\tDesenvolvida pela Deadinbeirute e pelo tip\u00f3grafo Lu\u00eds Bandovas, a S+A 25 apresenta-se como a nova fonte tipogr\u00e1fica da Saraiva+Associados.<br \/>\nO projecto de rebranding do atelier de arquitectura est\u00e1 a ser trabalhado pelo est\u00fadio de design Deadinbeirute desde Abril e tem lan\u00e7amento previsto para Outubro. O primeiro elemento da nova identidade \u00e9 uma fonte tipogr\u00e1fica corporativa customizada e inspirada na caligrafia de Miguel Saraiva, fundador da Saraiva+Associados. O atelier est\u00e1 a comemorar 25 anos de exist\u00eancia.<br \/>\n\u201cA cria\u00e7\u00e3o de uma nova identidade que trouxesse para o seu contexto a personalidade de Miguel Saraiva, fundador da Saraiva+Associados, foi colocada desde o in\u00edcio na defini\u00e7\u00e3o dos objectivos deste rebranding. O desafio deste projecto reside essencialmente na capacidade de trazer esse lado mais aut\u00eantico, pessoal e autoral, para o universo de uma marca corporativa como a Saraiva+Associados. A fonte tipogr\u00e1fica S+A 25 \u00e9 um primeiro passo nessa direc\u00e7\u00e3o\u201d, comenta Marko Rosalline, director criativo da Deadinbeirute.<br \/>\nA S+A 25 vai ser distribu\u00edda, aplicada e utilizada pelos sete escrit\u00f3rios do atelier de arquitetura, unificando e fortalecendo a exist\u00eancia da empresa e da sua marca. O est\u00fadio de design tem ainda a seu cargo o lan\u00e7amento de um livro e de um filme.<\/p>\n<p>\u00a0<\/p>\n<p>\n<!--noindex--><br \/>\n<a href=\"https:\/\/www.meiosepublicidade.pt\/2021\/08\/nova-fonte-tipografica-para-os-25-anos-da-saraivaassociados-com-video\/?utm_source=rss&#038;utm_medium=rss&#038;utm_campaign=nova-fonte-tipografica-para-os-25-anos-da-saraivaassociados-com-video\" rel=\"nofollow\">Source link <\/a><br \/>\n<!--\/noindex--><\/p>\n","protected":false},"excerpt":{"rendered":"<p>Por Meios &amp; Publicidade a 31 de Agosto de 2021 Desenvolvida pela Deadinbeirute e pelo tip\u00f3grafo Lu\u00eds Bandovas, a S+A 25 apresenta-se como a nova fonte tipogr\u00e1fica da Saraiva+Associados. O projecto de rebranding do atelier de arquitectura est\u00e1 a ser trabalhado pelo est\u00fadio de design Deadinbeirute desde Abril e tem lan\u00e7amento previsto para Outubro. O [&hellip;]<\/p>\n","protected":false},"author":2,"featured_media":11301,"comment_status":"open","ping_status":"open","sticky":false,"template":"","format":"standard","meta":{"footnotes":""},"categories":[3],"tags":[],"class_list":["post-11300","post","type-post","status-publish","format-standard","has-post-thumbnail","hentry","category-noticias-de-marketing-na-internet"],"yoast_head":"<!-- This site is optimized with the Yoast SEO plugin v27.4 - https:\/\/yoast.com\/product\/yoast-seo-wordpress\/ -->\n<title>Nova fonte tipogr\u00e1fica para os 25 anos da Saraiva+Associados (com v\u00eddeo) - Meios &amp; Publicidade - Favorite News<\/title>\n<meta name=\"robots\" content=\"index, follow, max-snippet:-1, max-image-preview:large, max-video-preview:-1\" \/>\n<link rel=\"canonical\" href=\"https:\/\/favorite-news.com\/pt\/nova-fonte-tipografica-para-os-25-anos-da-saraivaassociados-com-video-meios-publicidade\/\" \/>\n<meta property=\"og:locale\" content=\"pt_PT\" \/>\n<meta property=\"og:type\" content=\"article\" \/>\n<meta property=\"og:title\" content=\"Nova fonte tipogr\u00e1fica para os 25 anos da Saraiva+Associados (com v\u00eddeo) - Meios &amp; Publicidade - Favorite News\" \/>\n<meta property=\"og:description\" content=\"Por Meios &amp; Publicidade a 31 de Agosto de 2021 Desenvolvida pela Deadinbeirute e pelo tip\u00f3grafo Lu\u00eds Bandovas, a S+A 25 apresenta-se como a nova fonte tipogr\u00e1fica da Saraiva+Associados. O projecto de rebranding do atelier de arquitectura est\u00e1 a ser trabalhado pelo est\u00fadio de design Deadinbeirute desde Abril e tem lan\u00e7amento previsto para Outubro. O [&hellip;]\" \/>\n<meta property=\"og:url\" content=\"https:\/\/favorite-news.com\/pt\/nova-fonte-tipografica-para-os-25-anos-da-saraivaassociados-com-video-meios-publicidade\/\" \/>\n<meta property=\"og:site_name\" content=\"Favorite News\" \/>\n<meta property=\"article:published_time\" content=\"2021-08-31T23:38:25+00:00\" \/>\n<meta property=\"article:modified_time\" content=\"2021-08-31T23:38:43+00:00\" \/>\n<meta property=\"og:image\" content=\"https:\/\/favorite-news.com\/pt\/wp-content\/uploads\/sites\/2\/2021\/09\/Nova-fonte-tipografica-para-os-25-anos-da-SaraivaAssociados-com.jpg\" \/>\n\t<meta property=\"og:image:width\" content=\"850\" \/>\n\t<meta property=\"og:image:height\" content=\"474\" \/>\n\t<meta property=\"og:image:type\" content=\"image\/jpeg\" \/>\n<meta name=\"author\" content=\"favorite-news\" \/>\n<meta name=\"twitter:card\" content=\"summary_large_image\" \/>\n<meta name=\"twitter:label1\" content=\"Escrito por\" \/>\n\t<meta name=\"twitter:data1\" content=\"favorite-news\" \/>\n\t<meta name=\"twitter:label2\" content=\"Tempo estimado de leitura\" \/>\n\t<meta name=\"twitter:data2\" content=\"1 minuto\" \/>\n<script type=\"application\/ld+json\" class=\"yoast-schema-graph\">{\"@context\":\"https:\\\/\\\/schema.org\",\"@graph\":[{\"@type\":\"Article\",\"@id\":\"https:\\\/\\\/favorite-news.com\\\/pt\\\/nova-fonte-tipografica-para-os-25-anos-da-saraivaassociados-com-video-meios-publicidade\\\/#article\",\"isPartOf\":{\"@id\":\"https:\\\/\\\/favorite-news.com\\\/pt\\\/nova-fonte-tipografica-para-os-25-anos-da-saraivaassociados-com-video-meios-publicidade\\\/\"},\"author\":{\"name\":\"favorite-news\",\"@id\":\"https:\\\/\\\/favorite-news.com\\\/pt\\\/#\\\/schema\\\/person\\\/b91573b717dcfa5e4696032a9d28d3e8\"},\"headline\":\"Nova fonte tipogr\u00e1fica para os 25 anos da Saraiva+Associados (com v\u00eddeo) &#8211; Meios &#038; Publicidade\",\"datePublished\":\"2021-08-31T23:38:25+00:00\",\"dateModified\":\"2021-08-31T23:38:43+00:00\",\"mainEntityOfPage\":{\"@id\":\"https:\\\/\\\/favorite-news.com\\\/pt\\\/nova-fonte-tipografica-para-os-25-anos-da-saraivaassociados-com-video-meios-publicidade\\\/\"},\"wordCount\":241,\"commentCount\":0,\"image\":{\"@id\":\"https:\\\/\\\/favorite-news.com\\\/pt\\\/nova-fonte-tipografica-para-os-25-anos-da-saraivaassociados-com-video-meios-publicidade\\\/#primaryimage\"},\"thumbnailUrl\":\"https:\\\/\\\/favorite-news.com\\\/pt\\\/wp-content\\\/uploads\\\/sites\\\/2\\\/2021\\\/09\\\/Nova-fonte-tipografica-para-os-25-anos-da-SaraivaAssociados-com.jpg\",\"articleSection\":[\"NOT\u00cdCIAS DE MARKETING NA INTERNET\"],\"inLanguage\":\"pt-PT\",\"potentialAction\":[{\"@type\":\"CommentAction\",\"name\":\"Comment\",\"target\":[\"https:\\\/\\\/favorite-news.com\\\/pt\\\/nova-fonte-tipografica-para-os-25-anos-da-saraivaassociados-com-video-meios-publicidade\\\/#respond\"]}]},{\"@type\":\"WebPage\",\"@id\":\"https:\\\/\\\/favorite-news.com\\\/pt\\\/nova-fonte-tipografica-para-os-25-anos-da-saraivaassociados-com-video-meios-publicidade\\\/\",\"url\":\"https:\\\/\\\/favorite-news.com\\\/pt\\\/nova-fonte-tipografica-para-os-25-anos-da-saraivaassociados-com-video-meios-publicidade\\\/\",\"name\":\"Nova fonte tipogr\u00e1fica para os 25 anos da Saraiva+Associados (com v\u00eddeo) - Meios & Publicidade - Favorite News\",\"isPartOf\":{\"@id\":\"https:\\\/\\\/favorite-news.com\\\/pt\\\/#website\"},\"primaryImageOfPage\":{\"@id\":\"https:\\\/\\\/favorite-news.com\\\/pt\\\/nova-fonte-tipografica-para-os-25-anos-da-saraivaassociados-com-video-meios-publicidade\\\/#primaryimage\"},\"image\":{\"@id\":\"https:\\\/\\\/favorite-news.com\\\/pt\\\/nova-fonte-tipografica-para-os-25-anos-da-saraivaassociados-com-video-meios-publicidade\\\/#primaryimage\"},\"thumbnailUrl\":\"https:\\\/\\\/favorite-news.com\\\/pt\\\/wp-content\\\/uploads\\\/sites\\\/2\\\/2021\\\/09\\\/Nova-fonte-tipografica-para-os-25-anos-da-SaraivaAssociados-com.jpg\",\"datePublished\":\"2021-08-31T23:38:25+00:00\",\"dateModified\":\"2021-08-31T23:38:43+00:00\",\"author\":{\"@id\":\"https:\\\/\\\/favorite-news.com\\\/pt\\\/#\\\/schema\\\/person\\\/b91573b717dcfa5e4696032a9d28d3e8\"},\"breadcrumb\":{\"@id\":\"https:\\\/\\\/favorite-news.com\\\/pt\\\/nova-fonte-tipografica-para-os-25-anos-da-saraivaassociados-com-video-meios-publicidade\\\/#breadcrumb\"},\"inLanguage\":\"pt-PT\",\"potentialAction\":[{\"@type\":\"ReadAction\",\"target\":[\"https:\\\/\\\/favorite-news.com\\\/pt\\\/nova-fonte-tipografica-para-os-25-anos-da-saraivaassociados-com-video-meios-publicidade\\\/\"]}]},{\"@type\":\"ImageObject\",\"inLanguage\":\"pt-PT\",\"@id\":\"https:\\\/\\\/favorite-news.com\\\/pt\\\/nova-fonte-tipografica-para-os-25-anos-da-saraivaassociados-com-video-meios-publicidade\\\/#primaryimage\",\"url\":\"https:\\\/\\\/favorite-news.com\\\/pt\\\/wp-content\\\/uploads\\\/sites\\\/2\\\/2021\\\/09\\\/Nova-fonte-tipografica-para-os-25-anos-da-SaraivaAssociados-com.jpg\",\"contentUrl\":\"https:\\\/\\\/favorite-news.com\\\/pt\\\/wp-content\\\/uploads\\\/sites\\\/2\\\/2021\\\/09\\\/Nova-fonte-tipografica-para-os-25-anos-da-SaraivaAssociados-com.jpg\",\"width\":850,\"height\":474,\"caption\":\"Nova fonte tipogr\u00e1fica para os 25 anos da Saraiva+Associados (com v\u00eddeo) - Meios & Publicidade\"},{\"@type\":\"BreadcrumbList\",\"@id\":\"https:\\\/\\\/favorite-news.com\\\/pt\\\/nova-fonte-tipografica-para-os-25-anos-da-saraivaassociados-com-video-meios-publicidade\\\/#breadcrumb\",\"itemListElement\":[{\"@type\":\"ListItem\",\"position\":1,\"name\":\"Home\",\"item\":\"https:\\\/\\\/favorite-news.com\\\/pt\\\/\"},{\"@type\":\"ListItem\",\"position\":2,\"name\":\"Nova fonte tipogr\u00e1fica para os 25 anos da Saraiva+Associados (com v\u00eddeo) &#8211; Meios &#038; Publicidade\"}]},{\"@type\":\"WebSite\",\"@id\":\"https:\\\/\\\/favorite-news.com\\\/pt\\\/#website\",\"url\":\"https:\\\/\\\/favorite-news.com\\\/pt\\\/\",\"name\":\"Favorite News\",\"description\":\"Favorite News Portugal\",\"potentialAction\":[{\"@type\":\"SearchAction\",\"target\":{\"@type\":\"EntryPoint\",\"urlTemplate\":\"https:\\\/\\\/favorite-news.com\\\/pt\\\/?s={search_term_string}\"},\"query-input\":{\"@type\":\"PropertyValueSpecification\",\"valueRequired\":true,\"valueName\":\"search_term_string\"}}],\"inLanguage\":\"pt-PT\"},{\"@type\":\"Person\",\"@id\":\"https:\\\/\\\/favorite-news.com\\\/pt\\\/#\\\/schema\\\/person\\\/b91573b717dcfa5e4696032a9d28d3e8\",\"name\":\"favorite-news\",\"image\":{\"@type\":\"ImageObject\",\"inLanguage\":\"pt-PT\",\"@id\":\"https:\\\/\\\/secure.gravatar.com\\\/avatar\\\/6c5a5cb12b74e9d517ee91cf570335b7d16177f1977cc91db161adfa435945a7?s=96&d=mm&r=g\",\"url\":\"https:\\\/\\\/secure.gravatar.com\\\/avatar\\\/6c5a5cb12b74e9d517ee91cf570335b7d16177f1977cc91db161adfa435945a7?s=96&d=mm&r=g\",\"contentUrl\":\"https:\\\/\\\/secure.gravatar.com\\\/avatar\\\/6c5a5cb12b74e9d517ee91cf570335b7d16177f1977cc91db161adfa435945a7?s=96&d=mm&r=g\",\"caption\":\"favorite-news\"},\"url\":\"https:\\\/\\\/favorite-news.com\\\/pt\\\/author\\\/pt\\\/\"}]}<\/script>\n<!-- \/ Yoast SEO plugin. -->","yoast_head_json":{"title":"Nova fonte tipogr\u00e1fica para os 25 anos da Saraiva+Associados (com v\u00eddeo) - Meios & Publicidade - Favorite News","robots":{"index":"index","follow":"follow","max-snippet":"max-snippet:-1","max-image-preview":"max-image-preview:large","max-video-preview":"max-video-preview:-1"},"canonical":"https:\/\/favorite-news.com\/pt\/nova-fonte-tipografica-para-os-25-anos-da-saraivaassociados-com-video-meios-publicidade\/","og_locale":"pt_PT","og_type":"article","og_title":"Nova fonte tipogr\u00e1fica para os 25 anos da Saraiva+Associados (com v\u00eddeo) - Meios & Publicidade - Favorite News","og_description":"Por Meios &amp; Publicidade a 31 de Agosto de 2021 Desenvolvida pela Deadinbeirute e pelo tip\u00f3grafo Lu\u00eds Bandovas, a S+A 25 apresenta-se como a nova fonte tipogr\u00e1fica da Saraiva+Associados. O projecto de rebranding do atelier de arquitectura est\u00e1 a ser trabalhado pelo est\u00fadio de design Deadinbeirute desde Abril e tem lan\u00e7amento previsto para Outubro. O [&hellip;]","og_url":"https:\/\/favorite-news.com\/pt\/nova-fonte-tipografica-para-os-25-anos-da-saraivaassociados-com-video-meios-publicidade\/","og_site_name":"Favorite News","article_published_time":"2021-08-31T23:38:25+00:00","article_modified_time":"2021-08-31T23:38:43+00:00","og_image":[{"width":850,"height":474,"url":"https:\/\/favorite-news.com\/pt\/wp-content\/uploads\/sites\/2\/2021\/09\/Nova-fonte-tipografica-para-os-25-anos-da-SaraivaAssociados-com.jpg","type":"image\/jpeg"}],"author":"favorite-news","twitter_card":"summary_large_image","twitter_misc":{"Escrito por":"favorite-news","Tempo estimado de leitura":"1 minuto"},"schema":{"@context":"https:\/\/schema.org","@graph":[{"@type":"Article","@id":"https:\/\/favorite-news.com\/pt\/nova-fonte-tipografica-para-os-25-anos-da-saraivaassociados-com-video-meios-publicidade\/#article","isPartOf":{"@id":"https:\/\/favorite-news.com\/pt\/nova-fonte-tipografica-para-os-25-anos-da-saraivaassociados-com-video-meios-publicidade\/"},"author":{"name":"favorite-news","@id":"https:\/\/favorite-news.com\/pt\/#\/schema\/person\/b91573b717dcfa5e4696032a9d28d3e8"},"headline":"Nova fonte tipogr\u00e1fica para os 25 anos da Saraiva+Associados (com v\u00eddeo) &#8211; Meios &#038; Publicidade","datePublished":"2021-08-31T23:38:25+00:00","dateModified":"2021-08-31T23:38:43+00:00","mainEntityOfPage":{"@id":"https:\/\/favorite-news.com\/pt\/nova-fonte-tipografica-para-os-25-anos-da-saraivaassociados-com-video-meios-publicidade\/"},"wordCount":241,"commentCount":0,"image":{"@id":"https:\/\/favorite-news.com\/pt\/nova-fonte-tipografica-para-os-25-anos-da-saraivaassociados-com-video-meios-publicidade\/#primaryimage"},"thumbnailUrl":"https:\/\/favorite-news.com\/pt\/wp-content\/uploads\/sites\/2\/2021\/09\/Nova-fonte-tipografica-para-os-25-anos-da-SaraivaAssociados-com.jpg","articleSection":["NOT\u00cdCIAS DE MARKETING NA INTERNET"],"inLanguage":"pt-PT","potentialAction":[{"@type":"CommentAction","name":"Comment","target":["https:\/\/favorite-news.com\/pt\/nova-fonte-tipografica-para-os-25-anos-da-saraivaassociados-com-video-meios-publicidade\/#respond"]}]},{"@type":"WebPage","@id":"https:\/\/favorite-news.com\/pt\/nova-fonte-tipografica-para-os-25-anos-da-saraivaassociados-com-video-meios-publicidade\/","url":"https:\/\/favorite-news.com\/pt\/nova-fonte-tipografica-para-os-25-anos-da-saraivaassociados-com-video-meios-publicidade\/","name":"Nova fonte tipogr\u00e1fica para os 25 anos da Saraiva+Associados (com v\u00eddeo) - Meios & Publicidade - Favorite News","isPartOf":{"@id":"https:\/\/favorite-news.com\/pt\/#website"},"primaryImageOfPage":{"@id":"https:\/\/favorite-news.com\/pt\/nova-fonte-tipografica-para-os-25-anos-da-saraivaassociados-com-video-meios-publicidade\/#primaryimage"},"image":{"@id":"https:\/\/favorite-news.com\/pt\/nova-fonte-tipografica-para-os-25-anos-da-saraivaassociados-com-video-meios-publicidade\/#primaryimage"},"thumbnailUrl":"https:\/\/favorite-news.com\/pt\/wp-content\/uploads\/sites\/2\/2021\/09\/Nova-fonte-tipografica-para-os-25-anos-da-SaraivaAssociados-com.jpg","datePublished":"2021-08-31T23:38:25+00:00","dateModified":"2021-08-31T23:38:43+00:00","author":{"@id":"https:\/\/favorite-news.com\/pt\/#\/schema\/person\/b91573b717dcfa5e4696032a9d28d3e8"},"breadcrumb":{"@id":"https:\/\/favorite-news.com\/pt\/nova-fonte-tipografica-para-os-25-anos-da-saraivaassociados-com-video-meios-publicidade\/#breadcrumb"},"inLanguage":"pt-PT","potentialAction":[{"@type":"ReadAction","target":["https:\/\/favorite-news.com\/pt\/nova-fonte-tipografica-para-os-25-anos-da-saraivaassociados-com-video-meios-publicidade\/"]}]},{"@type":"ImageObject","inLanguage":"pt-PT","@id":"https:\/\/favorite-news.com\/pt\/nova-fonte-tipografica-para-os-25-anos-da-saraivaassociados-com-video-meios-publicidade\/#primaryimage","url":"https:\/\/favorite-news.com\/pt\/wp-content\/uploads\/sites\/2\/2021\/09\/Nova-fonte-tipografica-para-os-25-anos-da-SaraivaAssociados-com.jpg","contentUrl":"https:\/\/favorite-news.com\/pt\/wp-content\/uploads\/sites\/2\/2021\/09\/Nova-fonte-tipografica-para-os-25-anos-da-SaraivaAssociados-com.jpg","width":850,"height":474,"caption":"Nova fonte tipogr\u00e1fica para os 25 anos da Saraiva+Associados (com v\u00eddeo) - Meios & Publicidade"},{"@type":"BreadcrumbList","@id":"https:\/\/favorite-news.com\/pt\/nova-fonte-tipografica-para-os-25-anos-da-saraivaassociados-com-video-meios-publicidade\/#breadcrumb","itemListElement":[{"@type":"ListItem","position":1,"name":"Home","item":"https:\/\/favorite-news.com\/pt\/"},{"@type":"ListItem","position":2,"name":"Nova fonte tipogr\u00e1fica para os 25 anos da Saraiva+Associados (com v\u00eddeo) &#8211; Meios &#038; Publicidade"}]},{"@type":"WebSite","@id":"https:\/\/favorite-news.com\/pt\/#website","url":"https:\/\/favorite-news.com\/pt\/","name":"Favorite News","description":"Favorite News Portugal","potentialAction":[{"@type":"SearchAction","target":{"@type":"EntryPoint","urlTemplate":"https:\/\/favorite-news.com\/pt\/?s={search_term_string}"},"query-input":{"@type":"PropertyValueSpecification","valueRequired":true,"valueName":"search_term_string"}}],"inLanguage":"pt-PT"},{"@type":"Person","@id":"https:\/\/favorite-news.com\/pt\/#\/schema\/person\/b91573b717dcfa5e4696032a9d28d3e8","name":"favorite-news","image":{"@type":"ImageObject","inLanguage":"pt-PT","@id":"https:\/\/secure.gravatar.com\/avatar\/6c5a5cb12b74e9d517ee91cf570335b7d16177f1977cc91db161adfa435945a7?s=96&d=mm&r=g","url":"https:\/\/secure.gravatar.com\/avatar\/6c5a5cb12b74e9d517ee91cf570335b7d16177f1977cc91db161adfa435945a7?s=96&d=mm&r=g","contentUrl":"https:\/\/secure.gravatar.com\/avatar\/6c5a5cb12b74e9d517ee91cf570335b7d16177f1977cc91db161adfa435945a7?s=96&d=mm&r=g","caption":"favorite-news"},"url":"https:\/\/favorite-news.com\/pt\/author\/pt\/"}]}},"_links":{"self":[{"href":"https:\/\/favorite-news.com\/pt\/wp-json\/wp\/v2\/posts\/11300","targetHints":{"allow":["GET"]}}],"collection":[{"href":"https:\/\/favorite-news.com\/pt\/wp-json\/wp\/v2\/posts"}],"about":[{"href":"https:\/\/favorite-news.com\/pt\/wp-json\/wp\/v2\/types\/post"}],"author":[{"embeddable":true,"href":"https:\/\/favorite-news.com\/pt\/wp-json\/wp\/v2\/users\/2"}],"replies":[{"embeddable":true,"href":"https:\/\/favorite-news.com\/pt\/wp-json\/wp\/v2\/comments?post=11300"}],"version-history":[{"count":1,"href":"https:\/\/favorite-news.com\/pt\/wp-json\/wp\/v2\/posts\/11300\/revisions"}],"predecessor-version":[{"id":11302,"href":"https:\/\/favorite-news.com\/pt\/wp-json\/wp\/v2\/posts\/11300\/revisions\/11302"}],"wp:featuredmedia":[{"embeddable":true,"href":"https:\/\/favorite-news.com\/pt\/wp-json\/wp\/v2\/media\/11301"}],"wp:attachment":[{"href":"https:\/\/favorite-news.com\/pt\/wp-json\/wp\/v2\/media?parent=11300"}],"wp:term":[{"taxonomy":"category","embeddable":true,"href":"https:\/\/favorite-news.com\/pt\/wp-json\/wp\/v2\/categories?post=11300"},{"taxonomy":"post_tag","embeddable":true,"href":"https:\/\/favorite-news.com\/pt\/wp-json\/wp\/v2\/tags?post=11300"}],"curies":[{"name":"wp","href":"https:\/\/api.w.org\/{rel}","templated":true}]}}