{"id":11291,"date":"2021-08-31T02:30:29","date_gmt":"2021-08-30T23:30:29","guid":{"rendered":"https:\/\/favorite-news.com\/pt\/guta-moura-guedes-vai-avaliar-candidatos-aos-german-design-awards-meios-publicidade\/"},"modified":"2021-08-31T02:30:46","modified_gmt":"2021-08-30T23:30:46","slug":"guta-moura-guedes-vai-avaliar-candidatos-aos-german-design-awards-meios-publicidade","status":"publish","type":"post","link":"https:\/\/favorite-news.com\/pt\/guta-moura-guedes-vai-avaliar-candidatos-aos-german-design-awards-meios-publicidade\/","title":{"rendered":"Guta Moura Guedes vai avaliar candidatos aos German Design Awards &#8211; Meios &#038; Publicidade"},"content":{"rendered":"<p>\t\t\t\tPor Pedro Dur\u00e3es a 30 de Agosto de 2021<\/p>\n<p>\t\t\tA edi\u00e7\u00e3o de 2022 dos German Design Awards, que assinalar\u00e1 uma d\u00e9cada dos pr\u00e9mios internacionais atribu\u00eddos pelo German Design Council, contar\u00e1 com representa\u00e7\u00e3o nacional no painel de jurados. Guta Moura Guedes, co-fundadora e presidente da Experimenta Design, integrar\u00e1 o lote de 40 jurados que avaliar\u00e1 os trabalhos a concurso nos pr\u00e9mios criados para destacar produtos e projectos inovadores que se distingam pela qualidade do design. Al\u00e9m de co-fundadora e presidente da associa\u00e7\u00e3o cultural sem fins lucrativos Experimenta, Guta Moura Guedes foi tamb\u00e9m directora da Funda\u00e7\u00e3o Casa da M\u00fasica e administradora da Funda\u00e7\u00e3o Centro Cultural de Bel\u00e9m.<br \/>\nEm 2021, os German Design Awards atribu\u00edram 76 pr\u00e9mios Gold em 71 categorias, tendo contado com mais de 4200 inscri\u00e7\u00f5es de 60 pa\u00edses. Em 10 edi\u00e7\u00f5es, foram contabilizadas mais de 20.000 candidaturas a partir de 87 pa\u00edses, resultando at\u00e9 \u00e0 data em 375 pr\u00e9mios. A pr\u00f3xima edi\u00e7\u00e3o tem inscri\u00e7\u00f5es a decorrer at\u00e9 ao pr\u00f3ximo dia 15 de Setembro e os vencedores ser\u00e3o conhecidos a 22 de Fevereiro de 2022.<\/p>\n<p>\n<!--noindex--><br \/>\n<a href=\"https:\/\/www.meiosepublicidade.pt\/2021\/08\/guta-moura-guedes-vai-avaliar-candidatos-aos-german-design-awards\/?utm_source=rss&#038;utm_medium=rss&#038;utm_campaign=guta-moura-guedes-vai-avaliar-candidatos-aos-german-design-awards\" rel=\"nofollow\">Source link <\/a><br \/>\n<!--\/noindex--><\/p>\n","protected":false},"excerpt":{"rendered":"<p>Por Pedro Dur\u00e3es a 30 de Agosto de 2021 A edi\u00e7\u00e3o de 2022 dos German Design Awards, que assinalar\u00e1 uma d\u00e9cada dos pr\u00e9mios internacionais atribu\u00eddos pelo German Design Council, contar\u00e1 com representa\u00e7\u00e3o nacional no painel de jurados. Guta Moura Guedes, co-fundadora e presidente da Experimenta Design, integrar\u00e1 o lote de 40 jurados que avaliar\u00e1 os [&hellip;]<\/p>\n","protected":false},"author":2,"featured_media":11292,"comment_status":"open","ping_status":"open","sticky":false,"template":"","format":"standard","meta":{"footnotes":""},"categories":[3],"tags":[],"class_list":["post-11291","post","type-post","status-publish","format-standard","has-post-thumbnail","hentry","category-noticias-de-marketing-na-internet"],"yoast_head":"<!-- This site is optimized with the Yoast SEO plugin v27.4 - https:\/\/yoast.com\/product\/yoast-seo-wordpress\/ -->\n<title>Guta Moura Guedes vai avaliar candidatos aos German Design Awards - Meios &amp; Publicidade - Favorite News<\/title>\n<meta name=\"robots\" content=\"index, follow, max-snippet:-1, max-image-preview:large, max-video-preview:-1\" \/>\n<link rel=\"canonical\" href=\"https:\/\/favorite-news.com\/pt\/guta-moura-guedes-vai-avaliar-candidatos-aos-german-design-awards-meios-publicidade\/\" \/>\n<meta property=\"og:locale\" content=\"pt_PT\" \/>\n<meta property=\"og:type\" content=\"article\" \/>\n<meta property=\"og:title\" content=\"Guta Moura Guedes vai avaliar candidatos aos German Design Awards - Meios &amp; Publicidade - Favorite News\" \/>\n<meta property=\"og:description\" content=\"Por Pedro Dur\u00e3es a 30 de Agosto de 2021 A edi\u00e7\u00e3o de 2022 dos German Design Awards, que assinalar\u00e1 uma d\u00e9cada dos pr\u00e9mios internacionais atribu\u00eddos pelo German Design Council, contar\u00e1 com representa\u00e7\u00e3o nacional no painel de jurados. Guta Moura Guedes, co-fundadora e presidente da Experimenta Design, integrar\u00e1 o lote de 40 jurados que avaliar\u00e1 os [&hellip;]\" \/>\n<meta property=\"og:url\" content=\"https:\/\/favorite-news.com\/pt\/guta-moura-guedes-vai-avaliar-candidatos-aos-german-design-awards-meios-publicidade\/\" \/>\n<meta property=\"og:site_name\" content=\"Favorite News\" \/>\n<meta property=\"article:published_time\" content=\"2021-08-30T23:30:29+00:00\" \/>\n<meta property=\"article:modified_time\" content=\"2021-08-30T23:30:46+00:00\" \/>\n<meta property=\"og:image\" content=\"https:\/\/favorite-news.com\/pt\/wp-content\/uploads\/sites\/2\/2021\/08\/Guta-Moura-Guedes-vai-avaliar-candidatos-aos-German-Design-Awards.jpg\" \/>\n\t<meta property=\"og:image:width\" content=\"1428\" \/>\n\t<meta property=\"og:image:height\" content=\"1008\" \/>\n\t<meta property=\"og:image:type\" content=\"image\/jpeg\" \/>\n<meta name=\"author\" content=\"favorite-news\" \/>\n<meta name=\"twitter:card\" content=\"summary_large_image\" \/>\n<meta name=\"twitter:label1\" content=\"Escrito por\" \/>\n\t<meta name=\"twitter:data1\" content=\"favorite-news\" \/>\n\t<meta name=\"twitter:label2\" content=\"Tempo estimado de leitura\" \/>\n\t<meta name=\"twitter:data2\" content=\"1 minuto\" \/>\n<script type=\"application\/ld+json\" class=\"yoast-schema-graph\">{\"@context\":\"https:\\\/\\\/schema.org\",\"@graph\":[{\"@type\":\"Article\",\"@id\":\"https:\\\/\\\/favorite-news.com\\\/pt\\\/guta-moura-guedes-vai-avaliar-candidatos-aos-german-design-awards-meios-publicidade\\\/#article\",\"isPartOf\":{\"@id\":\"https:\\\/\\\/favorite-news.com\\\/pt\\\/guta-moura-guedes-vai-avaliar-candidatos-aos-german-design-awards-meios-publicidade\\\/\"},\"author\":{\"name\":\"favorite-news\",\"@id\":\"https:\\\/\\\/favorite-news.com\\\/pt\\\/#\\\/schema\\\/person\\\/b91573b717dcfa5e4696032a9d28d3e8\"},\"headline\":\"Guta Moura Guedes vai avaliar candidatos aos German Design Awards &#8211; Meios &#038; Publicidade\",\"datePublished\":\"2021-08-30T23:30:29+00:00\",\"dateModified\":\"2021-08-30T23:30:46+00:00\",\"mainEntityOfPage\":{\"@id\":\"https:\\\/\\\/favorite-news.com\\\/pt\\\/guta-moura-guedes-vai-avaliar-candidatos-aos-german-design-awards-meios-publicidade\\\/\"},\"wordCount\":198,\"commentCount\":0,\"image\":{\"@id\":\"https:\\\/\\\/favorite-news.com\\\/pt\\\/guta-moura-guedes-vai-avaliar-candidatos-aos-german-design-awards-meios-publicidade\\\/#primaryimage\"},\"thumbnailUrl\":\"https:\\\/\\\/favorite-news.com\\\/pt\\\/wp-content\\\/uploads\\\/sites\\\/2\\\/2021\\\/08\\\/Guta-Moura-Guedes-vai-avaliar-candidatos-aos-German-Design-Awards.jpg\",\"articleSection\":[\"NOT\u00cdCIAS DE MARKETING NA INTERNET\"],\"inLanguage\":\"pt-PT\",\"potentialAction\":[{\"@type\":\"CommentAction\",\"name\":\"Comment\",\"target\":[\"https:\\\/\\\/favorite-news.com\\\/pt\\\/guta-moura-guedes-vai-avaliar-candidatos-aos-german-design-awards-meios-publicidade\\\/#respond\"]}]},{\"@type\":\"WebPage\",\"@id\":\"https:\\\/\\\/favorite-news.com\\\/pt\\\/guta-moura-guedes-vai-avaliar-candidatos-aos-german-design-awards-meios-publicidade\\\/\",\"url\":\"https:\\\/\\\/favorite-news.com\\\/pt\\\/guta-moura-guedes-vai-avaliar-candidatos-aos-german-design-awards-meios-publicidade\\\/\",\"name\":\"Guta Moura Guedes vai avaliar candidatos aos German Design Awards - Meios & Publicidade - Favorite News\",\"isPartOf\":{\"@id\":\"https:\\\/\\\/favorite-news.com\\\/pt\\\/#website\"},\"primaryImageOfPage\":{\"@id\":\"https:\\\/\\\/favorite-news.com\\\/pt\\\/guta-moura-guedes-vai-avaliar-candidatos-aos-german-design-awards-meios-publicidade\\\/#primaryimage\"},\"image\":{\"@id\":\"https:\\\/\\\/favorite-news.com\\\/pt\\\/guta-moura-guedes-vai-avaliar-candidatos-aos-german-design-awards-meios-publicidade\\\/#primaryimage\"},\"thumbnailUrl\":\"https:\\\/\\\/favorite-news.com\\\/pt\\\/wp-content\\\/uploads\\\/sites\\\/2\\\/2021\\\/08\\\/Guta-Moura-Guedes-vai-avaliar-candidatos-aos-German-Design-Awards.jpg\",\"datePublished\":\"2021-08-30T23:30:29+00:00\",\"dateModified\":\"2021-08-30T23:30:46+00:00\",\"author\":{\"@id\":\"https:\\\/\\\/favorite-news.com\\\/pt\\\/#\\\/schema\\\/person\\\/b91573b717dcfa5e4696032a9d28d3e8\"},\"breadcrumb\":{\"@id\":\"https:\\\/\\\/favorite-news.com\\\/pt\\\/guta-moura-guedes-vai-avaliar-candidatos-aos-german-design-awards-meios-publicidade\\\/#breadcrumb\"},\"inLanguage\":\"pt-PT\",\"potentialAction\":[{\"@type\":\"ReadAction\",\"target\":[\"https:\\\/\\\/favorite-news.com\\\/pt\\\/guta-moura-guedes-vai-avaliar-candidatos-aos-german-design-awards-meios-publicidade\\\/\"]}]},{\"@type\":\"ImageObject\",\"inLanguage\":\"pt-PT\",\"@id\":\"https:\\\/\\\/favorite-news.com\\\/pt\\\/guta-moura-guedes-vai-avaliar-candidatos-aos-german-design-awards-meios-publicidade\\\/#primaryimage\",\"url\":\"https:\\\/\\\/favorite-news.com\\\/pt\\\/wp-content\\\/uploads\\\/sites\\\/2\\\/2021\\\/08\\\/Guta-Moura-Guedes-vai-avaliar-candidatos-aos-German-Design-Awards.jpg\",\"contentUrl\":\"https:\\\/\\\/favorite-news.com\\\/pt\\\/wp-content\\\/uploads\\\/sites\\\/2\\\/2021\\\/08\\\/Guta-Moura-Guedes-vai-avaliar-candidatos-aos-German-Design-Awards.jpg\",\"width\":1428,\"height\":1008,\"caption\":\"Guta Moura Guedes vai avaliar candidatos aos German Design Awards - Meios & Publicidade\"},{\"@type\":\"BreadcrumbList\",\"@id\":\"https:\\\/\\\/favorite-news.com\\\/pt\\\/guta-moura-guedes-vai-avaliar-candidatos-aos-german-design-awards-meios-publicidade\\\/#breadcrumb\",\"itemListElement\":[{\"@type\":\"ListItem\",\"position\":1,\"name\":\"Home\",\"item\":\"https:\\\/\\\/favorite-news.com\\\/pt\\\/\"},{\"@type\":\"ListItem\",\"position\":2,\"name\":\"Guta Moura Guedes vai avaliar candidatos aos German Design Awards &#8211; Meios &#038; Publicidade\"}]},{\"@type\":\"WebSite\",\"@id\":\"https:\\\/\\\/favorite-news.com\\\/pt\\\/#website\",\"url\":\"https:\\\/\\\/favorite-news.com\\\/pt\\\/\",\"name\":\"Favorite News\",\"description\":\"Favorite News Portugal\",\"potentialAction\":[{\"@type\":\"SearchAction\",\"target\":{\"@type\":\"EntryPoint\",\"urlTemplate\":\"https:\\\/\\\/favorite-news.com\\\/pt\\\/?s={search_term_string}\"},\"query-input\":{\"@type\":\"PropertyValueSpecification\",\"valueRequired\":true,\"valueName\":\"search_term_string\"}}],\"inLanguage\":\"pt-PT\"},{\"@type\":\"Person\",\"@id\":\"https:\\\/\\\/favorite-news.com\\\/pt\\\/#\\\/schema\\\/person\\\/b91573b717dcfa5e4696032a9d28d3e8\",\"name\":\"favorite-news\",\"image\":{\"@type\":\"ImageObject\",\"inLanguage\":\"pt-PT\",\"@id\":\"https:\\\/\\\/secure.gravatar.com\\\/avatar\\\/6c5a5cb12b74e9d517ee91cf570335b7d16177f1977cc91db161adfa435945a7?s=96&d=mm&r=g\",\"url\":\"https:\\\/\\\/secure.gravatar.com\\\/avatar\\\/6c5a5cb12b74e9d517ee91cf570335b7d16177f1977cc91db161adfa435945a7?s=96&d=mm&r=g\",\"contentUrl\":\"https:\\\/\\\/secure.gravatar.com\\\/avatar\\\/6c5a5cb12b74e9d517ee91cf570335b7d16177f1977cc91db161adfa435945a7?s=96&d=mm&r=g\",\"caption\":\"favorite-news\"},\"url\":\"https:\\\/\\\/favorite-news.com\\\/pt\\\/author\\\/pt\\\/\"}]}<\/script>\n<!-- \/ Yoast SEO plugin. -->","yoast_head_json":{"title":"Guta Moura Guedes vai avaliar candidatos aos German Design Awards - Meios & Publicidade - Favorite News","robots":{"index":"index","follow":"follow","max-snippet":"max-snippet:-1","max-image-preview":"max-image-preview:large","max-video-preview":"max-video-preview:-1"},"canonical":"https:\/\/favorite-news.com\/pt\/guta-moura-guedes-vai-avaliar-candidatos-aos-german-design-awards-meios-publicidade\/","og_locale":"pt_PT","og_type":"article","og_title":"Guta Moura Guedes vai avaliar candidatos aos German Design Awards - Meios & Publicidade - Favorite News","og_description":"Por Pedro Dur\u00e3es a 30 de Agosto de 2021 A edi\u00e7\u00e3o de 2022 dos German Design Awards, que assinalar\u00e1 uma d\u00e9cada dos pr\u00e9mios internacionais atribu\u00eddos pelo German Design Council, contar\u00e1 com representa\u00e7\u00e3o nacional no painel de jurados. Guta Moura Guedes, co-fundadora e presidente da Experimenta Design, integrar\u00e1 o lote de 40 jurados que avaliar\u00e1 os [&hellip;]","og_url":"https:\/\/favorite-news.com\/pt\/guta-moura-guedes-vai-avaliar-candidatos-aos-german-design-awards-meios-publicidade\/","og_site_name":"Favorite News","article_published_time":"2021-08-30T23:30:29+00:00","article_modified_time":"2021-08-30T23:30:46+00:00","og_image":[{"width":1428,"height":1008,"url":"https:\/\/favorite-news.com\/pt\/wp-content\/uploads\/sites\/2\/2021\/08\/Guta-Moura-Guedes-vai-avaliar-candidatos-aos-German-Design-Awards.jpg","type":"image\/jpeg"}],"author":"favorite-news","twitter_card":"summary_large_image","twitter_misc":{"Escrito por":"favorite-news","Tempo estimado de leitura":"1 minuto"},"schema":{"@context":"https:\/\/schema.org","@graph":[{"@type":"Article","@id":"https:\/\/favorite-news.com\/pt\/guta-moura-guedes-vai-avaliar-candidatos-aos-german-design-awards-meios-publicidade\/#article","isPartOf":{"@id":"https:\/\/favorite-news.com\/pt\/guta-moura-guedes-vai-avaliar-candidatos-aos-german-design-awards-meios-publicidade\/"},"author":{"name":"favorite-news","@id":"https:\/\/favorite-news.com\/pt\/#\/schema\/person\/b91573b717dcfa5e4696032a9d28d3e8"},"headline":"Guta Moura Guedes vai avaliar candidatos aos German Design Awards &#8211; Meios &#038; Publicidade","datePublished":"2021-08-30T23:30:29+00:00","dateModified":"2021-08-30T23:30:46+00:00","mainEntityOfPage":{"@id":"https:\/\/favorite-news.com\/pt\/guta-moura-guedes-vai-avaliar-candidatos-aos-german-design-awards-meios-publicidade\/"},"wordCount":198,"commentCount":0,"image":{"@id":"https:\/\/favorite-news.com\/pt\/guta-moura-guedes-vai-avaliar-candidatos-aos-german-design-awards-meios-publicidade\/#primaryimage"},"thumbnailUrl":"https:\/\/favorite-news.com\/pt\/wp-content\/uploads\/sites\/2\/2021\/08\/Guta-Moura-Guedes-vai-avaliar-candidatos-aos-German-Design-Awards.jpg","articleSection":["NOT\u00cdCIAS DE MARKETING NA INTERNET"],"inLanguage":"pt-PT","potentialAction":[{"@type":"CommentAction","name":"Comment","target":["https:\/\/favorite-news.com\/pt\/guta-moura-guedes-vai-avaliar-candidatos-aos-german-design-awards-meios-publicidade\/#respond"]}]},{"@type":"WebPage","@id":"https:\/\/favorite-news.com\/pt\/guta-moura-guedes-vai-avaliar-candidatos-aos-german-design-awards-meios-publicidade\/","url":"https:\/\/favorite-news.com\/pt\/guta-moura-guedes-vai-avaliar-candidatos-aos-german-design-awards-meios-publicidade\/","name":"Guta Moura Guedes vai avaliar candidatos aos German Design Awards - Meios & Publicidade - Favorite News","isPartOf":{"@id":"https:\/\/favorite-news.com\/pt\/#website"},"primaryImageOfPage":{"@id":"https:\/\/favorite-news.com\/pt\/guta-moura-guedes-vai-avaliar-candidatos-aos-german-design-awards-meios-publicidade\/#primaryimage"},"image":{"@id":"https:\/\/favorite-news.com\/pt\/guta-moura-guedes-vai-avaliar-candidatos-aos-german-design-awards-meios-publicidade\/#primaryimage"},"thumbnailUrl":"https:\/\/favorite-news.com\/pt\/wp-content\/uploads\/sites\/2\/2021\/08\/Guta-Moura-Guedes-vai-avaliar-candidatos-aos-German-Design-Awards.jpg","datePublished":"2021-08-30T23:30:29+00:00","dateModified":"2021-08-30T23:30:46+00:00","author":{"@id":"https:\/\/favorite-news.com\/pt\/#\/schema\/person\/b91573b717dcfa5e4696032a9d28d3e8"},"breadcrumb":{"@id":"https:\/\/favorite-news.com\/pt\/guta-moura-guedes-vai-avaliar-candidatos-aos-german-design-awards-meios-publicidade\/#breadcrumb"},"inLanguage":"pt-PT","potentialAction":[{"@type":"ReadAction","target":["https:\/\/favorite-news.com\/pt\/guta-moura-guedes-vai-avaliar-candidatos-aos-german-design-awards-meios-publicidade\/"]}]},{"@type":"ImageObject","inLanguage":"pt-PT","@id":"https:\/\/favorite-news.com\/pt\/guta-moura-guedes-vai-avaliar-candidatos-aos-german-design-awards-meios-publicidade\/#primaryimage","url":"https:\/\/favorite-news.com\/pt\/wp-content\/uploads\/sites\/2\/2021\/08\/Guta-Moura-Guedes-vai-avaliar-candidatos-aos-German-Design-Awards.jpg","contentUrl":"https:\/\/favorite-news.com\/pt\/wp-content\/uploads\/sites\/2\/2021\/08\/Guta-Moura-Guedes-vai-avaliar-candidatos-aos-German-Design-Awards.jpg","width":1428,"height":1008,"caption":"Guta Moura Guedes vai avaliar candidatos aos German Design Awards - Meios & Publicidade"},{"@type":"BreadcrumbList","@id":"https:\/\/favorite-news.com\/pt\/guta-moura-guedes-vai-avaliar-candidatos-aos-german-design-awards-meios-publicidade\/#breadcrumb","itemListElement":[{"@type":"ListItem","position":1,"name":"Home","item":"https:\/\/favorite-news.com\/pt\/"},{"@type":"ListItem","position":2,"name":"Guta Moura Guedes vai avaliar candidatos aos German Design Awards &#8211; Meios &#038; Publicidade"}]},{"@type":"WebSite","@id":"https:\/\/favorite-news.com\/pt\/#website","url":"https:\/\/favorite-news.com\/pt\/","name":"Favorite News","description":"Favorite News Portugal","potentialAction":[{"@type":"SearchAction","target":{"@type":"EntryPoint","urlTemplate":"https:\/\/favorite-news.com\/pt\/?s={search_term_string}"},"query-input":{"@type":"PropertyValueSpecification","valueRequired":true,"valueName":"search_term_string"}}],"inLanguage":"pt-PT"},{"@type":"Person","@id":"https:\/\/favorite-news.com\/pt\/#\/schema\/person\/b91573b717dcfa5e4696032a9d28d3e8","name":"favorite-news","image":{"@type":"ImageObject","inLanguage":"pt-PT","@id":"https:\/\/secure.gravatar.com\/avatar\/6c5a5cb12b74e9d517ee91cf570335b7d16177f1977cc91db161adfa435945a7?s=96&d=mm&r=g","url":"https:\/\/secure.gravatar.com\/avatar\/6c5a5cb12b74e9d517ee91cf570335b7d16177f1977cc91db161adfa435945a7?s=96&d=mm&r=g","contentUrl":"https:\/\/secure.gravatar.com\/avatar\/6c5a5cb12b74e9d517ee91cf570335b7d16177f1977cc91db161adfa435945a7?s=96&d=mm&r=g","caption":"favorite-news"},"url":"https:\/\/favorite-news.com\/pt\/author\/pt\/"}]}},"_links":{"self":[{"href":"https:\/\/favorite-news.com\/pt\/wp-json\/wp\/v2\/posts\/11291","targetHints":{"allow":["GET"]}}],"collection":[{"href":"https:\/\/favorite-news.com\/pt\/wp-json\/wp\/v2\/posts"}],"about":[{"href":"https:\/\/favorite-news.com\/pt\/wp-json\/wp\/v2\/types\/post"}],"author":[{"embeddable":true,"href":"https:\/\/favorite-news.com\/pt\/wp-json\/wp\/v2\/users\/2"}],"replies":[{"embeddable":true,"href":"https:\/\/favorite-news.com\/pt\/wp-json\/wp\/v2\/comments?post=11291"}],"version-history":[{"count":1,"href":"https:\/\/favorite-news.com\/pt\/wp-json\/wp\/v2\/posts\/11291\/revisions"}],"predecessor-version":[{"id":11293,"href":"https:\/\/favorite-news.com\/pt\/wp-json\/wp\/v2\/posts\/11291\/revisions\/11293"}],"wp:featuredmedia":[{"embeddable":true,"href":"https:\/\/favorite-news.com\/pt\/wp-json\/wp\/v2\/media\/11292"}],"wp:attachment":[{"href":"https:\/\/favorite-news.com\/pt\/wp-json\/wp\/v2\/media?parent=11291"}],"wp:term":[{"taxonomy":"category","embeddable":true,"href":"https:\/\/favorite-news.com\/pt\/wp-json\/wp\/v2\/categories?post=11291"},{"taxonomy":"post_tag","embeddable":true,"href":"https:\/\/favorite-news.com\/pt\/wp-json\/wp\/v2\/tags?post=11291"}],"curies":[{"name":"wp","href":"https:\/\/api.w.org\/{rel}","templated":true}]}}