{"id":11286,"date":"2021-08-30T14:22:04","date_gmt":"2021-08-30T11:22:04","guid":{"rendered":"https:\/\/favorite-news.com\/pt\/alvaro-covoes-a-nossa-expectativa-e-que-desapareca-a-obrigatoriedade-de-lugares-sentados-meios-publicidade\/"},"modified":"2021-08-30T14:22:13","modified_gmt":"2021-08-30T11:22:13","slug":"alvaro-covoes-a-nossa-expectativa-e-que-desapareca-a-obrigatoriedade-de-lugares-sentados-meios-publicidade","status":"publish","type":"post","link":"https:\/\/favorite-news.com\/pt\/alvaro-covoes-a-nossa-expectativa-e-que-desapareca-a-obrigatoriedade-de-lugares-sentados-meios-publicidade\/","title":{"rendered":"\u00c1lvaro Cov\u00f5es: &#8220;A nossa expectativa \u00e9 que desapare\u00e7a a obrigatoriedade de lugares sentados\u201d &#8211; Meios &#038; Publicidade"},"content":{"rendered":"<p>\t\t\t\tPor Meios &amp; Publicidade a 23 de Agosto de 2021<\/p>\n<p>\t\t\t\u00c1lvaro Cov\u00f5es, respons\u00e1vel da Everything is New<br \/>\nA Associa\u00e7\u00e3o de Promotores de Espet\u00e1culos, Festivais e Eventos (APEFE) defendeu o fim da obrigatoriedade de lugares sentados em espect\u00e1culos culturais, com o alargamento da lota\u00e7\u00e3o dos recintos para 75 por cento da lota\u00e7\u00e3o, tal como foi anunciado pelo governo na passada sexta-feira. At\u00e9 aqui a lota\u00e7\u00e3o era de 66 por cento.<br \/>\n\u201cA nossa expectativa \u00e9 que agora, na norma, desapare\u00e7a a obrigatoriedade de lugares sentados. Quando o Governo determina 75 por cento da lota\u00e7\u00e3o \u00e9 75 por cento da lota\u00e7\u00e3o, independentemente da tipologia, se \u00e9 plateia em p\u00e9 ou plateia sentada\u201d, disse \u00e0 Lusa \u00c1lvaro Cov\u00f5es, da direc\u00e7\u00e3o da APEFE.<br \/>\n\u201cAs salas t\u00eam uma lota\u00e7\u00e3o legal, licenciada, com plateia em p\u00e9 e com plateia sentada\u201d, disse o promotor, considerando que a decis\u00e3o s\u00f3 far\u00e1 diferen\u00e7a para o sector se \u201ca Direc\u00e7\u00e3o-Geral da Sa\u00fade (DGS) cumprir o que o governo determinou\u201d, declarou \u00c1lvaro Cov\u00f5es, citado pela Lusa.<\/p>\n<p>\n<!--noindex--><br \/>\n<a href=\"https:\/\/www.meiosepublicidade.pt\/2021\/08\/alvaro-covoes-a-nossa-expectativa-e-que-desapareca-a-obrigatoriedade-de-lugares-sentados\/?utm_source=rss&#038;utm_medium=rss&#038;utm_campaign=alvaro-covoes-a-nossa-expectativa-e-que-desapareca-a-obrigatoriedade-de-lugares-sentados\" rel=\"nofollow\">Source link <\/a><br \/>\n<!--\/noindex--><\/p>\n","protected":false},"excerpt":{"rendered":"<p>Por Meios &amp; Publicidade a 23 de Agosto de 2021 \u00c1lvaro Cov\u00f5es, respons\u00e1vel da Everything is New A Associa\u00e7\u00e3o de Promotores de Espet\u00e1culos, Festivais e Eventos (APEFE) defendeu o fim da obrigatoriedade de lugares sentados em espect\u00e1culos culturais, com o alargamento da lota\u00e7\u00e3o dos recintos para 75 por cento da lota\u00e7\u00e3o, tal como foi anunciado [&hellip;]<\/p>\n","protected":false},"author":2,"featured_media":11287,"comment_status":"open","ping_status":"open","sticky":false,"template":"","format":"standard","meta":{"footnotes":""},"categories":[3],"tags":[],"class_list":["post-11286","post","type-post","status-publish","format-standard","has-post-thumbnail","hentry","category-noticias-de-marketing-na-internet"],"yoast_head":"<!-- This site is optimized with the Yoast SEO plugin v27.4 - https:\/\/yoast.com\/product\/yoast-seo-wordpress\/ -->\n<title>\u00c1lvaro Cov\u00f5es: &quot;A nossa expectativa \u00e9 que desapare\u00e7a a obrigatoriedade de lugares sentados\u201d - Meios &amp; Publicidade - Favorite News<\/title>\n<meta name=\"robots\" content=\"index, follow, max-snippet:-1, max-image-preview:large, max-video-preview:-1\" \/>\n<link rel=\"canonical\" href=\"https:\/\/favorite-news.com\/pt\/alvaro-covoes-a-nossa-expectativa-e-que-desapareca-a-obrigatoriedade-de-lugares-sentados-meios-publicidade\/\" \/>\n<meta property=\"og:locale\" content=\"pt_PT\" \/>\n<meta property=\"og:type\" content=\"article\" \/>\n<meta property=\"og:title\" content=\"\u00c1lvaro Cov\u00f5es: &quot;A nossa expectativa \u00e9 que desapare\u00e7a a obrigatoriedade de lugares sentados\u201d - Meios &amp; Publicidade - Favorite News\" \/>\n<meta property=\"og:description\" content=\"Por Meios &amp; Publicidade a 23 de Agosto de 2021 \u00c1lvaro Cov\u00f5es, respons\u00e1vel da Everything is New A Associa\u00e7\u00e3o de Promotores de Espet\u00e1culos, Festivais e Eventos (APEFE) defendeu o fim da obrigatoriedade de lugares sentados em espect\u00e1culos culturais, com o alargamento da lota\u00e7\u00e3o dos recintos para 75 por cento da lota\u00e7\u00e3o, tal como foi anunciado [&hellip;]\" \/>\n<meta property=\"og:url\" content=\"https:\/\/favorite-news.com\/pt\/alvaro-covoes-a-nossa-expectativa-e-que-desapareca-a-obrigatoriedade-de-lugares-sentados-meios-publicidade\/\" \/>\n<meta property=\"og:site_name\" content=\"Favorite News\" \/>\n<meta property=\"article:published_time\" content=\"2021-08-30T11:22:04+00:00\" \/>\n<meta property=\"article:modified_time\" content=\"2021-08-30T11:22:13+00:00\" \/>\n<meta property=\"og:image\" content=\"https:\/\/favorite-news.com\/pt\/wp-content\/uploads\/sites\/2\/2021\/08\/Alvaro-Covoes-A-nossa-expectativa-e-que-desapareca-a-obrigatoriedade.jpg\" \/>\n\t<meta property=\"og:image:width\" content=\"700\" \/>\n\t<meta property=\"og:image:height\" content=\"771\" \/>\n\t<meta property=\"og:image:type\" content=\"image\/jpeg\" \/>\n<meta name=\"author\" content=\"favorite-news\" \/>\n<meta name=\"twitter:card\" content=\"summary_large_image\" \/>\n<meta name=\"twitter:label1\" content=\"Escrito por\" \/>\n\t<meta name=\"twitter:data1\" content=\"favorite-news\" \/>\n\t<meta name=\"twitter:label2\" content=\"Tempo estimado de leitura\" \/>\n\t<meta name=\"twitter:data2\" content=\"1 minuto\" \/>\n<script type=\"application\/ld+json\" class=\"yoast-schema-graph\">{\"@context\":\"https:\\\/\\\/schema.org\",\"@graph\":[{\"@type\":\"Article\",\"@id\":\"https:\\\/\\\/favorite-news.com\\\/pt\\\/alvaro-covoes-a-nossa-expectativa-e-que-desapareca-a-obrigatoriedade-de-lugares-sentados-meios-publicidade\\\/#article\",\"isPartOf\":{\"@id\":\"https:\\\/\\\/favorite-news.com\\\/pt\\\/alvaro-covoes-a-nossa-expectativa-e-que-desapareca-a-obrigatoriedade-de-lugares-sentados-meios-publicidade\\\/\"},\"author\":{\"name\":\"favorite-news\",\"@id\":\"https:\\\/\\\/favorite-news.com\\\/pt\\\/#\\\/schema\\\/person\\\/b91573b717dcfa5e4696032a9d28d3e8\"},\"headline\":\"\u00c1lvaro Cov\u00f5es: &#8220;A nossa expectativa \u00e9 que desapare\u00e7a a obrigatoriedade de lugares sentados\u201d &#8211; Meios &#038; Publicidade\",\"datePublished\":\"2021-08-30T11:22:04+00:00\",\"dateModified\":\"2021-08-30T11:22:13+00:00\",\"mainEntityOfPage\":{\"@id\":\"https:\\\/\\\/favorite-news.com\\\/pt\\\/alvaro-covoes-a-nossa-expectativa-e-que-desapareca-a-obrigatoriedade-de-lugares-sentados-meios-publicidade\\\/\"},\"wordCount\":193,\"commentCount\":0,\"image\":{\"@id\":\"https:\\\/\\\/favorite-news.com\\\/pt\\\/alvaro-covoes-a-nossa-expectativa-e-que-desapareca-a-obrigatoriedade-de-lugares-sentados-meios-publicidade\\\/#primaryimage\"},\"thumbnailUrl\":\"https:\\\/\\\/favorite-news.com\\\/pt\\\/wp-content\\\/uploads\\\/sites\\\/2\\\/2021\\\/08\\\/Alvaro-Covoes-A-nossa-expectativa-e-que-desapareca-a-obrigatoriedade.jpg\",\"articleSection\":[\"NOT\u00cdCIAS DE MARKETING NA INTERNET\"],\"inLanguage\":\"pt-PT\",\"potentialAction\":[{\"@type\":\"CommentAction\",\"name\":\"Comment\",\"target\":[\"https:\\\/\\\/favorite-news.com\\\/pt\\\/alvaro-covoes-a-nossa-expectativa-e-que-desapareca-a-obrigatoriedade-de-lugares-sentados-meios-publicidade\\\/#respond\"]}]},{\"@type\":\"WebPage\",\"@id\":\"https:\\\/\\\/favorite-news.com\\\/pt\\\/alvaro-covoes-a-nossa-expectativa-e-que-desapareca-a-obrigatoriedade-de-lugares-sentados-meios-publicidade\\\/\",\"url\":\"https:\\\/\\\/favorite-news.com\\\/pt\\\/alvaro-covoes-a-nossa-expectativa-e-que-desapareca-a-obrigatoriedade-de-lugares-sentados-meios-publicidade\\\/\",\"name\":\"\u00c1lvaro Cov\u00f5es: \\\"A nossa expectativa \u00e9 que desapare\u00e7a a obrigatoriedade de lugares sentados\u201d - Meios & Publicidade - Favorite News\",\"isPartOf\":{\"@id\":\"https:\\\/\\\/favorite-news.com\\\/pt\\\/#website\"},\"primaryImageOfPage\":{\"@id\":\"https:\\\/\\\/favorite-news.com\\\/pt\\\/alvaro-covoes-a-nossa-expectativa-e-que-desapareca-a-obrigatoriedade-de-lugares-sentados-meios-publicidade\\\/#primaryimage\"},\"image\":{\"@id\":\"https:\\\/\\\/favorite-news.com\\\/pt\\\/alvaro-covoes-a-nossa-expectativa-e-que-desapareca-a-obrigatoriedade-de-lugares-sentados-meios-publicidade\\\/#primaryimage\"},\"thumbnailUrl\":\"https:\\\/\\\/favorite-news.com\\\/pt\\\/wp-content\\\/uploads\\\/sites\\\/2\\\/2021\\\/08\\\/Alvaro-Covoes-A-nossa-expectativa-e-que-desapareca-a-obrigatoriedade.jpg\",\"datePublished\":\"2021-08-30T11:22:04+00:00\",\"dateModified\":\"2021-08-30T11:22:13+00:00\",\"author\":{\"@id\":\"https:\\\/\\\/favorite-news.com\\\/pt\\\/#\\\/schema\\\/person\\\/b91573b717dcfa5e4696032a9d28d3e8\"},\"breadcrumb\":{\"@id\":\"https:\\\/\\\/favorite-news.com\\\/pt\\\/alvaro-covoes-a-nossa-expectativa-e-que-desapareca-a-obrigatoriedade-de-lugares-sentados-meios-publicidade\\\/#breadcrumb\"},\"inLanguage\":\"pt-PT\",\"potentialAction\":[{\"@type\":\"ReadAction\",\"target\":[\"https:\\\/\\\/favorite-news.com\\\/pt\\\/alvaro-covoes-a-nossa-expectativa-e-que-desapareca-a-obrigatoriedade-de-lugares-sentados-meios-publicidade\\\/\"]}]},{\"@type\":\"ImageObject\",\"inLanguage\":\"pt-PT\",\"@id\":\"https:\\\/\\\/favorite-news.com\\\/pt\\\/alvaro-covoes-a-nossa-expectativa-e-que-desapareca-a-obrigatoriedade-de-lugares-sentados-meios-publicidade\\\/#primaryimage\",\"url\":\"https:\\\/\\\/favorite-news.com\\\/pt\\\/wp-content\\\/uploads\\\/sites\\\/2\\\/2021\\\/08\\\/Alvaro-Covoes-A-nossa-expectativa-e-que-desapareca-a-obrigatoriedade.jpg\",\"contentUrl\":\"https:\\\/\\\/favorite-news.com\\\/pt\\\/wp-content\\\/uploads\\\/sites\\\/2\\\/2021\\\/08\\\/Alvaro-Covoes-A-nossa-expectativa-e-que-desapareca-a-obrigatoriedade.jpg\",\"width\":700,\"height\":771,\"caption\":\"\u00c1lvaro Cov\u00f5es: \\\"A nossa expectativa \u00e9 que desapare\u00e7a a obrigatoriedade de lugares sentados\u201d - Meios & Publicidade\"},{\"@type\":\"BreadcrumbList\",\"@id\":\"https:\\\/\\\/favorite-news.com\\\/pt\\\/alvaro-covoes-a-nossa-expectativa-e-que-desapareca-a-obrigatoriedade-de-lugares-sentados-meios-publicidade\\\/#breadcrumb\",\"itemListElement\":[{\"@type\":\"ListItem\",\"position\":1,\"name\":\"Home\",\"item\":\"https:\\\/\\\/favorite-news.com\\\/pt\\\/\"},{\"@type\":\"ListItem\",\"position\":2,\"name\":\"\u00c1lvaro Cov\u00f5es: &#8220;A nossa expectativa \u00e9 que desapare\u00e7a a obrigatoriedade de lugares sentados\u201d &#8211; Meios &#038; Publicidade\"}]},{\"@type\":\"WebSite\",\"@id\":\"https:\\\/\\\/favorite-news.com\\\/pt\\\/#website\",\"url\":\"https:\\\/\\\/favorite-news.com\\\/pt\\\/\",\"name\":\"Favorite News\",\"description\":\"Favorite News Portugal\",\"potentialAction\":[{\"@type\":\"SearchAction\",\"target\":{\"@type\":\"EntryPoint\",\"urlTemplate\":\"https:\\\/\\\/favorite-news.com\\\/pt\\\/?s={search_term_string}\"},\"query-input\":{\"@type\":\"PropertyValueSpecification\",\"valueRequired\":true,\"valueName\":\"search_term_string\"}}],\"inLanguage\":\"pt-PT\"},{\"@type\":\"Person\",\"@id\":\"https:\\\/\\\/favorite-news.com\\\/pt\\\/#\\\/schema\\\/person\\\/b91573b717dcfa5e4696032a9d28d3e8\",\"name\":\"favorite-news\",\"image\":{\"@type\":\"ImageObject\",\"inLanguage\":\"pt-PT\",\"@id\":\"https:\\\/\\\/secure.gravatar.com\\\/avatar\\\/6c5a5cb12b74e9d517ee91cf570335b7d16177f1977cc91db161adfa435945a7?s=96&d=mm&r=g\",\"url\":\"https:\\\/\\\/secure.gravatar.com\\\/avatar\\\/6c5a5cb12b74e9d517ee91cf570335b7d16177f1977cc91db161adfa435945a7?s=96&d=mm&r=g\",\"contentUrl\":\"https:\\\/\\\/secure.gravatar.com\\\/avatar\\\/6c5a5cb12b74e9d517ee91cf570335b7d16177f1977cc91db161adfa435945a7?s=96&d=mm&r=g\",\"caption\":\"favorite-news\"},\"url\":\"https:\\\/\\\/favorite-news.com\\\/pt\\\/author\\\/pt\\\/\"}]}<\/script>\n<!-- \/ Yoast SEO plugin. -->","yoast_head_json":{"title":"\u00c1lvaro Cov\u00f5es: \"A nossa expectativa \u00e9 que desapare\u00e7a a obrigatoriedade de lugares sentados\u201d - Meios & Publicidade - Favorite News","robots":{"index":"index","follow":"follow","max-snippet":"max-snippet:-1","max-image-preview":"max-image-preview:large","max-video-preview":"max-video-preview:-1"},"canonical":"https:\/\/favorite-news.com\/pt\/alvaro-covoes-a-nossa-expectativa-e-que-desapareca-a-obrigatoriedade-de-lugares-sentados-meios-publicidade\/","og_locale":"pt_PT","og_type":"article","og_title":"\u00c1lvaro Cov\u00f5es: \"A nossa expectativa \u00e9 que desapare\u00e7a a obrigatoriedade de lugares sentados\u201d - Meios & Publicidade - Favorite News","og_description":"Por Meios &amp; Publicidade a 23 de Agosto de 2021 \u00c1lvaro Cov\u00f5es, respons\u00e1vel da Everything is New A Associa\u00e7\u00e3o de Promotores de Espet\u00e1culos, Festivais e Eventos (APEFE) defendeu o fim da obrigatoriedade de lugares sentados em espect\u00e1culos culturais, com o alargamento da lota\u00e7\u00e3o dos recintos para 75 por cento da lota\u00e7\u00e3o, tal como foi anunciado [&hellip;]","og_url":"https:\/\/favorite-news.com\/pt\/alvaro-covoes-a-nossa-expectativa-e-que-desapareca-a-obrigatoriedade-de-lugares-sentados-meios-publicidade\/","og_site_name":"Favorite News","article_published_time":"2021-08-30T11:22:04+00:00","article_modified_time":"2021-08-30T11:22:13+00:00","og_image":[{"width":700,"height":771,"url":"https:\/\/favorite-news.com\/pt\/wp-content\/uploads\/sites\/2\/2021\/08\/Alvaro-Covoes-A-nossa-expectativa-e-que-desapareca-a-obrigatoriedade.jpg","type":"image\/jpeg"}],"author":"favorite-news","twitter_card":"summary_large_image","twitter_misc":{"Escrito por":"favorite-news","Tempo estimado de leitura":"1 minuto"},"schema":{"@context":"https:\/\/schema.org","@graph":[{"@type":"Article","@id":"https:\/\/favorite-news.com\/pt\/alvaro-covoes-a-nossa-expectativa-e-que-desapareca-a-obrigatoriedade-de-lugares-sentados-meios-publicidade\/#article","isPartOf":{"@id":"https:\/\/favorite-news.com\/pt\/alvaro-covoes-a-nossa-expectativa-e-que-desapareca-a-obrigatoriedade-de-lugares-sentados-meios-publicidade\/"},"author":{"name":"favorite-news","@id":"https:\/\/favorite-news.com\/pt\/#\/schema\/person\/b91573b717dcfa5e4696032a9d28d3e8"},"headline":"\u00c1lvaro Cov\u00f5es: &#8220;A nossa expectativa \u00e9 que desapare\u00e7a a obrigatoriedade de lugares sentados\u201d &#8211; Meios &#038; Publicidade","datePublished":"2021-08-30T11:22:04+00:00","dateModified":"2021-08-30T11:22:13+00:00","mainEntityOfPage":{"@id":"https:\/\/favorite-news.com\/pt\/alvaro-covoes-a-nossa-expectativa-e-que-desapareca-a-obrigatoriedade-de-lugares-sentados-meios-publicidade\/"},"wordCount":193,"commentCount":0,"image":{"@id":"https:\/\/favorite-news.com\/pt\/alvaro-covoes-a-nossa-expectativa-e-que-desapareca-a-obrigatoriedade-de-lugares-sentados-meios-publicidade\/#primaryimage"},"thumbnailUrl":"https:\/\/favorite-news.com\/pt\/wp-content\/uploads\/sites\/2\/2021\/08\/Alvaro-Covoes-A-nossa-expectativa-e-que-desapareca-a-obrigatoriedade.jpg","articleSection":["NOT\u00cdCIAS DE MARKETING NA INTERNET"],"inLanguage":"pt-PT","potentialAction":[{"@type":"CommentAction","name":"Comment","target":["https:\/\/favorite-news.com\/pt\/alvaro-covoes-a-nossa-expectativa-e-que-desapareca-a-obrigatoriedade-de-lugares-sentados-meios-publicidade\/#respond"]}]},{"@type":"WebPage","@id":"https:\/\/favorite-news.com\/pt\/alvaro-covoes-a-nossa-expectativa-e-que-desapareca-a-obrigatoriedade-de-lugares-sentados-meios-publicidade\/","url":"https:\/\/favorite-news.com\/pt\/alvaro-covoes-a-nossa-expectativa-e-que-desapareca-a-obrigatoriedade-de-lugares-sentados-meios-publicidade\/","name":"\u00c1lvaro Cov\u00f5es: \"A nossa expectativa \u00e9 que desapare\u00e7a a obrigatoriedade de lugares sentados\u201d - Meios & Publicidade - Favorite News","isPartOf":{"@id":"https:\/\/favorite-news.com\/pt\/#website"},"primaryImageOfPage":{"@id":"https:\/\/favorite-news.com\/pt\/alvaro-covoes-a-nossa-expectativa-e-que-desapareca-a-obrigatoriedade-de-lugares-sentados-meios-publicidade\/#primaryimage"},"image":{"@id":"https:\/\/favorite-news.com\/pt\/alvaro-covoes-a-nossa-expectativa-e-que-desapareca-a-obrigatoriedade-de-lugares-sentados-meios-publicidade\/#primaryimage"},"thumbnailUrl":"https:\/\/favorite-news.com\/pt\/wp-content\/uploads\/sites\/2\/2021\/08\/Alvaro-Covoes-A-nossa-expectativa-e-que-desapareca-a-obrigatoriedade.jpg","datePublished":"2021-08-30T11:22:04+00:00","dateModified":"2021-08-30T11:22:13+00:00","author":{"@id":"https:\/\/favorite-news.com\/pt\/#\/schema\/person\/b91573b717dcfa5e4696032a9d28d3e8"},"breadcrumb":{"@id":"https:\/\/favorite-news.com\/pt\/alvaro-covoes-a-nossa-expectativa-e-que-desapareca-a-obrigatoriedade-de-lugares-sentados-meios-publicidade\/#breadcrumb"},"inLanguage":"pt-PT","potentialAction":[{"@type":"ReadAction","target":["https:\/\/favorite-news.com\/pt\/alvaro-covoes-a-nossa-expectativa-e-que-desapareca-a-obrigatoriedade-de-lugares-sentados-meios-publicidade\/"]}]},{"@type":"ImageObject","inLanguage":"pt-PT","@id":"https:\/\/favorite-news.com\/pt\/alvaro-covoes-a-nossa-expectativa-e-que-desapareca-a-obrigatoriedade-de-lugares-sentados-meios-publicidade\/#primaryimage","url":"https:\/\/favorite-news.com\/pt\/wp-content\/uploads\/sites\/2\/2021\/08\/Alvaro-Covoes-A-nossa-expectativa-e-que-desapareca-a-obrigatoriedade.jpg","contentUrl":"https:\/\/favorite-news.com\/pt\/wp-content\/uploads\/sites\/2\/2021\/08\/Alvaro-Covoes-A-nossa-expectativa-e-que-desapareca-a-obrigatoriedade.jpg","width":700,"height":771,"caption":"\u00c1lvaro Cov\u00f5es: \"A nossa expectativa \u00e9 que desapare\u00e7a a obrigatoriedade de lugares sentados\u201d - Meios & Publicidade"},{"@type":"BreadcrumbList","@id":"https:\/\/favorite-news.com\/pt\/alvaro-covoes-a-nossa-expectativa-e-que-desapareca-a-obrigatoriedade-de-lugares-sentados-meios-publicidade\/#breadcrumb","itemListElement":[{"@type":"ListItem","position":1,"name":"Home","item":"https:\/\/favorite-news.com\/pt\/"},{"@type":"ListItem","position":2,"name":"\u00c1lvaro Cov\u00f5es: &#8220;A nossa expectativa \u00e9 que desapare\u00e7a a obrigatoriedade de lugares sentados\u201d &#8211; Meios &#038; Publicidade"}]},{"@type":"WebSite","@id":"https:\/\/favorite-news.com\/pt\/#website","url":"https:\/\/favorite-news.com\/pt\/","name":"Favorite News","description":"Favorite News Portugal","potentialAction":[{"@type":"SearchAction","target":{"@type":"EntryPoint","urlTemplate":"https:\/\/favorite-news.com\/pt\/?s={search_term_string}"},"query-input":{"@type":"PropertyValueSpecification","valueRequired":true,"valueName":"search_term_string"}}],"inLanguage":"pt-PT"},{"@type":"Person","@id":"https:\/\/favorite-news.com\/pt\/#\/schema\/person\/b91573b717dcfa5e4696032a9d28d3e8","name":"favorite-news","image":{"@type":"ImageObject","inLanguage":"pt-PT","@id":"https:\/\/secure.gravatar.com\/avatar\/6c5a5cb12b74e9d517ee91cf570335b7d16177f1977cc91db161adfa435945a7?s=96&d=mm&r=g","url":"https:\/\/secure.gravatar.com\/avatar\/6c5a5cb12b74e9d517ee91cf570335b7d16177f1977cc91db161adfa435945a7?s=96&d=mm&r=g","contentUrl":"https:\/\/secure.gravatar.com\/avatar\/6c5a5cb12b74e9d517ee91cf570335b7d16177f1977cc91db161adfa435945a7?s=96&d=mm&r=g","caption":"favorite-news"},"url":"https:\/\/favorite-news.com\/pt\/author\/pt\/"}]}},"_links":{"self":[{"href":"https:\/\/favorite-news.com\/pt\/wp-json\/wp\/v2\/posts\/11286","targetHints":{"allow":["GET"]}}],"collection":[{"href":"https:\/\/favorite-news.com\/pt\/wp-json\/wp\/v2\/posts"}],"about":[{"href":"https:\/\/favorite-news.com\/pt\/wp-json\/wp\/v2\/types\/post"}],"author":[{"embeddable":true,"href":"https:\/\/favorite-news.com\/pt\/wp-json\/wp\/v2\/users\/2"}],"replies":[{"embeddable":true,"href":"https:\/\/favorite-news.com\/pt\/wp-json\/wp\/v2\/comments?post=11286"}],"version-history":[{"count":1,"href":"https:\/\/favorite-news.com\/pt\/wp-json\/wp\/v2\/posts\/11286\/revisions"}],"predecessor-version":[{"id":11288,"href":"https:\/\/favorite-news.com\/pt\/wp-json\/wp\/v2\/posts\/11286\/revisions\/11288"}],"wp:featuredmedia":[{"embeddable":true,"href":"https:\/\/favorite-news.com\/pt\/wp-json\/wp\/v2\/media\/11287"}],"wp:attachment":[{"href":"https:\/\/favorite-news.com\/pt\/wp-json\/wp\/v2\/media?parent=11286"}],"wp:term":[{"taxonomy":"category","embeddable":true,"href":"https:\/\/favorite-news.com\/pt\/wp-json\/wp\/v2\/categories?post=11286"},{"taxonomy":"post_tag","embeddable":true,"href":"https:\/\/favorite-news.com\/pt\/wp-json\/wp\/v2\/tags?post=11286"}],"curies":[{"name":"wp","href":"https:\/\/api.w.org\/{rel}","templated":true}]}}