{"id":11220,"date":"2021-08-25T01:54:43","date_gmt":"2021-08-24T22:54:43","guid":{"rendered":"https:\/\/favorite-news.com\/pt\/web-summit-so-com-vacina-ou-teste-pcr-meios-publicidade\/"},"modified":"2021-08-25T01:54:50","modified_gmt":"2021-08-24T22:54:50","slug":"web-summit-so-com-vacina-ou-teste-pcr-meios-publicidade","status":"publish","type":"post","link":"https:\/\/favorite-news.com\/pt\/web-summit-so-com-vacina-ou-teste-pcr-meios-publicidade\/","title":{"rendered":"Web Summit s\u00f3 com vacina ou teste PCR &#8211; Meios &#038; Publicidade"},"content":{"rendered":"<p>\t\t\t\tPor Meios &amp; Publicidade a 24 de Agosto de 2021<\/p>\n<p>\t\t\tOs participantes da Web Summit v\u00e3o ter de apresentar um certificado de vacina\u00e7\u00e3o ou um teste negativo \u00e0 covid-19, anunciou a organiza\u00e7\u00e3o da cimeira tecnol\u00f3gica.<br \/>\n\u201cA Web Summit anunciou que v\u00e3o ser exigidos certificados de vacina\u00e7\u00e3o ou um teste negativo \u00e0 covid-19 para participar no primeiro evento presencial em dois anos\u201d, adiantou a organiza\u00e7\u00e3o, referindo que as situa\u00e7\u00f5es em que nos casos em que a certificado digital de vacina\u00e7\u00e3o n\u00e3o seja poss\u00edvel, ser\u00e1 exigido um teste PCR que se manter\u00e1 v\u00e1lido por apenas 72 horas. \u201cEmbora seja improv\u00e1vel que as m\u00e1scaras sejam legalmente exigidas em ambientes fechados em Portugal at\u00e9 Novembro, continuaremos a apoiar qualquer participante que deseje usar m\u00e1scara. Garantiremos o cumprimento de todas as medidas adequadas, definidas pelas autoridades de sa\u00fade portuguesas\u201d, refere o mesmo comunicado.<br \/>\nO evento volta \u00e0 FIL e ao Altice Arena, em Lisboa, entre 1 e 4 de Novembro, depois de a edi\u00e7\u00e3o de 2020 ter decorrido online.<br \/>\nSector volta aos eventos presenciais a partir de Setembro<\/p>\n<p>\n<!--noindex--><br \/>\n<a href=\"https:\/\/www.meiosepublicidade.pt\/2021\/08\/web-summit-so-com-vacina-ou-teste-pcr\/?utm_source=rss&#038;utm_medium=rss&#038;utm_campaign=web-summit-so-com-vacina-ou-teste-pcr\" rel=\"nofollow\">Source link <\/a><br \/>\n<!--\/noindex--><\/p>\n","protected":false},"excerpt":{"rendered":"<p>Por Meios &amp; Publicidade a 24 de Agosto de 2021 Os participantes da Web Summit v\u00e3o ter de apresentar um certificado de vacina\u00e7\u00e3o ou um teste negativo \u00e0 covid-19, anunciou a organiza\u00e7\u00e3o da cimeira tecnol\u00f3gica. \u201cA Web Summit anunciou que v\u00e3o ser exigidos certificados de vacina\u00e7\u00e3o ou um teste negativo \u00e0 covid-19 para participar no [&hellip;]<\/p>\n","protected":false},"author":2,"featured_media":11221,"comment_status":"open","ping_status":"open","sticky":false,"template":"","format":"standard","meta":{"footnotes":""},"categories":[3],"tags":[],"class_list":["post-11220","post","type-post","status-publish","format-standard","has-post-thumbnail","hentry","category-noticias-de-marketing-na-internet"],"yoast_head":"<!-- This site is optimized with the Yoast SEO plugin v27.4 - https:\/\/yoast.com\/product\/yoast-seo-wordpress\/ -->\n<title>Web Summit s\u00f3 com vacina ou teste PCR - Meios &amp; Publicidade - Favorite News<\/title>\n<meta name=\"robots\" content=\"index, follow, max-snippet:-1, max-image-preview:large, max-video-preview:-1\" \/>\n<link rel=\"canonical\" href=\"https:\/\/favorite-news.com\/pt\/web-summit-so-com-vacina-ou-teste-pcr-meios-publicidade\/\" \/>\n<meta property=\"og:locale\" content=\"pt_PT\" \/>\n<meta property=\"og:type\" content=\"article\" \/>\n<meta property=\"og:title\" content=\"Web Summit s\u00f3 com vacina ou teste PCR - Meios &amp; Publicidade - Favorite News\" \/>\n<meta property=\"og:description\" content=\"Por Meios &amp; Publicidade a 24 de Agosto de 2021 Os participantes da Web Summit v\u00e3o ter de apresentar um certificado de vacina\u00e7\u00e3o ou um teste negativo \u00e0 covid-19, anunciou a organiza\u00e7\u00e3o da cimeira tecnol\u00f3gica. \u201cA Web Summit anunciou que v\u00e3o ser exigidos certificados de vacina\u00e7\u00e3o ou um teste negativo \u00e0 covid-19 para participar no [&hellip;]\" \/>\n<meta property=\"og:url\" content=\"https:\/\/favorite-news.com\/pt\/web-summit-so-com-vacina-ou-teste-pcr-meios-publicidade\/\" \/>\n<meta property=\"og:site_name\" content=\"Favorite News\" \/>\n<meta property=\"article:published_time\" content=\"2021-08-24T22:54:43+00:00\" \/>\n<meta property=\"article:modified_time\" content=\"2021-08-24T22:54:50+00:00\" \/>\n<meta property=\"og:image\" content=\"https:\/\/favorite-news.com\/pt\/wp-content\/uploads\/sites\/2\/2021\/08\/Web-Summit-so-com-vacina-ou-teste-PCR-Meios.jpg\" \/>\n\t<meta property=\"og:image:width\" content=\"640\" \/>\n\t<meta property=\"og:image:height\" content=\"427\" \/>\n\t<meta property=\"og:image:type\" content=\"image\/jpeg\" \/>\n<meta name=\"author\" content=\"favorite-news\" \/>\n<meta name=\"twitter:card\" content=\"summary_large_image\" \/>\n<meta name=\"twitter:label1\" content=\"Escrito por\" \/>\n\t<meta name=\"twitter:data1\" content=\"favorite-news\" \/>\n\t<meta name=\"twitter:label2\" content=\"Tempo estimado de leitura\" \/>\n\t<meta name=\"twitter:data2\" content=\"1 minuto\" \/>\n<script type=\"application\/ld+json\" class=\"yoast-schema-graph\">{\"@context\":\"https:\\\/\\\/schema.org\",\"@graph\":[{\"@type\":\"Article\",\"@id\":\"https:\\\/\\\/favorite-news.com\\\/pt\\\/web-summit-so-com-vacina-ou-teste-pcr-meios-publicidade\\\/#article\",\"isPartOf\":{\"@id\":\"https:\\\/\\\/favorite-news.com\\\/pt\\\/web-summit-so-com-vacina-ou-teste-pcr-meios-publicidade\\\/\"},\"author\":{\"name\":\"favorite-news\",\"@id\":\"https:\\\/\\\/favorite-news.com\\\/pt\\\/#\\\/schema\\\/person\\\/b91573b717dcfa5e4696032a9d28d3e8\"},\"headline\":\"Web Summit s\u00f3 com vacina ou teste PCR &#8211; Meios &#038; Publicidade\",\"datePublished\":\"2021-08-24T22:54:43+00:00\",\"dateModified\":\"2021-08-24T22:54:50+00:00\",\"mainEntityOfPage\":{\"@id\":\"https:\\\/\\\/favorite-news.com\\\/pt\\\/web-summit-so-com-vacina-ou-teste-pcr-meios-publicidade\\\/\"},\"wordCount\":194,\"commentCount\":0,\"image\":{\"@id\":\"https:\\\/\\\/favorite-news.com\\\/pt\\\/web-summit-so-com-vacina-ou-teste-pcr-meios-publicidade\\\/#primaryimage\"},\"thumbnailUrl\":\"https:\\\/\\\/favorite-news.com\\\/pt\\\/wp-content\\\/uploads\\\/sites\\\/2\\\/2021\\\/08\\\/Web-Summit-so-com-vacina-ou-teste-PCR-Meios.jpg\",\"articleSection\":[\"NOT\u00cdCIAS DE MARKETING NA INTERNET\"],\"inLanguage\":\"pt-PT\",\"potentialAction\":[{\"@type\":\"CommentAction\",\"name\":\"Comment\",\"target\":[\"https:\\\/\\\/favorite-news.com\\\/pt\\\/web-summit-so-com-vacina-ou-teste-pcr-meios-publicidade\\\/#respond\"]}]},{\"@type\":\"WebPage\",\"@id\":\"https:\\\/\\\/favorite-news.com\\\/pt\\\/web-summit-so-com-vacina-ou-teste-pcr-meios-publicidade\\\/\",\"url\":\"https:\\\/\\\/favorite-news.com\\\/pt\\\/web-summit-so-com-vacina-ou-teste-pcr-meios-publicidade\\\/\",\"name\":\"Web Summit s\u00f3 com vacina ou teste PCR - Meios & Publicidade - Favorite News\",\"isPartOf\":{\"@id\":\"https:\\\/\\\/favorite-news.com\\\/pt\\\/#website\"},\"primaryImageOfPage\":{\"@id\":\"https:\\\/\\\/favorite-news.com\\\/pt\\\/web-summit-so-com-vacina-ou-teste-pcr-meios-publicidade\\\/#primaryimage\"},\"image\":{\"@id\":\"https:\\\/\\\/favorite-news.com\\\/pt\\\/web-summit-so-com-vacina-ou-teste-pcr-meios-publicidade\\\/#primaryimage\"},\"thumbnailUrl\":\"https:\\\/\\\/favorite-news.com\\\/pt\\\/wp-content\\\/uploads\\\/sites\\\/2\\\/2021\\\/08\\\/Web-Summit-so-com-vacina-ou-teste-PCR-Meios.jpg\",\"datePublished\":\"2021-08-24T22:54:43+00:00\",\"dateModified\":\"2021-08-24T22:54:50+00:00\",\"author\":{\"@id\":\"https:\\\/\\\/favorite-news.com\\\/pt\\\/#\\\/schema\\\/person\\\/b91573b717dcfa5e4696032a9d28d3e8\"},\"breadcrumb\":{\"@id\":\"https:\\\/\\\/favorite-news.com\\\/pt\\\/web-summit-so-com-vacina-ou-teste-pcr-meios-publicidade\\\/#breadcrumb\"},\"inLanguage\":\"pt-PT\",\"potentialAction\":[{\"@type\":\"ReadAction\",\"target\":[\"https:\\\/\\\/favorite-news.com\\\/pt\\\/web-summit-so-com-vacina-ou-teste-pcr-meios-publicidade\\\/\"]}]},{\"@type\":\"ImageObject\",\"inLanguage\":\"pt-PT\",\"@id\":\"https:\\\/\\\/favorite-news.com\\\/pt\\\/web-summit-so-com-vacina-ou-teste-pcr-meios-publicidade\\\/#primaryimage\",\"url\":\"https:\\\/\\\/favorite-news.com\\\/pt\\\/wp-content\\\/uploads\\\/sites\\\/2\\\/2021\\\/08\\\/Web-Summit-so-com-vacina-ou-teste-PCR-Meios.jpg\",\"contentUrl\":\"https:\\\/\\\/favorite-news.com\\\/pt\\\/wp-content\\\/uploads\\\/sites\\\/2\\\/2021\\\/08\\\/Web-Summit-so-com-vacina-ou-teste-PCR-Meios.jpg\",\"width\":640,\"height\":427,\"caption\":\"Web Summit s\u00f3 com vacina ou teste PCR - Meios & Publicidade\"},{\"@type\":\"BreadcrumbList\",\"@id\":\"https:\\\/\\\/favorite-news.com\\\/pt\\\/web-summit-so-com-vacina-ou-teste-pcr-meios-publicidade\\\/#breadcrumb\",\"itemListElement\":[{\"@type\":\"ListItem\",\"position\":1,\"name\":\"Home\",\"item\":\"https:\\\/\\\/favorite-news.com\\\/pt\\\/\"},{\"@type\":\"ListItem\",\"position\":2,\"name\":\"Web Summit s\u00f3 com vacina ou teste PCR &#8211; Meios &#038; Publicidade\"}]},{\"@type\":\"WebSite\",\"@id\":\"https:\\\/\\\/favorite-news.com\\\/pt\\\/#website\",\"url\":\"https:\\\/\\\/favorite-news.com\\\/pt\\\/\",\"name\":\"Favorite News\",\"description\":\"Favorite News Portugal\",\"potentialAction\":[{\"@type\":\"SearchAction\",\"target\":{\"@type\":\"EntryPoint\",\"urlTemplate\":\"https:\\\/\\\/favorite-news.com\\\/pt\\\/?s={search_term_string}\"},\"query-input\":{\"@type\":\"PropertyValueSpecification\",\"valueRequired\":true,\"valueName\":\"search_term_string\"}}],\"inLanguage\":\"pt-PT\"},{\"@type\":\"Person\",\"@id\":\"https:\\\/\\\/favorite-news.com\\\/pt\\\/#\\\/schema\\\/person\\\/b91573b717dcfa5e4696032a9d28d3e8\",\"name\":\"favorite-news\",\"image\":{\"@type\":\"ImageObject\",\"inLanguage\":\"pt-PT\",\"@id\":\"https:\\\/\\\/secure.gravatar.com\\\/avatar\\\/6c5a5cb12b74e9d517ee91cf570335b7d16177f1977cc91db161adfa435945a7?s=96&d=mm&r=g\",\"url\":\"https:\\\/\\\/secure.gravatar.com\\\/avatar\\\/6c5a5cb12b74e9d517ee91cf570335b7d16177f1977cc91db161adfa435945a7?s=96&d=mm&r=g\",\"contentUrl\":\"https:\\\/\\\/secure.gravatar.com\\\/avatar\\\/6c5a5cb12b74e9d517ee91cf570335b7d16177f1977cc91db161adfa435945a7?s=96&d=mm&r=g\",\"caption\":\"favorite-news\"},\"url\":\"https:\\\/\\\/favorite-news.com\\\/pt\\\/author\\\/pt\\\/\"}]}<\/script>\n<!-- \/ Yoast SEO plugin. -->","yoast_head_json":{"title":"Web Summit s\u00f3 com vacina ou teste PCR - Meios & Publicidade - Favorite News","robots":{"index":"index","follow":"follow","max-snippet":"max-snippet:-1","max-image-preview":"max-image-preview:large","max-video-preview":"max-video-preview:-1"},"canonical":"https:\/\/favorite-news.com\/pt\/web-summit-so-com-vacina-ou-teste-pcr-meios-publicidade\/","og_locale":"pt_PT","og_type":"article","og_title":"Web Summit s\u00f3 com vacina ou teste PCR - Meios & Publicidade - Favorite News","og_description":"Por Meios &amp; Publicidade a 24 de Agosto de 2021 Os participantes da Web Summit v\u00e3o ter de apresentar um certificado de vacina\u00e7\u00e3o ou um teste negativo \u00e0 covid-19, anunciou a organiza\u00e7\u00e3o da cimeira tecnol\u00f3gica. \u201cA Web Summit anunciou que v\u00e3o ser exigidos certificados de vacina\u00e7\u00e3o ou um teste negativo \u00e0 covid-19 para participar no [&hellip;]","og_url":"https:\/\/favorite-news.com\/pt\/web-summit-so-com-vacina-ou-teste-pcr-meios-publicidade\/","og_site_name":"Favorite News","article_published_time":"2021-08-24T22:54:43+00:00","article_modified_time":"2021-08-24T22:54:50+00:00","og_image":[{"width":640,"height":427,"url":"https:\/\/favorite-news.com\/pt\/wp-content\/uploads\/sites\/2\/2021\/08\/Web-Summit-so-com-vacina-ou-teste-PCR-Meios.jpg","type":"image\/jpeg"}],"author":"favorite-news","twitter_card":"summary_large_image","twitter_misc":{"Escrito por":"favorite-news","Tempo estimado de leitura":"1 minuto"},"schema":{"@context":"https:\/\/schema.org","@graph":[{"@type":"Article","@id":"https:\/\/favorite-news.com\/pt\/web-summit-so-com-vacina-ou-teste-pcr-meios-publicidade\/#article","isPartOf":{"@id":"https:\/\/favorite-news.com\/pt\/web-summit-so-com-vacina-ou-teste-pcr-meios-publicidade\/"},"author":{"name":"favorite-news","@id":"https:\/\/favorite-news.com\/pt\/#\/schema\/person\/b91573b717dcfa5e4696032a9d28d3e8"},"headline":"Web Summit s\u00f3 com vacina ou teste PCR &#8211; Meios &#038; Publicidade","datePublished":"2021-08-24T22:54:43+00:00","dateModified":"2021-08-24T22:54:50+00:00","mainEntityOfPage":{"@id":"https:\/\/favorite-news.com\/pt\/web-summit-so-com-vacina-ou-teste-pcr-meios-publicidade\/"},"wordCount":194,"commentCount":0,"image":{"@id":"https:\/\/favorite-news.com\/pt\/web-summit-so-com-vacina-ou-teste-pcr-meios-publicidade\/#primaryimage"},"thumbnailUrl":"https:\/\/favorite-news.com\/pt\/wp-content\/uploads\/sites\/2\/2021\/08\/Web-Summit-so-com-vacina-ou-teste-PCR-Meios.jpg","articleSection":["NOT\u00cdCIAS DE MARKETING NA INTERNET"],"inLanguage":"pt-PT","potentialAction":[{"@type":"CommentAction","name":"Comment","target":["https:\/\/favorite-news.com\/pt\/web-summit-so-com-vacina-ou-teste-pcr-meios-publicidade\/#respond"]}]},{"@type":"WebPage","@id":"https:\/\/favorite-news.com\/pt\/web-summit-so-com-vacina-ou-teste-pcr-meios-publicidade\/","url":"https:\/\/favorite-news.com\/pt\/web-summit-so-com-vacina-ou-teste-pcr-meios-publicidade\/","name":"Web Summit s\u00f3 com vacina ou teste PCR - Meios & Publicidade - Favorite News","isPartOf":{"@id":"https:\/\/favorite-news.com\/pt\/#website"},"primaryImageOfPage":{"@id":"https:\/\/favorite-news.com\/pt\/web-summit-so-com-vacina-ou-teste-pcr-meios-publicidade\/#primaryimage"},"image":{"@id":"https:\/\/favorite-news.com\/pt\/web-summit-so-com-vacina-ou-teste-pcr-meios-publicidade\/#primaryimage"},"thumbnailUrl":"https:\/\/favorite-news.com\/pt\/wp-content\/uploads\/sites\/2\/2021\/08\/Web-Summit-so-com-vacina-ou-teste-PCR-Meios.jpg","datePublished":"2021-08-24T22:54:43+00:00","dateModified":"2021-08-24T22:54:50+00:00","author":{"@id":"https:\/\/favorite-news.com\/pt\/#\/schema\/person\/b91573b717dcfa5e4696032a9d28d3e8"},"breadcrumb":{"@id":"https:\/\/favorite-news.com\/pt\/web-summit-so-com-vacina-ou-teste-pcr-meios-publicidade\/#breadcrumb"},"inLanguage":"pt-PT","potentialAction":[{"@type":"ReadAction","target":["https:\/\/favorite-news.com\/pt\/web-summit-so-com-vacina-ou-teste-pcr-meios-publicidade\/"]}]},{"@type":"ImageObject","inLanguage":"pt-PT","@id":"https:\/\/favorite-news.com\/pt\/web-summit-so-com-vacina-ou-teste-pcr-meios-publicidade\/#primaryimage","url":"https:\/\/favorite-news.com\/pt\/wp-content\/uploads\/sites\/2\/2021\/08\/Web-Summit-so-com-vacina-ou-teste-PCR-Meios.jpg","contentUrl":"https:\/\/favorite-news.com\/pt\/wp-content\/uploads\/sites\/2\/2021\/08\/Web-Summit-so-com-vacina-ou-teste-PCR-Meios.jpg","width":640,"height":427,"caption":"Web Summit s\u00f3 com vacina ou teste PCR - Meios & Publicidade"},{"@type":"BreadcrumbList","@id":"https:\/\/favorite-news.com\/pt\/web-summit-so-com-vacina-ou-teste-pcr-meios-publicidade\/#breadcrumb","itemListElement":[{"@type":"ListItem","position":1,"name":"Home","item":"https:\/\/favorite-news.com\/pt\/"},{"@type":"ListItem","position":2,"name":"Web Summit s\u00f3 com vacina ou teste PCR &#8211; Meios &#038; Publicidade"}]},{"@type":"WebSite","@id":"https:\/\/favorite-news.com\/pt\/#website","url":"https:\/\/favorite-news.com\/pt\/","name":"Favorite News","description":"Favorite News Portugal","potentialAction":[{"@type":"SearchAction","target":{"@type":"EntryPoint","urlTemplate":"https:\/\/favorite-news.com\/pt\/?s={search_term_string}"},"query-input":{"@type":"PropertyValueSpecification","valueRequired":true,"valueName":"search_term_string"}}],"inLanguage":"pt-PT"},{"@type":"Person","@id":"https:\/\/favorite-news.com\/pt\/#\/schema\/person\/b91573b717dcfa5e4696032a9d28d3e8","name":"favorite-news","image":{"@type":"ImageObject","inLanguage":"pt-PT","@id":"https:\/\/secure.gravatar.com\/avatar\/6c5a5cb12b74e9d517ee91cf570335b7d16177f1977cc91db161adfa435945a7?s=96&d=mm&r=g","url":"https:\/\/secure.gravatar.com\/avatar\/6c5a5cb12b74e9d517ee91cf570335b7d16177f1977cc91db161adfa435945a7?s=96&d=mm&r=g","contentUrl":"https:\/\/secure.gravatar.com\/avatar\/6c5a5cb12b74e9d517ee91cf570335b7d16177f1977cc91db161adfa435945a7?s=96&d=mm&r=g","caption":"favorite-news"},"url":"https:\/\/favorite-news.com\/pt\/author\/pt\/"}]}},"_links":{"self":[{"href":"https:\/\/favorite-news.com\/pt\/wp-json\/wp\/v2\/posts\/11220","targetHints":{"allow":["GET"]}}],"collection":[{"href":"https:\/\/favorite-news.com\/pt\/wp-json\/wp\/v2\/posts"}],"about":[{"href":"https:\/\/favorite-news.com\/pt\/wp-json\/wp\/v2\/types\/post"}],"author":[{"embeddable":true,"href":"https:\/\/favorite-news.com\/pt\/wp-json\/wp\/v2\/users\/2"}],"replies":[{"embeddable":true,"href":"https:\/\/favorite-news.com\/pt\/wp-json\/wp\/v2\/comments?post=11220"}],"version-history":[{"count":1,"href":"https:\/\/favorite-news.com\/pt\/wp-json\/wp\/v2\/posts\/11220\/revisions"}],"predecessor-version":[{"id":11222,"href":"https:\/\/favorite-news.com\/pt\/wp-json\/wp\/v2\/posts\/11220\/revisions\/11222"}],"wp:featuredmedia":[{"embeddable":true,"href":"https:\/\/favorite-news.com\/pt\/wp-json\/wp\/v2\/media\/11221"}],"wp:attachment":[{"href":"https:\/\/favorite-news.com\/pt\/wp-json\/wp\/v2\/media?parent=11220"}],"wp:term":[{"taxonomy":"category","embeddable":true,"href":"https:\/\/favorite-news.com\/pt\/wp-json\/wp\/v2\/categories?post=11220"},{"taxonomy":"post_tag","embeddable":true,"href":"https:\/\/favorite-news.com\/pt\/wp-json\/wp\/v2\/tags?post=11220"}],"curies":[{"name":"wp","href":"https:\/\/api.w.org\/{rel}","templated":true}]}}