{"id":11204,"date":"2021-08-23T13:44:58","date_gmt":"2021-08-23T10:44:58","guid":{"rendered":"https:\/\/favorite-news.com\/pt\/liga-portugal-abre-primeira-loja-para-venda-de-produtos-oficiais-meios-publicidade\/"},"modified":"2021-08-23T13:45:14","modified_gmt":"2021-08-23T10:45:14","slug":"liga-portugal-abre-primeira-loja-para-venda-de-produtos-oficiais-meios-publicidade","status":"publish","type":"post","link":"https:\/\/favorite-news.com\/pt\/liga-portugal-abre-primeira-loja-para-venda-de-produtos-oficiais-meios-publicidade\/","title":{"rendered":"Liga Portugal abre primeira loja para venda de produtos oficiais &#8211; Meios &#038; Publicidade"},"content":{"rendered":"<p>\t\t\t\tPor Rui Oliveira Marques a 18 de Agosto de 2021<\/p>\n<p>\t\t\tA Liga Portugal inaugurou, esta ter\u00e7a-feira, a sua primeira loja para venda de produtos oficiais. Num espa\u00e7o com 32 metro quadrados, a loja est\u00e1 localizada no piso 0 do MAR Shopping, em Matosinhos, apresentando material desportivo dos clubes da Liga Portugal Bwin, da Liga Portugal SABSEG e da Funda\u00e7\u00e3o do Futebol-Liga Portugal. A bola oficial das competi\u00e7\u00f5es da Liga Portugal tamb\u00e9m estar\u00e1 dispon\u00edvel para venda ao p\u00fablico.<br \/>\n\u201cInauguramos esta loja neste centro comercial com o objectivo de ramificar por todo o pa\u00eds. \u00c9 o primeiro passo para vender, n\u00e3o s\u00f3 o merchandising da Liga, mas fundamentalmente implementar um conceito, onde qualquer adepto se pode unir e pode comprar merchandising do seu pr\u00f3prio clube\u201d, referiu o presidente da Liga Portugal, Pedro Proen\u00e7a.<\/p>\n<p>\n<!--noindex--><br \/>\n<a href=\"https:\/\/www.meiosepublicidade.pt\/2021\/08\/liga-portugal-abre-primeira-loja-para-venda-de-produtos-oficiais\/?utm_source=rss&#038;utm_medium=rss&#038;utm_campaign=liga-portugal-abre-primeira-loja-para-venda-de-produtos-oficiais\" rel=\"nofollow\">Source link <\/a><br \/>\n<!--\/noindex--><\/p>\n","protected":false},"excerpt":{"rendered":"<p>Por Rui Oliveira Marques a 18 de Agosto de 2021 A Liga Portugal inaugurou, esta ter\u00e7a-feira, a sua primeira loja para venda de produtos oficiais. Num espa\u00e7o com 32 metro quadrados, a loja est\u00e1 localizada no piso 0 do MAR Shopping, em Matosinhos, apresentando material desportivo dos clubes da Liga Portugal Bwin, da Liga Portugal [&hellip;]<\/p>\n","protected":false},"author":2,"featured_media":11205,"comment_status":"open","ping_status":"open","sticky":false,"template":"","format":"standard","meta":{"footnotes":""},"categories":[3],"tags":[],"class_list":["post-11204","post","type-post","status-publish","format-standard","has-post-thumbnail","hentry","category-noticias-de-marketing-na-internet"],"yoast_head":"<!-- This site is optimized with the Yoast SEO plugin v27.4 - https:\/\/yoast.com\/product\/yoast-seo-wordpress\/ -->\n<title>Liga Portugal abre primeira loja para venda de produtos oficiais - Meios &amp; Publicidade - Favorite News<\/title>\n<meta name=\"robots\" content=\"index, follow, max-snippet:-1, max-image-preview:large, max-video-preview:-1\" \/>\n<link rel=\"canonical\" href=\"https:\/\/favorite-news.com\/pt\/liga-portugal-abre-primeira-loja-para-venda-de-produtos-oficiais-meios-publicidade\/\" \/>\n<meta property=\"og:locale\" content=\"pt_PT\" \/>\n<meta property=\"og:type\" content=\"article\" \/>\n<meta property=\"og:title\" content=\"Liga Portugal abre primeira loja para venda de produtos oficiais - Meios &amp; Publicidade - Favorite News\" \/>\n<meta property=\"og:description\" content=\"Por Rui Oliveira Marques a 18 de Agosto de 2021 A Liga Portugal inaugurou, esta ter\u00e7a-feira, a sua primeira loja para venda de produtos oficiais. Num espa\u00e7o com 32 metro quadrados, a loja est\u00e1 localizada no piso 0 do MAR Shopping, em Matosinhos, apresentando material desportivo dos clubes da Liga Portugal Bwin, da Liga Portugal [&hellip;]\" \/>\n<meta property=\"og:url\" content=\"https:\/\/favorite-news.com\/pt\/liga-portugal-abre-primeira-loja-para-venda-de-produtos-oficiais-meios-publicidade\/\" \/>\n<meta property=\"og:site_name\" content=\"Favorite News\" \/>\n<meta property=\"article:published_time\" content=\"2021-08-23T10:44:58+00:00\" \/>\n<meta property=\"article:modified_time\" content=\"2021-08-23T10:45:14+00:00\" \/>\n<meta property=\"og:image\" content=\"https:\/\/favorite-news.com\/pt\/wp-content\/uploads\/sites\/2\/2021\/08\/Liga-Portugal-abre-primeira-loja-para-venda-de-produtos-oficiais.jpg\" \/>\n\t<meta property=\"og:image:width\" content=\"900\" \/>\n\t<meta property=\"og:image:height\" content=\"605\" \/>\n\t<meta property=\"og:image:type\" content=\"image\/jpeg\" \/>\n<meta name=\"author\" content=\"favorite-news\" \/>\n<meta name=\"twitter:card\" content=\"summary_large_image\" \/>\n<meta name=\"twitter:label1\" content=\"Escrito por\" \/>\n\t<meta name=\"twitter:data1\" content=\"favorite-news\" \/>\n\t<meta name=\"twitter:label2\" content=\"Tempo estimado de leitura\" \/>\n\t<meta name=\"twitter:data2\" content=\"1 minuto\" \/>\n<script type=\"application\/ld+json\" class=\"yoast-schema-graph\">{\"@context\":\"https:\\\/\\\/schema.org\",\"@graph\":[{\"@type\":\"Article\",\"@id\":\"https:\\\/\\\/favorite-news.com\\\/pt\\\/liga-portugal-abre-primeira-loja-para-venda-de-produtos-oficiais-meios-publicidade\\\/#article\",\"isPartOf\":{\"@id\":\"https:\\\/\\\/favorite-news.com\\\/pt\\\/liga-portugal-abre-primeira-loja-para-venda-de-produtos-oficiais-meios-publicidade\\\/\"},\"author\":{\"name\":\"favorite-news\",\"@id\":\"https:\\\/\\\/favorite-news.com\\\/pt\\\/#\\\/schema\\\/person\\\/b91573b717dcfa5e4696032a9d28d3e8\"},\"headline\":\"Liga Portugal abre primeira loja para venda de produtos oficiais &#8211; Meios &#038; Publicidade\",\"datePublished\":\"2021-08-23T10:44:58+00:00\",\"dateModified\":\"2021-08-23T10:45:14+00:00\",\"mainEntityOfPage\":{\"@id\":\"https:\\\/\\\/favorite-news.com\\\/pt\\\/liga-portugal-abre-primeira-loja-para-venda-de-produtos-oficiais-meios-publicidade\\\/\"},\"wordCount\":152,\"commentCount\":0,\"image\":{\"@id\":\"https:\\\/\\\/favorite-news.com\\\/pt\\\/liga-portugal-abre-primeira-loja-para-venda-de-produtos-oficiais-meios-publicidade\\\/#primaryimage\"},\"thumbnailUrl\":\"https:\\\/\\\/favorite-news.com\\\/pt\\\/wp-content\\\/uploads\\\/sites\\\/2\\\/2021\\\/08\\\/Liga-Portugal-abre-primeira-loja-para-venda-de-produtos-oficiais.jpg\",\"articleSection\":[\"NOT\u00cdCIAS DE MARKETING NA INTERNET\"],\"inLanguage\":\"pt-PT\",\"potentialAction\":[{\"@type\":\"CommentAction\",\"name\":\"Comment\",\"target\":[\"https:\\\/\\\/favorite-news.com\\\/pt\\\/liga-portugal-abre-primeira-loja-para-venda-de-produtos-oficiais-meios-publicidade\\\/#respond\"]}]},{\"@type\":\"WebPage\",\"@id\":\"https:\\\/\\\/favorite-news.com\\\/pt\\\/liga-portugal-abre-primeira-loja-para-venda-de-produtos-oficiais-meios-publicidade\\\/\",\"url\":\"https:\\\/\\\/favorite-news.com\\\/pt\\\/liga-portugal-abre-primeira-loja-para-venda-de-produtos-oficiais-meios-publicidade\\\/\",\"name\":\"Liga Portugal abre primeira loja para venda de produtos oficiais - Meios & Publicidade - Favorite News\",\"isPartOf\":{\"@id\":\"https:\\\/\\\/favorite-news.com\\\/pt\\\/#website\"},\"primaryImageOfPage\":{\"@id\":\"https:\\\/\\\/favorite-news.com\\\/pt\\\/liga-portugal-abre-primeira-loja-para-venda-de-produtos-oficiais-meios-publicidade\\\/#primaryimage\"},\"image\":{\"@id\":\"https:\\\/\\\/favorite-news.com\\\/pt\\\/liga-portugal-abre-primeira-loja-para-venda-de-produtos-oficiais-meios-publicidade\\\/#primaryimage\"},\"thumbnailUrl\":\"https:\\\/\\\/favorite-news.com\\\/pt\\\/wp-content\\\/uploads\\\/sites\\\/2\\\/2021\\\/08\\\/Liga-Portugal-abre-primeira-loja-para-venda-de-produtos-oficiais.jpg\",\"datePublished\":\"2021-08-23T10:44:58+00:00\",\"dateModified\":\"2021-08-23T10:45:14+00:00\",\"author\":{\"@id\":\"https:\\\/\\\/favorite-news.com\\\/pt\\\/#\\\/schema\\\/person\\\/b91573b717dcfa5e4696032a9d28d3e8\"},\"breadcrumb\":{\"@id\":\"https:\\\/\\\/favorite-news.com\\\/pt\\\/liga-portugal-abre-primeira-loja-para-venda-de-produtos-oficiais-meios-publicidade\\\/#breadcrumb\"},\"inLanguage\":\"pt-PT\",\"potentialAction\":[{\"@type\":\"ReadAction\",\"target\":[\"https:\\\/\\\/favorite-news.com\\\/pt\\\/liga-portugal-abre-primeira-loja-para-venda-de-produtos-oficiais-meios-publicidade\\\/\"]}]},{\"@type\":\"ImageObject\",\"inLanguage\":\"pt-PT\",\"@id\":\"https:\\\/\\\/favorite-news.com\\\/pt\\\/liga-portugal-abre-primeira-loja-para-venda-de-produtos-oficiais-meios-publicidade\\\/#primaryimage\",\"url\":\"https:\\\/\\\/favorite-news.com\\\/pt\\\/wp-content\\\/uploads\\\/sites\\\/2\\\/2021\\\/08\\\/Liga-Portugal-abre-primeira-loja-para-venda-de-produtos-oficiais.jpg\",\"contentUrl\":\"https:\\\/\\\/favorite-news.com\\\/pt\\\/wp-content\\\/uploads\\\/sites\\\/2\\\/2021\\\/08\\\/Liga-Portugal-abre-primeira-loja-para-venda-de-produtos-oficiais.jpg\",\"width\":900,\"height\":605,\"caption\":\"Liga Portugal abre primeira loja para venda de produtos oficiais - Meios & Publicidade\"},{\"@type\":\"BreadcrumbList\",\"@id\":\"https:\\\/\\\/favorite-news.com\\\/pt\\\/liga-portugal-abre-primeira-loja-para-venda-de-produtos-oficiais-meios-publicidade\\\/#breadcrumb\",\"itemListElement\":[{\"@type\":\"ListItem\",\"position\":1,\"name\":\"Home\",\"item\":\"https:\\\/\\\/favorite-news.com\\\/pt\\\/\"},{\"@type\":\"ListItem\",\"position\":2,\"name\":\"Liga Portugal abre primeira loja para venda de produtos oficiais &#8211; Meios &#038; Publicidade\"}]},{\"@type\":\"WebSite\",\"@id\":\"https:\\\/\\\/favorite-news.com\\\/pt\\\/#website\",\"url\":\"https:\\\/\\\/favorite-news.com\\\/pt\\\/\",\"name\":\"Favorite News\",\"description\":\"Favorite News Portugal\",\"potentialAction\":[{\"@type\":\"SearchAction\",\"target\":{\"@type\":\"EntryPoint\",\"urlTemplate\":\"https:\\\/\\\/favorite-news.com\\\/pt\\\/?s={search_term_string}\"},\"query-input\":{\"@type\":\"PropertyValueSpecification\",\"valueRequired\":true,\"valueName\":\"search_term_string\"}}],\"inLanguage\":\"pt-PT\"},{\"@type\":\"Person\",\"@id\":\"https:\\\/\\\/favorite-news.com\\\/pt\\\/#\\\/schema\\\/person\\\/b91573b717dcfa5e4696032a9d28d3e8\",\"name\":\"favorite-news\",\"image\":{\"@type\":\"ImageObject\",\"inLanguage\":\"pt-PT\",\"@id\":\"https:\\\/\\\/secure.gravatar.com\\\/avatar\\\/6c5a5cb12b74e9d517ee91cf570335b7d16177f1977cc91db161adfa435945a7?s=96&d=mm&r=g\",\"url\":\"https:\\\/\\\/secure.gravatar.com\\\/avatar\\\/6c5a5cb12b74e9d517ee91cf570335b7d16177f1977cc91db161adfa435945a7?s=96&d=mm&r=g\",\"contentUrl\":\"https:\\\/\\\/secure.gravatar.com\\\/avatar\\\/6c5a5cb12b74e9d517ee91cf570335b7d16177f1977cc91db161adfa435945a7?s=96&d=mm&r=g\",\"caption\":\"favorite-news\"},\"url\":\"https:\\\/\\\/favorite-news.com\\\/pt\\\/author\\\/pt\\\/\"}]}<\/script>\n<!-- \/ Yoast SEO plugin. -->","yoast_head_json":{"title":"Liga Portugal abre primeira loja para venda de produtos oficiais - Meios & Publicidade - Favorite News","robots":{"index":"index","follow":"follow","max-snippet":"max-snippet:-1","max-image-preview":"max-image-preview:large","max-video-preview":"max-video-preview:-1"},"canonical":"https:\/\/favorite-news.com\/pt\/liga-portugal-abre-primeira-loja-para-venda-de-produtos-oficiais-meios-publicidade\/","og_locale":"pt_PT","og_type":"article","og_title":"Liga Portugal abre primeira loja para venda de produtos oficiais - Meios & Publicidade - Favorite News","og_description":"Por Rui Oliveira Marques a 18 de Agosto de 2021 A Liga Portugal inaugurou, esta ter\u00e7a-feira, a sua primeira loja para venda de produtos oficiais. Num espa\u00e7o com 32 metro quadrados, a loja est\u00e1 localizada no piso 0 do MAR Shopping, em Matosinhos, apresentando material desportivo dos clubes da Liga Portugal Bwin, da Liga Portugal [&hellip;]","og_url":"https:\/\/favorite-news.com\/pt\/liga-portugal-abre-primeira-loja-para-venda-de-produtos-oficiais-meios-publicidade\/","og_site_name":"Favorite News","article_published_time":"2021-08-23T10:44:58+00:00","article_modified_time":"2021-08-23T10:45:14+00:00","og_image":[{"width":900,"height":605,"url":"https:\/\/favorite-news.com\/pt\/wp-content\/uploads\/sites\/2\/2021\/08\/Liga-Portugal-abre-primeira-loja-para-venda-de-produtos-oficiais.jpg","type":"image\/jpeg"}],"author":"favorite-news","twitter_card":"summary_large_image","twitter_misc":{"Escrito por":"favorite-news","Tempo estimado de leitura":"1 minuto"},"schema":{"@context":"https:\/\/schema.org","@graph":[{"@type":"Article","@id":"https:\/\/favorite-news.com\/pt\/liga-portugal-abre-primeira-loja-para-venda-de-produtos-oficiais-meios-publicidade\/#article","isPartOf":{"@id":"https:\/\/favorite-news.com\/pt\/liga-portugal-abre-primeira-loja-para-venda-de-produtos-oficiais-meios-publicidade\/"},"author":{"name":"favorite-news","@id":"https:\/\/favorite-news.com\/pt\/#\/schema\/person\/b91573b717dcfa5e4696032a9d28d3e8"},"headline":"Liga Portugal abre primeira loja para venda de produtos oficiais &#8211; Meios &#038; Publicidade","datePublished":"2021-08-23T10:44:58+00:00","dateModified":"2021-08-23T10:45:14+00:00","mainEntityOfPage":{"@id":"https:\/\/favorite-news.com\/pt\/liga-portugal-abre-primeira-loja-para-venda-de-produtos-oficiais-meios-publicidade\/"},"wordCount":152,"commentCount":0,"image":{"@id":"https:\/\/favorite-news.com\/pt\/liga-portugal-abre-primeira-loja-para-venda-de-produtos-oficiais-meios-publicidade\/#primaryimage"},"thumbnailUrl":"https:\/\/favorite-news.com\/pt\/wp-content\/uploads\/sites\/2\/2021\/08\/Liga-Portugal-abre-primeira-loja-para-venda-de-produtos-oficiais.jpg","articleSection":["NOT\u00cdCIAS DE MARKETING NA INTERNET"],"inLanguage":"pt-PT","potentialAction":[{"@type":"CommentAction","name":"Comment","target":["https:\/\/favorite-news.com\/pt\/liga-portugal-abre-primeira-loja-para-venda-de-produtos-oficiais-meios-publicidade\/#respond"]}]},{"@type":"WebPage","@id":"https:\/\/favorite-news.com\/pt\/liga-portugal-abre-primeira-loja-para-venda-de-produtos-oficiais-meios-publicidade\/","url":"https:\/\/favorite-news.com\/pt\/liga-portugal-abre-primeira-loja-para-venda-de-produtos-oficiais-meios-publicidade\/","name":"Liga Portugal abre primeira loja para venda de produtos oficiais - Meios & Publicidade - Favorite News","isPartOf":{"@id":"https:\/\/favorite-news.com\/pt\/#website"},"primaryImageOfPage":{"@id":"https:\/\/favorite-news.com\/pt\/liga-portugal-abre-primeira-loja-para-venda-de-produtos-oficiais-meios-publicidade\/#primaryimage"},"image":{"@id":"https:\/\/favorite-news.com\/pt\/liga-portugal-abre-primeira-loja-para-venda-de-produtos-oficiais-meios-publicidade\/#primaryimage"},"thumbnailUrl":"https:\/\/favorite-news.com\/pt\/wp-content\/uploads\/sites\/2\/2021\/08\/Liga-Portugal-abre-primeira-loja-para-venda-de-produtos-oficiais.jpg","datePublished":"2021-08-23T10:44:58+00:00","dateModified":"2021-08-23T10:45:14+00:00","author":{"@id":"https:\/\/favorite-news.com\/pt\/#\/schema\/person\/b91573b717dcfa5e4696032a9d28d3e8"},"breadcrumb":{"@id":"https:\/\/favorite-news.com\/pt\/liga-portugal-abre-primeira-loja-para-venda-de-produtos-oficiais-meios-publicidade\/#breadcrumb"},"inLanguage":"pt-PT","potentialAction":[{"@type":"ReadAction","target":["https:\/\/favorite-news.com\/pt\/liga-portugal-abre-primeira-loja-para-venda-de-produtos-oficiais-meios-publicidade\/"]}]},{"@type":"ImageObject","inLanguage":"pt-PT","@id":"https:\/\/favorite-news.com\/pt\/liga-portugal-abre-primeira-loja-para-venda-de-produtos-oficiais-meios-publicidade\/#primaryimage","url":"https:\/\/favorite-news.com\/pt\/wp-content\/uploads\/sites\/2\/2021\/08\/Liga-Portugal-abre-primeira-loja-para-venda-de-produtos-oficiais.jpg","contentUrl":"https:\/\/favorite-news.com\/pt\/wp-content\/uploads\/sites\/2\/2021\/08\/Liga-Portugal-abre-primeira-loja-para-venda-de-produtos-oficiais.jpg","width":900,"height":605,"caption":"Liga Portugal abre primeira loja para venda de produtos oficiais - Meios & Publicidade"},{"@type":"BreadcrumbList","@id":"https:\/\/favorite-news.com\/pt\/liga-portugal-abre-primeira-loja-para-venda-de-produtos-oficiais-meios-publicidade\/#breadcrumb","itemListElement":[{"@type":"ListItem","position":1,"name":"Home","item":"https:\/\/favorite-news.com\/pt\/"},{"@type":"ListItem","position":2,"name":"Liga Portugal abre primeira loja para venda de produtos oficiais &#8211; Meios &#038; Publicidade"}]},{"@type":"WebSite","@id":"https:\/\/favorite-news.com\/pt\/#website","url":"https:\/\/favorite-news.com\/pt\/","name":"Favorite News","description":"Favorite News Portugal","potentialAction":[{"@type":"SearchAction","target":{"@type":"EntryPoint","urlTemplate":"https:\/\/favorite-news.com\/pt\/?s={search_term_string}"},"query-input":{"@type":"PropertyValueSpecification","valueRequired":true,"valueName":"search_term_string"}}],"inLanguage":"pt-PT"},{"@type":"Person","@id":"https:\/\/favorite-news.com\/pt\/#\/schema\/person\/b91573b717dcfa5e4696032a9d28d3e8","name":"favorite-news","image":{"@type":"ImageObject","inLanguage":"pt-PT","@id":"https:\/\/secure.gravatar.com\/avatar\/6c5a5cb12b74e9d517ee91cf570335b7d16177f1977cc91db161adfa435945a7?s=96&d=mm&r=g","url":"https:\/\/secure.gravatar.com\/avatar\/6c5a5cb12b74e9d517ee91cf570335b7d16177f1977cc91db161adfa435945a7?s=96&d=mm&r=g","contentUrl":"https:\/\/secure.gravatar.com\/avatar\/6c5a5cb12b74e9d517ee91cf570335b7d16177f1977cc91db161adfa435945a7?s=96&d=mm&r=g","caption":"favorite-news"},"url":"https:\/\/favorite-news.com\/pt\/author\/pt\/"}]}},"_links":{"self":[{"href":"https:\/\/favorite-news.com\/pt\/wp-json\/wp\/v2\/posts\/11204","targetHints":{"allow":["GET"]}}],"collection":[{"href":"https:\/\/favorite-news.com\/pt\/wp-json\/wp\/v2\/posts"}],"about":[{"href":"https:\/\/favorite-news.com\/pt\/wp-json\/wp\/v2\/types\/post"}],"author":[{"embeddable":true,"href":"https:\/\/favorite-news.com\/pt\/wp-json\/wp\/v2\/users\/2"}],"replies":[{"embeddable":true,"href":"https:\/\/favorite-news.com\/pt\/wp-json\/wp\/v2\/comments?post=11204"}],"version-history":[{"count":1,"href":"https:\/\/favorite-news.com\/pt\/wp-json\/wp\/v2\/posts\/11204\/revisions"}],"predecessor-version":[{"id":11206,"href":"https:\/\/favorite-news.com\/pt\/wp-json\/wp\/v2\/posts\/11204\/revisions\/11206"}],"wp:featuredmedia":[{"embeddable":true,"href":"https:\/\/favorite-news.com\/pt\/wp-json\/wp\/v2\/media\/11205"}],"wp:attachment":[{"href":"https:\/\/favorite-news.com\/pt\/wp-json\/wp\/v2\/media?parent=11204"}],"wp:term":[{"taxonomy":"category","embeddable":true,"href":"https:\/\/favorite-news.com\/pt\/wp-json\/wp\/v2\/categories?post=11204"},{"taxonomy":"post_tag","embeddable":true,"href":"https:\/\/favorite-news.com\/pt\/wp-json\/wp\/v2\/tags?post=11204"}],"curies":[{"name":"wp","href":"https:\/\/api.w.org\/{rel}","templated":true}]}}