{"id":11198,"date":"2021-08-23T01:44:19","date_gmt":"2021-08-22T22:44:19","guid":{"rendered":"https:\/\/favorite-news.com\/pt\/evora-2027-apresenta-pecas-de-comunicacao-rumo-a-capital-europeia-da-cultura-com-video-meios-publicidade\/"},"modified":"2021-08-23T01:44:26","modified_gmt":"2021-08-22T22:44:26","slug":"evora-2027-apresenta-pecas-de-comunicacao-rumo-a-capital-europeia-da-cultura-com-video-meios-publicidade","status":"publish","type":"post","link":"https:\/\/favorite-news.com\/pt\/evora-2027-apresenta-pecas-de-comunicacao-rumo-a-capital-europeia-da-cultura-com-video-meios-publicidade\/","title":{"rendered":"\u00c9vora 2027 apresenta pe\u00e7as de comunica\u00e7\u00e3o rumo \u00e0 Capital Europeia da Cultura (com v\u00eddeo) &#8211; Meios &#038; Publicidade"},"content":{"rendered":"<p>\t\t\t\tPor Rui Oliveira Marques a 19 de Agosto de 2021<\/p>\n<p>\t\t\t\u00c9vora 2027 \u2013 Cidade Candidata a Capital Europeia da Cultura lan\u00e7ou uma nova imagem, um filme promocional e a identidade musical da candidatura. A candidatura de \u00c9vora 2027 ser\u00e1 submetida, a 23 de Novembro, para avalia\u00e7\u00e3o de um j\u00fari internaciona\u200bl.\u200b<br \/>\nA identidade gr\u00e1fica \u00e9 da responsabilidade do est\u00fadio de design R2\u200b. Trata-se de uma \u201cidentidade que prop\u00f5e uma narrativa visual, constitu\u00edda por um log\u00f3tipo que possibilita m\u00faltiplas apropria\u00e7\u00f5es e anima\u00e7\u00f5es, mas tamb\u00e9m resgata a combina\u00e7\u00e3o de cores vivas com texturas e elementos gr\u00e1ficos, figurativos e abstractos, extra\u00eddos de materiais tradicionais\u201d, refere a organiza\u00e7\u00e3o.<br \/>\nO filme promocional mostra que a partir deste \u201cterrit\u00f3rio-palco \u00e9 poss\u00edvel sonhar com a constru\u00e7\u00e3o de um futuro feito de coexist\u00eancia e de partilha e consequentemente com uma Europa mais inspirada por \u00c9vora e pelo Alentejo\u201d. O filme foi produzido pela Playground e realizado por Rui Vieira.<br \/>\nOutra das novidades \u00e9 a pe\u00e7a criada por quatro m\u00fasicos de \u00c9vora, intitulada O C\u00e9u do Pastor, para dar corpo \u00e0 identidade musical de \u00c9vora 2027. O C\u00e9u do Pastor \u00e9 da autoria de Ant\u00f3nio Bexiga, Ant\u00f3nio Pinto de Sousa, Mestre Andr\u00e9 e Dj Sims, com a participa\u00e7\u00e3o de Vozes do Imagin\u00e1rio, com direc\u00e7\u00e3o de Lu\u00eds Pereira. A obra ficar\u00e1 dispon\u00edvel no in\u00edcio de Setembro.<\/p>\n<p>\n<!--noindex--><br \/>\n<a href=\"https:\/\/www.meiosepublicidade.pt\/2021\/08\/evora-2027-apresenta-pecas-de-comunicacao-rumo-a-capital-europeia-da-cultura-com-video\/?utm_source=rss&#038;utm_medium=rss&#038;utm_campaign=evora-2027-apresenta-pecas-de-comunicacao-rumo-a-capital-europeia-da-cultura-com-video\" rel=\"nofollow\">Source link <\/a><br \/>\n<!--\/noindex--><\/p>\n","protected":false},"excerpt":{"rendered":"<p>Por Rui Oliveira Marques a 19 de Agosto de 2021 \u00c9vora 2027 \u2013 Cidade Candidata a Capital Europeia da Cultura lan\u00e7ou uma nova imagem, um filme promocional e a identidade musical da candidatura. A candidatura de \u00c9vora 2027 ser\u00e1 submetida, a 23 de Novembro, para avalia\u00e7\u00e3o de um j\u00fari internaciona\u200bl.\u200b A identidade gr\u00e1fica \u00e9 da [&hellip;]<\/p>\n","protected":false},"author":2,"featured_media":11199,"comment_status":"open","ping_status":"open","sticky":false,"template":"","format":"standard","meta":{"footnotes":""},"categories":[3],"tags":[],"class_list":["post-11198","post","type-post","status-publish","format-standard","has-post-thumbnail","hentry","category-noticias-de-marketing-na-internet"],"yoast_head":"<!-- This site is optimized with the Yoast SEO plugin v27.4 - https:\/\/yoast.com\/product\/yoast-seo-wordpress\/ -->\n<title>\u00c9vora 2027 apresenta pe\u00e7as de comunica\u00e7\u00e3o rumo \u00e0 Capital Europeia da Cultura (com v\u00eddeo) - Meios &amp; Publicidade - Favorite News<\/title>\n<meta name=\"robots\" content=\"index, follow, max-snippet:-1, max-image-preview:large, max-video-preview:-1\" \/>\n<link rel=\"canonical\" href=\"https:\/\/favorite-news.com\/pt\/evora-2027-apresenta-pecas-de-comunicacao-rumo-a-capital-europeia-da-cultura-com-video-meios-publicidade\/\" \/>\n<meta property=\"og:locale\" content=\"pt_PT\" \/>\n<meta property=\"og:type\" content=\"article\" \/>\n<meta property=\"og:title\" content=\"\u00c9vora 2027 apresenta pe\u00e7as de comunica\u00e7\u00e3o rumo \u00e0 Capital Europeia da Cultura (com v\u00eddeo) - Meios &amp; Publicidade - Favorite News\" \/>\n<meta property=\"og:description\" content=\"Por Rui Oliveira Marques a 19 de Agosto de 2021 \u00c9vora 2027 \u2013 Cidade Candidata a Capital Europeia da Cultura lan\u00e7ou uma nova imagem, um filme promocional e a identidade musical da candidatura. A candidatura de \u00c9vora 2027 ser\u00e1 submetida, a 23 de Novembro, para avalia\u00e7\u00e3o de um j\u00fari internaciona\u200bl.\u200b A identidade gr\u00e1fica \u00e9 da [&hellip;]\" \/>\n<meta property=\"og:url\" content=\"https:\/\/favorite-news.com\/pt\/evora-2027-apresenta-pecas-de-comunicacao-rumo-a-capital-europeia-da-cultura-com-video-meios-publicidade\/\" \/>\n<meta property=\"og:site_name\" content=\"Favorite News\" \/>\n<meta property=\"article:published_time\" content=\"2021-08-22T22:44:19+00:00\" \/>\n<meta property=\"article:modified_time\" content=\"2021-08-22T22:44:26+00:00\" \/>\n<meta property=\"og:image\" content=\"https:\/\/favorite-news.com\/pt\/wp-content\/uploads\/sites\/2\/2021\/08\/Evora-2027-apresenta-pecas-de-comunicacao-rumo-a-Capital-Europeia.jpg\" \/>\n\t<meta property=\"og:image:width\" content=\"987\" \/>\n\t<meta property=\"og:image:height\" content=\"940\" \/>\n\t<meta property=\"og:image:type\" content=\"image\/jpeg\" \/>\n<meta name=\"author\" content=\"favorite-news\" \/>\n<meta name=\"twitter:card\" content=\"summary_large_image\" \/>\n<meta name=\"twitter:label1\" content=\"Escrito por\" \/>\n\t<meta name=\"twitter:data1\" content=\"favorite-news\" \/>\n\t<meta name=\"twitter:label2\" content=\"Tempo estimado de leitura\" \/>\n\t<meta name=\"twitter:data2\" content=\"1 minuto\" \/>\n<script type=\"application\/ld+json\" class=\"yoast-schema-graph\">{\"@context\":\"https:\\\/\\\/schema.org\",\"@graph\":[{\"@type\":\"Article\",\"@id\":\"https:\\\/\\\/favorite-news.com\\\/pt\\\/evora-2027-apresenta-pecas-de-comunicacao-rumo-a-capital-europeia-da-cultura-com-video-meios-publicidade\\\/#article\",\"isPartOf\":{\"@id\":\"https:\\\/\\\/favorite-news.com\\\/pt\\\/evora-2027-apresenta-pecas-de-comunicacao-rumo-a-capital-europeia-da-cultura-com-video-meios-publicidade\\\/\"},\"author\":{\"name\":\"favorite-news\",\"@id\":\"https:\\\/\\\/favorite-news.com\\\/pt\\\/#\\\/schema\\\/person\\\/b91573b717dcfa5e4696032a9d28d3e8\"},\"headline\":\"\u00c9vora 2027 apresenta pe\u00e7as de comunica\u00e7\u00e3o rumo \u00e0 Capital Europeia da Cultura (com v\u00eddeo) &#8211; Meios &#038; Publicidade\",\"datePublished\":\"2021-08-22T22:44:19+00:00\",\"dateModified\":\"2021-08-22T22:44:26+00:00\",\"mainEntityOfPage\":{\"@id\":\"https:\\\/\\\/favorite-news.com\\\/pt\\\/evora-2027-apresenta-pecas-de-comunicacao-rumo-a-capital-europeia-da-cultura-com-video-meios-publicidade\\\/\"},\"wordCount\":256,\"commentCount\":0,\"image\":{\"@id\":\"https:\\\/\\\/favorite-news.com\\\/pt\\\/evora-2027-apresenta-pecas-de-comunicacao-rumo-a-capital-europeia-da-cultura-com-video-meios-publicidade\\\/#primaryimage\"},\"thumbnailUrl\":\"https:\\\/\\\/favorite-news.com\\\/pt\\\/wp-content\\\/uploads\\\/sites\\\/2\\\/2021\\\/08\\\/Evora-2027-apresenta-pecas-de-comunicacao-rumo-a-Capital-Europeia.jpg\",\"articleSection\":[\"NOT\u00cdCIAS DE MARKETING NA INTERNET\"],\"inLanguage\":\"pt-PT\",\"potentialAction\":[{\"@type\":\"CommentAction\",\"name\":\"Comment\",\"target\":[\"https:\\\/\\\/favorite-news.com\\\/pt\\\/evora-2027-apresenta-pecas-de-comunicacao-rumo-a-capital-europeia-da-cultura-com-video-meios-publicidade\\\/#respond\"]}]},{\"@type\":\"WebPage\",\"@id\":\"https:\\\/\\\/favorite-news.com\\\/pt\\\/evora-2027-apresenta-pecas-de-comunicacao-rumo-a-capital-europeia-da-cultura-com-video-meios-publicidade\\\/\",\"url\":\"https:\\\/\\\/favorite-news.com\\\/pt\\\/evora-2027-apresenta-pecas-de-comunicacao-rumo-a-capital-europeia-da-cultura-com-video-meios-publicidade\\\/\",\"name\":\"\u00c9vora 2027 apresenta pe\u00e7as de comunica\u00e7\u00e3o rumo \u00e0 Capital Europeia da Cultura (com v\u00eddeo) - Meios & Publicidade - Favorite News\",\"isPartOf\":{\"@id\":\"https:\\\/\\\/favorite-news.com\\\/pt\\\/#website\"},\"primaryImageOfPage\":{\"@id\":\"https:\\\/\\\/favorite-news.com\\\/pt\\\/evora-2027-apresenta-pecas-de-comunicacao-rumo-a-capital-europeia-da-cultura-com-video-meios-publicidade\\\/#primaryimage\"},\"image\":{\"@id\":\"https:\\\/\\\/favorite-news.com\\\/pt\\\/evora-2027-apresenta-pecas-de-comunicacao-rumo-a-capital-europeia-da-cultura-com-video-meios-publicidade\\\/#primaryimage\"},\"thumbnailUrl\":\"https:\\\/\\\/favorite-news.com\\\/pt\\\/wp-content\\\/uploads\\\/sites\\\/2\\\/2021\\\/08\\\/Evora-2027-apresenta-pecas-de-comunicacao-rumo-a-Capital-Europeia.jpg\",\"datePublished\":\"2021-08-22T22:44:19+00:00\",\"dateModified\":\"2021-08-22T22:44:26+00:00\",\"author\":{\"@id\":\"https:\\\/\\\/favorite-news.com\\\/pt\\\/#\\\/schema\\\/person\\\/b91573b717dcfa5e4696032a9d28d3e8\"},\"breadcrumb\":{\"@id\":\"https:\\\/\\\/favorite-news.com\\\/pt\\\/evora-2027-apresenta-pecas-de-comunicacao-rumo-a-capital-europeia-da-cultura-com-video-meios-publicidade\\\/#breadcrumb\"},\"inLanguage\":\"pt-PT\",\"potentialAction\":[{\"@type\":\"ReadAction\",\"target\":[\"https:\\\/\\\/favorite-news.com\\\/pt\\\/evora-2027-apresenta-pecas-de-comunicacao-rumo-a-capital-europeia-da-cultura-com-video-meios-publicidade\\\/\"]}]},{\"@type\":\"ImageObject\",\"inLanguage\":\"pt-PT\",\"@id\":\"https:\\\/\\\/favorite-news.com\\\/pt\\\/evora-2027-apresenta-pecas-de-comunicacao-rumo-a-capital-europeia-da-cultura-com-video-meios-publicidade\\\/#primaryimage\",\"url\":\"https:\\\/\\\/favorite-news.com\\\/pt\\\/wp-content\\\/uploads\\\/sites\\\/2\\\/2021\\\/08\\\/Evora-2027-apresenta-pecas-de-comunicacao-rumo-a-Capital-Europeia.jpg\",\"contentUrl\":\"https:\\\/\\\/favorite-news.com\\\/pt\\\/wp-content\\\/uploads\\\/sites\\\/2\\\/2021\\\/08\\\/Evora-2027-apresenta-pecas-de-comunicacao-rumo-a-Capital-Europeia.jpg\",\"width\":987,\"height\":940,\"caption\":\"\u00c9vora 2027 apresenta pe\u00e7as de comunica\u00e7\u00e3o rumo \u00e0 Capital Europeia da Cultura (com v\u00eddeo) - Meios & Publicidade\"},{\"@type\":\"BreadcrumbList\",\"@id\":\"https:\\\/\\\/favorite-news.com\\\/pt\\\/evora-2027-apresenta-pecas-de-comunicacao-rumo-a-capital-europeia-da-cultura-com-video-meios-publicidade\\\/#breadcrumb\",\"itemListElement\":[{\"@type\":\"ListItem\",\"position\":1,\"name\":\"Home\",\"item\":\"https:\\\/\\\/favorite-news.com\\\/pt\\\/\"},{\"@type\":\"ListItem\",\"position\":2,\"name\":\"\u00c9vora 2027 apresenta pe\u00e7as de comunica\u00e7\u00e3o rumo \u00e0 Capital Europeia da Cultura (com v\u00eddeo) &#8211; Meios &#038; Publicidade\"}]},{\"@type\":\"WebSite\",\"@id\":\"https:\\\/\\\/favorite-news.com\\\/pt\\\/#website\",\"url\":\"https:\\\/\\\/favorite-news.com\\\/pt\\\/\",\"name\":\"Favorite News\",\"description\":\"Favorite News Portugal\",\"potentialAction\":[{\"@type\":\"SearchAction\",\"target\":{\"@type\":\"EntryPoint\",\"urlTemplate\":\"https:\\\/\\\/favorite-news.com\\\/pt\\\/?s={search_term_string}\"},\"query-input\":{\"@type\":\"PropertyValueSpecification\",\"valueRequired\":true,\"valueName\":\"search_term_string\"}}],\"inLanguage\":\"pt-PT\"},{\"@type\":\"Person\",\"@id\":\"https:\\\/\\\/favorite-news.com\\\/pt\\\/#\\\/schema\\\/person\\\/b91573b717dcfa5e4696032a9d28d3e8\",\"name\":\"favorite-news\",\"image\":{\"@type\":\"ImageObject\",\"inLanguage\":\"pt-PT\",\"@id\":\"https:\\\/\\\/secure.gravatar.com\\\/avatar\\\/6c5a5cb12b74e9d517ee91cf570335b7d16177f1977cc91db161adfa435945a7?s=96&d=mm&r=g\",\"url\":\"https:\\\/\\\/secure.gravatar.com\\\/avatar\\\/6c5a5cb12b74e9d517ee91cf570335b7d16177f1977cc91db161adfa435945a7?s=96&d=mm&r=g\",\"contentUrl\":\"https:\\\/\\\/secure.gravatar.com\\\/avatar\\\/6c5a5cb12b74e9d517ee91cf570335b7d16177f1977cc91db161adfa435945a7?s=96&d=mm&r=g\",\"caption\":\"favorite-news\"},\"url\":\"https:\\\/\\\/favorite-news.com\\\/pt\\\/author\\\/pt\\\/\"}]}<\/script>\n<!-- \/ Yoast SEO plugin. -->","yoast_head_json":{"title":"\u00c9vora 2027 apresenta pe\u00e7as de comunica\u00e7\u00e3o rumo \u00e0 Capital Europeia da Cultura (com v\u00eddeo) - Meios & Publicidade - Favorite News","robots":{"index":"index","follow":"follow","max-snippet":"max-snippet:-1","max-image-preview":"max-image-preview:large","max-video-preview":"max-video-preview:-1"},"canonical":"https:\/\/favorite-news.com\/pt\/evora-2027-apresenta-pecas-de-comunicacao-rumo-a-capital-europeia-da-cultura-com-video-meios-publicidade\/","og_locale":"pt_PT","og_type":"article","og_title":"\u00c9vora 2027 apresenta pe\u00e7as de comunica\u00e7\u00e3o rumo \u00e0 Capital Europeia da Cultura (com v\u00eddeo) - Meios & Publicidade - Favorite News","og_description":"Por Rui Oliveira Marques a 19 de Agosto de 2021 \u00c9vora 2027 \u2013 Cidade Candidata a Capital Europeia da Cultura lan\u00e7ou uma nova imagem, um filme promocional e a identidade musical da candidatura. A candidatura de \u00c9vora 2027 ser\u00e1 submetida, a 23 de Novembro, para avalia\u00e7\u00e3o de um j\u00fari internaciona\u200bl.\u200b A identidade gr\u00e1fica \u00e9 da [&hellip;]","og_url":"https:\/\/favorite-news.com\/pt\/evora-2027-apresenta-pecas-de-comunicacao-rumo-a-capital-europeia-da-cultura-com-video-meios-publicidade\/","og_site_name":"Favorite News","article_published_time":"2021-08-22T22:44:19+00:00","article_modified_time":"2021-08-22T22:44:26+00:00","og_image":[{"width":987,"height":940,"url":"https:\/\/favorite-news.com\/pt\/wp-content\/uploads\/sites\/2\/2021\/08\/Evora-2027-apresenta-pecas-de-comunicacao-rumo-a-Capital-Europeia.jpg","type":"image\/jpeg"}],"author":"favorite-news","twitter_card":"summary_large_image","twitter_misc":{"Escrito por":"favorite-news","Tempo estimado de leitura":"1 minuto"},"schema":{"@context":"https:\/\/schema.org","@graph":[{"@type":"Article","@id":"https:\/\/favorite-news.com\/pt\/evora-2027-apresenta-pecas-de-comunicacao-rumo-a-capital-europeia-da-cultura-com-video-meios-publicidade\/#article","isPartOf":{"@id":"https:\/\/favorite-news.com\/pt\/evora-2027-apresenta-pecas-de-comunicacao-rumo-a-capital-europeia-da-cultura-com-video-meios-publicidade\/"},"author":{"name":"favorite-news","@id":"https:\/\/favorite-news.com\/pt\/#\/schema\/person\/b91573b717dcfa5e4696032a9d28d3e8"},"headline":"\u00c9vora 2027 apresenta pe\u00e7as de comunica\u00e7\u00e3o rumo \u00e0 Capital Europeia da Cultura (com v\u00eddeo) &#8211; Meios &#038; Publicidade","datePublished":"2021-08-22T22:44:19+00:00","dateModified":"2021-08-22T22:44:26+00:00","mainEntityOfPage":{"@id":"https:\/\/favorite-news.com\/pt\/evora-2027-apresenta-pecas-de-comunicacao-rumo-a-capital-europeia-da-cultura-com-video-meios-publicidade\/"},"wordCount":256,"commentCount":0,"image":{"@id":"https:\/\/favorite-news.com\/pt\/evora-2027-apresenta-pecas-de-comunicacao-rumo-a-capital-europeia-da-cultura-com-video-meios-publicidade\/#primaryimage"},"thumbnailUrl":"https:\/\/favorite-news.com\/pt\/wp-content\/uploads\/sites\/2\/2021\/08\/Evora-2027-apresenta-pecas-de-comunicacao-rumo-a-Capital-Europeia.jpg","articleSection":["NOT\u00cdCIAS DE MARKETING NA INTERNET"],"inLanguage":"pt-PT","potentialAction":[{"@type":"CommentAction","name":"Comment","target":["https:\/\/favorite-news.com\/pt\/evora-2027-apresenta-pecas-de-comunicacao-rumo-a-capital-europeia-da-cultura-com-video-meios-publicidade\/#respond"]}]},{"@type":"WebPage","@id":"https:\/\/favorite-news.com\/pt\/evora-2027-apresenta-pecas-de-comunicacao-rumo-a-capital-europeia-da-cultura-com-video-meios-publicidade\/","url":"https:\/\/favorite-news.com\/pt\/evora-2027-apresenta-pecas-de-comunicacao-rumo-a-capital-europeia-da-cultura-com-video-meios-publicidade\/","name":"\u00c9vora 2027 apresenta pe\u00e7as de comunica\u00e7\u00e3o rumo \u00e0 Capital Europeia da Cultura (com v\u00eddeo) - Meios & Publicidade - Favorite News","isPartOf":{"@id":"https:\/\/favorite-news.com\/pt\/#website"},"primaryImageOfPage":{"@id":"https:\/\/favorite-news.com\/pt\/evora-2027-apresenta-pecas-de-comunicacao-rumo-a-capital-europeia-da-cultura-com-video-meios-publicidade\/#primaryimage"},"image":{"@id":"https:\/\/favorite-news.com\/pt\/evora-2027-apresenta-pecas-de-comunicacao-rumo-a-capital-europeia-da-cultura-com-video-meios-publicidade\/#primaryimage"},"thumbnailUrl":"https:\/\/favorite-news.com\/pt\/wp-content\/uploads\/sites\/2\/2021\/08\/Evora-2027-apresenta-pecas-de-comunicacao-rumo-a-Capital-Europeia.jpg","datePublished":"2021-08-22T22:44:19+00:00","dateModified":"2021-08-22T22:44:26+00:00","author":{"@id":"https:\/\/favorite-news.com\/pt\/#\/schema\/person\/b91573b717dcfa5e4696032a9d28d3e8"},"breadcrumb":{"@id":"https:\/\/favorite-news.com\/pt\/evora-2027-apresenta-pecas-de-comunicacao-rumo-a-capital-europeia-da-cultura-com-video-meios-publicidade\/#breadcrumb"},"inLanguage":"pt-PT","potentialAction":[{"@type":"ReadAction","target":["https:\/\/favorite-news.com\/pt\/evora-2027-apresenta-pecas-de-comunicacao-rumo-a-capital-europeia-da-cultura-com-video-meios-publicidade\/"]}]},{"@type":"ImageObject","inLanguage":"pt-PT","@id":"https:\/\/favorite-news.com\/pt\/evora-2027-apresenta-pecas-de-comunicacao-rumo-a-capital-europeia-da-cultura-com-video-meios-publicidade\/#primaryimage","url":"https:\/\/favorite-news.com\/pt\/wp-content\/uploads\/sites\/2\/2021\/08\/Evora-2027-apresenta-pecas-de-comunicacao-rumo-a-Capital-Europeia.jpg","contentUrl":"https:\/\/favorite-news.com\/pt\/wp-content\/uploads\/sites\/2\/2021\/08\/Evora-2027-apresenta-pecas-de-comunicacao-rumo-a-Capital-Europeia.jpg","width":987,"height":940,"caption":"\u00c9vora 2027 apresenta pe\u00e7as de comunica\u00e7\u00e3o rumo \u00e0 Capital Europeia da Cultura (com v\u00eddeo) - Meios & Publicidade"},{"@type":"BreadcrumbList","@id":"https:\/\/favorite-news.com\/pt\/evora-2027-apresenta-pecas-de-comunicacao-rumo-a-capital-europeia-da-cultura-com-video-meios-publicidade\/#breadcrumb","itemListElement":[{"@type":"ListItem","position":1,"name":"Home","item":"https:\/\/favorite-news.com\/pt\/"},{"@type":"ListItem","position":2,"name":"\u00c9vora 2027 apresenta pe\u00e7as de comunica\u00e7\u00e3o rumo \u00e0 Capital Europeia da Cultura (com v\u00eddeo) &#8211; Meios &#038; Publicidade"}]},{"@type":"WebSite","@id":"https:\/\/favorite-news.com\/pt\/#website","url":"https:\/\/favorite-news.com\/pt\/","name":"Favorite News","description":"Favorite News Portugal","potentialAction":[{"@type":"SearchAction","target":{"@type":"EntryPoint","urlTemplate":"https:\/\/favorite-news.com\/pt\/?s={search_term_string}"},"query-input":{"@type":"PropertyValueSpecification","valueRequired":true,"valueName":"search_term_string"}}],"inLanguage":"pt-PT"},{"@type":"Person","@id":"https:\/\/favorite-news.com\/pt\/#\/schema\/person\/b91573b717dcfa5e4696032a9d28d3e8","name":"favorite-news","image":{"@type":"ImageObject","inLanguage":"pt-PT","@id":"https:\/\/secure.gravatar.com\/avatar\/6c5a5cb12b74e9d517ee91cf570335b7d16177f1977cc91db161adfa435945a7?s=96&d=mm&r=g","url":"https:\/\/secure.gravatar.com\/avatar\/6c5a5cb12b74e9d517ee91cf570335b7d16177f1977cc91db161adfa435945a7?s=96&d=mm&r=g","contentUrl":"https:\/\/secure.gravatar.com\/avatar\/6c5a5cb12b74e9d517ee91cf570335b7d16177f1977cc91db161adfa435945a7?s=96&d=mm&r=g","caption":"favorite-news"},"url":"https:\/\/favorite-news.com\/pt\/author\/pt\/"}]}},"_links":{"self":[{"href":"https:\/\/favorite-news.com\/pt\/wp-json\/wp\/v2\/posts\/11198","targetHints":{"allow":["GET"]}}],"collection":[{"href":"https:\/\/favorite-news.com\/pt\/wp-json\/wp\/v2\/posts"}],"about":[{"href":"https:\/\/favorite-news.com\/pt\/wp-json\/wp\/v2\/types\/post"}],"author":[{"embeddable":true,"href":"https:\/\/favorite-news.com\/pt\/wp-json\/wp\/v2\/users\/2"}],"replies":[{"embeddable":true,"href":"https:\/\/favorite-news.com\/pt\/wp-json\/wp\/v2\/comments?post=11198"}],"version-history":[{"count":1,"href":"https:\/\/favorite-news.com\/pt\/wp-json\/wp\/v2\/posts\/11198\/revisions"}],"predecessor-version":[{"id":11200,"href":"https:\/\/favorite-news.com\/pt\/wp-json\/wp\/v2\/posts\/11198\/revisions\/11200"}],"wp:featuredmedia":[{"embeddable":true,"href":"https:\/\/favorite-news.com\/pt\/wp-json\/wp\/v2\/media\/11199"}],"wp:attachment":[{"href":"https:\/\/favorite-news.com\/pt\/wp-json\/wp\/v2\/media?parent=11198"}],"wp:term":[{"taxonomy":"category","embeddable":true,"href":"https:\/\/favorite-news.com\/pt\/wp-json\/wp\/v2\/categories?post=11198"},{"taxonomy":"post_tag","embeddable":true,"href":"https:\/\/favorite-news.com\/pt\/wp-json\/wp\/v2\/tags?post=11198"}],"curies":[{"name":"wp","href":"https:\/\/api.w.org\/{rel}","templated":true}]}}