{"id":11153,"date":"2021-08-19T04:09:39","date_gmt":"2021-08-19T01:09:39","guid":{"rendered":"https:\/\/favorite-news.com\/pt\/futuro-da-dielmar-continua-incerto-apos-o-fim-das-ferias-mas-os-salarios-ja-estao-assegurados-zap\/"},"modified":"2021-08-19T04:09:42","modified_gmt":"2021-08-19T01:09:42","slug":"futuro-da-dielmar-continua-incerto-apos-o-fim-das-ferias-mas-os-salarios-ja-estao-assegurados-zap","status":"publish","type":"post","link":"https:\/\/favorite-news.com\/pt\/futuro-da-dielmar-continua-incerto-apos-o-fim-das-ferias-mas-os-salarios-ja-estao-assegurados-zap\/","title":{"rendered":"Futuro da Dielmar continua incerto ap\u00f3s o fim das f\u00e9rias &#8211; mas os sal\u00e1rios j\u00e1 est\u00e3o assegurados &#8211; ZAP"},"content":{"rendered":"<p>Pedro Reis Martins \/ LusaConcentra\u00e7\u00e3o de trabalhadores da Dielmar<br \/>\nO fim das f\u00e9rias estava marcado para hoje, mas os trabalhadores foram dispensados. Pedro Siza Vieira j\u00e1 garantiu que os trabalhadores v\u00e3o continuar a receber enquanto o processo de venda n\u00e3o for finalizado.<\/p>\n<p>Com o fim das f\u00e9rias marcado para esta Quarta-Feira, mant\u00e9m-se a incerteza sobre o futuro da Dielmar. H\u00e1 cerca de duas semanas, a empresa declarou a insolv\u00eancia e os 280 trabalhadores s\u00f3 souberam da situa\u00e7\u00e3o atrav\u00e9s da comunica\u00e7\u00e3o social.<br \/>\nApesar da empresa t\u00eaxtil de Alcains j\u00e1 ter cinco interessados na compra, a C\u00e2mara Municipal de Viana do Castelo refor\u00e7a que ainda n\u00e3o foi poss\u00edvel apurar a viabilidade das ofertas de compra.<br \/>\n\u201cExistem cinco manifesta\u00e7\u00f5es de interesse em adquirir a Dielmar\u201d, afirmou fonte da autarquia que tamb\u00e9m avan\u00e7ou que todos os contactos que lhe chegaram foram posteriormente endere\u00e7ados para o administrador de insolv\u00eancia e para o Minist\u00e9rio da Economia. O presidente da autarquia, Jos\u00e9 Alves, afirmou que \u201cest\u00e1 em contacto regular com o gestor do processo de forma a acompanhar todo o processo\u201d.<\/p>\n<p>A dirigente do Sindicato T\u00eaxtil da Beira Baixa, Marisa Tavares, tinha pedido que fossem tomadas medidas urgentes para que os trabalhadores voltassem a produzir a 18 de Agosto, mas esse apelo n\u00e3o deu em nada.<br \/>\n\u201cTemos indica\u00e7\u00e3o para os trabalhadores n\u00e3o se apresentarem ao trabalho esta Quarta-Feira. Mas os colaboradores podem estar \u00e0 porta da empresa com o intuito de pressionar as entidades competentes\u201d, revela Marisa Tavares em declara\u00e7\u00f5es ao ECO.<br \/>\nA maior preocupa\u00e7\u00e3o para a organiza\u00e7\u00e3o sindical \u00e9 a protec\u00e7\u00e3o dos postos de trabalho, e para isso o governo tem de garantir o pagamento dos sal\u00e1rios. \u201cOs trabalhadores n\u00e3o podem manter o v\u00ednculo e chegar ao final do m\u00eas de agosto ou setembro, sem saber o tempo que isto vai durar, sem ter vencimento. No tempo em que vivemos \u00e9 impens\u00e1vel termos fam\u00edlias inteiras com sal\u00e1rios em atraso dois e tr\u00eas meses\u201d, afirma Marisa Tavares.<br \/>\nNuma vit\u00f3ria para o sindicato, o Ministro da Economia, Pedro Siza Vieira, j\u00e1 confirmou que os sal\u00e1rios dos trabalhadores v\u00e3o ser assegurados durante o processo de venda. No entanto, Marisa Tavares relembra que \u201cainda n\u00e3o existe clareza por parte do Minist\u00e9rio\u201d sobre as solu\u00e7\u00f5es encontradas.<br \/>\nO sindicato refor\u00e7a que a retoma da produ\u00e7\u00e3o n\u00e3o depende da vontade dos trabalhadores, mas sim das entidades competentes, que t\u00eam de garantir \u201ctodas as condi\u00e7\u00f5es para os trabalhadores voltarem ao trabalho\u201d.<\/p>\n<p> AP, ZAP \/\/ <\/p>\n<p>\n<!--noindex--><br \/>\n<a href=\"https:\/\/zap.aeiou.pt\/futuro-da-dielmar-continua-incerto-apos-o-fim-das-ferias-mas-os-salarios-ja-estao-assegurados-425543\" rel=\"nofollow\">Source link <\/a><br \/>\n<!--\/noindex--><\/p>\n","protected":false},"excerpt":{"rendered":"<p>Pedro Reis Martins \/ LusaConcentra\u00e7\u00e3o de trabalhadores da Dielmar O fim das f\u00e9rias estava marcado para hoje, mas os trabalhadores foram dispensados. Pedro Siza Vieira j\u00e1 garantiu que os trabalhadores v\u00e3o continuar a receber enquanto o processo de venda n\u00e3o for finalizado. Com o fim das f\u00e9rias marcado para esta Quarta-Feira, mant\u00e9m-se a incerteza sobre [&hellip;]<\/p>\n","protected":false},"author":2,"featured_media":11055,"comment_status":"open","ping_status":"open","sticky":false,"template":"","format":"standard","meta":{"footnotes":""},"categories":[1],"tags":[],"class_list":["post-11153","post","type-post","status-publish","format-standard","has-post-thumbnail","hentry","category-noticias-financeiras"],"yoast_head":"<!-- This site is optimized with the Yoast SEO plugin v27.4 - https:\/\/yoast.com\/product\/yoast-seo-wordpress\/ -->\n<title>Futuro da Dielmar continua incerto ap\u00f3s o fim das f\u00e9rias - mas os sal\u00e1rios j\u00e1 est\u00e3o assegurados - ZAP - Favorite News<\/title>\n<meta name=\"robots\" content=\"index, follow, max-snippet:-1, max-image-preview:large, max-video-preview:-1\" \/>\n<link rel=\"canonical\" href=\"https:\/\/favorite-news.com\/pt\/futuro-da-dielmar-continua-incerto-apos-o-fim-das-ferias-mas-os-salarios-ja-estao-assegurados-zap\/\" \/>\n<meta property=\"og:locale\" content=\"pt_PT\" \/>\n<meta property=\"og:type\" content=\"article\" \/>\n<meta property=\"og:title\" content=\"Futuro da Dielmar continua incerto ap\u00f3s o fim das f\u00e9rias - mas os sal\u00e1rios j\u00e1 est\u00e3o assegurados - ZAP - Favorite News\" \/>\n<meta property=\"og:description\" content=\"Pedro Reis Martins \/ LusaConcentra\u00e7\u00e3o de trabalhadores da Dielmar O fim das f\u00e9rias estava marcado para hoje, mas os trabalhadores foram dispensados. Pedro Siza Vieira j\u00e1 garantiu que os trabalhadores v\u00e3o continuar a receber enquanto o processo de venda n\u00e3o for finalizado. Com o fim das f\u00e9rias marcado para esta Quarta-Feira, mant\u00e9m-se a incerteza sobre [&hellip;]\" \/>\n<meta property=\"og:url\" content=\"https:\/\/favorite-news.com\/pt\/futuro-da-dielmar-continua-incerto-apos-o-fim-das-ferias-mas-os-salarios-ja-estao-assegurados-zap\/\" \/>\n<meta property=\"og:site_name\" content=\"Favorite News\" \/>\n<meta property=\"article:published_time\" content=\"2021-08-19T01:09:39+00:00\" \/>\n<meta property=\"article:modified_time\" content=\"2021-08-19T01:09:42+00:00\" \/>\n<meta property=\"og:image\" content=\"https:\/\/favorite-news.com\/pt\/wp-content\/uploads\/sites\/2\/2021\/08\/Ha-tres-empresas-com-interesse-em-comprar-a-Dielmar.jpg\" \/>\n\t<meta property=\"og:image:width\" content=\"1200\" \/>\n\t<meta property=\"og:image:height\" content=\"800\" \/>\n\t<meta property=\"og:image:type\" content=\"image\/jpeg\" \/>\n<meta name=\"author\" content=\"favorite-news\" \/>\n<meta name=\"twitter:card\" content=\"summary_large_image\" \/>\n<meta name=\"twitter:label1\" content=\"Escrito por\" \/>\n\t<meta name=\"twitter:data1\" content=\"favorite-news\" \/>\n\t<meta name=\"twitter:label2\" content=\"Tempo estimado de leitura\" \/>\n\t<meta name=\"twitter:data2\" content=\"2 minutos\" \/>\n<script type=\"application\/ld+json\" class=\"yoast-schema-graph\">{\"@context\":\"https:\\\/\\\/schema.org\",\"@graph\":[{\"@type\":\"Article\",\"@id\":\"https:\\\/\\\/favorite-news.com\\\/pt\\\/futuro-da-dielmar-continua-incerto-apos-o-fim-das-ferias-mas-os-salarios-ja-estao-assegurados-zap\\\/#article\",\"isPartOf\":{\"@id\":\"https:\\\/\\\/favorite-news.com\\\/pt\\\/futuro-da-dielmar-continua-incerto-apos-o-fim-das-ferias-mas-os-salarios-ja-estao-assegurados-zap\\\/\"},\"author\":{\"name\":\"favorite-news\",\"@id\":\"https:\\\/\\\/favorite-news.com\\\/pt\\\/#\\\/schema\\\/person\\\/b91573b717dcfa5e4696032a9d28d3e8\"},\"headline\":\"Futuro da Dielmar continua incerto ap\u00f3s o fim das f\u00e9rias &#8211; mas os sal\u00e1rios j\u00e1 est\u00e3o assegurados &#8211; ZAP\",\"datePublished\":\"2021-08-19T01:09:39+00:00\",\"dateModified\":\"2021-08-19T01:09:42+00:00\",\"mainEntityOfPage\":{\"@id\":\"https:\\\/\\\/favorite-news.com\\\/pt\\\/futuro-da-dielmar-continua-incerto-apos-o-fim-das-ferias-mas-os-salarios-ja-estao-assegurados-zap\\\/\"},\"wordCount\":466,\"commentCount\":0,\"image\":{\"@id\":\"https:\\\/\\\/favorite-news.com\\\/pt\\\/futuro-da-dielmar-continua-incerto-apos-o-fim-das-ferias-mas-os-salarios-ja-estao-assegurados-zap\\\/#primaryimage\"},\"thumbnailUrl\":\"https:\\\/\\\/favorite-news.com\\\/pt\\\/wp-content\\\/uploads\\\/sites\\\/2\\\/2021\\\/08\\\/Ha-tres-empresas-com-interesse-em-comprar-a-Dielmar.jpg\",\"articleSection\":[\"NOT\u00cdCIAS FINANCEIRAS\"],\"inLanguage\":\"pt-PT\",\"potentialAction\":[{\"@type\":\"CommentAction\",\"name\":\"Comment\",\"target\":[\"https:\\\/\\\/favorite-news.com\\\/pt\\\/futuro-da-dielmar-continua-incerto-apos-o-fim-das-ferias-mas-os-salarios-ja-estao-assegurados-zap\\\/#respond\"]}]},{\"@type\":\"WebPage\",\"@id\":\"https:\\\/\\\/favorite-news.com\\\/pt\\\/futuro-da-dielmar-continua-incerto-apos-o-fim-das-ferias-mas-os-salarios-ja-estao-assegurados-zap\\\/\",\"url\":\"https:\\\/\\\/favorite-news.com\\\/pt\\\/futuro-da-dielmar-continua-incerto-apos-o-fim-das-ferias-mas-os-salarios-ja-estao-assegurados-zap\\\/\",\"name\":\"Futuro da Dielmar continua incerto ap\u00f3s o fim das f\u00e9rias - mas os sal\u00e1rios j\u00e1 est\u00e3o assegurados - ZAP - Favorite News\",\"isPartOf\":{\"@id\":\"https:\\\/\\\/favorite-news.com\\\/pt\\\/#website\"},\"primaryImageOfPage\":{\"@id\":\"https:\\\/\\\/favorite-news.com\\\/pt\\\/futuro-da-dielmar-continua-incerto-apos-o-fim-das-ferias-mas-os-salarios-ja-estao-assegurados-zap\\\/#primaryimage\"},\"image\":{\"@id\":\"https:\\\/\\\/favorite-news.com\\\/pt\\\/futuro-da-dielmar-continua-incerto-apos-o-fim-das-ferias-mas-os-salarios-ja-estao-assegurados-zap\\\/#primaryimage\"},\"thumbnailUrl\":\"https:\\\/\\\/favorite-news.com\\\/pt\\\/wp-content\\\/uploads\\\/sites\\\/2\\\/2021\\\/08\\\/Ha-tres-empresas-com-interesse-em-comprar-a-Dielmar.jpg\",\"datePublished\":\"2021-08-19T01:09:39+00:00\",\"dateModified\":\"2021-08-19T01:09:42+00:00\",\"author\":{\"@id\":\"https:\\\/\\\/favorite-news.com\\\/pt\\\/#\\\/schema\\\/person\\\/b91573b717dcfa5e4696032a9d28d3e8\"},\"breadcrumb\":{\"@id\":\"https:\\\/\\\/favorite-news.com\\\/pt\\\/futuro-da-dielmar-continua-incerto-apos-o-fim-das-ferias-mas-os-salarios-ja-estao-assegurados-zap\\\/#breadcrumb\"},\"inLanguage\":\"pt-PT\",\"potentialAction\":[{\"@type\":\"ReadAction\",\"target\":[\"https:\\\/\\\/favorite-news.com\\\/pt\\\/futuro-da-dielmar-continua-incerto-apos-o-fim-das-ferias-mas-os-salarios-ja-estao-assegurados-zap\\\/\"]}]},{\"@type\":\"ImageObject\",\"inLanguage\":\"pt-PT\",\"@id\":\"https:\\\/\\\/favorite-news.com\\\/pt\\\/futuro-da-dielmar-continua-incerto-apos-o-fim-das-ferias-mas-os-salarios-ja-estao-assegurados-zap\\\/#primaryimage\",\"url\":\"https:\\\/\\\/favorite-news.com\\\/pt\\\/wp-content\\\/uploads\\\/sites\\\/2\\\/2021\\\/08\\\/Ha-tres-empresas-com-interesse-em-comprar-a-Dielmar.jpg\",\"contentUrl\":\"https:\\\/\\\/favorite-news.com\\\/pt\\\/wp-content\\\/uploads\\\/sites\\\/2\\\/2021\\\/08\\\/Ha-tres-empresas-com-interesse-em-comprar-a-Dielmar.jpg\",\"width\":1200,\"height\":800,\"caption\":\"H\u00e1 tr\u00eas empresas com interesse em comprar a Dielmar - ZAP\"},{\"@type\":\"BreadcrumbList\",\"@id\":\"https:\\\/\\\/favorite-news.com\\\/pt\\\/futuro-da-dielmar-continua-incerto-apos-o-fim-das-ferias-mas-os-salarios-ja-estao-assegurados-zap\\\/#breadcrumb\",\"itemListElement\":[{\"@type\":\"ListItem\",\"position\":1,\"name\":\"Home\",\"item\":\"https:\\\/\\\/favorite-news.com\\\/pt\\\/\"},{\"@type\":\"ListItem\",\"position\":2,\"name\":\"Futuro da Dielmar continua incerto ap\u00f3s o fim das f\u00e9rias &#8211; mas os sal\u00e1rios j\u00e1 est\u00e3o assegurados &#8211; ZAP\"}]},{\"@type\":\"WebSite\",\"@id\":\"https:\\\/\\\/favorite-news.com\\\/pt\\\/#website\",\"url\":\"https:\\\/\\\/favorite-news.com\\\/pt\\\/\",\"name\":\"Favorite News\",\"description\":\"Favorite News Portugal\",\"potentialAction\":[{\"@type\":\"SearchAction\",\"target\":{\"@type\":\"EntryPoint\",\"urlTemplate\":\"https:\\\/\\\/favorite-news.com\\\/pt\\\/?s={search_term_string}\"},\"query-input\":{\"@type\":\"PropertyValueSpecification\",\"valueRequired\":true,\"valueName\":\"search_term_string\"}}],\"inLanguage\":\"pt-PT\"},{\"@type\":\"Person\",\"@id\":\"https:\\\/\\\/favorite-news.com\\\/pt\\\/#\\\/schema\\\/person\\\/b91573b717dcfa5e4696032a9d28d3e8\",\"name\":\"favorite-news\",\"image\":{\"@type\":\"ImageObject\",\"inLanguage\":\"pt-PT\",\"@id\":\"https:\\\/\\\/secure.gravatar.com\\\/avatar\\\/6c5a5cb12b74e9d517ee91cf570335b7d16177f1977cc91db161adfa435945a7?s=96&d=mm&r=g\",\"url\":\"https:\\\/\\\/secure.gravatar.com\\\/avatar\\\/6c5a5cb12b74e9d517ee91cf570335b7d16177f1977cc91db161adfa435945a7?s=96&d=mm&r=g\",\"contentUrl\":\"https:\\\/\\\/secure.gravatar.com\\\/avatar\\\/6c5a5cb12b74e9d517ee91cf570335b7d16177f1977cc91db161adfa435945a7?s=96&d=mm&r=g\",\"caption\":\"favorite-news\"},\"url\":\"https:\\\/\\\/favorite-news.com\\\/pt\\\/author\\\/pt\\\/\"}]}<\/script>\n<!-- \/ Yoast SEO plugin. -->","yoast_head_json":{"title":"Futuro da Dielmar continua incerto ap\u00f3s o fim das f\u00e9rias - mas os sal\u00e1rios j\u00e1 est\u00e3o assegurados - ZAP - Favorite News","robots":{"index":"index","follow":"follow","max-snippet":"max-snippet:-1","max-image-preview":"max-image-preview:large","max-video-preview":"max-video-preview:-1"},"canonical":"https:\/\/favorite-news.com\/pt\/futuro-da-dielmar-continua-incerto-apos-o-fim-das-ferias-mas-os-salarios-ja-estao-assegurados-zap\/","og_locale":"pt_PT","og_type":"article","og_title":"Futuro da Dielmar continua incerto ap\u00f3s o fim das f\u00e9rias - mas os sal\u00e1rios j\u00e1 est\u00e3o assegurados - ZAP - Favorite News","og_description":"Pedro Reis Martins \/ LusaConcentra\u00e7\u00e3o de trabalhadores da Dielmar O fim das f\u00e9rias estava marcado para hoje, mas os trabalhadores foram dispensados. Pedro Siza Vieira j\u00e1 garantiu que os trabalhadores v\u00e3o continuar a receber enquanto o processo de venda n\u00e3o for finalizado. Com o fim das f\u00e9rias marcado para esta Quarta-Feira, mant\u00e9m-se a incerteza sobre [&hellip;]","og_url":"https:\/\/favorite-news.com\/pt\/futuro-da-dielmar-continua-incerto-apos-o-fim-das-ferias-mas-os-salarios-ja-estao-assegurados-zap\/","og_site_name":"Favorite News","article_published_time":"2021-08-19T01:09:39+00:00","article_modified_time":"2021-08-19T01:09:42+00:00","og_image":[{"width":1200,"height":800,"url":"https:\/\/favorite-news.com\/pt\/wp-content\/uploads\/sites\/2\/2021\/08\/Ha-tres-empresas-com-interesse-em-comprar-a-Dielmar.jpg","type":"image\/jpeg"}],"author":"favorite-news","twitter_card":"summary_large_image","twitter_misc":{"Escrito por":"favorite-news","Tempo estimado de leitura":"2 minutos"},"schema":{"@context":"https:\/\/schema.org","@graph":[{"@type":"Article","@id":"https:\/\/favorite-news.com\/pt\/futuro-da-dielmar-continua-incerto-apos-o-fim-das-ferias-mas-os-salarios-ja-estao-assegurados-zap\/#article","isPartOf":{"@id":"https:\/\/favorite-news.com\/pt\/futuro-da-dielmar-continua-incerto-apos-o-fim-das-ferias-mas-os-salarios-ja-estao-assegurados-zap\/"},"author":{"name":"favorite-news","@id":"https:\/\/favorite-news.com\/pt\/#\/schema\/person\/b91573b717dcfa5e4696032a9d28d3e8"},"headline":"Futuro da Dielmar continua incerto ap\u00f3s o fim das f\u00e9rias &#8211; mas os sal\u00e1rios j\u00e1 est\u00e3o assegurados &#8211; ZAP","datePublished":"2021-08-19T01:09:39+00:00","dateModified":"2021-08-19T01:09:42+00:00","mainEntityOfPage":{"@id":"https:\/\/favorite-news.com\/pt\/futuro-da-dielmar-continua-incerto-apos-o-fim-das-ferias-mas-os-salarios-ja-estao-assegurados-zap\/"},"wordCount":466,"commentCount":0,"image":{"@id":"https:\/\/favorite-news.com\/pt\/futuro-da-dielmar-continua-incerto-apos-o-fim-das-ferias-mas-os-salarios-ja-estao-assegurados-zap\/#primaryimage"},"thumbnailUrl":"https:\/\/favorite-news.com\/pt\/wp-content\/uploads\/sites\/2\/2021\/08\/Ha-tres-empresas-com-interesse-em-comprar-a-Dielmar.jpg","articleSection":["NOT\u00cdCIAS FINANCEIRAS"],"inLanguage":"pt-PT","potentialAction":[{"@type":"CommentAction","name":"Comment","target":["https:\/\/favorite-news.com\/pt\/futuro-da-dielmar-continua-incerto-apos-o-fim-das-ferias-mas-os-salarios-ja-estao-assegurados-zap\/#respond"]}]},{"@type":"WebPage","@id":"https:\/\/favorite-news.com\/pt\/futuro-da-dielmar-continua-incerto-apos-o-fim-das-ferias-mas-os-salarios-ja-estao-assegurados-zap\/","url":"https:\/\/favorite-news.com\/pt\/futuro-da-dielmar-continua-incerto-apos-o-fim-das-ferias-mas-os-salarios-ja-estao-assegurados-zap\/","name":"Futuro da Dielmar continua incerto ap\u00f3s o fim das f\u00e9rias - mas os sal\u00e1rios j\u00e1 est\u00e3o assegurados - ZAP - Favorite News","isPartOf":{"@id":"https:\/\/favorite-news.com\/pt\/#website"},"primaryImageOfPage":{"@id":"https:\/\/favorite-news.com\/pt\/futuro-da-dielmar-continua-incerto-apos-o-fim-das-ferias-mas-os-salarios-ja-estao-assegurados-zap\/#primaryimage"},"image":{"@id":"https:\/\/favorite-news.com\/pt\/futuro-da-dielmar-continua-incerto-apos-o-fim-das-ferias-mas-os-salarios-ja-estao-assegurados-zap\/#primaryimage"},"thumbnailUrl":"https:\/\/favorite-news.com\/pt\/wp-content\/uploads\/sites\/2\/2021\/08\/Ha-tres-empresas-com-interesse-em-comprar-a-Dielmar.jpg","datePublished":"2021-08-19T01:09:39+00:00","dateModified":"2021-08-19T01:09:42+00:00","author":{"@id":"https:\/\/favorite-news.com\/pt\/#\/schema\/person\/b91573b717dcfa5e4696032a9d28d3e8"},"breadcrumb":{"@id":"https:\/\/favorite-news.com\/pt\/futuro-da-dielmar-continua-incerto-apos-o-fim-das-ferias-mas-os-salarios-ja-estao-assegurados-zap\/#breadcrumb"},"inLanguage":"pt-PT","potentialAction":[{"@type":"ReadAction","target":["https:\/\/favorite-news.com\/pt\/futuro-da-dielmar-continua-incerto-apos-o-fim-das-ferias-mas-os-salarios-ja-estao-assegurados-zap\/"]}]},{"@type":"ImageObject","inLanguage":"pt-PT","@id":"https:\/\/favorite-news.com\/pt\/futuro-da-dielmar-continua-incerto-apos-o-fim-das-ferias-mas-os-salarios-ja-estao-assegurados-zap\/#primaryimage","url":"https:\/\/favorite-news.com\/pt\/wp-content\/uploads\/sites\/2\/2021\/08\/Ha-tres-empresas-com-interesse-em-comprar-a-Dielmar.jpg","contentUrl":"https:\/\/favorite-news.com\/pt\/wp-content\/uploads\/sites\/2\/2021\/08\/Ha-tres-empresas-com-interesse-em-comprar-a-Dielmar.jpg","width":1200,"height":800,"caption":"H\u00e1 tr\u00eas empresas com interesse em comprar a Dielmar - ZAP"},{"@type":"BreadcrumbList","@id":"https:\/\/favorite-news.com\/pt\/futuro-da-dielmar-continua-incerto-apos-o-fim-das-ferias-mas-os-salarios-ja-estao-assegurados-zap\/#breadcrumb","itemListElement":[{"@type":"ListItem","position":1,"name":"Home","item":"https:\/\/favorite-news.com\/pt\/"},{"@type":"ListItem","position":2,"name":"Futuro da Dielmar continua incerto ap\u00f3s o fim das f\u00e9rias &#8211; mas os sal\u00e1rios j\u00e1 est\u00e3o assegurados &#8211; ZAP"}]},{"@type":"WebSite","@id":"https:\/\/favorite-news.com\/pt\/#website","url":"https:\/\/favorite-news.com\/pt\/","name":"Favorite News","description":"Favorite News Portugal","potentialAction":[{"@type":"SearchAction","target":{"@type":"EntryPoint","urlTemplate":"https:\/\/favorite-news.com\/pt\/?s={search_term_string}"},"query-input":{"@type":"PropertyValueSpecification","valueRequired":true,"valueName":"search_term_string"}}],"inLanguage":"pt-PT"},{"@type":"Person","@id":"https:\/\/favorite-news.com\/pt\/#\/schema\/person\/b91573b717dcfa5e4696032a9d28d3e8","name":"favorite-news","image":{"@type":"ImageObject","inLanguage":"pt-PT","@id":"https:\/\/secure.gravatar.com\/avatar\/6c5a5cb12b74e9d517ee91cf570335b7d16177f1977cc91db161adfa435945a7?s=96&d=mm&r=g","url":"https:\/\/secure.gravatar.com\/avatar\/6c5a5cb12b74e9d517ee91cf570335b7d16177f1977cc91db161adfa435945a7?s=96&d=mm&r=g","contentUrl":"https:\/\/secure.gravatar.com\/avatar\/6c5a5cb12b74e9d517ee91cf570335b7d16177f1977cc91db161adfa435945a7?s=96&d=mm&r=g","caption":"favorite-news"},"url":"https:\/\/favorite-news.com\/pt\/author\/pt\/"}]}},"_links":{"self":[{"href":"https:\/\/favorite-news.com\/pt\/wp-json\/wp\/v2\/posts\/11153","targetHints":{"allow":["GET"]}}],"collection":[{"href":"https:\/\/favorite-news.com\/pt\/wp-json\/wp\/v2\/posts"}],"about":[{"href":"https:\/\/favorite-news.com\/pt\/wp-json\/wp\/v2\/types\/post"}],"author":[{"embeddable":true,"href":"https:\/\/favorite-news.com\/pt\/wp-json\/wp\/v2\/users\/2"}],"replies":[{"embeddable":true,"href":"https:\/\/favorite-news.com\/pt\/wp-json\/wp\/v2\/comments?post=11153"}],"version-history":[{"count":1,"href":"https:\/\/favorite-news.com\/pt\/wp-json\/wp\/v2\/posts\/11153\/revisions"}],"predecessor-version":[{"id":11154,"href":"https:\/\/favorite-news.com\/pt\/wp-json\/wp\/v2\/posts\/11153\/revisions\/11154"}],"wp:featuredmedia":[{"embeddable":true,"href":"https:\/\/favorite-news.com\/pt\/wp-json\/wp\/v2\/media\/11055"}],"wp:attachment":[{"href":"https:\/\/favorite-news.com\/pt\/wp-json\/wp\/v2\/media?parent=11153"}],"wp:term":[{"taxonomy":"category","embeddable":true,"href":"https:\/\/favorite-news.com\/pt\/wp-json\/wp\/v2\/categories?post=11153"},{"taxonomy":"post_tag","embeddable":true,"href":"https:\/\/favorite-news.com\/pt\/wp-json\/wp\/v2\/tags?post=11153"}],"curies":[{"name":"wp","href":"https:\/\/api.w.org\/{rel}","templated":true}]}}