{"id":11141,"date":"2021-08-18T03:58:04","date_gmt":"2021-08-18T00:58:04","guid":{"rendered":"https:\/\/favorite-news.com\/pt\/despedimento-coletivo-na-altice-e-para-sacar-dinheiro-para-o-acionista\/"},"modified":"2021-08-18T03:58:11","modified_gmt":"2021-08-18T00:58:11","slug":"despedimento-coletivo-na-altice-e-para-sacar-dinheiro-para-o-acionista","status":"publish","type":"post","link":"https:\/\/favorite-news.com\/pt\/despedimento-coletivo-na-altice-e-para-sacar-dinheiro-para-o-acionista\/","title":{"rendered":"Despedimento coletivo na Altice \u00e9 para &#8220;sacar dinheiro&#8221; para o acionista"},"content":{"rendered":"<p>(cv) Altice<br \/>\nA Frente Sindical considerou que o despedimento coletivo na Altice \u201cn\u00e3o tem raz\u00e3o\u201d e que serve apenas para \u201csacar dinheiro \u00e0 custa dos trabalhadores\u201d.<\/p>\n<p>A Frente Sindical considerou, esta ter\u00e7a-feira, que o despedimento coletivo na Altice \u201cn\u00e3o tem raz\u00e3o\u201d e que serve para \u201csacar dinheiro \u00e0 custa dos trabalhadores\u201d para o acionista, ap\u00f3s uma reuni\u00e3o com representantes dos minist\u00e9rios da Economia e do Trabalho.<br \/>\n\u201cEste despedimento coletivo n\u00e3o tem raz\u00e3o de ser, a empresa que teve mais lucros este ano do que nos anos anteriores caminha para um despedimento coletivo porqu\u00ea? \u00c9 dinheiro para o acionista\u201d, disse o presidente do Sindicato Nacional dos Trabalhadores das Comunica\u00e7\u00f5es e Audiovisual (SINTTAV), Manuel Gon\u00e7alves, \u00e0 porta do Minist\u00e9rio da Economia, em Lisboa, depois de uma reuni\u00e3o onde participou em representa\u00e7\u00e3o da Frente Sindical, que contou tamb\u00e9m com representantes da Comiss\u00e3o de Trabalhadores da Altice.<br \/>\n\u201cO objetivo deles \u00e9 sacar dinheiro \u00e0 custa dos trabalhadores. N\u00e3o se importam nada que o trabalhador v\u00e1 para o desemprego\u201d, acrescentou.<\/p>\n<p>Em causa est\u00e1 o despedimento coletivo na Altice que envolver\u00e1 204 trabalhadores, depois da decis\u00e3o final do grupo, que acabou por reduzir o n\u00famero, face ao inicialmente previsto de 232 pessoas.<br \/>\nDe acordo com o dirigente sindical, a reuni\u00e3o serviu para os representantes dos trabalhadores manifestarem ao Governo as suas preocupa\u00e7\u00f5es sobre um despedimento coletivo que consideram \u201cilegal\u201d, \u201ccriminoso\u201d, \u201cimoral\u201d, \u201cdesumano\u201d e \u201cdesnecess\u00e1rio\u201d.<br \/>\n\u201cExplic\u00e1mos que este despedimento est\u00e1 assente em duas vertentes, a vertente econ\u00f3mica, portanto, desde que a Altice c\u00e1 chegou a preocupa\u00e7\u00e3o \u00e9 angariar dinheiro para o acionista, desde que c\u00e1 chegou uma das componentes do ADN da Altice \u00e9 a redu\u00e7\u00e3o de efetivos. Em seis anos, a Altice j\u00e1 reduziu os efetivos em mais de 50%, atrav\u00e9s de suspens\u00f5es de contrato, atrav\u00e9s de rescis\u00f5es por m\u00fatuo acordo, atrav\u00e9s de pr\u00e9-reformas\u201d, explicou Manuel Gon\u00e7alves.<br \/>\nO dirigente sindical considerou que se trata de um processo pol\u00edtico, uma vez que \u201ca Altice tem utilizado os trabalhadores como arma de arremesso contra o Governo, contra a Anacom, com o objetivo de sacar dinheiro para o 5G\u201d.<br \/>\nAssim, os representantes dos trabalhadores pediram, na reuni\u00e3o, a atua\u00e7\u00e3o do Governo \u201cno sentido de travar este despedimento enquanto \u00e9 tempo\u201d, dado que, segundo comunicou a empresa ao Minist\u00e9rio do Trabalho, o despedimento ser\u00e1 concretizado em 31 de outubro.<br \/>\nFoi ainda pedido ao Governo que altere o C\u00f3digo do Trabalho, \u201cpara que despedimentos destes n\u00e3o possam ter mais lugar\u201d. \u201cSe isto pegar [\u2026] vai ser um descalabro para a sociedade, s\u00e3o milhares de trabalhadores que v\u00e3o ficar no desemprego\u201d, apontou Manuel Gon\u00e7alves.<br \/>\nSegundo a Frente Sindical, dos 204 abrangidos pelo despedimento coletivo, 168 aceitaram a rescis\u00e3o de contrato por m\u00fatuo acordo, embora de forma \u201cfor\u00e7ada\u201d.<br \/>\n\u201cE porque \u00e9 que \u00e9 for\u00e7ada? Porque a empresa diz-lhe \u2018se aceitares a rescis\u00e3o por m\u00fatuo acordo tens, por exemplo, 60.000 euros\u2019. O colega que fez um acordo em maio levou, em igualdade de circunst\u00e2ncias, 90.000, mas [a empresa] diz-lhe \u2018se n\u00e3o aceitares os 60.000 euros para rescis\u00e3o de m\u00fatuo acordo, vais para o despedimento coletivo e tens 30.000\u2019 e o trabalhador v\u00ea-se entre dois males e escolhe o menor\u201d, detalhou Manuel Gon\u00e7alves.<br \/>\nAdicionalmente, a Frente Sindical acusou ainda a empresa de praticar \u201cterror laboral\u201d h\u00e1 seis anos, levando os trabalhadores a quererem sair, embora tenham necessidade de trabalhar.<br \/>\n\u201cEstes 168 viram-se tamb\u00e9m for\u00e7ados. Era todos os dias os recursos humanos, todos os dias, todos os dias, [a dizer-lhes] \u2018tens de dar resposta at\u00e9 amanh\u00e3\u2019\u201d, acrescentou.<br \/>\nOs representantes dos trabalhadores da Altice aguardam agora o agendamento de uma reuni\u00e3o no Minist\u00e9rio do Trabalho e t\u00eam tamb\u00e9m esperan\u00e7a de virem a ser recebidos pelo primeiro-ministro, Ant\u00f3nio Costa.<br \/>\nNo dia 24 de agosto, ter\u00e1 lugar uma reuni\u00e3o com o Partido Socialista, em Lisboa. \u201cN\u00f3s batemos \u00e0s portas todas no sentido de travar este despedimento\u201d, sublinhou Manuel Gon\u00e7alves.<\/p>\n<p>\n<!--noindex--><br \/>\n<a href=\"https:\/\/zap.aeiou.pt\/despedimento-altice-sacar-dinheiro-425387\" rel=\"nofollow\">Source link <\/a><br \/>\n<!--\/noindex--><\/p>\n","protected":false},"excerpt":{"rendered":"<p>(cv) Altice A Frente Sindical considerou que o despedimento coletivo na Altice \u201cn\u00e3o tem raz\u00e3o\u201d e que serve apenas para \u201csacar dinheiro \u00e0 custa dos trabalhadores\u201d. A Frente Sindical considerou, esta ter\u00e7a-feira, que o despedimento coletivo na Altice \u201cn\u00e3o tem raz\u00e3o\u201d e que serve para \u201csacar dinheiro \u00e0 custa dos trabalhadores\u201d para o acionista, ap\u00f3s [&hellip;]<\/p>\n","protected":false},"author":2,"featured_media":11142,"comment_status":"open","ping_status":"open","sticky":false,"template":"","format":"standard","meta":{"footnotes":""},"categories":[1],"tags":[],"class_list":["post-11141","post","type-post","status-publish","format-standard","has-post-thumbnail","hentry","category-noticias-financeiras"],"yoast_head":"<!-- This site is optimized with the Yoast SEO plugin v27.4 - https:\/\/yoast.com\/product\/yoast-seo-wordpress\/ -->\n<title>Despedimento coletivo na Altice \u00e9 para &quot;sacar dinheiro&quot; para o acionista - Favorite News<\/title>\n<meta name=\"robots\" content=\"index, follow, max-snippet:-1, max-image-preview:large, max-video-preview:-1\" \/>\n<link rel=\"canonical\" href=\"https:\/\/favorite-news.com\/pt\/despedimento-coletivo-na-altice-e-para-sacar-dinheiro-para-o-acionista\/\" \/>\n<meta property=\"og:locale\" content=\"pt_PT\" \/>\n<meta property=\"og:type\" content=\"article\" \/>\n<meta property=\"og:title\" content=\"Despedimento coletivo na Altice \u00e9 para &quot;sacar dinheiro&quot; para o acionista - Favorite News\" \/>\n<meta property=\"og:description\" content=\"(cv) Altice A Frente Sindical considerou que o despedimento coletivo na Altice \u201cn\u00e3o tem raz\u00e3o\u201d e que serve apenas para \u201csacar dinheiro \u00e0 custa dos trabalhadores\u201d. A Frente Sindical considerou, esta ter\u00e7a-feira, que o despedimento coletivo na Altice \u201cn\u00e3o tem raz\u00e3o\u201d e que serve para \u201csacar dinheiro \u00e0 custa dos trabalhadores\u201d para o acionista, ap\u00f3s [&hellip;]\" \/>\n<meta property=\"og:url\" content=\"https:\/\/favorite-news.com\/pt\/despedimento-coletivo-na-altice-e-para-sacar-dinheiro-para-o-acionista\/\" \/>\n<meta property=\"og:site_name\" content=\"Favorite News\" \/>\n<meta property=\"article:published_time\" content=\"2021-08-18T00:58:04+00:00\" \/>\n<meta property=\"article:modified_time\" content=\"2021-08-18T00:58:11+00:00\" \/>\n<meta property=\"og:image\" content=\"https:\/\/favorite-news.com\/pt\/wp-content\/uploads\/sites\/2\/2021\/08\/Despedimento-coletivo-na-Altice-e-para-sacar-dinheiro-para-o.jpg\" \/>\n\t<meta property=\"og:image:width\" content=\"764\" \/>\n\t<meta property=\"og:image:height\" content=\"377\" \/>\n\t<meta property=\"og:image:type\" content=\"image\/jpeg\" \/>\n<meta name=\"author\" content=\"favorite-news\" \/>\n<meta name=\"twitter:card\" content=\"summary_large_image\" \/>\n<meta name=\"twitter:label1\" content=\"Escrito por\" \/>\n\t<meta name=\"twitter:data1\" content=\"favorite-news\" \/>\n\t<meta name=\"twitter:label2\" content=\"Tempo estimado de leitura\" \/>\n\t<meta name=\"twitter:data2\" content=\"3 minutos\" \/>\n<script type=\"application\/ld+json\" class=\"yoast-schema-graph\">{\"@context\":\"https:\\\/\\\/schema.org\",\"@graph\":[{\"@type\":\"Article\",\"@id\":\"https:\\\/\\\/favorite-news.com\\\/pt\\\/despedimento-coletivo-na-altice-e-para-sacar-dinheiro-para-o-acionista\\\/#article\",\"isPartOf\":{\"@id\":\"https:\\\/\\\/favorite-news.com\\\/pt\\\/despedimento-coletivo-na-altice-e-para-sacar-dinheiro-para-o-acionista\\\/\"},\"author\":{\"name\":\"favorite-news\",\"@id\":\"https:\\\/\\\/favorite-news.com\\\/pt\\\/#\\\/schema\\\/person\\\/b91573b717dcfa5e4696032a9d28d3e8\"},\"headline\":\"Despedimento coletivo na Altice \u00e9 para &#8220;sacar dinheiro&#8221; para o acionista\",\"datePublished\":\"2021-08-18T00:58:04+00:00\",\"dateModified\":\"2021-08-18T00:58:11+00:00\",\"mainEntityOfPage\":{\"@id\":\"https:\\\/\\\/favorite-news.com\\\/pt\\\/despedimento-coletivo-na-altice-e-para-sacar-dinheiro-para-o-acionista\\\/\"},\"wordCount\":685,\"commentCount\":0,\"image\":{\"@id\":\"https:\\\/\\\/favorite-news.com\\\/pt\\\/despedimento-coletivo-na-altice-e-para-sacar-dinheiro-para-o-acionista\\\/#primaryimage\"},\"thumbnailUrl\":\"https:\\\/\\\/favorite-news.com\\\/pt\\\/wp-content\\\/uploads\\\/sites\\\/2\\\/2021\\\/08\\\/Despedimento-coletivo-na-Altice-e-para-sacar-dinheiro-para-o.jpg\",\"articleSection\":[\"NOT\u00cdCIAS FINANCEIRAS\"],\"inLanguage\":\"pt-PT\",\"potentialAction\":[{\"@type\":\"CommentAction\",\"name\":\"Comment\",\"target\":[\"https:\\\/\\\/favorite-news.com\\\/pt\\\/despedimento-coletivo-na-altice-e-para-sacar-dinheiro-para-o-acionista\\\/#respond\"]}]},{\"@type\":\"WebPage\",\"@id\":\"https:\\\/\\\/favorite-news.com\\\/pt\\\/despedimento-coletivo-na-altice-e-para-sacar-dinheiro-para-o-acionista\\\/\",\"url\":\"https:\\\/\\\/favorite-news.com\\\/pt\\\/despedimento-coletivo-na-altice-e-para-sacar-dinheiro-para-o-acionista\\\/\",\"name\":\"Despedimento coletivo na Altice \u00e9 para \\\"sacar dinheiro\\\" para o acionista - Favorite News\",\"isPartOf\":{\"@id\":\"https:\\\/\\\/favorite-news.com\\\/pt\\\/#website\"},\"primaryImageOfPage\":{\"@id\":\"https:\\\/\\\/favorite-news.com\\\/pt\\\/despedimento-coletivo-na-altice-e-para-sacar-dinheiro-para-o-acionista\\\/#primaryimage\"},\"image\":{\"@id\":\"https:\\\/\\\/favorite-news.com\\\/pt\\\/despedimento-coletivo-na-altice-e-para-sacar-dinheiro-para-o-acionista\\\/#primaryimage\"},\"thumbnailUrl\":\"https:\\\/\\\/favorite-news.com\\\/pt\\\/wp-content\\\/uploads\\\/sites\\\/2\\\/2021\\\/08\\\/Despedimento-coletivo-na-Altice-e-para-sacar-dinheiro-para-o.jpg\",\"datePublished\":\"2021-08-18T00:58:04+00:00\",\"dateModified\":\"2021-08-18T00:58:11+00:00\",\"author\":{\"@id\":\"https:\\\/\\\/favorite-news.com\\\/pt\\\/#\\\/schema\\\/person\\\/b91573b717dcfa5e4696032a9d28d3e8\"},\"breadcrumb\":{\"@id\":\"https:\\\/\\\/favorite-news.com\\\/pt\\\/despedimento-coletivo-na-altice-e-para-sacar-dinheiro-para-o-acionista\\\/#breadcrumb\"},\"inLanguage\":\"pt-PT\",\"potentialAction\":[{\"@type\":\"ReadAction\",\"target\":[\"https:\\\/\\\/favorite-news.com\\\/pt\\\/despedimento-coletivo-na-altice-e-para-sacar-dinheiro-para-o-acionista\\\/\"]}]},{\"@type\":\"ImageObject\",\"inLanguage\":\"pt-PT\",\"@id\":\"https:\\\/\\\/favorite-news.com\\\/pt\\\/despedimento-coletivo-na-altice-e-para-sacar-dinheiro-para-o-acionista\\\/#primaryimage\",\"url\":\"https:\\\/\\\/favorite-news.com\\\/pt\\\/wp-content\\\/uploads\\\/sites\\\/2\\\/2021\\\/08\\\/Despedimento-coletivo-na-Altice-e-para-sacar-dinheiro-para-o.jpg\",\"contentUrl\":\"https:\\\/\\\/favorite-news.com\\\/pt\\\/wp-content\\\/uploads\\\/sites\\\/2\\\/2021\\\/08\\\/Despedimento-coletivo-na-Altice-e-para-sacar-dinheiro-para-o.jpg\",\"width\":764,\"height\":377,\"caption\":\"Despedimento coletivo na Altice \u00e9 para \\\"sacar dinheiro\\\" para o acionista\"},{\"@type\":\"BreadcrumbList\",\"@id\":\"https:\\\/\\\/favorite-news.com\\\/pt\\\/despedimento-coletivo-na-altice-e-para-sacar-dinheiro-para-o-acionista\\\/#breadcrumb\",\"itemListElement\":[{\"@type\":\"ListItem\",\"position\":1,\"name\":\"Home\",\"item\":\"https:\\\/\\\/favorite-news.com\\\/pt\\\/\"},{\"@type\":\"ListItem\",\"position\":2,\"name\":\"Despedimento coletivo na Altice \u00e9 para &#8220;sacar dinheiro&#8221; para o acionista\"}]},{\"@type\":\"WebSite\",\"@id\":\"https:\\\/\\\/favorite-news.com\\\/pt\\\/#website\",\"url\":\"https:\\\/\\\/favorite-news.com\\\/pt\\\/\",\"name\":\"Favorite News\",\"description\":\"Favorite News Portugal\",\"potentialAction\":[{\"@type\":\"SearchAction\",\"target\":{\"@type\":\"EntryPoint\",\"urlTemplate\":\"https:\\\/\\\/favorite-news.com\\\/pt\\\/?s={search_term_string}\"},\"query-input\":{\"@type\":\"PropertyValueSpecification\",\"valueRequired\":true,\"valueName\":\"search_term_string\"}}],\"inLanguage\":\"pt-PT\"},{\"@type\":\"Person\",\"@id\":\"https:\\\/\\\/favorite-news.com\\\/pt\\\/#\\\/schema\\\/person\\\/b91573b717dcfa5e4696032a9d28d3e8\",\"name\":\"favorite-news\",\"image\":{\"@type\":\"ImageObject\",\"inLanguage\":\"pt-PT\",\"@id\":\"https:\\\/\\\/secure.gravatar.com\\\/avatar\\\/6c5a5cb12b74e9d517ee91cf570335b7d16177f1977cc91db161adfa435945a7?s=96&d=mm&r=g\",\"url\":\"https:\\\/\\\/secure.gravatar.com\\\/avatar\\\/6c5a5cb12b74e9d517ee91cf570335b7d16177f1977cc91db161adfa435945a7?s=96&d=mm&r=g\",\"contentUrl\":\"https:\\\/\\\/secure.gravatar.com\\\/avatar\\\/6c5a5cb12b74e9d517ee91cf570335b7d16177f1977cc91db161adfa435945a7?s=96&d=mm&r=g\",\"caption\":\"favorite-news\"},\"url\":\"https:\\\/\\\/favorite-news.com\\\/pt\\\/author\\\/pt\\\/\"}]}<\/script>\n<!-- \/ Yoast SEO plugin. -->","yoast_head_json":{"title":"Despedimento coletivo na Altice \u00e9 para \"sacar dinheiro\" para o acionista - Favorite News","robots":{"index":"index","follow":"follow","max-snippet":"max-snippet:-1","max-image-preview":"max-image-preview:large","max-video-preview":"max-video-preview:-1"},"canonical":"https:\/\/favorite-news.com\/pt\/despedimento-coletivo-na-altice-e-para-sacar-dinheiro-para-o-acionista\/","og_locale":"pt_PT","og_type":"article","og_title":"Despedimento coletivo na Altice \u00e9 para \"sacar dinheiro\" para o acionista - Favorite News","og_description":"(cv) Altice A Frente Sindical considerou que o despedimento coletivo na Altice \u201cn\u00e3o tem raz\u00e3o\u201d e que serve apenas para \u201csacar dinheiro \u00e0 custa dos trabalhadores\u201d. A Frente Sindical considerou, esta ter\u00e7a-feira, que o despedimento coletivo na Altice \u201cn\u00e3o tem raz\u00e3o\u201d e que serve para \u201csacar dinheiro \u00e0 custa dos trabalhadores\u201d para o acionista, ap\u00f3s [&hellip;]","og_url":"https:\/\/favorite-news.com\/pt\/despedimento-coletivo-na-altice-e-para-sacar-dinheiro-para-o-acionista\/","og_site_name":"Favorite News","article_published_time":"2021-08-18T00:58:04+00:00","article_modified_time":"2021-08-18T00:58:11+00:00","og_image":[{"width":764,"height":377,"url":"https:\/\/favorite-news.com\/pt\/wp-content\/uploads\/sites\/2\/2021\/08\/Despedimento-coletivo-na-Altice-e-para-sacar-dinheiro-para-o.jpg","type":"image\/jpeg"}],"author":"favorite-news","twitter_card":"summary_large_image","twitter_misc":{"Escrito por":"favorite-news","Tempo estimado de leitura":"3 minutos"},"schema":{"@context":"https:\/\/schema.org","@graph":[{"@type":"Article","@id":"https:\/\/favorite-news.com\/pt\/despedimento-coletivo-na-altice-e-para-sacar-dinheiro-para-o-acionista\/#article","isPartOf":{"@id":"https:\/\/favorite-news.com\/pt\/despedimento-coletivo-na-altice-e-para-sacar-dinheiro-para-o-acionista\/"},"author":{"name":"favorite-news","@id":"https:\/\/favorite-news.com\/pt\/#\/schema\/person\/b91573b717dcfa5e4696032a9d28d3e8"},"headline":"Despedimento coletivo na Altice \u00e9 para &#8220;sacar dinheiro&#8221; para o acionista","datePublished":"2021-08-18T00:58:04+00:00","dateModified":"2021-08-18T00:58:11+00:00","mainEntityOfPage":{"@id":"https:\/\/favorite-news.com\/pt\/despedimento-coletivo-na-altice-e-para-sacar-dinheiro-para-o-acionista\/"},"wordCount":685,"commentCount":0,"image":{"@id":"https:\/\/favorite-news.com\/pt\/despedimento-coletivo-na-altice-e-para-sacar-dinheiro-para-o-acionista\/#primaryimage"},"thumbnailUrl":"https:\/\/favorite-news.com\/pt\/wp-content\/uploads\/sites\/2\/2021\/08\/Despedimento-coletivo-na-Altice-e-para-sacar-dinheiro-para-o.jpg","articleSection":["NOT\u00cdCIAS FINANCEIRAS"],"inLanguage":"pt-PT","potentialAction":[{"@type":"CommentAction","name":"Comment","target":["https:\/\/favorite-news.com\/pt\/despedimento-coletivo-na-altice-e-para-sacar-dinheiro-para-o-acionista\/#respond"]}]},{"@type":"WebPage","@id":"https:\/\/favorite-news.com\/pt\/despedimento-coletivo-na-altice-e-para-sacar-dinheiro-para-o-acionista\/","url":"https:\/\/favorite-news.com\/pt\/despedimento-coletivo-na-altice-e-para-sacar-dinheiro-para-o-acionista\/","name":"Despedimento coletivo na Altice \u00e9 para \"sacar dinheiro\" para o acionista - Favorite News","isPartOf":{"@id":"https:\/\/favorite-news.com\/pt\/#website"},"primaryImageOfPage":{"@id":"https:\/\/favorite-news.com\/pt\/despedimento-coletivo-na-altice-e-para-sacar-dinheiro-para-o-acionista\/#primaryimage"},"image":{"@id":"https:\/\/favorite-news.com\/pt\/despedimento-coletivo-na-altice-e-para-sacar-dinheiro-para-o-acionista\/#primaryimage"},"thumbnailUrl":"https:\/\/favorite-news.com\/pt\/wp-content\/uploads\/sites\/2\/2021\/08\/Despedimento-coletivo-na-Altice-e-para-sacar-dinheiro-para-o.jpg","datePublished":"2021-08-18T00:58:04+00:00","dateModified":"2021-08-18T00:58:11+00:00","author":{"@id":"https:\/\/favorite-news.com\/pt\/#\/schema\/person\/b91573b717dcfa5e4696032a9d28d3e8"},"breadcrumb":{"@id":"https:\/\/favorite-news.com\/pt\/despedimento-coletivo-na-altice-e-para-sacar-dinheiro-para-o-acionista\/#breadcrumb"},"inLanguage":"pt-PT","potentialAction":[{"@type":"ReadAction","target":["https:\/\/favorite-news.com\/pt\/despedimento-coletivo-na-altice-e-para-sacar-dinheiro-para-o-acionista\/"]}]},{"@type":"ImageObject","inLanguage":"pt-PT","@id":"https:\/\/favorite-news.com\/pt\/despedimento-coletivo-na-altice-e-para-sacar-dinheiro-para-o-acionista\/#primaryimage","url":"https:\/\/favorite-news.com\/pt\/wp-content\/uploads\/sites\/2\/2021\/08\/Despedimento-coletivo-na-Altice-e-para-sacar-dinheiro-para-o.jpg","contentUrl":"https:\/\/favorite-news.com\/pt\/wp-content\/uploads\/sites\/2\/2021\/08\/Despedimento-coletivo-na-Altice-e-para-sacar-dinheiro-para-o.jpg","width":764,"height":377,"caption":"Despedimento coletivo na Altice \u00e9 para \"sacar dinheiro\" para o acionista"},{"@type":"BreadcrumbList","@id":"https:\/\/favorite-news.com\/pt\/despedimento-coletivo-na-altice-e-para-sacar-dinheiro-para-o-acionista\/#breadcrumb","itemListElement":[{"@type":"ListItem","position":1,"name":"Home","item":"https:\/\/favorite-news.com\/pt\/"},{"@type":"ListItem","position":2,"name":"Despedimento coletivo na Altice \u00e9 para &#8220;sacar dinheiro&#8221; para o acionista"}]},{"@type":"WebSite","@id":"https:\/\/favorite-news.com\/pt\/#website","url":"https:\/\/favorite-news.com\/pt\/","name":"Favorite News","description":"Favorite News Portugal","potentialAction":[{"@type":"SearchAction","target":{"@type":"EntryPoint","urlTemplate":"https:\/\/favorite-news.com\/pt\/?s={search_term_string}"},"query-input":{"@type":"PropertyValueSpecification","valueRequired":true,"valueName":"search_term_string"}}],"inLanguage":"pt-PT"},{"@type":"Person","@id":"https:\/\/favorite-news.com\/pt\/#\/schema\/person\/b91573b717dcfa5e4696032a9d28d3e8","name":"favorite-news","image":{"@type":"ImageObject","inLanguage":"pt-PT","@id":"https:\/\/secure.gravatar.com\/avatar\/6c5a5cb12b74e9d517ee91cf570335b7d16177f1977cc91db161adfa435945a7?s=96&d=mm&r=g","url":"https:\/\/secure.gravatar.com\/avatar\/6c5a5cb12b74e9d517ee91cf570335b7d16177f1977cc91db161adfa435945a7?s=96&d=mm&r=g","contentUrl":"https:\/\/secure.gravatar.com\/avatar\/6c5a5cb12b74e9d517ee91cf570335b7d16177f1977cc91db161adfa435945a7?s=96&d=mm&r=g","caption":"favorite-news"},"url":"https:\/\/favorite-news.com\/pt\/author\/pt\/"}]}},"_links":{"self":[{"href":"https:\/\/favorite-news.com\/pt\/wp-json\/wp\/v2\/posts\/11141","targetHints":{"allow":["GET"]}}],"collection":[{"href":"https:\/\/favorite-news.com\/pt\/wp-json\/wp\/v2\/posts"}],"about":[{"href":"https:\/\/favorite-news.com\/pt\/wp-json\/wp\/v2\/types\/post"}],"author":[{"embeddable":true,"href":"https:\/\/favorite-news.com\/pt\/wp-json\/wp\/v2\/users\/2"}],"replies":[{"embeddable":true,"href":"https:\/\/favorite-news.com\/pt\/wp-json\/wp\/v2\/comments?post=11141"}],"version-history":[{"count":1,"href":"https:\/\/favorite-news.com\/pt\/wp-json\/wp\/v2\/posts\/11141\/revisions"}],"predecessor-version":[{"id":11143,"href":"https:\/\/favorite-news.com\/pt\/wp-json\/wp\/v2\/posts\/11141\/revisions\/11143"}],"wp:featuredmedia":[{"embeddable":true,"href":"https:\/\/favorite-news.com\/pt\/wp-json\/wp\/v2\/media\/11142"}],"wp:attachment":[{"href":"https:\/\/favorite-news.com\/pt\/wp-json\/wp\/v2\/media?parent=11141"}],"wp:term":[{"taxonomy":"category","embeddable":true,"href":"https:\/\/favorite-news.com\/pt\/wp-json\/wp\/v2\/categories?post=11141"},{"taxonomy":"post_tag","embeddable":true,"href":"https:\/\/favorite-news.com\/pt\/wp-json\/wp\/v2\/tags?post=11141"}],"curies":[{"name":"wp","href":"https:\/\/api.w.org\/{rel}","templated":true}]}}