{"id":11103,"date":"2021-08-14T12:52:52","date_gmt":"2021-08-14T09:52:52","guid":{"rendered":"https:\/\/favorite-news.com\/pt\/xixarus-creative-agency-trabalha-cultura-em-vila-do-conde-meios-publicidade\/"},"modified":"2021-08-14T12:52:56","modified_gmt":"2021-08-14T09:52:56","slug":"xixarus-creative-agency-trabalha-cultura-em-vila-do-conde-meios-publicidade","status":"publish","type":"post","link":"https:\/\/favorite-news.com\/pt\/xixarus-creative-agency-trabalha-cultura-em-vila-do-conde-meios-publicidade\/","title":{"rendered":"XIXAR\u2019US Creative Agency trabalha cultura em Vila do Conde &#8211; Meios &#038; Publicidade"},"content":{"rendered":"<p>\t\t\t\tPor Meios &amp; Publicidade a 13 de Agosto de 2021<\/p>\n<p>\t\t\tA XIXAR\u2019US Creative Agency \u00e9 a respons\u00e1vel pela identidade visual do Programa Cultura em Vila do Conde 2021, da C\u00e2mara Municipal de Vila do Conde.<br \/>\nA ag\u00eancia foi tamb\u00e9m respons\u00e1vel pelo anima\u00e7\u00e3o-v\u00eddeo de apresenta\u00e7\u00e3o do branding do programa Cultura em Vila do Conde 2021, assim como mupis, conte\u00fados para redes sociais e a edi\u00e7\u00e3o mensal de um flyer com a agenda.<br \/>\nO programa tem como prop\u00f3sito o apoio \u00e0s entidades culturais locais, na consequ\u00eancia da covid-19, como um factor de inibi\u00e7\u00e3o da promo\u00e7\u00e3o de actividade cultural.<\/p>\n<p>\n<!--noindex--><br \/>\n<a href=\"https:\/\/www.meiosepublicidade.pt\/2021\/08\/xixarus-creative-agency-trabalha-cultura-em-vila-do-conde\/?utm_source=rss&#038;utm_medium=rss&#038;utm_campaign=xixarus-creative-agency-trabalha-cultura-em-vila-do-conde\" rel=\"nofollow\">Source link <\/a><br \/>\n<!--\/noindex--><\/p>\n","protected":false},"excerpt":{"rendered":"<p>Por Meios &amp; Publicidade a 13 de Agosto de 2021 A XIXAR\u2019US Creative Agency \u00e9 a respons\u00e1vel pela identidade visual do Programa Cultura em Vila do Conde 2021, da C\u00e2mara Municipal de Vila do Conde. A ag\u00eancia foi tamb\u00e9m respons\u00e1vel pelo anima\u00e7\u00e3o-v\u00eddeo de apresenta\u00e7\u00e3o do branding do programa Cultura em Vila do Conde 2021, assim [&hellip;]<\/p>\n","protected":false},"author":2,"featured_media":11104,"comment_status":"open","ping_status":"open","sticky":false,"template":"","format":"standard","meta":{"footnotes":""},"categories":[3],"tags":[],"class_list":["post-11103","post","type-post","status-publish","format-standard","has-post-thumbnail","hentry","category-noticias-de-marketing-na-internet"],"yoast_head":"<!-- This site is optimized with the Yoast SEO plugin v27.4 - https:\/\/yoast.com\/product\/yoast-seo-wordpress\/ -->\n<title>XIXAR\u2019US Creative Agency trabalha cultura em Vila do Conde - Meios &amp; Publicidade - Favorite News<\/title>\n<meta name=\"robots\" content=\"index, follow, max-snippet:-1, max-image-preview:large, max-video-preview:-1\" \/>\n<link rel=\"canonical\" href=\"https:\/\/favorite-news.com\/pt\/xixarus-creative-agency-trabalha-cultura-em-vila-do-conde-meios-publicidade\/\" \/>\n<meta property=\"og:locale\" content=\"pt_PT\" \/>\n<meta property=\"og:type\" content=\"article\" \/>\n<meta property=\"og:title\" content=\"XIXAR\u2019US Creative Agency trabalha cultura em Vila do Conde - Meios &amp; Publicidade - Favorite News\" \/>\n<meta property=\"og:description\" content=\"Por Meios &amp; Publicidade a 13 de Agosto de 2021 A XIXAR\u2019US Creative Agency \u00e9 a respons\u00e1vel pela identidade visual do Programa Cultura em Vila do Conde 2021, da C\u00e2mara Municipal de Vila do Conde. A ag\u00eancia foi tamb\u00e9m respons\u00e1vel pelo anima\u00e7\u00e3o-v\u00eddeo de apresenta\u00e7\u00e3o do branding do programa Cultura em Vila do Conde 2021, assim [&hellip;]\" \/>\n<meta property=\"og:url\" content=\"https:\/\/favorite-news.com\/pt\/xixarus-creative-agency-trabalha-cultura-em-vila-do-conde-meios-publicidade\/\" \/>\n<meta property=\"og:site_name\" content=\"Favorite News\" \/>\n<meta property=\"article:published_time\" content=\"2021-08-14T09:52:52+00:00\" \/>\n<meta property=\"article:modified_time\" content=\"2021-08-14T09:52:56+00:00\" \/>\n<meta property=\"og:image\" content=\"https:\/\/favorite-news.com\/pt\/wp-content\/uploads\/sites\/2\/2021\/08\/XIXARUS-Creative-Agency-trabalha-cultura-em-Vila-do-Conde.jpg\" \/>\n\t<meta property=\"og:image:width\" content=\"677\" \/>\n\t<meta property=\"og:image:height\" content=\"300\" \/>\n\t<meta property=\"og:image:type\" content=\"image\/jpeg\" \/>\n<meta name=\"author\" content=\"favorite-news\" \/>\n<meta name=\"twitter:card\" content=\"summary_large_image\" \/>\n<meta name=\"twitter:label1\" content=\"Escrito por\" \/>\n\t<meta name=\"twitter:data1\" content=\"favorite-news\" \/>\n\t<meta name=\"twitter:label2\" content=\"Tempo estimado de leitura\" \/>\n\t<meta name=\"twitter:data2\" content=\"1 minuto\" \/>\n<script type=\"application\/ld+json\" class=\"yoast-schema-graph\">{\"@context\":\"https:\\\/\\\/schema.org\",\"@graph\":[{\"@type\":\"Article\",\"@id\":\"https:\\\/\\\/favorite-news.com\\\/pt\\\/xixarus-creative-agency-trabalha-cultura-em-vila-do-conde-meios-publicidade\\\/#article\",\"isPartOf\":{\"@id\":\"https:\\\/\\\/favorite-news.com\\\/pt\\\/xixarus-creative-agency-trabalha-cultura-em-vila-do-conde-meios-publicidade\\\/\"},\"author\":{\"name\":\"favorite-news\",\"@id\":\"https:\\\/\\\/favorite-news.com\\\/pt\\\/#\\\/schema\\\/person\\\/b91573b717dcfa5e4696032a9d28d3e8\"},\"headline\":\"XIXAR\u2019US Creative Agency trabalha cultura em Vila do Conde &#8211; Meios &#038; Publicidade\",\"datePublished\":\"2021-08-14T09:52:52+00:00\",\"dateModified\":\"2021-08-14T09:52:56+00:00\",\"mainEntityOfPage\":{\"@id\":\"https:\\\/\\\/favorite-news.com\\\/pt\\\/xixarus-creative-agency-trabalha-cultura-em-vila-do-conde-meios-publicidade\\\/\"},\"wordCount\":121,\"commentCount\":0,\"image\":{\"@id\":\"https:\\\/\\\/favorite-news.com\\\/pt\\\/xixarus-creative-agency-trabalha-cultura-em-vila-do-conde-meios-publicidade\\\/#primaryimage\"},\"thumbnailUrl\":\"https:\\\/\\\/favorite-news.com\\\/pt\\\/wp-content\\\/uploads\\\/sites\\\/2\\\/2021\\\/08\\\/XIXARUS-Creative-Agency-trabalha-cultura-em-Vila-do-Conde.jpg\",\"articleSection\":[\"NOT\u00cdCIAS DE MARKETING NA INTERNET\"],\"inLanguage\":\"pt-PT\",\"potentialAction\":[{\"@type\":\"CommentAction\",\"name\":\"Comment\",\"target\":[\"https:\\\/\\\/favorite-news.com\\\/pt\\\/xixarus-creative-agency-trabalha-cultura-em-vila-do-conde-meios-publicidade\\\/#respond\"]}]},{\"@type\":\"WebPage\",\"@id\":\"https:\\\/\\\/favorite-news.com\\\/pt\\\/xixarus-creative-agency-trabalha-cultura-em-vila-do-conde-meios-publicidade\\\/\",\"url\":\"https:\\\/\\\/favorite-news.com\\\/pt\\\/xixarus-creative-agency-trabalha-cultura-em-vila-do-conde-meios-publicidade\\\/\",\"name\":\"XIXAR\u2019US Creative Agency trabalha cultura em Vila do Conde - Meios & Publicidade - Favorite News\",\"isPartOf\":{\"@id\":\"https:\\\/\\\/favorite-news.com\\\/pt\\\/#website\"},\"primaryImageOfPage\":{\"@id\":\"https:\\\/\\\/favorite-news.com\\\/pt\\\/xixarus-creative-agency-trabalha-cultura-em-vila-do-conde-meios-publicidade\\\/#primaryimage\"},\"image\":{\"@id\":\"https:\\\/\\\/favorite-news.com\\\/pt\\\/xixarus-creative-agency-trabalha-cultura-em-vila-do-conde-meios-publicidade\\\/#primaryimage\"},\"thumbnailUrl\":\"https:\\\/\\\/favorite-news.com\\\/pt\\\/wp-content\\\/uploads\\\/sites\\\/2\\\/2021\\\/08\\\/XIXARUS-Creative-Agency-trabalha-cultura-em-Vila-do-Conde.jpg\",\"datePublished\":\"2021-08-14T09:52:52+00:00\",\"dateModified\":\"2021-08-14T09:52:56+00:00\",\"author\":{\"@id\":\"https:\\\/\\\/favorite-news.com\\\/pt\\\/#\\\/schema\\\/person\\\/b91573b717dcfa5e4696032a9d28d3e8\"},\"breadcrumb\":{\"@id\":\"https:\\\/\\\/favorite-news.com\\\/pt\\\/xixarus-creative-agency-trabalha-cultura-em-vila-do-conde-meios-publicidade\\\/#breadcrumb\"},\"inLanguage\":\"pt-PT\",\"potentialAction\":[{\"@type\":\"ReadAction\",\"target\":[\"https:\\\/\\\/favorite-news.com\\\/pt\\\/xixarus-creative-agency-trabalha-cultura-em-vila-do-conde-meios-publicidade\\\/\"]}]},{\"@type\":\"ImageObject\",\"inLanguage\":\"pt-PT\",\"@id\":\"https:\\\/\\\/favorite-news.com\\\/pt\\\/xixarus-creative-agency-trabalha-cultura-em-vila-do-conde-meios-publicidade\\\/#primaryimage\",\"url\":\"https:\\\/\\\/favorite-news.com\\\/pt\\\/wp-content\\\/uploads\\\/sites\\\/2\\\/2021\\\/08\\\/XIXARUS-Creative-Agency-trabalha-cultura-em-Vila-do-Conde.jpg\",\"contentUrl\":\"https:\\\/\\\/favorite-news.com\\\/pt\\\/wp-content\\\/uploads\\\/sites\\\/2\\\/2021\\\/08\\\/XIXARUS-Creative-Agency-trabalha-cultura-em-Vila-do-Conde.jpg\",\"width\":677,\"height\":300,\"caption\":\"XIXAR\u2019US Creative Agency trabalha cultura em Vila do Conde - Meios & Publicidade\"},{\"@type\":\"BreadcrumbList\",\"@id\":\"https:\\\/\\\/favorite-news.com\\\/pt\\\/xixarus-creative-agency-trabalha-cultura-em-vila-do-conde-meios-publicidade\\\/#breadcrumb\",\"itemListElement\":[{\"@type\":\"ListItem\",\"position\":1,\"name\":\"Home\",\"item\":\"https:\\\/\\\/favorite-news.com\\\/pt\\\/\"},{\"@type\":\"ListItem\",\"position\":2,\"name\":\"XIXAR\u2019US Creative Agency trabalha cultura em Vila do Conde &#8211; Meios &#038; Publicidade\"}]},{\"@type\":\"WebSite\",\"@id\":\"https:\\\/\\\/favorite-news.com\\\/pt\\\/#website\",\"url\":\"https:\\\/\\\/favorite-news.com\\\/pt\\\/\",\"name\":\"Favorite News\",\"description\":\"Favorite News Portugal\",\"potentialAction\":[{\"@type\":\"SearchAction\",\"target\":{\"@type\":\"EntryPoint\",\"urlTemplate\":\"https:\\\/\\\/favorite-news.com\\\/pt\\\/?s={search_term_string}\"},\"query-input\":{\"@type\":\"PropertyValueSpecification\",\"valueRequired\":true,\"valueName\":\"search_term_string\"}}],\"inLanguage\":\"pt-PT\"},{\"@type\":\"Person\",\"@id\":\"https:\\\/\\\/favorite-news.com\\\/pt\\\/#\\\/schema\\\/person\\\/b91573b717dcfa5e4696032a9d28d3e8\",\"name\":\"favorite-news\",\"image\":{\"@type\":\"ImageObject\",\"inLanguage\":\"pt-PT\",\"@id\":\"https:\\\/\\\/secure.gravatar.com\\\/avatar\\\/6c5a5cb12b74e9d517ee91cf570335b7d16177f1977cc91db161adfa435945a7?s=96&d=mm&r=g\",\"url\":\"https:\\\/\\\/secure.gravatar.com\\\/avatar\\\/6c5a5cb12b74e9d517ee91cf570335b7d16177f1977cc91db161adfa435945a7?s=96&d=mm&r=g\",\"contentUrl\":\"https:\\\/\\\/secure.gravatar.com\\\/avatar\\\/6c5a5cb12b74e9d517ee91cf570335b7d16177f1977cc91db161adfa435945a7?s=96&d=mm&r=g\",\"caption\":\"favorite-news\"},\"url\":\"https:\\\/\\\/favorite-news.com\\\/pt\\\/author\\\/pt\\\/\"}]}<\/script>\n<!-- \/ Yoast SEO plugin. -->","yoast_head_json":{"title":"XIXAR\u2019US Creative Agency trabalha cultura em Vila do Conde - Meios & Publicidade - Favorite News","robots":{"index":"index","follow":"follow","max-snippet":"max-snippet:-1","max-image-preview":"max-image-preview:large","max-video-preview":"max-video-preview:-1"},"canonical":"https:\/\/favorite-news.com\/pt\/xixarus-creative-agency-trabalha-cultura-em-vila-do-conde-meios-publicidade\/","og_locale":"pt_PT","og_type":"article","og_title":"XIXAR\u2019US Creative Agency trabalha cultura em Vila do Conde - Meios & Publicidade - Favorite News","og_description":"Por Meios &amp; Publicidade a 13 de Agosto de 2021 A XIXAR\u2019US Creative Agency \u00e9 a respons\u00e1vel pela identidade visual do Programa Cultura em Vila do Conde 2021, da C\u00e2mara Municipal de Vila do Conde. A ag\u00eancia foi tamb\u00e9m respons\u00e1vel pelo anima\u00e7\u00e3o-v\u00eddeo de apresenta\u00e7\u00e3o do branding do programa Cultura em Vila do Conde 2021, assim [&hellip;]","og_url":"https:\/\/favorite-news.com\/pt\/xixarus-creative-agency-trabalha-cultura-em-vila-do-conde-meios-publicidade\/","og_site_name":"Favorite News","article_published_time":"2021-08-14T09:52:52+00:00","article_modified_time":"2021-08-14T09:52:56+00:00","og_image":[{"width":677,"height":300,"url":"https:\/\/favorite-news.com\/pt\/wp-content\/uploads\/sites\/2\/2021\/08\/XIXARUS-Creative-Agency-trabalha-cultura-em-Vila-do-Conde.jpg","type":"image\/jpeg"}],"author":"favorite-news","twitter_card":"summary_large_image","twitter_misc":{"Escrito por":"favorite-news","Tempo estimado de leitura":"1 minuto"},"schema":{"@context":"https:\/\/schema.org","@graph":[{"@type":"Article","@id":"https:\/\/favorite-news.com\/pt\/xixarus-creative-agency-trabalha-cultura-em-vila-do-conde-meios-publicidade\/#article","isPartOf":{"@id":"https:\/\/favorite-news.com\/pt\/xixarus-creative-agency-trabalha-cultura-em-vila-do-conde-meios-publicidade\/"},"author":{"name":"favorite-news","@id":"https:\/\/favorite-news.com\/pt\/#\/schema\/person\/b91573b717dcfa5e4696032a9d28d3e8"},"headline":"XIXAR\u2019US Creative Agency trabalha cultura em Vila do Conde &#8211; Meios &#038; Publicidade","datePublished":"2021-08-14T09:52:52+00:00","dateModified":"2021-08-14T09:52:56+00:00","mainEntityOfPage":{"@id":"https:\/\/favorite-news.com\/pt\/xixarus-creative-agency-trabalha-cultura-em-vila-do-conde-meios-publicidade\/"},"wordCount":121,"commentCount":0,"image":{"@id":"https:\/\/favorite-news.com\/pt\/xixarus-creative-agency-trabalha-cultura-em-vila-do-conde-meios-publicidade\/#primaryimage"},"thumbnailUrl":"https:\/\/favorite-news.com\/pt\/wp-content\/uploads\/sites\/2\/2021\/08\/XIXARUS-Creative-Agency-trabalha-cultura-em-Vila-do-Conde.jpg","articleSection":["NOT\u00cdCIAS DE MARKETING NA INTERNET"],"inLanguage":"pt-PT","potentialAction":[{"@type":"CommentAction","name":"Comment","target":["https:\/\/favorite-news.com\/pt\/xixarus-creative-agency-trabalha-cultura-em-vila-do-conde-meios-publicidade\/#respond"]}]},{"@type":"WebPage","@id":"https:\/\/favorite-news.com\/pt\/xixarus-creative-agency-trabalha-cultura-em-vila-do-conde-meios-publicidade\/","url":"https:\/\/favorite-news.com\/pt\/xixarus-creative-agency-trabalha-cultura-em-vila-do-conde-meios-publicidade\/","name":"XIXAR\u2019US Creative Agency trabalha cultura em Vila do Conde - Meios & Publicidade - Favorite News","isPartOf":{"@id":"https:\/\/favorite-news.com\/pt\/#website"},"primaryImageOfPage":{"@id":"https:\/\/favorite-news.com\/pt\/xixarus-creative-agency-trabalha-cultura-em-vila-do-conde-meios-publicidade\/#primaryimage"},"image":{"@id":"https:\/\/favorite-news.com\/pt\/xixarus-creative-agency-trabalha-cultura-em-vila-do-conde-meios-publicidade\/#primaryimage"},"thumbnailUrl":"https:\/\/favorite-news.com\/pt\/wp-content\/uploads\/sites\/2\/2021\/08\/XIXARUS-Creative-Agency-trabalha-cultura-em-Vila-do-Conde.jpg","datePublished":"2021-08-14T09:52:52+00:00","dateModified":"2021-08-14T09:52:56+00:00","author":{"@id":"https:\/\/favorite-news.com\/pt\/#\/schema\/person\/b91573b717dcfa5e4696032a9d28d3e8"},"breadcrumb":{"@id":"https:\/\/favorite-news.com\/pt\/xixarus-creative-agency-trabalha-cultura-em-vila-do-conde-meios-publicidade\/#breadcrumb"},"inLanguage":"pt-PT","potentialAction":[{"@type":"ReadAction","target":["https:\/\/favorite-news.com\/pt\/xixarus-creative-agency-trabalha-cultura-em-vila-do-conde-meios-publicidade\/"]}]},{"@type":"ImageObject","inLanguage":"pt-PT","@id":"https:\/\/favorite-news.com\/pt\/xixarus-creative-agency-trabalha-cultura-em-vila-do-conde-meios-publicidade\/#primaryimage","url":"https:\/\/favorite-news.com\/pt\/wp-content\/uploads\/sites\/2\/2021\/08\/XIXARUS-Creative-Agency-trabalha-cultura-em-Vila-do-Conde.jpg","contentUrl":"https:\/\/favorite-news.com\/pt\/wp-content\/uploads\/sites\/2\/2021\/08\/XIXARUS-Creative-Agency-trabalha-cultura-em-Vila-do-Conde.jpg","width":677,"height":300,"caption":"XIXAR\u2019US Creative Agency trabalha cultura em Vila do Conde - Meios & Publicidade"},{"@type":"BreadcrumbList","@id":"https:\/\/favorite-news.com\/pt\/xixarus-creative-agency-trabalha-cultura-em-vila-do-conde-meios-publicidade\/#breadcrumb","itemListElement":[{"@type":"ListItem","position":1,"name":"Home","item":"https:\/\/favorite-news.com\/pt\/"},{"@type":"ListItem","position":2,"name":"XIXAR\u2019US Creative Agency trabalha cultura em Vila do Conde &#8211; Meios &#038; Publicidade"}]},{"@type":"WebSite","@id":"https:\/\/favorite-news.com\/pt\/#website","url":"https:\/\/favorite-news.com\/pt\/","name":"Favorite News","description":"Favorite News Portugal","potentialAction":[{"@type":"SearchAction","target":{"@type":"EntryPoint","urlTemplate":"https:\/\/favorite-news.com\/pt\/?s={search_term_string}"},"query-input":{"@type":"PropertyValueSpecification","valueRequired":true,"valueName":"search_term_string"}}],"inLanguage":"pt-PT"},{"@type":"Person","@id":"https:\/\/favorite-news.com\/pt\/#\/schema\/person\/b91573b717dcfa5e4696032a9d28d3e8","name":"favorite-news","image":{"@type":"ImageObject","inLanguage":"pt-PT","@id":"https:\/\/secure.gravatar.com\/avatar\/6c5a5cb12b74e9d517ee91cf570335b7d16177f1977cc91db161adfa435945a7?s=96&d=mm&r=g","url":"https:\/\/secure.gravatar.com\/avatar\/6c5a5cb12b74e9d517ee91cf570335b7d16177f1977cc91db161adfa435945a7?s=96&d=mm&r=g","contentUrl":"https:\/\/secure.gravatar.com\/avatar\/6c5a5cb12b74e9d517ee91cf570335b7d16177f1977cc91db161adfa435945a7?s=96&d=mm&r=g","caption":"favorite-news"},"url":"https:\/\/favorite-news.com\/pt\/author\/pt\/"}]}},"_links":{"self":[{"href":"https:\/\/favorite-news.com\/pt\/wp-json\/wp\/v2\/posts\/11103","targetHints":{"allow":["GET"]}}],"collection":[{"href":"https:\/\/favorite-news.com\/pt\/wp-json\/wp\/v2\/posts"}],"about":[{"href":"https:\/\/favorite-news.com\/pt\/wp-json\/wp\/v2\/types\/post"}],"author":[{"embeddable":true,"href":"https:\/\/favorite-news.com\/pt\/wp-json\/wp\/v2\/users\/2"}],"replies":[{"embeddable":true,"href":"https:\/\/favorite-news.com\/pt\/wp-json\/wp\/v2\/comments?post=11103"}],"version-history":[{"count":1,"href":"https:\/\/favorite-news.com\/pt\/wp-json\/wp\/v2\/posts\/11103\/revisions"}],"predecessor-version":[{"id":11105,"href":"https:\/\/favorite-news.com\/pt\/wp-json\/wp\/v2\/posts\/11103\/revisions\/11105"}],"wp:featuredmedia":[{"embeddable":true,"href":"https:\/\/favorite-news.com\/pt\/wp-json\/wp\/v2\/media\/11104"}],"wp:attachment":[{"href":"https:\/\/favorite-news.com\/pt\/wp-json\/wp\/v2\/media?parent=11103"}],"wp:term":[{"taxonomy":"category","embeddable":true,"href":"https:\/\/favorite-news.com\/pt\/wp-json\/wp\/v2\/categories?post=11103"},{"taxonomy":"post_tag","embeddable":true,"href":"https:\/\/favorite-news.com\/pt\/wp-json\/wp\/v2\/tags?post=11103"}],"curies":[{"name":"wp","href":"https:\/\/api.w.org\/{rel}","templated":true}]}}