{"id":11060,"date":"2021-08-10T15:12:12","date_gmt":"2021-08-10T12:12:12","guid":{"rendered":"https:\/\/favorite-news.com\/pt\/rendas-das-casas-voltam-a-subir-no-proximo-ano-zap\/"},"modified":"2021-08-10T15:12:17","modified_gmt":"2021-08-10T12:12:17","slug":"rendas-das-casas-voltam-a-subir-no-proximo-ano-zap","status":"publish","type":"post","link":"https:\/\/favorite-news.com\/pt\/rendas-das-casas-voltam-a-subir-no-proximo-ano-zap\/","title":{"rendered":"Rendas das casas voltam a subir no pr\u00f3ximo ano &#8211; ZAP"},"content":{"rendered":"<p>(dr) Google Maps<br \/>\nO aumento do pre\u00e7o das rendas no pr\u00f3ximo ano, que dever\u00e1 ser confirmado no pr\u00f3ximo m\u00eas, dar\u00e1 continuidade a uma tend\u00eancia a que se tem assistido nos \u00faltimos anos \u2014 com exce\u00e7\u00e3o de 2021. Subida deve ser apenas superior ao registado em 2016, que se cifrou nos 0,16%.<\/p>\n<p>As rendas das casas dever\u00e3o sofrer um aumento j\u00e1 a partir do pr\u00f3ximo m\u00eas de janeiro, depois de terem estagnado ao longo deste ano. A subida ser\u00e1, de acordo com dos dados dispon\u00edveis atualmente, ligeira.<br \/>\nNo m\u00eas passado, a taxa de infla\u00e7\u00e3o deu um salto, chegando a 1,5% de acordo com os dados do Instituto Nacional de Estat\u00edstica (INE), estando a varia\u00e7\u00e3o m\u00e9dia dos pre\u00e7os (\u00edndice de Pre\u00e7os do Consumidor) nos \u00faltimos 12 meses nos 0,36%. Excluindo a habita\u00e7\u00e3o, fixou-se em 0,29% em julho, de acordo com os dados preliminares do INE.<br \/>\nEm falta, tal como aponta o ECO, est\u00e1 a evolu\u00e7\u00e3o neste m\u00eas, o que permitir\u00e1 saber, oficialmente, qual ser\u00e1 a evolu\u00e7\u00e3o em 2022, apesar de j\u00e1 ser poss\u00edvel avan\u00e7ar com a grande probabilidade de o pr\u00f3ximo ano ser sin\u00f3nimo de agravamentos dos encargos para quem n\u00e3o \u00e9 propriet\u00e1rio. Este ano, a taxa m\u00e9dia dos pre\u00e7os sem habita\u00e7\u00e3o apresentou de forma consistente valores positivos, pelo que seria necess\u00e1ria uma quebra acentuada este m\u00eas para o resultado ser diferente.<\/p>\n<p>De acordo com os dados dos \u00faltimos anos, a evolu\u00e7\u00e3o dos pre\u00e7os neste oitavo m\u00eas do ano tende a n\u00e3o provocar grandes altera\u00e7\u00f5es \u00e0 m\u00e9dia dos 12 meses anteriores. No entanto, ser\u00e1 preciso esperar at\u00e9 ao final de agosto \u2014 altura em que o INE revela uma estimativa r\u00e1pida referente a agosto \u2014 para saber o valor real da varia\u00e7\u00e3o m\u00e9dia dos \u00faltimos 12 meses, que dever\u00e1 sugerir o sentido da subida das rendas. O valor final da infla\u00e7\u00e3o ser\u00e1 revelado em meados de setembro.<br \/>\nO aumento do pre\u00e7o das rendas no pr\u00f3ximo ano, que dever\u00e1 ser confirmado no pr\u00f3ximo m\u00eas, dar\u00e1 continuidade a uma tend\u00eancia a que se tem assistido nos \u00faltimos anos \u2014 \u00e0 exce\u00e7\u00e3o deste. Em 2020, a pandemia ditou uma queda nos pre\u00e7os que acabou por fazer com que a infla\u00e7\u00e3o m\u00e9dia, excluindo a habita\u00e7\u00e3o, tivesse chegado ao final de agosto abaixo de 0%. Ou seja, n\u00e3o permitiu uma atualiza\u00e7\u00e3o das rendas em 2021 como nos anos anteriores.<br \/>\nA estagna\u00e7\u00e3o das rendas em 2021 aconteceu depois da subida de 0,51% das rendas registada em 2020, do aumento de 1,15% em 2010, do de 1,12% em 2018, 0,54% em 2017 e de 0,16% nas rendas em 2016 \u2014 o aumento de 2022 ser\u00e1, \u00e0 partida, apenas superior ao registado em 2016. Tal como acontece este ano, tamb\u00e9m em 2015 as rendas tinham ficado congeladas.<br \/>\n ARM, ZAP \/\/ <\/p>\n<p>\n<!--noindex--><br \/>\n<a href=\"https:\/\/zap.aeiou.pt\/rendas-das-casas-voltam-a-subir-423712\" rel=\"nofollow\">Source link <\/a><br \/>\n<!--\/noindex--><\/p>\n","protected":false},"excerpt":{"rendered":"<p>(dr) Google Maps O aumento do pre\u00e7o das rendas no pr\u00f3ximo ano, que dever\u00e1 ser confirmado no pr\u00f3ximo m\u00eas, dar\u00e1 continuidade a uma tend\u00eancia a que se tem assistido nos \u00faltimos anos \u2014 com exce\u00e7\u00e3o de 2021. Subida deve ser apenas superior ao registado em 2016, que se cifrou nos 0,16%. As rendas das casas [&hellip;]<\/p>\n","protected":false},"author":2,"featured_media":11061,"comment_status":"open","ping_status":"open","sticky":false,"template":"","format":"standard","meta":{"footnotes":""},"categories":[1],"tags":[],"class_list":["post-11060","post","type-post","status-publish","format-standard","has-post-thumbnail","hentry","category-noticias-financeiras"],"yoast_head":"<!-- This site is optimized with the Yoast SEO plugin v27.4 - https:\/\/yoast.com\/product\/yoast-seo-wordpress\/ -->\n<title>Rendas das casas voltam a subir no pr\u00f3ximo ano - ZAP - Favorite News<\/title>\n<meta name=\"robots\" content=\"index, follow, max-snippet:-1, max-image-preview:large, max-video-preview:-1\" \/>\n<link rel=\"canonical\" href=\"https:\/\/favorite-news.com\/pt\/rendas-das-casas-voltam-a-subir-no-proximo-ano-zap\/\" \/>\n<meta property=\"og:locale\" content=\"pt_PT\" \/>\n<meta property=\"og:type\" content=\"article\" \/>\n<meta property=\"og:title\" content=\"Rendas das casas voltam a subir no pr\u00f3ximo ano - ZAP - Favorite News\" \/>\n<meta property=\"og:description\" content=\"(dr) Google Maps O aumento do pre\u00e7o das rendas no pr\u00f3ximo ano, que dever\u00e1 ser confirmado no pr\u00f3ximo m\u00eas, dar\u00e1 continuidade a uma tend\u00eancia a que se tem assistido nos \u00faltimos anos \u2014 com exce\u00e7\u00e3o de 2021. Subida deve ser apenas superior ao registado em 2016, que se cifrou nos 0,16%. As rendas das casas [&hellip;]\" \/>\n<meta property=\"og:url\" content=\"https:\/\/favorite-news.com\/pt\/rendas-das-casas-voltam-a-subir-no-proximo-ano-zap\/\" \/>\n<meta property=\"og:site_name\" content=\"Favorite News\" \/>\n<meta property=\"article:published_time\" content=\"2021-08-10T12:12:12+00:00\" \/>\n<meta property=\"article:modified_time\" content=\"2021-08-10T12:12:17+00:00\" \/>\n<meta property=\"og:image\" content=\"https:\/\/favorite-news.com\/pt\/wp-content\/uploads\/sites\/2\/2021\/08\/Rendas-das-casas-voltam-a-subir-no-proximo-ano.png\" \/>\n\t<meta property=\"og:image:width\" content=\"1200\" \/>\n\t<meta property=\"og:image:height\" content=\"708\" \/>\n\t<meta property=\"og:image:type\" content=\"image\/png\" \/>\n<meta name=\"author\" content=\"favorite-news\" \/>\n<meta name=\"twitter:card\" content=\"summary_large_image\" \/>\n<meta name=\"twitter:label1\" content=\"Escrito por\" \/>\n\t<meta name=\"twitter:data1\" content=\"favorite-news\" \/>\n\t<meta name=\"twitter:label2\" content=\"Tempo estimado de leitura\" \/>\n\t<meta name=\"twitter:data2\" content=\"2 minutos\" \/>\n<script type=\"application\/ld+json\" class=\"yoast-schema-graph\">{\"@context\":\"https:\\\/\\\/schema.org\",\"@graph\":[{\"@type\":\"Article\",\"@id\":\"https:\\\/\\\/favorite-news.com\\\/pt\\\/rendas-das-casas-voltam-a-subir-no-proximo-ano-zap\\\/#article\",\"isPartOf\":{\"@id\":\"https:\\\/\\\/favorite-news.com\\\/pt\\\/rendas-das-casas-voltam-a-subir-no-proximo-ano-zap\\\/\"},\"author\":{\"name\":\"favorite-news\",\"@id\":\"https:\\\/\\\/favorite-news.com\\\/pt\\\/#\\\/schema\\\/person\\\/b91573b717dcfa5e4696032a9d28d3e8\"},\"headline\":\"Rendas das casas voltam a subir no pr\u00f3ximo ano &#8211; ZAP\",\"datePublished\":\"2021-08-10T12:12:12+00:00\",\"dateModified\":\"2021-08-10T12:12:17+00:00\",\"mainEntityOfPage\":{\"@id\":\"https:\\\/\\\/favorite-news.com\\\/pt\\\/rendas-das-casas-voltam-a-subir-no-proximo-ano-zap\\\/\"},\"wordCount\":483,\"commentCount\":0,\"image\":{\"@id\":\"https:\\\/\\\/favorite-news.com\\\/pt\\\/rendas-das-casas-voltam-a-subir-no-proximo-ano-zap\\\/#primaryimage\"},\"thumbnailUrl\":\"https:\\\/\\\/favorite-news.com\\\/pt\\\/wp-content\\\/uploads\\\/sites\\\/2\\\/2021\\\/08\\\/Rendas-das-casas-voltam-a-subir-no-proximo-ano.png\",\"articleSection\":[\"NOT\u00cdCIAS FINANCEIRAS\"],\"inLanguage\":\"pt-PT\",\"potentialAction\":[{\"@type\":\"CommentAction\",\"name\":\"Comment\",\"target\":[\"https:\\\/\\\/favorite-news.com\\\/pt\\\/rendas-das-casas-voltam-a-subir-no-proximo-ano-zap\\\/#respond\"]}]},{\"@type\":\"WebPage\",\"@id\":\"https:\\\/\\\/favorite-news.com\\\/pt\\\/rendas-das-casas-voltam-a-subir-no-proximo-ano-zap\\\/\",\"url\":\"https:\\\/\\\/favorite-news.com\\\/pt\\\/rendas-das-casas-voltam-a-subir-no-proximo-ano-zap\\\/\",\"name\":\"Rendas das casas voltam a subir no pr\u00f3ximo ano - ZAP - Favorite News\",\"isPartOf\":{\"@id\":\"https:\\\/\\\/favorite-news.com\\\/pt\\\/#website\"},\"primaryImageOfPage\":{\"@id\":\"https:\\\/\\\/favorite-news.com\\\/pt\\\/rendas-das-casas-voltam-a-subir-no-proximo-ano-zap\\\/#primaryimage\"},\"image\":{\"@id\":\"https:\\\/\\\/favorite-news.com\\\/pt\\\/rendas-das-casas-voltam-a-subir-no-proximo-ano-zap\\\/#primaryimage\"},\"thumbnailUrl\":\"https:\\\/\\\/favorite-news.com\\\/pt\\\/wp-content\\\/uploads\\\/sites\\\/2\\\/2021\\\/08\\\/Rendas-das-casas-voltam-a-subir-no-proximo-ano.png\",\"datePublished\":\"2021-08-10T12:12:12+00:00\",\"dateModified\":\"2021-08-10T12:12:17+00:00\",\"author\":{\"@id\":\"https:\\\/\\\/favorite-news.com\\\/pt\\\/#\\\/schema\\\/person\\\/b91573b717dcfa5e4696032a9d28d3e8\"},\"breadcrumb\":{\"@id\":\"https:\\\/\\\/favorite-news.com\\\/pt\\\/rendas-das-casas-voltam-a-subir-no-proximo-ano-zap\\\/#breadcrumb\"},\"inLanguage\":\"pt-PT\",\"potentialAction\":[{\"@type\":\"ReadAction\",\"target\":[\"https:\\\/\\\/favorite-news.com\\\/pt\\\/rendas-das-casas-voltam-a-subir-no-proximo-ano-zap\\\/\"]}]},{\"@type\":\"ImageObject\",\"inLanguage\":\"pt-PT\",\"@id\":\"https:\\\/\\\/favorite-news.com\\\/pt\\\/rendas-das-casas-voltam-a-subir-no-proximo-ano-zap\\\/#primaryimage\",\"url\":\"https:\\\/\\\/favorite-news.com\\\/pt\\\/wp-content\\\/uploads\\\/sites\\\/2\\\/2021\\\/08\\\/Rendas-das-casas-voltam-a-subir-no-proximo-ano.png\",\"contentUrl\":\"https:\\\/\\\/favorite-news.com\\\/pt\\\/wp-content\\\/uploads\\\/sites\\\/2\\\/2021\\\/08\\\/Rendas-das-casas-voltam-a-subir-no-proximo-ano.png\",\"width\":1200,\"height\":708,\"caption\":\"Rendas das casas voltam a subir no pr\u00f3ximo ano - ZAP\"},{\"@type\":\"BreadcrumbList\",\"@id\":\"https:\\\/\\\/favorite-news.com\\\/pt\\\/rendas-das-casas-voltam-a-subir-no-proximo-ano-zap\\\/#breadcrumb\",\"itemListElement\":[{\"@type\":\"ListItem\",\"position\":1,\"name\":\"Home\",\"item\":\"https:\\\/\\\/favorite-news.com\\\/pt\\\/\"},{\"@type\":\"ListItem\",\"position\":2,\"name\":\"Rendas das casas voltam a subir no pr\u00f3ximo ano &#8211; ZAP\"}]},{\"@type\":\"WebSite\",\"@id\":\"https:\\\/\\\/favorite-news.com\\\/pt\\\/#website\",\"url\":\"https:\\\/\\\/favorite-news.com\\\/pt\\\/\",\"name\":\"Favorite News\",\"description\":\"Favorite News Portugal\",\"potentialAction\":[{\"@type\":\"SearchAction\",\"target\":{\"@type\":\"EntryPoint\",\"urlTemplate\":\"https:\\\/\\\/favorite-news.com\\\/pt\\\/?s={search_term_string}\"},\"query-input\":{\"@type\":\"PropertyValueSpecification\",\"valueRequired\":true,\"valueName\":\"search_term_string\"}}],\"inLanguage\":\"pt-PT\"},{\"@type\":\"Person\",\"@id\":\"https:\\\/\\\/favorite-news.com\\\/pt\\\/#\\\/schema\\\/person\\\/b91573b717dcfa5e4696032a9d28d3e8\",\"name\":\"favorite-news\",\"image\":{\"@type\":\"ImageObject\",\"inLanguage\":\"pt-PT\",\"@id\":\"https:\\\/\\\/secure.gravatar.com\\\/avatar\\\/6c5a5cb12b74e9d517ee91cf570335b7d16177f1977cc91db161adfa435945a7?s=96&d=mm&r=g\",\"url\":\"https:\\\/\\\/secure.gravatar.com\\\/avatar\\\/6c5a5cb12b74e9d517ee91cf570335b7d16177f1977cc91db161adfa435945a7?s=96&d=mm&r=g\",\"contentUrl\":\"https:\\\/\\\/secure.gravatar.com\\\/avatar\\\/6c5a5cb12b74e9d517ee91cf570335b7d16177f1977cc91db161adfa435945a7?s=96&d=mm&r=g\",\"caption\":\"favorite-news\"},\"url\":\"https:\\\/\\\/favorite-news.com\\\/pt\\\/author\\\/pt\\\/\"}]}<\/script>\n<!-- \/ Yoast SEO plugin. -->","yoast_head_json":{"title":"Rendas das casas voltam a subir no pr\u00f3ximo ano - ZAP - Favorite News","robots":{"index":"index","follow":"follow","max-snippet":"max-snippet:-1","max-image-preview":"max-image-preview:large","max-video-preview":"max-video-preview:-1"},"canonical":"https:\/\/favorite-news.com\/pt\/rendas-das-casas-voltam-a-subir-no-proximo-ano-zap\/","og_locale":"pt_PT","og_type":"article","og_title":"Rendas das casas voltam a subir no pr\u00f3ximo ano - ZAP - Favorite News","og_description":"(dr) Google Maps O aumento do pre\u00e7o das rendas no pr\u00f3ximo ano, que dever\u00e1 ser confirmado no pr\u00f3ximo m\u00eas, dar\u00e1 continuidade a uma tend\u00eancia a que se tem assistido nos \u00faltimos anos \u2014 com exce\u00e7\u00e3o de 2021. Subida deve ser apenas superior ao registado em 2016, que se cifrou nos 0,16%. As rendas das casas [&hellip;]","og_url":"https:\/\/favorite-news.com\/pt\/rendas-das-casas-voltam-a-subir-no-proximo-ano-zap\/","og_site_name":"Favorite News","article_published_time":"2021-08-10T12:12:12+00:00","article_modified_time":"2021-08-10T12:12:17+00:00","og_image":[{"width":1200,"height":708,"url":"https:\/\/favorite-news.com\/pt\/wp-content\/uploads\/sites\/2\/2021\/08\/Rendas-das-casas-voltam-a-subir-no-proximo-ano.png","type":"image\/png"}],"author":"favorite-news","twitter_card":"summary_large_image","twitter_misc":{"Escrito por":"favorite-news","Tempo estimado de leitura":"2 minutos"},"schema":{"@context":"https:\/\/schema.org","@graph":[{"@type":"Article","@id":"https:\/\/favorite-news.com\/pt\/rendas-das-casas-voltam-a-subir-no-proximo-ano-zap\/#article","isPartOf":{"@id":"https:\/\/favorite-news.com\/pt\/rendas-das-casas-voltam-a-subir-no-proximo-ano-zap\/"},"author":{"name":"favorite-news","@id":"https:\/\/favorite-news.com\/pt\/#\/schema\/person\/b91573b717dcfa5e4696032a9d28d3e8"},"headline":"Rendas das casas voltam a subir no pr\u00f3ximo ano &#8211; ZAP","datePublished":"2021-08-10T12:12:12+00:00","dateModified":"2021-08-10T12:12:17+00:00","mainEntityOfPage":{"@id":"https:\/\/favorite-news.com\/pt\/rendas-das-casas-voltam-a-subir-no-proximo-ano-zap\/"},"wordCount":483,"commentCount":0,"image":{"@id":"https:\/\/favorite-news.com\/pt\/rendas-das-casas-voltam-a-subir-no-proximo-ano-zap\/#primaryimage"},"thumbnailUrl":"https:\/\/favorite-news.com\/pt\/wp-content\/uploads\/sites\/2\/2021\/08\/Rendas-das-casas-voltam-a-subir-no-proximo-ano.png","articleSection":["NOT\u00cdCIAS FINANCEIRAS"],"inLanguage":"pt-PT","potentialAction":[{"@type":"CommentAction","name":"Comment","target":["https:\/\/favorite-news.com\/pt\/rendas-das-casas-voltam-a-subir-no-proximo-ano-zap\/#respond"]}]},{"@type":"WebPage","@id":"https:\/\/favorite-news.com\/pt\/rendas-das-casas-voltam-a-subir-no-proximo-ano-zap\/","url":"https:\/\/favorite-news.com\/pt\/rendas-das-casas-voltam-a-subir-no-proximo-ano-zap\/","name":"Rendas das casas voltam a subir no pr\u00f3ximo ano - ZAP - Favorite News","isPartOf":{"@id":"https:\/\/favorite-news.com\/pt\/#website"},"primaryImageOfPage":{"@id":"https:\/\/favorite-news.com\/pt\/rendas-das-casas-voltam-a-subir-no-proximo-ano-zap\/#primaryimage"},"image":{"@id":"https:\/\/favorite-news.com\/pt\/rendas-das-casas-voltam-a-subir-no-proximo-ano-zap\/#primaryimage"},"thumbnailUrl":"https:\/\/favorite-news.com\/pt\/wp-content\/uploads\/sites\/2\/2021\/08\/Rendas-das-casas-voltam-a-subir-no-proximo-ano.png","datePublished":"2021-08-10T12:12:12+00:00","dateModified":"2021-08-10T12:12:17+00:00","author":{"@id":"https:\/\/favorite-news.com\/pt\/#\/schema\/person\/b91573b717dcfa5e4696032a9d28d3e8"},"breadcrumb":{"@id":"https:\/\/favorite-news.com\/pt\/rendas-das-casas-voltam-a-subir-no-proximo-ano-zap\/#breadcrumb"},"inLanguage":"pt-PT","potentialAction":[{"@type":"ReadAction","target":["https:\/\/favorite-news.com\/pt\/rendas-das-casas-voltam-a-subir-no-proximo-ano-zap\/"]}]},{"@type":"ImageObject","inLanguage":"pt-PT","@id":"https:\/\/favorite-news.com\/pt\/rendas-das-casas-voltam-a-subir-no-proximo-ano-zap\/#primaryimage","url":"https:\/\/favorite-news.com\/pt\/wp-content\/uploads\/sites\/2\/2021\/08\/Rendas-das-casas-voltam-a-subir-no-proximo-ano.png","contentUrl":"https:\/\/favorite-news.com\/pt\/wp-content\/uploads\/sites\/2\/2021\/08\/Rendas-das-casas-voltam-a-subir-no-proximo-ano.png","width":1200,"height":708,"caption":"Rendas das casas voltam a subir no pr\u00f3ximo ano - ZAP"},{"@type":"BreadcrumbList","@id":"https:\/\/favorite-news.com\/pt\/rendas-das-casas-voltam-a-subir-no-proximo-ano-zap\/#breadcrumb","itemListElement":[{"@type":"ListItem","position":1,"name":"Home","item":"https:\/\/favorite-news.com\/pt\/"},{"@type":"ListItem","position":2,"name":"Rendas das casas voltam a subir no pr\u00f3ximo ano &#8211; ZAP"}]},{"@type":"WebSite","@id":"https:\/\/favorite-news.com\/pt\/#website","url":"https:\/\/favorite-news.com\/pt\/","name":"Favorite News","description":"Favorite News Portugal","potentialAction":[{"@type":"SearchAction","target":{"@type":"EntryPoint","urlTemplate":"https:\/\/favorite-news.com\/pt\/?s={search_term_string}"},"query-input":{"@type":"PropertyValueSpecification","valueRequired":true,"valueName":"search_term_string"}}],"inLanguage":"pt-PT"},{"@type":"Person","@id":"https:\/\/favorite-news.com\/pt\/#\/schema\/person\/b91573b717dcfa5e4696032a9d28d3e8","name":"favorite-news","image":{"@type":"ImageObject","inLanguage":"pt-PT","@id":"https:\/\/secure.gravatar.com\/avatar\/6c5a5cb12b74e9d517ee91cf570335b7d16177f1977cc91db161adfa435945a7?s=96&d=mm&r=g","url":"https:\/\/secure.gravatar.com\/avatar\/6c5a5cb12b74e9d517ee91cf570335b7d16177f1977cc91db161adfa435945a7?s=96&d=mm&r=g","contentUrl":"https:\/\/secure.gravatar.com\/avatar\/6c5a5cb12b74e9d517ee91cf570335b7d16177f1977cc91db161adfa435945a7?s=96&d=mm&r=g","caption":"favorite-news"},"url":"https:\/\/favorite-news.com\/pt\/author\/pt\/"}]}},"_links":{"self":[{"href":"https:\/\/favorite-news.com\/pt\/wp-json\/wp\/v2\/posts\/11060","targetHints":{"allow":["GET"]}}],"collection":[{"href":"https:\/\/favorite-news.com\/pt\/wp-json\/wp\/v2\/posts"}],"about":[{"href":"https:\/\/favorite-news.com\/pt\/wp-json\/wp\/v2\/types\/post"}],"author":[{"embeddable":true,"href":"https:\/\/favorite-news.com\/pt\/wp-json\/wp\/v2\/users\/2"}],"replies":[{"embeddable":true,"href":"https:\/\/favorite-news.com\/pt\/wp-json\/wp\/v2\/comments?post=11060"}],"version-history":[{"count":1,"href":"https:\/\/favorite-news.com\/pt\/wp-json\/wp\/v2\/posts\/11060\/revisions"}],"predecessor-version":[{"id":11062,"href":"https:\/\/favorite-news.com\/pt\/wp-json\/wp\/v2\/posts\/11060\/revisions\/11062"}],"wp:featuredmedia":[{"embeddable":true,"href":"https:\/\/favorite-news.com\/pt\/wp-json\/wp\/v2\/media\/11061"}],"wp:attachment":[{"href":"https:\/\/favorite-news.com\/pt\/wp-json\/wp\/v2\/media?parent=11060"}],"wp:term":[{"taxonomy":"category","embeddable":true,"href":"https:\/\/favorite-news.com\/pt\/wp-json\/wp\/v2\/categories?post=11060"},{"taxonomy":"post_tag","embeddable":true,"href":"https:\/\/favorite-news.com\/pt\/wp-json\/wp\/v2\/tags?post=11060"}],"curies":[{"name":"wp","href":"https:\/\/api.w.org\/{rel}","templated":true}]}}