{"id":11054,"date":"2021-08-10T03:11:36","date_gmt":"2021-08-10T00:11:36","guid":{"rendered":"https:\/\/favorite-news.com\/pt\/ha-tres-empresas-com-interesse-em-comprar-a-dielmar-zap\/"},"modified":"2021-08-10T03:11:39","modified_gmt":"2021-08-10T00:11:39","slug":"ha-tres-empresas-com-interesse-em-comprar-a-dielmar-zap","status":"publish","type":"post","link":"https:\/\/favorite-news.com\/pt\/ha-tres-empresas-com-interesse-em-comprar-a-dielmar-zap\/","title":{"rendered":"H\u00e1 tr\u00eas empresas com interesse em comprar a Dielmar &#8211; ZAP"},"content":{"rendered":"<p>Pedro Reis Martins \/ LusaConcentra\u00e7\u00e3o de trabalhadores da Dielmar<br \/>\nO presidente da C\u00e2mara de Castelo Branco afirmou hoje a exist\u00eancia de tr\u00eas contactos portugueses que manifestaram o seu interesse na empresa de confe\u00e7\u00f5es Dielmar, afirmando que j\u00e1 partilhou essa informa\u00e7\u00e3o com o Governo e o administrador da insolv\u00eancia.<\/p>\n<p>\u201cExistem tr\u00eas interessados que manifestaram essa inten\u00e7\u00e3o e interesse e a fazer j\u00e1 perguntas. Sinal que est\u00e1 a haver uma grande divulga\u00e7\u00e3o da situa\u00e7\u00e3o que ocorreu e, por sua vez, a marca [Dielmar] \u00e9 prestigiante e prestigiada n\u00e3o s\u00f3 para o pa\u00eds, mas tamb\u00e9m para a regi\u00e3o de Castelo Branco e para Alcains\u201d, afirmou aos jornalistas, Jos\u00e9 Augusto Alves.<br \/>\nO autarca falava \u00e0 margem da concentra\u00e7\u00e3o de trabalhadores da Dielmar, convocada pelo Sindicato dos Trabalhadores do Setor T\u00eaxtil da Beira Baixa, ap\u00f3s o pedido de insolv\u00eancia desta empresa de confe\u00e7\u00f5es, no dia 2 de agosto.<br \/>\n\u201cEssa manifesta\u00e7\u00e3o de interesse chegou \u00e0 c\u00e2mara e como temos estado a partilhar todos os dados, quer com o Governo (atrav\u00e9s do Minist\u00e9rio da Economia), quer com o administrador da insolv\u00eancia, partilhamos esses dados para o administrador de insolv\u00eancia e secret\u00e1rio de Estado da Economia\u201d, sustentou.<\/p>\n<p>O Ju\u00edzo de Com\u00e9rcio do Fund\u00e3o, do Tribunal Judicial da Comarca de Castelo Branco, declarou a insolv\u00eancia da Sociedade Industrial de Confe\u00e7\u00f5es Dielmar, S.A, requerida pela empresa, com mais de 300 trabalhadores.<br \/>\nA declara\u00e7\u00e3o do an\u00fancio de insolv\u00eancia, a que a ag\u00eancia Lusa teve acesso, foi publicada no dia 3 de agosto e assinada pela juiz de turno Laura Abriel, que nomeou para administrador da insolv\u00eancia Jo\u00e3o Francisco Baptista de Maur\u00edcio.<br \/>\nJos\u00e9 Augusto Alves defende que os contactos entre as diversas entidades envolvidas no processo \u201ct\u00eam que ser feitos diariamente e sistematicamente para que a situa\u00e7\u00e3o da Dielmar seja rapidamente, mas rapidamente, resolvida\u201d.<br \/>\nAdiantou ainda que a C\u00e2mara de Castelo Branco est\u00e1 empenhada em que a Dielmar \u201ccontinue a laborar no mesmo s\u00edtio, em Alcains, e com os mesmos colaboradores. \u00c9 por isto que n\u00f3s nos estamos a bater\u201d.<br \/>\nFundada em 1965, em Alcains, por quatro alfaiates que uniram os seus conhecimentos, a Dielmar, que empregava atualmente mais de 300 trabalhadores, pediu a insolv\u00eancia ao fim de 56 anos de atividade, uma decis\u00e3o que a administra\u00e7\u00e3o atribuiu aos efeitos da pandemia de covid-19.<br \/>\nOs trabalhadores da maior empregadora da regi\u00e3o ficaram a saber do pedido de insolv\u00eancia da Dilemar atrav\u00e9s da comunica\u00e7\u00e3o social quando a empresa estava fechada para f\u00e9rias.<br \/>\nUma situa\u00e7\u00e3o \u201clament\u00e1vel e inaceit\u00e1vel\u201d, disse ao ECO a dirigente do Sindicato dos Trabalhadores do Setor T\u00eaxtil da Beira Baixa, Marisa Tavares.<br \/>\nAt\u00e9 mar\u00e7o, a empresa liderada por Ana Paula Rafael faturou pouco mais de 700 mil euros, n\u00famero que compara com um volume de neg\u00f3cios da ordem dos cinco milh\u00f5es de euros no ano anterior.<br \/>\nEsta segunda-feira \u00e0 tarde houve uma concentra\u00e7\u00e3o de trabalhadores da Dielmar convocada pelo Sindicato dos Trabalhadores do Setor T\u00eaxtil da Beira Baixa, ap\u00f3s o pedido de insolv\u00eancia da empresa t\u00eaxtil.<\/p>\n<p>\n<!--noindex--><br \/>\n<a href=\"https:\/\/zap.aeiou.pt\/empresas-com-interesse-dielmar-423676\" rel=\"nofollow\">Source link <\/a><br \/>\n<!--\/noindex--><\/p>\n","protected":false},"excerpt":{"rendered":"<p>Pedro Reis Martins \/ LusaConcentra\u00e7\u00e3o de trabalhadores da Dielmar O presidente da C\u00e2mara de Castelo Branco afirmou hoje a exist\u00eancia de tr\u00eas contactos portugueses que manifestaram o seu interesse na empresa de confe\u00e7\u00f5es Dielmar, afirmando que j\u00e1 partilhou essa informa\u00e7\u00e3o com o Governo e o administrador da insolv\u00eancia. \u201cExistem tr\u00eas interessados que manifestaram essa inten\u00e7\u00e3o [&hellip;]<\/p>\n","protected":false},"author":2,"featured_media":11055,"comment_status":"open","ping_status":"open","sticky":false,"template":"","format":"standard","meta":{"footnotes":""},"categories":[1],"tags":[],"class_list":["post-11054","post","type-post","status-publish","format-standard","has-post-thumbnail","hentry","category-noticias-financeiras"],"yoast_head":"<!-- This site is optimized with the Yoast SEO plugin v27.4 - https:\/\/yoast.com\/product\/yoast-seo-wordpress\/ -->\n<title>H\u00e1 tr\u00eas empresas com interesse em comprar a Dielmar - ZAP - Favorite News<\/title>\n<meta name=\"robots\" content=\"index, follow, max-snippet:-1, max-image-preview:large, max-video-preview:-1\" \/>\n<link rel=\"canonical\" href=\"https:\/\/favorite-news.com\/pt\/ha-tres-empresas-com-interesse-em-comprar-a-dielmar-zap\/\" \/>\n<meta property=\"og:locale\" content=\"pt_PT\" \/>\n<meta property=\"og:type\" content=\"article\" \/>\n<meta property=\"og:title\" content=\"H\u00e1 tr\u00eas empresas com interesse em comprar a Dielmar - ZAP - Favorite News\" \/>\n<meta property=\"og:description\" content=\"Pedro Reis Martins \/ LusaConcentra\u00e7\u00e3o de trabalhadores da Dielmar O presidente da C\u00e2mara de Castelo Branco afirmou hoje a exist\u00eancia de tr\u00eas contactos portugueses que manifestaram o seu interesse na empresa de confe\u00e7\u00f5es Dielmar, afirmando que j\u00e1 partilhou essa informa\u00e7\u00e3o com o Governo e o administrador da insolv\u00eancia. \u201cExistem tr\u00eas interessados que manifestaram essa inten\u00e7\u00e3o [&hellip;]\" \/>\n<meta property=\"og:url\" content=\"https:\/\/favorite-news.com\/pt\/ha-tres-empresas-com-interesse-em-comprar-a-dielmar-zap\/\" \/>\n<meta property=\"og:site_name\" content=\"Favorite News\" \/>\n<meta property=\"article:published_time\" content=\"2021-08-10T00:11:36+00:00\" \/>\n<meta property=\"article:modified_time\" content=\"2021-08-10T00:11:39+00:00\" \/>\n<meta property=\"og:image\" content=\"https:\/\/favorite-news.com\/pt\/wp-content\/uploads\/sites\/2\/2021\/08\/Ha-tres-empresas-com-interesse-em-comprar-a-Dielmar.jpg\" \/>\n\t<meta property=\"og:image:width\" content=\"1200\" \/>\n\t<meta property=\"og:image:height\" content=\"800\" \/>\n\t<meta property=\"og:image:type\" content=\"image\/jpeg\" \/>\n<meta name=\"author\" content=\"favorite-news\" \/>\n<meta name=\"twitter:card\" content=\"summary_large_image\" \/>\n<meta name=\"twitter:label1\" content=\"Escrito por\" \/>\n\t<meta name=\"twitter:data1\" content=\"favorite-news\" \/>\n\t<meta name=\"twitter:label2\" content=\"Tempo estimado de leitura\" \/>\n\t<meta name=\"twitter:data2\" content=\"3 minutos\" \/>\n<script type=\"application\/ld+json\" class=\"yoast-schema-graph\">{\"@context\":\"https:\\\/\\\/schema.org\",\"@graph\":[{\"@type\":\"Article\",\"@id\":\"https:\\\/\\\/favorite-news.com\\\/pt\\\/ha-tres-empresas-com-interesse-em-comprar-a-dielmar-zap\\\/#article\",\"isPartOf\":{\"@id\":\"https:\\\/\\\/favorite-news.com\\\/pt\\\/ha-tres-empresas-com-interesse-em-comprar-a-dielmar-zap\\\/\"},\"author\":{\"name\":\"favorite-news\",\"@id\":\"https:\\\/\\\/favorite-news.com\\\/pt\\\/#\\\/schema\\\/person\\\/b91573b717dcfa5e4696032a9d28d3e8\"},\"headline\":\"H\u00e1 tr\u00eas empresas com interesse em comprar a Dielmar &#8211; ZAP\",\"datePublished\":\"2021-08-10T00:11:36+00:00\",\"dateModified\":\"2021-08-10T00:11:39+00:00\",\"mainEntityOfPage\":{\"@id\":\"https:\\\/\\\/favorite-news.com\\\/pt\\\/ha-tres-empresas-com-interesse-em-comprar-a-dielmar-zap\\\/\"},\"wordCount\":552,\"commentCount\":0,\"image\":{\"@id\":\"https:\\\/\\\/favorite-news.com\\\/pt\\\/ha-tres-empresas-com-interesse-em-comprar-a-dielmar-zap\\\/#primaryimage\"},\"thumbnailUrl\":\"https:\\\/\\\/favorite-news.com\\\/pt\\\/wp-content\\\/uploads\\\/sites\\\/2\\\/2021\\\/08\\\/Ha-tres-empresas-com-interesse-em-comprar-a-Dielmar.jpg\",\"articleSection\":[\"NOT\u00cdCIAS FINANCEIRAS\"],\"inLanguage\":\"pt-PT\",\"potentialAction\":[{\"@type\":\"CommentAction\",\"name\":\"Comment\",\"target\":[\"https:\\\/\\\/favorite-news.com\\\/pt\\\/ha-tres-empresas-com-interesse-em-comprar-a-dielmar-zap\\\/#respond\"]}]},{\"@type\":\"WebPage\",\"@id\":\"https:\\\/\\\/favorite-news.com\\\/pt\\\/ha-tres-empresas-com-interesse-em-comprar-a-dielmar-zap\\\/\",\"url\":\"https:\\\/\\\/favorite-news.com\\\/pt\\\/ha-tres-empresas-com-interesse-em-comprar-a-dielmar-zap\\\/\",\"name\":\"H\u00e1 tr\u00eas empresas com interesse em comprar a Dielmar - ZAP - Favorite News\",\"isPartOf\":{\"@id\":\"https:\\\/\\\/favorite-news.com\\\/pt\\\/#website\"},\"primaryImageOfPage\":{\"@id\":\"https:\\\/\\\/favorite-news.com\\\/pt\\\/ha-tres-empresas-com-interesse-em-comprar-a-dielmar-zap\\\/#primaryimage\"},\"image\":{\"@id\":\"https:\\\/\\\/favorite-news.com\\\/pt\\\/ha-tres-empresas-com-interesse-em-comprar-a-dielmar-zap\\\/#primaryimage\"},\"thumbnailUrl\":\"https:\\\/\\\/favorite-news.com\\\/pt\\\/wp-content\\\/uploads\\\/sites\\\/2\\\/2021\\\/08\\\/Ha-tres-empresas-com-interesse-em-comprar-a-Dielmar.jpg\",\"datePublished\":\"2021-08-10T00:11:36+00:00\",\"dateModified\":\"2021-08-10T00:11:39+00:00\",\"author\":{\"@id\":\"https:\\\/\\\/favorite-news.com\\\/pt\\\/#\\\/schema\\\/person\\\/b91573b717dcfa5e4696032a9d28d3e8\"},\"breadcrumb\":{\"@id\":\"https:\\\/\\\/favorite-news.com\\\/pt\\\/ha-tres-empresas-com-interesse-em-comprar-a-dielmar-zap\\\/#breadcrumb\"},\"inLanguage\":\"pt-PT\",\"potentialAction\":[{\"@type\":\"ReadAction\",\"target\":[\"https:\\\/\\\/favorite-news.com\\\/pt\\\/ha-tres-empresas-com-interesse-em-comprar-a-dielmar-zap\\\/\"]}]},{\"@type\":\"ImageObject\",\"inLanguage\":\"pt-PT\",\"@id\":\"https:\\\/\\\/favorite-news.com\\\/pt\\\/ha-tres-empresas-com-interesse-em-comprar-a-dielmar-zap\\\/#primaryimage\",\"url\":\"https:\\\/\\\/favorite-news.com\\\/pt\\\/wp-content\\\/uploads\\\/sites\\\/2\\\/2021\\\/08\\\/Ha-tres-empresas-com-interesse-em-comprar-a-Dielmar.jpg\",\"contentUrl\":\"https:\\\/\\\/favorite-news.com\\\/pt\\\/wp-content\\\/uploads\\\/sites\\\/2\\\/2021\\\/08\\\/Ha-tres-empresas-com-interesse-em-comprar-a-Dielmar.jpg\",\"width\":1200,\"height\":800,\"caption\":\"H\u00e1 tr\u00eas empresas com interesse em comprar a Dielmar - ZAP\"},{\"@type\":\"BreadcrumbList\",\"@id\":\"https:\\\/\\\/favorite-news.com\\\/pt\\\/ha-tres-empresas-com-interesse-em-comprar-a-dielmar-zap\\\/#breadcrumb\",\"itemListElement\":[{\"@type\":\"ListItem\",\"position\":1,\"name\":\"Home\",\"item\":\"https:\\\/\\\/favorite-news.com\\\/pt\\\/\"},{\"@type\":\"ListItem\",\"position\":2,\"name\":\"H\u00e1 tr\u00eas empresas com interesse em comprar a Dielmar &#8211; ZAP\"}]},{\"@type\":\"WebSite\",\"@id\":\"https:\\\/\\\/favorite-news.com\\\/pt\\\/#website\",\"url\":\"https:\\\/\\\/favorite-news.com\\\/pt\\\/\",\"name\":\"Favorite News\",\"description\":\"Favorite News Portugal\",\"potentialAction\":[{\"@type\":\"SearchAction\",\"target\":{\"@type\":\"EntryPoint\",\"urlTemplate\":\"https:\\\/\\\/favorite-news.com\\\/pt\\\/?s={search_term_string}\"},\"query-input\":{\"@type\":\"PropertyValueSpecification\",\"valueRequired\":true,\"valueName\":\"search_term_string\"}}],\"inLanguage\":\"pt-PT\"},{\"@type\":\"Person\",\"@id\":\"https:\\\/\\\/favorite-news.com\\\/pt\\\/#\\\/schema\\\/person\\\/b91573b717dcfa5e4696032a9d28d3e8\",\"name\":\"favorite-news\",\"image\":{\"@type\":\"ImageObject\",\"inLanguage\":\"pt-PT\",\"@id\":\"https:\\\/\\\/secure.gravatar.com\\\/avatar\\\/6c5a5cb12b74e9d517ee91cf570335b7d16177f1977cc91db161adfa435945a7?s=96&d=mm&r=g\",\"url\":\"https:\\\/\\\/secure.gravatar.com\\\/avatar\\\/6c5a5cb12b74e9d517ee91cf570335b7d16177f1977cc91db161adfa435945a7?s=96&d=mm&r=g\",\"contentUrl\":\"https:\\\/\\\/secure.gravatar.com\\\/avatar\\\/6c5a5cb12b74e9d517ee91cf570335b7d16177f1977cc91db161adfa435945a7?s=96&d=mm&r=g\",\"caption\":\"favorite-news\"},\"url\":\"https:\\\/\\\/favorite-news.com\\\/pt\\\/author\\\/pt\\\/\"}]}<\/script>\n<!-- \/ Yoast SEO plugin. -->","yoast_head_json":{"title":"H\u00e1 tr\u00eas empresas com interesse em comprar a Dielmar - ZAP - Favorite News","robots":{"index":"index","follow":"follow","max-snippet":"max-snippet:-1","max-image-preview":"max-image-preview:large","max-video-preview":"max-video-preview:-1"},"canonical":"https:\/\/favorite-news.com\/pt\/ha-tres-empresas-com-interesse-em-comprar-a-dielmar-zap\/","og_locale":"pt_PT","og_type":"article","og_title":"H\u00e1 tr\u00eas empresas com interesse em comprar a Dielmar - ZAP - Favorite News","og_description":"Pedro Reis Martins \/ LusaConcentra\u00e7\u00e3o de trabalhadores da Dielmar O presidente da C\u00e2mara de Castelo Branco afirmou hoje a exist\u00eancia de tr\u00eas contactos portugueses que manifestaram o seu interesse na empresa de confe\u00e7\u00f5es Dielmar, afirmando que j\u00e1 partilhou essa informa\u00e7\u00e3o com o Governo e o administrador da insolv\u00eancia. \u201cExistem tr\u00eas interessados que manifestaram essa inten\u00e7\u00e3o [&hellip;]","og_url":"https:\/\/favorite-news.com\/pt\/ha-tres-empresas-com-interesse-em-comprar-a-dielmar-zap\/","og_site_name":"Favorite News","article_published_time":"2021-08-10T00:11:36+00:00","article_modified_time":"2021-08-10T00:11:39+00:00","og_image":[{"width":1200,"height":800,"url":"https:\/\/favorite-news.com\/pt\/wp-content\/uploads\/sites\/2\/2021\/08\/Ha-tres-empresas-com-interesse-em-comprar-a-Dielmar.jpg","type":"image\/jpeg"}],"author":"favorite-news","twitter_card":"summary_large_image","twitter_misc":{"Escrito por":"favorite-news","Tempo estimado de leitura":"3 minutos"},"schema":{"@context":"https:\/\/schema.org","@graph":[{"@type":"Article","@id":"https:\/\/favorite-news.com\/pt\/ha-tres-empresas-com-interesse-em-comprar-a-dielmar-zap\/#article","isPartOf":{"@id":"https:\/\/favorite-news.com\/pt\/ha-tres-empresas-com-interesse-em-comprar-a-dielmar-zap\/"},"author":{"name":"favorite-news","@id":"https:\/\/favorite-news.com\/pt\/#\/schema\/person\/b91573b717dcfa5e4696032a9d28d3e8"},"headline":"H\u00e1 tr\u00eas empresas com interesse em comprar a Dielmar &#8211; ZAP","datePublished":"2021-08-10T00:11:36+00:00","dateModified":"2021-08-10T00:11:39+00:00","mainEntityOfPage":{"@id":"https:\/\/favorite-news.com\/pt\/ha-tres-empresas-com-interesse-em-comprar-a-dielmar-zap\/"},"wordCount":552,"commentCount":0,"image":{"@id":"https:\/\/favorite-news.com\/pt\/ha-tres-empresas-com-interesse-em-comprar-a-dielmar-zap\/#primaryimage"},"thumbnailUrl":"https:\/\/favorite-news.com\/pt\/wp-content\/uploads\/sites\/2\/2021\/08\/Ha-tres-empresas-com-interesse-em-comprar-a-Dielmar.jpg","articleSection":["NOT\u00cdCIAS FINANCEIRAS"],"inLanguage":"pt-PT","potentialAction":[{"@type":"CommentAction","name":"Comment","target":["https:\/\/favorite-news.com\/pt\/ha-tres-empresas-com-interesse-em-comprar-a-dielmar-zap\/#respond"]}]},{"@type":"WebPage","@id":"https:\/\/favorite-news.com\/pt\/ha-tres-empresas-com-interesse-em-comprar-a-dielmar-zap\/","url":"https:\/\/favorite-news.com\/pt\/ha-tres-empresas-com-interesse-em-comprar-a-dielmar-zap\/","name":"H\u00e1 tr\u00eas empresas com interesse em comprar a Dielmar - ZAP - Favorite News","isPartOf":{"@id":"https:\/\/favorite-news.com\/pt\/#website"},"primaryImageOfPage":{"@id":"https:\/\/favorite-news.com\/pt\/ha-tres-empresas-com-interesse-em-comprar-a-dielmar-zap\/#primaryimage"},"image":{"@id":"https:\/\/favorite-news.com\/pt\/ha-tres-empresas-com-interesse-em-comprar-a-dielmar-zap\/#primaryimage"},"thumbnailUrl":"https:\/\/favorite-news.com\/pt\/wp-content\/uploads\/sites\/2\/2021\/08\/Ha-tres-empresas-com-interesse-em-comprar-a-Dielmar.jpg","datePublished":"2021-08-10T00:11:36+00:00","dateModified":"2021-08-10T00:11:39+00:00","author":{"@id":"https:\/\/favorite-news.com\/pt\/#\/schema\/person\/b91573b717dcfa5e4696032a9d28d3e8"},"breadcrumb":{"@id":"https:\/\/favorite-news.com\/pt\/ha-tres-empresas-com-interesse-em-comprar-a-dielmar-zap\/#breadcrumb"},"inLanguage":"pt-PT","potentialAction":[{"@type":"ReadAction","target":["https:\/\/favorite-news.com\/pt\/ha-tres-empresas-com-interesse-em-comprar-a-dielmar-zap\/"]}]},{"@type":"ImageObject","inLanguage":"pt-PT","@id":"https:\/\/favorite-news.com\/pt\/ha-tres-empresas-com-interesse-em-comprar-a-dielmar-zap\/#primaryimage","url":"https:\/\/favorite-news.com\/pt\/wp-content\/uploads\/sites\/2\/2021\/08\/Ha-tres-empresas-com-interesse-em-comprar-a-Dielmar.jpg","contentUrl":"https:\/\/favorite-news.com\/pt\/wp-content\/uploads\/sites\/2\/2021\/08\/Ha-tres-empresas-com-interesse-em-comprar-a-Dielmar.jpg","width":1200,"height":800,"caption":"H\u00e1 tr\u00eas empresas com interesse em comprar a Dielmar - ZAP"},{"@type":"BreadcrumbList","@id":"https:\/\/favorite-news.com\/pt\/ha-tres-empresas-com-interesse-em-comprar-a-dielmar-zap\/#breadcrumb","itemListElement":[{"@type":"ListItem","position":1,"name":"Home","item":"https:\/\/favorite-news.com\/pt\/"},{"@type":"ListItem","position":2,"name":"H\u00e1 tr\u00eas empresas com interesse em comprar a Dielmar &#8211; ZAP"}]},{"@type":"WebSite","@id":"https:\/\/favorite-news.com\/pt\/#website","url":"https:\/\/favorite-news.com\/pt\/","name":"Favorite News","description":"Favorite News Portugal","potentialAction":[{"@type":"SearchAction","target":{"@type":"EntryPoint","urlTemplate":"https:\/\/favorite-news.com\/pt\/?s={search_term_string}"},"query-input":{"@type":"PropertyValueSpecification","valueRequired":true,"valueName":"search_term_string"}}],"inLanguage":"pt-PT"},{"@type":"Person","@id":"https:\/\/favorite-news.com\/pt\/#\/schema\/person\/b91573b717dcfa5e4696032a9d28d3e8","name":"favorite-news","image":{"@type":"ImageObject","inLanguage":"pt-PT","@id":"https:\/\/secure.gravatar.com\/avatar\/6c5a5cb12b74e9d517ee91cf570335b7d16177f1977cc91db161adfa435945a7?s=96&d=mm&r=g","url":"https:\/\/secure.gravatar.com\/avatar\/6c5a5cb12b74e9d517ee91cf570335b7d16177f1977cc91db161adfa435945a7?s=96&d=mm&r=g","contentUrl":"https:\/\/secure.gravatar.com\/avatar\/6c5a5cb12b74e9d517ee91cf570335b7d16177f1977cc91db161adfa435945a7?s=96&d=mm&r=g","caption":"favorite-news"},"url":"https:\/\/favorite-news.com\/pt\/author\/pt\/"}]}},"_links":{"self":[{"href":"https:\/\/favorite-news.com\/pt\/wp-json\/wp\/v2\/posts\/11054","targetHints":{"allow":["GET"]}}],"collection":[{"href":"https:\/\/favorite-news.com\/pt\/wp-json\/wp\/v2\/posts"}],"about":[{"href":"https:\/\/favorite-news.com\/pt\/wp-json\/wp\/v2\/types\/post"}],"author":[{"embeddable":true,"href":"https:\/\/favorite-news.com\/pt\/wp-json\/wp\/v2\/users\/2"}],"replies":[{"embeddable":true,"href":"https:\/\/favorite-news.com\/pt\/wp-json\/wp\/v2\/comments?post=11054"}],"version-history":[{"count":1,"href":"https:\/\/favorite-news.com\/pt\/wp-json\/wp\/v2\/posts\/11054\/revisions"}],"predecessor-version":[{"id":11056,"href":"https:\/\/favorite-news.com\/pt\/wp-json\/wp\/v2\/posts\/11054\/revisions\/11056"}],"wp:featuredmedia":[{"embeddable":true,"href":"https:\/\/favorite-news.com\/pt\/wp-json\/wp\/v2\/media\/11055"}],"wp:attachment":[{"href":"https:\/\/favorite-news.com\/pt\/wp-json\/wp\/v2\/media?parent=11054"}],"wp:term":[{"taxonomy":"category","embeddable":true,"href":"https:\/\/favorite-news.com\/pt\/wp-json\/wp\/v2\/categories?post=11054"},{"taxonomy":"post_tag","embeddable":true,"href":"https:\/\/favorite-news.com\/pt\/wp-json\/wp\/v2\/tags?post=11054"}],"curies":[{"name":"wp","href":"https:\/\/api.w.org\/{rel}","templated":true}]}}