{"id":11048,"date":"2021-08-09T15:10:05","date_gmt":"2021-08-09T12:10:05","guid":{"rendered":"https:\/\/favorite-news.com\/pt\/caso-tgv-tribunal-de-contas-avisa-governo-para-nao-pagar\/"},"modified":"2021-08-09T15:10:07","modified_gmt":"2021-08-09T12:10:07","slug":"caso-tgv-tribunal-de-contas-avisa-governo-para-nao-pagar","status":"publish","type":"post","link":"https:\/\/favorite-news.com\/pt\/caso-tgv-tribunal-de-contas-avisa-governo-para-nao-pagar\/","title":{"rendered":"Caso TGV: Tribunal de Contas avisa Governo para n\u00e3o pagar"},"content":{"rendered":"<p>Paulo Novais \/ LusaO ministro das Infraestruturas e da Habita\u00e7\u00e3o, Pedro Nuno Santos.<br \/>\nO Tribunal de Contas alertou o Governo para n\u00e3o pagar a indemniza\u00e7\u00e3o de 202 milh\u00f5es ao cons\u00f3rcio ELOS, no \u00e2mbito da obra do TGV que nunca avan\u00e7ou. Caso pague o valor a que foi condenado por um tribunal arbitral, os governantes respons\u00e1veis pelo processo podem ter de devolver esse dinheiro ao Estado.<\/p>\n<p>O alerta consta de uma carta enviada ao Governo e que foi consultada pelo Expresso. Em causa est\u00e1 a indemniza\u00e7\u00e3o de 150 milh\u00f5es de euros a que o Governo foi condenado por um tribunal arbitral, pelo facto de o projecto n\u00e3o ter avan\u00e7ado.<br \/>\nCom os juros e os custos processuais, a factura j\u00e1 vai em 202 milh\u00f5es de euros.<br \/>\nMas o Tribunal de Contas (TdC) entende que o Governo n\u00e3o deve pagar o montante. Caso o pague estar\u00e1 a violar a decis\u00e3o do pr\u00f3prio TdC que chumbou o projecto e, assim, \u201cincorre em responsabilidade financeira\u201c, como aponta o Expresso.<\/p>\n<p>No caso de vir a pagar a indemniza\u00e7\u00e3o, \u201cos ministros e secret\u00e1rios de Estado respons\u00e1veis teriam de devolver esse dinheiro ao Estado dos seus bolsos\u201c, aponta ainda o seman\u00e1rio, em fun\u00e7\u00e3o dos argumentos do TdC.<br \/>\nO concurso para a constru\u00e7\u00e3o do primeiro tro\u00e7o do TGV foi lan\u00e7ado pelo Governo de S\u00f3crates, mas o TdC recusou o visto pr\u00e9vio.<br \/>\nO projecto acabaria por ser cancelado em 2012, tendo como impactos financeiros 120 milh\u00f5es de euros despendidos em contrata\u00e7\u00e3o externa, ao longo de cerca de doze anos de estudos, e 32,9 milh\u00f5es de euros despendidos em custos de estrutura da RAVE.<br \/>\nAs \u00e1reas de estudo pr\u00e9vio, ambiental e projecto, representaram a maioria do valor adjudicado, cerca de 40% do total, no valor de 48 milh\u00f5es de euros.<br \/>\nO eixo que gerou um maior custo com contrata\u00e7\u00f5es externas foi o Lisboa-Porto (19,7 milh\u00f5es de euros). O eixo Lisboa-Madrid representou um valor de adjudica\u00e7\u00f5es de cerca de 11,2 milh\u00f5es de euros.<\/p>\n<p>TGV n\u00e3o tinha \u201cviabilidade financeira\u201d<br \/>\nUma auditoria do TdC concluiu que \u201co investimento na rede ferrovi\u00e1ria de alta velocidade n\u00e3o apresentava viabilidade financeira\u201c.<br \/>\n\u201cOs mesmos estudos demonstraram que o eixo Lisboa-Madrid, o primeiro que se previa vir a ser implementado, tamb\u00e9m seria financeiramente invi\u00e1vel\u201d, l\u00ea-se na auditoria sobre o projecto que se iniciou em 1988 e foi cancelado em 2012.<br \/>\nO investimento seria implementado com base num modelo \u201csem paralelo em termos internacionais\u201d, assente em seis contratos de Parceria P\u00fablico-Privada (PPP), cujos encargos para os parceiros p\u00fablicos ascenderiam a 11,6 mil milh\u00f5es de euros.<br \/>\n\u201cOs riscos de procura relevantes recairiam sobre a CP e a REFER, empresas p\u00fablicas economicamente deficit\u00e1rias. Em contrapartida, os pagamentos pela disponibilidade da infraestrutura \u00e0s concession\u00e1rias gozariam de estabilidade, caracter\u00edstica t\u00edpica das rendas\u201d, alerta ainda o relat\u00f3rio do TdC.<br \/>\nA auditoria conclui que \u201cn\u00e3o h\u00e1 evid\u00eancias de que os benef\u00edcios ultrapassariam os custos com a rede ferrovi\u00e1ria de alta velocidade\u201d.<br \/>\nO projecto foi iniciado \u201csem ser poss\u00edvel aferir o custo-benef\u00edcio para Portugal e o Estado n\u00e3o comprovou, perante o Tribunal, a comportabilidade dos encargos que decorriam do \u00fanico contrato PPP assinado e ao qual foi recusado o visto pr\u00e9vio\u201d para o tro\u00e7o Poceir\u00e3o-Caia, indica ainda o documento do TdC.<br \/>\nAl\u00e9m da falta de viabilidade financeira, o TdC detectou \u201calgum excesso de optimismo\u201d na tentativa de implementar um modelo n\u00e3o testado \u201csem a utiliza\u00e7\u00e3o do que habitualmente se designa por projecto-piloto\u201d.<br \/>\n\u201cAtendendo \u00e0 complexidade e \u00e0 falta de experi\u00eancia pr\u00e9via na implementa\u00e7\u00e3o de um sistema de transporte inteiramente novo\u201d, o relat\u00f3rio conclui que \u201cseriam de admitir imprevistos durante todo o processo\u201c.<br \/>\nO projecto previa o desenvolvimento de uma nova rede ferrovi\u00e1ria para o transporte de passageiros e de mercadorias, com o objetivo de suportar tr\u00e1fego a velocidades m\u00e1ximas entre 250 e 350 km por hora.<br \/>\nActualmente, est\u00e1 pendente nos tribunais administrativos uma ac\u00e7\u00e3o do Governo para tentar anular a senten\u00e7a do tribunal arbitral. Contudo, essa ac\u00e7\u00e3o n\u00e3o suspende automaticamente a senten\u00e7a de indemniza\u00e7\u00e3o.<\/p>\n<p>\n<!--noindex--><br \/>\n<a href=\"https:\/\/zap.aeiou.pt\/caso-tgv-tribunal-de-contas-avisa-governo-423508\" rel=\"nofollow\">Source link <\/a><br \/>\n<!--\/noindex--><\/p>\n","protected":false},"excerpt":{"rendered":"<p>Paulo Novais \/ LusaO ministro das Infraestruturas e da Habita\u00e7\u00e3o, Pedro Nuno Santos. O Tribunal de Contas alertou o Governo para n\u00e3o pagar a indemniza\u00e7\u00e3o de 202 milh\u00f5es ao cons\u00f3rcio ELOS, no \u00e2mbito da obra do TGV que nunca avan\u00e7ou. Caso pague o valor a que foi condenado por um tribunal arbitral, os governantes respons\u00e1veis [&hellip;]<\/p>\n","protected":false},"author":2,"featured_media":11049,"comment_status":"open","ping_status":"open","sticky":false,"template":"","format":"standard","meta":{"footnotes":""},"categories":[1],"tags":[],"class_list":["post-11048","post","type-post","status-publish","format-standard","has-post-thumbnail","hentry","category-noticias-financeiras"],"yoast_head":"<!-- This site is optimized with the Yoast SEO plugin v27.4 - https:\/\/yoast.com\/product\/yoast-seo-wordpress\/ -->\n<title>Caso TGV: Tribunal de Contas avisa Governo para n\u00e3o pagar - Favorite News<\/title>\n<meta name=\"robots\" content=\"index, follow, max-snippet:-1, max-image-preview:large, max-video-preview:-1\" \/>\n<link rel=\"canonical\" href=\"https:\/\/favorite-news.com\/pt\/caso-tgv-tribunal-de-contas-avisa-governo-para-nao-pagar\/\" \/>\n<meta property=\"og:locale\" content=\"pt_PT\" \/>\n<meta property=\"og:type\" content=\"article\" \/>\n<meta property=\"og:title\" content=\"Caso TGV: Tribunal de Contas avisa Governo para n\u00e3o pagar - Favorite News\" \/>\n<meta property=\"og:description\" content=\"Paulo Novais \/ LusaO ministro das Infraestruturas e da Habita\u00e7\u00e3o, Pedro Nuno Santos. O Tribunal de Contas alertou o Governo para n\u00e3o pagar a indemniza\u00e7\u00e3o de 202 milh\u00f5es ao cons\u00f3rcio ELOS, no \u00e2mbito da obra do TGV que nunca avan\u00e7ou. Caso pague o valor a que foi condenado por um tribunal arbitral, os governantes respons\u00e1veis [&hellip;]\" \/>\n<meta property=\"og:url\" content=\"https:\/\/favorite-news.com\/pt\/caso-tgv-tribunal-de-contas-avisa-governo-para-nao-pagar\/\" \/>\n<meta property=\"og:site_name\" content=\"Favorite News\" \/>\n<meta property=\"article:published_time\" content=\"2021-08-09T12:10:05+00:00\" \/>\n<meta property=\"article:modified_time\" content=\"2021-08-09T12:10:07+00:00\" \/>\n<meta property=\"og:image\" content=\"https:\/\/favorite-news.com\/pt\/wp-content\/uploads\/sites\/2\/2021\/08\/Caso-TGV-Tribunal-de-Contas-avisa-Governo-para-nao-pagar.jpg\" \/>\n\t<meta property=\"og:image:width\" content=\"1200\" \/>\n\t<meta property=\"og:image:height\" content=\"800\" \/>\n\t<meta property=\"og:image:type\" content=\"image\/jpeg\" \/>\n<meta name=\"author\" content=\"favorite-news\" \/>\n<meta name=\"twitter:card\" content=\"summary_large_image\" \/>\n<meta name=\"twitter:label1\" content=\"Escrito por\" \/>\n\t<meta name=\"twitter:data1\" content=\"favorite-news\" \/>\n\t<meta name=\"twitter:label2\" content=\"Tempo estimado de leitura\" \/>\n\t<meta name=\"twitter:data2\" content=\"4 minutos\" \/>\n<script type=\"application\/ld+json\" class=\"yoast-schema-graph\">{\"@context\":\"https:\\\/\\\/schema.org\",\"@graph\":[{\"@type\":\"Article\",\"@id\":\"https:\\\/\\\/favorite-news.com\\\/pt\\\/caso-tgv-tribunal-de-contas-avisa-governo-para-nao-pagar\\\/#article\",\"isPartOf\":{\"@id\":\"https:\\\/\\\/favorite-news.com\\\/pt\\\/caso-tgv-tribunal-de-contas-avisa-governo-para-nao-pagar\\\/\"},\"author\":{\"name\":\"favorite-news\",\"@id\":\"https:\\\/\\\/favorite-news.com\\\/pt\\\/#\\\/schema\\\/person\\\/b91573b717dcfa5e4696032a9d28d3e8\"},\"headline\":\"Caso TGV: Tribunal de Contas avisa Governo para n\u00e3o pagar\",\"datePublished\":\"2021-08-09T12:10:05+00:00\",\"dateModified\":\"2021-08-09T12:10:07+00:00\",\"mainEntityOfPage\":{\"@id\":\"https:\\\/\\\/favorite-news.com\\\/pt\\\/caso-tgv-tribunal-de-contas-avisa-governo-para-nao-pagar\\\/\"},\"wordCount\":717,\"commentCount\":0,\"image\":{\"@id\":\"https:\\\/\\\/favorite-news.com\\\/pt\\\/caso-tgv-tribunal-de-contas-avisa-governo-para-nao-pagar\\\/#primaryimage\"},\"thumbnailUrl\":\"https:\\\/\\\/favorite-news.com\\\/pt\\\/wp-content\\\/uploads\\\/sites\\\/2\\\/2021\\\/08\\\/Caso-TGV-Tribunal-de-Contas-avisa-Governo-para-nao-pagar.jpg\",\"articleSection\":[\"NOT\u00cdCIAS FINANCEIRAS\"],\"inLanguage\":\"pt-PT\",\"potentialAction\":[{\"@type\":\"CommentAction\",\"name\":\"Comment\",\"target\":[\"https:\\\/\\\/favorite-news.com\\\/pt\\\/caso-tgv-tribunal-de-contas-avisa-governo-para-nao-pagar\\\/#respond\"]}]},{\"@type\":\"WebPage\",\"@id\":\"https:\\\/\\\/favorite-news.com\\\/pt\\\/caso-tgv-tribunal-de-contas-avisa-governo-para-nao-pagar\\\/\",\"url\":\"https:\\\/\\\/favorite-news.com\\\/pt\\\/caso-tgv-tribunal-de-contas-avisa-governo-para-nao-pagar\\\/\",\"name\":\"Caso TGV: Tribunal de Contas avisa Governo para n\u00e3o pagar - Favorite News\",\"isPartOf\":{\"@id\":\"https:\\\/\\\/favorite-news.com\\\/pt\\\/#website\"},\"primaryImageOfPage\":{\"@id\":\"https:\\\/\\\/favorite-news.com\\\/pt\\\/caso-tgv-tribunal-de-contas-avisa-governo-para-nao-pagar\\\/#primaryimage\"},\"image\":{\"@id\":\"https:\\\/\\\/favorite-news.com\\\/pt\\\/caso-tgv-tribunal-de-contas-avisa-governo-para-nao-pagar\\\/#primaryimage\"},\"thumbnailUrl\":\"https:\\\/\\\/favorite-news.com\\\/pt\\\/wp-content\\\/uploads\\\/sites\\\/2\\\/2021\\\/08\\\/Caso-TGV-Tribunal-de-Contas-avisa-Governo-para-nao-pagar.jpg\",\"datePublished\":\"2021-08-09T12:10:05+00:00\",\"dateModified\":\"2021-08-09T12:10:07+00:00\",\"author\":{\"@id\":\"https:\\\/\\\/favorite-news.com\\\/pt\\\/#\\\/schema\\\/person\\\/b91573b717dcfa5e4696032a9d28d3e8\"},\"breadcrumb\":{\"@id\":\"https:\\\/\\\/favorite-news.com\\\/pt\\\/caso-tgv-tribunal-de-contas-avisa-governo-para-nao-pagar\\\/#breadcrumb\"},\"inLanguage\":\"pt-PT\",\"potentialAction\":[{\"@type\":\"ReadAction\",\"target\":[\"https:\\\/\\\/favorite-news.com\\\/pt\\\/caso-tgv-tribunal-de-contas-avisa-governo-para-nao-pagar\\\/\"]}]},{\"@type\":\"ImageObject\",\"inLanguage\":\"pt-PT\",\"@id\":\"https:\\\/\\\/favorite-news.com\\\/pt\\\/caso-tgv-tribunal-de-contas-avisa-governo-para-nao-pagar\\\/#primaryimage\",\"url\":\"https:\\\/\\\/favorite-news.com\\\/pt\\\/wp-content\\\/uploads\\\/sites\\\/2\\\/2021\\\/08\\\/Caso-TGV-Tribunal-de-Contas-avisa-Governo-para-nao-pagar.jpg\",\"contentUrl\":\"https:\\\/\\\/favorite-news.com\\\/pt\\\/wp-content\\\/uploads\\\/sites\\\/2\\\/2021\\\/08\\\/Caso-TGV-Tribunal-de-Contas-avisa-Governo-para-nao-pagar.jpg\",\"width\":1200,\"height\":800,\"caption\":\"Caso TGV: Tribunal de Contas avisa Governo para n\u00e3o pagar\"},{\"@type\":\"BreadcrumbList\",\"@id\":\"https:\\\/\\\/favorite-news.com\\\/pt\\\/caso-tgv-tribunal-de-contas-avisa-governo-para-nao-pagar\\\/#breadcrumb\",\"itemListElement\":[{\"@type\":\"ListItem\",\"position\":1,\"name\":\"Home\",\"item\":\"https:\\\/\\\/favorite-news.com\\\/pt\\\/\"},{\"@type\":\"ListItem\",\"position\":2,\"name\":\"Caso TGV: Tribunal de Contas avisa Governo para n\u00e3o pagar\"}]},{\"@type\":\"WebSite\",\"@id\":\"https:\\\/\\\/favorite-news.com\\\/pt\\\/#website\",\"url\":\"https:\\\/\\\/favorite-news.com\\\/pt\\\/\",\"name\":\"Favorite News\",\"description\":\"Favorite News Portugal\",\"potentialAction\":[{\"@type\":\"SearchAction\",\"target\":{\"@type\":\"EntryPoint\",\"urlTemplate\":\"https:\\\/\\\/favorite-news.com\\\/pt\\\/?s={search_term_string}\"},\"query-input\":{\"@type\":\"PropertyValueSpecification\",\"valueRequired\":true,\"valueName\":\"search_term_string\"}}],\"inLanguage\":\"pt-PT\"},{\"@type\":\"Person\",\"@id\":\"https:\\\/\\\/favorite-news.com\\\/pt\\\/#\\\/schema\\\/person\\\/b91573b717dcfa5e4696032a9d28d3e8\",\"name\":\"favorite-news\",\"image\":{\"@type\":\"ImageObject\",\"inLanguage\":\"pt-PT\",\"@id\":\"https:\\\/\\\/secure.gravatar.com\\\/avatar\\\/6c5a5cb12b74e9d517ee91cf570335b7d16177f1977cc91db161adfa435945a7?s=96&d=mm&r=g\",\"url\":\"https:\\\/\\\/secure.gravatar.com\\\/avatar\\\/6c5a5cb12b74e9d517ee91cf570335b7d16177f1977cc91db161adfa435945a7?s=96&d=mm&r=g\",\"contentUrl\":\"https:\\\/\\\/secure.gravatar.com\\\/avatar\\\/6c5a5cb12b74e9d517ee91cf570335b7d16177f1977cc91db161adfa435945a7?s=96&d=mm&r=g\",\"caption\":\"favorite-news\"},\"url\":\"https:\\\/\\\/favorite-news.com\\\/pt\\\/author\\\/pt\\\/\"}]}<\/script>\n<!-- \/ Yoast SEO plugin. -->","yoast_head_json":{"title":"Caso TGV: Tribunal de Contas avisa Governo para n\u00e3o pagar - Favorite News","robots":{"index":"index","follow":"follow","max-snippet":"max-snippet:-1","max-image-preview":"max-image-preview:large","max-video-preview":"max-video-preview:-1"},"canonical":"https:\/\/favorite-news.com\/pt\/caso-tgv-tribunal-de-contas-avisa-governo-para-nao-pagar\/","og_locale":"pt_PT","og_type":"article","og_title":"Caso TGV: Tribunal de Contas avisa Governo para n\u00e3o pagar - Favorite News","og_description":"Paulo Novais \/ LusaO ministro das Infraestruturas e da Habita\u00e7\u00e3o, Pedro Nuno Santos. O Tribunal de Contas alertou o Governo para n\u00e3o pagar a indemniza\u00e7\u00e3o de 202 milh\u00f5es ao cons\u00f3rcio ELOS, no \u00e2mbito da obra do TGV que nunca avan\u00e7ou. Caso pague o valor a que foi condenado por um tribunal arbitral, os governantes respons\u00e1veis [&hellip;]","og_url":"https:\/\/favorite-news.com\/pt\/caso-tgv-tribunal-de-contas-avisa-governo-para-nao-pagar\/","og_site_name":"Favorite News","article_published_time":"2021-08-09T12:10:05+00:00","article_modified_time":"2021-08-09T12:10:07+00:00","og_image":[{"width":1200,"height":800,"url":"https:\/\/favorite-news.com\/pt\/wp-content\/uploads\/sites\/2\/2021\/08\/Caso-TGV-Tribunal-de-Contas-avisa-Governo-para-nao-pagar.jpg","type":"image\/jpeg"}],"author":"favorite-news","twitter_card":"summary_large_image","twitter_misc":{"Escrito por":"favorite-news","Tempo estimado de leitura":"4 minutos"},"schema":{"@context":"https:\/\/schema.org","@graph":[{"@type":"Article","@id":"https:\/\/favorite-news.com\/pt\/caso-tgv-tribunal-de-contas-avisa-governo-para-nao-pagar\/#article","isPartOf":{"@id":"https:\/\/favorite-news.com\/pt\/caso-tgv-tribunal-de-contas-avisa-governo-para-nao-pagar\/"},"author":{"name":"favorite-news","@id":"https:\/\/favorite-news.com\/pt\/#\/schema\/person\/b91573b717dcfa5e4696032a9d28d3e8"},"headline":"Caso TGV: Tribunal de Contas avisa Governo para n\u00e3o pagar","datePublished":"2021-08-09T12:10:05+00:00","dateModified":"2021-08-09T12:10:07+00:00","mainEntityOfPage":{"@id":"https:\/\/favorite-news.com\/pt\/caso-tgv-tribunal-de-contas-avisa-governo-para-nao-pagar\/"},"wordCount":717,"commentCount":0,"image":{"@id":"https:\/\/favorite-news.com\/pt\/caso-tgv-tribunal-de-contas-avisa-governo-para-nao-pagar\/#primaryimage"},"thumbnailUrl":"https:\/\/favorite-news.com\/pt\/wp-content\/uploads\/sites\/2\/2021\/08\/Caso-TGV-Tribunal-de-Contas-avisa-Governo-para-nao-pagar.jpg","articleSection":["NOT\u00cdCIAS FINANCEIRAS"],"inLanguage":"pt-PT","potentialAction":[{"@type":"CommentAction","name":"Comment","target":["https:\/\/favorite-news.com\/pt\/caso-tgv-tribunal-de-contas-avisa-governo-para-nao-pagar\/#respond"]}]},{"@type":"WebPage","@id":"https:\/\/favorite-news.com\/pt\/caso-tgv-tribunal-de-contas-avisa-governo-para-nao-pagar\/","url":"https:\/\/favorite-news.com\/pt\/caso-tgv-tribunal-de-contas-avisa-governo-para-nao-pagar\/","name":"Caso TGV: Tribunal de Contas avisa Governo para n\u00e3o pagar - Favorite News","isPartOf":{"@id":"https:\/\/favorite-news.com\/pt\/#website"},"primaryImageOfPage":{"@id":"https:\/\/favorite-news.com\/pt\/caso-tgv-tribunal-de-contas-avisa-governo-para-nao-pagar\/#primaryimage"},"image":{"@id":"https:\/\/favorite-news.com\/pt\/caso-tgv-tribunal-de-contas-avisa-governo-para-nao-pagar\/#primaryimage"},"thumbnailUrl":"https:\/\/favorite-news.com\/pt\/wp-content\/uploads\/sites\/2\/2021\/08\/Caso-TGV-Tribunal-de-Contas-avisa-Governo-para-nao-pagar.jpg","datePublished":"2021-08-09T12:10:05+00:00","dateModified":"2021-08-09T12:10:07+00:00","author":{"@id":"https:\/\/favorite-news.com\/pt\/#\/schema\/person\/b91573b717dcfa5e4696032a9d28d3e8"},"breadcrumb":{"@id":"https:\/\/favorite-news.com\/pt\/caso-tgv-tribunal-de-contas-avisa-governo-para-nao-pagar\/#breadcrumb"},"inLanguage":"pt-PT","potentialAction":[{"@type":"ReadAction","target":["https:\/\/favorite-news.com\/pt\/caso-tgv-tribunal-de-contas-avisa-governo-para-nao-pagar\/"]}]},{"@type":"ImageObject","inLanguage":"pt-PT","@id":"https:\/\/favorite-news.com\/pt\/caso-tgv-tribunal-de-contas-avisa-governo-para-nao-pagar\/#primaryimage","url":"https:\/\/favorite-news.com\/pt\/wp-content\/uploads\/sites\/2\/2021\/08\/Caso-TGV-Tribunal-de-Contas-avisa-Governo-para-nao-pagar.jpg","contentUrl":"https:\/\/favorite-news.com\/pt\/wp-content\/uploads\/sites\/2\/2021\/08\/Caso-TGV-Tribunal-de-Contas-avisa-Governo-para-nao-pagar.jpg","width":1200,"height":800,"caption":"Caso TGV: Tribunal de Contas avisa Governo para n\u00e3o pagar"},{"@type":"BreadcrumbList","@id":"https:\/\/favorite-news.com\/pt\/caso-tgv-tribunal-de-contas-avisa-governo-para-nao-pagar\/#breadcrumb","itemListElement":[{"@type":"ListItem","position":1,"name":"Home","item":"https:\/\/favorite-news.com\/pt\/"},{"@type":"ListItem","position":2,"name":"Caso TGV: Tribunal de Contas avisa Governo para n\u00e3o pagar"}]},{"@type":"WebSite","@id":"https:\/\/favorite-news.com\/pt\/#website","url":"https:\/\/favorite-news.com\/pt\/","name":"Favorite News","description":"Favorite News Portugal","potentialAction":[{"@type":"SearchAction","target":{"@type":"EntryPoint","urlTemplate":"https:\/\/favorite-news.com\/pt\/?s={search_term_string}"},"query-input":{"@type":"PropertyValueSpecification","valueRequired":true,"valueName":"search_term_string"}}],"inLanguage":"pt-PT"},{"@type":"Person","@id":"https:\/\/favorite-news.com\/pt\/#\/schema\/person\/b91573b717dcfa5e4696032a9d28d3e8","name":"favorite-news","image":{"@type":"ImageObject","inLanguage":"pt-PT","@id":"https:\/\/secure.gravatar.com\/avatar\/6c5a5cb12b74e9d517ee91cf570335b7d16177f1977cc91db161adfa435945a7?s=96&d=mm&r=g","url":"https:\/\/secure.gravatar.com\/avatar\/6c5a5cb12b74e9d517ee91cf570335b7d16177f1977cc91db161adfa435945a7?s=96&d=mm&r=g","contentUrl":"https:\/\/secure.gravatar.com\/avatar\/6c5a5cb12b74e9d517ee91cf570335b7d16177f1977cc91db161adfa435945a7?s=96&d=mm&r=g","caption":"favorite-news"},"url":"https:\/\/favorite-news.com\/pt\/author\/pt\/"}]}},"_links":{"self":[{"href":"https:\/\/favorite-news.com\/pt\/wp-json\/wp\/v2\/posts\/11048","targetHints":{"allow":["GET"]}}],"collection":[{"href":"https:\/\/favorite-news.com\/pt\/wp-json\/wp\/v2\/posts"}],"about":[{"href":"https:\/\/favorite-news.com\/pt\/wp-json\/wp\/v2\/types\/post"}],"author":[{"embeddable":true,"href":"https:\/\/favorite-news.com\/pt\/wp-json\/wp\/v2\/users\/2"}],"replies":[{"embeddable":true,"href":"https:\/\/favorite-news.com\/pt\/wp-json\/wp\/v2\/comments?post=11048"}],"version-history":[{"count":1,"href":"https:\/\/favorite-news.com\/pt\/wp-json\/wp\/v2\/posts\/11048\/revisions"}],"predecessor-version":[{"id":11050,"href":"https:\/\/favorite-news.com\/pt\/wp-json\/wp\/v2\/posts\/11048\/revisions\/11050"}],"wp:featuredmedia":[{"embeddable":true,"href":"https:\/\/favorite-news.com\/pt\/wp-json\/wp\/v2\/media\/11049"}],"wp:attachment":[{"href":"https:\/\/favorite-news.com\/pt\/wp-json\/wp\/v2\/media?parent=11048"}],"wp:term":[{"taxonomy":"category","embeddable":true,"href":"https:\/\/favorite-news.com\/pt\/wp-json\/wp\/v2\/categories?post=11048"},{"taxonomy":"post_tag","embeddable":true,"href":"https:\/\/favorite-news.com\/pt\/wp-json\/wp\/v2\/tags?post=11048"}],"curies":[{"name":"wp","href":"https:\/\/api.w.org\/{rel}","templated":true}]}}