{"id":11042,"date":"2021-08-09T03:09:26","date_gmt":"2021-08-09T00:09:26","guid":{"rendered":"https:\/\/favorite-news.com\/pt\/estado-tem-um-mes-para-responder-as-duvidas-de-bruxelas-sobre-a-tap\/"},"modified":"2021-08-09T03:09:32","modified_gmt":"2021-08-09T00:09:32","slug":"estado-tem-um-mes-para-responder-as-duvidas-de-bruxelas-sobre-a-tap","status":"publish","type":"post","link":"https:\/\/favorite-news.com\/pt\/estado-tem-um-mes-para-responder-as-duvidas-de-bruxelas-sobre-a-tap\/","title":{"rendered":"Estado tem um m\u00eas para responder \u00e0s d\u00favidas de Bruxelas sobre a TAP"},"content":{"rendered":"<p>aero_icarus \/ Flickr<br \/>\nO Estado tem um m\u00eas para responder \u00e0s d\u00favidas da Comiss\u00e3o Europeia sobre a ajuda estatal \u00e0 TAP e o seu plano de reestrutura\u00e7\u00e3o.<\/p>\n<p>De acordo com o seman\u00e1rio Expresso, a TAP e o Estado portugu\u00eas v\u00e3o ter de revisitar o plano de reestrutura\u00e7\u00e3o, entregue em Bruxelas em dezembro de 2020, e provavelmente ter\u00e3o de fazer-lhe uns ajustes.<br \/>\nExiste press\u00e3o dos concorrentes da companhia a\u00e9rea sobre o Executivo comunit\u00e1rio para que seja duro, sobretudo da Ryanair que, no ano passado, contestou no Tribunal Europeu de Justi\u00e7a a ajuda estatal e o que levou a Comiss\u00e3o Europeia a abrir uma investiga\u00e7\u00e3o.<br \/>\nSegundo o mesmo jornal, o Estado tem um m\u00eas para responder a Bruxelas, depois de, esta semana, a comiss\u00e1ria da Concorr\u00eancia, Margrethe Vestager, ter enumerado as d\u00favidas em rela\u00e7\u00e3o ao plano de reestrutura\u00e7\u00e3o.<br \/>\nO Executivo comunit\u00e1rio questionou o porqu\u00ea de n\u00e3o haver contribui\u00e7\u00e3o de privados na atual ajuda \u00e0 companhia a\u00e9rea; considerou que o plano n\u00e3o testa cen\u00e1rios de retoma mais demorados e estranhou ainda o facto de o pa\u00eds n\u00e3o mostrar compromisso de desinvestimento nos slots (espa\u00e7o hor\u00e1rio para os avi\u00f5es levantarem e aterrarem) em Lisboa, onde neste momento det\u00e9m 50% a 60%.<\/p>\n<p>Tal como explica o Expresso, estes slots s\u00e3o uma das quest\u00f5es mais sens\u00edveis do plano, pois a TAP defende que, para beneficiar da vantagem competitiva no mercado norte-americano e brasileiro, n\u00e3o pode haver altera\u00e7\u00f5es nesta mat\u00e9ria.<br \/>\nEsta semana, recorde-se, o jornal P\u00fablico noticiou que, at\u00e9 ao final do ano, o Estado vai passar a ser o \u00fanico acionista da TAP, depois de uma opera\u00e7\u00e3o para limpar os preju\u00edzos.<\/p>\n<p> ZAP \/\/ <\/p>\n<p>\n<!--noindex--><br \/>\n<a href=\"https:\/\/zap.aeiou.pt\/aumenta-pressao-sobre-tap-423264\" rel=\"nofollow\">Source link <\/a><br \/>\n<!--\/noindex--><\/p>\n","protected":false},"excerpt":{"rendered":"<p>aero_icarus \/ Flickr O Estado tem um m\u00eas para responder \u00e0s d\u00favidas da Comiss\u00e3o Europeia sobre a ajuda estatal \u00e0 TAP e o seu plano de reestrutura\u00e7\u00e3o. De acordo com o seman\u00e1rio Expresso, a TAP e o Estado portugu\u00eas v\u00e3o ter de revisitar o plano de reestrutura\u00e7\u00e3o, entregue em Bruxelas em dezembro de 2020, e [&hellip;]<\/p>\n","protected":false},"author":2,"featured_media":11043,"comment_status":"open","ping_status":"open","sticky":false,"template":"","format":"standard","meta":{"footnotes":""},"categories":[1],"tags":[],"class_list":["post-11042","post","type-post","status-publish","format-standard","has-post-thumbnail","hentry","category-noticias-financeiras"],"yoast_head":"<!-- This site is optimized with the Yoast SEO plugin v27.4 - https:\/\/yoast.com\/product\/yoast-seo-wordpress\/ -->\n<title>Estado tem um m\u00eas para responder \u00e0s d\u00favidas de Bruxelas sobre a TAP - Favorite News<\/title>\n<meta name=\"robots\" content=\"index, follow, max-snippet:-1, max-image-preview:large, max-video-preview:-1\" \/>\n<link rel=\"canonical\" href=\"https:\/\/favorite-news.com\/pt\/estado-tem-um-mes-para-responder-as-duvidas-de-bruxelas-sobre-a-tap\/\" \/>\n<meta property=\"og:locale\" content=\"pt_PT\" \/>\n<meta property=\"og:type\" content=\"article\" \/>\n<meta property=\"og:title\" content=\"Estado tem um m\u00eas para responder \u00e0s d\u00favidas de Bruxelas sobre a TAP - Favorite News\" \/>\n<meta property=\"og:description\" content=\"aero_icarus \/ Flickr O Estado tem um m\u00eas para responder \u00e0s d\u00favidas da Comiss\u00e3o Europeia sobre a ajuda estatal \u00e0 TAP e o seu plano de reestrutura\u00e7\u00e3o. De acordo com o seman\u00e1rio Expresso, a TAP e o Estado portugu\u00eas v\u00e3o ter de revisitar o plano de reestrutura\u00e7\u00e3o, entregue em Bruxelas em dezembro de 2020, e [&hellip;]\" \/>\n<meta property=\"og:url\" content=\"https:\/\/favorite-news.com\/pt\/estado-tem-um-mes-para-responder-as-duvidas-de-bruxelas-sobre-a-tap\/\" \/>\n<meta property=\"og:site_name\" content=\"Favorite News\" \/>\n<meta property=\"article:published_time\" content=\"2021-08-09T00:09:26+00:00\" \/>\n<meta property=\"article:modified_time\" content=\"2021-08-09T00:09:32+00:00\" \/>\n<meta property=\"og:image\" content=\"https:\/\/favorite-news.com\/pt\/wp-content\/uploads\/sites\/2\/2021\/08\/Estado-tem-um-mes-para-responder-as-duvidas-de-Bruxelas.jpg\" \/>\n\t<meta property=\"og:image:width\" content=\"1024\" \/>\n\t<meta property=\"og:image:height\" content=\"685\" \/>\n\t<meta property=\"og:image:type\" content=\"image\/jpeg\" \/>\n<meta name=\"author\" content=\"favorite-news\" \/>\n<meta name=\"twitter:card\" content=\"summary_large_image\" \/>\n<meta name=\"twitter:label1\" content=\"Escrito por\" \/>\n\t<meta name=\"twitter:data1\" content=\"favorite-news\" \/>\n\t<meta name=\"twitter:label2\" content=\"Tempo estimado de leitura\" \/>\n\t<meta name=\"twitter:data2\" content=\"2 minutos\" \/>\n<script type=\"application\/ld+json\" class=\"yoast-schema-graph\">{\"@context\":\"https:\\\/\\\/schema.org\",\"@graph\":[{\"@type\":\"Article\",\"@id\":\"https:\\\/\\\/favorite-news.com\\\/pt\\\/estado-tem-um-mes-para-responder-as-duvidas-de-bruxelas-sobre-a-tap\\\/#article\",\"isPartOf\":{\"@id\":\"https:\\\/\\\/favorite-news.com\\\/pt\\\/estado-tem-um-mes-para-responder-as-duvidas-de-bruxelas-sobre-a-tap\\\/\"},\"author\":{\"name\":\"favorite-news\",\"@id\":\"https:\\\/\\\/favorite-news.com\\\/pt\\\/#\\\/schema\\\/person\\\/b91573b717dcfa5e4696032a9d28d3e8\"},\"headline\":\"Estado tem um m\u00eas para responder \u00e0s d\u00favidas de Bruxelas sobre a TAP\",\"datePublished\":\"2021-08-09T00:09:26+00:00\",\"dateModified\":\"2021-08-09T00:09:32+00:00\",\"mainEntityOfPage\":{\"@id\":\"https:\\\/\\\/favorite-news.com\\\/pt\\\/estado-tem-um-mes-para-responder-as-duvidas-de-bruxelas-sobre-a-tap\\\/\"},\"wordCount\":320,\"commentCount\":0,\"image\":{\"@id\":\"https:\\\/\\\/favorite-news.com\\\/pt\\\/estado-tem-um-mes-para-responder-as-duvidas-de-bruxelas-sobre-a-tap\\\/#primaryimage\"},\"thumbnailUrl\":\"https:\\\/\\\/favorite-news.com\\\/pt\\\/wp-content\\\/uploads\\\/sites\\\/2\\\/2021\\\/08\\\/Estado-tem-um-mes-para-responder-as-duvidas-de-Bruxelas.jpg\",\"articleSection\":[\"NOT\u00cdCIAS FINANCEIRAS\"],\"inLanguage\":\"pt-PT\",\"potentialAction\":[{\"@type\":\"CommentAction\",\"name\":\"Comment\",\"target\":[\"https:\\\/\\\/favorite-news.com\\\/pt\\\/estado-tem-um-mes-para-responder-as-duvidas-de-bruxelas-sobre-a-tap\\\/#respond\"]}]},{\"@type\":\"WebPage\",\"@id\":\"https:\\\/\\\/favorite-news.com\\\/pt\\\/estado-tem-um-mes-para-responder-as-duvidas-de-bruxelas-sobre-a-tap\\\/\",\"url\":\"https:\\\/\\\/favorite-news.com\\\/pt\\\/estado-tem-um-mes-para-responder-as-duvidas-de-bruxelas-sobre-a-tap\\\/\",\"name\":\"Estado tem um m\u00eas para responder \u00e0s d\u00favidas de Bruxelas sobre a TAP - Favorite News\",\"isPartOf\":{\"@id\":\"https:\\\/\\\/favorite-news.com\\\/pt\\\/#website\"},\"primaryImageOfPage\":{\"@id\":\"https:\\\/\\\/favorite-news.com\\\/pt\\\/estado-tem-um-mes-para-responder-as-duvidas-de-bruxelas-sobre-a-tap\\\/#primaryimage\"},\"image\":{\"@id\":\"https:\\\/\\\/favorite-news.com\\\/pt\\\/estado-tem-um-mes-para-responder-as-duvidas-de-bruxelas-sobre-a-tap\\\/#primaryimage\"},\"thumbnailUrl\":\"https:\\\/\\\/favorite-news.com\\\/pt\\\/wp-content\\\/uploads\\\/sites\\\/2\\\/2021\\\/08\\\/Estado-tem-um-mes-para-responder-as-duvidas-de-Bruxelas.jpg\",\"datePublished\":\"2021-08-09T00:09:26+00:00\",\"dateModified\":\"2021-08-09T00:09:32+00:00\",\"author\":{\"@id\":\"https:\\\/\\\/favorite-news.com\\\/pt\\\/#\\\/schema\\\/person\\\/b91573b717dcfa5e4696032a9d28d3e8\"},\"breadcrumb\":{\"@id\":\"https:\\\/\\\/favorite-news.com\\\/pt\\\/estado-tem-um-mes-para-responder-as-duvidas-de-bruxelas-sobre-a-tap\\\/#breadcrumb\"},\"inLanguage\":\"pt-PT\",\"potentialAction\":[{\"@type\":\"ReadAction\",\"target\":[\"https:\\\/\\\/favorite-news.com\\\/pt\\\/estado-tem-um-mes-para-responder-as-duvidas-de-bruxelas-sobre-a-tap\\\/\"]}]},{\"@type\":\"ImageObject\",\"inLanguage\":\"pt-PT\",\"@id\":\"https:\\\/\\\/favorite-news.com\\\/pt\\\/estado-tem-um-mes-para-responder-as-duvidas-de-bruxelas-sobre-a-tap\\\/#primaryimage\",\"url\":\"https:\\\/\\\/favorite-news.com\\\/pt\\\/wp-content\\\/uploads\\\/sites\\\/2\\\/2021\\\/08\\\/Estado-tem-um-mes-para-responder-as-duvidas-de-Bruxelas.jpg\",\"contentUrl\":\"https:\\\/\\\/favorite-news.com\\\/pt\\\/wp-content\\\/uploads\\\/sites\\\/2\\\/2021\\\/08\\\/Estado-tem-um-mes-para-responder-as-duvidas-de-Bruxelas.jpg\",\"width\":1024,\"height\":685,\"caption\":\"Estado tem um m\u00eas para responder \u00e0s d\u00favidas de Bruxelas sobre a TAP\"},{\"@type\":\"BreadcrumbList\",\"@id\":\"https:\\\/\\\/favorite-news.com\\\/pt\\\/estado-tem-um-mes-para-responder-as-duvidas-de-bruxelas-sobre-a-tap\\\/#breadcrumb\",\"itemListElement\":[{\"@type\":\"ListItem\",\"position\":1,\"name\":\"Home\",\"item\":\"https:\\\/\\\/favorite-news.com\\\/pt\\\/\"},{\"@type\":\"ListItem\",\"position\":2,\"name\":\"Estado tem um m\u00eas para responder \u00e0s d\u00favidas de Bruxelas sobre a TAP\"}]},{\"@type\":\"WebSite\",\"@id\":\"https:\\\/\\\/favorite-news.com\\\/pt\\\/#website\",\"url\":\"https:\\\/\\\/favorite-news.com\\\/pt\\\/\",\"name\":\"Favorite News\",\"description\":\"Favorite News Portugal\",\"potentialAction\":[{\"@type\":\"SearchAction\",\"target\":{\"@type\":\"EntryPoint\",\"urlTemplate\":\"https:\\\/\\\/favorite-news.com\\\/pt\\\/?s={search_term_string}\"},\"query-input\":{\"@type\":\"PropertyValueSpecification\",\"valueRequired\":true,\"valueName\":\"search_term_string\"}}],\"inLanguage\":\"pt-PT\"},{\"@type\":\"Person\",\"@id\":\"https:\\\/\\\/favorite-news.com\\\/pt\\\/#\\\/schema\\\/person\\\/b91573b717dcfa5e4696032a9d28d3e8\",\"name\":\"favorite-news\",\"image\":{\"@type\":\"ImageObject\",\"inLanguage\":\"pt-PT\",\"@id\":\"https:\\\/\\\/secure.gravatar.com\\\/avatar\\\/6c5a5cb12b74e9d517ee91cf570335b7d16177f1977cc91db161adfa435945a7?s=96&d=mm&r=g\",\"url\":\"https:\\\/\\\/secure.gravatar.com\\\/avatar\\\/6c5a5cb12b74e9d517ee91cf570335b7d16177f1977cc91db161adfa435945a7?s=96&d=mm&r=g\",\"contentUrl\":\"https:\\\/\\\/secure.gravatar.com\\\/avatar\\\/6c5a5cb12b74e9d517ee91cf570335b7d16177f1977cc91db161adfa435945a7?s=96&d=mm&r=g\",\"caption\":\"favorite-news\"},\"url\":\"https:\\\/\\\/favorite-news.com\\\/pt\\\/author\\\/pt\\\/\"}]}<\/script>\n<!-- \/ Yoast SEO plugin. -->","yoast_head_json":{"title":"Estado tem um m\u00eas para responder \u00e0s d\u00favidas de Bruxelas sobre a TAP - Favorite News","robots":{"index":"index","follow":"follow","max-snippet":"max-snippet:-1","max-image-preview":"max-image-preview:large","max-video-preview":"max-video-preview:-1"},"canonical":"https:\/\/favorite-news.com\/pt\/estado-tem-um-mes-para-responder-as-duvidas-de-bruxelas-sobre-a-tap\/","og_locale":"pt_PT","og_type":"article","og_title":"Estado tem um m\u00eas para responder \u00e0s d\u00favidas de Bruxelas sobre a TAP - Favorite News","og_description":"aero_icarus \/ Flickr O Estado tem um m\u00eas para responder \u00e0s d\u00favidas da Comiss\u00e3o Europeia sobre a ajuda estatal \u00e0 TAP e o seu plano de reestrutura\u00e7\u00e3o. De acordo com o seman\u00e1rio Expresso, a TAP e o Estado portugu\u00eas v\u00e3o ter de revisitar o plano de reestrutura\u00e7\u00e3o, entregue em Bruxelas em dezembro de 2020, e [&hellip;]","og_url":"https:\/\/favorite-news.com\/pt\/estado-tem-um-mes-para-responder-as-duvidas-de-bruxelas-sobre-a-tap\/","og_site_name":"Favorite News","article_published_time":"2021-08-09T00:09:26+00:00","article_modified_time":"2021-08-09T00:09:32+00:00","og_image":[{"width":1024,"height":685,"url":"https:\/\/favorite-news.com\/pt\/wp-content\/uploads\/sites\/2\/2021\/08\/Estado-tem-um-mes-para-responder-as-duvidas-de-Bruxelas.jpg","type":"image\/jpeg"}],"author":"favorite-news","twitter_card":"summary_large_image","twitter_misc":{"Escrito por":"favorite-news","Tempo estimado de leitura":"2 minutos"},"schema":{"@context":"https:\/\/schema.org","@graph":[{"@type":"Article","@id":"https:\/\/favorite-news.com\/pt\/estado-tem-um-mes-para-responder-as-duvidas-de-bruxelas-sobre-a-tap\/#article","isPartOf":{"@id":"https:\/\/favorite-news.com\/pt\/estado-tem-um-mes-para-responder-as-duvidas-de-bruxelas-sobre-a-tap\/"},"author":{"name":"favorite-news","@id":"https:\/\/favorite-news.com\/pt\/#\/schema\/person\/b91573b717dcfa5e4696032a9d28d3e8"},"headline":"Estado tem um m\u00eas para responder \u00e0s d\u00favidas de Bruxelas sobre a TAP","datePublished":"2021-08-09T00:09:26+00:00","dateModified":"2021-08-09T00:09:32+00:00","mainEntityOfPage":{"@id":"https:\/\/favorite-news.com\/pt\/estado-tem-um-mes-para-responder-as-duvidas-de-bruxelas-sobre-a-tap\/"},"wordCount":320,"commentCount":0,"image":{"@id":"https:\/\/favorite-news.com\/pt\/estado-tem-um-mes-para-responder-as-duvidas-de-bruxelas-sobre-a-tap\/#primaryimage"},"thumbnailUrl":"https:\/\/favorite-news.com\/pt\/wp-content\/uploads\/sites\/2\/2021\/08\/Estado-tem-um-mes-para-responder-as-duvidas-de-Bruxelas.jpg","articleSection":["NOT\u00cdCIAS FINANCEIRAS"],"inLanguage":"pt-PT","potentialAction":[{"@type":"CommentAction","name":"Comment","target":["https:\/\/favorite-news.com\/pt\/estado-tem-um-mes-para-responder-as-duvidas-de-bruxelas-sobre-a-tap\/#respond"]}]},{"@type":"WebPage","@id":"https:\/\/favorite-news.com\/pt\/estado-tem-um-mes-para-responder-as-duvidas-de-bruxelas-sobre-a-tap\/","url":"https:\/\/favorite-news.com\/pt\/estado-tem-um-mes-para-responder-as-duvidas-de-bruxelas-sobre-a-tap\/","name":"Estado tem um m\u00eas para responder \u00e0s d\u00favidas de Bruxelas sobre a TAP - Favorite News","isPartOf":{"@id":"https:\/\/favorite-news.com\/pt\/#website"},"primaryImageOfPage":{"@id":"https:\/\/favorite-news.com\/pt\/estado-tem-um-mes-para-responder-as-duvidas-de-bruxelas-sobre-a-tap\/#primaryimage"},"image":{"@id":"https:\/\/favorite-news.com\/pt\/estado-tem-um-mes-para-responder-as-duvidas-de-bruxelas-sobre-a-tap\/#primaryimage"},"thumbnailUrl":"https:\/\/favorite-news.com\/pt\/wp-content\/uploads\/sites\/2\/2021\/08\/Estado-tem-um-mes-para-responder-as-duvidas-de-Bruxelas.jpg","datePublished":"2021-08-09T00:09:26+00:00","dateModified":"2021-08-09T00:09:32+00:00","author":{"@id":"https:\/\/favorite-news.com\/pt\/#\/schema\/person\/b91573b717dcfa5e4696032a9d28d3e8"},"breadcrumb":{"@id":"https:\/\/favorite-news.com\/pt\/estado-tem-um-mes-para-responder-as-duvidas-de-bruxelas-sobre-a-tap\/#breadcrumb"},"inLanguage":"pt-PT","potentialAction":[{"@type":"ReadAction","target":["https:\/\/favorite-news.com\/pt\/estado-tem-um-mes-para-responder-as-duvidas-de-bruxelas-sobre-a-tap\/"]}]},{"@type":"ImageObject","inLanguage":"pt-PT","@id":"https:\/\/favorite-news.com\/pt\/estado-tem-um-mes-para-responder-as-duvidas-de-bruxelas-sobre-a-tap\/#primaryimage","url":"https:\/\/favorite-news.com\/pt\/wp-content\/uploads\/sites\/2\/2021\/08\/Estado-tem-um-mes-para-responder-as-duvidas-de-Bruxelas.jpg","contentUrl":"https:\/\/favorite-news.com\/pt\/wp-content\/uploads\/sites\/2\/2021\/08\/Estado-tem-um-mes-para-responder-as-duvidas-de-Bruxelas.jpg","width":1024,"height":685,"caption":"Estado tem um m\u00eas para responder \u00e0s d\u00favidas de Bruxelas sobre a TAP"},{"@type":"BreadcrumbList","@id":"https:\/\/favorite-news.com\/pt\/estado-tem-um-mes-para-responder-as-duvidas-de-bruxelas-sobre-a-tap\/#breadcrumb","itemListElement":[{"@type":"ListItem","position":1,"name":"Home","item":"https:\/\/favorite-news.com\/pt\/"},{"@type":"ListItem","position":2,"name":"Estado tem um m\u00eas para responder \u00e0s d\u00favidas de Bruxelas sobre a TAP"}]},{"@type":"WebSite","@id":"https:\/\/favorite-news.com\/pt\/#website","url":"https:\/\/favorite-news.com\/pt\/","name":"Favorite News","description":"Favorite News Portugal","potentialAction":[{"@type":"SearchAction","target":{"@type":"EntryPoint","urlTemplate":"https:\/\/favorite-news.com\/pt\/?s={search_term_string}"},"query-input":{"@type":"PropertyValueSpecification","valueRequired":true,"valueName":"search_term_string"}}],"inLanguage":"pt-PT"},{"@type":"Person","@id":"https:\/\/favorite-news.com\/pt\/#\/schema\/person\/b91573b717dcfa5e4696032a9d28d3e8","name":"favorite-news","image":{"@type":"ImageObject","inLanguage":"pt-PT","@id":"https:\/\/secure.gravatar.com\/avatar\/6c5a5cb12b74e9d517ee91cf570335b7d16177f1977cc91db161adfa435945a7?s=96&d=mm&r=g","url":"https:\/\/secure.gravatar.com\/avatar\/6c5a5cb12b74e9d517ee91cf570335b7d16177f1977cc91db161adfa435945a7?s=96&d=mm&r=g","contentUrl":"https:\/\/secure.gravatar.com\/avatar\/6c5a5cb12b74e9d517ee91cf570335b7d16177f1977cc91db161adfa435945a7?s=96&d=mm&r=g","caption":"favorite-news"},"url":"https:\/\/favorite-news.com\/pt\/author\/pt\/"}]}},"_links":{"self":[{"href":"https:\/\/favorite-news.com\/pt\/wp-json\/wp\/v2\/posts\/11042","targetHints":{"allow":["GET"]}}],"collection":[{"href":"https:\/\/favorite-news.com\/pt\/wp-json\/wp\/v2\/posts"}],"about":[{"href":"https:\/\/favorite-news.com\/pt\/wp-json\/wp\/v2\/types\/post"}],"author":[{"embeddable":true,"href":"https:\/\/favorite-news.com\/pt\/wp-json\/wp\/v2\/users\/2"}],"replies":[{"embeddable":true,"href":"https:\/\/favorite-news.com\/pt\/wp-json\/wp\/v2\/comments?post=11042"}],"version-history":[{"count":1,"href":"https:\/\/favorite-news.com\/pt\/wp-json\/wp\/v2\/posts\/11042\/revisions"}],"predecessor-version":[{"id":11044,"href":"https:\/\/favorite-news.com\/pt\/wp-json\/wp\/v2\/posts\/11042\/revisions\/11044"}],"wp:featuredmedia":[{"embeddable":true,"href":"https:\/\/favorite-news.com\/pt\/wp-json\/wp\/v2\/media\/11043"}],"wp:attachment":[{"href":"https:\/\/favorite-news.com\/pt\/wp-json\/wp\/v2\/media?parent=11042"}],"wp:term":[{"taxonomy":"category","embeddable":true,"href":"https:\/\/favorite-news.com\/pt\/wp-json\/wp\/v2\/categories?post=11042"},{"taxonomy":"post_tag","embeddable":true,"href":"https:\/\/favorite-news.com\/pt\/wp-json\/wp\/v2\/tags?post=11042"}],"curies":[{"name":"wp","href":"https:\/\/api.w.org\/{rel}","templated":true}]}}