{"id":11032,"date":"2021-08-08T02:52:09","date_gmt":"2021-08-07T23:52:09","guid":{"rendered":"https:\/\/favorite-news.com\/pt\/agora-a-retoma-em-k-e-o-problema-da-economia-portuguesa-zap\/"},"modified":"2021-08-08T02:52:11","modified_gmt":"2021-08-07T23:52:11","slug":"agora-a-retoma-em-k-e-o-problema-da-economia-portuguesa-zap","status":"publish","type":"post","link":"https:\/\/favorite-news.com\/pt\/agora-a-retoma-em-k-e-o-problema-da-economia-portuguesa-zap\/","title":{"rendered":"Agora, a retoma em &#8220;K&#8221; \u00e9 o problema da economia portuguesa &#8211; ZAP"},"content":{"rendered":"<p>Patr\u00edcia de Melo Moreira \/ AFP<br \/>\nO regresso aos n\u00edveis pr\u00e9-pandemia \u00e9 feito a ritmos muito diferentes, dependendo do setor. Esta retoma em \u201cK\u201d \u00e9 um problema para a ado\u00e7\u00e3o das pol\u00edticas p\u00fablicas de apoio \u00e0 economia.<\/p>\n<p>A retoma r\u00e1pida em \u201cV\u201d foi descartada h\u00e1 muito tempo. A amea\u00e7a de uma estagna\u00e7\u00e3o prolongada, com uma evolu\u00e7\u00e3o em \u201cL\u201d, tamb\u00e9m parece ter sido evitada. A recupera\u00e7\u00e3o em \u201cW\u201d, com altos e baixos ao ritmo dos casos de covid-19, mostrou que a recupera\u00e7\u00e3o da economia vai ser muito diferente de setor para setor.<br \/>\nO P\u00fablico detalha, na sua edi\u00e7\u00e3o deste s\u00e1bado, que o cen\u00e1rio mais prov\u00e1vel \u00e9 o de uma retoma em \u201cK\u201d, em que, dentro da mesma economia, existem \u00e1reas que regressam rapidamente aos n\u00edveis anteriores \u00e0 crise e \u00e1reas que continuam, por um per\u00edodo prolongado do tempo, a apresentar resultados negativos.<br \/>\nEsta semana, o ministro da Economia explicou isso mesmo: Portugal est\u00e1 a verificar uma \u201crecupera\u00e7\u00e3o da economia em \u2018K&#8217;\u201d, disse, explicando que \u201calguns setores atravessaram muito bem a pandemia, como a constru\u00e7\u00e3o civil e a ind\u00fastria transformadora, e este ano j\u00e1 est\u00e3o a ter n\u00edveis de atividade muito pr\u00f3ximos dos que tinham antes\u201d.<\/p>\n<p>Ao mesmo tempo, continuou Pedro Siza Vieira, h\u00e1 uma outra vertente problem\u00e1tica da recupera\u00e7\u00e3o, ligada aos segmentos da economia \u201conde o impacto foi mais violento\u201d, incluindo neste leque o setor do turismo.<br \/>\nOs n\u00fameros mais recentes do Instituto Nacional de Estat\u00edstica (INE), referentes maioritariamente ao m\u00eas de junho, mostram que o setor da constru\u00e7\u00e3o apresenta um n\u00edvel de produ\u00e7\u00e3o atual 10% acima do de h\u00e1 dois anos, n\u00e3o tendo registado quedas mesmo no auge da crise.<br \/>\nJ\u00e1 o volume de neg\u00f3cios na ind\u00fastria est\u00e1 ainda 5,9% abaixo do n\u00edvel de 2019 e os servi\u00e7os surgem com menos 11,3% de volume de neg\u00f3cios.<br \/>\nH\u00e1 tamb\u00e9m setores com volumes de neg\u00f3cios consideravelmente mais altos: insere-se neste grupo \u2013 e sem surpresa \u2013 o fabrico de produtos farmac\u00eauticos, que apresentou em junho um volume de neg\u00f3cios 23,4% mais alto do que o registado em igual m\u00eas de 2019.<br \/>\nAs ind\u00fastrias de madeira, corti\u00e7a e de equipamentos el\u00e9tricos tamb\u00e9m registam taxas de crescimento positivas relevantes. J\u00e1 os setores das ind\u00fastrias alimentares ou metal\u00fargicas encontram-se, aproximadamente, ao mesmo n\u00edvel registado em 2019.<br \/>\n Ag\u00eancias de viagens e operadores tur\u00edsticos, alojamentos e transportes a\u00e9reos s\u00e3o os servi\u00e7os cujo volume de neg\u00f3cios \u00e9 ainda 50% mais baixo do que h\u00e1 dois anos. Muito longe de uma retoma est\u00e1 o setor da restaura\u00e7\u00e3o, com uma perda de 44,2%, revela o di\u00e1rio.<br \/>\nPela positiva, ainda no setor dos servi\u00e7os, destacam-se as atividades imobili\u00e1rias, com um crescimento de 23,7% face a 2019, a consultoria e programa\u00e7\u00e3o inform\u00e1tica, a planta\u00e7\u00e3o e manuten\u00e7\u00e3o de jardins, a investiga\u00e7\u00e3o cient\u00edfica, as telecomunica\u00e7\u00f5es e as atividades postais.<br \/>\nEstes ritmos distintos fazem com que seja um desafio de definir pol\u00edticas econ\u00f3micas.<br \/>\nSe, em anteriores crises, as medidas de apoio poderiam ser adotadas de forma homog\u00e9nea (uma vez que todos estavam a atravessar o mesmo tipo de dificuldades), atuar agora da mesma forma poderia significar uma ajuda desigual e injusta: apoiando-se muito setores que n\u00e3o precisam e pouco setores que continuam a necessitar de muita ajuda.<br \/>\n ZAP \/\/ <\/p>\n<p>\n<!--noindex--><br \/>\n<a href=\"https:\/\/zap.aeiou.pt\/retoma-em-k-e-o-problema-economia-423280\" rel=\"nofollow\">Source link <\/a><br \/>\n<!--\/noindex--><\/p>\n","protected":false},"excerpt":{"rendered":"<p>Patr\u00edcia de Melo Moreira \/ AFP O regresso aos n\u00edveis pr\u00e9-pandemia \u00e9 feito a ritmos muito diferentes, dependendo do setor. Esta retoma em \u201cK\u201d \u00e9 um problema para a ado\u00e7\u00e3o das pol\u00edticas p\u00fablicas de apoio \u00e0 economia. A retoma r\u00e1pida em \u201cV\u201d foi descartada h\u00e1 muito tempo. A amea\u00e7a de uma estagna\u00e7\u00e3o prolongada, com uma [&hellip;]<\/p>\n","protected":false},"author":2,"featured_media":10752,"comment_status":"open","ping_status":"open","sticky":false,"template":"","format":"standard","meta":{"footnotes":""},"categories":[1],"tags":[],"class_list":["post-11032","post","type-post","status-publish","format-standard","has-post-thumbnail","hentry","category-noticias-financeiras"],"yoast_head":"<!-- This site is optimized with the Yoast SEO plugin v27.4 - https:\/\/yoast.com\/product\/yoast-seo-wordpress\/ -->\n<title>Agora, a retoma em &quot;K&quot; \u00e9 o problema da economia portuguesa - ZAP - Favorite News<\/title>\n<meta name=\"robots\" content=\"index, follow, max-snippet:-1, max-image-preview:large, max-video-preview:-1\" \/>\n<link rel=\"canonical\" href=\"https:\/\/favorite-news.com\/pt\/agora-a-retoma-em-k-e-o-problema-da-economia-portuguesa-zap\/\" \/>\n<meta property=\"og:locale\" content=\"pt_PT\" \/>\n<meta property=\"og:type\" content=\"article\" \/>\n<meta property=\"og:title\" content=\"Agora, a retoma em &quot;K&quot; \u00e9 o problema da economia portuguesa - ZAP - Favorite News\" \/>\n<meta property=\"og:description\" content=\"Patr\u00edcia de Melo Moreira \/ AFP O regresso aos n\u00edveis pr\u00e9-pandemia \u00e9 feito a ritmos muito diferentes, dependendo do setor. Esta retoma em \u201cK\u201d \u00e9 um problema para a ado\u00e7\u00e3o das pol\u00edticas p\u00fablicas de apoio \u00e0 economia. A retoma r\u00e1pida em \u201cV\u201d foi descartada h\u00e1 muito tempo. A amea\u00e7a de uma estagna\u00e7\u00e3o prolongada, com uma [&hellip;]\" \/>\n<meta property=\"og:url\" content=\"https:\/\/favorite-news.com\/pt\/agora-a-retoma-em-k-e-o-problema-da-economia-portuguesa-zap\/\" \/>\n<meta property=\"og:site_name\" content=\"Favorite News\" \/>\n<meta property=\"article:published_time\" content=\"2021-08-07T23:52:09+00:00\" \/>\n<meta property=\"article:modified_time\" content=\"2021-08-07T23:52:11+00:00\" \/>\n<meta property=\"og:image\" content=\"https:\/\/favorite-news.com\/pt\/wp-content\/uploads\/sites\/2\/2021\/07\/Restauracao-e-alojamento-querem-novas-medidas-ZAP.jpg\" \/>\n\t<meta property=\"og:image:width\" content=\"1200\" \/>\n\t<meta property=\"og:image:height\" content=\"800\" \/>\n\t<meta property=\"og:image:type\" content=\"image\/jpeg\" \/>\n<meta name=\"author\" content=\"favorite-news\" \/>\n<meta name=\"twitter:card\" content=\"summary_large_image\" \/>\n<meta name=\"twitter:label1\" content=\"Escrito por\" \/>\n\t<meta name=\"twitter:data1\" content=\"favorite-news\" \/>\n\t<meta name=\"twitter:label2\" content=\"Tempo estimado de leitura\" \/>\n\t<meta name=\"twitter:data2\" content=\"3 minutos\" \/>\n<script type=\"application\/ld+json\" class=\"yoast-schema-graph\">{\"@context\":\"https:\\\/\\\/schema.org\",\"@graph\":[{\"@type\":\"Article\",\"@id\":\"https:\\\/\\\/favorite-news.com\\\/pt\\\/agora-a-retoma-em-k-e-o-problema-da-economia-portuguesa-zap\\\/#article\",\"isPartOf\":{\"@id\":\"https:\\\/\\\/favorite-news.com\\\/pt\\\/agora-a-retoma-em-k-e-o-problema-da-economia-portuguesa-zap\\\/\"},\"author\":{\"name\":\"favorite-news\",\"@id\":\"https:\\\/\\\/favorite-news.com\\\/pt\\\/#\\\/schema\\\/person\\\/b91573b717dcfa5e4696032a9d28d3e8\"},\"headline\":\"Agora, a retoma em &#8220;K&#8221; \u00e9 o problema da economia portuguesa &#8211; ZAP\",\"datePublished\":\"2021-08-07T23:52:09+00:00\",\"dateModified\":\"2021-08-07T23:52:11+00:00\",\"mainEntityOfPage\":{\"@id\":\"https:\\\/\\\/favorite-news.com\\\/pt\\\/agora-a-retoma-em-k-e-o-problema-da-economia-portuguesa-zap\\\/\"},\"wordCount\":590,\"commentCount\":0,\"image\":{\"@id\":\"https:\\\/\\\/favorite-news.com\\\/pt\\\/agora-a-retoma-em-k-e-o-problema-da-economia-portuguesa-zap\\\/#primaryimage\"},\"thumbnailUrl\":\"https:\\\/\\\/favorite-news.com\\\/pt\\\/wp-content\\\/uploads\\\/sites\\\/2\\\/2021\\\/07\\\/Restauracao-e-alojamento-querem-novas-medidas-ZAP.jpg\",\"articleSection\":[\"NOT\u00cdCIAS FINANCEIRAS\"],\"inLanguage\":\"pt-PT\",\"potentialAction\":[{\"@type\":\"CommentAction\",\"name\":\"Comment\",\"target\":[\"https:\\\/\\\/favorite-news.com\\\/pt\\\/agora-a-retoma-em-k-e-o-problema-da-economia-portuguesa-zap\\\/#respond\"]}]},{\"@type\":\"WebPage\",\"@id\":\"https:\\\/\\\/favorite-news.com\\\/pt\\\/agora-a-retoma-em-k-e-o-problema-da-economia-portuguesa-zap\\\/\",\"url\":\"https:\\\/\\\/favorite-news.com\\\/pt\\\/agora-a-retoma-em-k-e-o-problema-da-economia-portuguesa-zap\\\/\",\"name\":\"Agora, a retoma em \\\"K\\\" \u00e9 o problema da economia portuguesa - ZAP - Favorite News\",\"isPartOf\":{\"@id\":\"https:\\\/\\\/favorite-news.com\\\/pt\\\/#website\"},\"primaryImageOfPage\":{\"@id\":\"https:\\\/\\\/favorite-news.com\\\/pt\\\/agora-a-retoma-em-k-e-o-problema-da-economia-portuguesa-zap\\\/#primaryimage\"},\"image\":{\"@id\":\"https:\\\/\\\/favorite-news.com\\\/pt\\\/agora-a-retoma-em-k-e-o-problema-da-economia-portuguesa-zap\\\/#primaryimage\"},\"thumbnailUrl\":\"https:\\\/\\\/favorite-news.com\\\/pt\\\/wp-content\\\/uploads\\\/sites\\\/2\\\/2021\\\/07\\\/Restauracao-e-alojamento-querem-novas-medidas-ZAP.jpg\",\"datePublished\":\"2021-08-07T23:52:09+00:00\",\"dateModified\":\"2021-08-07T23:52:11+00:00\",\"author\":{\"@id\":\"https:\\\/\\\/favorite-news.com\\\/pt\\\/#\\\/schema\\\/person\\\/b91573b717dcfa5e4696032a9d28d3e8\"},\"breadcrumb\":{\"@id\":\"https:\\\/\\\/favorite-news.com\\\/pt\\\/agora-a-retoma-em-k-e-o-problema-da-economia-portuguesa-zap\\\/#breadcrumb\"},\"inLanguage\":\"pt-PT\",\"potentialAction\":[{\"@type\":\"ReadAction\",\"target\":[\"https:\\\/\\\/favorite-news.com\\\/pt\\\/agora-a-retoma-em-k-e-o-problema-da-economia-portuguesa-zap\\\/\"]}]},{\"@type\":\"ImageObject\",\"inLanguage\":\"pt-PT\",\"@id\":\"https:\\\/\\\/favorite-news.com\\\/pt\\\/agora-a-retoma-em-k-e-o-problema-da-economia-portuguesa-zap\\\/#primaryimage\",\"url\":\"https:\\\/\\\/favorite-news.com\\\/pt\\\/wp-content\\\/uploads\\\/sites\\\/2\\\/2021\\\/07\\\/Restauracao-e-alojamento-querem-novas-medidas-ZAP.jpg\",\"contentUrl\":\"https:\\\/\\\/favorite-news.com\\\/pt\\\/wp-content\\\/uploads\\\/sites\\\/2\\\/2021\\\/07\\\/Restauracao-e-alojamento-querem-novas-medidas-ZAP.jpg\",\"width\":1200,\"height\":800,\"caption\":\"Restaura\u00e7\u00e3o e alojamento querem novas medidas - ZAP\"},{\"@type\":\"BreadcrumbList\",\"@id\":\"https:\\\/\\\/favorite-news.com\\\/pt\\\/agora-a-retoma-em-k-e-o-problema-da-economia-portuguesa-zap\\\/#breadcrumb\",\"itemListElement\":[{\"@type\":\"ListItem\",\"position\":1,\"name\":\"Home\",\"item\":\"https:\\\/\\\/favorite-news.com\\\/pt\\\/\"},{\"@type\":\"ListItem\",\"position\":2,\"name\":\"Agora, a retoma em &#8220;K&#8221; \u00e9 o problema da economia portuguesa &#8211; ZAP\"}]},{\"@type\":\"WebSite\",\"@id\":\"https:\\\/\\\/favorite-news.com\\\/pt\\\/#website\",\"url\":\"https:\\\/\\\/favorite-news.com\\\/pt\\\/\",\"name\":\"Favorite News\",\"description\":\"Favorite News Portugal\",\"potentialAction\":[{\"@type\":\"SearchAction\",\"target\":{\"@type\":\"EntryPoint\",\"urlTemplate\":\"https:\\\/\\\/favorite-news.com\\\/pt\\\/?s={search_term_string}\"},\"query-input\":{\"@type\":\"PropertyValueSpecification\",\"valueRequired\":true,\"valueName\":\"search_term_string\"}}],\"inLanguage\":\"pt-PT\"},{\"@type\":\"Person\",\"@id\":\"https:\\\/\\\/favorite-news.com\\\/pt\\\/#\\\/schema\\\/person\\\/b91573b717dcfa5e4696032a9d28d3e8\",\"name\":\"favorite-news\",\"image\":{\"@type\":\"ImageObject\",\"inLanguage\":\"pt-PT\",\"@id\":\"https:\\\/\\\/secure.gravatar.com\\\/avatar\\\/6c5a5cb12b74e9d517ee91cf570335b7d16177f1977cc91db161adfa435945a7?s=96&d=mm&r=g\",\"url\":\"https:\\\/\\\/secure.gravatar.com\\\/avatar\\\/6c5a5cb12b74e9d517ee91cf570335b7d16177f1977cc91db161adfa435945a7?s=96&d=mm&r=g\",\"contentUrl\":\"https:\\\/\\\/secure.gravatar.com\\\/avatar\\\/6c5a5cb12b74e9d517ee91cf570335b7d16177f1977cc91db161adfa435945a7?s=96&d=mm&r=g\",\"caption\":\"favorite-news\"},\"url\":\"https:\\\/\\\/favorite-news.com\\\/pt\\\/author\\\/pt\\\/\"}]}<\/script>\n<!-- \/ Yoast SEO plugin. -->","yoast_head_json":{"title":"Agora, a retoma em \"K\" \u00e9 o problema da economia portuguesa - ZAP - Favorite News","robots":{"index":"index","follow":"follow","max-snippet":"max-snippet:-1","max-image-preview":"max-image-preview:large","max-video-preview":"max-video-preview:-1"},"canonical":"https:\/\/favorite-news.com\/pt\/agora-a-retoma-em-k-e-o-problema-da-economia-portuguesa-zap\/","og_locale":"pt_PT","og_type":"article","og_title":"Agora, a retoma em \"K\" \u00e9 o problema da economia portuguesa - ZAP - Favorite News","og_description":"Patr\u00edcia de Melo Moreira \/ AFP O regresso aos n\u00edveis pr\u00e9-pandemia \u00e9 feito a ritmos muito diferentes, dependendo do setor. Esta retoma em \u201cK\u201d \u00e9 um problema para a ado\u00e7\u00e3o das pol\u00edticas p\u00fablicas de apoio \u00e0 economia. A retoma r\u00e1pida em \u201cV\u201d foi descartada h\u00e1 muito tempo. A amea\u00e7a de uma estagna\u00e7\u00e3o prolongada, com uma [&hellip;]","og_url":"https:\/\/favorite-news.com\/pt\/agora-a-retoma-em-k-e-o-problema-da-economia-portuguesa-zap\/","og_site_name":"Favorite News","article_published_time":"2021-08-07T23:52:09+00:00","article_modified_time":"2021-08-07T23:52:11+00:00","og_image":[{"width":1200,"height":800,"url":"https:\/\/favorite-news.com\/pt\/wp-content\/uploads\/sites\/2\/2021\/07\/Restauracao-e-alojamento-querem-novas-medidas-ZAP.jpg","type":"image\/jpeg"}],"author":"favorite-news","twitter_card":"summary_large_image","twitter_misc":{"Escrito por":"favorite-news","Tempo estimado de leitura":"3 minutos"},"schema":{"@context":"https:\/\/schema.org","@graph":[{"@type":"Article","@id":"https:\/\/favorite-news.com\/pt\/agora-a-retoma-em-k-e-o-problema-da-economia-portuguesa-zap\/#article","isPartOf":{"@id":"https:\/\/favorite-news.com\/pt\/agora-a-retoma-em-k-e-o-problema-da-economia-portuguesa-zap\/"},"author":{"name":"favorite-news","@id":"https:\/\/favorite-news.com\/pt\/#\/schema\/person\/b91573b717dcfa5e4696032a9d28d3e8"},"headline":"Agora, a retoma em &#8220;K&#8221; \u00e9 o problema da economia portuguesa &#8211; ZAP","datePublished":"2021-08-07T23:52:09+00:00","dateModified":"2021-08-07T23:52:11+00:00","mainEntityOfPage":{"@id":"https:\/\/favorite-news.com\/pt\/agora-a-retoma-em-k-e-o-problema-da-economia-portuguesa-zap\/"},"wordCount":590,"commentCount":0,"image":{"@id":"https:\/\/favorite-news.com\/pt\/agora-a-retoma-em-k-e-o-problema-da-economia-portuguesa-zap\/#primaryimage"},"thumbnailUrl":"https:\/\/favorite-news.com\/pt\/wp-content\/uploads\/sites\/2\/2021\/07\/Restauracao-e-alojamento-querem-novas-medidas-ZAP.jpg","articleSection":["NOT\u00cdCIAS FINANCEIRAS"],"inLanguage":"pt-PT","potentialAction":[{"@type":"CommentAction","name":"Comment","target":["https:\/\/favorite-news.com\/pt\/agora-a-retoma-em-k-e-o-problema-da-economia-portuguesa-zap\/#respond"]}]},{"@type":"WebPage","@id":"https:\/\/favorite-news.com\/pt\/agora-a-retoma-em-k-e-o-problema-da-economia-portuguesa-zap\/","url":"https:\/\/favorite-news.com\/pt\/agora-a-retoma-em-k-e-o-problema-da-economia-portuguesa-zap\/","name":"Agora, a retoma em \"K\" \u00e9 o problema da economia portuguesa - ZAP - Favorite News","isPartOf":{"@id":"https:\/\/favorite-news.com\/pt\/#website"},"primaryImageOfPage":{"@id":"https:\/\/favorite-news.com\/pt\/agora-a-retoma-em-k-e-o-problema-da-economia-portuguesa-zap\/#primaryimage"},"image":{"@id":"https:\/\/favorite-news.com\/pt\/agora-a-retoma-em-k-e-o-problema-da-economia-portuguesa-zap\/#primaryimage"},"thumbnailUrl":"https:\/\/favorite-news.com\/pt\/wp-content\/uploads\/sites\/2\/2021\/07\/Restauracao-e-alojamento-querem-novas-medidas-ZAP.jpg","datePublished":"2021-08-07T23:52:09+00:00","dateModified":"2021-08-07T23:52:11+00:00","author":{"@id":"https:\/\/favorite-news.com\/pt\/#\/schema\/person\/b91573b717dcfa5e4696032a9d28d3e8"},"breadcrumb":{"@id":"https:\/\/favorite-news.com\/pt\/agora-a-retoma-em-k-e-o-problema-da-economia-portuguesa-zap\/#breadcrumb"},"inLanguage":"pt-PT","potentialAction":[{"@type":"ReadAction","target":["https:\/\/favorite-news.com\/pt\/agora-a-retoma-em-k-e-o-problema-da-economia-portuguesa-zap\/"]}]},{"@type":"ImageObject","inLanguage":"pt-PT","@id":"https:\/\/favorite-news.com\/pt\/agora-a-retoma-em-k-e-o-problema-da-economia-portuguesa-zap\/#primaryimage","url":"https:\/\/favorite-news.com\/pt\/wp-content\/uploads\/sites\/2\/2021\/07\/Restauracao-e-alojamento-querem-novas-medidas-ZAP.jpg","contentUrl":"https:\/\/favorite-news.com\/pt\/wp-content\/uploads\/sites\/2\/2021\/07\/Restauracao-e-alojamento-querem-novas-medidas-ZAP.jpg","width":1200,"height":800,"caption":"Restaura\u00e7\u00e3o e alojamento querem novas medidas - ZAP"},{"@type":"BreadcrumbList","@id":"https:\/\/favorite-news.com\/pt\/agora-a-retoma-em-k-e-o-problema-da-economia-portuguesa-zap\/#breadcrumb","itemListElement":[{"@type":"ListItem","position":1,"name":"Home","item":"https:\/\/favorite-news.com\/pt\/"},{"@type":"ListItem","position":2,"name":"Agora, a retoma em &#8220;K&#8221; \u00e9 o problema da economia portuguesa &#8211; ZAP"}]},{"@type":"WebSite","@id":"https:\/\/favorite-news.com\/pt\/#website","url":"https:\/\/favorite-news.com\/pt\/","name":"Favorite News","description":"Favorite News Portugal","potentialAction":[{"@type":"SearchAction","target":{"@type":"EntryPoint","urlTemplate":"https:\/\/favorite-news.com\/pt\/?s={search_term_string}"},"query-input":{"@type":"PropertyValueSpecification","valueRequired":true,"valueName":"search_term_string"}}],"inLanguage":"pt-PT"},{"@type":"Person","@id":"https:\/\/favorite-news.com\/pt\/#\/schema\/person\/b91573b717dcfa5e4696032a9d28d3e8","name":"favorite-news","image":{"@type":"ImageObject","inLanguage":"pt-PT","@id":"https:\/\/secure.gravatar.com\/avatar\/6c5a5cb12b74e9d517ee91cf570335b7d16177f1977cc91db161adfa435945a7?s=96&d=mm&r=g","url":"https:\/\/secure.gravatar.com\/avatar\/6c5a5cb12b74e9d517ee91cf570335b7d16177f1977cc91db161adfa435945a7?s=96&d=mm&r=g","contentUrl":"https:\/\/secure.gravatar.com\/avatar\/6c5a5cb12b74e9d517ee91cf570335b7d16177f1977cc91db161adfa435945a7?s=96&d=mm&r=g","caption":"favorite-news"},"url":"https:\/\/favorite-news.com\/pt\/author\/pt\/"}]}},"_links":{"self":[{"href":"https:\/\/favorite-news.com\/pt\/wp-json\/wp\/v2\/posts\/11032","targetHints":{"allow":["GET"]}}],"collection":[{"href":"https:\/\/favorite-news.com\/pt\/wp-json\/wp\/v2\/posts"}],"about":[{"href":"https:\/\/favorite-news.com\/pt\/wp-json\/wp\/v2\/types\/post"}],"author":[{"embeddable":true,"href":"https:\/\/favorite-news.com\/pt\/wp-json\/wp\/v2\/users\/2"}],"replies":[{"embeddable":true,"href":"https:\/\/favorite-news.com\/pt\/wp-json\/wp\/v2\/comments?post=11032"}],"version-history":[{"count":1,"href":"https:\/\/favorite-news.com\/pt\/wp-json\/wp\/v2\/posts\/11032\/revisions"}],"predecessor-version":[{"id":11033,"href":"https:\/\/favorite-news.com\/pt\/wp-json\/wp\/v2\/posts\/11032\/revisions\/11033"}],"wp:featuredmedia":[{"embeddable":true,"href":"https:\/\/favorite-news.com\/pt\/wp-json\/wp\/v2\/media\/10752"}],"wp:attachment":[{"href":"https:\/\/favorite-news.com\/pt\/wp-json\/wp\/v2\/media?parent=11032"}],"wp:term":[{"taxonomy":"category","embeddable":true,"href":"https:\/\/favorite-news.com\/pt\/wp-json\/wp\/v2\/categories?post=11032"},{"taxonomy":"post_tag","embeddable":true,"href":"https:\/\/favorite-news.com\/pt\/wp-json\/wp\/v2\/tags?post=11032"}],"curies":[{"name":"wp","href":"https:\/\/api.w.org\/{rel}","templated":true}]}}