{"id":11014,"date":"2021-08-06T14:47:39","date_gmt":"2021-08-06T11:47:39","guid":{"rendered":"https:\/\/favorite-news.com\/pt\/costa-diz-que-15-das-verbas-do-prr-ja-estao-contratualizadas-zap\/"},"modified":"2021-08-06T14:47:42","modified_gmt":"2021-08-06T11:47:42","slug":"costa-diz-que-15-das-verbas-do-prr-ja-estao-contratualizadas-zap","status":"publish","type":"post","link":"https:\/\/favorite-news.com\/pt\/costa-diz-que-15-das-verbas-do-prr-ja-estao-contratualizadas-zap\/","title":{"rendered":"Costa diz que 15% das verbas do PRR j\u00e1 est\u00e3o contratualizadas &#8211; ZAP"},"content":{"rendered":"<p>Patr\u00edcia de Melo Moreira \/ AFPO primeiro-ministro, Ant\u00f3nio Costa<br \/>\nO primeiro-ministro avan\u00e7ou que o Plano de Recupera\u00e7\u00e3o e Resili\u00eancia (PRR) \u201c\u00e9 uma realidade que est\u00e1 em a\u00e7\u00e3o\u201d, adiantando que 15% das verbas totais est\u00e3o j\u00e1 contratualizadas, depois de se reunir com a Comiss\u00e3o Nacional de Acompanhamento (CNA).<\/p>\n<p>De acordo com um comunicado divulgado, ap\u00f3s a reuni\u00e3o na Resid\u00eancia Oficial, em S\u00e3o Bento (Lisboa), j\u00e1 foram assinados contratos relativos a 15% do PPR, no montante de 2.490 milh\u00f5es de euros, estando em curso outras contratualiza\u00e7\u00f5es avaliadas em 4.465 milh\u00f5es de euros.<br \/>\n\u201c[\u2026] No conjunto, 42% do PRR, correspondendo a 6.955 M\u20ac, est\u00e1 neste momento contratualizado ou em vias de o ser. J\u00e1 foram lan\u00e7ados 10 avisos de abertura de concursos e recebidas mais de 16.000 candidaturas\u201d, l\u00ea-se no comunicado.<br \/>\nNum curto v\u00eddeo publicado no site oficial do Governo na Internet, e publicado no Twitter, Ant\u00f3nio Costa apelou \u00e0 mobiliza\u00e7\u00e3o da sociedade civil para a execu\u00e7\u00e3o e acompanhamento do PRR, considerando-a ser \u201cessencial\u201d.<\/p>\n<p>Apelo \u00e0 mobiliza\u00e7\u00e3o de todos os agentes econ\u00f3micos e sociais para a execu\u00e7\u00e3o e acompanhamento do PRR: empresas, centros de produ\u00e7\u00e3o de conhecimento, setor social, autarquias, etc. para garantirmos a boa execu\u00e7\u00e3o deste Plano. Todos s\u00e3o necess\u00e1rios. M\u00e3os \u00e0 obra!<a rel=\"nofollow noopener noreferrer\" target=\"_blank\" href=\"https:\/\/twitter.com\/hashtag\/Recupera%C3%A7%C3%A3oemA%C3%A7%C3%A3o?src=hash&amp;ref_src=twsrc%5Etfw\" data-wpel-link=\"external\" class=\"ext-link\">#Recupera\u00e7\u00e3oemA\u00e7\u00e3o<\/a> <a rel=\"nofollow noopener noreferrer\" target=\"_blank\" href=\"https:\/\/t.co\/eHfsSmSu0S\" data-wpel-link=\"external\" class=\"ext-link\">pic.twitter.com\/eHfsSmSu0S<\/a><br \/>\n\u2014 Ant\u00f3nio Costa (@antoniocostapm) <a rel=\"nofollow noopener noreferrer\" target=\"_blank\" href=\"https:\/\/twitter.com\/antoniocostapm\/status\/1423363604452188160?ref_src=twsrc%5Etfw\" data-wpel-link=\"external\" class=\"ext-link\">August 5, 2021<\/a><\/p>\n<p>Costa salientou a import\u00e2ncia de \u201cmobilizar\u201d empresas, autarquias e o setor social \u201cpara garantir a boa execu\u00e7\u00e3o deste Plano\u201d. O chefe do Governo quer garantir que cada \u201ccada c\u00eantimo\u201d do PRR \u00e9 \u201cdevidamente aplicado\u201d.<br \/>\nAl\u00e9m de revelar os contratos j\u00e1 assinado, o Governo reconheceu aspetos para melhorar a efic\u00e1cia, a efici\u00eancia e o impacto do PRR, de modo a acelerar a sua execu\u00e7\u00e3o, mas, sobretudo, que origine \u201cuma verdadeira transforma\u00e7\u00e3o do pa\u00eds\u201d.<br \/>\nApelou ainda a que os portugueses consultem concursos, contratos e \u201coportunidades\u201d dispon\u00edveis, nomeadamente atrav\u00e9s do Portal da Transpar\u00eancia, do site \u201cRecuperar Portugal\u201d.<br \/>\n\u201cIdentificou algo absolutamente essencial: melhorar a informa\u00e7\u00e3o, o esclarecimento dos nossos agentes econ\u00f3micos, dos nossos agentes sociais. \u00c9 importante que sigam semanalmente a newsletter da equipa da Miss\u00e3o \u2018Recuperar Portugal\u2019. [\u2026] Os avisos que est\u00e3o a ser abertos, os concursos que est\u00e3o a ser decididos, os contratos que est\u00e3o a ser celebrados, as oportunidades que existem\u201d, sublinhou.<br \/>\n\u201cN\u00e3o podemos perder esta oportunidade \u00fanica para transformar Portugal\u201d, concluiu o primeiro-ministro, apelando \u00e0 participa\u00e7\u00e3o de todos.<br \/>\nO primeiro-ministro, em conjunto com os membros do Governo que integram a Comiss\u00e3o Interministerial do PRR, reuniu-se ontem com Ant\u00f3nio Costa e Silva para fazer um ponto da situa\u00e7\u00e3o e ouvir e registar as recomenda\u00e7\u00f5es da Comiss\u00e3o Nacional de Acompanhamento.<\/p>\n<p><script async src=\"https:\/\/platform.twitter.com\/widgets.js\" charset=\"utf-8\"><\/script><br \/>\n<br \/>\n<!--noindex--><br \/>\n<a href=\"https:\/\/zap.aeiou.pt\/costa-verbas-prr-contratualizadas-422930\" rel=\"nofollow\">Source link <\/a><br \/>\n<!--\/noindex--><\/p>\n","protected":false},"excerpt":{"rendered":"<p>Patr\u00edcia de Melo Moreira \/ AFPO primeiro-ministro, Ant\u00f3nio Costa O primeiro-ministro avan\u00e7ou que o Plano de Recupera\u00e7\u00e3o e Resili\u00eancia (PRR) \u201c\u00e9 uma realidade que est\u00e1 em a\u00e7\u00e3o\u201d, adiantando que 15% das verbas totais est\u00e3o j\u00e1 contratualizadas, depois de se reunir com a Comiss\u00e3o Nacional de Acompanhamento (CNA). De acordo com um comunicado divulgado, ap\u00f3s a [&hellip;]<\/p>\n","protected":false},"author":2,"featured_media":11015,"comment_status":"open","ping_status":"open","sticky":false,"template":"","format":"standard","meta":{"footnotes":""},"categories":[1],"tags":[],"class_list":["post-11014","post","type-post","status-publish","format-standard","has-post-thumbnail","hentry","category-noticias-financeiras"],"yoast_head":"<!-- This site is optimized with the Yoast SEO plugin v27.4 - https:\/\/yoast.com\/product\/yoast-seo-wordpress\/ -->\n<title>Costa diz que 15% das verbas do PRR j\u00e1 est\u00e3o contratualizadas - ZAP - Favorite News<\/title>\n<meta name=\"robots\" content=\"index, follow, max-snippet:-1, max-image-preview:large, max-video-preview:-1\" \/>\n<link rel=\"canonical\" href=\"https:\/\/favorite-news.com\/pt\/costa-diz-que-15-das-verbas-do-prr-ja-estao-contratualizadas-zap\/\" \/>\n<meta property=\"og:locale\" content=\"pt_PT\" \/>\n<meta property=\"og:type\" content=\"article\" \/>\n<meta property=\"og:title\" content=\"Costa diz que 15% das verbas do PRR j\u00e1 est\u00e3o contratualizadas - ZAP - Favorite News\" \/>\n<meta property=\"og:description\" content=\"Patr\u00edcia de Melo Moreira \/ AFPO primeiro-ministro, Ant\u00f3nio Costa O primeiro-ministro avan\u00e7ou que o Plano de Recupera\u00e7\u00e3o e Resili\u00eancia (PRR) \u201c\u00e9 uma realidade que est\u00e1 em a\u00e7\u00e3o\u201d, adiantando que 15% das verbas totais est\u00e3o j\u00e1 contratualizadas, depois de se reunir com a Comiss\u00e3o Nacional de Acompanhamento (CNA). De acordo com um comunicado divulgado, ap\u00f3s a [&hellip;]\" \/>\n<meta property=\"og:url\" content=\"https:\/\/favorite-news.com\/pt\/costa-diz-que-15-das-verbas-do-prr-ja-estao-contratualizadas-zap\/\" \/>\n<meta property=\"og:site_name\" content=\"Favorite News\" \/>\n<meta property=\"article:published_time\" content=\"2021-08-06T11:47:39+00:00\" \/>\n<meta property=\"article:modified_time\" content=\"2021-08-06T11:47:42+00:00\" \/>\n<meta property=\"og:image\" content=\"https:\/\/favorite-news.com\/pt\/wp-content\/uploads\/sites\/2\/2021\/08\/Costa-diz-que-15-das-verbas-do-PRR-ja-estao.jpg\" \/>\n\t<meta property=\"og:image:width\" content=\"1290\" \/>\n\t<meta property=\"og:image:height\" content=\"800\" \/>\n\t<meta property=\"og:image:type\" content=\"image\/jpeg\" \/>\n<meta name=\"author\" content=\"favorite-news\" \/>\n<meta name=\"twitter:card\" content=\"summary_large_image\" \/>\n<meta name=\"twitter:label1\" content=\"Escrito por\" \/>\n\t<meta name=\"twitter:data1\" content=\"favorite-news\" \/>\n\t<meta name=\"twitter:label2\" content=\"Tempo estimado de leitura\" \/>\n\t<meta name=\"twitter:data2\" content=\"2 minutos\" \/>\n<script type=\"application\/ld+json\" class=\"yoast-schema-graph\">{\"@context\":\"https:\\\/\\\/schema.org\",\"@graph\":[{\"@type\":\"Article\",\"@id\":\"https:\\\/\\\/favorite-news.com\\\/pt\\\/costa-diz-que-15-das-verbas-do-prr-ja-estao-contratualizadas-zap\\\/#article\",\"isPartOf\":{\"@id\":\"https:\\\/\\\/favorite-news.com\\\/pt\\\/costa-diz-que-15-das-verbas-do-prr-ja-estao-contratualizadas-zap\\\/\"},\"author\":{\"name\":\"favorite-news\",\"@id\":\"https:\\\/\\\/favorite-news.com\\\/pt\\\/#\\\/schema\\\/person\\\/b91573b717dcfa5e4696032a9d28d3e8\"},\"headline\":\"Costa diz que 15% das verbas do PRR j\u00e1 est\u00e3o contratualizadas &#8211; ZAP\",\"datePublished\":\"2021-08-06T11:47:39+00:00\",\"dateModified\":\"2021-08-06T11:47:42+00:00\",\"mainEntityOfPage\":{\"@id\":\"https:\\\/\\\/favorite-news.com\\\/pt\\\/costa-diz-que-15-das-verbas-do-prr-ja-estao-contratualizadas-zap\\\/\"},\"wordCount\":473,\"commentCount\":0,\"image\":{\"@id\":\"https:\\\/\\\/favorite-news.com\\\/pt\\\/costa-diz-que-15-das-verbas-do-prr-ja-estao-contratualizadas-zap\\\/#primaryimage\"},\"thumbnailUrl\":\"https:\\\/\\\/favorite-news.com\\\/pt\\\/wp-content\\\/uploads\\\/sites\\\/2\\\/2021\\\/08\\\/Costa-diz-que-15-das-verbas-do-PRR-ja-estao.jpg\",\"articleSection\":[\"NOT\u00cdCIAS FINANCEIRAS\"],\"inLanguage\":\"pt-PT\",\"potentialAction\":[{\"@type\":\"CommentAction\",\"name\":\"Comment\",\"target\":[\"https:\\\/\\\/favorite-news.com\\\/pt\\\/costa-diz-que-15-das-verbas-do-prr-ja-estao-contratualizadas-zap\\\/#respond\"]}]},{\"@type\":\"WebPage\",\"@id\":\"https:\\\/\\\/favorite-news.com\\\/pt\\\/costa-diz-que-15-das-verbas-do-prr-ja-estao-contratualizadas-zap\\\/\",\"url\":\"https:\\\/\\\/favorite-news.com\\\/pt\\\/costa-diz-que-15-das-verbas-do-prr-ja-estao-contratualizadas-zap\\\/\",\"name\":\"Costa diz que 15% das verbas do PRR j\u00e1 est\u00e3o contratualizadas - ZAP - Favorite News\",\"isPartOf\":{\"@id\":\"https:\\\/\\\/favorite-news.com\\\/pt\\\/#website\"},\"primaryImageOfPage\":{\"@id\":\"https:\\\/\\\/favorite-news.com\\\/pt\\\/costa-diz-que-15-das-verbas-do-prr-ja-estao-contratualizadas-zap\\\/#primaryimage\"},\"image\":{\"@id\":\"https:\\\/\\\/favorite-news.com\\\/pt\\\/costa-diz-que-15-das-verbas-do-prr-ja-estao-contratualizadas-zap\\\/#primaryimage\"},\"thumbnailUrl\":\"https:\\\/\\\/favorite-news.com\\\/pt\\\/wp-content\\\/uploads\\\/sites\\\/2\\\/2021\\\/08\\\/Costa-diz-que-15-das-verbas-do-PRR-ja-estao.jpg\",\"datePublished\":\"2021-08-06T11:47:39+00:00\",\"dateModified\":\"2021-08-06T11:47:42+00:00\",\"author\":{\"@id\":\"https:\\\/\\\/favorite-news.com\\\/pt\\\/#\\\/schema\\\/person\\\/b91573b717dcfa5e4696032a9d28d3e8\"},\"breadcrumb\":{\"@id\":\"https:\\\/\\\/favorite-news.com\\\/pt\\\/costa-diz-que-15-das-verbas-do-prr-ja-estao-contratualizadas-zap\\\/#breadcrumb\"},\"inLanguage\":\"pt-PT\",\"potentialAction\":[{\"@type\":\"ReadAction\",\"target\":[\"https:\\\/\\\/favorite-news.com\\\/pt\\\/costa-diz-que-15-das-verbas-do-prr-ja-estao-contratualizadas-zap\\\/\"]}]},{\"@type\":\"ImageObject\",\"inLanguage\":\"pt-PT\",\"@id\":\"https:\\\/\\\/favorite-news.com\\\/pt\\\/costa-diz-que-15-das-verbas-do-prr-ja-estao-contratualizadas-zap\\\/#primaryimage\",\"url\":\"https:\\\/\\\/favorite-news.com\\\/pt\\\/wp-content\\\/uploads\\\/sites\\\/2\\\/2021\\\/08\\\/Costa-diz-que-15-das-verbas-do-PRR-ja-estao.jpg\",\"contentUrl\":\"https:\\\/\\\/favorite-news.com\\\/pt\\\/wp-content\\\/uploads\\\/sites\\\/2\\\/2021\\\/08\\\/Costa-diz-que-15-das-verbas-do-PRR-ja-estao.jpg\",\"width\":1290,\"height\":800,\"caption\":\"Costa diz que 15% das verbas do PRR j\u00e1 est\u00e3o contratualizadas - ZAP\"},{\"@type\":\"BreadcrumbList\",\"@id\":\"https:\\\/\\\/favorite-news.com\\\/pt\\\/costa-diz-que-15-das-verbas-do-prr-ja-estao-contratualizadas-zap\\\/#breadcrumb\",\"itemListElement\":[{\"@type\":\"ListItem\",\"position\":1,\"name\":\"Home\",\"item\":\"https:\\\/\\\/favorite-news.com\\\/pt\\\/\"},{\"@type\":\"ListItem\",\"position\":2,\"name\":\"Costa diz que 15% das verbas do PRR j\u00e1 est\u00e3o contratualizadas &#8211; ZAP\"}]},{\"@type\":\"WebSite\",\"@id\":\"https:\\\/\\\/favorite-news.com\\\/pt\\\/#website\",\"url\":\"https:\\\/\\\/favorite-news.com\\\/pt\\\/\",\"name\":\"Favorite News\",\"description\":\"Favorite News Portugal\",\"potentialAction\":[{\"@type\":\"SearchAction\",\"target\":{\"@type\":\"EntryPoint\",\"urlTemplate\":\"https:\\\/\\\/favorite-news.com\\\/pt\\\/?s={search_term_string}\"},\"query-input\":{\"@type\":\"PropertyValueSpecification\",\"valueRequired\":true,\"valueName\":\"search_term_string\"}}],\"inLanguage\":\"pt-PT\"},{\"@type\":\"Person\",\"@id\":\"https:\\\/\\\/favorite-news.com\\\/pt\\\/#\\\/schema\\\/person\\\/b91573b717dcfa5e4696032a9d28d3e8\",\"name\":\"favorite-news\",\"image\":{\"@type\":\"ImageObject\",\"inLanguage\":\"pt-PT\",\"@id\":\"https:\\\/\\\/secure.gravatar.com\\\/avatar\\\/6c5a5cb12b74e9d517ee91cf570335b7d16177f1977cc91db161adfa435945a7?s=96&d=mm&r=g\",\"url\":\"https:\\\/\\\/secure.gravatar.com\\\/avatar\\\/6c5a5cb12b74e9d517ee91cf570335b7d16177f1977cc91db161adfa435945a7?s=96&d=mm&r=g\",\"contentUrl\":\"https:\\\/\\\/secure.gravatar.com\\\/avatar\\\/6c5a5cb12b74e9d517ee91cf570335b7d16177f1977cc91db161adfa435945a7?s=96&d=mm&r=g\",\"caption\":\"favorite-news\"},\"url\":\"https:\\\/\\\/favorite-news.com\\\/pt\\\/author\\\/pt\\\/\"}]}<\/script>\n<!-- \/ Yoast SEO plugin. -->","yoast_head_json":{"title":"Costa diz que 15% das verbas do PRR j\u00e1 est\u00e3o contratualizadas - ZAP - Favorite News","robots":{"index":"index","follow":"follow","max-snippet":"max-snippet:-1","max-image-preview":"max-image-preview:large","max-video-preview":"max-video-preview:-1"},"canonical":"https:\/\/favorite-news.com\/pt\/costa-diz-que-15-das-verbas-do-prr-ja-estao-contratualizadas-zap\/","og_locale":"pt_PT","og_type":"article","og_title":"Costa diz que 15% das verbas do PRR j\u00e1 est\u00e3o contratualizadas - ZAP - Favorite News","og_description":"Patr\u00edcia de Melo Moreira \/ AFPO primeiro-ministro, Ant\u00f3nio Costa O primeiro-ministro avan\u00e7ou que o Plano de Recupera\u00e7\u00e3o e Resili\u00eancia (PRR) \u201c\u00e9 uma realidade que est\u00e1 em a\u00e7\u00e3o\u201d, adiantando que 15% das verbas totais est\u00e3o j\u00e1 contratualizadas, depois de se reunir com a Comiss\u00e3o Nacional de Acompanhamento (CNA). De acordo com um comunicado divulgado, ap\u00f3s a [&hellip;]","og_url":"https:\/\/favorite-news.com\/pt\/costa-diz-que-15-das-verbas-do-prr-ja-estao-contratualizadas-zap\/","og_site_name":"Favorite News","article_published_time":"2021-08-06T11:47:39+00:00","article_modified_time":"2021-08-06T11:47:42+00:00","og_image":[{"width":1290,"height":800,"url":"https:\/\/favorite-news.com\/pt\/wp-content\/uploads\/sites\/2\/2021\/08\/Costa-diz-que-15-das-verbas-do-PRR-ja-estao.jpg","type":"image\/jpeg"}],"author":"favorite-news","twitter_card":"summary_large_image","twitter_misc":{"Escrito por":"favorite-news","Tempo estimado de leitura":"2 minutos"},"schema":{"@context":"https:\/\/schema.org","@graph":[{"@type":"Article","@id":"https:\/\/favorite-news.com\/pt\/costa-diz-que-15-das-verbas-do-prr-ja-estao-contratualizadas-zap\/#article","isPartOf":{"@id":"https:\/\/favorite-news.com\/pt\/costa-diz-que-15-das-verbas-do-prr-ja-estao-contratualizadas-zap\/"},"author":{"name":"favorite-news","@id":"https:\/\/favorite-news.com\/pt\/#\/schema\/person\/b91573b717dcfa5e4696032a9d28d3e8"},"headline":"Costa diz que 15% das verbas do PRR j\u00e1 est\u00e3o contratualizadas &#8211; ZAP","datePublished":"2021-08-06T11:47:39+00:00","dateModified":"2021-08-06T11:47:42+00:00","mainEntityOfPage":{"@id":"https:\/\/favorite-news.com\/pt\/costa-diz-que-15-das-verbas-do-prr-ja-estao-contratualizadas-zap\/"},"wordCount":473,"commentCount":0,"image":{"@id":"https:\/\/favorite-news.com\/pt\/costa-diz-que-15-das-verbas-do-prr-ja-estao-contratualizadas-zap\/#primaryimage"},"thumbnailUrl":"https:\/\/favorite-news.com\/pt\/wp-content\/uploads\/sites\/2\/2021\/08\/Costa-diz-que-15-das-verbas-do-PRR-ja-estao.jpg","articleSection":["NOT\u00cdCIAS FINANCEIRAS"],"inLanguage":"pt-PT","potentialAction":[{"@type":"CommentAction","name":"Comment","target":["https:\/\/favorite-news.com\/pt\/costa-diz-que-15-das-verbas-do-prr-ja-estao-contratualizadas-zap\/#respond"]}]},{"@type":"WebPage","@id":"https:\/\/favorite-news.com\/pt\/costa-diz-que-15-das-verbas-do-prr-ja-estao-contratualizadas-zap\/","url":"https:\/\/favorite-news.com\/pt\/costa-diz-que-15-das-verbas-do-prr-ja-estao-contratualizadas-zap\/","name":"Costa diz que 15% das verbas do PRR j\u00e1 est\u00e3o contratualizadas - ZAP - Favorite News","isPartOf":{"@id":"https:\/\/favorite-news.com\/pt\/#website"},"primaryImageOfPage":{"@id":"https:\/\/favorite-news.com\/pt\/costa-diz-que-15-das-verbas-do-prr-ja-estao-contratualizadas-zap\/#primaryimage"},"image":{"@id":"https:\/\/favorite-news.com\/pt\/costa-diz-que-15-das-verbas-do-prr-ja-estao-contratualizadas-zap\/#primaryimage"},"thumbnailUrl":"https:\/\/favorite-news.com\/pt\/wp-content\/uploads\/sites\/2\/2021\/08\/Costa-diz-que-15-das-verbas-do-PRR-ja-estao.jpg","datePublished":"2021-08-06T11:47:39+00:00","dateModified":"2021-08-06T11:47:42+00:00","author":{"@id":"https:\/\/favorite-news.com\/pt\/#\/schema\/person\/b91573b717dcfa5e4696032a9d28d3e8"},"breadcrumb":{"@id":"https:\/\/favorite-news.com\/pt\/costa-diz-que-15-das-verbas-do-prr-ja-estao-contratualizadas-zap\/#breadcrumb"},"inLanguage":"pt-PT","potentialAction":[{"@type":"ReadAction","target":["https:\/\/favorite-news.com\/pt\/costa-diz-que-15-das-verbas-do-prr-ja-estao-contratualizadas-zap\/"]}]},{"@type":"ImageObject","inLanguage":"pt-PT","@id":"https:\/\/favorite-news.com\/pt\/costa-diz-que-15-das-verbas-do-prr-ja-estao-contratualizadas-zap\/#primaryimage","url":"https:\/\/favorite-news.com\/pt\/wp-content\/uploads\/sites\/2\/2021\/08\/Costa-diz-que-15-das-verbas-do-PRR-ja-estao.jpg","contentUrl":"https:\/\/favorite-news.com\/pt\/wp-content\/uploads\/sites\/2\/2021\/08\/Costa-diz-que-15-das-verbas-do-PRR-ja-estao.jpg","width":1290,"height":800,"caption":"Costa diz que 15% das verbas do PRR j\u00e1 est\u00e3o contratualizadas - ZAP"},{"@type":"BreadcrumbList","@id":"https:\/\/favorite-news.com\/pt\/costa-diz-que-15-das-verbas-do-prr-ja-estao-contratualizadas-zap\/#breadcrumb","itemListElement":[{"@type":"ListItem","position":1,"name":"Home","item":"https:\/\/favorite-news.com\/pt\/"},{"@type":"ListItem","position":2,"name":"Costa diz que 15% das verbas do PRR j\u00e1 est\u00e3o contratualizadas &#8211; ZAP"}]},{"@type":"WebSite","@id":"https:\/\/favorite-news.com\/pt\/#website","url":"https:\/\/favorite-news.com\/pt\/","name":"Favorite News","description":"Favorite News Portugal","potentialAction":[{"@type":"SearchAction","target":{"@type":"EntryPoint","urlTemplate":"https:\/\/favorite-news.com\/pt\/?s={search_term_string}"},"query-input":{"@type":"PropertyValueSpecification","valueRequired":true,"valueName":"search_term_string"}}],"inLanguage":"pt-PT"},{"@type":"Person","@id":"https:\/\/favorite-news.com\/pt\/#\/schema\/person\/b91573b717dcfa5e4696032a9d28d3e8","name":"favorite-news","image":{"@type":"ImageObject","inLanguage":"pt-PT","@id":"https:\/\/secure.gravatar.com\/avatar\/6c5a5cb12b74e9d517ee91cf570335b7d16177f1977cc91db161adfa435945a7?s=96&d=mm&r=g","url":"https:\/\/secure.gravatar.com\/avatar\/6c5a5cb12b74e9d517ee91cf570335b7d16177f1977cc91db161adfa435945a7?s=96&d=mm&r=g","contentUrl":"https:\/\/secure.gravatar.com\/avatar\/6c5a5cb12b74e9d517ee91cf570335b7d16177f1977cc91db161adfa435945a7?s=96&d=mm&r=g","caption":"favorite-news"},"url":"https:\/\/favorite-news.com\/pt\/author\/pt\/"}]}},"_links":{"self":[{"href":"https:\/\/favorite-news.com\/pt\/wp-json\/wp\/v2\/posts\/11014","targetHints":{"allow":["GET"]}}],"collection":[{"href":"https:\/\/favorite-news.com\/pt\/wp-json\/wp\/v2\/posts"}],"about":[{"href":"https:\/\/favorite-news.com\/pt\/wp-json\/wp\/v2\/types\/post"}],"author":[{"embeddable":true,"href":"https:\/\/favorite-news.com\/pt\/wp-json\/wp\/v2\/users\/2"}],"replies":[{"embeddable":true,"href":"https:\/\/favorite-news.com\/pt\/wp-json\/wp\/v2\/comments?post=11014"}],"version-history":[{"count":1,"href":"https:\/\/favorite-news.com\/pt\/wp-json\/wp\/v2\/posts\/11014\/revisions"}],"predecessor-version":[{"id":11016,"href":"https:\/\/favorite-news.com\/pt\/wp-json\/wp\/v2\/posts\/11014\/revisions\/11016"}],"wp:featuredmedia":[{"embeddable":true,"href":"https:\/\/favorite-news.com\/pt\/wp-json\/wp\/v2\/media\/11015"}],"wp:attachment":[{"href":"https:\/\/favorite-news.com\/pt\/wp-json\/wp\/v2\/media?parent=11014"}],"wp:term":[{"taxonomy":"category","embeddable":true,"href":"https:\/\/favorite-news.com\/pt\/wp-json\/wp\/v2\/categories?post=11014"},{"taxonomy":"post_tag","embeddable":true,"href":"https:\/\/favorite-news.com\/pt\/wp-json\/wp\/v2\/tags?post=11014"}],"curies":[{"name":"wp","href":"https:\/\/api.w.org\/{rel}","templated":true}]}}