{"id":11003,"date":"2021-08-05T14:43:01","date_gmt":"2021-08-05T11:43:01","guid":{"rendered":"https:\/\/favorite-news.com\/pt\/central-do-pego-governo-acusado-de-leiloar-um-bem-que-nao-lhe-pertence\/"},"modified":"2021-08-05T14:43:03","modified_gmt":"2021-08-05T11:43:03","slug":"central-do-pego-governo-acusado-de-leiloar-um-bem-que-nao-lhe-pertence","status":"publish","type":"post","link":"https:\/\/favorite-news.com\/pt\/central-do-pego-governo-acusado-de-leiloar-um-bem-que-nao-lhe-pertence\/","title":{"rendered":"Central do Pego. Governo acusado de leiloar um bem que n\u00e3o lhe pertence"},"content":{"rendered":"<p>Ant\u00f3nio Cotrim \/ LusaO ministro do Ambiente e A\u00e7\u00e3o Clim\u00e1tica, Jo\u00e3o Pedro Matos Fernandes<br \/>\nO Governo est\u00e1 a ser acusado de querer leiloar um bem que n\u00e3o lhe pertence. A Trustenergy defende que a Central do Pego lhe pertence.<\/p>\n<p>Em outubro de 2019, o primeiro-ministro anunciou que o Governo estava preparado para encerrar a central termoel\u00e9trica do Pego no final de 2021. A central a carv\u00e3o tem o fecho previsto para novembro.<br \/>\nOs autarcas da regi\u00e3o do M\u00e9dio Tejo apontam o dedo ao Minist\u00e9rio do Ambiente pelo facto de ainda n\u00e3o haver garantia de continuidade na regi\u00e3o de um grande centro de produ\u00e7\u00e3o de energia, gerador de emprego e de rendimento.<br \/>\nAgora, o Minist\u00e9rio do Ambiente e da A\u00e7\u00e3o Clim\u00e1tica j\u00e1 disse querer leiloar a Central do Pego.<\/p>\n<p>No entanto, segundo o P\u00fablico, o presidente executivo da Trustenergy diz que este bem lhe pertence e acusa o Governo de estar a meter-se em assuntos da esfera empresarial.<br \/>\n\u201cN\u00e3o entendemos a pertin\u00eancia de o Estado intrometer-se em quest\u00f5es entre acionistas de empresas privadas\u201d, diz Jos\u00e9 Gr\u00e1cio.<br \/>\nO Governo planeia abrir concurso para o ponto de liga\u00e7\u00e3o \u00e0 rede da Tejo Energia, cujas licen\u00e7as acabam em novembro. A Trustenergy det\u00e9m 56% do capital desta central em Abrantes, tendo um plano que passa pela instala\u00e7\u00e3o, numa primeira fase, de uma central para queima de biomassa florestal. Numa outra fase, passa para energias renov\u00e1veis e para metano e hidrog\u00e9nio verde.<br \/>\nA acionista minorit\u00e1ria, a Endesa, tem um outro plano que tamb\u00e9m passa pelas energias renov\u00e1veis, mas que rejeita o aproveitamento da biomassa.<br \/>\nEm maio, Matos Fernandes avan\u00e7ou que o ponto de liga\u00e7\u00e3o \u00e0 rede da Tejo Energia, um \u201cativo que \u00e9 p\u00fablico\u201d, seria posto a concurso. Contudo, Jos\u00e9 Gr\u00e1cio garante que este bem j\u00e1 tem dono.<br \/>\n\u201cO ponto de liga\u00e7\u00e3o pertence por direito \u00e0 Tejo. Afirmamos isso porque temos pareceres jur\u00eddicos nesse sentido, mas essencialmente porque em 2007 a Tejo Energia pagou e assumiu custos adicionais para adquirir o ponto de liga\u00e7\u00e3o. Isso \u00e9 factual\u201d, disse o presidente executivo da Trust Energy ao jornal P\u00fablico.<br \/>\nGr\u00e1cio acusou o Governo de imiscuir-se em \u201cquest\u00f5es entre acionistas\u201d e relembrou que a sua empresa \u201ctem 56% das a\u00e7\u00f5es da Tejo Energia\u201d, ou seja, a maioria do capital.<br \/>\n Daniel Costa, ZAP \/\/ <\/p>\n<p>\n<!--noindex--><br \/>\n<a href=\"https:\/\/zap.aeiou.pt\/central-pego-governo-acusado-leiloar-422647\" rel=\"nofollow\">Source link <\/a><br \/>\n<!--\/noindex--><\/p>\n","protected":false},"excerpt":{"rendered":"<p>Ant\u00f3nio Cotrim \/ LusaO ministro do Ambiente e A\u00e7\u00e3o Clim\u00e1tica, Jo\u00e3o Pedro Matos Fernandes O Governo est\u00e1 a ser acusado de querer leiloar um bem que n\u00e3o lhe pertence. A Trustenergy defende que a Central do Pego lhe pertence. Em outubro de 2019, o primeiro-ministro anunciou que o Governo estava preparado para encerrar a central [&hellip;]<\/p>\n","protected":false},"author":2,"featured_media":11004,"comment_status":"open","ping_status":"open","sticky":false,"template":"","format":"standard","meta":{"footnotes":""},"categories":[1],"tags":[],"class_list":["post-11003","post","type-post","status-publish","format-standard","has-post-thumbnail","hentry","category-noticias-financeiras"],"yoast_head":"<!-- This site is optimized with the Yoast SEO plugin v27.4 - https:\/\/yoast.com\/product\/yoast-seo-wordpress\/ -->\n<title>Central do Pego. Governo acusado de leiloar um bem que n\u00e3o lhe pertence - Favorite News<\/title>\n<meta name=\"robots\" content=\"index, follow, max-snippet:-1, max-image-preview:large, max-video-preview:-1\" \/>\n<link rel=\"canonical\" href=\"https:\/\/favorite-news.com\/pt\/central-do-pego-governo-acusado-de-leiloar-um-bem-que-nao-lhe-pertence\/\" \/>\n<meta property=\"og:locale\" content=\"pt_PT\" \/>\n<meta property=\"og:type\" content=\"article\" \/>\n<meta property=\"og:title\" content=\"Central do Pego. Governo acusado de leiloar um bem que n\u00e3o lhe pertence - Favorite News\" \/>\n<meta property=\"og:description\" content=\"Ant\u00f3nio Cotrim \/ LusaO ministro do Ambiente e A\u00e7\u00e3o Clim\u00e1tica, Jo\u00e3o Pedro Matos Fernandes O Governo est\u00e1 a ser acusado de querer leiloar um bem que n\u00e3o lhe pertence. A Trustenergy defende que a Central do Pego lhe pertence. Em outubro de 2019, o primeiro-ministro anunciou que o Governo estava preparado para encerrar a central [&hellip;]\" \/>\n<meta property=\"og:url\" content=\"https:\/\/favorite-news.com\/pt\/central-do-pego-governo-acusado-de-leiloar-um-bem-que-nao-lhe-pertence\/\" \/>\n<meta property=\"og:site_name\" content=\"Favorite News\" \/>\n<meta property=\"article:published_time\" content=\"2021-08-05T11:43:01+00:00\" \/>\n<meta property=\"article:modified_time\" content=\"2021-08-05T11:43:03+00:00\" \/>\n<meta property=\"og:image\" content=\"https:\/\/favorite-news.com\/pt\/wp-content\/uploads\/sites\/2\/2021\/08\/Central-do-Pego-Governo-acusado-de-leiloar-um-bem-que.jpg\" \/>\n\t<meta property=\"og:image:width\" content=\"1200\" \/>\n\t<meta property=\"og:image:height\" content=\"800\" \/>\n\t<meta property=\"og:image:type\" content=\"image\/jpeg\" \/>\n<meta name=\"author\" content=\"favorite-news\" \/>\n<meta name=\"twitter:card\" content=\"summary_large_image\" \/>\n<meta name=\"twitter:label1\" content=\"Escrito por\" \/>\n\t<meta name=\"twitter:data1\" content=\"favorite-news\" \/>\n\t<meta name=\"twitter:label2\" content=\"Tempo estimado de leitura\" \/>\n\t<meta name=\"twitter:data2\" content=\"2 minutos\" \/>\n<script type=\"application\/ld+json\" class=\"yoast-schema-graph\">{\"@context\":\"https:\\\/\\\/schema.org\",\"@graph\":[{\"@type\":\"Article\",\"@id\":\"https:\\\/\\\/favorite-news.com\\\/pt\\\/central-do-pego-governo-acusado-de-leiloar-um-bem-que-nao-lhe-pertence\\\/#article\",\"isPartOf\":{\"@id\":\"https:\\\/\\\/favorite-news.com\\\/pt\\\/central-do-pego-governo-acusado-de-leiloar-um-bem-que-nao-lhe-pertence\\\/\"},\"author\":{\"name\":\"favorite-news\",\"@id\":\"https:\\\/\\\/favorite-news.com\\\/pt\\\/#\\\/schema\\\/person\\\/b91573b717dcfa5e4696032a9d28d3e8\"},\"headline\":\"Central do Pego. Governo acusado de leiloar um bem que n\u00e3o lhe pertence\",\"datePublished\":\"2021-08-05T11:43:01+00:00\",\"dateModified\":\"2021-08-05T11:43:03+00:00\",\"mainEntityOfPage\":{\"@id\":\"https:\\\/\\\/favorite-news.com\\\/pt\\\/central-do-pego-governo-acusado-de-leiloar-um-bem-que-nao-lhe-pertence\\\/\"},\"wordCount\":419,\"commentCount\":0,\"image\":{\"@id\":\"https:\\\/\\\/favorite-news.com\\\/pt\\\/central-do-pego-governo-acusado-de-leiloar-um-bem-que-nao-lhe-pertence\\\/#primaryimage\"},\"thumbnailUrl\":\"https:\\\/\\\/favorite-news.com\\\/pt\\\/wp-content\\\/uploads\\\/sites\\\/2\\\/2021\\\/08\\\/Central-do-Pego-Governo-acusado-de-leiloar-um-bem-que.jpg\",\"articleSection\":[\"NOT\u00cdCIAS FINANCEIRAS\"],\"inLanguage\":\"pt-PT\",\"potentialAction\":[{\"@type\":\"CommentAction\",\"name\":\"Comment\",\"target\":[\"https:\\\/\\\/favorite-news.com\\\/pt\\\/central-do-pego-governo-acusado-de-leiloar-um-bem-que-nao-lhe-pertence\\\/#respond\"]}]},{\"@type\":\"WebPage\",\"@id\":\"https:\\\/\\\/favorite-news.com\\\/pt\\\/central-do-pego-governo-acusado-de-leiloar-um-bem-que-nao-lhe-pertence\\\/\",\"url\":\"https:\\\/\\\/favorite-news.com\\\/pt\\\/central-do-pego-governo-acusado-de-leiloar-um-bem-que-nao-lhe-pertence\\\/\",\"name\":\"Central do Pego. Governo acusado de leiloar um bem que n\u00e3o lhe pertence - Favorite News\",\"isPartOf\":{\"@id\":\"https:\\\/\\\/favorite-news.com\\\/pt\\\/#website\"},\"primaryImageOfPage\":{\"@id\":\"https:\\\/\\\/favorite-news.com\\\/pt\\\/central-do-pego-governo-acusado-de-leiloar-um-bem-que-nao-lhe-pertence\\\/#primaryimage\"},\"image\":{\"@id\":\"https:\\\/\\\/favorite-news.com\\\/pt\\\/central-do-pego-governo-acusado-de-leiloar-um-bem-que-nao-lhe-pertence\\\/#primaryimage\"},\"thumbnailUrl\":\"https:\\\/\\\/favorite-news.com\\\/pt\\\/wp-content\\\/uploads\\\/sites\\\/2\\\/2021\\\/08\\\/Central-do-Pego-Governo-acusado-de-leiloar-um-bem-que.jpg\",\"datePublished\":\"2021-08-05T11:43:01+00:00\",\"dateModified\":\"2021-08-05T11:43:03+00:00\",\"author\":{\"@id\":\"https:\\\/\\\/favorite-news.com\\\/pt\\\/#\\\/schema\\\/person\\\/b91573b717dcfa5e4696032a9d28d3e8\"},\"breadcrumb\":{\"@id\":\"https:\\\/\\\/favorite-news.com\\\/pt\\\/central-do-pego-governo-acusado-de-leiloar-um-bem-que-nao-lhe-pertence\\\/#breadcrumb\"},\"inLanguage\":\"pt-PT\",\"potentialAction\":[{\"@type\":\"ReadAction\",\"target\":[\"https:\\\/\\\/favorite-news.com\\\/pt\\\/central-do-pego-governo-acusado-de-leiloar-um-bem-que-nao-lhe-pertence\\\/\"]}]},{\"@type\":\"ImageObject\",\"inLanguage\":\"pt-PT\",\"@id\":\"https:\\\/\\\/favorite-news.com\\\/pt\\\/central-do-pego-governo-acusado-de-leiloar-um-bem-que-nao-lhe-pertence\\\/#primaryimage\",\"url\":\"https:\\\/\\\/favorite-news.com\\\/pt\\\/wp-content\\\/uploads\\\/sites\\\/2\\\/2021\\\/08\\\/Central-do-Pego-Governo-acusado-de-leiloar-um-bem-que.jpg\",\"contentUrl\":\"https:\\\/\\\/favorite-news.com\\\/pt\\\/wp-content\\\/uploads\\\/sites\\\/2\\\/2021\\\/08\\\/Central-do-Pego-Governo-acusado-de-leiloar-um-bem-que.jpg\",\"width\":1200,\"height\":800,\"caption\":\"Central do Pego. Governo acusado de leiloar um bem que n\u00e3o lhe pertence\"},{\"@type\":\"BreadcrumbList\",\"@id\":\"https:\\\/\\\/favorite-news.com\\\/pt\\\/central-do-pego-governo-acusado-de-leiloar-um-bem-que-nao-lhe-pertence\\\/#breadcrumb\",\"itemListElement\":[{\"@type\":\"ListItem\",\"position\":1,\"name\":\"Home\",\"item\":\"https:\\\/\\\/favorite-news.com\\\/pt\\\/\"},{\"@type\":\"ListItem\",\"position\":2,\"name\":\"Central do Pego. Governo acusado de leiloar um bem que n\u00e3o lhe pertence\"}]},{\"@type\":\"WebSite\",\"@id\":\"https:\\\/\\\/favorite-news.com\\\/pt\\\/#website\",\"url\":\"https:\\\/\\\/favorite-news.com\\\/pt\\\/\",\"name\":\"Favorite News\",\"description\":\"Favorite News Portugal\",\"potentialAction\":[{\"@type\":\"SearchAction\",\"target\":{\"@type\":\"EntryPoint\",\"urlTemplate\":\"https:\\\/\\\/favorite-news.com\\\/pt\\\/?s={search_term_string}\"},\"query-input\":{\"@type\":\"PropertyValueSpecification\",\"valueRequired\":true,\"valueName\":\"search_term_string\"}}],\"inLanguage\":\"pt-PT\"},{\"@type\":\"Person\",\"@id\":\"https:\\\/\\\/favorite-news.com\\\/pt\\\/#\\\/schema\\\/person\\\/b91573b717dcfa5e4696032a9d28d3e8\",\"name\":\"favorite-news\",\"image\":{\"@type\":\"ImageObject\",\"inLanguage\":\"pt-PT\",\"@id\":\"https:\\\/\\\/secure.gravatar.com\\\/avatar\\\/6c5a5cb12b74e9d517ee91cf570335b7d16177f1977cc91db161adfa435945a7?s=96&d=mm&r=g\",\"url\":\"https:\\\/\\\/secure.gravatar.com\\\/avatar\\\/6c5a5cb12b74e9d517ee91cf570335b7d16177f1977cc91db161adfa435945a7?s=96&d=mm&r=g\",\"contentUrl\":\"https:\\\/\\\/secure.gravatar.com\\\/avatar\\\/6c5a5cb12b74e9d517ee91cf570335b7d16177f1977cc91db161adfa435945a7?s=96&d=mm&r=g\",\"caption\":\"favorite-news\"},\"url\":\"https:\\\/\\\/favorite-news.com\\\/pt\\\/author\\\/pt\\\/\"}]}<\/script>\n<!-- \/ Yoast SEO plugin. -->","yoast_head_json":{"title":"Central do Pego. Governo acusado de leiloar um bem que n\u00e3o lhe pertence - Favorite News","robots":{"index":"index","follow":"follow","max-snippet":"max-snippet:-1","max-image-preview":"max-image-preview:large","max-video-preview":"max-video-preview:-1"},"canonical":"https:\/\/favorite-news.com\/pt\/central-do-pego-governo-acusado-de-leiloar-um-bem-que-nao-lhe-pertence\/","og_locale":"pt_PT","og_type":"article","og_title":"Central do Pego. Governo acusado de leiloar um bem que n\u00e3o lhe pertence - Favorite News","og_description":"Ant\u00f3nio Cotrim \/ LusaO ministro do Ambiente e A\u00e7\u00e3o Clim\u00e1tica, Jo\u00e3o Pedro Matos Fernandes O Governo est\u00e1 a ser acusado de querer leiloar um bem que n\u00e3o lhe pertence. A Trustenergy defende que a Central do Pego lhe pertence. Em outubro de 2019, o primeiro-ministro anunciou que o Governo estava preparado para encerrar a central [&hellip;]","og_url":"https:\/\/favorite-news.com\/pt\/central-do-pego-governo-acusado-de-leiloar-um-bem-que-nao-lhe-pertence\/","og_site_name":"Favorite News","article_published_time":"2021-08-05T11:43:01+00:00","article_modified_time":"2021-08-05T11:43:03+00:00","og_image":[{"width":1200,"height":800,"url":"https:\/\/favorite-news.com\/pt\/wp-content\/uploads\/sites\/2\/2021\/08\/Central-do-Pego-Governo-acusado-de-leiloar-um-bem-que.jpg","type":"image\/jpeg"}],"author":"favorite-news","twitter_card":"summary_large_image","twitter_misc":{"Escrito por":"favorite-news","Tempo estimado de leitura":"2 minutos"},"schema":{"@context":"https:\/\/schema.org","@graph":[{"@type":"Article","@id":"https:\/\/favorite-news.com\/pt\/central-do-pego-governo-acusado-de-leiloar-um-bem-que-nao-lhe-pertence\/#article","isPartOf":{"@id":"https:\/\/favorite-news.com\/pt\/central-do-pego-governo-acusado-de-leiloar-um-bem-que-nao-lhe-pertence\/"},"author":{"name":"favorite-news","@id":"https:\/\/favorite-news.com\/pt\/#\/schema\/person\/b91573b717dcfa5e4696032a9d28d3e8"},"headline":"Central do Pego. Governo acusado de leiloar um bem que n\u00e3o lhe pertence","datePublished":"2021-08-05T11:43:01+00:00","dateModified":"2021-08-05T11:43:03+00:00","mainEntityOfPage":{"@id":"https:\/\/favorite-news.com\/pt\/central-do-pego-governo-acusado-de-leiloar-um-bem-que-nao-lhe-pertence\/"},"wordCount":419,"commentCount":0,"image":{"@id":"https:\/\/favorite-news.com\/pt\/central-do-pego-governo-acusado-de-leiloar-um-bem-que-nao-lhe-pertence\/#primaryimage"},"thumbnailUrl":"https:\/\/favorite-news.com\/pt\/wp-content\/uploads\/sites\/2\/2021\/08\/Central-do-Pego-Governo-acusado-de-leiloar-um-bem-que.jpg","articleSection":["NOT\u00cdCIAS FINANCEIRAS"],"inLanguage":"pt-PT","potentialAction":[{"@type":"CommentAction","name":"Comment","target":["https:\/\/favorite-news.com\/pt\/central-do-pego-governo-acusado-de-leiloar-um-bem-que-nao-lhe-pertence\/#respond"]}]},{"@type":"WebPage","@id":"https:\/\/favorite-news.com\/pt\/central-do-pego-governo-acusado-de-leiloar-um-bem-que-nao-lhe-pertence\/","url":"https:\/\/favorite-news.com\/pt\/central-do-pego-governo-acusado-de-leiloar-um-bem-que-nao-lhe-pertence\/","name":"Central do Pego. Governo acusado de leiloar um bem que n\u00e3o lhe pertence - Favorite News","isPartOf":{"@id":"https:\/\/favorite-news.com\/pt\/#website"},"primaryImageOfPage":{"@id":"https:\/\/favorite-news.com\/pt\/central-do-pego-governo-acusado-de-leiloar-um-bem-que-nao-lhe-pertence\/#primaryimage"},"image":{"@id":"https:\/\/favorite-news.com\/pt\/central-do-pego-governo-acusado-de-leiloar-um-bem-que-nao-lhe-pertence\/#primaryimage"},"thumbnailUrl":"https:\/\/favorite-news.com\/pt\/wp-content\/uploads\/sites\/2\/2021\/08\/Central-do-Pego-Governo-acusado-de-leiloar-um-bem-que.jpg","datePublished":"2021-08-05T11:43:01+00:00","dateModified":"2021-08-05T11:43:03+00:00","author":{"@id":"https:\/\/favorite-news.com\/pt\/#\/schema\/person\/b91573b717dcfa5e4696032a9d28d3e8"},"breadcrumb":{"@id":"https:\/\/favorite-news.com\/pt\/central-do-pego-governo-acusado-de-leiloar-um-bem-que-nao-lhe-pertence\/#breadcrumb"},"inLanguage":"pt-PT","potentialAction":[{"@type":"ReadAction","target":["https:\/\/favorite-news.com\/pt\/central-do-pego-governo-acusado-de-leiloar-um-bem-que-nao-lhe-pertence\/"]}]},{"@type":"ImageObject","inLanguage":"pt-PT","@id":"https:\/\/favorite-news.com\/pt\/central-do-pego-governo-acusado-de-leiloar-um-bem-que-nao-lhe-pertence\/#primaryimage","url":"https:\/\/favorite-news.com\/pt\/wp-content\/uploads\/sites\/2\/2021\/08\/Central-do-Pego-Governo-acusado-de-leiloar-um-bem-que.jpg","contentUrl":"https:\/\/favorite-news.com\/pt\/wp-content\/uploads\/sites\/2\/2021\/08\/Central-do-Pego-Governo-acusado-de-leiloar-um-bem-que.jpg","width":1200,"height":800,"caption":"Central do Pego. Governo acusado de leiloar um bem que n\u00e3o lhe pertence"},{"@type":"BreadcrumbList","@id":"https:\/\/favorite-news.com\/pt\/central-do-pego-governo-acusado-de-leiloar-um-bem-que-nao-lhe-pertence\/#breadcrumb","itemListElement":[{"@type":"ListItem","position":1,"name":"Home","item":"https:\/\/favorite-news.com\/pt\/"},{"@type":"ListItem","position":2,"name":"Central do Pego. Governo acusado de leiloar um bem que n\u00e3o lhe pertence"}]},{"@type":"WebSite","@id":"https:\/\/favorite-news.com\/pt\/#website","url":"https:\/\/favorite-news.com\/pt\/","name":"Favorite News","description":"Favorite News Portugal","potentialAction":[{"@type":"SearchAction","target":{"@type":"EntryPoint","urlTemplate":"https:\/\/favorite-news.com\/pt\/?s={search_term_string}"},"query-input":{"@type":"PropertyValueSpecification","valueRequired":true,"valueName":"search_term_string"}}],"inLanguage":"pt-PT"},{"@type":"Person","@id":"https:\/\/favorite-news.com\/pt\/#\/schema\/person\/b91573b717dcfa5e4696032a9d28d3e8","name":"favorite-news","image":{"@type":"ImageObject","inLanguage":"pt-PT","@id":"https:\/\/secure.gravatar.com\/avatar\/6c5a5cb12b74e9d517ee91cf570335b7d16177f1977cc91db161adfa435945a7?s=96&d=mm&r=g","url":"https:\/\/secure.gravatar.com\/avatar\/6c5a5cb12b74e9d517ee91cf570335b7d16177f1977cc91db161adfa435945a7?s=96&d=mm&r=g","contentUrl":"https:\/\/secure.gravatar.com\/avatar\/6c5a5cb12b74e9d517ee91cf570335b7d16177f1977cc91db161adfa435945a7?s=96&d=mm&r=g","caption":"favorite-news"},"url":"https:\/\/favorite-news.com\/pt\/author\/pt\/"}]}},"_links":{"self":[{"href":"https:\/\/favorite-news.com\/pt\/wp-json\/wp\/v2\/posts\/11003","targetHints":{"allow":["GET"]}}],"collection":[{"href":"https:\/\/favorite-news.com\/pt\/wp-json\/wp\/v2\/posts"}],"about":[{"href":"https:\/\/favorite-news.com\/pt\/wp-json\/wp\/v2\/types\/post"}],"author":[{"embeddable":true,"href":"https:\/\/favorite-news.com\/pt\/wp-json\/wp\/v2\/users\/2"}],"replies":[{"embeddable":true,"href":"https:\/\/favorite-news.com\/pt\/wp-json\/wp\/v2\/comments?post=11003"}],"version-history":[{"count":1,"href":"https:\/\/favorite-news.com\/pt\/wp-json\/wp\/v2\/posts\/11003\/revisions"}],"predecessor-version":[{"id":11005,"href":"https:\/\/favorite-news.com\/pt\/wp-json\/wp\/v2\/posts\/11003\/revisions\/11005"}],"wp:featuredmedia":[{"embeddable":true,"href":"https:\/\/favorite-news.com\/pt\/wp-json\/wp\/v2\/media\/11004"}],"wp:attachment":[{"href":"https:\/\/favorite-news.com\/pt\/wp-json\/wp\/v2\/media?parent=11003"}],"wp:term":[{"taxonomy":"category","embeddable":true,"href":"https:\/\/favorite-news.com\/pt\/wp-json\/wp\/v2\/categories?post=11003"},{"taxonomy":"post_tag","embeddable":true,"href":"https:\/\/favorite-news.com\/pt\/wp-json\/wp\/v2\/tags?post=11003"}],"curies":[{"name":"wp","href":"https:\/\/api.w.org\/{rel}","templated":true}]}}