{"id":10998,"date":"2021-08-05T02:42:17","date_gmt":"2021-08-04T23:42:17","guid":{"rendered":"https:\/\/favorite-news.com\/pt\/tribunal-decretou-insolvencia-da-groundforce-zap\/"},"modified":"2021-08-05T02:42:18","modified_gmt":"2021-08-04T23:42:18","slug":"tribunal-decretou-insolvencia-da-groundforce-zap","status":"publish","type":"post","link":"https:\/\/favorite-news.com\/pt\/tribunal-decretou-insolvencia-da-groundforce-zap\/","title":{"rendered":"Tribunal decretou insolv\u00eancia da Groundforce &#8211; ZAP"},"content":{"rendered":"<p>(dr) Groundforce<br \/>\nO Tribunal Judicial da Comarca de Lisboa decretou esta quarta-feira a insolv\u00eancia da SPdH (Groundforce), anunciou a TAP, que tinha feito um requerimento nesse sentido, no dia 10 de maio, de acordo com um comunicado.<\/p>\n<p>O Tribunal Judicial da Comarca de Lisboa decretou a insolv\u00eancia da Groundforce, ap\u00f3s um pedido da TAP, anunciou a companhia a\u00e9rea em comunicado publicado pela Comiss\u00e3o do Mercado de Valores Mobili\u00e1rios (CMVM).<br \/>\n\u201cA declara\u00e7\u00e3o de insolv\u00eancia da SPdH \u2013 Servi\u00e7os Portugueses de Handling, S.A. (Groundforce), hoje proferida pelos Ju\u00edzos de Com\u00e9rcio de Lisboa do Tribunal Judicial da Comarca de Lisboa, \u00e9, para a TAP, a solu\u00e7\u00e3o transit\u00f3ria que melhor permite restaurar a confian\u00e7a na gest\u00e3o da Groundforce\u201d, disse a empresa, na mesma nota.<br \/>\n\u201cA companhia sublinha que esta decis\u00e3o do Tribunal n\u00e3o determina, por si, a cessa\u00e7\u00e3o autom\u00e1tica dos contratos de trabalho dos trabalhadores da SPdH nem a suspens\u00e3o dos contratos de presta\u00e7\u00e3o duradoura de servi\u00e7os por parte da Groundforce, incluindo os servi\u00e7os de assist\u00eancia em escala \u00e0 TAP\u201d, garantiu.<br \/>\n\u201cEsta decis\u00e3o resulta do pedido feito em 10 de maio, pela TAP, S.A., na qualidade de credora, com o objetivo de procurar salvaguardar a viabilidade e a sustentabilidade da empresa de \u2018handling\u2019, assegurando a sua atividade operacional nos aeroportos portugueses\u201d, referiu a companhia a\u00e9rea.<br \/>\nAl\u00e9m disso, a TAP diz que, \u201ccaso tal se mostre vi\u00e1vel, a possibilidade de continuidade da atividade da SPdH pode ser apreciada no quadro do processo de insolv\u00eancia, sendo que os credores podem decidir pela aprova\u00e7\u00e3o de um plano de recupera\u00e7\u00e3o desta empresa\u201d.<br \/>\n\u201cSem preju\u00edzo da possibilidade de impugna\u00e7\u00e3o da senten\u00e7a nos termos previstos na lei, seguir-se-\u00e1 a tramita\u00e7\u00e3o pr\u00f3pria do processo de insolv\u00eancia\u201d, indicou ainda a transportadora.<br \/>\nA TAP garante que \u201ccontinuar\u00e1 a zelar pela defesa dos seus melhores interesses\u201d e que continua \u201cempenhada em trabalhar em solu\u00e7\u00f5es que permitam assegurar a capacidade de resposta operacional e a sustentabilidade financeira da Groundforce\u201d.<br \/>\nNum email enviado aos trabalhadores para \u201cesclarecer\u201d o processo, a CEO da TAP, Christine Ourmi\u00e8res-Widener, reafirma que a insolv\u00eancia n\u00e3o determina \u201cpor si\u201d a cessa\u00e7\u00e3o dos contratos e que a empresa \u201ccontinuar\u00e1 a prestar os seus servi\u00e7os\u201d, escreve o Observador.<br \/>\nChristine Ourmi\u00e8res-Widener acrescenta que a solu\u00e7\u00e3o \u00e9 que \u201cmelhor protege a generalidade dos stakeholders, incluindo os seus trabalhadores\u201d.<\/p>\n<p>\n<!--noindex--><br \/>\n<a href=\"https:\/\/zap.aeiou.pt\/tribunal-decretou-insolvencia-groundforce-422571\" rel=\"nofollow\">Source link <\/a><br \/>\n<!--\/noindex--><\/p>\n","protected":false},"excerpt":{"rendered":"<p>(dr) Groundforce O Tribunal Judicial da Comarca de Lisboa decretou esta quarta-feira a insolv\u00eancia da SPdH (Groundforce), anunciou a TAP, que tinha feito um requerimento nesse sentido, no dia 10 de maio, de acordo com um comunicado. O Tribunal Judicial da Comarca de Lisboa decretou a insolv\u00eancia da Groundforce, ap\u00f3s um pedido da TAP, anunciou [&hellip;]<\/p>\n","protected":false},"author":2,"featured_media":10892,"comment_status":"open","ping_status":"open","sticky":false,"template":"","format":"standard","meta":{"footnotes":""},"categories":[1],"tags":[],"class_list":["post-10998","post","type-post","status-publish","format-standard","has-post-thumbnail","hentry","category-noticias-financeiras"],"yoast_head":"<!-- This site is optimized with the Yoast SEO plugin v27.4 - https:\/\/yoast.com\/product\/yoast-seo-wordpress\/ -->\n<title>Tribunal decretou insolv\u00eancia da Groundforce - ZAP - Favorite News<\/title>\n<meta name=\"robots\" content=\"index, follow, max-snippet:-1, max-image-preview:large, max-video-preview:-1\" \/>\n<link rel=\"canonical\" href=\"https:\/\/favorite-news.com\/pt\/tribunal-decretou-insolvencia-da-groundforce-zap\/\" \/>\n<meta property=\"og:locale\" content=\"pt_PT\" \/>\n<meta property=\"og:type\" content=\"article\" \/>\n<meta property=\"og:title\" content=\"Tribunal decretou insolv\u00eancia da Groundforce - ZAP - Favorite News\" \/>\n<meta property=\"og:description\" content=\"(dr) Groundforce O Tribunal Judicial da Comarca de Lisboa decretou esta quarta-feira a insolv\u00eancia da SPdH (Groundforce), anunciou a TAP, que tinha feito um requerimento nesse sentido, no dia 10 de maio, de acordo com um comunicado. O Tribunal Judicial da Comarca de Lisboa decretou a insolv\u00eancia da Groundforce, ap\u00f3s um pedido da TAP, anunciou [&hellip;]\" \/>\n<meta property=\"og:url\" content=\"https:\/\/favorite-news.com\/pt\/tribunal-decretou-insolvencia-da-groundforce-zap\/\" \/>\n<meta property=\"og:site_name\" content=\"Favorite News\" \/>\n<meta property=\"article:published_time\" content=\"2021-08-04T23:42:17+00:00\" \/>\n<meta property=\"article:modified_time\" content=\"2021-08-04T23:42:18+00:00\" \/>\n<meta property=\"og:image\" content=\"https:\/\/favorite-news.com\/pt\/wp-content\/uploads\/sites\/2\/2021\/07\/Desconvocada-greve-da-Groundforce-para-os-dias-31-de-julho.jpg\" \/>\n\t<meta property=\"og:image:width\" content=\"1500\" \/>\n\t<meta property=\"og:image:height\" content=\"1000\" \/>\n\t<meta property=\"og:image:type\" content=\"image\/jpeg\" \/>\n<meta name=\"author\" content=\"favorite-news\" \/>\n<meta name=\"twitter:card\" content=\"summary_large_image\" \/>\n<meta name=\"twitter:label1\" content=\"Escrito por\" \/>\n\t<meta name=\"twitter:data1\" content=\"favorite-news\" \/>\n\t<meta name=\"twitter:label2\" content=\"Tempo estimado de leitura\" \/>\n\t<meta name=\"twitter:data2\" content=\"2 minutos\" \/>\n<script type=\"application\/ld+json\" class=\"yoast-schema-graph\">{\"@context\":\"https:\\\/\\\/schema.org\",\"@graph\":[{\"@type\":\"Article\",\"@id\":\"https:\\\/\\\/favorite-news.com\\\/pt\\\/tribunal-decretou-insolvencia-da-groundforce-zap\\\/#article\",\"isPartOf\":{\"@id\":\"https:\\\/\\\/favorite-news.com\\\/pt\\\/tribunal-decretou-insolvencia-da-groundforce-zap\\\/\"},\"author\":{\"name\":\"favorite-news\",\"@id\":\"https:\\\/\\\/favorite-news.com\\\/pt\\\/#\\\/schema\\\/person\\\/b91573b717dcfa5e4696032a9d28d3e8\"},\"headline\":\"Tribunal decretou insolv\u00eancia da Groundforce &#8211; ZAP\",\"datePublished\":\"2021-08-04T23:42:17+00:00\",\"dateModified\":\"2021-08-04T23:42:18+00:00\",\"mainEntityOfPage\":{\"@id\":\"https:\\\/\\\/favorite-news.com\\\/pt\\\/tribunal-decretou-insolvencia-da-groundforce-zap\\\/\"},\"wordCount\":423,\"commentCount\":0,\"image\":{\"@id\":\"https:\\\/\\\/favorite-news.com\\\/pt\\\/tribunal-decretou-insolvencia-da-groundforce-zap\\\/#primaryimage\"},\"thumbnailUrl\":\"https:\\\/\\\/favorite-news.com\\\/pt\\\/wp-content\\\/uploads\\\/sites\\\/2\\\/2021\\\/07\\\/Desconvocada-greve-da-Groundforce-para-os-dias-31-de-julho.jpg\",\"articleSection\":[\"NOT\u00cdCIAS FINANCEIRAS\"],\"inLanguage\":\"pt-PT\",\"potentialAction\":[{\"@type\":\"CommentAction\",\"name\":\"Comment\",\"target\":[\"https:\\\/\\\/favorite-news.com\\\/pt\\\/tribunal-decretou-insolvencia-da-groundforce-zap\\\/#respond\"]}]},{\"@type\":\"WebPage\",\"@id\":\"https:\\\/\\\/favorite-news.com\\\/pt\\\/tribunal-decretou-insolvencia-da-groundforce-zap\\\/\",\"url\":\"https:\\\/\\\/favorite-news.com\\\/pt\\\/tribunal-decretou-insolvencia-da-groundforce-zap\\\/\",\"name\":\"Tribunal decretou insolv\u00eancia da Groundforce - ZAP - Favorite News\",\"isPartOf\":{\"@id\":\"https:\\\/\\\/favorite-news.com\\\/pt\\\/#website\"},\"primaryImageOfPage\":{\"@id\":\"https:\\\/\\\/favorite-news.com\\\/pt\\\/tribunal-decretou-insolvencia-da-groundforce-zap\\\/#primaryimage\"},\"image\":{\"@id\":\"https:\\\/\\\/favorite-news.com\\\/pt\\\/tribunal-decretou-insolvencia-da-groundforce-zap\\\/#primaryimage\"},\"thumbnailUrl\":\"https:\\\/\\\/favorite-news.com\\\/pt\\\/wp-content\\\/uploads\\\/sites\\\/2\\\/2021\\\/07\\\/Desconvocada-greve-da-Groundforce-para-os-dias-31-de-julho.jpg\",\"datePublished\":\"2021-08-04T23:42:17+00:00\",\"dateModified\":\"2021-08-04T23:42:18+00:00\",\"author\":{\"@id\":\"https:\\\/\\\/favorite-news.com\\\/pt\\\/#\\\/schema\\\/person\\\/b91573b717dcfa5e4696032a9d28d3e8\"},\"breadcrumb\":{\"@id\":\"https:\\\/\\\/favorite-news.com\\\/pt\\\/tribunal-decretou-insolvencia-da-groundforce-zap\\\/#breadcrumb\"},\"inLanguage\":\"pt-PT\",\"potentialAction\":[{\"@type\":\"ReadAction\",\"target\":[\"https:\\\/\\\/favorite-news.com\\\/pt\\\/tribunal-decretou-insolvencia-da-groundforce-zap\\\/\"]}]},{\"@type\":\"ImageObject\",\"inLanguage\":\"pt-PT\",\"@id\":\"https:\\\/\\\/favorite-news.com\\\/pt\\\/tribunal-decretou-insolvencia-da-groundforce-zap\\\/#primaryimage\",\"url\":\"https:\\\/\\\/favorite-news.com\\\/pt\\\/wp-content\\\/uploads\\\/sites\\\/2\\\/2021\\\/07\\\/Desconvocada-greve-da-Groundforce-para-os-dias-31-de-julho.jpg\",\"contentUrl\":\"https:\\\/\\\/favorite-news.com\\\/pt\\\/wp-content\\\/uploads\\\/sites\\\/2\\\/2021\\\/07\\\/Desconvocada-greve-da-Groundforce-para-os-dias-31-de-julho.jpg\",\"width\":1500,\"height\":1000,\"caption\":\"Desconvocada greve da Groundforce para os dias 31 de julho e 1 e 2 de agosto - ZAP\"},{\"@type\":\"BreadcrumbList\",\"@id\":\"https:\\\/\\\/favorite-news.com\\\/pt\\\/tribunal-decretou-insolvencia-da-groundforce-zap\\\/#breadcrumb\",\"itemListElement\":[{\"@type\":\"ListItem\",\"position\":1,\"name\":\"Home\",\"item\":\"https:\\\/\\\/favorite-news.com\\\/pt\\\/\"},{\"@type\":\"ListItem\",\"position\":2,\"name\":\"Tribunal decretou insolv\u00eancia da Groundforce &#8211; ZAP\"}]},{\"@type\":\"WebSite\",\"@id\":\"https:\\\/\\\/favorite-news.com\\\/pt\\\/#website\",\"url\":\"https:\\\/\\\/favorite-news.com\\\/pt\\\/\",\"name\":\"Favorite News\",\"description\":\"Favorite News Portugal\",\"potentialAction\":[{\"@type\":\"SearchAction\",\"target\":{\"@type\":\"EntryPoint\",\"urlTemplate\":\"https:\\\/\\\/favorite-news.com\\\/pt\\\/?s={search_term_string}\"},\"query-input\":{\"@type\":\"PropertyValueSpecification\",\"valueRequired\":true,\"valueName\":\"search_term_string\"}}],\"inLanguage\":\"pt-PT\"},{\"@type\":\"Person\",\"@id\":\"https:\\\/\\\/favorite-news.com\\\/pt\\\/#\\\/schema\\\/person\\\/b91573b717dcfa5e4696032a9d28d3e8\",\"name\":\"favorite-news\",\"image\":{\"@type\":\"ImageObject\",\"inLanguage\":\"pt-PT\",\"@id\":\"https:\\\/\\\/secure.gravatar.com\\\/avatar\\\/6c5a5cb12b74e9d517ee91cf570335b7d16177f1977cc91db161adfa435945a7?s=96&d=mm&r=g\",\"url\":\"https:\\\/\\\/secure.gravatar.com\\\/avatar\\\/6c5a5cb12b74e9d517ee91cf570335b7d16177f1977cc91db161adfa435945a7?s=96&d=mm&r=g\",\"contentUrl\":\"https:\\\/\\\/secure.gravatar.com\\\/avatar\\\/6c5a5cb12b74e9d517ee91cf570335b7d16177f1977cc91db161adfa435945a7?s=96&d=mm&r=g\",\"caption\":\"favorite-news\"},\"url\":\"https:\\\/\\\/favorite-news.com\\\/pt\\\/author\\\/pt\\\/\"}]}<\/script>\n<!-- \/ Yoast SEO plugin. -->","yoast_head_json":{"title":"Tribunal decretou insolv\u00eancia da Groundforce - ZAP - Favorite News","robots":{"index":"index","follow":"follow","max-snippet":"max-snippet:-1","max-image-preview":"max-image-preview:large","max-video-preview":"max-video-preview:-1"},"canonical":"https:\/\/favorite-news.com\/pt\/tribunal-decretou-insolvencia-da-groundforce-zap\/","og_locale":"pt_PT","og_type":"article","og_title":"Tribunal decretou insolv\u00eancia da Groundforce - ZAP - Favorite News","og_description":"(dr) Groundforce O Tribunal Judicial da Comarca de Lisboa decretou esta quarta-feira a insolv\u00eancia da SPdH (Groundforce), anunciou a TAP, que tinha feito um requerimento nesse sentido, no dia 10 de maio, de acordo com um comunicado. O Tribunal Judicial da Comarca de Lisboa decretou a insolv\u00eancia da Groundforce, ap\u00f3s um pedido da TAP, anunciou [&hellip;]","og_url":"https:\/\/favorite-news.com\/pt\/tribunal-decretou-insolvencia-da-groundforce-zap\/","og_site_name":"Favorite News","article_published_time":"2021-08-04T23:42:17+00:00","article_modified_time":"2021-08-04T23:42:18+00:00","og_image":[{"width":1500,"height":1000,"url":"https:\/\/favorite-news.com\/pt\/wp-content\/uploads\/sites\/2\/2021\/07\/Desconvocada-greve-da-Groundforce-para-os-dias-31-de-julho.jpg","type":"image\/jpeg"}],"author":"favorite-news","twitter_card":"summary_large_image","twitter_misc":{"Escrito por":"favorite-news","Tempo estimado de leitura":"2 minutos"},"schema":{"@context":"https:\/\/schema.org","@graph":[{"@type":"Article","@id":"https:\/\/favorite-news.com\/pt\/tribunal-decretou-insolvencia-da-groundforce-zap\/#article","isPartOf":{"@id":"https:\/\/favorite-news.com\/pt\/tribunal-decretou-insolvencia-da-groundforce-zap\/"},"author":{"name":"favorite-news","@id":"https:\/\/favorite-news.com\/pt\/#\/schema\/person\/b91573b717dcfa5e4696032a9d28d3e8"},"headline":"Tribunal decretou insolv\u00eancia da Groundforce &#8211; ZAP","datePublished":"2021-08-04T23:42:17+00:00","dateModified":"2021-08-04T23:42:18+00:00","mainEntityOfPage":{"@id":"https:\/\/favorite-news.com\/pt\/tribunal-decretou-insolvencia-da-groundforce-zap\/"},"wordCount":423,"commentCount":0,"image":{"@id":"https:\/\/favorite-news.com\/pt\/tribunal-decretou-insolvencia-da-groundforce-zap\/#primaryimage"},"thumbnailUrl":"https:\/\/favorite-news.com\/pt\/wp-content\/uploads\/sites\/2\/2021\/07\/Desconvocada-greve-da-Groundforce-para-os-dias-31-de-julho.jpg","articleSection":["NOT\u00cdCIAS FINANCEIRAS"],"inLanguage":"pt-PT","potentialAction":[{"@type":"CommentAction","name":"Comment","target":["https:\/\/favorite-news.com\/pt\/tribunal-decretou-insolvencia-da-groundforce-zap\/#respond"]}]},{"@type":"WebPage","@id":"https:\/\/favorite-news.com\/pt\/tribunal-decretou-insolvencia-da-groundforce-zap\/","url":"https:\/\/favorite-news.com\/pt\/tribunal-decretou-insolvencia-da-groundforce-zap\/","name":"Tribunal decretou insolv\u00eancia da Groundforce - ZAP - Favorite News","isPartOf":{"@id":"https:\/\/favorite-news.com\/pt\/#website"},"primaryImageOfPage":{"@id":"https:\/\/favorite-news.com\/pt\/tribunal-decretou-insolvencia-da-groundforce-zap\/#primaryimage"},"image":{"@id":"https:\/\/favorite-news.com\/pt\/tribunal-decretou-insolvencia-da-groundforce-zap\/#primaryimage"},"thumbnailUrl":"https:\/\/favorite-news.com\/pt\/wp-content\/uploads\/sites\/2\/2021\/07\/Desconvocada-greve-da-Groundforce-para-os-dias-31-de-julho.jpg","datePublished":"2021-08-04T23:42:17+00:00","dateModified":"2021-08-04T23:42:18+00:00","author":{"@id":"https:\/\/favorite-news.com\/pt\/#\/schema\/person\/b91573b717dcfa5e4696032a9d28d3e8"},"breadcrumb":{"@id":"https:\/\/favorite-news.com\/pt\/tribunal-decretou-insolvencia-da-groundforce-zap\/#breadcrumb"},"inLanguage":"pt-PT","potentialAction":[{"@type":"ReadAction","target":["https:\/\/favorite-news.com\/pt\/tribunal-decretou-insolvencia-da-groundforce-zap\/"]}]},{"@type":"ImageObject","inLanguage":"pt-PT","@id":"https:\/\/favorite-news.com\/pt\/tribunal-decretou-insolvencia-da-groundforce-zap\/#primaryimage","url":"https:\/\/favorite-news.com\/pt\/wp-content\/uploads\/sites\/2\/2021\/07\/Desconvocada-greve-da-Groundforce-para-os-dias-31-de-julho.jpg","contentUrl":"https:\/\/favorite-news.com\/pt\/wp-content\/uploads\/sites\/2\/2021\/07\/Desconvocada-greve-da-Groundforce-para-os-dias-31-de-julho.jpg","width":1500,"height":1000,"caption":"Desconvocada greve da Groundforce para os dias 31 de julho e 1 e 2 de agosto - ZAP"},{"@type":"BreadcrumbList","@id":"https:\/\/favorite-news.com\/pt\/tribunal-decretou-insolvencia-da-groundforce-zap\/#breadcrumb","itemListElement":[{"@type":"ListItem","position":1,"name":"Home","item":"https:\/\/favorite-news.com\/pt\/"},{"@type":"ListItem","position":2,"name":"Tribunal decretou insolv\u00eancia da Groundforce &#8211; ZAP"}]},{"@type":"WebSite","@id":"https:\/\/favorite-news.com\/pt\/#website","url":"https:\/\/favorite-news.com\/pt\/","name":"Favorite News","description":"Favorite News Portugal","potentialAction":[{"@type":"SearchAction","target":{"@type":"EntryPoint","urlTemplate":"https:\/\/favorite-news.com\/pt\/?s={search_term_string}"},"query-input":{"@type":"PropertyValueSpecification","valueRequired":true,"valueName":"search_term_string"}}],"inLanguage":"pt-PT"},{"@type":"Person","@id":"https:\/\/favorite-news.com\/pt\/#\/schema\/person\/b91573b717dcfa5e4696032a9d28d3e8","name":"favorite-news","image":{"@type":"ImageObject","inLanguage":"pt-PT","@id":"https:\/\/secure.gravatar.com\/avatar\/6c5a5cb12b74e9d517ee91cf570335b7d16177f1977cc91db161adfa435945a7?s=96&d=mm&r=g","url":"https:\/\/secure.gravatar.com\/avatar\/6c5a5cb12b74e9d517ee91cf570335b7d16177f1977cc91db161adfa435945a7?s=96&d=mm&r=g","contentUrl":"https:\/\/secure.gravatar.com\/avatar\/6c5a5cb12b74e9d517ee91cf570335b7d16177f1977cc91db161adfa435945a7?s=96&d=mm&r=g","caption":"favorite-news"},"url":"https:\/\/favorite-news.com\/pt\/author\/pt\/"}]}},"_links":{"self":[{"href":"https:\/\/favorite-news.com\/pt\/wp-json\/wp\/v2\/posts\/10998","targetHints":{"allow":["GET"]}}],"collection":[{"href":"https:\/\/favorite-news.com\/pt\/wp-json\/wp\/v2\/posts"}],"about":[{"href":"https:\/\/favorite-news.com\/pt\/wp-json\/wp\/v2\/types\/post"}],"author":[{"embeddable":true,"href":"https:\/\/favorite-news.com\/pt\/wp-json\/wp\/v2\/users\/2"}],"replies":[{"embeddable":true,"href":"https:\/\/favorite-news.com\/pt\/wp-json\/wp\/v2\/comments?post=10998"}],"version-history":[{"count":1,"href":"https:\/\/favorite-news.com\/pt\/wp-json\/wp\/v2\/posts\/10998\/revisions"}],"predecessor-version":[{"id":10999,"href":"https:\/\/favorite-news.com\/pt\/wp-json\/wp\/v2\/posts\/10998\/revisions\/10999"}],"wp:featuredmedia":[{"embeddable":true,"href":"https:\/\/favorite-news.com\/pt\/wp-json\/wp\/v2\/media\/10892"}],"wp:attachment":[{"href":"https:\/\/favorite-news.com\/pt\/wp-json\/wp\/v2\/media?parent=10998"}],"wp:term":[{"taxonomy":"category","embeddable":true,"href":"https:\/\/favorite-news.com\/pt\/wp-json\/wp\/v2\/categories?post=10998"},{"taxonomy":"post_tag","embeddable":true,"href":"https:\/\/favorite-news.com\/pt\/wp-json\/wp\/v2\/tags?post=10998"}],"curies":[{"name":"wp","href":"https:\/\/api.w.org\/{rel}","templated":true}]}}