{"id":10972,"date":"2021-08-02T14:34:02","date_gmt":"2021-08-02T11:34:02","guid":{"rendered":"https:\/\/favorite-news.com\/pt\/governo-prepara-novas-contratacoes-para-a-funcao-publica-zap\/"},"modified":"2021-08-02T14:34:05","modified_gmt":"2021-08-02T11:34:05","slug":"governo-prepara-novas-contratacoes-para-a-funcao-publica-zap","status":"publish","type":"post","link":"https:\/\/favorite-news.com\/pt\/governo-prepara-novas-contratacoes-para-a-funcao-publica-zap\/","title":{"rendered":"Governo prepara novas contrata\u00e7\u00f5es para a Fun\u00e7\u00e3o P\u00fablica &#8211; ZAP"},"content":{"rendered":"<p>Ant\u00f3nio Cotrim \/ Lusa<br \/>\nNovos concursos (dois) dever\u00e3o resultar na coloca\u00e7\u00e3o de cerca de 475 t\u00e9cnicos superiores e de mil trabalhadores para a m\u00e1quina do Estado. Governo acena com condi\u00e7\u00f5es remunerat\u00f3rias mais atrativas, apesar de as solu\u00e7\u00f5es ainda estarem em fase de estudo.<\/p>\n<p>Na sequ\u00eancia das recentes declara\u00e7\u00f5es de Marcelo Rebelo de Sousa, em que o Presidente da Rep\u00fablica denunciava que a Administra\u00e7\u00e3o P\u00fablica (AP) estava \u201cdesfalcada, em termos de recursos humanos\u201d, o Governo prepara-se para para abrir uma nova oferta de coloca\u00e7\u00e3o para contratar mais 475 t\u00e9cnicos superiores.<br \/>\nA not\u00edcia avan\u00e7ada pelo Eco d\u00e1 conta de um segundo concurso, um recrutamento centralizado, que poder\u00e1 adicionar mais mil t\u00e9cnicos superiores \u00e0 m\u00e1quina do Estado \u2014 o n\u00famero ainda n\u00e3o est\u00e1 fechado. Os indiv\u00edduos que consigam os lugares dever\u00e3o beneficiar de condi\u00e7\u00f5es remunerat\u00f3rias mais atrativas face aos contratados em concursos anteriores.<br \/>\nEm fase de estudo est\u00e3o duas solu\u00e7\u00f5es: uma entrada na carreira geral que premeie mais as qualifica\u00e7\u00f5es, e uma progress\u00e3o mais r\u00e1pida do que os atuais saltos de 10 anos em 10 anos. Segundo o gabinete de Alexandra Leit\u00e3o, ministra da Moderniza\u00e7\u00e3o do Estado e da Administra\u00e7\u00e3o, o Or\u00e7amento do Estado para 2022 dever\u00e1 acautelar verbas para este efeito \u201cN\u00f3s n\u00e3o queremos uma Administra\u00e7\u00e3o P\u00fablica barata, queremos uma Administra\u00e7\u00e3o P\u00fablica produtiva e qualificada\u201c, resume a ministra.<\/p>\n<p>Confrontada com as declara\u00e7\u00f5es de Marcelo Rebelo de Sousa, Alexandra Leit\u00e3o lembrou que, \u00e0 semelhan\u00e7a do que j\u00e1 tem referido em entrevistas anteriores, \u201cn\u00e3o h\u00e1 trabalhadores a mais na Fun\u00e7\u00e3o P\u00fablica. \u201c\u00c9 verdade que temos tido, desde 2015, um crescimento consistente no n\u00famero de trabalhadores na Administra\u00e7\u00e3o Publica, mas \u00e9 meu entendimento que n\u00f3s n\u00e3o temos trabalhadores a mais na Administra\u00e7\u00e3o Publica\u201d.<br \/>\nA ministra defendeu uma \u201cmudan\u00e7a no perfil dos trabalhadores da AP\u201d. \u201cN\u00f3s n\u00e3o precisamos de mais indistintamente, precisamos de mais, sim. N\u00f3s precisamos de fazer uma coisa fundamental que \u00e9 valorizar e qualificar os t\u00e9cnicos superiores que temos hoje na Administra\u00e7\u00e3o Publica e ter capacidade para atrair, para contratar mais t\u00e9cnicos superiores jovens e qualificados\u201d, defendeu Alexandra Leit\u00e3o.<br \/>\nNo \u00e2mbito destas mudan\u00e7as, as novas contrata\u00e7\u00f5es dever\u00e3o incidir em \u201cpessoas com licenciatura, mestrado ou at\u00e9 doutoramento\u201d. Trata-se de uma preocupa\u00e7\u00e3o que face \u00e0 digitaliza\u00e7\u00e3o \u201cteve um enorme empurr\u00e3o, e que com o PRR vai ter ainda mais\u201d, afirmou a respons\u00e1vel pela pasta da AP que alerta para o facto de existirem \u201ccada vez mais fun\u00e7\u00f5es que se tornam desnecess\u00e1rias\u201d ao mesmo tempo que, para outras vagas, \u00e9 preciso \u201ccada vez mais de gente qualificada\u201d.<br \/>\nNa entrevista ao Eco, Alexandra Leit\u00e3o prometeu que o Or\u00e7amento do Estado para 22 ter\u00e1 em aten\u00e7\u00e3o o aviso deixado por Ant\u00f3nio Costa no debate do Estado da Na\u00e7\u00e3o, quando foi pedido que se olhe mais para os t\u00e9cnicos superiores \u2014 em linha com o pedido feito em 2019 para que se aumentasse significativamente o quadro remunerat\u00f3rio deste grupo.<br \/>\nNeste sentido, a ministra revelou que se est\u00e1 a \u201ctrabalhar nessa valoriza\u00e7\u00e3o, esperamos que possa ser j\u00e1 no Or\u00e7amento de Estado cuja negocia\u00e7\u00e3o agora se inicia\u201d.<br \/>\nSobre poss\u00edveis aumentos salariais generalizados para 2022, a ministra da Moderniza\u00e7\u00e3o do Estado e da Administra\u00e7\u00e3o preferiu n\u00e3o se comprometer com valores. \u201cNeste momento, n\u00e3o vou mesmo prometer. Fez-se um grande esfor\u00e7o h\u00e1 v\u00e1rios anos para c\u00e1. A come\u00e7ar, o aumento do Sal\u00e1rio M\u00ednimo Nacional (SMN) obviamente aplica-se \u00e0 base remunerat\u00f3rio da Administra\u00e7\u00e3o P\u00fablica.\u201d<br \/>\n ARM, ZAP \/\/ <\/p>\n<p>\n<!--noindex--><br \/>\n<a href=\"https:\/\/zap.aeiou.pt\/governo-novas-contratacoes-ap-421602\" rel=\"nofollow\">Source link <\/a><br \/>\n<!--\/noindex--><\/p>\n","protected":false},"excerpt":{"rendered":"<p>Ant\u00f3nio Cotrim \/ Lusa Novos concursos (dois) dever\u00e3o resultar na coloca\u00e7\u00e3o de cerca de 475 t\u00e9cnicos superiores e de mil trabalhadores para a m\u00e1quina do Estado. Governo acena com condi\u00e7\u00f5es remunerat\u00f3rias mais atrativas, apesar de as solu\u00e7\u00f5es ainda estarem em fase de estudo. Na sequ\u00eancia das recentes declara\u00e7\u00f5es de Marcelo Rebelo de Sousa, em que [&hellip;]<\/p>\n","protected":false},"author":2,"featured_media":10973,"comment_status":"open","ping_status":"open","sticky":false,"template":"","format":"standard","meta":{"footnotes":""},"categories":[1],"tags":[],"class_list":["post-10972","post","type-post","status-publish","format-standard","has-post-thumbnail","hentry","category-noticias-financeiras"],"yoast_head":"<!-- This site is optimized with the Yoast SEO plugin v27.4 - https:\/\/yoast.com\/product\/yoast-seo-wordpress\/ -->\n<title>Governo prepara novas contrata\u00e7\u00f5es para a Fun\u00e7\u00e3o P\u00fablica - ZAP - Favorite News<\/title>\n<meta name=\"robots\" content=\"index, follow, max-snippet:-1, max-image-preview:large, max-video-preview:-1\" \/>\n<link rel=\"canonical\" href=\"https:\/\/favorite-news.com\/pt\/governo-prepara-novas-contratacoes-para-a-funcao-publica-zap\/\" \/>\n<meta property=\"og:locale\" content=\"pt_PT\" \/>\n<meta property=\"og:type\" content=\"article\" \/>\n<meta property=\"og:title\" content=\"Governo prepara novas contrata\u00e7\u00f5es para a Fun\u00e7\u00e3o P\u00fablica - ZAP - Favorite News\" \/>\n<meta property=\"og:description\" content=\"Ant\u00f3nio Cotrim \/ Lusa Novos concursos (dois) dever\u00e3o resultar na coloca\u00e7\u00e3o de cerca de 475 t\u00e9cnicos superiores e de mil trabalhadores para a m\u00e1quina do Estado. Governo acena com condi\u00e7\u00f5es remunerat\u00f3rias mais atrativas, apesar de as solu\u00e7\u00f5es ainda estarem em fase de estudo. Na sequ\u00eancia das recentes declara\u00e7\u00f5es de Marcelo Rebelo de Sousa, em que [&hellip;]\" \/>\n<meta property=\"og:url\" content=\"https:\/\/favorite-news.com\/pt\/governo-prepara-novas-contratacoes-para-a-funcao-publica-zap\/\" \/>\n<meta property=\"og:site_name\" content=\"Favorite News\" \/>\n<meta property=\"article:published_time\" content=\"2021-08-02T11:34:02+00:00\" \/>\n<meta property=\"article:modified_time\" content=\"2021-08-02T11:34:05+00:00\" \/>\n<meta property=\"og:image\" content=\"https:\/\/favorite-news.com\/pt\/wp-content\/uploads\/sites\/2\/2021\/08\/Governo-prepara-novas-contratacoes-para-a-Funcao-Publica-ZAP.jpg\" \/>\n\t<meta property=\"og:image:width\" content=\"1200\" \/>\n\t<meta property=\"og:image:height\" content=\"800\" \/>\n\t<meta property=\"og:image:type\" content=\"image\/jpeg\" \/>\n<meta name=\"author\" content=\"favorite-news\" \/>\n<meta name=\"twitter:card\" content=\"summary_large_image\" \/>\n<meta name=\"twitter:label1\" content=\"Escrito por\" \/>\n\t<meta name=\"twitter:data1\" content=\"favorite-news\" \/>\n\t<meta name=\"twitter:label2\" content=\"Tempo estimado de leitura\" \/>\n\t<meta name=\"twitter:data2\" content=\"3 minutos\" \/>\n<script type=\"application\/ld+json\" class=\"yoast-schema-graph\">{\"@context\":\"https:\\\/\\\/schema.org\",\"@graph\":[{\"@type\":\"Article\",\"@id\":\"https:\\\/\\\/favorite-news.com\\\/pt\\\/governo-prepara-novas-contratacoes-para-a-funcao-publica-zap\\\/#article\",\"isPartOf\":{\"@id\":\"https:\\\/\\\/favorite-news.com\\\/pt\\\/governo-prepara-novas-contratacoes-para-a-funcao-publica-zap\\\/\"},\"author\":{\"name\":\"favorite-news\",\"@id\":\"https:\\\/\\\/favorite-news.com\\\/pt\\\/#\\\/schema\\\/person\\\/b91573b717dcfa5e4696032a9d28d3e8\"},\"headline\":\"Governo prepara novas contrata\u00e7\u00f5es para a Fun\u00e7\u00e3o P\u00fablica &#8211; ZAP\",\"datePublished\":\"2021-08-02T11:34:02+00:00\",\"dateModified\":\"2021-08-02T11:34:05+00:00\",\"mainEntityOfPage\":{\"@id\":\"https:\\\/\\\/favorite-news.com\\\/pt\\\/governo-prepara-novas-contratacoes-para-a-funcao-publica-zap\\\/\"},\"wordCount\":638,\"commentCount\":0,\"image\":{\"@id\":\"https:\\\/\\\/favorite-news.com\\\/pt\\\/governo-prepara-novas-contratacoes-para-a-funcao-publica-zap\\\/#primaryimage\"},\"thumbnailUrl\":\"https:\\\/\\\/favorite-news.com\\\/pt\\\/wp-content\\\/uploads\\\/sites\\\/2\\\/2021\\\/08\\\/Governo-prepara-novas-contratacoes-para-a-Funcao-Publica-ZAP.jpg\",\"articleSection\":[\"NOT\u00cdCIAS FINANCEIRAS\"],\"inLanguage\":\"pt-PT\",\"potentialAction\":[{\"@type\":\"CommentAction\",\"name\":\"Comment\",\"target\":[\"https:\\\/\\\/favorite-news.com\\\/pt\\\/governo-prepara-novas-contratacoes-para-a-funcao-publica-zap\\\/#respond\"]}]},{\"@type\":\"WebPage\",\"@id\":\"https:\\\/\\\/favorite-news.com\\\/pt\\\/governo-prepara-novas-contratacoes-para-a-funcao-publica-zap\\\/\",\"url\":\"https:\\\/\\\/favorite-news.com\\\/pt\\\/governo-prepara-novas-contratacoes-para-a-funcao-publica-zap\\\/\",\"name\":\"Governo prepara novas contrata\u00e7\u00f5es para a Fun\u00e7\u00e3o P\u00fablica - ZAP - Favorite News\",\"isPartOf\":{\"@id\":\"https:\\\/\\\/favorite-news.com\\\/pt\\\/#website\"},\"primaryImageOfPage\":{\"@id\":\"https:\\\/\\\/favorite-news.com\\\/pt\\\/governo-prepara-novas-contratacoes-para-a-funcao-publica-zap\\\/#primaryimage\"},\"image\":{\"@id\":\"https:\\\/\\\/favorite-news.com\\\/pt\\\/governo-prepara-novas-contratacoes-para-a-funcao-publica-zap\\\/#primaryimage\"},\"thumbnailUrl\":\"https:\\\/\\\/favorite-news.com\\\/pt\\\/wp-content\\\/uploads\\\/sites\\\/2\\\/2021\\\/08\\\/Governo-prepara-novas-contratacoes-para-a-Funcao-Publica-ZAP.jpg\",\"datePublished\":\"2021-08-02T11:34:02+00:00\",\"dateModified\":\"2021-08-02T11:34:05+00:00\",\"author\":{\"@id\":\"https:\\\/\\\/favorite-news.com\\\/pt\\\/#\\\/schema\\\/person\\\/b91573b717dcfa5e4696032a9d28d3e8\"},\"breadcrumb\":{\"@id\":\"https:\\\/\\\/favorite-news.com\\\/pt\\\/governo-prepara-novas-contratacoes-para-a-funcao-publica-zap\\\/#breadcrumb\"},\"inLanguage\":\"pt-PT\",\"potentialAction\":[{\"@type\":\"ReadAction\",\"target\":[\"https:\\\/\\\/favorite-news.com\\\/pt\\\/governo-prepara-novas-contratacoes-para-a-funcao-publica-zap\\\/\"]}]},{\"@type\":\"ImageObject\",\"inLanguage\":\"pt-PT\",\"@id\":\"https:\\\/\\\/favorite-news.com\\\/pt\\\/governo-prepara-novas-contratacoes-para-a-funcao-publica-zap\\\/#primaryimage\",\"url\":\"https:\\\/\\\/favorite-news.com\\\/pt\\\/wp-content\\\/uploads\\\/sites\\\/2\\\/2021\\\/08\\\/Governo-prepara-novas-contratacoes-para-a-Funcao-Publica-ZAP.jpg\",\"contentUrl\":\"https:\\\/\\\/favorite-news.com\\\/pt\\\/wp-content\\\/uploads\\\/sites\\\/2\\\/2021\\\/08\\\/Governo-prepara-novas-contratacoes-para-a-Funcao-Publica-ZAP.jpg\",\"width\":1200,\"height\":800,\"caption\":\"Governo prepara novas contrata\u00e7\u00f5es para a Fun\u00e7\u00e3o P\u00fablica - ZAP\"},{\"@type\":\"BreadcrumbList\",\"@id\":\"https:\\\/\\\/favorite-news.com\\\/pt\\\/governo-prepara-novas-contratacoes-para-a-funcao-publica-zap\\\/#breadcrumb\",\"itemListElement\":[{\"@type\":\"ListItem\",\"position\":1,\"name\":\"Home\",\"item\":\"https:\\\/\\\/favorite-news.com\\\/pt\\\/\"},{\"@type\":\"ListItem\",\"position\":2,\"name\":\"Governo prepara novas contrata\u00e7\u00f5es para a Fun\u00e7\u00e3o P\u00fablica &#8211; ZAP\"}]},{\"@type\":\"WebSite\",\"@id\":\"https:\\\/\\\/favorite-news.com\\\/pt\\\/#website\",\"url\":\"https:\\\/\\\/favorite-news.com\\\/pt\\\/\",\"name\":\"Favorite News\",\"description\":\"Favorite News Portugal\",\"potentialAction\":[{\"@type\":\"SearchAction\",\"target\":{\"@type\":\"EntryPoint\",\"urlTemplate\":\"https:\\\/\\\/favorite-news.com\\\/pt\\\/?s={search_term_string}\"},\"query-input\":{\"@type\":\"PropertyValueSpecification\",\"valueRequired\":true,\"valueName\":\"search_term_string\"}}],\"inLanguage\":\"pt-PT\"},{\"@type\":\"Person\",\"@id\":\"https:\\\/\\\/favorite-news.com\\\/pt\\\/#\\\/schema\\\/person\\\/b91573b717dcfa5e4696032a9d28d3e8\",\"name\":\"favorite-news\",\"image\":{\"@type\":\"ImageObject\",\"inLanguage\":\"pt-PT\",\"@id\":\"https:\\\/\\\/secure.gravatar.com\\\/avatar\\\/6c5a5cb12b74e9d517ee91cf570335b7d16177f1977cc91db161adfa435945a7?s=96&d=mm&r=g\",\"url\":\"https:\\\/\\\/secure.gravatar.com\\\/avatar\\\/6c5a5cb12b74e9d517ee91cf570335b7d16177f1977cc91db161adfa435945a7?s=96&d=mm&r=g\",\"contentUrl\":\"https:\\\/\\\/secure.gravatar.com\\\/avatar\\\/6c5a5cb12b74e9d517ee91cf570335b7d16177f1977cc91db161adfa435945a7?s=96&d=mm&r=g\",\"caption\":\"favorite-news\"},\"url\":\"https:\\\/\\\/favorite-news.com\\\/pt\\\/author\\\/pt\\\/\"}]}<\/script>\n<!-- \/ Yoast SEO plugin. -->","yoast_head_json":{"title":"Governo prepara novas contrata\u00e7\u00f5es para a Fun\u00e7\u00e3o P\u00fablica - ZAP - Favorite News","robots":{"index":"index","follow":"follow","max-snippet":"max-snippet:-1","max-image-preview":"max-image-preview:large","max-video-preview":"max-video-preview:-1"},"canonical":"https:\/\/favorite-news.com\/pt\/governo-prepara-novas-contratacoes-para-a-funcao-publica-zap\/","og_locale":"pt_PT","og_type":"article","og_title":"Governo prepara novas contrata\u00e7\u00f5es para a Fun\u00e7\u00e3o P\u00fablica - ZAP - Favorite News","og_description":"Ant\u00f3nio Cotrim \/ Lusa Novos concursos (dois) dever\u00e3o resultar na coloca\u00e7\u00e3o de cerca de 475 t\u00e9cnicos superiores e de mil trabalhadores para a m\u00e1quina do Estado. Governo acena com condi\u00e7\u00f5es remunerat\u00f3rias mais atrativas, apesar de as solu\u00e7\u00f5es ainda estarem em fase de estudo. Na sequ\u00eancia das recentes declara\u00e7\u00f5es de Marcelo Rebelo de Sousa, em que [&hellip;]","og_url":"https:\/\/favorite-news.com\/pt\/governo-prepara-novas-contratacoes-para-a-funcao-publica-zap\/","og_site_name":"Favorite News","article_published_time":"2021-08-02T11:34:02+00:00","article_modified_time":"2021-08-02T11:34:05+00:00","og_image":[{"width":1200,"height":800,"url":"https:\/\/favorite-news.com\/pt\/wp-content\/uploads\/sites\/2\/2021\/08\/Governo-prepara-novas-contratacoes-para-a-Funcao-Publica-ZAP.jpg","type":"image\/jpeg"}],"author":"favorite-news","twitter_card":"summary_large_image","twitter_misc":{"Escrito por":"favorite-news","Tempo estimado de leitura":"3 minutos"},"schema":{"@context":"https:\/\/schema.org","@graph":[{"@type":"Article","@id":"https:\/\/favorite-news.com\/pt\/governo-prepara-novas-contratacoes-para-a-funcao-publica-zap\/#article","isPartOf":{"@id":"https:\/\/favorite-news.com\/pt\/governo-prepara-novas-contratacoes-para-a-funcao-publica-zap\/"},"author":{"name":"favorite-news","@id":"https:\/\/favorite-news.com\/pt\/#\/schema\/person\/b91573b717dcfa5e4696032a9d28d3e8"},"headline":"Governo prepara novas contrata\u00e7\u00f5es para a Fun\u00e7\u00e3o P\u00fablica &#8211; ZAP","datePublished":"2021-08-02T11:34:02+00:00","dateModified":"2021-08-02T11:34:05+00:00","mainEntityOfPage":{"@id":"https:\/\/favorite-news.com\/pt\/governo-prepara-novas-contratacoes-para-a-funcao-publica-zap\/"},"wordCount":638,"commentCount":0,"image":{"@id":"https:\/\/favorite-news.com\/pt\/governo-prepara-novas-contratacoes-para-a-funcao-publica-zap\/#primaryimage"},"thumbnailUrl":"https:\/\/favorite-news.com\/pt\/wp-content\/uploads\/sites\/2\/2021\/08\/Governo-prepara-novas-contratacoes-para-a-Funcao-Publica-ZAP.jpg","articleSection":["NOT\u00cdCIAS FINANCEIRAS"],"inLanguage":"pt-PT","potentialAction":[{"@type":"CommentAction","name":"Comment","target":["https:\/\/favorite-news.com\/pt\/governo-prepara-novas-contratacoes-para-a-funcao-publica-zap\/#respond"]}]},{"@type":"WebPage","@id":"https:\/\/favorite-news.com\/pt\/governo-prepara-novas-contratacoes-para-a-funcao-publica-zap\/","url":"https:\/\/favorite-news.com\/pt\/governo-prepara-novas-contratacoes-para-a-funcao-publica-zap\/","name":"Governo prepara novas contrata\u00e7\u00f5es para a Fun\u00e7\u00e3o P\u00fablica - ZAP - Favorite News","isPartOf":{"@id":"https:\/\/favorite-news.com\/pt\/#website"},"primaryImageOfPage":{"@id":"https:\/\/favorite-news.com\/pt\/governo-prepara-novas-contratacoes-para-a-funcao-publica-zap\/#primaryimage"},"image":{"@id":"https:\/\/favorite-news.com\/pt\/governo-prepara-novas-contratacoes-para-a-funcao-publica-zap\/#primaryimage"},"thumbnailUrl":"https:\/\/favorite-news.com\/pt\/wp-content\/uploads\/sites\/2\/2021\/08\/Governo-prepara-novas-contratacoes-para-a-Funcao-Publica-ZAP.jpg","datePublished":"2021-08-02T11:34:02+00:00","dateModified":"2021-08-02T11:34:05+00:00","author":{"@id":"https:\/\/favorite-news.com\/pt\/#\/schema\/person\/b91573b717dcfa5e4696032a9d28d3e8"},"breadcrumb":{"@id":"https:\/\/favorite-news.com\/pt\/governo-prepara-novas-contratacoes-para-a-funcao-publica-zap\/#breadcrumb"},"inLanguage":"pt-PT","potentialAction":[{"@type":"ReadAction","target":["https:\/\/favorite-news.com\/pt\/governo-prepara-novas-contratacoes-para-a-funcao-publica-zap\/"]}]},{"@type":"ImageObject","inLanguage":"pt-PT","@id":"https:\/\/favorite-news.com\/pt\/governo-prepara-novas-contratacoes-para-a-funcao-publica-zap\/#primaryimage","url":"https:\/\/favorite-news.com\/pt\/wp-content\/uploads\/sites\/2\/2021\/08\/Governo-prepara-novas-contratacoes-para-a-Funcao-Publica-ZAP.jpg","contentUrl":"https:\/\/favorite-news.com\/pt\/wp-content\/uploads\/sites\/2\/2021\/08\/Governo-prepara-novas-contratacoes-para-a-Funcao-Publica-ZAP.jpg","width":1200,"height":800,"caption":"Governo prepara novas contrata\u00e7\u00f5es para a Fun\u00e7\u00e3o P\u00fablica - ZAP"},{"@type":"BreadcrumbList","@id":"https:\/\/favorite-news.com\/pt\/governo-prepara-novas-contratacoes-para-a-funcao-publica-zap\/#breadcrumb","itemListElement":[{"@type":"ListItem","position":1,"name":"Home","item":"https:\/\/favorite-news.com\/pt\/"},{"@type":"ListItem","position":2,"name":"Governo prepara novas contrata\u00e7\u00f5es para a Fun\u00e7\u00e3o P\u00fablica &#8211; ZAP"}]},{"@type":"WebSite","@id":"https:\/\/favorite-news.com\/pt\/#website","url":"https:\/\/favorite-news.com\/pt\/","name":"Favorite News","description":"Favorite News Portugal","potentialAction":[{"@type":"SearchAction","target":{"@type":"EntryPoint","urlTemplate":"https:\/\/favorite-news.com\/pt\/?s={search_term_string}"},"query-input":{"@type":"PropertyValueSpecification","valueRequired":true,"valueName":"search_term_string"}}],"inLanguage":"pt-PT"},{"@type":"Person","@id":"https:\/\/favorite-news.com\/pt\/#\/schema\/person\/b91573b717dcfa5e4696032a9d28d3e8","name":"favorite-news","image":{"@type":"ImageObject","inLanguage":"pt-PT","@id":"https:\/\/secure.gravatar.com\/avatar\/6c5a5cb12b74e9d517ee91cf570335b7d16177f1977cc91db161adfa435945a7?s=96&d=mm&r=g","url":"https:\/\/secure.gravatar.com\/avatar\/6c5a5cb12b74e9d517ee91cf570335b7d16177f1977cc91db161adfa435945a7?s=96&d=mm&r=g","contentUrl":"https:\/\/secure.gravatar.com\/avatar\/6c5a5cb12b74e9d517ee91cf570335b7d16177f1977cc91db161adfa435945a7?s=96&d=mm&r=g","caption":"favorite-news"},"url":"https:\/\/favorite-news.com\/pt\/author\/pt\/"}]}},"_links":{"self":[{"href":"https:\/\/favorite-news.com\/pt\/wp-json\/wp\/v2\/posts\/10972","targetHints":{"allow":["GET"]}}],"collection":[{"href":"https:\/\/favorite-news.com\/pt\/wp-json\/wp\/v2\/posts"}],"about":[{"href":"https:\/\/favorite-news.com\/pt\/wp-json\/wp\/v2\/types\/post"}],"author":[{"embeddable":true,"href":"https:\/\/favorite-news.com\/pt\/wp-json\/wp\/v2\/users\/2"}],"replies":[{"embeddable":true,"href":"https:\/\/favorite-news.com\/pt\/wp-json\/wp\/v2\/comments?post=10972"}],"version-history":[{"count":1,"href":"https:\/\/favorite-news.com\/pt\/wp-json\/wp\/v2\/posts\/10972\/revisions"}],"predecessor-version":[{"id":10974,"href":"https:\/\/favorite-news.com\/pt\/wp-json\/wp\/v2\/posts\/10972\/revisions\/10974"}],"wp:featuredmedia":[{"embeddable":true,"href":"https:\/\/favorite-news.com\/pt\/wp-json\/wp\/v2\/media\/10973"}],"wp:attachment":[{"href":"https:\/\/favorite-news.com\/pt\/wp-json\/wp\/v2\/media?parent=10972"}],"wp:term":[{"taxonomy":"category","embeddable":true,"href":"https:\/\/favorite-news.com\/pt\/wp-json\/wp\/v2\/categories?post=10972"},{"taxonomy":"post_tag","embeddable":true,"href":"https:\/\/favorite-news.com\/pt\/wp-json\/wp\/v2\/tags?post=10972"}],"curies":[{"name":"wp","href":"https:\/\/api.w.org\/{rel}","templated":true}]}}