{"id":10967,"date":"2021-08-02T02:31:20","date_gmt":"2021-08-01T23:31:20","guid":{"rendered":"https:\/\/favorite-news.com\/pt\/sonae-vende-2499-da-empresa-que-detem-o-continente-zap\/"},"modified":"2021-08-02T02:31:22","modified_gmt":"2021-08-01T23:31:22","slug":"sonae-vende-2499-da-empresa-que-detem-o-continente-zap","status":"publish","type":"post","link":"https:\/\/favorite-news.com\/pt\/sonae-vende-2499-da-empresa-que-detem-o-continente-zap\/","title":{"rendered":"Sonae vende 24,99% da empresa que det\u00e9m o Continente &#8211; ZAP"},"content":{"rendered":"<p>Sonae<br \/>\nO grupo Sonae acordou vender uma participa\u00e7\u00e3o de 24,99% na Sonae MC, a propriet\u00e1ria dos supermercados Continente, por 528 milh\u00f5es de euros, informou em comunicado \u00e0 Comiss\u00e3o do Mercado de Valores Mobili\u00e1rios (CMVM).<\/p>\n<p>A aliena\u00e7\u00e3o de uma posi\u00e7\u00e3o na Sonae MC acontece depois de a Sonae ter lan\u00e7ado e falhado uma oferta p\u00fablica de venda de a\u00e7\u00f5es que resultaria na dispers\u00e3o de 21% do capital da empresa, noticia o ECO.<br \/>\nA 11 de outubro de 2018, uma semana depois de o prospeto ter sido aprovado pela CMVM, a Sonae anunciou a desist\u00eancia, justificando-se com \u201ccondi\u00e7\u00f5es adversas nos mercados internacionais\u201d. A maior \u201cfatia\u201d destinava-se a investidores institucionais.<br \/>\nQuase tr\u00eas anos depois, a Sonae vende um pouco mais de a\u00e7\u00f5es face ao que tinha previsto na OPV, mas diretamente a um investidor de \u201cprivate equity\u201d.<\/p>\n<p>\u201cEsta transa\u00e7\u00e3o permite \u00e0 Sonae SGPS estabelecer uma parceria com um investidor de refer\u00eancia para apoiar o plano de crescimento da Sonae MC, mantendo uma posi\u00e7\u00e3o de controlo num ativo essencial do seu portef\u00f3lio. Esta parceria enquadra-se na estrat\u00e9gia de gest\u00e3o ativa de portef\u00f3lio da Sonae SGPS, que procura a cada momento implementar a estrutura acionista ideal para cada um dos seus neg\u00f3cios e unir for\u00e7as com parceiros de elevado valor acrescentado\u201d, refere a Sonae em comunicado citado pelo Expresso.<br \/>\nAl\u00e9m dos 528 milh\u00f5es, o acordo prev\u00ea o pagamento contingente diferido de at\u00e9 cerca de 63 milh\u00f5es de euros \u00e0 Sonae.<br \/>\n\u201cEstamos entusiasmados com esta parceria com a CVC Strategic Opportunities, pois acreditamos que esta rela\u00e7\u00e3o de longo prazo fortalecer\u00e1 ainda mais a Sonae MC, bem como a sua estrat\u00e9gia de crescimento\u201d, comentou Cl\u00e1udia Azevedo, CEO da Sonae.<br \/>\nA presidente executiva acrescentou ainda que \u201cesta parceria com um dos investidores institucionais mais bem sucedidos do mundo valida o s\u00f3lido hist\u00f3rico desempenho da Sonae MC e da sua equipa, especialmente ap\u00f3s os desafios colocados pela pandemia. Na Sonae, estamos muito orgulhosos da jornada da Sonae MC e estimulados com a oportunidade de continuar a apoiar seu crescimento\u201d.<br \/>\nO portef\u00f3lio da Sonae MC \u00e9 extenso, pois al\u00e9m do Continente, det\u00e9m ins\u00edgnias como Continente Modelo, Continente Bom Dia, MeuSuper, Wells, Dr.Wells, Arenal, Go Natural, BAGGA, Note, Zu, Maxmat, HomeStory e Washy.<br \/>\nA Sonae MC tem ainda perto de mil lojas, que opera diretamente.<br \/>\nQuem \u00e9 o novo dono?<br \/>\nA CVC Strategic Opportunities foi criada em 2014 para \u201cinvestir em neg\u00f3cios de elevada qualidade que n\u00e3o se incluem nos mandatos tradicionais de \u2018private equity\u2019\u201d, enfatiza o fundo, que ter\u00e1 j\u00e1 investido quatro mil milh\u00f5es de euros em 11 investimentos, explicando que \u201ca sua estrat\u00e9gia foca-se em investimentos e parcerias de longo prazo em empresas de qualidade, com um perfil de risco baixo, principalmente na Europa e na Am\u00e9rica do Norte\u201d, refere o Jornal de Neg\u00f3cios.<br \/>\n ZAP \/\/ <\/p>\n<p>\n<!--noindex--><br \/>\n<a href=\"https:\/\/zap.aeiou.pt\/sonae-vende-parte-empresa-continente-421499\" rel=\"nofollow\">Source link <\/a><br \/>\n<!--\/noindex--><\/p>\n","protected":false},"excerpt":{"rendered":"<p>Sonae O grupo Sonae acordou vender uma participa\u00e7\u00e3o de 24,99% na Sonae MC, a propriet\u00e1ria dos supermercados Continente, por 528 milh\u00f5es de euros, informou em comunicado \u00e0 Comiss\u00e3o do Mercado de Valores Mobili\u00e1rios (CMVM). A aliena\u00e7\u00e3o de uma posi\u00e7\u00e3o na Sonae MC acontece depois de a Sonae ter lan\u00e7ado e falhado uma oferta p\u00fablica de [&hellip;]<\/p>\n","protected":false},"author":2,"featured_media":8068,"comment_status":"open","ping_status":"open","sticky":false,"template":"","format":"standard","meta":{"footnotes":""},"categories":[1],"tags":[],"class_list":["post-10967","post","type-post","status-publish","format-standard","has-post-thumbnail","hentry","category-noticias-financeiras"],"yoast_head":"<!-- This site is optimized with the Yoast SEO plugin v27.4 - https:\/\/yoast.com\/product\/yoast-seo-wordpress\/ -->\n<title>Sonae vende 24,99% da empresa que det\u00e9m o Continente - ZAP - Favorite News<\/title>\n<meta name=\"robots\" content=\"index, follow, max-snippet:-1, max-image-preview:large, max-video-preview:-1\" \/>\n<link rel=\"canonical\" href=\"https:\/\/favorite-news.com\/pt\/sonae-vende-2499-da-empresa-que-detem-o-continente-zap\/\" \/>\n<meta property=\"og:locale\" content=\"pt_PT\" \/>\n<meta property=\"og:type\" content=\"article\" \/>\n<meta property=\"og:title\" content=\"Sonae vende 24,99% da empresa que det\u00e9m o Continente - ZAP - Favorite News\" \/>\n<meta property=\"og:description\" content=\"Sonae O grupo Sonae acordou vender uma participa\u00e7\u00e3o de 24,99% na Sonae MC, a propriet\u00e1ria dos supermercados Continente, por 528 milh\u00f5es de euros, informou em comunicado \u00e0 Comiss\u00e3o do Mercado de Valores Mobili\u00e1rios (CMVM). A aliena\u00e7\u00e3o de uma posi\u00e7\u00e3o na Sonae MC acontece depois de a Sonae ter lan\u00e7ado e falhado uma oferta p\u00fablica de [&hellip;]\" \/>\n<meta property=\"og:url\" content=\"https:\/\/favorite-news.com\/pt\/sonae-vende-2499-da-empresa-que-detem-o-continente-zap\/\" \/>\n<meta property=\"og:site_name\" content=\"Favorite News\" \/>\n<meta property=\"article:published_time\" content=\"2021-08-01T23:31:20+00:00\" \/>\n<meta property=\"article:modified_time\" content=\"2021-08-01T23:31:22+00:00\" \/>\n<meta property=\"og:image\" content=\"https:\/\/favorite-news.com\/pt\/wp-content\/uploads\/sites\/2\/2020\/11\/AdC-acusa-Modelo-Continente-Pingo-Doce-e-Auchan-de-concertar.jpg\" \/>\n\t<meta property=\"og:image:width\" content=\"960\" \/>\n\t<meta property=\"og:image:height\" content=\"464\" \/>\n\t<meta property=\"og:image:type\" content=\"image\/jpeg\" \/>\n<meta name=\"author\" content=\"favorite-news\" \/>\n<meta name=\"twitter:card\" content=\"summary_large_image\" \/>\n<meta name=\"twitter:label1\" content=\"Escrito por\" \/>\n\t<meta name=\"twitter:data1\" content=\"favorite-news\" \/>\n\t<meta name=\"twitter:label2\" content=\"Tempo estimado de leitura\" \/>\n\t<meta name=\"twitter:data2\" content=\"2 minutos\" \/>\n<script type=\"application\/ld+json\" class=\"yoast-schema-graph\">{\"@context\":\"https:\\\/\\\/schema.org\",\"@graph\":[{\"@type\":\"Article\",\"@id\":\"https:\\\/\\\/favorite-news.com\\\/pt\\\/sonae-vende-2499-da-empresa-que-detem-o-continente-zap\\\/#article\",\"isPartOf\":{\"@id\":\"https:\\\/\\\/favorite-news.com\\\/pt\\\/sonae-vende-2499-da-empresa-que-detem-o-continente-zap\\\/\"},\"author\":{\"name\":\"favorite-news\",\"@id\":\"https:\\\/\\\/favorite-news.com\\\/pt\\\/#\\\/schema\\\/person\\\/b91573b717dcfa5e4696032a9d28d3e8\"},\"headline\":\"Sonae vende 24,99% da empresa que det\u00e9m o Continente &#8211; ZAP\",\"datePublished\":\"2021-08-01T23:31:20+00:00\",\"dateModified\":\"2021-08-01T23:31:22+00:00\",\"mainEntityOfPage\":{\"@id\":\"https:\\\/\\\/favorite-news.com\\\/pt\\\/sonae-vende-2499-da-empresa-que-detem-o-continente-zap\\\/\"},\"wordCount\":499,\"commentCount\":0,\"image\":{\"@id\":\"https:\\\/\\\/favorite-news.com\\\/pt\\\/sonae-vende-2499-da-empresa-que-detem-o-continente-zap\\\/#primaryimage\"},\"thumbnailUrl\":\"https:\\\/\\\/favorite-news.com\\\/pt\\\/wp-content\\\/uploads\\\/sites\\\/2\\\/2020\\\/11\\\/AdC-acusa-Modelo-Continente-Pingo-Doce-e-Auchan-de-concertar.jpg\",\"articleSection\":[\"NOT\u00cdCIAS FINANCEIRAS\"],\"inLanguage\":\"pt-PT\",\"potentialAction\":[{\"@type\":\"CommentAction\",\"name\":\"Comment\",\"target\":[\"https:\\\/\\\/favorite-news.com\\\/pt\\\/sonae-vende-2499-da-empresa-que-detem-o-continente-zap\\\/#respond\"]}]},{\"@type\":\"WebPage\",\"@id\":\"https:\\\/\\\/favorite-news.com\\\/pt\\\/sonae-vende-2499-da-empresa-que-detem-o-continente-zap\\\/\",\"url\":\"https:\\\/\\\/favorite-news.com\\\/pt\\\/sonae-vende-2499-da-empresa-que-detem-o-continente-zap\\\/\",\"name\":\"Sonae vende 24,99% da empresa que det\u00e9m o Continente - ZAP - Favorite News\",\"isPartOf\":{\"@id\":\"https:\\\/\\\/favorite-news.com\\\/pt\\\/#website\"},\"primaryImageOfPage\":{\"@id\":\"https:\\\/\\\/favorite-news.com\\\/pt\\\/sonae-vende-2499-da-empresa-que-detem-o-continente-zap\\\/#primaryimage\"},\"image\":{\"@id\":\"https:\\\/\\\/favorite-news.com\\\/pt\\\/sonae-vende-2499-da-empresa-que-detem-o-continente-zap\\\/#primaryimage\"},\"thumbnailUrl\":\"https:\\\/\\\/favorite-news.com\\\/pt\\\/wp-content\\\/uploads\\\/sites\\\/2\\\/2020\\\/11\\\/AdC-acusa-Modelo-Continente-Pingo-Doce-e-Auchan-de-concertar.jpg\",\"datePublished\":\"2021-08-01T23:31:20+00:00\",\"dateModified\":\"2021-08-01T23:31:22+00:00\",\"author\":{\"@id\":\"https:\\\/\\\/favorite-news.com\\\/pt\\\/#\\\/schema\\\/person\\\/b91573b717dcfa5e4696032a9d28d3e8\"},\"breadcrumb\":{\"@id\":\"https:\\\/\\\/favorite-news.com\\\/pt\\\/sonae-vende-2499-da-empresa-que-detem-o-continente-zap\\\/#breadcrumb\"},\"inLanguage\":\"pt-PT\",\"potentialAction\":[{\"@type\":\"ReadAction\",\"target\":[\"https:\\\/\\\/favorite-news.com\\\/pt\\\/sonae-vende-2499-da-empresa-que-detem-o-continente-zap\\\/\"]}]},{\"@type\":\"ImageObject\",\"inLanguage\":\"pt-PT\",\"@id\":\"https:\\\/\\\/favorite-news.com\\\/pt\\\/sonae-vende-2499-da-empresa-que-detem-o-continente-zap\\\/#primaryimage\",\"url\":\"https:\\\/\\\/favorite-news.com\\\/pt\\\/wp-content\\\/uploads\\\/sites\\\/2\\\/2020\\\/11\\\/AdC-acusa-Modelo-Continente-Pingo-Doce-e-Auchan-de-concertar.jpg\",\"contentUrl\":\"https:\\\/\\\/favorite-news.com\\\/pt\\\/wp-content\\\/uploads\\\/sites\\\/2\\\/2020\\\/11\\\/AdC-acusa-Modelo-Continente-Pingo-Doce-e-Auchan-de-concertar.jpg\",\"width\":960,\"height\":464,\"caption\":\"AdC acusa Modelo Continente, Pingo Doce e Auchan de concertar pre\u00e7os\"},{\"@type\":\"BreadcrumbList\",\"@id\":\"https:\\\/\\\/favorite-news.com\\\/pt\\\/sonae-vende-2499-da-empresa-que-detem-o-continente-zap\\\/#breadcrumb\",\"itemListElement\":[{\"@type\":\"ListItem\",\"position\":1,\"name\":\"Home\",\"item\":\"https:\\\/\\\/favorite-news.com\\\/pt\\\/\"},{\"@type\":\"ListItem\",\"position\":2,\"name\":\"Sonae vende 24,99% da empresa que det\u00e9m o Continente &#8211; ZAP\"}]},{\"@type\":\"WebSite\",\"@id\":\"https:\\\/\\\/favorite-news.com\\\/pt\\\/#website\",\"url\":\"https:\\\/\\\/favorite-news.com\\\/pt\\\/\",\"name\":\"Favorite News\",\"description\":\"Favorite News Portugal\",\"potentialAction\":[{\"@type\":\"SearchAction\",\"target\":{\"@type\":\"EntryPoint\",\"urlTemplate\":\"https:\\\/\\\/favorite-news.com\\\/pt\\\/?s={search_term_string}\"},\"query-input\":{\"@type\":\"PropertyValueSpecification\",\"valueRequired\":true,\"valueName\":\"search_term_string\"}}],\"inLanguage\":\"pt-PT\"},{\"@type\":\"Person\",\"@id\":\"https:\\\/\\\/favorite-news.com\\\/pt\\\/#\\\/schema\\\/person\\\/b91573b717dcfa5e4696032a9d28d3e8\",\"name\":\"favorite-news\",\"image\":{\"@type\":\"ImageObject\",\"inLanguage\":\"pt-PT\",\"@id\":\"https:\\\/\\\/secure.gravatar.com\\\/avatar\\\/6c5a5cb12b74e9d517ee91cf570335b7d16177f1977cc91db161adfa435945a7?s=96&d=mm&r=g\",\"url\":\"https:\\\/\\\/secure.gravatar.com\\\/avatar\\\/6c5a5cb12b74e9d517ee91cf570335b7d16177f1977cc91db161adfa435945a7?s=96&d=mm&r=g\",\"contentUrl\":\"https:\\\/\\\/secure.gravatar.com\\\/avatar\\\/6c5a5cb12b74e9d517ee91cf570335b7d16177f1977cc91db161adfa435945a7?s=96&d=mm&r=g\",\"caption\":\"favorite-news\"},\"url\":\"https:\\\/\\\/favorite-news.com\\\/pt\\\/author\\\/pt\\\/\"}]}<\/script>\n<!-- \/ Yoast SEO plugin. -->","yoast_head_json":{"title":"Sonae vende 24,99% da empresa que det\u00e9m o Continente - ZAP - Favorite News","robots":{"index":"index","follow":"follow","max-snippet":"max-snippet:-1","max-image-preview":"max-image-preview:large","max-video-preview":"max-video-preview:-1"},"canonical":"https:\/\/favorite-news.com\/pt\/sonae-vende-2499-da-empresa-que-detem-o-continente-zap\/","og_locale":"pt_PT","og_type":"article","og_title":"Sonae vende 24,99% da empresa que det\u00e9m o Continente - ZAP - Favorite News","og_description":"Sonae O grupo Sonae acordou vender uma participa\u00e7\u00e3o de 24,99% na Sonae MC, a propriet\u00e1ria dos supermercados Continente, por 528 milh\u00f5es de euros, informou em comunicado \u00e0 Comiss\u00e3o do Mercado de Valores Mobili\u00e1rios (CMVM). A aliena\u00e7\u00e3o de uma posi\u00e7\u00e3o na Sonae MC acontece depois de a Sonae ter lan\u00e7ado e falhado uma oferta p\u00fablica de [&hellip;]","og_url":"https:\/\/favorite-news.com\/pt\/sonae-vende-2499-da-empresa-que-detem-o-continente-zap\/","og_site_name":"Favorite News","article_published_time":"2021-08-01T23:31:20+00:00","article_modified_time":"2021-08-01T23:31:22+00:00","og_image":[{"width":960,"height":464,"url":"https:\/\/favorite-news.com\/pt\/wp-content\/uploads\/sites\/2\/2020\/11\/AdC-acusa-Modelo-Continente-Pingo-Doce-e-Auchan-de-concertar.jpg","type":"image\/jpeg"}],"author":"favorite-news","twitter_card":"summary_large_image","twitter_misc":{"Escrito por":"favorite-news","Tempo estimado de leitura":"2 minutos"},"schema":{"@context":"https:\/\/schema.org","@graph":[{"@type":"Article","@id":"https:\/\/favorite-news.com\/pt\/sonae-vende-2499-da-empresa-que-detem-o-continente-zap\/#article","isPartOf":{"@id":"https:\/\/favorite-news.com\/pt\/sonae-vende-2499-da-empresa-que-detem-o-continente-zap\/"},"author":{"name":"favorite-news","@id":"https:\/\/favorite-news.com\/pt\/#\/schema\/person\/b91573b717dcfa5e4696032a9d28d3e8"},"headline":"Sonae vende 24,99% da empresa que det\u00e9m o Continente &#8211; ZAP","datePublished":"2021-08-01T23:31:20+00:00","dateModified":"2021-08-01T23:31:22+00:00","mainEntityOfPage":{"@id":"https:\/\/favorite-news.com\/pt\/sonae-vende-2499-da-empresa-que-detem-o-continente-zap\/"},"wordCount":499,"commentCount":0,"image":{"@id":"https:\/\/favorite-news.com\/pt\/sonae-vende-2499-da-empresa-que-detem-o-continente-zap\/#primaryimage"},"thumbnailUrl":"https:\/\/favorite-news.com\/pt\/wp-content\/uploads\/sites\/2\/2020\/11\/AdC-acusa-Modelo-Continente-Pingo-Doce-e-Auchan-de-concertar.jpg","articleSection":["NOT\u00cdCIAS FINANCEIRAS"],"inLanguage":"pt-PT","potentialAction":[{"@type":"CommentAction","name":"Comment","target":["https:\/\/favorite-news.com\/pt\/sonae-vende-2499-da-empresa-que-detem-o-continente-zap\/#respond"]}]},{"@type":"WebPage","@id":"https:\/\/favorite-news.com\/pt\/sonae-vende-2499-da-empresa-que-detem-o-continente-zap\/","url":"https:\/\/favorite-news.com\/pt\/sonae-vende-2499-da-empresa-que-detem-o-continente-zap\/","name":"Sonae vende 24,99% da empresa que det\u00e9m o Continente - ZAP - Favorite News","isPartOf":{"@id":"https:\/\/favorite-news.com\/pt\/#website"},"primaryImageOfPage":{"@id":"https:\/\/favorite-news.com\/pt\/sonae-vende-2499-da-empresa-que-detem-o-continente-zap\/#primaryimage"},"image":{"@id":"https:\/\/favorite-news.com\/pt\/sonae-vende-2499-da-empresa-que-detem-o-continente-zap\/#primaryimage"},"thumbnailUrl":"https:\/\/favorite-news.com\/pt\/wp-content\/uploads\/sites\/2\/2020\/11\/AdC-acusa-Modelo-Continente-Pingo-Doce-e-Auchan-de-concertar.jpg","datePublished":"2021-08-01T23:31:20+00:00","dateModified":"2021-08-01T23:31:22+00:00","author":{"@id":"https:\/\/favorite-news.com\/pt\/#\/schema\/person\/b91573b717dcfa5e4696032a9d28d3e8"},"breadcrumb":{"@id":"https:\/\/favorite-news.com\/pt\/sonae-vende-2499-da-empresa-que-detem-o-continente-zap\/#breadcrumb"},"inLanguage":"pt-PT","potentialAction":[{"@type":"ReadAction","target":["https:\/\/favorite-news.com\/pt\/sonae-vende-2499-da-empresa-que-detem-o-continente-zap\/"]}]},{"@type":"ImageObject","inLanguage":"pt-PT","@id":"https:\/\/favorite-news.com\/pt\/sonae-vende-2499-da-empresa-que-detem-o-continente-zap\/#primaryimage","url":"https:\/\/favorite-news.com\/pt\/wp-content\/uploads\/sites\/2\/2020\/11\/AdC-acusa-Modelo-Continente-Pingo-Doce-e-Auchan-de-concertar.jpg","contentUrl":"https:\/\/favorite-news.com\/pt\/wp-content\/uploads\/sites\/2\/2020\/11\/AdC-acusa-Modelo-Continente-Pingo-Doce-e-Auchan-de-concertar.jpg","width":960,"height":464,"caption":"AdC acusa Modelo Continente, Pingo Doce e Auchan de concertar pre\u00e7os"},{"@type":"BreadcrumbList","@id":"https:\/\/favorite-news.com\/pt\/sonae-vende-2499-da-empresa-que-detem-o-continente-zap\/#breadcrumb","itemListElement":[{"@type":"ListItem","position":1,"name":"Home","item":"https:\/\/favorite-news.com\/pt\/"},{"@type":"ListItem","position":2,"name":"Sonae vende 24,99% da empresa que det\u00e9m o Continente &#8211; ZAP"}]},{"@type":"WebSite","@id":"https:\/\/favorite-news.com\/pt\/#website","url":"https:\/\/favorite-news.com\/pt\/","name":"Favorite News","description":"Favorite News Portugal","potentialAction":[{"@type":"SearchAction","target":{"@type":"EntryPoint","urlTemplate":"https:\/\/favorite-news.com\/pt\/?s={search_term_string}"},"query-input":{"@type":"PropertyValueSpecification","valueRequired":true,"valueName":"search_term_string"}}],"inLanguage":"pt-PT"},{"@type":"Person","@id":"https:\/\/favorite-news.com\/pt\/#\/schema\/person\/b91573b717dcfa5e4696032a9d28d3e8","name":"favorite-news","image":{"@type":"ImageObject","inLanguage":"pt-PT","@id":"https:\/\/secure.gravatar.com\/avatar\/6c5a5cb12b74e9d517ee91cf570335b7d16177f1977cc91db161adfa435945a7?s=96&d=mm&r=g","url":"https:\/\/secure.gravatar.com\/avatar\/6c5a5cb12b74e9d517ee91cf570335b7d16177f1977cc91db161adfa435945a7?s=96&d=mm&r=g","contentUrl":"https:\/\/secure.gravatar.com\/avatar\/6c5a5cb12b74e9d517ee91cf570335b7d16177f1977cc91db161adfa435945a7?s=96&d=mm&r=g","caption":"favorite-news"},"url":"https:\/\/favorite-news.com\/pt\/author\/pt\/"}]}},"_links":{"self":[{"href":"https:\/\/favorite-news.com\/pt\/wp-json\/wp\/v2\/posts\/10967","targetHints":{"allow":["GET"]}}],"collection":[{"href":"https:\/\/favorite-news.com\/pt\/wp-json\/wp\/v2\/posts"}],"about":[{"href":"https:\/\/favorite-news.com\/pt\/wp-json\/wp\/v2\/types\/post"}],"author":[{"embeddable":true,"href":"https:\/\/favorite-news.com\/pt\/wp-json\/wp\/v2\/users\/2"}],"replies":[{"embeddable":true,"href":"https:\/\/favorite-news.com\/pt\/wp-json\/wp\/v2\/comments?post=10967"}],"version-history":[{"count":1,"href":"https:\/\/favorite-news.com\/pt\/wp-json\/wp\/v2\/posts\/10967\/revisions"}],"predecessor-version":[{"id":10968,"href":"https:\/\/favorite-news.com\/pt\/wp-json\/wp\/v2\/posts\/10967\/revisions\/10968"}],"wp:featuredmedia":[{"embeddable":true,"href":"https:\/\/favorite-news.com\/pt\/wp-json\/wp\/v2\/media\/8068"}],"wp:attachment":[{"href":"https:\/\/favorite-news.com\/pt\/wp-json\/wp\/v2\/media?parent=10967"}],"wp:term":[{"taxonomy":"category","embeddable":true,"href":"https:\/\/favorite-news.com\/pt\/wp-json\/wp\/v2\/categories?post=10967"},{"taxonomy":"post_tag","embeddable":true,"href":"https:\/\/favorite-news.com\/pt\/wp-json\/wp\/v2\/tags?post=10967"}],"curies":[{"name":"wp","href":"https:\/\/api.w.org\/{rel}","templated":true}]}}