{"id":10955,"date":"2021-08-01T02:21:41","date_gmt":"2021-07-31T23:21:41","guid":{"rendered":"https:\/\/favorite-news.com\/pt\/depois-da-unilever-nestle-anuncia-que-vai-subir-os-precos-zap\/"},"modified":"2021-08-01T02:21:51","modified_gmt":"2021-07-31T23:21:51","slug":"depois-da-unilever-nestle-anuncia-que-vai-subir-os-precos-zap","status":"publish","type":"post","link":"https:\/\/favorite-news.com\/pt\/depois-da-unilever-nestle-anuncia-que-vai-subir-os-precos-zap\/","title":{"rendered":"Depois da Unilever, Nestl\u00e9 anuncia que vai subir os pre\u00e7os &#8211; ZAP"},"content":{"rendered":"<p>Dornum72 \/ Wikimedia<br \/>\nA maior produtora de comida e bebidas do mundo vai aumentar os pre\u00e7os. A Nestl\u00e9 justifica a decis\u00e3o com a subida dos custos de produ\u00e7\u00e3o das mercadorias e dos transportes.<\/p>\n<p>A empresa su\u00ed\u00e7a revelou na Quinta-Feira que vai responder aos maiores custos com um aumento dos pre\u00e7os na segunda metade do ano. Numa videoconfer\u00eancia com jornalistas citada pela CNN, o CEO da Nestl\u00e9, Mark Schneider, revelou que a \u201cinfla\u00e7\u00e3o tem estado practicamente ausente durante v\u00e1rios anos e depois aumentou muito r\u00e1pido\u201d e que essa mudan\u00e7a afectou directamente a empresa.<br \/>\nSegundo os donos de marcas como a Nescaf\u00e9, a Cerelac e a Kit-Kat, a multinacional precisa de aumentar os pre\u00e7os cerca de 2% para compensar o aumento de 4% nos custos de produ\u00e7\u00e3o, isto depois da empresa j\u00e1 ter subido os pre\u00e7os este ano. No entanto, Schneider acredita que a inflac\u00e7\u00e3o \u00e9 de transi\u00e7\u00e3o.<br \/>\nA produtora j\u00e1 aumentou os pre\u00e7os 1,3% em m\u00e9dia nos primeiros seis meses do ano, principalmente na Am\u00e9rica do Norte e na Am\u00e9rica Latina. Os pre\u00e7os dos produtos lactic\u00ednios e dos gelados subiram 3,5% enquanto a \u00e1gua aumentou 1,6%.<\/p>\n<p>De acordo com Schneider, a Nestl\u00e9 pode limitar o crescimento dos custos ao aumentar o pre\u00e7o do caf\u00e9, mas outros custos, como o transporte, est\u00e3o para al\u00e9m do controlo da empresa, o que coloca press\u00e3o nas margens.<br \/>\nA Nestl\u00e9 prev\u00ea uma margem de lucro de 17,5% este ano, uma pequena descida que reflecte os \u201catrasos entre a inflac\u00e7\u00e3o dos custos de entrada e os pre\u00e7os\u201d. Mesmo assim, as vendas devem crescer entre 5% e 6% em 2021.<br \/>\nV\u00e1rias empresas t\u00eam-se mostrado preocupadas com o aumento dos custos de produ\u00e7\u00e3o, j\u00e1 que a procura de alguns produtos aumentou rapidamente com o regresso progressivo do mundo ao normal e o crescimento das viagens.<br \/>\nNa semana passada, a Unilever tamb\u00e9m anunciou um aumento dos pre\u00e7os em v\u00e1rios mercados devido ao crescimento do custo da soja, que subiu 20% no \u00faltimo trimestre e custa agora 80% mais do que ano passado. O \u00f3leo de palma \u00e9 outra mat\u00e9ria-prima cujo pre\u00e7o aumentou em m\u00e9dia cerca de 70%.<br \/>\n\u201cA inflac\u00e7\u00e3o est\u00e1 a impactar-nos em todo o espectro de custos de produ\u00e7\u00e3o de materiais, de embalagens e notavelmente nos fretes e nos custos de distribui\u00e7\u00e3o. Estamos e vamos continuar a puxar todas as alavancas nos pre\u00e7os e nas poupan\u00e7as\u201d, revelou o director financeiro da Unilever, Graeme Pikethly, aos investidores.<br \/>\nOs bancos centrais est\u00e3o a ponderar como responder. As previs\u00f5es dos economistas apontam para que os aumentos dos pre\u00e7os sejam tempor\u00e1rios, mas caso as previs\u00f5es estejam erradas, os bancos podem ter de cortar os apoios \u00e0s economias abruptamente para conseguir controlar a inflac\u00e7\u00e3o.<br \/>\nOs an\u00fancios da Nestl\u00e9 e da Unilever est\u00e3o a levantar quest\u00f5es sobre se estes aumentos de pre\u00e7os s\u00e3o consequ\u00eancias tempor\u00e1rias da pandemia ou se estas mudan\u00e7as na produ\u00e7\u00e3o podem ser permanentes e acabar por cortar o poder de compra dos consumidores.<br \/>\n AP, ZAP \/\/ <\/p>\n<p>\n<!--noindex--><br \/>\n<a href=\"https:\/\/zap.aeiou.pt\/nestle-subir-precos-421368\" rel=\"nofollow\">Source link <\/a><br \/>\n<!--\/noindex--><\/p>\n","protected":false},"excerpt":{"rendered":"<p>Dornum72 \/ Wikimedia A maior produtora de comida e bebidas do mundo vai aumentar os pre\u00e7os. A Nestl\u00e9 justifica a decis\u00e3o com a subida dos custos de produ\u00e7\u00e3o das mercadorias e dos transportes. A empresa su\u00ed\u00e7a revelou na Quinta-Feira que vai responder aos maiores custos com um aumento dos pre\u00e7os na segunda metade do ano. [&hellip;]<\/p>\n","protected":false},"author":2,"featured_media":10956,"comment_status":"open","ping_status":"open","sticky":false,"template":"","format":"standard","meta":{"footnotes":""},"categories":[1],"tags":[],"class_list":["post-10955","post","type-post","status-publish","format-standard","has-post-thumbnail","hentry","category-noticias-financeiras"],"yoast_head":"<!-- This site is optimized with the Yoast SEO plugin v27.4 - https:\/\/yoast.com\/product\/yoast-seo-wordpress\/ -->\n<title>Depois da Unilever, Nestl\u00e9 anuncia que vai subir os pre\u00e7os - ZAP - Favorite News<\/title>\n<meta name=\"robots\" content=\"index, follow, max-snippet:-1, max-image-preview:large, max-video-preview:-1\" \/>\n<link rel=\"canonical\" href=\"https:\/\/favorite-news.com\/pt\/depois-da-unilever-nestle-anuncia-que-vai-subir-os-precos-zap\/\" \/>\n<meta property=\"og:locale\" content=\"pt_PT\" \/>\n<meta property=\"og:type\" content=\"article\" \/>\n<meta property=\"og:title\" content=\"Depois da Unilever, Nestl\u00e9 anuncia que vai subir os pre\u00e7os - ZAP - Favorite News\" \/>\n<meta property=\"og:description\" content=\"Dornum72 \/ Wikimedia A maior produtora de comida e bebidas do mundo vai aumentar os pre\u00e7os. A Nestl\u00e9 justifica a decis\u00e3o com a subida dos custos de produ\u00e7\u00e3o das mercadorias e dos transportes. A empresa su\u00ed\u00e7a revelou na Quinta-Feira que vai responder aos maiores custos com um aumento dos pre\u00e7os na segunda metade do ano. [&hellip;]\" \/>\n<meta property=\"og:url\" content=\"https:\/\/favorite-news.com\/pt\/depois-da-unilever-nestle-anuncia-que-vai-subir-os-precos-zap\/\" \/>\n<meta property=\"og:site_name\" content=\"Favorite News\" \/>\n<meta property=\"article:published_time\" content=\"2021-07-31T23:21:41+00:00\" \/>\n<meta property=\"article:modified_time\" content=\"2021-07-31T23:21:51+00:00\" \/>\n<meta property=\"og:image\" content=\"https:\/\/favorite-news.com\/pt\/wp-content\/uploads\/sites\/2\/2021\/08\/Depois-da-Unilever-Nestle-anuncia-que-vai-subir-os-precos.jpg\" \/>\n\t<meta property=\"og:image:width\" content=\"800\" \/>\n\t<meta property=\"og:image:height\" content=\"533\" \/>\n\t<meta property=\"og:image:type\" content=\"image\/jpeg\" \/>\n<meta name=\"author\" content=\"favorite-news\" \/>\n<meta name=\"twitter:card\" content=\"summary_large_image\" \/>\n<meta name=\"twitter:label1\" content=\"Escrito por\" \/>\n\t<meta name=\"twitter:data1\" content=\"favorite-news\" \/>\n\t<meta name=\"twitter:label2\" content=\"Tempo estimado de leitura\" \/>\n\t<meta name=\"twitter:data2\" content=\"3 minutos\" \/>\n<script type=\"application\/ld+json\" class=\"yoast-schema-graph\">{\"@context\":\"https:\\\/\\\/schema.org\",\"@graph\":[{\"@type\":\"Article\",\"@id\":\"https:\\\/\\\/favorite-news.com\\\/pt\\\/depois-da-unilever-nestle-anuncia-que-vai-subir-os-precos-zap\\\/#article\",\"isPartOf\":{\"@id\":\"https:\\\/\\\/favorite-news.com\\\/pt\\\/depois-da-unilever-nestle-anuncia-que-vai-subir-os-precos-zap\\\/\"},\"author\":{\"name\":\"favorite-news\",\"@id\":\"https:\\\/\\\/favorite-news.com\\\/pt\\\/#\\\/schema\\\/person\\\/b91573b717dcfa5e4696032a9d28d3e8\"},\"headline\":\"Depois da Unilever, Nestl\u00e9 anuncia que vai subir os pre\u00e7os &#8211; ZAP\",\"datePublished\":\"2021-07-31T23:21:41+00:00\",\"dateModified\":\"2021-07-31T23:21:51+00:00\",\"mainEntityOfPage\":{\"@id\":\"https:\\\/\\\/favorite-news.com\\\/pt\\\/depois-da-unilever-nestle-anuncia-que-vai-subir-os-precos-zap\\\/\"},\"wordCount\":539,\"commentCount\":0,\"image\":{\"@id\":\"https:\\\/\\\/favorite-news.com\\\/pt\\\/depois-da-unilever-nestle-anuncia-que-vai-subir-os-precos-zap\\\/#primaryimage\"},\"thumbnailUrl\":\"https:\\\/\\\/favorite-news.com\\\/pt\\\/wp-content\\\/uploads\\\/sites\\\/2\\\/2021\\\/08\\\/Depois-da-Unilever-Nestle-anuncia-que-vai-subir-os-precos.jpg\",\"articleSection\":[\"NOT\u00cdCIAS FINANCEIRAS\"],\"inLanguage\":\"pt-PT\",\"potentialAction\":[{\"@type\":\"CommentAction\",\"name\":\"Comment\",\"target\":[\"https:\\\/\\\/favorite-news.com\\\/pt\\\/depois-da-unilever-nestle-anuncia-que-vai-subir-os-precos-zap\\\/#respond\"]}]},{\"@type\":\"WebPage\",\"@id\":\"https:\\\/\\\/favorite-news.com\\\/pt\\\/depois-da-unilever-nestle-anuncia-que-vai-subir-os-precos-zap\\\/\",\"url\":\"https:\\\/\\\/favorite-news.com\\\/pt\\\/depois-da-unilever-nestle-anuncia-que-vai-subir-os-precos-zap\\\/\",\"name\":\"Depois da Unilever, Nestl\u00e9 anuncia que vai subir os pre\u00e7os - ZAP - Favorite News\",\"isPartOf\":{\"@id\":\"https:\\\/\\\/favorite-news.com\\\/pt\\\/#website\"},\"primaryImageOfPage\":{\"@id\":\"https:\\\/\\\/favorite-news.com\\\/pt\\\/depois-da-unilever-nestle-anuncia-que-vai-subir-os-precos-zap\\\/#primaryimage\"},\"image\":{\"@id\":\"https:\\\/\\\/favorite-news.com\\\/pt\\\/depois-da-unilever-nestle-anuncia-que-vai-subir-os-precos-zap\\\/#primaryimage\"},\"thumbnailUrl\":\"https:\\\/\\\/favorite-news.com\\\/pt\\\/wp-content\\\/uploads\\\/sites\\\/2\\\/2021\\\/08\\\/Depois-da-Unilever-Nestle-anuncia-que-vai-subir-os-precos.jpg\",\"datePublished\":\"2021-07-31T23:21:41+00:00\",\"dateModified\":\"2021-07-31T23:21:51+00:00\",\"author\":{\"@id\":\"https:\\\/\\\/favorite-news.com\\\/pt\\\/#\\\/schema\\\/person\\\/b91573b717dcfa5e4696032a9d28d3e8\"},\"breadcrumb\":{\"@id\":\"https:\\\/\\\/favorite-news.com\\\/pt\\\/depois-da-unilever-nestle-anuncia-que-vai-subir-os-precos-zap\\\/#breadcrumb\"},\"inLanguage\":\"pt-PT\",\"potentialAction\":[{\"@type\":\"ReadAction\",\"target\":[\"https:\\\/\\\/favorite-news.com\\\/pt\\\/depois-da-unilever-nestle-anuncia-que-vai-subir-os-precos-zap\\\/\"]}]},{\"@type\":\"ImageObject\",\"inLanguage\":\"pt-PT\",\"@id\":\"https:\\\/\\\/favorite-news.com\\\/pt\\\/depois-da-unilever-nestle-anuncia-que-vai-subir-os-precos-zap\\\/#primaryimage\",\"url\":\"https:\\\/\\\/favorite-news.com\\\/pt\\\/wp-content\\\/uploads\\\/sites\\\/2\\\/2021\\\/08\\\/Depois-da-Unilever-Nestle-anuncia-que-vai-subir-os-precos.jpg\",\"contentUrl\":\"https:\\\/\\\/favorite-news.com\\\/pt\\\/wp-content\\\/uploads\\\/sites\\\/2\\\/2021\\\/08\\\/Depois-da-Unilever-Nestle-anuncia-que-vai-subir-os-precos.jpg\",\"width\":800,\"height\":533,\"caption\":\"Depois da Unilever, Nestl\u00e9 anuncia que vai subir os pre\u00e7os - ZAP\"},{\"@type\":\"BreadcrumbList\",\"@id\":\"https:\\\/\\\/favorite-news.com\\\/pt\\\/depois-da-unilever-nestle-anuncia-que-vai-subir-os-precos-zap\\\/#breadcrumb\",\"itemListElement\":[{\"@type\":\"ListItem\",\"position\":1,\"name\":\"Home\",\"item\":\"https:\\\/\\\/favorite-news.com\\\/pt\\\/\"},{\"@type\":\"ListItem\",\"position\":2,\"name\":\"Depois da Unilever, Nestl\u00e9 anuncia que vai subir os pre\u00e7os &#8211; ZAP\"}]},{\"@type\":\"WebSite\",\"@id\":\"https:\\\/\\\/favorite-news.com\\\/pt\\\/#website\",\"url\":\"https:\\\/\\\/favorite-news.com\\\/pt\\\/\",\"name\":\"Favorite News\",\"description\":\"Favorite News Portugal\",\"potentialAction\":[{\"@type\":\"SearchAction\",\"target\":{\"@type\":\"EntryPoint\",\"urlTemplate\":\"https:\\\/\\\/favorite-news.com\\\/pt\\\/?s={search_term_string}\"},\"query-input\":{\"@type\":\"PropertyValueSpecification\",\"valueRequired\":true,\"valueName\":\"search_term_string\"}}],\"inLanguage\":\"pt-PT\"},{\"@type\":\"Person\",\"@id\":\"https:\\\/\\\/favorite-news.com\\\/pt\\\/#\\\/schema\\\/person\\\/b91573b717dcfa5e4696032a9d28d3e8\",\"name\":\"favorite-news\",\"image\":{\"@type\":\"ImageObject\",\"inLanguage\":\"pt-PT\",\"@id\":\"https:\\\/\\\/secure.gravatar.com\\\/avatar\\\/6c5a5cb12b74e9d517ee91cf570335b7d16177f1977cc91db161adfa435945a7?s=96&d=mm&r=g\",\"url\":\"https:\\\/\\\/secure.gravatar.com\\\/avatar\\\/6c5a5cb12b74e9d517ee91cf570335b7d16177f1977cc91db161adfa435945a7?s=96&d=mm&r=g\",\"contentUrl\":\"https:\\\/\\\/secure.gravatar.com\\\/avatar\\\/6c5a5cb12b74e9d517ee91cf570335b7d16177f1977cc91db161adfa435945a7?s=96&d=mm&r=g\",\"caption\":\"favorite-news\"},\"url\":\"https:\\\/\\\/favorite-news.com\\\/pt\\\/author\\\/pt\\\/\"}]}<\/script>\n<!-- \/ Yoast SEO plugin. -->","yoast_head_json":{"title":"Depois da Unilever, Nestl\u00e9 anuncia que vai subir os pre\u00e7os - ZAP - Favorite News","robots":{"index":"index","follow":"follow","max-snippet":"max-snippet:-1","max-image-preview":"max-image-preview:large","max-video-preview":"max-video-preview:-1"},"canonical":"https:\/\/favorite-news.com\/pt\/depois-da-unilever-nestle-anuncia-que-vai-subir-os-precos-zap\/","og_locale":"pt_PT","og_type":"article","og_title":"Depois da Unilever, Nestl\u00e9 anuncia que vai subir os pre\u00e7os - ZAP - Favorite News","og_description":"Dornum72 \/ Wikimedia A maior produtora de comida e bebidas do mundo vai aumentar os pre\u00e7os. A Nestl\u00e9 justifica a decis\u00e3o com a subida dos custos de produ\u00e7\u00e3o das mercadorias e dos transportes. A empresa su\u00ed\u00e7a revelou na Quinta-Feira que vai responder aos maiores custos com um aumento dos pre\u00e7os na segunda metade do ano. [&hellip;]","og_url":"https:\/\/favorite-news.com\/pt\/depois-da-unilever-nestle-anuncia-que-vai-subir-os-precos-zap\/","og_site_name":"Favorite News","article_published_time":"2021-07-31T23:21:41+00:00","article_modified_time":"2021-07-31T23:21:51+00:00","og_image":[{"width":800,"height":533,"url":"https:\/\/favorite-news.com\/pt\/wp-content\/uploads\/sites\/2\/2021\/08\/Depois-da-Unilever-Nestle-anuncia-que-vai-subir-os-precos.jpg","type":"image\/jpeg"}],"author":"favorite-news","twitter_card":"summary_large_image","twitter_misc":{"Escrito por":"favorite-news","Tempo estimado de leitura":"3 minutos"},"schema":{"@context":"https:\/\/schema.org","@graph":[{"@type":"Article","@id":"https:\/\/favorite-news.com\/pt\/depois-da-unilever-nestle-anuncia-que-vai-subir-os-precos-zap\/#article","isPartOf":{"@id":"https:\/\/favorite-news.com\/pt\/depois-da-unilever-nestle-anuncia-que-vai-subir-os-precos-zap\/"},"author":{"name":"favorite-news","@id":"https:\/\/favorite-news.com\/pt\/#\/schema\/person\/b91573b717dcfa5e4696032a9d28d3e8"},"headline":"Depois da Unilever, Nestl\u00e9 anuncia que vai subir os pre\u00e7os &#8211; ZAP","datePublished":"2021-07-31T23:21:41+00:00","dateModified":"2021-07-31T23:21:51+00:00","mainEntityOfPage":{"@id":"https:\/\/favorite-news.com\/pt\/depois-da-unilever-nestle-anuncia-que-vai-subir-os-precos-zap\/"},"wordCount":539,"commentCount":0,"image":{"@id":"https:\/\/favorite-news.com\/pt\/depois-da-unilever-nestle-anuncia-que-vai-subir-os-precos-zap\/#primaryimage"},"thumbnailUrl":"https:\/\/favorite-news.com\/pt\/wp-content\/uploads\/sites\/2\/2021\/08\/Depois-da-Unilever-Nestle-anuncia-que-vai-subir-os-precos.jpg","articleSection":["NOT\u00cdCIAS FINANCEIRAS"],"inLanguage":"pt-PT","potentialAction":[{"@type":"CommentAction","name":"Comment","target":["https:\/\/favorite-news.com\/pt\/depois-da-unilever-nestle-anuncia-que-vai-subir-os-precos-zap\/#respond"]}]},{"@type":"WebPage","@id":"https:\/\/favorite-news.com\/pt\/depois-da-unilever-nestle-anuncia-que-vai-subir-os-precos-zap\/","url":"https:\/\/favorite-news.com\/pt\/depois-da-unilever-nestle-anuncia-que-vai-subir-os-precos-zap\/","name":"Depois da Unilever, Nestl\u00e9 anuncia que vai subir os pre\u00e7os - ZAP - Favorite News","isPartOf":{"@id":"https:\/\/favorite-news.com\/pt\/#website"},"primaryImageOfPage":{"@id":"https:\/\/favorite-news.com\/pt\/depois-da-unilever-nestle-anuncia-que-vai-subir-os-precos-zap\/#primaryimage"},"image":{"@id":"https:\/\/favorite-news.com\/pt\/depois-da-unilever-nestle-anuncia-que-vai-subir-os-precos-zap\/#primaryimage"},"thumbnailUrl":"https:\/\/favorite-news.com\/pt\/wp-content\/uploads\/sites\/2\/2021\/08\/Depois-da-Unilever-Nestle-anuncia-que-vai-subir-os-precos.jpg","datePublished":"2021-07-31T23:21:41+00:00","dateModified":"2021-07-31T23:21:51+00:00","author":{"@id":"https:\/\/favorite-news.com\/pt\/#\/schema\/person\/b91573b717dcfa5e4696032a9d28d3e8"},"breadcrumb":{"@id":"https:\/\/favorite-news.com\/pt\/depois-da-unilever-nestle-anuncia-que-vai-subir-os-precos-zap\/#breadcrumb"},"inLanguage":"pt-PT","potentialAction":[{"@type":"ReadAction","target":["https:\/\/favorite-news.com\/pt\/depois-da-unilever-nestle-anuncia-que-vai-subir-os-precos-zap\/"]}]},{"@type":"ImageObject","inLanguage":"pt-PT","@id":"https:\/\/favorite-news.com\/pt\/depois-da-unilever-nestle-anuncia-que-vai-subir-os-precos-zap\/#primaryimage","url":"https:\/\/favorite-news.com\/pt\/wp-content\/uploads\/sites\/2\/2021\/08\/Depois-da-Unilever-Nestle-anuncia-que-vai-subir-os-precos.jpg","contentUrl":"https:\/\/favorite-news.com\/pt\/wp-content\/uploads\/sites\/2\/2021\/08\/Depois-da-Unilever-Nestle-anuncia-que-vai-subir-os-precos.jpg","width":800,"height":533,"caption":"Depois da Unilever, Nestl\u00e9 anuncia que vai subir os pre\u00e7os - ZAP"},{"@type":"BreadcrumbList","@id":"https:\/\/favorite-news.com\/pt\/depois-da-unilever-nestle-anuncia-que-vai-subir-os-precos-zap\/#breadcrumb","itemListElement":[{"@type":"ListItem","position":1,"name":"Home","item":"https:\/\/favorite-news.com\/pt\/"},{"@type":"ListItem","position":2,"name":"Depois da Unilever, Nestl\u00e9 anuncia que vai subir os pre\u00e7os &#8211; ZAP"}]},{"@type":"WebSite","@id":"https:\/\/favorite-news.com\/pt\/#website","url":"https:\/\/favorite-news.com\/pt\/","name":"Favorite News","description":"Favorite News Portugal","potentialAction":[{"@type":"SearchAction","target":{"@type":"EntryPoint","urlTemplate":"https:\/\/favorite-news.com\/pt\/?s={search_term_string}"},"query-input":{"@type":"PropertyValueSpecification","valueRequired":true,"valueName":"search_term_string"}}],"inLanguage":"pt-PT"},{"@type":"Person","@id":"https:\/\/favorite-news.com\/pt\/#\/schema\/person\/b91573b717dcfa5e4696032a9d28d3e8","name":"favorite-news","image":{"@type":"ImageObject","inLanguage":"pt-PT","@id":"https:\/\/secure.gravatar.com\/avatar\/6c5a5cb12b74e9d517ee91cf570335b7d16177f1977cc91db161adfa435945a7?s=96&d=mm&r=g","url":"https:\/\/secure.gravatar.com\/avatar\/6c5a5cb12b74e9d517ee91cf570335b7d16177f1977cc91db161adfa435945a7?s=96&d=mm&r=g","contentUrl":"https:\/\/secure.gravatar.com\/avatar\/6c5a5cb12b74e9d517ee91cf570335b7d16177f1977cc91db161adfa435945a7?s=96&d=mm&r=g","caption":"favorite-news"},"url":"https:\/\/favorite-news.com\/pt\/author\/pt\/"}]}},"_links":{"self":[{"href":"https:\/\/favorite-news.com\/pt\/wp-json\/wp\/v2\/posts\/10955","targetHints":{"allow":["GET"]}}],"collection":[{"href":"https:\/\/favorite-news.com\/pt\/wp-json\/wp\/v2\/posts"}],"about":[{"href":"https:\/\/favorite-news.com\/pt\/wp-json\/wp\/v2\/types\/post"}],"author":[{"embeddable":true,"href":"https:\/\/favorite-news.com\/pt\/wp-json\/wp\/v2\/users\/2"}],"replies":[{"embeddable":true,"href":"https:\/\/favorite-news.com\/pt\/wp-json\/wp\/v2\/comments?post=10955"}],"version-history":[{"count":1,"href":"https:\/\/favorite-news.com\/pt\/wp-json\/wp\/v2\/posts\/10955\/revisions"}],"predecessor-version":[{"id":10957,"href":"https:\/\/favorite-news.com\/pt\/wp-json\/wp\/v2\/posts\/10955\/revisions\/10957"}],"wp:featuredmedia":[{"embeddable":true,"href":"https:\/\/favorite-news.com\/pt\/wp-json\/wp\/v2\/media\/10956"}],"wp:attachment":[{"href":"https:\/\/favorite-news.com\/pt\/wp-json\/wp\/v2\/media?parent=10955"}],"wp:term":[{"taxonomy":"category","embeddable":true,"href":"https:\/\/favorite-news.com\/pt\/wp-json\/wp\/v2\/categories?post=10955"},{"taxonomy":"post_tag","embeddable":true,"href":"https:\/\/favorite-news.com\/pt\/wp-json\/wp\/v2\/tags?post=10955"}],"curies":[{"name":"wp","href":"https:\/\/api.w.org\/{rel}","templated":true}]}}