{"id":10949,"date":"2021-07-31T14:19:35","date_gmt":"2021-07-31T11:19:35","guid":{"rendered":"https:\/\/favorite-news.com\/pt\/governo-com-margem-politica-para-abdicar-de-15-do-novo-banco\/"},"modified":"2021-07-31T14:19:38","modified_gmt":"2021-07-31T11:19:38","slug":"governo-com-margem-politica-para-abdicar-de-15-do-novo-banco","status":"publish","type":"post","link":"https:\/\/favorite-news.com\/pt\/governo-com-margem-politica-para-abdicar-de-15-do-novo-banco\/","title":{"rendered":"Governo com margem pol\u00edtica para abdicar de 15% do Novo Banco"},"content":{"rendered":"<p>Nacho \/ Flickr<br \/>\nEm 2022, o Governo tem margem pol\u00edtica para abdicar do direito de entrar como acionista no Novo Banco (NB), inicial\u00admente com uma participa\u00e7\u00e3o de mais de 2%, mas que pode subir a 15%.<\/p>\n<p>Para j\u00e1, nem o PS nem o PSD consideram que a atribui\u00e7\u00e3o dessa posi\u00e7\u00e3o acionista ao Estado \u2013 depois deste ter concedido cr\u00e9ditos tribut\u00e1rios \u2013 seja uma inevitabilidade.<br \/>\nA posi\u00e7\u00e3o \u00e9 vis\u00edvel na vota\u00e7\u00e3o de uma das propostas de altera\u00e7\u00e3o ao relat\u00f3rio da comiss\u00e3o de inqu\u00e9rito ao Novo Banco, que foi feita pelo Bloco de Esquerda e que os dois partidos, juntos, chumbaram.<br \/>\nEm causa est\u00e1 um regime que foi criado com o intuito de fortalecer o sector banc\u00e1rio no mandato de Maria Lu\u00eds Albuquerque, ministra das Finan\u00e7as de Passos Coelho, mas com a contrapartida de o Estado vir a ser acionista e cujos efeitos pr\u00e1ticos come\u00e7am agora a ser concretizados.<\/p>\n<p>A ades\u00e3o ao regime especial aplic\u00e1vel aos ativos por impostos diferidos permite que os bancos recebam um reembolso ou paguem d\u00edvidas tribut\u00e1rias, mas que, depois, o Estado possa vir a ser acionista num montante ligeiramente superior.<br \/>\nCom o Estado a entrar, a posi\u00e7\u00e3o do Fundo de Resolu\u00e7\u00e3o ficaria reduzida de 25% para perto de 10%, recebendo menos numa futura venda do banco.<br \/>\nNeste contexto, o Bloco de Esquerda pretendeu introduzir uma conclus\u00e3o no relat\u00f3rio da comiss\u00e3o de inqu\u00e9rito, inicialmente apresentado pelo socialista Fernando Anast\u00e1cio.<br \/>\n\u201cA op\u00e7\u00e3o pela n\u00e3o convers\u00e3o dos ativos por impostos diferidos por parte do Estado desprotege as contas p\u00fablicas, na medida em que o Estado abdicaria assim, em benef\u00edcio do Fundo de Resolu\u00e7\u00e3o, da receita de uma eventual aliena\u00e7\u00e3o do NB pela Lone Star\u201d, era o que dizia a proposta, chumbada pelos dois partidos.<br \/>\nDesta vez, o PS e o PSD uniram-se para travar esta censura ao Governo caso abdicasse de tal poder.<br \/>\nQuestionado pelo Expresso sobre se o Estado deve evitar entrar no banco mesmo tendo concedido o al\u00edvio fiscal, o socialista Jo\u00e3o Paulo Correia defende que \u201co Estado deve defender a sua posi\u00e7\u00e3o\u201d e admite que essa \u201c\u00e9 uma decis\u00e3o que deve ser mais ponderada\u201d.<br \/>\nPor sua vez, Hugo Carneiro, do PSD, admite mesmo que h\u00e1 riscos na entrada do Estado. \u201cSe o NB vier a precisar de mais dinheiro ao longo do tempo, pode o Estado, tornando-se acionista do NB, ser chamado a fazer novas inje\u00e7\u00f5es para al\u00e9m dos \u20ac3,89 mil milh\u00f5es\u201d, refere.<br \/>\nO Minist\u00e9rio das Finan\u00e7as n\u00e3o respondeu ao Expresso sobre o assunto, mas, na sua audi\u00e7\u00e3o, Jo\u00e3o Le\u00e3o falou sempre em \u201cpossibilidade\u201d e nunca numa certeza.<br \/>\n ZAP \/\/ <\/p>\n<p>\u00a0<\/p>\n<p>\n<!--noindex--><br \/>\n<a href=\"https:\/\/zap.aeiou.pt\/governo-margem-abdicar-novo-banco-421488\" rel=\"nofollow\">Source link <\/a><br \/>\n<!--\/noindex--><\/p>\n","protected":false},"excerpt":{"rendered":"<p>Nacho \/ Flickr Em 2022, o Governo tem margem pol\u00edtica para abdicar do direito de entrar como acionista no Novo Banco (NB), inicial\u00admente com uma participa\u00e7\u00e3o de mais de 2%, mas que pode subir a 15%. Para j\u00e1, nem o PS nem o PSD consideram que a atribui\u00e7\u00e3o dessa posi\u00e7\u00e3o acionista ao Estado \u2013 depois [&hellip;]<\/p>\n","protected":false},"author":2,"featured_media":10950,"comment_status":"open","ping_status":"open","sticky":false,"template":"","format":"standard","meta":{"footnotes":""},"categories":[1],"tags":[],"class_list":["post-10949","post","type-post","status-publish","format-standard","has-post-thumbnail","hentry","category-noticias-financeiras"],"yoast_head":"<!-- This site is optimized with the Yoast SEO plugin v27.4 - https:\/\/yoast.com\/product\/yoast-seo-wordpress\/ -->\n<title>Governo com margem pol\u00edtica para abdicar de 15% do Novo Banco - Favorite News<\/title>\n<meta name=\"robots\" content=\"index, follow, max-snippet:-1, max-image-preview:large, max-video-preview:-1\" \/>\n<link rel=\"canonical\" href=\"https:\/\/favorite-news.com\/pt\/governo-com-margem-politica-para-abdicar-de-15-do-novo-banco\/\" \/>\n<meta property=\"og:locale\" content=\"pt_PT\" \/>\n<meta property=\"og:type\" content=\"article\" \/>\n<meta property=\"og:title\" content=\"Governo com margem pol\u00edtica para abdicar de 15% do Novo Banco - Favorite News\" \/>\n<meta property=\"og:description\" content=\"Nacho \/ Flickr Em 2022, o Governo tem margem pol\u00edtica para abdicar do direito de entrar como acionista no Novo Banco (NB), inicial\u00admente com uma participa\u00e7\u00e3o de mais de 2%, mas que pode subir a 15%. Para j\u00e1, nem o PS nem o PSD consideram que a atribui\u00e7\u00e3o dessa posi\u00e7\u00e3o acionista ao Estado \u2013 depois [&hellip;]\" \/>\n<meta property=\"og:url\" content=\"https:\/\/favorite-news.com\/pt\/governo-com-margem-politica-para-abdicar-de-15-do-novo-banco\/\" \/>\n<meta property=\"og:site_name\" content=\"Favorite News\" \/>\n<meta property=\"article:published_time\" content=\"2021-07-31T11:19:35+00:00\" \/>\n<meta property=\"article:modified_time\" content=\"2021-07-31T11:19:38+00:00\" \/>\n<meta property=\"og:image\" content=\"https:\/\/favorite-news.com\/pt\/wp-content\/uploads\/sites\/2\/2021\/07\/Governo-com-margem-politica-para-abdicar-de-15-do-Novo.jpg\" \/>\n\t<meta property=\"og:image:width\" content=\"1200\" \/>\n\t<meta property=\"og:image:height\" content=\"802\" \/>\n\t<meta property=\"og:image:type\" content=\"image\/jpeg\" \/>\n<meta name=\"author\" content=\"favorite-news\" \/>\n<meta name=\"twitter:card\" content=\"summary_large_image\" \/>\n<meta name=\"twitter:label1\" content=\"Escrito por\" \/>\n\t<meta name=\"twitter:data1\" content=\"favorite-news\" \/>\n\t<meta name=\"twitter:label2\" content=\"Tempo estimado de leitura\" \/>\n\t<meta name=\"twitter:data2\" content=\"2 minutos\" \/>\n<script type=\"application\/ld+json\" class=\"yoast-schema-graph\">{\"@context\":\"https:\\\/\\\/schema.org\",\"@graph\":[{\"@type\":\"Article\",\"@id\":\"https:\\\/\\\/favorite-news.com\\\/pt\\\/governo-com-margem-politica-para-abdicar-de-15-do-novo-banco\\\/#article\",\"isPartOf\":{\"@id\":\"https:\\\/\\\/favorite-news.com\\\/pt\\\/governo-com-margem-politica-para-abdicar-de-15-do-novo-banco\\\/\"},\"author\":{\"name\":\"favorite-news\",\"@id\":\"https:\\\/\\\/favorite-news.com\\\/pt\\\/#\\\/schema\\\/person\\\/b91573b717dcfa5e4696032a9d28d3e8\"},\"headline\":\"Governo com margem pol\u00edtica para abdicar de 15% do Novo Banco\",\"datePublished\":\"2021-07-31T11:19:35+00:00\",\"dateModified\":\"2021-07-31T11:19:38+00:00\",\"mainEntityOfPage\":{\"@id\":\"https:\\\/\\\/favorite-news.com\\\/pt\\\/governo-com-margem-politica-para-abdicar-de-15-do-novo-banco\\\/\"},\"wordCount\":474,\"commentCount\":0,\"image\":{\"@id\":\"https:\\\/\\\/favorite-news.com\\\/pt\\\/governo-com-margem-politica-para-abdicar-de-15-do-novo-banco\\\/#primaryimage\"},\"thumbnailUrl\":\"https:\\\/\\\/favorite-news.com\\\/pt\\\/wp-content\\\/uploads\\\/sites\\\/2\\\/2021\\\/07\\\/Governo-com-margem-politica-para-abdicar-de-15-do-Novo.jpg\",\"articleSection\":[\"NOT\u00cdCIAS FINANCEIRAS\"],\"inLanguage\":\"pt-PT\",\"potentialAction\":[{\"@type\":\"CommentAction\",\"name\":\"Comment\",\"target\":[\"https:\\\/\\\/favorite-news.com\\\/pt\\\/governo-com-margem-politica-para-abdicar-de-15-do-novo-banco\\\/#respond\"]}]},{\"@type\":\"WebPage\",\"@id\":\"https:\\\/\\\/favorite-news.com\\\/pt\\\/governo-com-margem-politica-para-abdicar-de-15-do-novo-banco\\\/\",\"url\":\"https:\\\/\\\/favorite-news.com\\\/pt\\\/governo-com-margem-politica-para-abdicar-de-15-do-novo-banco\\\/\",\"name\":\"Governo com margem pol\u00edtica para abdicar de 15% do Novo Banco - Favorite News\",\"isPartOf\":{\"@id\":\"https:\\\/\\\/favorite-news.com\\\/pt\\\/#website\"},\"primaryImageOfPage\":{\"@id\":\"https:\\\/\\\/favorite-news.com\\\/pt\\\/governo-com-margem-politica-para-abdicar-de-15-do-novo-banco\\\/#primaryimage\"},\"image\":{\"@id\":\"https:\\\/\\\/favorite-news.com\\\/pt\\\/governo-com-margem-politica-para-abdicar-de-15-do-novo-banco\\\/#primaryimage\"},\"thumbnailUrl\":\"https:\\\/\\\/favorite-news.com\\\/pt\\\/wp-content\\\/uploads\\\/sites\\\/2\\\/2021\\\/07\\\/Governo-com-margem-politica-para-abdicar-de-15-do-Novo.jpg\",\"datePublished\":\"2021-07-31T11:19:35+00:00\",\"dateModified\":\"2021-07-31T11:19:38+00:00\",\"author\":{\"@id\":\"https:\\\/\\\/favorite-news.com\\\/pt\\\/#\\\/schema\\\/person\\\/b91573b717dcfa5e4696032a9d28d3e8\"},\"breadcrumb\":{\"@id\":\"https:\\\/\\\/favorite-news.com\\\/pt\\\/governo-com-margem-politica-para-abdicar-de-15-do-novo-banco\\\/#breadcrumb\"},\"inLanguage\":\"pt-PT\",\"potentialAction\":[{\"@type\":\"ReadAction\",\"target\":[\"https:\\\/\\\/favorite-news.com\\\/pt\\\/governo-com-margem-politica-para-abdicar-de-15-do-novo-banco\\\/\"]}]},{\"@type\":\"ImageObject\",\"inLanguage\":\"pt-PT\",\"@id\":\"https:\\\/\\\/favorite-news.com\\\/pt\\\/governo-com-margem-politica-para-abdicar-de-15-do-novo-banco\\\/#primaryimage\",\"url\":\"https:\\\/\\\/favorite-news.com\\\/pt\\\/wp-content\\\/uploads\\\/sites\\\/2\\\/2021\\\/07\\\/Governo-com-margem-politica-para-abdicar-de-15-do-Novo.jpg\",\"contentUrl\":\"https:\\\/\\\/favorite-news.com\\\/pt\\\/wp-content\\\/uploads\\\/sites\\\/2\\\/2021\\\/07\\\/Governo-com-margem-politica-para-abdicar-de-15-do-Novo.jpg\",\"width\":1200,\"height\":802,\"caption\":\"Governo com margem pol\u00edtica para abdicar de 15% do Novo Banco\"},{\"@type\":\"BreadcrumbList\",\"@id\":\"https:\\\/\\\/favorite-news.com\\\/pt\\\/governo-com-margem-politica-para-abdicar-de-15-do-novo-banco\\\/#breadcrumb\",\"itemListElement\":[{\"@type\":\"ListItem\",\"position\":1,\"name\":\"Home\",\"item\":\"https:\\\/\\\/favorite-news.com\\\/pt\\\/\"},{\"@type\":\"ListItem\",\"position\":2,\"name\":\"Governo com margem pol\u00edtica para abdicar de 15% do Novo Banco\"}]},{\"@type\":\"WebSite\",\"@id\":\"https:\\\/\\\/favorite-news.com\\\/pt\\\/#website\",\"url\":\"https:\\\/\\\/favorite-news.com\\\/pt\\\/\",\"name\":\"Favorite News\",\"description\":\"Favorite News Portugal\",\"potentialAction\":[{\"@type\":\"SearchAction\",\"target\":{\"@type\":\"EntryPoint\",\"urlTemplate\":\"https:\\\/\\\/favorite-news.com\\\/pt\\\/?s={search_term_string}\"},\"query-input\":{\"@type\":\"PropertyValueSpecification\",\"valueRequired\":true,\"valueName\":\"search_term_string\"}}],\"inLanguage\":\"pt-PT\"},{\"@type\":\"Person\",\"@id\":\"https:\\\/\\\/favorite-news.com\\\/pt\\\/#\\\/schema\\\/person\\\/b91573b717dcfa5e4696032a9d28d3e8\",\"name\":\"favorite-news\",\"image\":{\"@type\":\"ImageObject\",\"inLanguage\":\"pt-PT\",\"@id\":\"https:\\\/\\\/secure.gravatar.com\\\/avatar\\\/6c5a5cb12b74e9d517ee91cf570335b7d16177f1977cc91db161adfa435945a7?s=96&d=mm&r=g\",\"url\":\"https:\\\/\\\/secure.gravatar.com\\\/avatar\\\/6c5a5cb12b74e9d517ee91cf570335b7d16177f1977cc91db161adfa435945a7?s=96&d=mm&r=g\",\"contentUrl\":\"https:\\\/\\\/secure.gravatar.com\\\/avatar\\\/6c5a5cb12b74e9d517ee91cf570335b7d16177f1977cc91db161adfa435945a7?s=96&d=mm&r=g\",\"caption\":\"favorite-news\"},\"url\":\"https:\\\/\\\/favorite-news.com\\\/pt\\\/author\\\/pt\\\/\"}]}<\/script>\n<!-- \/ Yoast SEO plugin. -->","yoast_head_json":{"title":"Governo com margem pol\u00edtica para abdicar de 15% do Novo Banco - Favorite News","robots":{"index":"index","follow":"follow","max-snippet":"max-snippet:-1","max-image-preview":"max-image-preview:large","max-video-preview":"max-video-preview:-1"},"canonical":"https:\/\/favorite-news.com\/pt\/governo-com-margem-politica-para-abdicar-de-15-do-novo-banco\/","og_locale":"pt_PT","og_type":"article","og_title":"Governo com margem pol\u00edtica para abdicar de 15% do Novo Banco - Favorite News","og_description":"Nacho \/ Flickr Em 2022, o Governo tem margem pol\u00edtica para abdicar do direito de entrar como acionista no Novo Banco (NB), inicial\u00admente com uma participa\u00e7\u00e3o de mais de 2%, mas que pode subir a 15%. Para j\u00e1, nem o PS nem o PSD consideram que a atribui\u00e7\u00e3o dessa posi\u00e7\u00e3o acionista ao Estado \u2013 depois [&hellip;]","og_url":"https:\/\/favorite-news.com\/pt\/governo-com-margem-politica-para-abdicar-de-15-do-novo-banco\/","og_site_name":"Favorite News","article_published_time":"2021-07-31T11:19:35+00:00","article_modified_time":"2021-07-31T11:19:38+00:00","og_image":[{"width":1200,"height":802,"url":"https:\/\/favorite-news.com\/pt\/wp-content\/uploads\/sites\/2\/2021\/07\/Governo-com-margem-politica-para-abdicar-de-15-do-Novo.jpg","type":"image\/jpeg"}],"author":"favorite-news","twitter_card":"summary_large_image","twitter_misc":{"Escrito por":"favorite-news","Tempo estimado de leitura":"2 minutos"},"schema":{"@context":"https:\/\/schema.org","@graph":[{"@type":"Article","@id":"https:\/\/favorite-news.com\/pt\/governo-com-margem-politica-para-abdicar-de-15-do-novo-banco\/#article","isPartOf":{"@id":"https:\/\/favorite-news.com\/pt\/governo-com-margem-politica-para-abdicar-de-15-do-novo-banco\/"},"author":{"name":"favorite-news","@id":"https:\/\/favorite-news.com\/pt\/#\/schema\/person\/b91573b717dcfa5e4696032a9d28d3e8"},"headline":"Governo com margem pol\u00edtica para abdicar de 15% do Novo Banco","datePublished":"2021-07-31T11:19:35+00:00","dateModified":"2021-07-31T11:19:38+00:00","mainEntityOfPage":{"@id":"https:\/\/favorite-news.com\/pt\/governo-com-margem-politica-para-abdicar-de-15-do-novo-banco\/"},"wordCount":474,"commentCount":0,"image":{"@id":"https:\/\/favorite-news.com\/pt\/governo-com-margem-politica-para-abdicar-de-15-do-novo-banco\/#primaryimage"},"thumbnailUrl":"https:\/\/favorite-news.com\/pt\/wp-content\/uploads\/sites\/2\/2021\/07\/Governo-com-margem-politica-para-abdicar-de-15-do-Novo.jpg","articleSection":["NOT\u00cdCIAS FINANCEIRAS"],"inLanguage":"pt-PT","potentialAction":[{"@type":"CommentAction","name":"Comment","target":["https:\/\/favorite-news.com\/pt\/governo-com-margem-politica-para-abdicar-de-15-do-novo-banco\/#respond"]}]},{"@type":"WebPage","@id":"https:\/\/favorite-news.com\/pt\/governo-com-margem-politica-para-abdicar-de-15-do-novo-banco\/","url":"https:\/\/favorite-news.com\/pt\/governo-com-margem-politica-para-abdicar-de-15-do-novo-banco\/","name":"Governo com margem pol\u00edtica para abdicar de 15% do Novo Banco - Favorite News","isPartOf":{"@id":"https:\/\/favorite-news.com\/pt\/#website"},"primaryImageOfPage":{"@id":"https:\/\/favorite-news.com\/pt\/governo-com-margem-politica-para-abdicar-de-15-do-novo-banco\/#primaryimage"},"image":{"@id":"https:\/\/favorite-news.com\/pt\/governo-com-margem-politica-para-abdicar-de-15-do-novo-banco\/#primaryimage"},"thumbnailUrl":"https:\/\/favorite-news.com\/pt\/wp-content\/uploads\/sites\/2\/2021\/07\/Governo-com-margem-politica-para-abdicar-de-15-do-Novo.jpg","datePublished":"2021-07-31T11:19:35+00:00","dateModified":"2021-07-31T11:19:38+00:00","author":{"@id":"https:\/\/favorite-news.com\/pt\/#\/schema\/person\/b91573b717dcfa5e4696032a9d28d3e8"},"breadcrumb":{"@id":"https:\/\/favorite-news.com\/pt\/governo-com-margem-politica-para-abdicar-de-15-do-novo-banco\/#breadcrumb"},"inLanguage":"pt-PT","potentialAction":[{"@type":"ReadAction","target":["https:\/\/favorite-news.com\/pt\/governo-com-margem-politica-para-abdicar-de-15-do-novo-banco\/"]}]},{"@type":"ImageObject","inLanguage":"pt-PT","@id":"https:\/\/favorite-news.com\/pt\/governo-com-margem-politica-para-abdicar-de-15-do-novo-banco\/#primaryimage","url":"https:\/\/favorite-news.com\/pt\/wp-content\/uploads\/sites\/2\/2021\/07\/Governo-com-margem-politica-para-abdicar-de-15-do-Novo.jpg","contentUrl":"https:\/\/favorite-news.com\/pt\/wp-content\/uploads\/sites\/2\/2021\/07\/Governo-com-margem-politica-para-abdicar-de-15-do-Novo.jpg","width":1200,"height":802,"caption":"Governo com margem pol\u00edtica para abdicar de 15% do Novo Banco"},{"@type":"BreadcrumbList","@id":"https:\/\/favorite-news.com\/pt\/governo-com-margem-politica-para-abdicar-de-15-do-novo-banco\/#breadcrumb","itemListElement":[{"@type":"ListItem","position":1,"name":"Home","item":"https:\/\/favorite-news.com\/pt\/"},{"@type":"ListItem","position":2,"name":"Governo com margem pol\u00edtica para abdicar de 15% do Novo Banco"}]},{"@type":"WebSite","@id":"https:\/\/favorite-news.com\/pt\/#website","url":"https:\/\/favorite-news.com\/pt\/","name":"Favorite News","description":"Favorite News Portugal","potentialAction":[{"@type":"SearchAction","target":{"@type":"EntryPoint","urlTemplate":"https:\/\/favorite-news.com\/pt\/?s={search_term_string}"},"query-input":{"@type":"PropertyValueSpecification","valueRequired":true,"valueName":"search_term_string"}}],"inLanguage":"pt-PT"},{"@type":"Person","@id":"https:\/\/favorite-news.com\/pt\/#\/schema\/person\/b91573b717dcfa5e4696032a9d28d3e8","name":"favorite-news","image":{"@type":"ImageObject","inLanguage":"pt-PT","@id":"https:\/\/secure.gravatar.com\/avatar\/6c5a5cb12b74e9d517ee91cf570335b7d16177f1977cc91db161adfa435945a7?s=96&d=mm&r=g","url":"https:\/\/secure.gravatar.com\/avatar\/6c5a5cb12b74e9d517ee91cf570335b7d16177f1977cc91db161adfa435945a7?s=96&d=mm&r=g","contentUrl":"https:\/\/secure.gravatar.com\/avatar\/6c5a5cb12b74e9d517ee91cf570335b7d16177f1977cc91db161adfa435945a7?s=96&d=mm&r=g","caption":"favorite-news"},"url":"https:\/\/favorite-news.com\/pt\/author\/pt\/"}]}},"_links":{"self":[{"href":"https:\/\/favorite-news.com\/pt\/wp-json\/wp\/v2\/posts\/10949","targetHints":{"allow":["GET"]}}],"collection":[{"href":"https:\/\/favorite-news.com\/pt\/wp-json\/wp\/v2\/posts"}],"about":[{"href":"https:\/\/favorite-news.com\/pt\/wp-json\/wp\/v2\/types\/post"}],"author":[{"embeddable":true,"href":"https:\/\/favorite-news.com\/pt\/wp-json\/wp\/v2\/users\/2"}],"replies":[{"embeddable":true,"href":"https:\/\/favorite-news.com\/pt\/wp-json\/wp\/v2\/comments?post=10949"}],"version-history":[{"count":1,"href":"https:\/\/favorite-news.com\/pt\/wp-json\/wp\/v2\/posts\/10949\/revisions"}],"predecessor-version":[{"id":10951,"href":"https:\/\/favorite-news.com\/pt\/wp-json\/wp\/v2\/posts\/10949\/revisions\/10951"}],"wp:featuredmedia":[{"embeddable":true,"href":"https:\/\/favorite-news.com\/pt\/wp-json\/wp\/v2\/media\/10950"}],"wp:attachment":[{"href":"https:\/\/favorite-news.com\/pt\/wp-json\/wp\/v2\/media?parent=10949"}],"wp:term":[{"taxonomy":"category","embeddable":true,"href":"https:\/\/favorite-news.com\/pt\/wp-json\/wp\/v2\/categories?post=10949"},{"taxonomy":"post_tag","embeddable":true,"href":"https:\/\/favorite-news.com\/pt\/wp-json\/wp\/v2\/tags?post=10949"}],"curies":[{"name":"wp","href":"https:\/\/api.w.org\/{rel}","templated":true}]}}