{"id":10939,"date":"2021-07-30T14:09:16","date_gmt":"2021-07-30T11:09:16","guid":{"rendered":"https:\/\/favorite-news.com\/pt\/emprego-continua-a-crescer-e-atinge-numeros-historicos-em-maio\/"},"modified":"2021-07-30T14:09:18","modified_gmt":"2021-07-30T11:09:18","slug":"emprego-continua-a-crescer-e-atinge-numeros-historicos-em-maio","status":"publish","type":"post","link":"https:\/\/favorite-news.com\/pt\/emprego-continua-a-crescer-e-atinge-numeros-historicos-em-maio\/","title":{"rendered":"Emprego continua a crescer \u2014 e atinge n\u00fameros hist\u00f3ricos em maio"},"content":{"rendered":"<p>Paulo Novais \/ Lusa<br \/>\nN\u00fameros provis\u00f3rios do INE correspondentes a junho indicam uma retoma do emprego, com 17 mil novos postos de trabalho criados \u2014 numa sequ\u00eancia de cinco meses consecutivos de melhoria. Trata-se do m\u00eas mais forte desde que o indicador \u00e9 contabilizado.<\/p>\n<p>Com os primeiros sinais de que a pandemia pode, ap\u00f3s um ano e meio, estar a dar tr\u00e9guas, a economia portuguesa lan\u00e7a-se agora numa cruzada pela recupera\u00e7\u00e3o e, de acordo com os mais recentes dados provis\u00f3rios lan\u00e7ados pelo Instituto Nacional de Estat\u00edstica, os n\u00fameros relativos ao emprego j\u00e1 a evidenciam. Em junho, Portugal registou mesmo o m\u00eas mais forte no que que concerne ao emprego desde que o INE come\u00e7ou a contabiliz\u00e1-lo, em 1998.<br \/>\nA popula\u00e7\u00e3o empregada ter\u00e1 ficado na marca dos 4,8 milh\u00f5es de indiv\u00edduos, numa sequ\u00eancia de cinco meses consecutivos de melhoria \u2014 que se iniciou em fevereiro. O m\u00eas mais forte foi Maio, quando foram criados mais 61 mil postos de trabalho, em termos l\u00edquidos. Em junho, o mercado de trabalho gerou mais 17 mil empregos, tal como aponta o Di\u00e1rio de Not\u00edcias.<br \/>\nNeste mesmo m\u00eas, 4 793,6 mil pessoas ter\u00e3o estado empregadas, o que corresponde a 206,8 mil postos a mais face ao mesmo per\u00edodo do ano passado. Numa compara\u00e7\u00e3o com fevereiro de 2020, o \u00faltimo m\u00eas antes da entrada da pandemia, o ganho situa-se nos 47,8 mil postos de trabalho.<\/p>\n<p>Apesar dos sinais positivos, h\u00e1 um grupo que n\u00e3o beneficia, para j\u00e1, da recupera\u00e7\u00e3o, os jovens. Nas faixas et\u00e1rias mais baixas, junho foi sin\u00f3nimo da interrup\u00e7\u00e3o de um ciclo de tr\u00eas meses consecutivos de melhorias, com perdas na ordem dos oito mil postos de trabalho, o que se manifesta num total de 249,5 mil empregos ocupados para quem tem entre 16 a 24 anos.<br \/>\nUma nova compara\u00e7\u00e3o com os n\u00fameros pr\u00e9-pandemia, no que respeita ao emprego jovem, indicam um d\u00e9fice de 45,6 mil postos de trabalho e face ao m\u00eas de junho de 2020 um acr\u00e9scimo de 8,9 mil novos empregados.<br \/>\nNa outra face da moeda, o desemprego inclu\u00eda em junho 95,8 mil jovens, mais 7,3 mil que nos m\u00eas anterior, e mais 28 mil que no m\u00eas anterior \u00e0 chegada da pandemia (fevereiro de 2020). No grupo dos indiv\u00edduos com mais de 25 anos, que em junho totalizavam 260,3 mil desempregados, regista-se de um n\u00famero de desempregados ligeiramente abaixo do que foi registado em fevereiro de 2020. S\u00e3o menos 5,9 mil adultos no desemprego do que antes do in\u00edcio da pandemia.<br \/>\n\u00c0 exce\u00e7\u00e3o dos meses iniciais da pandemia e de 2021, marcados pelos confinamentos, o emprego acima dos 25 anos tem estado sempre numa tend\u00eancia de crescimento em termos de crescimento l\u00edquido.<br \/>\nDesta forma, os ganhos globais de de 47,8 mil empregos relativamente a fevereiro do ano passado correspondem a um saldo positivo de 93,5 mil postos de trabalho ocupados por adultos. Globalmente, a taxa de emprego ter\u00e1 ficado em junho nos 62,4%. Se atentarmos apenas \u00e0 popula\u00e7\u00e3o adulta, a marca situa-se nos 68% e desce para os 25,1% entre os mais jovens.<br \/>\nJ\u00e1 a taxa de desemprego global, fica agora nos 6,9%. \u00c9 de 5,4% entre os adultos, e de 27,7% entre a popula\u00e7\u00e3o jovem.<br \/>\n ARM, ZAP \/\/ <\/p>\n<p>\n<!--noindex--><br \/>\n<a href=\"https:\/\/zap.aeiou.pt\/emprego-recupera-niveis-historicos-421237\" rel=\"nofollow\">Source link <\/a><br \/>\n<!--\/noindex--><\/p>\n","protected":false},"excerpt":{"rendered":"<p>Paulo Novais \/ Lusa N\u00fameros provis\u00f3rios do INE correspondentes a junho indicam uma retoma do emprego, com 17 mil novos postos de trabalho criados \u2014 numa sequ\u00eancia de cinco meses consecutivos de melhoria. Trata-se do m\u00eas mais forte desde que o indicador \u00e9 contabilizado. Com os primeiros sinais de que a pandemia pode, ap\u00f3s um [&hellip;]<\/p>\n","protected":false},"author":2,"featured_media":8104,"comment_status":"open","ping_status":"open","sticky":false,"template":"","format":"standard","meta":{"footnotes":""},"categories":[1],"tags":[],"class_list":["post-10939","post","type-post","status-publish","format-standard","has-post-thumbnail","hentry","category-noticias-financeiras"],"yoast_head":"<!-- This site is optimized with the Yoast SEO plugin v27.4 - https:\/\/yoast.com\/product\/yoast-seo-wordpress\/ -->\n<title>Emprego continua a crescer \u2014 e atinge n\u00fameros hist\u00f3ricos em maio - Favorite News<\/title>\n<meta name=\"robots\" content=\"index, follow, max-snippet:-1, max-image-preview:large, max-video-preview:-1\" \/>\n<link rel=\"canonical\" href=\"https:\/\/favorite-news.com\/pt\/emprego-continua-a-crescer-e-atinge-numeros-historicos-em-maio\/\" \/>\n<meta property=\"og:locale\" content=\"pt_PT\" \/>\n<meta property=\"og:type\" content=\"article\" \/>\n<meta property=\"og:title\" content=\"Emprego continua a crescer \u2014 e atinge n\u00fameros hist\u00f3ricos em maio - Favorite News\" \/>\n<meta property=\"og:description\" content=\"Paulo Novais \/ Lusa N\u00fameros provis\u00f3rios do INE correspondentes a junho indicam uma retoma do emprego, com 17 mil novos postos de trabalho criados \u2014 numa sequ\u00eancia de cinco meses consecutivos de melhoria. Trata-se do m\u00eas mais forte desde que o indicador \u00e9 contabilizado. Com os primeiros sinais de que a pandemia pode, ap\u00f3s um [&hellip;]\" \/>\n<meta property=\"og:url\" content=\"https:\/\/favorite-news.com\/pt\/emprego-continua-a-crescer-e-atinge-numeros-historicos-em-maio\/\" \/>\n<meta property=\"og:site_name\" content=\"Favorite News\" \/>\n<meta property=\"article:published_time\" content=\"2021-07-30T11:09:16+00:00\" \/>\n<meta property=\"article:modified_time\" content=\"2021-07-30T11:09:18+00:00\" \/>\n<meta property=\"og:image\" content=\"https:\/\/favorite-news.com\/pt\/wp-content\/uploads\/sites\/2\/2020\/12\/Taxa-de-desemprego-desce-em-setembro-para-os-79.jpg\" \/>\n\t<meta property=\"og:image:width\" content=\"1011\" \/>\n\t<meta property=\"og:image:height\" content=\"624\" \/>\n\t<meta property=\"og:image:type\" content=\"image\/jpeg\" \/>\n<meta name=\"author\" content=\"favorite-news\" \/>\n<meta name=\"twitter:card\" content=\"summary_large_image\" \/>\n<meta name=\"twitter:label1\" content=\"Escrito por\" \/>\n\t<meta name=\"twitter:data1\" content=\"favorite-news\" \/>\n\t<meta name=\"twitter:label2\" content=\"Tempo estimado de leitura\" \/>\n\t<meta name=\"twitter:data2\" content=\"3 minutos\" \/>\n<script type=\"application\/ld+json\" class=\"yoast-schema-graph\">{\"@context\":\"https:\\\/\\\/schema.org\",\"@graph\":[{\"@type\":\"Article\",\"@id\":\"https:\\\/\\\/favorite-news.com\\\/pt\\\/emprego-continua-a-crescer-e-atinge-numeros-historicos-em-maio\\\/#article\",\"isPartOf\":{\"@id\":\"https:\\\/\\\/favorite-news.com\\\/pt\\\/emprego-continua-a-crescer-e-atinge-numeros-historicos-em-maio\\\/\"},\"author\":{\"name\":\"favorite-news\",\"@id\":\"https:\\\/\\\/favorite-news.com\\\/pt\\\/#\\\/schema\\\/person\\\/b91573b717dcfa5e4696032a9d28d3e8\"},\"headline\":\"Emprego continua a crescer \u2014 e atinge n\u00fameros hist\u00f3ricos em maio\",\"datePublished\":\"2021-07-30T11:09:16+00:00\",\"dateModified\":\"2021-07-30T11:09:18+00:00\",\"mainEntityOfPage\":{\"@id\":\"https:\\\/\\\/favorite-news.com\\\/pt\\\/emprego-continua-a-crescer-e-atinge-numeros-historicos-em-maio\\\/\"},\"wordCount\":552,\"commentCount\":0,\"image\":{\"@id\":\"https:\\\/\\\/favorite-news.com\\\/pt\\\/emprego-continua-a-crescer-e-atinge-numeros-historicos-em-maio\\\/#primaryimage\"},\"thumbnailUrl\":\"https:\\\/\\\/favorite-news.com\\\/pt\\\/wp-content\\\/uploads\\\/sites\\\/2\\\/2020\\\/12\\\/Taxa-de-desemprego-desce-em-setembro-para-os-79.jpg\",\"articleSection\":[\"NOT\u00cdCIAS FINANCEIRAS\"],\"inLanguage\":\"pt-PT\",\"potentialAction\":[{\"@type\":\"CommentAction\",\"name\":\"Comment\",\"target\":[\"https:\\\/\\\/favorite-news.com\\\/pt\\\/emprego-continua-a-crescer-e-atinge-numeros-historicos-em-maio\\\/#respond\"]}]},{\"@type\":\"WebPage\",\"@id\":\"https:\\\/\\\/favorite-news.com\\\/pt\\\/emprego-continua-a-crescer-e-atinge-numeros-historicos-em-maio\\\/\",\"url\":\"https:\\\/\\\/favorite-news.com\\\/pt\\\/emprego-continua-a-crescer-e-atinge-numeros-historicos-em-maio\\\/\",\"name\":\"Emprego continua a crescer \u2014 e atinge n\u00fameros hist\u00f3ricos em maio - Favorite News\",\"isPartOf\":{\"@id\":\"https:\\\/\\\/favorite-news.com\\\/pt\\\/#website\"},\"primaryImageOfPage\":{\"@id\":\"https:\\\/\\\/favorite-news.com\\\/pt\\\/emprego-continua-a-crescer-e-atinge-numeros-historicos-em-maio\\\/#primaryimage\"},\"image\":{\"@id\":\"https:\\\/\\\/favorite-news.com\\\/pt\\\/emprego-continua-a-crescer-e-atinge-numeros-historicos-em-maio\\\/#primaryimage\"},\"thumbnailUrl\":\"https:\\\/\\\/favorite-news.com\\\/pt\\\/wp-content\\\/uploads\\\/sites\\\/2\\\/2020\\\/12\\\/Taxa-de-desemprego-desce-em-setembro-para-os-79.jpg\",\"datePublished\":\"2021-07-30T11:09:16+00:00\",\"dateModified\":\"2021-07-30T11:09:18+00:00\",\"author\":{\"@id\":\"https:\\\/\\\/favorite-news.com\\\/pt\\\/#\\\/schema\\\/person\\\/b91573b717dcfa5e4696032a9d28d3e8\"},\"breadcrumb\":{\"@id\":\"https:\\\/\\\/favorite-news.com\\\/pt\\\/emprego-continua-a-crescer-e-atinge-numeros-historicos-em-maio\\\/#breadcrumb\"},\"inLanguage\":\"pt-PT\",\"potentialAction\":[{\"@type\":\"ReadAction\",\"target\":[\"https:\\\/\\\/favorite-news.com\\\/pt\\\/emprego-continua-a-crescer-e-atinge-numeros-historicos-em-maio\\\/\"]}]},{\"@type\":\"ImageObject\",\"inLanguage\":\"pt-PT\",\"@id\":\"https:\\\/\\\/favorite-news.com\\\/pt\\\/emprego-continua-a-crescer-e-atinge-numeros-historicos-em-maio\\\/#primaryimage\",\"url\":\"https:\\\/\\\/favorite-news.com\\\/pt\\\/wp-content\\\/uploads\\\/sites\\\/2\\\/2020\\\/12\\\/Taxa-de-desemprego-desce-em-setembro-para-os-79.jpg\",\"contentUrl\":\"https:\\\/\\\/favorite-news.com\\\/pt\\\/wp-content\\\/uploads\\\/sites\\\/2\\\/2020\\\/12\\\/Taxa-de-desemprego-desce-em-setembro-para-os-79.jpg\",\"width\":1011,\"height\":624,\"caption\":\"Taxa de desemprego desce em setembro para os 7,9% - ZAP\"},{\"@type\":\"BreadcrumbList\",\"@id\":\"https:\\\/\\\/favorite-news.com\\\/pt\\\/emprego-continua-a-crescer-e-atinge-numeros-historicos-em-maio\\\/#breadcrumb\",\"itemListElement\":[{\"@type\":\"ListItem\",\"position\":1,\"name\":\"Home\",\"item\":\"https:\\\/\\\/favorite-news.com\\\/pt\\\/\"},{\"@type\":\"ListItem\",\"position\":2,\"name\":\"Emprego continua a crescer \u2014 e atinge n\u00fameros hist\u00f3ricos em maio\"}]},{\"@type\":\"WebSite\",\"@id\":\"https:\\\/\\\/favorite-news.com\\\/pt\\\/#website\",\"url\":\"https:\\\/\\\/favorite-news.com\\\/pt\\\/\",\"name\":\"Favorite News\",\"description\":\"Favorite News Portugal\",\"potentialAction\":[{\"@type\":\"SearchAction\",\"target\":{\"@type\":\"EntryPoint\",\"urlTemplate\":\"https:\\\/\\\/favorite-news.com\\\/pt\\\/?s={search_term_string}\"},\"query-input\":{\"@type\":\"PropertyValueSpecification\",\"valueRequired\":true,\"valueName\":\"search_term_string\"}}],\"inLanguage\":\"pt-PT\"},{\"@type\":\"Person\",\"@id\":\"https:\\\/\\\/favorite-news.com\\\/pt\\\/#\\\/schema\\\/person\\\/b91573b717dcfa5e4696032a9d28d3e8\",\"name\":\"favorite-news\",\"image\":{\"@type\":\"ImageObject\",\"inLanguage\":\"pt-PT\",\"@id\":\"https:\\\/\\\/secure.gravatar.com\\\/avatar\\\/6c5a5cb12b74e9d517ee91cf570335b7d16177f1977cc91db161adfa435945a7?s=96&d=mm&r=g\",\"url\":\"https:\\\/\\\/secure.gravatar.com\\\/avatar\\\/6c5a5cb12b74e9d517ee91cf570335b7d16177f1977cc91db161adfa435945a7?s=96&d=mm&r=g\",\"contentUrl\":\"https:\\\/\\\/secure.gravatar.com\\\/avatar\\\/6c5a5cb12b74e9d517ee91cf570335b7d16177f1977cc91db161adfa435945a7?s=96&d=mm&r=g\",\"caption\":\"favorite-news\"},\"url\":\"https:\\\/\\\/favorite-news.com\\\/pt\\\/author\\\/pt\\\/\"}]}<\/script>\n<!-- \/ Yoast SEO plugin. -->","yoast_head_json":{"title":"Emprego continua a crescer \u2014 e atinge n\u00fameros hist\u00f3ricos em maio - Favorite News","robots":{"index":"index","follow":"follow","max-snippet":"max-snippet:-1","max-image-preview":"max-image-preview:large","max-video-preview":"max-video-preview:-1"},"canonical":"https:\/\/favorite-news.com\/pt\/emprego-continua-a-crescer-e-atinge-numeros-historicos-em-maio\/","og_locale":"pt_PT","og_type":"article","og_title":"Emprego continua a crescer \u2014 e atinge n\u00fameros hist\u00f3ricos em maio - Favorite News","og_description":"Paulo Novais \/ Lusa N\u00fameros provis\u00f3rios do INE correspondentes a junho indicam uma retoma do emprego, com 17 mil novos postos de trabalho criados \u2014 numa sequ\u00eancia de cinco meses consecutivos de melhoria. Trata-se do m\u00eas mais forte desde que o indicador \u00e9 contabilizado. Com os primeiros sinais de que a pandemia pode, ap\u00f3s um [&hellip;]","og_url":"https:\/\/favorite-news.com\/pt\/emprego-continua-a-crescer-e-atinge-numeros-historicos-em-maio\/","og_site_name":"Favorite News","article_published_time":"2021-07-30T11:09:16+00:00","article_modified_time":"2021-07-30T11:09:18+00:00","og_image":[{"width":1011,"height":624,"url":"https:\/\/favorite-news.com\/pt\/wp-content\/uploads\/sites\/2\/2020\/12\/Taxa-de-desemprego-desce-em-setembro-para-os-79.jpg","type":"image\/jpeg"}],"author":"favorite-news","twitter_card":"summary_large_image","twitter_misc":{"Escrito por":"favorite-news","Tempo estimado de leitura":"3 minutos"},"schema":{"@context":"https:\/\/schema.org","@graph":[{"@type":"Article","@id":"https:\/\/favorite-news.com\/pt\/emprego-continua-a-crescer-e-atinge-numeros-historicos-em-maio\/#article","isPartOf":{"@id":"https:\/\/favorite-news.com\/pt\/emprego-continua-a-crescer-e-atinge-numeros-historicos-em-maio\/"},"author":{"name":"favorite-news","@id":"https:\/\/favorite-news.com\/pt\/#\/schema\/person\/b91573b717dcfa5e4696032a9d28d3e8"},"headline":"Emprego continua a crescer \u2014 e atinge n\u00fameros hist\u00f3ricos em maio","datePublished":"2021-07-30T11:09:16+00:00","dateModified":"2021-07-30T11:09:18+00:00","mainEntityOfPage":{"@id":"https:\/\/favorite-news.com\/pt\/emprego-continua-a-crescer-e-atinge-numeros-historicos-em-maio\/"},"wordCount":552,"commentCount":0,"image":{"@id":"https:\/\/favorite-news.com\/pt\/emprego-continua-a-crescer-e-atinge-numeros-historicos-em-maio\/#primaryimage"},"thumbnailUrl":"https:\/\/favorite-news.com\/pt\/wp-content\/uploads\/sites\/2\/2020\/12\/Taxa-de-desemprego-desce-em-setembro-para-os-79.jpg","articleSection":["NOT\u00cdCIAS FINANCEIRAS"],"inLanguage":"pt-PT","potentialAction":[{"@type":"CommentAction","name":"Comment","target":["https:\/\/favorite-news.com\/pt\/emprego-continua-a-crescer-e-atinge-numeros-historicos-em-maio\/#respond"]}]},{"@type":"WebPage","@id":"https:\/\/favorite-news.com\/pt\/emprego-continua-a-crescer-e-atinge-numeros-historicos-em-maio\/","url":"https:\/\/favorite-news.com\/pt\/emprego-continua-a-crescer-e-atinge-numeros-historicos-em-maio\/","name":"Emprego continua a crescer \u2014 e atinge n\u00fameros hist\u00f3ricos em maio - Favorite News","isPartOf":{"@id":"https:\/\/favorite-news.com\/pt\/#website"},"primaryImageOfPage":{"@id":"https:\/\/favorite-news.com\/pt\/emprego-continua-a-crescer-e-atinge-numeros-historicos-em-maio\/#primaryimage"},"image":{"@id":"https:\/\/favorite-news.com\/pt\/emprego-continua-a-crescer-e-atinge-numeros-historicos-em-maio\/#primaryimage"},"thumbnailUrl":"https:\/\/favorite-news.com\/pt\/wp-content\/uploads\/sites\/2\/2020\/12\/Taxa-de-desemprego-desce-em-setembro-para-os-79.jpg","datePublished":"2021-07-30T11:09:16+00:00","dateModified":"2021-07-30T11:09:18+00:00","author":{"@id":"https:\/\/favorite-news.com\/pt\/#\/schema\/person\/b91573b717dcfa5e4696032a9d28d3e8"},"breadcrumb":{"@id":"https:\/\/favorite-news.com\/pt\/emprego-continua-a-crescer-e-atinge-numeros-historicos-em-maio\/#breadcrumb"},"inLanguage":"pt-PT","potentialAction":[{"@type":"ReadAction","target":["https:\/\/favorite-news.com\/pt\/emprego-continua-a-crescer-e-atinge-numeros-historicos-em-maio\/"]}]},{"@type":"ImageObject","inLanguage":"pt-PT","@id":"https:\/\/favorite-news.com\/pt\/emprego-continua-a-crescer-e-atinge-numeros-historicos-em-maio\/#primaryimage","url":"https:\/\/favorite-news.com\/pt\/wp-content\/uploads\/sites\/2\/2020\/12\/Taxa-de-desemprego-desce-em-setembro-para-os-79.jpg","contentUrl":"https:\/\/favorite-news.com\/pt\/wp-content\/uploads\/sites\/2\/2020\/12\/Taxa-de-desemprego-desce-em-setembro-para-os-79.jpg","width":1011,"height":624,"caption":"Taxa de desemprego desce em setembro para os 7,9% - ZAP"},{"@type":"BreadcrumbList","@id":"https:\/\/favorite-news.com\/pt\/emprego-continua-a-crescer-e-atinge-numeros-historicos-em-maio\/#breadcrumb","itemListElement":[{"@type":"ListItem","position":1,"name":"Home","item":"https:\/\/favorite-news.com\/pt\/"},{"@type":"ListItem","position":2,"name":"Emprego continua a crescer \u2014 e atinge n\u00fameros hist\u00f3ricos em maio"}]},{"@type":"WebSite","@id":"https:\/\/favorite-news.com\/pt\/#website","url":"https:\/\/favorite-news.com\/pt\/","name":"Favorite News","description":"Favorite News Portugal","potentialAction":[{"@type":"SearchAction","target":{"@type":"EntryPoint","urlTemplate":"https:\/\/favorite-news.com\/pt\/?s={search_term_string}"},"query-input":{"@type":"PropertyValueSpecification","valueRequired":true,"valueName":"search_term_string"}}],"inLanguage":"pt-PT"},{"@type":"Person","@id":"https:\/\/favorite-news.com\/pt\/#\/schema\/person\/b91573b717dcfa5e4696032a9d28d3e8","name":"favorite-news","image":{"@type":"ImageObject","inLanguage":"pt-PT","@id":"https:\/\/secure.gravatar.com\/avatar\/6c5a5cb12b74e9d517ee91cf570335b7d16177f1977cc91db161adfa435945a7?s=96&d=mm&r=g","url":"https:\/\/secure.gravatar.com\/avatar\/6c5a5cb12b74e9d517ee91cf570335b7d16177f1977cc91db161adfa435945a7?s=96&d=mm&r=g","contentUrl":"https:\/\/secure.gravatar.com\/avatar\/6c5a5cb12b74e9d517ee91cf570335b7d16177f1977cc91db161adfa435945a7?s=96&d=mm&r=g","caption":"favorite-news"},"url":"https:\/\/favorite-news.com\/pt\/author\/pt\/"}]}},"_links":{"self":[{"href":"https:\/\/favorite-news.com\/pt\/wp-json\/wp\/v2\/posts\/10939","targetHints":{"allow":["GET"]}}],"collection":[{"href":"https:\/\/favorite-news.com\/pt\/wp-json\/wp\/v2\/posts"}],"about":[{"href":"https:\/\/favorite-news.com\/pt\/wp-json\/wp\/v2\/types\/post"}],"author":[{"embeddable":true,"href":"https:\/\/favorite-news.com\/pt\/wp-json\/wp\/v2\/users\/2"}],"replies":[{"embeddable":true,"href":"https:\/\/favorite-news.com\/pt\/wp-json\/wp\/v2\/comments?post=10939"}],"version-history":[{"count":1,"href":"https:\/\/favorite-news.com\/pt\/wp-json\/wp\/v2\/posts\/10939\/revisions"}],"predecessor-version":[{"id":10940,"href":"https:\/\/favorite-news.com\/pt\/wp-json\/wp\/v2\/posts\/10939\/revisions\/10940"}],"wp:featuredmedia":[{"embeddable":true,"href":"https:\/\/favorite-news.com\/pt\/wp-json\/wp\/v2\/media\/8104"}],"wp:attachment":[{"href":"https:\/\/favorite-news.com\/pt\/wp-json\/wp\/v2\/media?parent=10939"}],"wp:term":[{"taxonomy":"category","embeddable":true,"href":"https:\/\/favorite-news.com\/pt\/wp-json\/wp\/v2\/categories?post=10939"},{"taxonomy":"post_tag","embeddable":true,"href":"https:\/\/favorite-news.com\/pt\/wp-json\/wp\/v2\/tags?post=10939"}],"curies":[{"name":"wp","href":"https:\/\/api.w.org\/{rel}","templated":true}]}}