{"id":10933,"date":"2021-07-30T02:08:37","date_gmt":"2021-07-29T23:08:37","guid":{"rendered":"https:\/\/favorite-news.com\/pt\/comissao-europeia-envia-primeiro-cheque-do-prr-na-proxima-semana\/"},"modified":"2021-07-30T02:08:39","modified_gmt":"2021-07-29T23:08:39","slug":"comissao-europeia-envia-primeiro-cheque-do-prr-na-proxima-semana","status":"publish","type":"post","link":"https:\/\/favorite-news.com\/pt\/comissao-europeia-envia-primeiro-cheque-do-prr-na-proxima-semana\/","title":{"rendered":"Comiss\u00e3o Europeia envia primeiro \u201ccheque\u201d do PRR na pr\u00f3xima semana"},"content":{"rendered":"<p>Tiago Petinga \/ EPAUrsula Von der Leyen e Ant\u00f3nio Costa<br \/>\nA Comiss\u00e3o Europeia ir\u00e1 fazer o pagamento da primeira verba do Plano de Recupera\u00e7\u00e3o e Resili\u00eancia (PRR) no decorrer da pr\u00f3xima semana.<\/p>\n<p>Na sess\u00e3o de assinatura dos contratos do Mecanismo de Recupera\u00e7\u00e3o e Resili\u00eancia da Uni\u00e3o Europeia, que teve lugar no Minist\u00e9rio das Finan\u00e7as na passada segunda-feira, os ministros do Planeamento, Nelson de Souza, e das Finan\u00e7as, Jo\u00e3o Le\u00e3o, previram a chegada do primeiro cheque para os \u201cpr\u00f3ximos dias\u201d, escreve o Expresso.<br \/>\nAs verbas a receber na pr\u00f3xima semana cifram-se nos 2,1 mil milh\u00f5es de euros, ou 13% dos 16 mil milh\u00f5es alocados a Portugal pela Comiss\u00e3o para a totalidade do PRR.<br \/>\nDe acordo com o ECO, a expectativa da presidente da Comiss\u00e3o Europeia, Ursula Von der Leyen, passava por desembolsar as primeiras verbas ainda em julho, mas a sua meta ser\u00e1 adiada ligeiramente para os primeiros dias de agosto, tal como tinha indicado o comiss\u00e1rio europeu para o Or\u00e7amento, Johannes Hahn.<br \/>\nUma segunda tranche, j\u00e1 n\u00e3o dos 13% do pr\u00e9-financiamento mas relativo ao cumprimento do PRR, poder\u00e1 chegar no final deste ano ou no in\u00edcio do pr\u00f3ximo, caso a avalia\u00e7\u00e3o que a Comiss\u00e3o fa\u00e7a da execu\u00e7\u00e3o do plano portugu\u00eas seja positiva.<\/p>\n<p>Os investimentos alavancados por estes fundos dever\u00e3o, segundo o ministro das Finan\u00e7as, originar, nos pr\u00f3ximos anos, um aumento de mais de 22 mil milh\u00f5es de euros do produto interno bruto (PIB) portugu\u00eas.<br \/>\nSegundo as previs\u00f5es das Finan\u00e7as, o PIB dever\u00e1 ser 3,5% superior em 2025 face ao que seria o valor do produto nacional sem PRR.<br \/>\n ZAP \/\/ <\/p>\n<p>\n<!--noindex--><br \/>\n<a href=\"https:\/\/zap.aeiou.pt\/primeiro-cheque-prr-proxima-semana-420944\" rel=\"nofollow\">Source link <\/a><br \/>\n<!--\/noindex--><\/p>\n","protected":false},"excerpt":{"rendered":"<p>Tiago Petinga \/ EPAUrsula Von der Leyen e Ant\u00f3nio Costa A Comiss\u00e3o Europeia ir\u00e1 fazer o pagamento da primeira verba do Plano de Recupera\u00e7\u00e3o e Resili\u00eancia (PRR) no decorrer da pr\u00f3xima semana. Na sess\u00e3o de assinatura dos contratos do Mecanismo de Recupera\u00e7\u00e3o e Resili\u00eancia da Uni\u00e3o Europeia, que teve lugar no Minist\u00e9rio das Finan\u00e7as na [&hellip;]<\/p>\n","protected":false},"author":2,"featured_media":10934,"comment_status":"open","ping_status":"open","sticky":false,"template":"","format":"standard","meta":{"footnotes":""},"categories":[1],"tags":[],"class_list":["post-10933","post","type-post","status-publish","format-standard","has-post-thumbnail","hentry","category-noticias-financeiras"],"yoast_head":"<!-- This site is optimized with the Yoast SEO plugin v27.4 - https:\/\/yoast.com\/product\/yoast-seo-wordpress\/ -->\n<title>Comiss\u00e3o Europeia envia primeiro \u201ccheque\u201d do PRR na pr\u00f3xima semana - Favorite News<\/title>\n<meta name=\"robots\" content=\"index, follow, max-snippet:-1, max-image-preview:large, max-video-preview:-1\" \/>\n<link rel=\"canonical\" href=\"https:\/\/favorite-news.com\/pt\/comissao-europeia-envia-primeiro-cheque-do-prr-na-proxima-semana\/\" \/>\n<meta property=\"og:locale\" content=\"pt_PT\" \/>\n<meta property=\"og:type\" content=\"article\" \/>\n<meta property=\"og:title\" content=\"Comiss\u00e3o Europeia envia primeiro \u201ccheque\u201d do PRR na pr\u00f3xima semana - Favorite News\" \/>\n<meta property=\"og:description\" content=\"Tiago Petinga \/ EPAUrsula Von der Leyen e Ant\u00f3nio Costa A Comiss\u00e3o Europeia ir\u00e1 fazer o pagamento da primeira verba do Plano de Recupera\u00e7\u00e3o e Resili\u00eancia (PRR) no decorrer da pr\u00f3xima semana. Na sess\u00e3o de assinatura dos contratos do Mecanismo de Recupera\u00e7\u00e3o e Resili\u00eancia da Uni\u00e3o Europeia, que teve lugar no Minist\u00e9rio das Finan\u00e7as na [&hellip;]\" \/>\n<meta property=\"og:url\" content=\"https:\/\/favorite-news.com\/pt\/comissao-europeia-envia-primeiro-cheque-do-prr-na-proxima-semana\/\" \/>\n<meta property=\"og:site_name\" content=\"Favorite News\" \/>\n<meta property=\"article:published_time\" content=\"2021-07-29T23:08:37+00:00\" \/>\n<meta property=\"article:modified_time\" content=\"2021-07-29T23:08:39+00:00\" \/>\n<meta property=\"og:image\" content=\"https:\/\/favorite-news.com\/pt\/wp-content\/uploads\/sites\/2\/2021\/07\/Comissao-Europeia-envia-primeiro-cheque-do-PRR-na-proxima-semana.jpg\" \/>\n\t<meta property=\"og:image:width\" content=\"1200\" \/>\n\t<meta property=\"og:image:height\" content=\"800\" \/>\n\t<meta property=\"og:image:type\" content=\"image\/jpeg\" \/>\n<meta name=\"author\" content=\"favorite-news\" \/>\n<meta name=\"twitter:card\" content=\"summary_large_image\" \/>\n<meta name=\"twitter:label1\" content=\"Escrito por\" \/>\n\t<meta name=\"twitter:data1\" content=\"favorite-news\" \/>\n\t<meta name=\"twitter:label2\" content=\"Tempo estimado de leitura\" \/>\n\t<meta name=\"twitter:data2\" content=\"1 minuto\" \/>\n<script type=\"application\/ld+json\" class=\"yoast-schema-graph\">{\"@context\":\"https:\\\/\\\/schema.org\",\"@graph\":[{\"@type\":\"Article\",\"@id\":\"https:\\\/\\\/favorite-news.com\\\/pt\\\/comissao-europeia-envia-primeiro-cheque-do-prr-na-proxima-semana\\\/#article\",\"isPartOf\":{\"@id\":\"https:\\\/\\\/favorite-news.com\\\/pt\\\/comissao-europeia-envia-primeiro-cheque-do-prr-na-proxima-semana\\\/\"},\"author\":{\"name\":\"favorite-news\",\"@id\":\"https:\\\/\\\/favorite-news.com\\\/pt\\\/#\\\/schema\\\/person\\\/b91573b717dcfa5e4696032a9d28d3e8\"},\"headline\":\"Comiss\u00e3o Europeia envia primeiro \u201ccheque\u201d do PRR na pr\u00f3xima semana\",\"datePublished\":\"2021-07-29T23:08:37+00:00\",\"dateModified\":\"2021-07-29T23:08:39+00:00\",\"mainEntityOfPage\":{\"@id\":\"https:\\\/\\\/favorite-news.com\\\/pt\\\/comissao-europeia-envia-primeiro-cheque-do-prr-na-proxima-semana\\\/\"},\"wordCount\":303,\"commentCount\":0,\"image\":{\"@id\":\"https:\\\/\\\/favorite-news.com\\\/pt\\\/comissao-europeia-envia-primeiro-cheque-do-prr-na-proxima-semana\\\/#primaryimage\"},\"thumbnailUrl\":\"https:\\\/\\\/favorite-news.com\\\/pt\\\/wp-content\\\/uploads\\\/sites\\\/2\\\/2021\\\/07\\\/Comissao-Europeia-envia-primeiro-cheque-do-PRR-na-proxima-semana.jpg\",\"articleSection\":[\"NOT\u00cdCIAS FINANCEIRAS\"],\"inLanguage\":\"pt-PT\",\"potentialAction\":[{\"@type\":\"CommentAction\",\"name\":\"Comment\",\"target\":[\"https:\\\/\\\/favorite-news.com\\\/pt\\\/comissao-europeia-envia-primeiro-cheque-do-prr-na-proxima-semana\\\/#respond\"]}]},{\"@type\":\"WebPage\",\"@id\":\"https:\\\/\\\/favorite-news.com\\\/pt\\\/comissao-europeia-envia-primeiro-cheque-do-prr-na-proxima-semana\\\/\",\"url\":\"https:\\\/\\\/favorite-news.com\\\/pt\\\/comissao-europeia-envia-primeiro-cheque-do-prr-na-proxima-semana\\\/\",\"name\":\"Comiss\u00e3o Europeia envia primeiro \u201ccheque\u201d do PRR na pr\u00f3xima semana - Favorite News\",\"isPartOf\":{\"@id\":\"https:\\\/\\\/favorite-news.com\\\/pt\\\/#website\"},\"primaryImageOfPage\":{\"@id\":\"https:\\\/\\\/favorite-news.com\\\/pt\\\/comissao-europeia-envia-primeiro-cheque-do-prr-na-proxima-semana\\\/#primaryimage\"},\"image\":{\"@id\":\"https:\\\/\\\/favorite-news.com\\\/pt\\\/comissao-europeia-envia-primeiro-cheque-do-prr-na-proxima-semana\\\/#primaryimage\"},\"thumbnailUrl\":\"https:\\\/\\\/favorite-news.com\\\/pt\\\/wp-content\\\/uploads\\\/sites\\\/2\\\/2021\\\/07\\\/Comissao-Europeia-envia-primeiro-cheque-do-PRR-na-proxima-semana.jpg\",\"datePublished\":\"2021-07-29T23:08:37+00:00\",\"dateModified\":\"2021-07-29T23:08:39+00:00\",\"author\":{\"@id\":\"https:\\\/\\\/favorite-news.com\\\/pt\\\/#\\\/schema\\\/person\\\/b91573b717dcfa5e4696032a9d28d3e8\"},\"breadcrumb\":{\"@id\":\"https:\\\/\\\/favorite-news.com\\\/pt\\\/comissao-europeia-envia-primeiro-cheque-do-prr-na-proxima-semana\\\/#breadcrumb\"},\"inLanguage\":\"pt-PT\",\"potentialAction\":[{\"@type\":\"ReadAction\",\"target\":[\"https:\\\/\\\/favorite-news.com\\\/pt\\\/comissao-europeia-envia-primeiro-cheque-do-prr-na-proxima-semana\\\/\"]}]},{\"@type\":\"ImageObject\",\"inLanguage\":\"pt-PT\",\"@id\":\"https:\\\/\\\/favorite-news.com\\\/pt\\\/comissao-europeia-envia-primeiro-cheque-do-prr-na-proxima-semana\\\/#primaryimage\",\"url\":\"https:\\\/\\\/favorite-news.com\\\/pt\\\/wp-content\\\/uploads\\\/sites\\\/2\\\/2021\\\/07\\\/Comissao-Europeia-envia-primeiro-cheque-do-PRR-na-proxima-semana.jpg\",\"contentUrl\":\"https:\\\/\\\/favorite-news.com\\\/pt\\\/wp-content\\\/uploads\\\/sites\\\/2\\\/2021\\\/07\\\/Comissao-Europeia-envia-primeiro-cheque-do-PRR-na-proxima-semana.jpg\",\"width\":1200,\"height\":800,\"caption\":\"Comiss\u00e3o Europeia envia primeiro \u201ccheque\u201d do PRR na pr\u00f3xima semana\"},{\"@type\":\"BreadcrumbList\",\"@id\":\"https:\\\/\\\/favorite-news.com\\\/pt\\\/comissao-europeia-envia-primeiro-cheque-do-prr-na-proxima-semana\\\/#breadcrumb\",\"itemListElement\":[{\"@type\":\"ListItem\",\"position\":1,\"name\":\"Home\",\"item\":\"https:\\\/\\\/favorite-news.com\\\/pt\\\/\"},{\"@type\":\"ListItem\",\"position\":2,\"name\":\"Comiss\u00e3o Europeia envia primeiro \u201ccheque\u201d do PRR na pr\u00f3xima semana\"}]},{\"@type\":\"WebSite\",\"@id\":\"https:\\\/\\\/favorite-news.com\\\/pt\\\/#website\",\"url\":\"https:\\\/\\\/favorite-news.com\\\/pt\\\/\",\"name\":\"Favorite News\",\"description\":\"Favorite News Portugal\",\"potentialAction\":[{\"@type\":\"SearchAction\",\"target\":{\"@type\":\"EntryPoint\",\"urlTemplate\":\"https:\\\/\\\/favorite-news.com\\\/pt\\\/?s={search_term_string}\"},\"query-input\":{\"@type\":\"PropertyValueSpecification\",\"valueRequired\":true,\"valueName\":\"search_term_string\"}}],\"inLanguage\":\"pt-PT\"},{\"@type\":\"Person\",\"@id\":\"https:\\\/\\\/favorite-news.com\\\/pt\\\/#\\\/schema\\\/person\\\/b91573b717dcfa5e4696032a9d28d3e8\",\"name\":\"favorite-news\",\"image\":{\"@type\":\"ImageObject\",\"inLanguage\":\"pt-PT\",\"@id\":\"https:\\\/\\\/secure.gravatar.com\\\/avatar\\\/6c5a5cb12b74e9d517ee91cf570335b7d16177f1977cc91db161adfa435945a7?s=96&d=mm&r=g\",\"url\":\"https:\\\/\\\/secure.gravatar.com\\\/avatar\\\/6c5a5cb12b74e9d517ee91cf570335b7d16177f1977cc91db161adfa435945a7?s=96&d=mm&r=g\",\"contentUrl\":\"https:\\\/\\\/secure.gravatar.com\\\/avatar\\\/6c5a5cb12b74e9d517ee91cf570335b7d16177f1977cc91db161adfa435945a7?s=96&d=mm&r=g\",\"caption\":\"favorite-news\"},\"url\":\"https:\\\/\\\/favorite-news.com\\\/pt\\\/author\\\/pt\\\/\"}]}<\/script>\n<!-- \/ Yoast SEO plugin. -->","yoast_head_json":{"title":"Comiss\u00e3o Europeia envia primeiro \u201ccheque\u201d do PRR na pr\u00f3xima semana - Favorite News","robots":{"index":"index","follow":"follow","max-snippet":"max-snippet:-1","max-image-preview":"max-image-preview:large","max-video-preview":"max-video-preview:-1"},"canonical":"https:\/\/favorite-news.com\/pt\/comissao-europeia-envia-primeiro-cheque-do-prr-na-proxima-semana\/","og_locale":"pt_PT","og_type":"article","og_title":"Comiss\u00e3o Europeia envia primeiro \u201ccheque\u201d do PRR na pr\u00f3xima semana - Favorite News","og_description":"Tiago Petinga \/ EPAUrsula Von der Leyen e Ant\u00f3nio Costa A Comiss\u00e3o Europeia ir\u00e1 fazer o pagamento da primeira verba do Plano de Recupera\u00e7\u00e3o e Resili\u00eancia (PRR) no decorrer da pr\u00f3xima semana. Na sess\u00e3o de assinatura dos contratos do Mecanismo de Recupera\u00e7\u00e3o e Resili\u00eancia da Uni\u00e3o Europeia, que teve lugar no Minist\u00e9rio das Finan\u00e7as na [&hellip;]","og_url":"https:\/\/favorite-news.com\/pt\/comissao-europeia-envia-primeiro-cheque-do-prr-na-proxima-semana\/","og_site_name":"Favorite News","article_published_time":"2021-07-29T23:08:37+00:00","article_modified_time":"2021-07-29T23:08:39+00:00","og_image":[{"width":1200,"height":800,"url":"https:\/\/favorite-news.com\/pt\/wp-content\/uploads\/sites\/2\/2021\/07\/Comissao-Europeia-envia-primeiro-cheque-do-PRR-na-proxima-semana.jpg","type":"image\/jpeg"}],"author":"favorite-news","twitter_card":"summary_large_image","twitter_misc":{"Escrito por":"favorite-news","Tempo estimado de leitura":"1 minuto"},"schema":{"@context":"https:\/\/schema.org","@graph":[{"@type":"Article","@id":"https:\/\/favorite-news.com\/pt\/comissao-europeia-envia-primeiro-cheque-do-prr-na-proxima-semana\/#article","isPartOf":{"@id":"https:\/\/favorite-news.com\/pt\/comissao-europeia-envia-primeiro-cheque-do-prr-na-proxima-semana\/"},"author":{"name":"favorite-news","@id":"https:\/\/favorite-news.com\/pt\/#\/schema\/person\/b91573b717dcfa5e4696032a9d28d3e8"},"headline":"Comiss\u00e3o Europeia envia primeiro \u201ccheque\u201d do PRR na pr\u00f3xima semana","datePublished":"2021-07-29T23:08:37+00:00","dateModified":"2021-07-29T23:08:39+00:00","mainEntityOfPage":{"@id":"https:\/\/favorite-news.com\/pt\/comissao-europeia-envia-primeiro-cheque-do-prr-na-proxima-semana\/"},"wordCount":303,"commentCount":0,"image":{"@id":"https:\/\/favorite-news.com\/pt\/comissao-europeia-envia-primeiro-cheque-do-prr-na-proxima-semana\/#primaryimage"},"thumbnailUrl":"https:\/\/favorite-news.com\/pt\/wp-content\/uploads\/sites\/2\/2021\/07\/Comissao-Europeia-envia-primeiro-cheque-do-PRR-na-proxima-semana.jpg","articleSection":["NOT\u00cdCIAS FINANCEIRAS"],"inLanguage":"pt-PT","potentialAction":[{"@type":"CommentAction","name":"Comment","target":["https:\/\/favorite-news.com\/pt\/comissao-europeia-envia-primeiro-cheque-do-prr-na-proxima-semana\/#respond"]}]},{"@type":"WebPage","@id":"https:\/\/favorite-news.com\/pt\/comissao-europeia-envia-primeiro-cheque-do-prr-na-proxima-semana\/","url":"https:\/\/favorite-news.com\/pt\/comissao-europeia-envia-primeiro-cheque-do-prr-na-proxima-semana\/","name":"Comiss\u00e3o Europeia envia primeiro \u201ccheque\u201d do PRR na pr\u00f3xima semana - Favorite News","isPartOf":{"@id":"https:\/\/favorite-news.com\/pt\/#website"},"primaryImageOfPage":{"@id":"https:\/\/favorite-news.com\/pt\/comissao-europeia-envia-primeiro-cheque-do-prr-na-proxima-semana\/#primaryimage"},"image":{"@id":"https:\/\/favorite-news.com\/pt\/comissao-europeia-envia-primeiro-cheque-do-prr-na-proxima-semana\/#primaryimage"},"thumbnailUrl":"https:\/\/favorite-news.com\/pt\/wp-content\/uploads\/sites\/2\/2021\/07\/Comissao-Europeia-envia-primeiro-cheque-do-PRR-na-proxima-semana.jpg","datePublished":"2021-07-29T23:08:37+00:00","dateModified":"2021-07-29T23:08:39+00:00","author":{"@id":"https:\/\/favorite-news.com\/pt\/#\/schema\/person\/b91573b717dcfa5e4696032a9d28d3e8"},"breadcrumb":{"@id":"https:\/\/favorite-news.com\/pt\/comissao-europeia-envia-primeiro-cheque-do-prr-na-proxima-semana\/#breadcrumb"},"inLanguage":"pt-PT","potentialAction":[{"@type":"ReadAction","target":["https:\/\/favorite-news.com\/pt\/comissao-europeia-envia-primeiro-cheque-do-prr-na-proxima-semana\/"]}]},{"@type":"ImageObject","inLanguage":"pt-PT","@id":"https:\/\/favorite-news.com\/pt\/comissao-europeia-envia-primeiro-cheque-do-prr-na-proxima-semana\/#primaryimage","url":"https:\/\/favorite-news.com\/pt\/wp-content\/uploads\/sites\/2\/2021\/07\/Comissao-Europeia-envia-primeiro-cheque-do-PRR-na-proxima-semana.jpg","contentUrl":"https:\/\/favorite-news.com\/pt\/wp-content\/uploads\/sites\/2\/2021\/07\/Comissao-Europeia-envia-primeiro-cheque-do-PRR-na-proxima-semana.jpg","width":1200,"height":800,"caption":"Comiss\u00e3o Europeia envia primeiro \u201ccheque\u201d do PRR na pr\u00f3xima semana"},{"@type":"BreadcrumbList","@id":"https:\/\/favorite-news.com\/pt\/comissao-europeia-envia-primeiro-cheque-do-prr-na-proxima-semana\/#breadcrumb","itemListElement":[{"@type":"ListItem","position":1,"name":"Home","item":"https:\/\/favorite-news.com\/pt\/"},{"@type":"ListItem","position":2,"name":"Comiss\u00e3o Europeia envia primeiro \u201ccheque\u201d do PRR na pr\u00f3xima semana"}]},{"@type":"WebSite","@id":"https:\/\/favorite-news.com\/pt\/#website","url":"https:\/\/favorite-news.com\/pt\/","name":"Favorite News","description":"Favorite News Portugal","potentialAction":[{"@type":"SearchAction","target":{"@type":"EntryPoint","urlTemplate":"https:\/\/favorite-news.com\/pt\/?s={search_term_string}"},"query-input":{"@type":"PropertyValueSpecification","valueRequired":true,"valueName":"search_term_string"}}],"inLanguage":"pt-PT"},{"@type":"Person","@id":"https:\/\/favorite-news.com\/pt\/#\/schema\/person\/b91573b717dcfa5e4696032a9d28d3e8","name":"favorite-news","image":{"@type":"ImageObject","inLanguage":"pt-PT","@id":"https:\/\/secure.gravatar.com\/avatar\/6c5a5cb12b74e9d517ee91cf570335b7d16177f1977cc91db161adfa435945a7?s=96&d=mm&r=g","url":"https:\/\/secure.gravatar.com\/avatar\/6c5a5cb12b74e9d517ee91cf570335b7d16177f1977cc91db161adfa435945a7?s=96&d=mm&r=g","contentUrl":"https:\/\/secure.gravatar.com\/avatar\/6c5a5cb12b74e9d517ee91cf570335b7d16177f1977cc91db161adfa435945a7?s=96&d=mm&r=g","caption":"favorite-news"},"url":"https:\/\/favorite-news.com\/pt\/author\/pt\/"}]}},"_links":{"self":[{"href":"https:\/\/favorite-news.com\/pt\/wp-json\/wp\/v2\/posts\/10933","targetHints":{"allow":["GET"]}}],"collection":[{"href":"https:\/\/favorite-news.com\/pt\/wp-json\/wp\/v2\/posts"}],"about":[{"href":"https:\/\/favorite-news.com\/pt\/wp-json\/wp\/v2\/types\/post"}],"author":[{"embeddable":true,"href":"https:\/\/favorite-news.com\/pt\/wp-json\/wp\/v2\/users\/2"}],"replies":[{"embeddable":true,"href":"https:\/\/favorite-news.com\/pt\/wp-json\/wp\/v2\/comments?post=10933"}],"version-history":[{"count":1,"href":"https:\/\/favorite-news.com\/pt\/wp-json\/wp\/v2\/posts\/10933\/revisions"}],"predecessor-version":[{"id":10935,"href":"https:\/\/favorite-news.com\/pt\/wp-json\/wp\/v2\/posts\/10933\/revisions\/10935"}],"wp:featuredmedia":[{"embeddable":true,"href":"https:\/\/favorite-news.com\/pt\/wp-json\/wp\/v2\/media\/10934"}],"wp:attachment":[{"href":"https:\/\/favorite-news.com\/pt\/wp-json\/wp\/v2\/media?parent=10933"}],"wp:term":[{"taxonomy":"category","embeddable":true,"href":"https:\/\/favorite-news.com\/pt\/wp-json\/wp\/v2\/categories?post=10933"},{"taxonomy":"post_tag","embeddable":true,"href":"https:\/\/favorite-news.com\/pt\/wp-json\/wp\/v2\/tags?post=10933"}],"curies":[{"name":"wp","href":"https:\/\/api.w.org\/{rel}","templated":true}]}}