{"id":10927,"date":"2021-07-29T13:59:34","date_gmt":"2021-07-29T10:59:34","guid":{"rendered":"https:\/\/favorite-news.com\/pt\/acordo-de-concertacao-preve-licencas-e-apoios-fiscais-a-formacao-zap\/"},"modified":"2021-07-29T13:59:37","modified_gmt":"2021-07-29T10:59:37","slug":"acordo-de-concertacao-preve-licencas-e-apoios-fiscais-a-formacao-zap","status":"publish","type":"post","link":"https:\/\/favorite-news.com\/pt\/acordo-de-concertacao-preve-licencas-e-apoios-fiscais-a-formacao-zap\/","title":{"rendered":"Acordo de Concerta\u00e7\u00e3o prev\u00ea licen\u00e7as e apoios fiscais \u00e0 forma\u00e7\u00e3o &#8211; ZAP"},"content":{"rendered":"<p>M\u00e1rio Cruz \/ LusaO primeiro-ministro, Ant\u00f3nio Costa, participa na cerim\u00f3nia de assinatura do acordo sobre \u201cForma\u00e7\u00e3o Profissional e Qualifica\u00e7\u00e3o: um des\u00edgnio estrat\u00e9gico para as Pessoas, para as Empresas e para o Pa\u00eds\u201d.<br \/>\nJ\u00e1 se conhecem algumas das medidas previstas no Acordo de Forma\u00e7\u00e3o Profissional e Qualifica\u00e7\u00f5es, assinado ontem pelo governo, confedera\u00e7\u00f5es patronais e UGT.<\/p>\n<p>O governo, as confedera\u00e7\u00f5es patronais e a UGT assinaram, esta quarta-feira, o Acordo de Forma\u00e7\u00e3o Profissional e Qualifica\u00e7\u00f5es.<br \/>\nSegundo o Di\u00e1rio de Not\u00edcias, est\u00e1 prevista a cria\u00e7\u00e3o de um novo tipo de licen\u00e7a para trabalhadores que queiram aumentar qualifica\u00e7\u00f5es e incentivos fiscais para as pequenas e m\u00e9dias empresas (PME) que cumpram, ou superem, as 40 horas de forma\u00e7\u00e3o obrigat\u00f3ria por lei.<br \/>\nA CGTP fica de fora do acordo e j\u00e1 criticou o documento por deixar de fora mat\u00e9rias que considera \u201cfundamentais para os trabalhadores\u201d.<\/p>\n<p>Por sua vez, a CGT coloca-se \u00e0 margem desta acordo, por considerar que n\u00e3o resolve o \u201cproblema estrutural do acesso \u00e0 forma\u00e7\u00e3o profissional\u201d dos trabalhadores estudantes ou sujeitos a hor\u00e1rios desregulados, trabalho noturno e por turnos rotativos.<br \/>\nOs objetivos do plano s\u00e3o os de combater \u201co maior d\u00e9fice estrutural que o pa\u00eds tem\u201d e ter 60% dos adultos ativos em Portugal a frequentar forma\u00e7\u00e3o anualmente at\u00e9 2030.<br \/>\nOs incentivos listados no acordo incluem \u201cum modelo de licen\u00e7as para apoiar a forma\u00e7\u00e3o e qualifica\u00e7\u00e3o de trabalhadores, nomeadamente quando associadas \u00e0 conclus\u00e3o de n\u00edveis de qualifica\u00e7\u00e3o\u201d.<br \/>\nO acordo menciona ainda a revis\u00e3o da medida de cheque-forma\u00e7\u00e3o, e o refor\u00e7o de apoios sociais e ao alojamento.<br \/>\nO DN escreve o plano prev\u00ea ainda criar contas individuais e a \u201cintrodu\u00e7\u00e3o de fatores de diferencia\u00e7\u00e3o positiva no \u00e2mbito das conven\u00e7\u00f5es coletivas de trabalho\u201d para trabalhadores que apostem na melhoria de qualifica\u00e7\u00f5es.<br \/>\nAs empresas que cumpram, ou superem, as 40 horas de forma\u00e7\u00e3o obrigat\u00f3ria por lei ter\u00e3o tamb\u00e9m um enquadramento fiscal mais favor\u00e1vel. Isto poder\u00e1 alargar-se \u00e0s PME que invistam na forma\u00e7\u00e3o aos financiamentos comunit\u00e1rios e noutros tipos de financiamento p\u00fablico.<br \/>\nO plano fala ainda em reavaliar os 5% de descontos de trabalhadores e empregadores para a Seguran\u00e7a Social que revertem para pol\u00edticas de emprego e forma\u00e7\u00e3o.<br \/>\n ZAP \/\/ <\/p>\n<p>\n<!--noindex--><br \/>\n<a href=\"https:\/\/zap.aeiou.pt\/licencas-apoios-fiscais-a-formacao-420922\" rel=\"nofollow\">Source link <\/a><br \/>\n<!--\/noindex--><\/p>\n","protected":false},"excerpt":{"rendered":"<p>M\u00e1rio Cruz \/ LusaO primeiro-ministro, Ant\u00f3nio Costa, participa na cerim\u00f3nia de assinatura do acordo sobre \u201cForma\u00e7\u00e3o Profissional e Qualifica\u00e7\u00e3o: um des\u00edgnio estrat\u00e9gico para as Pessoas, para as Empresas e para o Pa\u00eds\u201d. J\u00e1 se conhecem algumas das medidas previstas no Acordo de Forma\u00e7\u00e3o Profissional e Qualifica\u00e7\u00f5es, assinado ontem pelo governo, confedera\u00e7\u00f5es patronais e UGT. O [&hellip;]<\/p>\n","protected":false},"author":2,"featured_media":10928,"comment_status":"open","ping_status":"open","sticky":false,"template":"","format":"standard","meta":{"footnotes":""},"categories":[1],"tags":[],"class_list":["post-10927","post","type-post","status-publish","format-standard","has-post-thumbnail","hentry","category-noticias-financeiras"],"yoast_head":"<!-- This site is optimized with the Yoast SEO plugin v27.4 - https:\/\/yoast.com\/product\/yoast-seo-wordpress\/ -->\n<title>Acordo de Concerta\u00e7\u00e3o prev\u00ea licen\u00e7as e apoios fiscais \u00e0 forma\u00e7\u00e3o - ZAP - Favorite News<\/title>\n<meta name=\"robots\" content=\"index, follow, max-snippet:-1, max-image-preview:large, max-video-preview:-1\" \/>\n<link rel=\"canonical\" href=\"https:\/\/favorite-news.com\/pt\/acordo-de-concertacao-preve-licencas-e-apoios-fiscais-a-formacao-zap\/\" \/>\n<meta property=\"og:locale\" content=\"pt_PT\" \/>\n<meta property=\"og:type\" content=\"article\" \/>\n<meta property=\"og:title\" content=\"Acordo de Concerta\u00e7\u00e3o prev\u00ea licen\u00e7as e apoios fiscais \u00e0 forma\u00e7\u00e3o - ZAP - Favorite News\" \/>\n<meta property=\"og:description\" content=\"M\u00e1rio Cruz \/ LusaO primeiro-ministro, Ant\u00f3nio Costa, participa na cerim\u00f3nia de assinatura do acordo sobre \u201cForma\u00e7\u00e3o Profissional e Qualifica\u00e7\u00e3o: um des\u00edgnio estrat\u00e9gico para as Pessoas, para as Empresas e para o Pa\u00eds\u201d. J\u00e1 se conhecem algumas das medidas previstas no Acordo de Forma\u00e7\u00e3o Profissional e Qualifica\u00e7\u00f5es, assinado ontem pelo governo, confedera\u00e7\u00f5es patronais e UGT. O [&hellip;]\" \/>\n<meta property=\"og:url\" content=\"https:\/\/favorite-news.com\/pt\/acordo-de-concertacao-preve-licencas-e-apoios-fiscais-a-formacao-zap\/\" \/>\n<meta property=\"og:site_name\" content=\"Favorite News\" \/>\n<meta property=\"article:published_time\" content=\"2021-07-29T10:59:34+00:00\" \/>\n<meta property=\"article:modified_time\" content=\"2021-07-29T10:59:37+00:00\" \/>\n<meta property=\"og:image\" content=\"https:\/\/favorite-news.com\/pt\/wp-content\/uploads\/sites\/2\/2021\/07\/Acordo-de-Concertacao-preve-licencas-e-apoios-fiscais-a-formacao.jpg\" \/>\n\t<meta property=\"og:image:width\" content=\"1200\" \/>\n\t<meta property=\"og:image:height\" content=\"800\" \/>\n\t<meta property=\"og:image:type\" content=\"image\/jpeg\" \/>\n<meta name=\"author\" content=\"favorite-news\" \/>\n<meta name=\"twitter:card\" content=\"summary_large_image\" \/>\n<meta name=\"twitter:label1\" content=\"Escrito por\" \/>\n\t<meta name=\"twitter:data1\" content=\"favorite-news\" \/>\n\t<meta name=\"twitter:label2\" content=\"Tempo estimado de leitura\" \/>\n\t<meta name=\"twitter:data2\" content=\"2 minutos\" \/>\n<script type=\"application\/ld+json\" class=\"yoast-schema-graph\">{\"@context\":\"https:\\\/\\\/schema.org\",\"@graph\":[{\"@type\":\"Article\",\"@id\":\"https:\\\/\\\/favorite-news.com\\\/pt\\\/acordo-de-concertacao-preve-licencas-e-apoios-fiscais-a-formacao-zap\\\/#article\",\"isPartOf\":{\"@id\":\"https:\\\/\\\/favorite-news.com\\\/pt\\\/acordo-de-concertacao-preve-licencas-e-apoios-fiscais-a-formacao-zap\\\/\"},\"author\":{\"name\":\"favorite-news\",\"@id\":\"https:\\\/\\\/favorite-news.com\\\/pt\\\/#\\\/schema\\\/person\\\/b91573b717dcfa5e4696032a9d28d3e8\"},\"headline\":\"Acordo de Concerta\u00e7\u00e3o prev\u00ea licen\u00e7as e apoios fiscais \u00e0 forma\u00e7\u00e3o &#8211; ZAP\",\"datePublished\":\"2021-07-29T10:59:34+00:00\",\"dateModified\":\"2021-07-29T10:59:37+00:00\",\"mainEntityOfPage\":{\"@id\":\"https:\\\/\\\/favorite-news.com\\\/pt\\\/acordo-de-concertacao-preve-licencas-e-apoios-fiscais-a-formacao-zap\\\/\"},\"wordCount\":411,\"commentCount\":0,\"image\":{\"@id\":\"https:\\\/\\\/favorite-news.com\\\/pt\\\/acordo-de-concertacao-preve-licencas-e-apoios-fiscais-a-formacao-zap\\\/#primaryimage\"},\"thumbnailUrl\":\"https:\\\/\\\/favorite-news.com\\\/pt\\\/wp-content\\\/uploads\\\/sites\\\/2\\\/2021\\\/07\\\/Acordo-de-Concertacao-preve-licencas-e-apoios-fiscais-a-formacao.jpg\",\"articleSection\":[\"NOT\u00cdCIAS FINANCEIRAS\"],\"inLanguage\":\"pt-PT\",\"potentialAction\":[{\"@type\":\"CommentAction\",\"name\":\"Comment\",\"target\":[\"https:\\\/\\\/favorite-news.com\\\/pt\\\/acordo-de-concertacao-preve-licencas-e-apoios-fiscais-a-formacao-zap\\\/#respond\"]}]},{\"@type\":\"WebPage\",\"@id\":\"https:\\\/\\\/favorite-news.com\\\/pt\\\/acordo-de-concertacao-preve-licencas-e-apoios-fiscais-a-formacao-zap\\\/\",\"url\":\"https:\\\/\\\/favorite-news.com\\\/pt\\\/acordo-de-concertacao-preve-licencas-e-apoios-fiscais-a-formacao-zap\\\/\",\"name\":\"Acordo de Concerta\u00e7\u00e3o prev\u00ea licen\u00e7as e apoios fiscais \u00e0 forma\u00e7\u00e3o - ZAP - Favorite News\",\"isPartOf\":{\"@id\":\"https:\\\/\\\/favorite-news.com\\\/pt\\\/#website\"},\"primaryImageOfPage\":{\"@id\":\"https:\\\/\\\/favorite-news.com\\\/pt\\\/acordo-de-concertacao-preve-licencas-e-apoios-fiscais-a-formacao-zap\\\/#primaryimage\"},\"image\":{\"@id\":\"https:\\\/\\\/favorite-news.com\\\/pt\\\/acordo-de-concertacao-preve-licencas-e-apoios-fiscais-a-formacao-zap\\\/#primaryimage\"},\"thumbnailUrl\":\"https:\\\/\\\/favorite-news.com\\\/pt\\\/wp-content\\\/uploads\\\/sites\\\/2\\\/2021\\\/07\\\/Acordo-de-Concertacao-preve-licencas-e-apoios-fiscais-a-formacao.jpg\",\"datePublished\":\"2021-07-29T10:59:34+00:00\",\"dateModified\":\"2021-07-29T10:59:37+00:00\",\"author\":{\"@id\":\"https:\\\/\\\/favorite-news.com\\\/pt\\\/#\\\/schema\\\/person\\\/b91573b717dcfa5e4696032a9d28d3e8\"},\"breadcrumb\":{\"@id\":\"https:\\\/\\\/favorite-news.com\\\/pt\\\/acordo-de-concertacao-preve-licencas-e-apoios-fiscais-a-formacao-zap\\\/#breadcrumb\"},\"inLanguage\":\"pt-PT\",\"potentialAction\":[{\"@type\":\"ReadAction\",\"target\":[\"https:\\\/\\\/favorite-news.com\\\/pt\\\/acordo-de-concertacao-preve-licencas-e-apoios-fiscais-a-formacao-zap\\\/\"]}]},{\"@type\":\"ImageObject\",\"inLanguage\":\"pt-PT\",\"@id\":\"https:\\\/\\\/favorite-news.com\\\/pt\\\/acordo-de-concertacao-preve-licencas-e-apoios-fiscais-a-formacao-zap\\\/#primaryimage\",\"url\":\"https:\\\/\\\/favorite-news.com\\\/pt\\\/wp-content\\\/uploads\\\/sites\\\/2\\\/2021\\\/07\\\/Acordo-de-Concertacao-preve-licencas-e-apoios-fiscais-a-formacao.jpg\",\"contentUrl\":\"https:\\\/\\\/favorite-news.com\\\/pt\\\/wp-content\\\/uploads\\\/sites\\\/2\\\/2021\\\/07\\\/Acordo-de-Concertacao-preve-licencas-e-apoios-fiscais-a-formacao.jpg\",\"width\":1200,\"height\":800,\"caption\":\"Acordo de Concerta\u00e7\u00e3o prev\u00ea licen\u00e7as e apoios fiscais \u00e0 forma\u00e7\u00e3o - ZAP\"},{\"@type\":\"BreadcrumbList\",\"@id\":\"https:\\\/\\\/favorite-news.com\\\/pt\\\/acordo-de-concertacao-preve-licencas-e-apoios-fiscais-a-formacao-zap\\\/#breadcrumb\",\"itemListElement\":[{\"@type\":\"ListItem\",\"position\":1,\"name\":\"Home\",\"item\":\"https:\\\/\\\/favorite-news.com\\\/pt\\\/\"},{\"@type\":\"ListItem\",\"position\":2,\"name\":\"Acordo de Concerta\u00e7\u00e3o prev\u00ea licen\u00e7as e apoios fiscais \u00e0 forma\u00e7\u00e3o &#8211; ZAP\"}]},{\"@type\":\"WebSite\",\"@id\":\"https:\\\/\\\/favorite-news.com\\\/pt\\\/#website\",\"url\":\"https:\\\/\\\/favorite-news.com\\\/pt\\\/\",\"name\":\"Favorite News\",\"description\":\"Favorite News Portugal\",\"potentialAction\":[{\"@type\":\"SearchAction\",\"target\":{\"@type\":\"EntryPoint\",\"urlTemplate\":\"https:\\\/\\\/favorite-news.com\\\/pt\\\/?s={search_term_string}\"},\"query-input\":{\"@type\":\"PropertyValueSpecification\",\"valueRequired\":true,\"valueName\":\"search_term_string\"}}],\"inLanguage\":\"pt-PT\"},{\"@type\":\"Person\",\"@id\":\"https:\\\/\\\/favorite-news.com\\\/pt\\\/#\\\/schema\\\/person\\\/b91573b717dcfa5e4696032a9d28d3e8\",\"name\":\"favorite-news\",\"image\":{\"@type\":\"ImageObject\",\"inLanguage\":\"pt-PT\",\"@id\":\"https:\\\/\\\/secure.gravatar.com\\\/avatar\\\/6c5a5cb12b74e9d517ee91cf570335b7d16177f1977cc91db161adfa435945a7?s=96&d=mm&r=g\",\"url\":\"https:\\\/\\\/secure.gravatar.com\\\/avatar\\\/6c5a5cb12b74e9d517ee91cf570335b7d16177f1977cc91db161adfa435945a7?s=96&d=mm&r=g\",\"contentUrl\":\"https:\\\/\\\/secure.gravatar.com\\\/avatar\\\/6c5a5cb12b74e9d517ee91cf570335b7d16177f1977cc91db161adfa435945a7?s=96&d=mm&r=g\",\"caption\":\"favorite-news\"},\"url\":\"https:\\\/\\\/favorite-news.com\\\/pt\\\/author\\\/pt\\\/\"}]}<\/script>\n<!-- \/ Yoast SEO plugin. -->","yoast_head_json":{"title":"Acordo de Concerta\u00e7\u00e3o prev\u00ea licen\u00e7as e apoios fiscais \u00e0 forma\u00e7\u00e3o - ZAP - Favorite News","robots":{"index":"index","follow":"follow","max-snippet":"max-snippet:-1","max-image-preview":"max-image-preview:large","max-video-preview":"max-video-preview:-1"},"canonical":"https:\/\/favorite-news.com\/pt\/acordo-de-concertacao-preve-licencas-e-apoios-fiscais-a-formacao-zap\/","og_locale":"pt_PT","og_type":"article","og_title":"Acordo de Concerta\u00e7\u00e3o prev\u00ea licen\u00e7as e apoios fiscais \u00e0 forma\u00e7\u00e3o - ZAP - Favorite News","og_description":"M\u00e1rio Cruz \/ LusaO primeiro-ministro, Ant\u00f3nio Costa, participa na cerim\u00f3nia de assinatura do acordo sobre \u201cForma\u00e7\u00e3o Profissional e Qualifica\u00e7\u00e3o: um des\u00edgnio estrat\u00e9gico para as Pessoas, para as Empresas e para o Pa\u00eds\u201d. J\u00e1 se conhecem algumas das medidas previstas no Acordo de Forma\u00e7\u00e3o Profissional e Qualifica\u00e7\u00f5es, assinado ontem pelo governo, confedera\u00e7\u00f5es patronais e UGT. O [&hellip;]","og_url":"https:\/\/favorite-news.com\/pt\/acordo-de-concertacao-preve-licencas-e-apoios-fiscais-a-formacao-zap\/","og_site_name":"Favorite News","article_published_time":"2021-07-29T10:59:34+00:00","article_modified_time":"2021-07-29T10:59:37+00:00","og_image":[{"width":1200,"height":800,"url":"https:\/\/favorite-news.com\/pt\/wp-content\/uploads\/sites\/2\/2021\/07\/Acordo-de-Concertacao-preve-licencas-e-apoios-fiscais-a-formacao.jpg","type":"image\/jpeg"}],"author":"favorite-news","twitter_card":"summary_large_image","twitter_misc":{"Escrito por":"favorite-news","Tempo estimado de leitura":"2 minutos"},"schema":{"@context":"https:\/\/schema.org","@graph":[{"@type":"Article","@id":"https:\/\/favorite-news.com\/pt\/acordo-de-concertacao-preve-licencas-e-apoios-fiscais-a-formacao-zap\/#article","isPartOf":{"@id":"https:\/\/favorite-news.com\/pt\/acordo-de-concertacao-preve-licencas-e-apoios-fiscais-a-formacao-zap\/"},"author":{"name":"favorite-news","@id":"https:\/\/favorite-news.com\/pt\/#\/schema\/person\/b91573b717dcfa5e4696032a9d28d3e8"},"headline":"Acordo de Concerta\u00e7\u00e3o prev\u00ea licen\u00e7as e apoios fiscais \u00e0 forma\u00e7\u00e3o &#8211; ZAP","datePublished":"2021-07-29T10:59:34+00:00","dateModified":"2021-07-29T10:59:37+00:00","mainEntityOfPage":{"@id":"https:\/\/favorite-news.com\/pt\/acordo-de-concertacao-preve-licencas-e-apoios-fiscais-a-formacao-zap\/"},"wordCount":411,"commentCount":0,"image":{"@id":"https:\/\/favorite-news.com\/pt\/acordo-de-concertacao-preve-licencas-e-apoios-fiscais-a-formacao-zap\/#primaryimage"},"thumbnailUrl":"https:\/\/favorite-news.com\/pt\/wp-content\/uploads\/sites\/2\/2021\/07\/Acordo-de-Concertacao-preve-licencas-e-apoios-fiscais-a-formacao.jpg","articleSection":["NOT\u00cdCIAS FINANCEIRAS"],"inLanguage":"pt-PT","potentialAction":[{"@type":"CommentAction","name":"Comment","target":["https:\/\/favorite-news.com\/pt\/acordo-de-concertacao-preve-licencas-e-apoios-fiscais-a-formacao-zap\/#respond"]}]},{"@type":"WebPage","@id":"https:\/\/favorite-news.com\/pt\/acordo-de-concertacao-preve-licencas-e-apoios-fiscais-a-formacao-zap\/","url":"https:\/\/favorite-news.com\/pt\/acordo-de-concertacao-preve-licencas-e-apoios-fiscais-a-formacao-zap\/","name":"Acordo de Concerta\u00e7\u00e3o prev\u00ea licen\u00e7as e apoios fiscais \u00e0 forma\u00e7\u00e3o - ZAP - Favorite News","isPartOf":{"@id":"https:\/\/favorite-news.com\/pt\/#website"},"primaryImageOfPage":{"@id":"https:\/\/favorite-news.com\/pt\/acordo-de-concertacao-preve-licencas-e-apoios-fiscais-a-formacao-zap\/#primaryimage"},"image":{"@id":"https:\/\/favorite-news.com\/pt\/acordo-de-concertacao-preve-licencas-e-apoios-fiscais-a-formacao-zap\/#primaryimage"},"thumbnailUrl":"https:\/\/favorite-news.com\/pt\/wp-content\/uploads\/sites\/2\/2021\/07\/Acordo-de-Concertacao-preve-licencas-e-apoios-fiscais-a-formacao.jpg","datePublished":"2021-07-29T10:59:34+00:00","dateModified":"2021-07-29T10:59:37+00:00","author":{"@id":"https:\/\/favorite-news.com\/pt\/#\/schema\/person\/b91573b717dcfa5e4696032a9d28d3e8"},"breadcrumb":{"@id":"https:\/\/favorite-news.com\/pt\/acordo-de-concertacao-preve-licencas-e-apoios-fiscais-a-formacao-zap\/#breadcrumb"},"inLanguage":"pt-PT","potentialAction":[{"@type":"ReadAction","target":["https:\/\/favorite-news.com\/pt\/acordo-de-concertacao-preve-licencas-e-apoios-fiscais-a-formacao-zap\/"]}]},{"@type":"ImageObject","inLanguage":"pt-PT","@id":"https:\/\/favorite-news.com\/pt\/acordo-de-concertacao-preve-licencas-e-apoios-fiscais-a-formacao-zap\/#primaryimage","url":"https:\/\/favorite-news.com\/pt\/wp-content\/uploads\/sites\/2\/2021\/07\/Acordo-de-Concertacao-preve-licencas-e-apoios-fiscais-a-formacao.jpg","contentUrl":"https:\/\/favorite-news.com\/pt\/wp-content\/uploads\/sites\/2\/2021\/07\/Acordo-de-Concertacao-preve-licencas-e-apoios-fiscais-a-formacao.jpg","width":1200,"height":800,"caption":"Acordo de Concerta\u00e7\u00e3o prev\u00ea licen\u00e7as e apoios fiscais \u00e0 forma\u00e7\u00e3o - ZAP"},{"@type":"BreadcrumbList","@id":"https:\/\/favorite-news.com\/pt\/acordo-de-concertacao-preve-licencas-e-apoios-fiscais-a-formacao-zap\/#breadcrumb","itemListElement":[{"@type":"ListItem","position":1,"name":"Home","item":"https:\/\/favorite-news.com\/pt\/"},{"@type":"ListItem","position":2,"name":"Acordo de Concerta\u00e7\u00e3o prev\u00ea licen\u00e7as e apoios fiscais \u00e0 forma\u00e7\u00e3o &#8211; ZAP"}]},{"@type":"WebSite","@id":"https:\/\/favorite-news.com\/pt\/#website","url":"https:\/\/favorite-news.com\/pt\/","name":"Favorite News","description":"Favorite News Portugal","potentialAction":[{"@type":"SearchAction","target":{"@type":"EntryPoint","urlTemplate":"https:\/\/favorite-news.com\/pt\/?s={search_term_string}"},"query-input":{"@type":"PropertyValueSpecification","valueRequired":true,"valueName":"search_term_string"}}],"inLanguage":"pt-PT"},{"@type":"Person","@id":"https:\/\/favorite-news.com\/pt\/#\/schema\/person\/b91573b717dcfa5e4696032a9d28d3e8","name":"favorite-news","image":{"@type":"ImageObject","inLanguage":"pt-PT","@id":"https:\/\/secure.gravatar.com\/avatar\/6c5a5cb12b74e9d517ee91cf570335b7d16177f1977cc91db161adfa435945a7?s=96&d=mm&r=g","url":"https:\/\/secure.gravatar.com\/avatar\/6c5a5cb12b74e9d517ee91cf570335b7d16177f1977cc91db161adfa435945a7?s=96&d=mm&r=g","contentUrl":"https:\/\/secure.gravatar.com\/avatar\/6c5a5cb12b74e9d517ee91cf570335b7d16177f1977cc91db161adfa435945a7?s=96&d=mm&r=g","caption":"favorite-news"},"url":"https:\/\/favorite-news.com\/pt\/author\/pt\/"}]}},"_links":{"self":[{"href":"https:\/\/favorite-news.com\/pt\/wp-json\/wp\/v2\/posts\/10927","targetHints":{"allow":["GET"]}}],"collection":[{"href":"https:\/\/favorite-news.com\/pt\/wp-json\/wp\/v2\/posts"}],"about":[{"href":"https:\/\/favorite-news.com\/pt\/wp-json\/wp\/v2\/types\/post"}],"author":[{"embeddable":true,"href":"https:\/\/favorite-news.com\/pt\/wp-json\/wp\/v2\/users\/2"}],"replies":[{"embeddable":true,"href":"https:\/\/favorite-news.com\/pt\/wp-json\/wp\/v2\/comments?post=10927"}],"version-history":[{"count":1,"href":"https:\/\/favorite-news.com\/pt\/wp-json\/wp\/v2\/posts\/10927\/revisions"}],"predecessor-version":[{"id":10929,"href":"https:\/\/favorite-news.com\/pt\/wp-json\/wp\/v2\/posts\/10927\/revisions\/10929"}],"wp:featuredmedia":[{"embeddable":true,"href":"https:\/\/favorite-news.com\/pt\/wp-json\/wp\/v2\/media\/10928"}],"wp:attachment":[{"href":"https:\/\/favorite-news.com\/pt\/wp-json\/wp\/v2\/media?parent=10927"}],"wp:term":[{"taxonomy":"category","embeddable":true,"href":"https:\/\/favorite-news.com\/pt\/wp-json\/wp\/v2\/categories?post=10927"},{"taxonomy":"post_tag","embeddable":true,"href":"https:\/\/favorite-news.com\/pt\/wp-json\/wp\/v2\/tags?post=10927"}],"curies":[{"name":"wp","href":"https:\/\/api.w.org\/{rel}","templated":true}]}}