{"id":10913,"date":"2021-07-28T01:52:21","date_gmt":"2021-07-27T22:52:21","guid":{"rendered":"https:\/\/favorite-news.com\/pt\/sindicatos-avancam-com-acoes-legais-para-travar-despedimento-coletivo-na-tap\/"},"modified":"2021-07-28T01:52:23","modified_gmt":"2021-07-27T22:52:23","slug":"sindicatos-avancam-com-acoes-legais-para-travar-despedimento-coletivo-na-tap","status":"publish","type":"post","link":"https:\/\/favorite-news.com\/pt\/sindicatos-avancam-com-acoes-legais-para-travar-despedimento-coletivo-na-tap\/","title":{"rendered":"Sindicatos avan\u00e7am com a\u00e7\u00f5es legais para travar despedimento coletivo na TAP"},"content":{"rendered":"<p>y kawahara \/ Wikimedia<br \/>\nOs sindicatos que representam os trabalhadores da TAP v\u00e3o avan\u00e7ar com a\u00e7\u00f5es legais para travar o despedimento coletivo que a empresa iniciou na segunda-feira, que abrange 124 profissionais.<\/p>\n<p>\u201cAt\u00e9 agora houve conversa, a partir de agora as conversas v\u00e3o fazer-se nos tribunais. Tamb\u00e9m da parte do Sitava vamos, obviamente, contestar o despedimento de forma coletiva e impugnaremos individualmente os despedimentos de todos aqueles que quiserem impugn\u00e1-los nos tribunais\u201d, disse aos jornalistas o secret\u00e1rio-geral do Sindicato dos Trabalhadores da Avia\u00e7\u00e3o e Aeroportos (Sitava), Jos\u00e9 Sousa.<br \/>\nO an\u00fancio foi feito em confer\u00eancia de imprensa \u00e0 porta das instala\u00e7\u00f5es da TAP, no Aeroporto Humberto Delgado, em Lisboa, convocada pela Comiss\u00e3o de Trabalhadores (CT) da TAP, que contou com a presen\u00e7a de dirigentes do Sitava, do Sindicato dos Pilotos da Avia\u00e7\u00e3o Civil (SPAC), do Sindicato Nacional do Pessoal de Voo da Avia\u00e7\u00e3o Civil (SNPVAC) e do Sindicato dos T\u00e9cnicos de Manuten\u00e7\u00e3o de Aeronaves (Sitema).<br \/>\nA TAP iniciou, esta segunda-feira, um processo de despedimento coletivo de 124 trabalhadores, que abrange 35 pilotos, 28 tripulantes de cabina, 38 trabalhadores da manuten\u00e7\u00e3o e engenharia e 23 funcion\u00e1rios da sede.<\/p>\n<p>Os quatro sindicatos presentes na confer\u00eancia de imprensa admitiram que v\u00e3o avan\u00e7ar com medidas legais para tentar travar o despedimento coletivo, sendo que Sitema e SPAC v\u00e3o avan\u00e7ar com provid\u00eancias cautelares, que t\u00eam de ser interpostas caso a caso, at\u00e9 cinco dias depois da comunica\u00e7\u00e3o do despedimento.<br \/>\n\u201cNeste momento a defesa tem de ser uma defesa comum, o interesse \u00e9 comum, \u00e9 salvaguardar os postos de trabalho das pessoas que est\u00e3o a ser despedidas e, acima de tudo, e mais importante \u2013 e eu gostava que isto ficasse muito claro \u2013 estamos a tentar salvar a TAP\u201d, defendeu o presidente do Sitema, Paulo Manso.<br \/>\nO presidente do SPAC, Alfredo Mendon\u00e7a, mostrou-se convicto de que o despedimento coletivo pode ser travado, por estar \u201ccompletamente ferido de ilegalidades\u201d.<br \/>\n\u201cAs comunica\u00e7\u00f5es foram feitas ontem [segunda-feira] aos trabalhadores relativamente ao despedimento e j\u00e1 est\u00e3o em prepara\u00e7\u00e3o mecanismos legais, que vamos utilizar at\u00e9 ao m\u00e1ximo para tentar travar este despedimento\u201d, apontou o representante dos pilotos.<br \/>\nO dirigente sindical criticou o algoritmo desenhado para fazer a sele\u00e7\u00e3o dos trabalhadores a despedir, que considerou \u201cperfeitamente inumano\u201d.<br \/>\n\u201cNo caso dos pilotos, [o algoritmo tem em conta] faltas por doen\u00e7a, que t\u00eam como consequ\u00eancia no futuro, eventualmente, se tal acontecer, os pilotos irem voar doentes, porque n\u00e3o querem ter faltas por doen\u00e7a, porque est\u00e3o sujeitos a ser despedidos\u201d, real\u00e7ou Alfredo Mendon\u00e7a.<br \/>\nPara Henrique Louro Martins, presidente do SNPVAC, \u201cn\u00e3o s\u00e3o cerca de 120 trabalhadores que v\u00e3o salvar a TAP\u201d, acrescentando que \u201ctodos fazem falta\u201d.<br \/>\n\u201cA empresa precisa de todos n\u00f3s, precisa da for\u00e7a de trabalho que todos estes trabalhadores representam e est\u00e1 na hora de a TAP e o Governo esclarecerem cabalmente todos os trabalhadores da empresa sobre o que se passa com o plano de reestrutura\u00e7\u00e3o\u201d, acrescentou o representante dos tripulantes de cabine.<br \/>\nA CT da TAP reiterou que \u201chaveria uma solu\u00e7\u00e3o alternativa para resolver um problema que \u00e9 contextual, fruto de um fator externo que afetou todo o setor da avia\u00e7\u00e3o\u201d, que passaria pela ado\u00e7\u00e3o de um plano de conting\u00eancia, em vez de um plano de reestrutura\u00e7\u00e3o, \u201csalvaguardando os postos de trabalho e os sal\u00e1rios dos trabalhadores\u201d.<br \/>\nA coordenadora da CT, Cristina Carrilho, confirmou que h\u00e1 casos de fam\u00edlias monoparentais e de casais abrangidos pelo despedimento coletivo.<br \/>\nNuma mensagem enviada aos trabalhadores, no dia 8 de julho, a presidente executiva da TAP, Christine Ourmi\u00e8res-Widener, destaca que o despedimento de 124 trabalhadores corresponde a um n\u00famero que fica abaixo do inicialmente previsto e exigido pelo plano de reestrutura\u00e7\u00e3o da companhia, que ascendia a dois mil trabalhadores, tendo essa redu\u00e7\u00e3o sido conseguida atrav\u00e9s da ades\u00e3o a medidas volunt\u00e1rias, como acordos tempor\u00e1rios de emerg\u00eancia com os sindicatos, rescis\u00f5es por m\u00fatuo acordo e integra\u00e7\u00f5es na Portug\u00e1lia.<\/p>\n<p>\n<!--noindex--><br \/>\n<a href=\"https:\/\/zap.aeiou.pt\/acoes-legais-travar-despedimento-coletivo-tap-420580\" rel=\"nofollow\">Source link <\/a><br \/>\n<!--\/noindex--><\/p>\n","protected":false},"excerpt":{"rendered":"<p>y kawahara \/ Wikimedia Os sindicatos que representam os trabalhadores da TAP v\u00e3o avan\u00e7ar com a\u00e7\u00f5es legais para travar o despedimento coletivo que a empresa iniciou na segunda-feira, que abrange 124 profissionais. \u201cAt\u00e9 agora houve conversa, a partir de agora as conversas v\u00e3o fazer-se nos tribunais. Tamb\u00e9m da parte do Sitava vamos, obviamente, contestar o [&hellip;]<\/p>\n","protected":false},"author":2,"featured_media":7844,"comment_status":"open","ping_status":"open","sticky":false,"template":"","format":"standard","meta":{"footnotes":""},"categories":[1],"tags":[],"class_list":["post-10913","post","type-post","status-publish","format-standard","has-post-thumbnail","hentry","category-noticias-financeiras"],"yoast_head":"<!-- This site is optimized with the Yoast SEO plugin v27.4 - https:\/\/yoast.com\/product\/yoast-seo-wordpress\/ -->\n<title>Sindicatos avan\u00e7am com a\u00e7\u00f5es legais para travar despedimento coletivo na TAP - Favorite News<\/title>\n<meta name=\"robots\" content=\"index, follow, max-snippet:-1, max-image-preview:large, max-video-preview:-1\" \/>\n<link rel=\"canonical\" href=\"https:\/\/favorite-news.com\/pt\/sindicatos-avancam-com-acoes-legais-para-travar-despedimento-coletivo-na-tap\/\" \/>\n<meta property=\"og:locale\" content=\"pt_PT\" \/>\n<meta property=\"og:type\" content=\"article\" \/>\n<meta property=\"og:title\" content=\"Sindicatos avan\u00e7am com a\u00e7\u00f5es legais para travar despedimento coletivo na TAP - Favorite News\" \/>\n<meta property=\"og:description\" content=\"y kawahara \/ Wikimedia Os sindicatos que representam os trabalhadores da TAP v\u00e3o avan\u00e7ar com a\u00e7\u00f5es legais para travar o despedimento coletivo que a empresa iniciou na segunda-feira, que abrange 124 profissionais. \u201cAt\u00e9 agora houve conversa, a partir de agora as conversas v\u00e3o fazer-se nos tribunais. Tamb\u00e9m da parte do Sitava vamos, obviamente, contestar o [&hellip;]\" \/>\n<meta property=\"og:url\" content=\"https:\/\/favorite-news.com\/pt\/sindicatos-avancam-com-acoes-legais-para-travar-despedimento-coletivo-na-tap\/\" \/>\n<meta property=\"og:site_name\" content=\"Favorite News\" \/>\n<meta property=\"article:published_time\" content=\"2021-07-27T22:52:21+00:00\" \/>\n<meta property=\"article:modified_time\" content=\"2021-07-27T22:52:23+00:00\" \/>\n<meta property=\"og:image\" content=\"https:\/\/favorite-news.com\/pt\/wp-content\/uploads\/sites\/2\/2020\/11\/Plano-da-TAP-preve-ate-2-mil-saidas-no-pior.jpg\" \/>\n\t<meta property=\"og:image:width\" content=\"800\" \/>\n\t<meta property=\"og:image:height\" content=\"533\" \/>\n\t<meta property=\"og:image:type\" content=\"image\/jpeg\" \/>\n<meta name=\"author\" content=\"favorite-news\" \/>\n<meta name=\"twitter:card\" content=\"summary_large_image\" \/>\n<meta name=\"twitter:label1\" content=\"Escrito por\" \/>\n\t<meta name=\"twitter:data1\" content=\"favorite-news\" \/>\n\t<meta name=\"twitter:label2\" content=\"Tempo estimado de leitura\" \/>\n\t<meta name=\"twitter:data2\" content=\"3 minutos\" \/>\n<script type=\"application\/ld+json\" class=\"yoast-schema-graph\">{\"@context\":\"https:\\\/\\\/schema.org\",\"@graph\":[{\"@type\":\"Article\",\"@id\":\"https:\\\/\\\/favorite-news.com\\\/pt\\\/sindicatos-avancam-com-acoes-legais-para-travar-despedimento-coletivo-na-tap\\\/#article\",\"isPartOf\":{\"@id\":\"https:\\\/\\\/favorite-news.com\\\/pt\\\/sindicatos-avancam-com-acoes-legais-para-travar-despedimento-coletivo-na-tap\\\/\"},\"author\":{\"name\":\"favorite-news\",\"@id\":\"https:\\\/\\\/favorite-news.com\\\/pt\\\/#\\\/schema\\\/person\\\/b91573b717dcfa5e4696032a9d28d3e8\"},\"headline\":\"Sindicatos avan\u00e7am com a\u00e7\u00f5es legais para travar despedimento coletivo na TAP\",\"datePublished\":\"2021-07-27T22:52:21+00:00\",\"dateModified\":\"2021-07-27T22:52:23+00:00\",\"mainEntityOfPage\":{\"@id\":\"https:\\\/\\\/favorite-news.com\\\/pt\\\/sindicatos-avancam-com-acoes-legais-para-travar-despedimento-coletivo-na-tap\\\/\"},\"wordCount\":698,\"commentCount\":0,\"image\":{\"@id\":\"https:\\\/\\\/favorite-news.com\\\/pt\\\/sindicatos-avancam-com-acoes-legais-para-travar-despedimento-coletivo-na-tap\\\/#primaryimage\"},\"thumbnailUrl\":\"https:\\\/\\\/favorite-news.com\\\/pt\\\/wp-content\\\/uploads\\\/sites\\\/2\\\/2020\\\/11\\\/Plano-da-TAP-preve-ate-2-mil-saidas-no-pior.jpg\",\"articleSection\":[\"NOT\u00cdCIAS FINANCEIRAS\"],\"inLanguage\":\"pt-PT\",\"potentialAction\":[{\"@type\":\"CommentAction\",\"name\":\"Comment\",\"target\":[\"https:\\\/\\\/favorite-news.com\\\/pt\\\/sindicatos-avancam-com-acoes-legais-para-travar-despedimento-coletivo-na-tap\\\/#respond\"]}]},{\"@type\":\"WebPage\",\"@id\":\"https:\\\/\\\/favorite-news.com\\\/pt\\\/sindicatos-avancam-com-acoes-legais-para-travar-despedimento-coletivo-na-tap\\\/\",\"url\":\"https:\\\/\\\/favorite-news.com\\\/pt\\\/sindicatos-avancam-com-acoes-legais-para-travar-despedimento-coletivo-na-tap\\\/\",\"name\":\"Sindicatos avan\u00e7am com a\u00e7\u00f5es legais para travar despedimento coletivo na TAP - Favorite News\",\"isPartOf\":{\"@id\":\"https:\\\/\\\/favorite-news.com\\\/pt\\\/#website\"},\"primaryImageOfPage\":{\"@id\":\"https:\\\/\\\/favorite-news.com\\\/pt\\\/sindicatos-avancam-com-acoes-legais-para-travar-despedimento-coletivo-na-tap\\\/#primaryimage\"},\"image\":{\"@id\":\"https:\\\/\\\/favorite-news.com\\\/pt\\\/sindicatos-avancam-com-acoes-legais-para-travar-despedimento-coletivo-na-tap\\\/#primaryimage\"},\"thumbnailUrl\":\"https:\\\/\\\/favorite-news.com\\\/pt\\\/wp-content\\\/uploads\\\/sites\\\/2\\\/2020\\\/11\\\/Plano-da-TAP-preve-ate-2-mil-saidas-no-pior.jpg\",\"datePublished\":\"2021-07-27T22:52:21+00:00\",\"dateModified\":\"2021-07-27T22:52:23+00:00\",\"author\":{\"@id\":\"https:\\\/\\\/favorite-news.com\\\/pt\\\/#\\\/schema\\\/person\\\/b91573b717dcfa5e4696032a9d28d3e8\"},\"breadcrumb\":{\"@id\":\"https:\\\/\\\/favorite-news.com\\\/pt\\\/sindicatos-avancam-com-acoes-legais-para-travar-despedimento-coletivo-na-tap\\\/#breadcrumb\"},\"inLanguage\":\"pt-PT\",\"potentialAction\":[{\"@type\":\"ReadAction\",\"target\":[\"https:\\\/\\\/favorite-news.com\\\/pt\\\/sindicatos-avancam-com-acoes-legais-para-travar-despedimento-coletivo-na-tap\\\/\"]}]},{\"@type\":\"ImageObject\",\"inLanguage\":\"pt-PT\",\"@id\":\"https:\\\/\\\/favorite-news.com\\\/pt\\\/sindicatos-avancam-com-acoes-legais-para-travar-despedimento-coletivo-na-tap\\\/#primaryimage\",\"url\":\"https:\\\/\\\/favorite-news.com\\\/pt\\\/wp-content\\\/uploads\\\/sites\\\/2\\\/2020\\\/11\\\/Plano-da-TAP-preve-ate-2-mil-saidas-no-pior.jpg\",\"contentUrl\":\"https:\\\/\\\/favorite-news.com\\\/pt\\\/wp-content\\\/uploads\\\/sites\\\/2\\\/2020\\\/11\\\/Plano-da-TAP-preve-ate-2-mil-saidas-no-pior.jpg\",\"width\":800,\"height\":533,\"caption\":\"Plano da TAP prev\u00ea at\u00e9 2 mil sa\u00eddas no pior dos cen\u00e1rios\"},{\"@type\":\"BreadcrumbList\",\"@id\":\"https:\\\/\\\/favorite-news.com\\\/pt\\\/sindicatos-avancam-com-acoes-legais-para-travar-despedimento-coletivo-na-tap\\\/#breadcrumb\",\"itemListElement\":[{\"@type\":\"ListItem\",\"position\":1,\"name\":\"Home\",\"item\":\"https:\\\/\\\/favorite-news.com\\\/pt\\\/\"},{\"@type\":\"ListItem\",\"position\":2,\"name\":\"Sindicatos avan\u00e7am com a\u00e7\u00f5es legais para travar despedimento coletivo na TAP\"}]},{\"@type\":\"WebSite\",\"@id\":\"https:\\\/\\\/favorite-news.com\\\/pt\\\/#website\",\"url\":\"https:\\\/\\\/favorite-news.com\\\/pt\\\/\",\"name\":\"Favorite News\",\"description\":\"Favorite News Portugal\",\"potentialAction\":[{\"@type\":\"SearchAction\",\"target\":{\"@type\":\"EntryPoint\",\"urlTemplate\":\"https:\\\/\\\/favorite-news.com\\\/pt\\\/?s={search_term_string}\"},\"query-input\":{\"@type\":\"PropertyValueSpecification\",\"valueRequired\":true,\"valueName\":\"search_term_string\"}}],\"inLanguage\":\"pt-PT\"},{\"@type\":\"Person\",\"@id\":\"https:\\\/\\\/favorite-news.com\\\/pt\\\/#\\\/schema\\\/person\\\/b91573b717dcfa5e4696032a9d28d3e8\",\"name\":\"favorite-news\",\"image\":{\"@type\":\"ImageObject\",\"inLanguage\":\"pt-PT\",\"@id\":\"https:\\\/\\\/secure.gravatar.com\\\/avatar\\\/6c5a5cb12b74e9d517ee91cf570335b7d16177f1977cc91db161adfa435945a7?s=96&d=mm&r=g\",\"url\":\"https:\\\/\\\/secure.gravatar.com\\\/avatar\\\/6c5a5cb12b74e9d517ee91cf570335b7d16177f1977cc91db161adfa435945a7?s=96&d=mm&r=g\",\"contentUrl\":\"https:\\\/\\\/secure.gravatar.com\\\/avatar\\\/6c5a5cb12b74e9d517ee91cf570335b7d16177f1977cc91db161adfa435945a7?s=96&d=mm&r=g\",\"caption\":\"favorite-news\"},\"url\":\"https:\\\/\\\/favorite-news.com\\\/pt\\\/author\\\/pt\\\/\"}]}<\/script>\n<!-- \/ Yoast SEO plugin. -->","yoast_head_json":{"title":"Sindicatos avan\u00e7am com a\u00e7\u00f5es legais para travar despedimento coletivo na TAP - Favorite News","robots":{"index":"index","follow":"follow","max-snippet":"max-snippet:-1","max-image-preview":"max-image-preview:large","max-video-preview":"max-video-preview:-1"},"canonical":"https:\/\/favorite-news.com\/pt\/sindicatos-avancam-com-acoes-legais-para-travar-despedimento-coletivo-na-tap\/","og_locale":"pt_PT","og_type":"article","og_title":"Sindicatos avan\u00e7am com a\u00e7\u00f5es legais para travar despedimento coletivo na TAP - Favorite News","og_description":"y kawahara \/ Wikimedia Os sindicatos que representam os trabalhadores da TAP v\u00e3o avan\u00e7ar com a\u00e7\u00f5es legais para travar o despedimento coletivo que a empresa iniciou na segunda-feira, que abrange 124 profissionais. \u201cAt\u00e9 agora houve conversa, a partir de agora as conversas v\u00e3o fazer-se nos tribunais. Tamb\u00e9m da parte do Sitava vamos, obviamente, contestar o [&hellip;]","og_url":"https:\/\/favorite-news.com\/pt\/sindicatos-avancam-com-acoes-legais-para-travar-despedimento-coletivo-na-tap\/","og_site_name":"Favorite News","article_published_time":"2021-07-27T22:52:21+00:00","article_modified_time":"2021-07-27T22:52:23+00:00","og_image":[{"width":800,"height":533,"url":"https:\/\/favorite-news.com\/pt\/wp-content\/uploads\/sites\/2\/2020\/11\/Plano-da-TAP-preve-ate-2-mil-saidas-no-pior.jpg","type":"image\/jpeg"}],"author":"favorite-news","twitter_card":"summary_large_image","twitter_misc":{"Escrito por":"favorite-news","Tempo estimado de leitura":"3 minutos"},"schema":{"@context":"https:\/\/schema.org","@graph":[{"@type":"Article","@id":"https:\/\/favorite-news.com\/pt\/sindicatos-avancam-com-acoes-legais-para-travar-despedimento-coletivo-na-tap\/#article","isPartOf":{"@id":"https:\/\/favorite-news.com\/pt\/sindicatos-avancam-com-acoes-legais-para-travar-despedimento-coletivo-na-tap\/"},"author":{"name":"favorite-news","@id":"https:\/\/favorite-news.com\/pt\/#\/schema\/person\/b91573b717dcfa5e4696032a9d28d3e8"},"headline":"Sindicatos avan\u00e7am com a\u00e7\u00f5es legais para travar despedimento coletivo na TAP","datePublished":"2021-07-27T22:52:21+00:00","dateModified":"2021-07-27T22:52:23+00:00","mainEntityOfPage":{"@id":"https:\/\/favorite-news.com\/pt\/sindicatos-avancam-com-acoes-legais-para-travar-despedimento-coletivo-na-tap\/"},"wordCount":698,"commentCount":0,"image":{"@id":"https:\/\/favorite-news.com\/pt\/sindicatos-avancam-com-acoes-legais-para-travar-despedimento-coletivo-na-tap\/#primaryimage"},"thumbnailUrl":"https:\/\/favorite-news.com\/pt\/wp-content\/uploads\/sites\/2\/2020\/11\/Plano-da-TAP-preve-ate-2-mil-saidas-no-pior.jpg","articleSection":["NOT\u00cdCIAS FINANCEIRAS"],"inLanguage":"pt-PT","potentialAction":[{"@type":"CommentAction","name":"Comment","target":["https:\/\/favorite-news.com\/pt\/sindicatos-avancam-com-acoes-legais-para-travar-despedimento-coletivo-na-tap\/#respond"]}]},{"@type":"WebPage","@id":"https:\/\/favorite-news.com\/pt\/sindicatos-avancam-com-acoes-legais-para-travar-despedimento-coletivo-na-tap\/","url":"https:\/\/favorite-news.com\/pt\/sindicatos-avancam-com-acoes-legais-para-travar-despedimento-coletivo-na-tap\/","name":"Sindicatos avan\u00e7am com a\u00e7\u00f5es legais para travar despedimento coletivo na TAP - Favorite News","isPartOf":{"@id":"https:\/\/favorite-news.com\/pt\/#website"},"primaryImageOfPage":{"@id":"https:\/\/favorite-news.com\/pt\/sindicatos-avancam-com-acoes-legais-para-travar-despedimento-coletivo-na-tap\/#primaryimage"},"image":{"@id":"https:\/\/favorite-news.com\/pt\/sindicatos-avancam-com-acoes-legais-para-travar-despedimento-coletivo-na-tap\/#primaryimage"},"thumbnailUrl":"https:\/\/favorite-news.com\/pt\/wp-content\/uploads\/sites\/2\/2020\/11\/Plano-da-TAP-preve-ate-2-mil-saidas-no-pior.jpg","datePublished":"2021-07-27T22:52:21+00:00","dateModified":"2021-07-27T22:52:23+00:00","author":{"@id":"https:\/\/favorite-news.com\/pt\/#\/schema\/person\/b91573b717dcfa5e4696032a9d28d3e8"},"breadcrumb":{"@id":"https:\/\/favorite-news.com\/pt\/sindicatos-avancam-com-acoes-legais-para-travar-despedimento-coletivo-na-tap\/#breadcrumb"},"inLanguage":"pt-PT","potentialAction":[{"@type":"ReadAction","target":["https:\/\/favorite-news.com\/pt\/sindicatos-avancam-com-acoes-legais-para-travar-despedimento-coletivo-na-tap\/"]}]},{"@type":"ImageObject","inLanguage":"pt-PT","@id":"https:\/\/favorite-news.com\/pt\/sindicatos-avancam-com-acoes-legais-para-travar-despedimento-coletivo-na-tap\/#primaryimage","url":"https:\/\/favorite-news.com\/pt\/wp-content\/uploads\/sites\/2\/2020\/11\/Plano-da-TAP-preve-ate-2-mil-saidas-no-pior.jpg","contentUrl":"https:\/\/favorite-news.com\/pt\/wp-content\/uploads\/sites\/2\/2020\/11\/Plano-da-TAP-preve-ate-2-mil-saidas-no-pior.jpg","width":800,"height":533,"caption":"Plano da TAP prev\u00ea at\u00e9 2 mil sa\u00eddas no pior dos cen\u00e1rios"},{"@type":"BreadcrumbList","@id":"https:\/\/favorite-news.com\/pt\/sindicatos-avancam-com-acoes-legais-para-travar-despedimento-coletivo-na-tap\/#breadcrumb","itemListElement":[{"@type":"ListItem","position":1,"name":"Home","item":"https:\/\/favorite-news.com\/pt\/"},{"@type":"ListItem","position":2,"name":"Sindicatos avan\u00e7am com a\u00e7\u00f5es legais para travar despedimento coletivo na TAP"}]},{"@type":"WebSite","@id":"https:\/\/favorite-news.com\/pt\/#website","url":"https:\/\/favorite-news.com\/pt\/","name":"Favorite News","description":"Favorite News Portugal","potentialAction":[{"@type":"SearchAction","target":{"@type":"EntryPoint","urlTemplate":"https:\/\/favorite-news.com\/pt\/?s={search_term_string}"},"query-input":{"@type":"PropertyValueSpecification","valueRequired":true,"valueName":"search_term_string"}}],"inLanguage":"pt-PT"},{"@type":"Person","@id":"https:\/\/favorite-news.com\/pt\/#\/schema\/person\/b91573b717dcfa5e4696032a9d28d3e8","name":"favorite-news","image":{"@type":"ImageObject","inLanguage":"pt-PT","@id":"https:\/\/secure.gravatar.com\/avatar\/6c5a5cb12b74e9d517ee91cf570335b7d16177f1977cc91db161adfa435945a7?s=96&d=mm&r=g","url":"https:\/\/secure.gravatar.com\/avatar\/6c5a5cb12b74e9d517ee91cf570335b7d16177f1977cc91db161adfa435945a7?s=96&d=mm&r=g","contentUrl":"https:\/\/secure.gravatar.com\/avatar\/6c5a5cb12b74e9d517ee91cf570335b7d16177f1977cc91db161adfa435945a7?s=96&d=mm&r=g","caption":"favorite-news"},"url":"https:\/\/favorite-news.com\/pt\/author\/pt\/"}]}},"_links":{"self":[{"href":"https:\/\/favorite-news.com\/pt\/wp-json\/wp\/v2\/posts\/10913","targetHints":{"allow":["GET"]}}],"collection":[{"href":"https:\/\/favorite-news.com\/pt\/wp-json\/wp\/v2\/posts"}],"about":[{"href":"https:\/\/favorite-news.com\/pt\/wp-json\/wp\/v2\/types\/post"}],"author":[{"embeddable":true,"href":"https:\/\/favorite-news.com\/pt\/wp-json\/wp\/v2\/users\/2"}],"replies":[{"embeddable":true,"href":"https:\/\/favorite-news.com\/pt\/wp-json\/wp\/v2\/comments?post=10913"}],"version-history":[{"count":1,"href":"https:\/\/favorite-news.com\/pt\/wp-json\/wp\/v2\/posts\/10913\/revisions"}],"predecessor-version":[{"id":10914,"href":"https:\/\/favorite-news.com\/pt\/wp-json\/wp\/v2\/posts\/10913\/revisions\/10914"}],"wp:featuredmedia":[{"embeddable":true,"href":"https:\/\/favorite-news.com\/pt\/wp-json\/wp\/v2\/media\/7844"}],"wp:attachment":[{"href":"https:\/\/favorite-news.com\/pt\/wp-json\/wp\/v2\/media?parent=10913"}],"wp:term":[{"taxonomy":"category","embeddable":true,"href":"https:\/\/favorite-news.com\/pt\/wp-json\/wp\/v2\/categories?post=10913"},{"taxonomy":"post_tag","embeddable":true,"href":"https:\/\/favorite-news.com\/pt\/wp-json\/wp\/v2\/tags?post=10913"}],"curies":[{"name":"wp","href":"https:\/\/api.w.org\/{rel}","templated":true}]}}