{"id":10908,"date":"2021-07-27T13:48:19","date_gmt":"2021-07-27T10:48:19","guid":{"rendered":"https:\/\/favorite-news.com\/pt\/contas-publicas-agravam-se-face-a-2020-receita-fiscal-volta-a-crescer\/"},"modified":"2021-07-27T13:48:20","modified_gmt":"2021-07-27T10:48:20","slug":"contas-publicas-agravam-se-face-a-2020-receita-fiscal-volta-a-crescer","status":"publish","type":"post","link":"https:\/\/favorite-news.com\/pt\/contas-publicas-agravam-se-face-a-2020-receita-fiscal-volta-a-crescer\/","title":{"rendered":"Contas p\u00fablicas agravam-se face a 2020. Receita fiscal volta a crescer"},"content":{"rendered":"<p>Ant\u00f3nio Pedro Santos \/ LusaO ministro das Finan\u00e7as, Jo\u00e3o Le\u00e3o<br \/>\nMinist\u00e9rio de Jo\u00e3o Le\u00e3o atribui incumprimento \u00e0 terceira vaga da economia, que significou novas restri\u00e7\u00f5es \u00e0 circula\u00e7\u00e3o e nos hor\u00e1rios dos estabelecimentos. A receita fiscal e contributiva cresceu, um sinal animador para uma recupera\u00e7\u00e3o econ\u00f3mica futura, sugerem os especialistas or\u00e7amentais.<\/p>\n<p>No primeiro semestre de 2021, o d\u00e9fice or\u00e7amental do Estado ultrapassou os 7000 milh\u00f5es de euros, suplantando o valor registado no per\u00edodo homologo do ano anterior (um aumento de mais de 150 milh\u00f5es de euros) e deixando o cumprimento das previs\u00f5es do Governo dependente de uma hipot\u00e9tica retoma econ\u00f3mica nos \u00faltimos seis meses do ano.<br \/>\nSegundo o Minist\u00e9rio das Finan\u00e7as, o incumprimento justifica-se com a terceira vaga da pandemia, que motivou novas restri\u00e7\u00f5es ao n\u00edvel da circula\u00e7\u00e3o dos cidad\u00e3os e nos hor\u00e1rios de funcionamento dos estabelecimentos comerciais \u2014 alguns for\u00e7ados a encerrar.<br \/>\nDe acordo com o P\u00fablico, o cumprimento das previs\u00f5es inclu\u00eddas no Or\u00e7amento de Estado \u00e9 pouco prov\u00e1vel, dado o ritmo a que o saldo negativo se est\u00e1 a acumular. No documento, o d\u00e9fice previsto para o ano era de 10.560 milh\u00f5es de euros, o que significa que at\u00e9 Junho o d\u00e9fice j\u00e1 atingiu dois ter\u00e7os do total projetado para os doze meses do ano.<\/p>\n<p>Aquando da apresenta\u00e7\u00e3o e entrega do Programa de Estabilidade, em Abril, o Governo atualizou as suas estimativas para o d\u00e9fice em contabilidade nacional, o qual passou de 4,3% para 4,5%.<br \/>\nA esperan\u00e7a de uma recupera\u00e7\u00e3o econ\u00f3mica est\u00e1, assim, assente numa contundente melhoria da crise sanit\u00e1ria, o que permitiria \u00e0s contas p\u00fablicas arrecadar mais receitas, mas tamb\u00e9m diminuir as despesas relacionadas com apoios extraordin\u00e1rios \u00e0s empresas e fam\u00edlias mais afetadas \u2014 as quais significaram gastos de 3,8 mil milh\u00f5es de euros em 2021, ultrapassando o valor executado em todo o ano de 2020, cerca de 3,6 mil milh\u00f5es.<br \/>\nSegundo o Expresso, os pagamentos feitos pela Seguran\u00e7a Social no \u00e2mbito das medidas de apoio relacionadas com a pandemia situaram-se nos 1,3 mil milh\u00f5es de euros, \u201cultrapassando significativamente o valor or\u00e7amentado para 2021 (776 milh\u00f5es de euros) e representando cerca de 82% do total executado em todo o ano de 2020\u201d.<br \/>\nNo que respeita aos apoios destinados \u00e0s empresas em modalidade de fundo perdido, situaram-se nos 1,93 mil milh\u00f5es de euros, ultrapassando em mais de 500 milh\u00f5es de euros a execu\u00e7\u00e3o de todo o ano de 2020\u2033, de mais de 1,41 milh\u00f5es de euros, avan\u00e7a o Minist\u00e9rio de Jo\u00e3o Le\u00e3o.<br \/>\nFinalmente, uma nota positiva para a receita fiscal e contributiva que deixou de recuar e cresceu 3,9%, o que pode ser interpretado como um sinal animador para uma recupera\u00e7\u00e3o econ\u00f3mica futura, sugerem os especialistas or\u00e7amentais.<br \/>\n ARM, ZAP \/\/ <\/p>\n<p>\n<!--noindex--><br \/>\n<a href=\"https:\/\/zap.aeiou.pt\/contas-publicas-agravam-se-420338\" rel=\"nofollow\">Source link <\/a><br \/>\n<!--\/noindex--><\/p>\n","protected":false},"excerpt":{"rendered":"<p>Ant\u00f3nio Pedro Santos \/ LusaO ministro das Finan\u00e7as, Jo\u00e3o Le\u00e3o Minist\u00e9rio de Jo\u00e3o Le\u00e3o atribui incumprimento \u00e0 terceira vaga da economia, que significou novas restri\u00e7\u00f5es \u00e0 circula\u00e7\u00e3o e nos hor\u00e1rios dos estabelecimentos. A receita fiscal e contributiva cresceu, um sinal animador para uma recupera\u00e7\u00e3o econ\u00f3mica futura, sugerem os especialistas or\u00e7amentais. No primeiro semestre de 2021, [&hellip;]<\/p>\n","protected":false},"author":2,"featured_media":10230,"comment_status":"open","ping_status":"open","sticky":false,"template":"","format":"standard","meta":{"footnotes":""},"categories":[1],"tags":[],"class_list":["post-10908","post","type-post","status-publish","format-standard","has-post-thumbnail","hentry","category-noticias-financeiras"],"yoast_head":"<!-- This site is optimized with the Yoast SEO plugin v27.4 - https:\/\/yoast.com\/product\/yoast-seo-wordpress\/ -->\n<title>Contas p\u00fablicas agravam-se face a 2020. Receita fiscal volta a crescer - Favorite News<\/title>\n<meta name=\"robots\" content=\"index, follow, max-snippet:-1, max-image-preview:large, max-video-preview:-1\" \/>\n<link rel=\"canonical\" href=\"https:\/\/favorite-news.com\/pt\/contas-publicas-agravam-se-face-a-2020-receita-fiscal-volta-a-crescer\/\" \/>\n<meta property=\"og:locale\" content=\"pt_PT\" \/>\n<meta property=\"og:type\" content=\"article\" \/>\n<meta property=\"og:title\" content=\"Contas p\u00fablicas agravam-se face a 2020. Receita fiscal volta a crescer - Favorite News\" \/>\n<meta property=\"og:description\" content=\"Ant\u00f3nio Pedro Santos \/ LusaO ministro das Finan\u00e7as, Jo\u00e3o Le\u00e3o Minist\u00e9rio de Jo\u00e3o Le\u00e3o atribui incumprimento \u00e0 terceira vaga da economia, que significou novas restri\u00e7\u00f5es \u00e0 circula\u00e7\u00e3o e nos hor\u00e1rios dos estabelecimentos. A receita fiscal e contributiva cresceu, um sinal animador para uma recupera\u00e7\u00e3o econ\u00f3mica futura, sugerem os especialistas or\u00e7amentais. No primeiro semestre de 2021, [&hellip;]\" \/>\n<meta property=\"og:url\" content=\"https:\/\/favorite-news.com\/pt\/contas-publicas-agravam-se-face-a-2020-receita-fiscal-volta-a-crescer\/\" \/>\n<meta property=\"og:site_name\" content=\"Favorite News\" \/>\n<meta property=\"article:published_time\" content=\"2021-07-27T10:48:19+00:00\" \/>\n<meta property=\"article:modified_time\" content=\"2021-07-27T10:48:20+00:00\" \/>\n<meta property=\"og:image\" content=\"https:\/\/favorite-news.com\/pt\/wp-content\/uploads\/sites\/2\/2021\/05\/Defice-atinge-4845-milhoes-de-euros-nos-primeiros-quatro-meses.jpg\" \/>\n\t<meta property=\"og:image:width\" content=\"1200\" \/>\n\t<meta property=\"og:image:height\" content=\"800\" \/>\n\t<meta property=\"og:image:type\" content=\"image\/jpeg\" \/>\n<meta name=\"author\" content=\"favorite-news\" \/>\n<meta name=\"twitter:card\" content=\"summary_large_image\" \/>\n<meta name=\"twitter:label1\" content=\"Escrito por\" \/>\n\t<meta name=\"twitter:data1\" content=\"favorite-news\" \/>\n\t<meta name=\"twitter:label2\" content=\"Tempo estimado de leitura\" \/>\n\t<meta name=\"twitter:data2\" content=\"2 minutos\" \/>\n<script type=\"application\/ld+json\" class=\"yoast-schema-graph\">{\"@context\":\"https:\\\/\\\/schema.org\",\"@graph\":[{\"@type\":\"Article\",\"@id\":\"https:\\\/\\\/favorite-news.com\\\/pt\\\/contas-publicas-agravam-se-face-a-2020-receita-fiscal-volta-a-crescer\\\/#article\",\"isPartOf\":{\"@id\":\"https:\\\/\\\/favorite-news.com\\\/pt\\\/contas-publicas-agravam-se-face-a-2020-receita-fiscal-volta-a-crescer\\\/\"},\"author\":{\"name\":\"favorite-news\",\"@id\":\"https:\\\/\\\/favorite-news.com\\\/pt\\\/#\\\/schema\\\/person\\\/b91573b717dcfa5e4696032a9d28d3e8\"},\"headline\":\"Contas p\u00fablicas agravam-se face a 2020. Receita fiscal volta a crescer\",\"datePublished\":\"2021-07-27T10:48:19+00:00\",\"dateModified\":\"2021-07-27T10:48:20+00:00\",\"mainEntityOfPage\":{\"@id\":\"https:\\\/\\\/favorite-news.com\\\/pt\\\/contas-publicas-agravam-se-face-a-2020-receita-fiscal-volta-a-crescer\\\/\"},\"wordCount\":492,\"commentCount\":0,\"image\":{\"@id\":\"https:\\\/\\\/favorite-news.com\\\/pt\\\/contas-publicas-agravam-se-face-a-2020-receita-fiscal-volta-a-crescer\\\/#primaryimage\"},\"thumbnailUrl\":\"https:\\\/\\\/favorite-news.com\\\/pt\\\/wp-content\\\/uploads\\\/sites\\\/2\\\/2021\\\/05\\\/Defice-atinge-4845-milhoes-de-euros-nos-primeiros-quatro-meses.jpg\",\"articleSection\":[\"NOT\u00cdCIAS FINANCEIRAS\"],\"inLanguage\":\"pt-PT\",\"potentialAction\":[{\"@type\":\"CommentAction\",\"name\":\"Comment\",\"target\":[\"https:\\\/\\\/favorite-news.com\\\/pt\\\/contas-publicas-agravam-se-face-a-2020-receita-fiscal-volta-a-crescer\\\/#respond\"]}]},{\"@type\":\"WebPage\",\"@id\":\"https:\\\/\\\/favorite-news.com\\\/pt\\\/contas-publicas-agravam-se-face-a-2020-receita-fiscal-volta-a-crescer\\\/\",\"url\":\"https:\\\/\\\/favorite-news.com\\\/pt\\\/contas-publicas-agravam-se-face-a-2020-receita-fiscal-volta-a-crescer\\\/\",\"name\":\"Contas p\u00fablicas agravam-se face a 2020. Receita fiscal volta a crescer - Favorite News\",\"isPartOf\":{\"@id\":\"https:\\\/\\\/favorite-news.com\\\/pt\\\/#website\"},\"primaryImageOfPage\":{\"@id\":\"https:\\\/\\\/favorite-news.com\\\/pt\\\/contas-publicas-agravam-se-face-a-2020-receita-fiscal-volta-a-crescer\\\/#primaryimage\"},\"image\":{\"@id\":\"https:\\\/\\\/favorite-news.com\\\/pt\\\/contas-publicas-agravam-se-face-a-2020-receita-fiscal-volta-a-crescer\\\/#primaryimage\"},\"thumbnailUrl\":\"https:\\\/\\\/favorite-news.com\\\/pt\\\/wp-content\\\/uploads\\\/sites\\\/2\\\/2021\\\/05\\\/Defice-atinge-4845-milhoes-de-euros-nos-primeiros-quatro-meses.jpg\",\"datePublished\":\"2021-07-27T10:48:19+00:00\",\"dateModified\":\"2021-07-27T10:48:20+00:00\",\"author\":{\"@id\":\"https:\\\/\\\/favorite-news.com\\\/pt\\\/#\\\/schema\\\/person\\\/b91573b717dcfa5e4696032a9d28d3e8\"},\"breadcrumb\":{\"@id\":\"https:\\\/\\\/favorite-news.com\\\/pt\\\/contas-publicas-agravam-se-face-a-2020-receita-fiscal-volta-a-crescer\\\/#breadcrumb\"},\"inLanguage\":\"pt-PT\",\"potentialAction\":[{\"@type\":\"ReadAction\",\"target\":[\"https:\\\/\\\/favorite-news.com\\\/pt\\\/contas-publicas-agravam-se-face-a-2020-receita-fiscal-volta-a-crescer\\\/\"]}]},{\"@type\":\"ImageObject\",\"inLanguage\":\"pt-PT\",\"@id\":\"https:\\\/\\\/favorite-news.com\\\/pt\\\/contas-publicas-agravam-se-face-a-2020-receita-fiscal-volta-a-crescer\\\/#primaryimage\",\"url\":\"https:\\\/\\\/favorite-news.com\\\/pt\\\/wp-content\\\/uploads\\\/sites\\\/2\\\/2021\\\/05\\\/Defice-atinge-4845-milhoes-de-euros-nos-primeiros-quatro-meses.jpg\",\"contentUrl\":\"https:\\\/\\\/favorite-news.com\\\/pt\\\/wp-content\\\/uploads\\\/sites\\\/2\\\/2021\\\/05\\\/Defice-atinge-4845-milhoes-de-euros-nos-primeiros-quatro-meses.jpg\",\"width\":1200,\"height\":800,\"caption\":\"D\u00e9fice atinge 4845 milh\u00f5es de euros nos primeiros quatro meses do ano\"},{\"@type\":\"BreadcrumbList\",\"@id\":\"https:\\\/\\\/favorite-news.com\\\/pt\\\/contas-publicas-agravam-se-face-a-2020-receita-fiscal-volta-a-crescer\\\/#breadcrumb\",\"itemListElement\":[{\"@type\":\"ListItem\",\"position\":1,\"name\":\"Home\",\"item\":\"https:\\\/\\\/favorite-news.com\\\/pt\\\/\"},{\"@type\":\"ListItem\",\"position\":2,\"name\":\"Contas p\u00fablicas agravam-se face a 2020. Receita fiscal volta a crescer\"}]},{\"@type\":\"WebSite\",\"@id\":\"https:\\\/\\\/favorite-news.com\\\/pt\\\/#website\",\"url\":\"https:\\\/\\\/favorite-news.com\\\/pt\\\/\",\"name\":\"Favorite News\",\"description\":\"Favorite News Portugal\",\"potentialAction\":[{\"@type\":\"SearchAction\",\"target\":{\"@type\":\"EntryPoint\",\"urlTemplate\":\"https:\\\/\\\/favorite-news.com\\\/pt\\\/?s={search_term_string}\"},\"query-input\":{\"@type\":\"PropertyValueSpecification\",\"valueRequired\":true,\"valueName\":\"search_term_string\"}}],\"inLanguage\":\"pt-PT\"},{\"@type\":\"Person\",\"@id\":\"https:\\\/\\\/favorite-news.com\\\/pt\\\/#\\\/schema\\\/person\\\/b91573b717dcfa5e4696032a9d28d3e8\",\"name\":\"favorite-news\",\"image\":{\"@type\":\"ImageObject\",\"inLanguage\":\"pt-PT\",\"@id\":\"https:\\\/\\\/secure.gravatar.com\\\/avatar\\\/6c5a5cb12b74e9d517ee91cf570335b7d16177f1977cc91db161adfa435945a7?s=96&d=mm&r=g\",\"url\":\"https:\\\/\\\/secure.gravatar.com\\\/avatar\\\/6c5a5cb12b74e9d517ee91cf570335b7d16177f1977cc91db161adfa435945a7?s=96&d=mm&r=g\",\"contentUrl\":\"https:\\\/\\\/secure.gravatar.com\\\/avatar\\\/6c5a5cb12b74e9d517ee91cf570335b7d16177f1977cc91db161adfa435945a7?s=96&d=mm&r=g\",\"caption\":\"favorite-news\"},\"url\":\"https:\\\/\\\/favorite-news.com\\\/pt\\\/author\\\/pt\\\/\"}]}<\/script>\n<!-- \/ Yoast SEO plugin. -->","yoast_head_json":{"title":"Contas p\u00fablicas agravam-se face a 2020. Receita fiscal volta a crescer - Favorite News","robots":{"index":"index","follow":"follow","max-snippet":"max-snippet:-1","max-image-preview":"max-image-preview:large","max-video-preview":"max-video-preview:-1"},"canonical":"https:\/\/favorite-news.com\/pt\/contas-publicas-agravam-se-face-a-2020-receita-fiscal-volta-a-crescer\/","og_locale":"pt_PT","og_type":"article","og_title":"Contas p\u00fablicas agravam-se face a 2020. Receita fiscal volta a crescer - Favorite News","og_description":"Ant\u00f3nio Pedro Santos \/ LusaO ministro das Finan\u00e7as, Jo\u00e3o Le\u00e3o Minist\u00e9rio de Jo\u00e3o Le\u00e3o atribui incumprimento \u00e0 terceira vaga da economia, que significou novas restri\u00e7\u00f5es \u00e0 circula\u00e7\u00e3o e nos hor\u00e1rios dos estabelecimentos. A receita fiscal e contributiva cresceu, um sinal animador para uma recupera\u00e7\u00e3o econ\u00f3mica futura, sugerem os especialistas or\u00e7amentais. No primeiro semestre de 2021, [&hellip;]","og_url":"https:\/\/favorite-news.com\/pt\/contas-publicas-agravam-se-face-a-2020-receita-fiscal-volta-a-crescer\/","og_site_name":"Favorite News","article_published_time":"2021-07-27T10:48:19+00:00","article_modified_time":"2021-07-27T10:48:20+00:00","og_image":[{"width":1200,"height":800,"url":"https:\/\/favorite-news.com\/pt\/wp-content\/uploads\/sites\/2\/2021\/05\/Defice-atinge-4845-milhoes-de-euros-nos-primeiros-quatro-meses.jpg","type":"image\/jpeg"}],"author":"favorite-news","twitter_card":"summary_large_image","twitter_misc":{"Escrito por":"favorite-news","Tempo estimado de leitura":"2 minutos"},"schema":{"@context":"https:\/\/schema.org","@graph":[{"@type":"Article","@id":"https:\/\/favorite-news.com\/pt\/contas-publicas-agravam-se-face-a-2020-receita-fiscal-volta-a-crescer\/#article","isPartOf":{"@id":"https:\/\/favorite-news.com\/pt\/contas-publicas-agravam-se-face-a-2020-receita-fiscal-volta-a-crescer\/"},"author":{"name":"favorite-news","@id":"https:\/\/favorite-news.com\/pt\/#\/schema\/person\/b91573b717dcfa5e4696032a9d28d3e8"},"headline":"Contas p\u00fablicas agravam-se face a 2020. Receita fiscal volta a crescer","datePublished":"2021-07-27T10:48:19+00:00","dateModified":"2021-07-27T10:48:20+00:00","mainEntityOfPage":{"@id":"https:\/\/favorite-news.com\/pt\/contas-publicas-agravam-se-face-a-2020-receita-fiscal-volta-a-crescer\/"},"wordCount":492,"commentCount":0,"image":{"@id":"https:\/\/favorite-news.com\/pt\/contas-publicas-agravam-se-face-a-2020-receita-fiscal-volta-a-crescer\/#primaryimage"},"thumbnailUrl":"https:\/\/favorite-news.com\/pt\/wp-content\/uploads\/sites\/2\/2021\/05\/Defice-atinge-4845-milhoes-de-euros-nos-primeiros-quatro-meses.jpg","articleSection":["NOT\u00cdCIAS FINANCEIRAS"],"inLanguage":"pt-PT","potentialAction":[{"@type":"CommentAction","name":"Comment","target":["https:\/\/favorite-news.com\/pt\/contas-publicas-agravam-se-face-a-2020-receita-fiscal-volta-a-crescer\/#respond"]}]},{"@type":"WebPage","@id":"https:\/\/favorite-news.com\/pt\/contas-publicas-agravam-se-face-a-2020-receita-fiscal-volta-a-crescer\/","url":"https:\/\/favorite-news.com\/pt\/contas-publicas-agravam-se-face-a-2020-receita-fiscal-volta-a-crescer\/","name":"Contas p\u00fablicas agravam-se face a 2020. Receita fiscal volta a crescer - Favorite News","isPartOf":{"@id":"https:\/\/favorite-news.com\/pt\/#website"},"primaryImageOfPage":{"@id":"https:\/\/favorite-news.com\/pt\/contas-publicas-agravam-se-face-a-2020-receita-fiscal-volta-a-crescer\/#primaryimage"},"image":{"@id":"https:\/\/favorite-news.com\/pt\/contas-publicas-agravam-se-face-a-2020-receita-fiscal-volta-a-crescer\/#primaryimage"},"thumbnailUrl":"https:\/\/favorite-news.com\/pt\/wp-content\/uploads\/sites\/2\/2021\/05\/Defice-atinge-4845-milhoes-de-euros-nos-primeiros-quatro-meses.jpg","datePublished":"2021-07-27T10:48:19+00:00","dateModified":"2021-07-27T10:48:20+00:00","author":{"@id":"https:\/\/favorite-news.com\/pt\/#\/schema\/person\/b91573b717dcfa5e4696032a9d28d3e8"},"breadcrumb":{"@id":"https:\/\/favorite-news.com\/pt\/contas-publicas-agravam-se-face-a-2020-receita-fiscal-volta-a-crescer\/#breadcrumb"},"inLanguage":"pt-PT","potentialAction":[{"@type":"ReadAction","target":["https:\/\/favorite-news.com\/pt\/contas-publicas-agravam-se-face-a-2020-receita-fiscal-volta-a-crescer\/"]}]},{"@type":"ImageObject","inLanguage":"pt-PT","@id":"https:\/\/favorite-news.com\/pt\/contas-publicas-agravam-se-face-a-2020-receita-fiscal-volta-a-crescer\/#primaryimage","url":"https:\/\/favorite-news.com\/pt\/wp-content\/uploads\/sites\/2\/2021\/05\/Defice-atinge-4845-milhoes-de-euros-nos-primeiros-quatro-meses.jpg","contentUrl":"https:\/\/favorite-news.com\/pt\/wp-content\/uploads\/sites\/2\/2021\/05\/Defice-atinge-4845-milhoes-de-euros-nos-primeiros-quatro-meses.jpg","width":1200,"height":800,"caption":"D\u00e9fice atinge 4845 milh\u00f5es de euros nos primeiros quatro meses do ano"},{"@type":"BreadcrumbList","@id":"https:\/\/favorite-news.com\/pt\/contas-publicas-agravam-se-face-a-2020-receita-fiscal-volta-a-crescer\/#breadcrumb","itemListElement":[{"@type":"ListItem","position":1,"name":"Home","item":"https:\/\/favorite-news.com\/pt\/"},{"@type":"ListItem","position":2,"name":"Contas p\u00fablicas agravam-se face a 2020. Receita fiscal volta a crescer"}]},{"@type":"WebSite","@id":"https:\/\/favorite-news.com\/pt\/#website","url":"https:\/\/favorite-news.com\/pt\/","name":"Favorite News","description":"Favorite News Portugal","potentialAction":[{"@type":"SearchAction","target":{"@type":"EntryPoint","urlTemplate":"https:\/\/favorite-news.com\/pt\/?s={search_term_string}"},"query-input":{"@type":"PropertyValueSpecification","valueRequired":true,"valueName":"search_term_string"}}],"inLanguage":"pt-PT"},{"@type":"Person","@id":"https:\/\/favorite-news.com\/pt\/#\/schema\/person\/b91573b717dcfa5e4696032a9d28d3e8","name":"favorite-news","image":{"@type":"ImageObject","inLanguage":"pt-PT","@id":"https:\/\/secure.gravatar.com\/avatar\/6c5a5cb12b74e9d517ee91cf570335b7d16177f1977cc91db161adfa435945a7?s=96&d=mm&r=g","url":"https:\/\/secure.gravatar.com\/avatar\/6c5a5cb12b74e9d517ee91cf570335b7d16177f1977cc91db161adfa435945a7?s=96&d=mm&r=g","contentUrl":"https:\/\/secure.gravatar.com\/avatar\/6c5a5cb12b74e9d517ee91cf570335b7d16177f1977cc91db161adfa435945a7?s=96&d=mm&r=g","caption":"favorite-news"},"url":"https:\/\/favorite-news.com\/pt\/author\/pt\/"}]}},"_links":{"self":[{"href":"https:\/\/favorite-news.com\/pt\/wp-json\/wp\/v2\/posts\/10908","targetHints":{"allow":["GET"]}}],"collection":[{"href":"https:\/\/favorite-news.com\/pt\/wp-json\/wp\/v2\/posts"}],"about":[{"href":"https:\/\/favorite-news.com\/pt\/wp-json\/wp\/v2\/types\/post"}],"author":[{"embeddable":true,"href":"https:\/\/favorite-news.com\/pt\/wp-json\/wp\/v2\/users\/2"}],"replies":[{"embeddable":true,"href":"https:\/\/favorite-news.com\/pt\/wp-json\/wp\/v2\/comments?post=10908"}],"version-history":[{"count":1,"href":"https:\/\/favorite-news.com\/pt\/wp-json\/wp\/v2\/posts\/10908\/revisions"}],"predecessor-version":[{"id":10909,"href":"https:\/\/favorite-news.com\/pt\/wp-json\/wp\/v2\/posts\/10908\/revisions\/10909"}],"wp:featuredmedia":[{"embeddable":true,"href":"https:\/\/favorite-news.com\/pt\/wp-json\/wp\/v2\/media\/10230"}],"wp:attachment":[{"href":"https:\/\/favorite-news.com\/pt\/wp-json\/wp\/v2\/media?parent=10908"}],"wp:term":[{"taxonomy":"category","embeddable":true,"href":"https:\/\/favorite-news.com\/pt\/wp-json\/wp\/v2\/categories?post=10908"},{"taxonomy":"post_tag","embeddable":true,"href":"https:\/\/favorite-news.com\/pt\/wp-json\/wp\/v2\/tags?post=10908"}],"curies":[{"name":"wp","href":"https:\/\/api.w.org\/{rel}","templated":true}]}}