{"id":10902,"date":"2021-07-27T01:42:03","date_gmt":"2021-07-26T22:42:03","guid":{"rendered":"https:\/\/favorite-news.com\/pt\/bcp-preve-saida-de-800-trabalhadores-e-admite-despedimento-coletivo\/"},"modified":"2021-07-27T01:42:06","modified_gmt":"2021-07-26T22:42:06","slug":"bcp-preve-saida-de-800-trabalhadores-e-admite-despedimento-coletivo","status":"publish","type":"post","link":"https:\/\/favorite-news.com\/pt\/bcp-preve-saida-de-800-trabalhadores-e-admite-despedimento-coletivo\/","title":{"rendered":"BCP prev\u00ea sa\u00edda de 800 trabalhadores e admite despedimento coletivo"},"content":{"rendered":"<p>Miguel A. Lopes \/ LusaO presidente do Millennium BCP, Miguel Mayalll<br \/>\nO presidente do BCP disse esta segunda-feira que dever\u00e3o sair do banco mais de 800 trabalhadores, abaixo da meta inicial de 1.000, mas que depende dos funcion\u00e1rios que aceitarem rescindir e mant\u00e9m a possibilidade de recurso ao despedimento coletivo.<\/p>\n<p>Questionado na apresenta\u00e7\u00e3o de resultados do primeiro semestre (lucros de 12,3 milh\u00f5es de euros) se o objetivo do banco \u00e9 a sa\u00edda de 1.000 trabalhadores, Miguel Maya disse que esse era o objetivo inicial mas que, \u201cdepois de ouvidos a Comiss\u00e3o de Trabalhadores e os sindicatos, o objetivo central anda na ordem de 800 trabalhadores\u201d, \u201cmais pr\u00f3ximos dos 800 do que dos 900\u201d.<br \/>\nContudo, afirmou, \u00e9 esse \u201cn\u00famero se sa\u00edrem as pessoas que t\u00eam de sair\u201d.<br \/>\nO gestor adiantou que o banco decidiu n\u00e3o fazer uma ades\u00e3o volunt\u00e1ria aos programas de rescis\u00f5es, mas escolher quem quer que saia, pois \u201cn\u00e3o \u00e9 indiferente de onde se retiram as pessoas\u201d.<\/p>\n<p>E acrescentou que o plano \u00e9 para cumprir \u201cna sua totalidade este ano\u201d, que o banco n\u00e3o est\u00e1 dispon\u00edvel para atrasar o processo.<br \/>\nQuestionado sobre se poder\u00e1 recuar na inten\u00e7\u00e3o de despedimento coletivo, como pedem as estruturas representativas dos trabalhadores, Maya afirmou que o BCP tem definidas as pessoas que quer que saiam e que, se tal n\u00e3o acontecer, \u201cpodem exigir medidas unilaterais\u201d, ou seja, despedimentos.<br \/>\nSegundo o gestor, isso n\u00e3o \u00e9 press\u00e3o, mas falar \u201ccom transpar\u00eancia e verdade\u201d. \u201cGostar\u00edamos de evitar, infelizmente nem sempre \u00e9 poss\u00edvel\u201d, acrescentou.<br \/>\nSobre a disponibibilidade do BCP para permitir reformas antecipadas a partir dos 55 anos (o banco prop\u00f5e reformas antecipadas apenas para quem tenha 57 anos ou mais, com o objetivo de fazer poupan\u00e7as, segundo as estruturas dos trabalhadores), Miguel Maya n\u00e3o respondeu, referindo que apenas fala desse assunto com os representantes dos trabalhadores.<br \/>\nNo dia 13 de julho, os sete sindicatos do setor banc\u00e1rio promoveram uma manifesta\u00e7\u00e3o em frente \u00e0 Assembleia da Rep\u00fablica, contra os despedimentos, deixando em cima da mesa a realiza\u00e7\u00e3o de uma greve nacional.<br \/>\nNa semana passada, a UGT enviou uma carta ao primeiro-ministro, Ant\u00f3nio Costa, em que disse suspeitar de carteliza\u00e7\u00e3o entre os grandes bancos para uma redu\u00e7\u00e3o de postos de trabalho no setor.<br \/>\nEsta segunda-feira, Miguel Maya negou e disse que o que se passa \u00e9 que cada banco avalia as mudan\u00e7as na ind\u00fastria e toma medidas.<br \/>\n\u201cSeguindo essa linha de pensamento, estar\u00edamos concertados com bancos espanh\u00f3is, italianos\u2026 H\u00e1 \u00e9 uma clara compreens\u00e3o dos desafios pela frente\u201d, afirmou.<br \/>\nAinda na apresenta\u00e7\u00e3o de resultados, o presidente executivo do BCP disse que o plano de reestrutura\u00e7\u00e3o tem um custo de cerca de 90 milh\u00f5es de euros este ano, mas levar\u00e1 de futuro a poupan\u00e7as anuais de 35 milh\u00f5es de euros.<br \/>\nO BCP apresentou hoje lucros de 12,3 milh\u00f5es de euros no primeiro semestre deste ano, menos 84% do que no mesmo per\u00edodo de 2020. As contas incluem gastos de 87,2 milh\u00f5es de euros para custos de reestrutura\u00e7\u00e3o em Portugal.<br \/>\nHouve ainda o refor\u00e7o de 214,2 milh\u00f5es de euros nas provis\u00f5es para perdas relacionadas com cr\u00e9ditos em francos su\u00ed\u00e7os concedidos na opera\u00e7\u00e3o do BCP na Pol\u00f3nia.<\/p>\n<p>\n<!--noindex--><br \/>\n<a href=\"https:\/\/zap.aeiou.pt\/bcp-saida-800-trabalhadores-420299\" rel=\"nofollow\">Source link <\/a><br \/>\n<!--\/noindex--><\/p>\n","protected":false},"excerpt":{"rendered":"<p>Miguel A. Lopes \/ LusaO presidente do Millennium BCP, Miguel Mayalll O presidente do BCP disse esta segunda-feira que dever\u00e3o sair do banco mais de 800 trabalhadores, abaixo da meta inicial de 1.000, mas que depende dos funcion\u00e1rios que aceitarem rescindir e mant\u00e9m a possibilidade de recurso ao despedimento coletivo. Questionado na apresenta\u00e7\u00e3o de resultados [&hellip;]<\/p>\n","protected":false},"author":2,"featured_media":10903,"comment_status":"open","ping_status":"open","sticky":false,"template":"","format":"standard","meta":{"footnotes":""},"categories":[1],"tags":[],"class_list":["post-10902","post","type-post","status-publish","format-standard","has-post-thumbnail","hentry","category-noticias-financeiras"],"yoast_head":"<!-- This site is optimized with the Yoast SEO plugin v27.4 - https:\/\/yoast.com\/product\/yoast-seo-wordpress\/ -->\n<title>BCP prev\u00ea sa\u00edda de 800 trabalhadores e admite despedimento coletivo - Favorite News<\/title>\n<meta name=\"robots\" content=\"index, follow, max-snippet:-1, max-image-preview:large, max-video-preview:-1\" \/>\n<link rel=\"canonical\" href=\"https:\/\/favorite-news.com\/pt\/bcp-preve-saida-de-800-trabalhadores-e-admite-despedimento-coletivo\/\" \/>\n<meta property=\"og:locale\" content=\"pt_PT\" \/>\n<meta property=\"og:type\" content=\"article\" \/>\n<meta property=\"og:title\" content=\"BCP prev\u00ea sa\u00edda de 800 trabalhadores e admite despedimento coletivo - Favorite News\" \/>\n<meta property=\"og:description\" content=\"Miguel A. Lopes \/ LusaO presidente do Millennium BCP, Miguel Mayalll O presidente do BCP disse esta segunda-feira que dever\u00e3o sair do banco mais de 800 trabalhadores, abaixo da meta inicial de 1.000, mas que depende dos funcion\u00e1rios que aceitarem rescindir e mant\u00e9m a possibilidade de recurso ao despedimento coletivo. Questionado na apresenta\u00e7\u00e3o de resultados [&hellip;]\" \/>\n<meta property=\"og:url\" content=\"https:\/\/favorite-news.com\/pt\/bcp-preve-saida-de-800-trabalhadores-e-admite-despedimento-coletivo\/\" \/>\n<meta property=\"og:site_name\" content=\"Favorite News\" \/>\n<meta property=\"article:published_time\" content=\"2021-07-26T22:42:03+00:00\" \/>\n<meta property=\"article:modified_time\" content=\"2021-07-26T22:42:06+00:00\" \/>\n<meta property=\"og:image\" content=\"https:\/\/favorite-news.com\/pt\/wp-content\/uploads\/sites\/2\/2021\/07\/BCP-preve-saida-de-800-trabalhadores-e-admite-despedimento-coletivo.jpg\" \/>\n\t<meta property=\"og:image:width\" content=\"1200\" \/>\n\t<meta property=\"og:image:height\" content=\"800\" \/>\n\t<meta property=\"og:image:type\" content=\"image\/jpeg\" \/>\n<meta name=\"author\" content=\"favorite-news\" \/>\n<meta name=\"twitter:card\" content=\"summary_large_image\" \/>\n<meta name=\"twitter:label1\" content=\"Escrito por\" \/>\n\t<meta name=\"twitter:data1\" content=\"favorite-news\" \/>\n\t<meta name=\"twitter:label2\" content=\"Tempo estimado de leitura\" \/>\n\t<meta name=\"twitter:data2\" content=\"3 minutos\" \/>\n<script type=\"application\/ld+json\" class=\"yoast-schema-graph\">{\"@context\":\"https:\\\/\\\/schema.org\",\"@graph\":[{\"@type\":\"Article\",\"@id\":\"https:\\\/\\\/favorite-news.com\\\/pt\\\/bcp-preve-saida-de-800-trabalhadores-e-admite-despedimento-coletivo\\\/#article\",\"isPartOf\":{\"@id\":\"https:\\\/\\\/favorite-news.com\\\/pt\\\/bcp-preve-saida-de-800-trabalhadores-e-admite-despedimento-coletivo\\\/\"},\"author\":{\"name\":\"favorite-news\",\"@id\":\"https:\\\/\\\/favorite-news.com\\\/pt\\\/#\\\/schema\\\/person\\\/b91573b717dcfa5e4696032a9d28d3e8\"},\"headline\":\"BCP prev\u00ea sa\u00edda de 800 trabalhadores e admite despedimento coletivo\",\"datePublished\":\"2021-07-26T22:42:03+00:00\",\"dateModified\":\"2021-07-26T22:42:06+00:00\",\"mainEntityOfPage\":{\"@id\":\"https:\\\/\\\/favorite-news.com\\\/pt\\\/bcp-preve-saida-de-800-trabalhadores-e-admite-despedimento-coletivo\\\/\"},\"wordCount\":555,\"commentCount\":0,\"image\":{\"@id\":\"https:\\\/\\\/favorite-news.com\\\/pt\\\/bcp-preve-saida-de-800-trabalhadores-e-admite-despedimento-coletivo\\\/#primaryimage\"},\"thumbnailUrl\":\"https:\\\/\\\/favorite-news.com\\\/pt\\\/wp-content\\\/uploads\\\/sites\\\/2\\\/2021\\\/07\\\/BCP-preve-saida-de-800-trabalhadores-e-admite-despedimento-coletivo.jpg\",\"articleSection\":[\"NOT\u00cdCIAS FINANCEIRAS\"],\"inLanguage\":\"pt-PT\",\"potentialAction\":[{\"@type\":\"CommentAction\",\"name\":\"Comment\",\"target\":[\"https:\\\/\\\/favorite-news.com\\\/pt\\\/bcp-preve-saida-de-800-trabalhadores-e-admite-despedimento-coletivo\\\/#respond\"]}]},{\"@type\":\"WebPage\",\"@id\":\"https:\\\/\\\/favorite-news.com\\\/pt\\\/bcp-preve-saida-de-800-trabalhadores-e-admite-despedimento-coletivo\\\/\",\"url\":\"https:\\\/\\\/favorite-news.com\\\/pt\\\/bcp-preve-saida-de-800-trabalhadores-e-admite-despedimento-coletivo\\\/\",\"name\":\"BCP prev\u00ea sa\u00edda de 800 trabalhadores e admite despedimento coletivo - Favorite News\",\"isPartOf\":{\"@id\":\"https:\\\/\\\/favorite-news.com\\\/pt\\\/#website\"},\"primaryImageOfPage\":{\"@id\":\"https:\\\/\\\/favorite-news.com\\\/pt\\\/bcp-preve-saida-de-800-trabalhadores-e-admite-despedimento-coletivo\\\/#primaryimage\"},\"image\":{\"@id\":\"https:\\\/\\\/favorite-news.com\\\/pt\\\/bcp-preve-saida-de-800-trabalhadores-e-admite-despedimento-coletivo\\\/#primaryimage\"},\"thumbnailUrl\":\"https:\\\/\\\/favorite-news.com\\\/pt\\\/wp-content\\\/uploads\\\/sites\\\/2\\\/2021\\\/07\\\/BCP-preve-saida-de-800-trabalhadores-e-admite-despedimento-coletivo.jpg\",\"datePublished\":\"2021-07-26T22:42:03+00:00\",\"dateModified\":\"2021-07-26T22:42:06+00:00\",\"author\":{\"@id\":\"https:\\\/\\\/favorite-news.com\\\/pt\\\/#\\\/schema\\\/person\\\/b91573b717dcfa5e4696032a9d28d3e8\"},\"breadcrumb\":{\"@id\":\"https:\\\/\\\/favorite-news.com\\\/pt\\\/bcp-preve-saida-de-800-trabalhadores-e-admite-despedimento-coletivo\\\/#breadcrumb\"},\"inLanguage\":\"pt-PT\",\"potentialAction\":[{\"@type\":\"ReadAction\",\"target\":[\"https:\\\/\\\/favorite-news.com\\\/pt\\\/bcp-preve-saida-de-800-trabalhadores-e-admite-despedimento-coletivo\\\/\"]}]},{\"@type\":\"ImageObject\",\"inLanguage\":\"pt-PT\",\"@id\":\"https:\\\/\\\/favorite-news.com\\\/pt\\\/bcp-preve-saida-de-800-trabalhadores-e-admite-despedimento-coletivo\\\/#primaryimage\",\"url\":\"https:\\\/\\\/favorite-news.com\\\/pt\\\/wp-content\\\/uploads\\\/sites\\\/2\\\/2021\\\/07\\\/BCP-preve-saida-de-800-trabalhadores-e-admite-despedimento-coletivo.jpg\",\"contentUrl\":\"https:\\\/\\\/favorite-news.com\\\/pt\\\/wp-content\\\/uploads\\\/sites\\\/2\\\/2021\\\/07\\\/BCP-preve-saida-de-800-trabalhadores-e-admite-despedimento-coletivo.jpg\",\"width\":1200,\"height\":800,\"caption\":\"BCP prev\u00ea sa\u00edda de 800 trabalhadores e admite despedimento coletivo\"},{\"@type\":\"BreadcrumbList\",\"@id\":\"https:\\\/\\\/favorite-news.com\\\/pt\\\/bcp-preve-saida-de-800-trabalhadores-e-admite-despedimento-coletivo\\\/#breadcrumb\",\"itemListElement\":[{\"@type\":\"ListItem\",\"position\":1,\"name\":\"Home\",\"item\":\"https:\\\/\\\/favorite-news.com\\\/pt\\\/\"},{\"@type\":\"ListItem\",\"position\":2,\"name\":\"BCP prev\u00ea sa\u00edda de 800 trabalhadores e admite despedimento coletivo\"}]},{\"@type\":\"WebSite\",\"@id\":\"https:\\\/\\\/favorite-news.com\\\/pt\\\/#website\",\"url\":\"https:\\\/\\\/favorite-news.com\\\/pt\\\/\",\"name\":\"Favorite News\",\"description\":\"Favorite News Portugal\",\"potentialAction\":[{\"@type\":\"SearchAction\",\"target\":{\"@type\":\"EntryPoint\",\"urlTemplate\":\"https:\\\/\\\/favorite-news.com\\\/pt\\\/?s={search_term_string}\"},\"query-input\":{\"@type\":\"PropertyValueSpecification\",\"valueRequired\":true,\"valueName\":\"search_term_string\"}}],\"inLanguage\":\"pt-PT\"},{\"@type\":\"Person\",\"@id\":\"https:\\\/\\\/favorite-news.com\\\/pt\\\/#\\\/schema\\\/person\\\/b91573b717dcfa5e4696032a9d28d3e8\",\"name\":\"favorite-news\",\"image\":{\"@type\":\"ImageObject\",\"inLanguage\":\"pt-PT\",\"@id\":\"https:\\\/\\\/secure.gravatar.com\\\/avatar\\\/6c5a5cb12b74e9d517ee91cf570335b7d16177f1977cc91db161adfa435945a7?s=96&d=mm&r=g\",\"url\":\"https:\\\/\\\/secure.gravatar.com\\\/avatar\\\/6c5a5cb12b74e9d517ee91cf570335b7d16177f1977cc91db161adfa435945a7?s=96&d=mm&r=g\",\"contentUrl\":\"https:\\\/\\\/secure.gravatar.com\\\/avatar\\\/6c5a5cb12b74e9d517ee91cf570335b7d16177f1977cc91db161adfa435945a7?s=96&d=mm&r=g\",\"caption\":\"favorite-news\"},\"url\":\"https:\\\/\\\/favorite-news.com\\\/pt\\\/author\\\/pt\\\/\"}]}<\/script>\n<!-- \/ Yoast SEO plugin. -->","yoast_head_json":{"title":"BCP prev\u00ea sa\u00edda de 800 trabalhadores e admite despedimento coletivo - Favorite News","robots":{"index":"index","follow":"follow","max-snippet":"max-snippet:-1","max-image-preview":"max-image-preview:large","max-video-preview":"max-video-preview:-1"},"canonical":"https:\/\/favorite-news.com\/pt\/bcp-preve-saida-de-800-trabalhadores-e-admite-despedimento-coletivo\/","og_locale":"pt_PT","og_type":"article","og_title":"BCP prev\u00ea sa\u00edda de 800 trabalhadores e admite despedimento coletivo - Favorite News","og_description":"Miguel A. Lopes \/ LusaO presidente do Millennium BCP, Miguel Mayalll O presidente do BCP disse esta segunda-feira que dever\u00e3o sair do banco mais de 800 trabalhadores, abaixo da meta inicial de 1.000, mas que depende dos funcion\u00e1rios que aceitarem rescindir e mant\u00e9m a possibilidade de recurso ao despedimento coletivo. Questionado na apresenta\u00e7\u00e3o de resultados [&hellip;]","og_url":"https:\/\/favorite-news.com\/pt\/bcp-preve-saida-de-800-trabalhadores-e-admite-despedimento-coletivo\/","og_site_name":"Favorite News","article_published_time":"2021-07-26T22:42:03+00:00","article_modified_time":"2021-07-26T22:42:06+00:00","og_image":[{"width":1200,"height":800,"url":"https:\/\/favorite-news.com\/pt\/wp-content\/uploads\/sites\/2\/2021\/07\/BCP-preve-saida-de-800-trabalhadores-e-admite-despedimento-coletivo.jpg","type":"image\/jpeg"}],"author":"favorite-news","twitter_card":"summary_large_image","twitter_misc":{"Escrito por":"favorite-news","Tempo estimado de leitura":"3 minutos"},"schema":{"@context":"https:\/\/schema.org","@graph":[{"@type":"Article","@id":"https:\/\/favorite-news.com\/pt\/bcp-preve-saida-de-800-trabalhadores-e-admite-despedimento-coletivo\/#article","isPartOf":{"@id":"https:\/\/favorite-news.com\/pt\/bcp-preve-saida-de-800-trabalhadores-e-admite-despedimento-coletivo\/"},"author":{"name":"favorite-news","@id":"https:\/\/favorite-news.com\/pt\/#\/schema\/person\/b91573b717dcfa5e4696032a9d28d3e8"},"headline":"BCP prev\u00ea sa\u00edda de 800 trabalhadores e admite despedimento coletivo","datePublished":"2021-07-26T22:42:03+00:00","dateModified":"2021-07-26T22:42:06+00:00","mainEntityOfPage":{"@id":"https:\/\/favorite-news.com\/pt\/bcp-preve-saida-de-800-trabalhadores-e-admite-despedimento-coletivo\/"},"wordCount":555,"commentCount":0,"image":{"@id":"https:\/\/favorite-news.com\/pt\/bcp-preve-saida-de-800-trabalhadores-e-admite-despedimento-coletivo\/#primaryimage"},"thumbnailUrl":"https:\/\/favorite-news.com\/pt\/wp-content\/uploads\/sites\/2\/2021\/07\/BCP-preve-saida-de-800-trabalhadores-e-admite-despedimento-coletivo.jpg","articleSection":["NOT\u00cdCIAS FINANCEIRAS"],"inLanguage":"pt-PT","potentialAction":[{"@type":"CommentAction","name":"Comment","target":["https:\/\/favorite-news.com\/pt\/bcp-preve-saida-de-800-trabalhadores-e-admite-despedimento-coletivo\/#respond"]}]},{"@type":"WebPage","@id":"https:\/\/favorite-news.com\/pt\/bcp-preve-saida-de-800-trabalhadores-e-admite-despedimento-coletivo\/","url":"https:\/\/favorite-news.com\/pt\/bcp-preve-saida-de-800-trabalhadores-e-admite-despedimento-coletivo\/","name":"BCP prev\u00ea sa\u00edda de 800 trabalhadores e admite despedimento coletivo - Favorite News","isPartOf":{"@id":"https:\/\/favorite-news.com\/pt\/#website"},"primaryImageOfPage":{"@id":"https:\/\/favorite-news.com\/pt\/bcp-preve-saida-de-800-trabalhadores-e-admite-despedimento-coletivo\/#primaryimage"},"image":{"@id":"https:\/\/favorite-news.com\/pt\/bcp-preve-saida-de-800-trabalhadores-e-admite-despedimento-coletivo\/#primaryimage"},"thumbnailUrl":"https:\/\/favorite-news.com\/pt\/wp-content\/uploads\/sites\/2\/2021\/07\/BCP-preve-saida-de-800-trabalhadores-e-admite-despedimento-coletivo.jpg","datePublished":"2021-07-26T22:42:03+00:00","dateModified":"2021-07-26T22:42:06+00:00","author":{"@id":"https:\/\/favorite-news.com\/pt\/#\/schema\/person\/b91573b717dcfa5e4696032a9d28d3e8"},"breadcrumb":{"@id":"https:\/\/favorite-news.com\/pt\/bcp-preve-saida-de-800-trabalhadores-e-admite-despedimento-coletivo\/#breadcrumb"},"inLanguage":"pt-PT","potentialAction":[{"@type":"ReadAction","target":["https:\/\/favorite-news.com\/pt\/bcp-preve-saida-de-800-trabalhadores-e-admite-despedimento-coletivo\/"]}]},{"@type":"ImageObject","inLanguage":"pt-PT","@id":"https:\/\/favorite-news.com\/pt\/bcp-preve-saida-de-800-trabalhadores-e-admite-despedimento-coletivo\/#primaryimage","url":"https:\/\/favorite-news.com\/pt\/wp-content\/uploads\/sites\/2\/2021\/07\/BCP-preve-saida-de-800-trabalhadores-e-admite-despedimento-coletivo.jpg","contentUrl":"https:\/\/favorite-news.com\/pt\/wp-content\/uploads\/sites\/2\/2021\/07\/BCP-preve-saida-de-800-trabalhadores-e-admite-despedimento-coletivo.jpg","width":1200,"height":800,"caption":"BCP prev\u00ea sa\u00edda de 800 trabalhadores e admite despedimento coletivo"},{"@type":"BreadcrumbList","@id":"https:\/\/favorite-news.com\/pt\/bcp-preve-saida-de-800-trabalhadores-e-admite-despedimento-coletivo\/#breadcrumb","itemListElement":[{"@type":"ListItem","position":1,"name":"Home","item":"https:\/\/favorite-news.com\/pt\/"},{"@type":"ListItem","position":2,"name":"BCP prev\u00ea sa\u00edda de 800 trabalhadores e admite despedimento coletivo"}]},{"@type":"WebSite","@id":"https:\/\/favorite-news.com\/pt\/#website","url":"https:\/\/favorite-news.com\/pt\/","name":"Favorite News","description":"Favorite News Portugal","potentialAction":[{"@type":"SearchAction","target":{"@type":"EntryPoint","urlTemplate":"https:\/\/favorite-news.com\/pt\/?s={search_term_string}"},"query-input":{"@type":"PropertyValueSpecification","valueRequired":true,"valueName":"search_term_string"}}],"inLanguage":"pt-PT"},{"@type":"Person","@id":"https:\/\/favorite-news.com\/pt\/#\/schema\/person\/b91573b717dcfa5e4696032a9d28d3e8","name":"favorite-news","image":{"@type":"ImageObject","inLanguage":"pt-PT","@id":"https:\/\/secure.gravatar.com\/avatar\/6c5a5cb12b74e9d517ee91cf570335b7d16177f1977cc91db161adfa435945a7?s=96&d=mm&r=g","url":"https:\/\/secure.gravatar.com\/avatar\/6c5a5cb12b74e9d517ee91cf570335b7d16177f1977cc91db161adfa435945a7?s=96&d=mm&r=g","contentUrl":"https:\/\/secure.gravatar.com\/avatar\/6c5a5cb12b74e9d517ee91cf570335b7d16177f1977cc91db161adfa435945a7?s=96&d=mm&r=g","caption":"favorite-news"},"url":"https:\/\/favorite-news.com\/pt\/author\/pt\/"}]}},"_links":{"self":[{"href":"https:\/\/favorite-news.com\/pt\/wp-json\/wp\/v2\/posts\/10902","targetHints":{"allow":["GET"]}}],"collection":[{"href":"https:\/\/favorite-news.com\/pt\/wp-json\/wp\/v2\/posts"}],"about":[{"href":"https:\/\/favorite-news.com\/pt\/wp-json\/wp\/v2\/types\/post"}],"author":[{"embeddable":true,"href":"https:\/\/favorite-news.com\/pt\/wp-json\/wp\/v2\/users\/2"}],"replies":[{"embeddable":true,"href":"https:\/\/favorite-news.com\/pt\/wp-json\/wp\/v2\/comments?post=10902"}],"version-history":[{"count":1,"href":"https:\/\/favorite-news.com\/pt\/wp-json\/wp\/v2\/posts\/10902\/revisions"}],"predecessor-version":[{"id":10904,"href":"https:\/\/favorite-news.com\/pt\/wp-json\/wp\/v2\/posts\/10902\/revisions\/10904"}],"wp:featuredmedia":[{"embeddable":true,"href":"https:\/\/favorite-news.com\/pt\/wp-json\/wp\/v2\/media\/10903"}],"wp:attachment":[{"href":"https:\/\/favorite-news.com\/pt\/wp-json\/wp\/v2\/media?parent=10902"}],"wp:term":[{"taxonomy":"category","embeddable":true,"href":"https:\/\/favorite-news.com\/pt\/wp-json\/wp\/v2\/categories?post=10902"},{"taxonomy":"post_tag","embeddable":true,"href":"https:\/\/favorite-news.com\/pt\/wp-json\/wp\/v2\/tags?post=10902"}],"curies":[{"name":"wp","href":"https:\/\/api.w.org\/{rel}","templated":true}]}}