{"id":10897,"date":"2021-07-26T13:40:59","date_gmt":"2021-07-26T10:40:59","guid":{"rendered":"https:\/\/favorite-news.com\/pt\/ramalho-desculpabiliza-vitor-fernandes-e-nega-relacao-especial-com-vieira\/"},"modified":"2021-07-26T13:41:02","modified_gmt":"2021-07-26T10:41:02","slug":"ramalho-desculpabiliza-vitor-fernandes-e-nega-relacao-especial-com-vieira","status":"publish","type":"post","link":"https:\/\/favorite-news.com\/pt\/ramalho-desculpabiliza-vitor-fernandes-e-nega-relacao-especial-com-vieira\/","title":{"rendered":"Ramalho desculpabiliza V\u00edtor Fernandes e nega &#8220;rela\u00e7\u00e3o especial&#8221; com Vieira"},"content":{"rendered":"<p>Jos\u00e9 Sena Goul\u00e3o \/ LusaAnt\u00f3nio Ramalho, presidente do Novo Banco<br \/>\nAnt\u00f3nio Ramalho diz que as decis\u00f5es sobre o cr\u00e9dito da Imosteps foram tomadas de forma colegial, descartando influ\u00eancia direta de V\u00edtor Fernandes.<\/p>\n<p>Numa carta enviada aos deputados da comiss\u00e3o parlamentar de inqu\u00e9rito ao Novo Banco, Ant\u00f3nio Ramalho explica que as decis\u00f5es sobre o cr\u00e9dito da Imosteps foram tomadas de forma colegial, desculpabilizando assim V\u00edtor Fernandes.<br \/>\nO Minist\u00e9rio P\u00fablico (MP) argumenta que V\u00edtor Fernandes ter\u00e1 sido o informador de Lu\u00eds Filipe Vieira na compra da d\u00edvida atrav\u00e9s de um esquema lesivo para o Fundo de Resolu\u00e7\u00e3o (FdR).<br \/>\nPara o Minist\u00e9rio P\u00fablico, Lu\u00eds Filipe Vieira teve ajuda de V\u00edtor Fernandes na compra da d\u00edvida da Imosteps por um sexto do seu valor. Fernandes ter\u00e1 avisado Vieira de que o seu nome n\u00e3o poderia aparecer numa proposta de compra da d\u00edvida, j\u00e1 que tal impediria que o Fundo de Resolu\u00e7\u00e3o, financiado com o dinheiro dos contribuintes, desse o aval \u00e0 venda.<\/p>\n<p>Nessa mesma carta, citada pelo jornal P\u00fablico, o presidente executivo do Novo Banco nega ainda ter uma \u201crela\u00e7\u00e3o especial\u201d com Lu\u00eds Filipe Vieira.<br \/>\n\u201cO valor do cr\u00e9dito da Imosteps \u2014 ativo t\u00f3xico do legado do BES \u2014\u200b n\u00e3o correspondia ao seu valor nominal (54 milh\u00f5es de euros) e que, ali\u00e1s, apresentava s\u00e9rios ind\u00edcios de cr\u00e9dito de favor desde a sua origem\u201d, come\u00e7ou por dizer Ant\u00f3nio Ramalho.<br \/>\n\u201cAs decis\u00f5es do Novo Banco s\u00e3o tomadas nos respetivos \u00f3rg\u00e3os e comit\u00e9s, de forma colegial, e em estrito cumprimento das regras de funcionamento previstas nos respetivos estatutos, regulamentos ou normativos internos\u201d, disse ainda Ramalho.<br \/>\nNaturalmente, V\u00edtor Fernandes esteve \u201cpresente em reuni\u00f5es do Conselho Financeiro e de Cr\u00e9dito e do Conselho de Administra\u00e7\u00e3o Executivo, enquanto membro desse conselho e desse \u00f3rg\u00e3o social\u201d, mas n\u00e3o ter\u00e1 tomado decis\u00f5es a t\u00edtulo individual.<br \/>\nRamalho insiste ainda que a \u00e1rea comercial tem a \u201cresponsabilidade de acompanhar o relacionamento e as opera\u00e7\u00f5es de cada cliente, mas n\u00e3o toma decis\u00f5es relativas a imparidades de cr\u00e9dito, nem a opera\u00e7\u00f5es de venda ou de concess\u00e3o ou reestrutura\u00e7\u00e3o de cr\u00e9ditos\u201d.<br \/>\n Daniel Costa, ZAP \/\/ <\/p>\n<p>\n<!--noindex--><br \/>\n<a href=\"https:\/\/zap.aeiou.pt\/ramalho-desculpabiliza-vitor-fernandes-419984\" rel=\"nofollow\">Source link <\/a><br \/>\n<!--\/noindex--><\/p>\n","protected":false},"excerpt":{"rendered":"<p>Jos\u00e9 Sena Goul\u00e3o \/ LusaAnt\u00f3nio Ramalho, presidente do Novo Banco Ant\u00f3nio Ramalho diz que as decis\u00f5es sobre o cr\u00e9dito da Imosteps foram tomadas de forma colegial, descartando influ\u00eancia direta de V\u00edtor Fernandes. Numa carta enviada aos deputados da comiss\u00e3o parlamentar de inqu\u00e9rito ao Novo Banco, Ant\u00f3nio Ramalho explica que as decis\u00f5es sobre o cr\u00e9dito da [&hellip;]<\/p>\n","protected":false},"author":2,"featured_media":7919,"comment_status":"open","ping_status":"open","sticky":false,"template":"","format":"standard","meta":{"footnotes":""},"categories":[1],"tags":[],"class_list":["post-10897","post","type-post","status-publish","format-standard","has-post-thumbnail","hentry","category-noticias-financeiras"],"yoast_head":"<!-- This site is optimized with the Yoast SEO plugin v27.4 - https:\/\/yoast.com\/product\/yoast-seo-wordpress\/ -->\n<title>Ramalho desculpabiliza V\u00edtor Fernandes e nega &quot;rela\u00e7\u00e3o especial&quot; com Vieira - Favorite News<\/title>\n<meta name=\"robots\" content=\"index, follow, max-snippet:-1, max-image-preview:large, max-video-preview:-1\" \/>\n<link rel=\"canonical\" href=\"https:\/\/favorite-news.com\/pt\/ramalho-desculpabiliza-vitor-fernandes-e-nega-relacao-especial-com-vieira\/\" \/>\n<meta property=\"og:locale\" content=\"pt_PT\" \/>\n<meta property=\"og:type\" content=\"article\" \/>\n<meta property=\"og:title\" content=\"Ramalho desculpabiliza V\u00edtor Fernandes e nega &quot;rela\u00e7\u00e3o especial&quot; com Vieira - Favorite News\" \/>\n<meta property=\"og:description\" content=\"Jos\u00e9 Sena Goul\u00e3o \/ LusaAnt\u00f3nio Ramalho, presidente do Novo Banco Ant\u00f3nio Ramalho diz que as decis\u00f5es sobre o cr\u00e9dito da Imosteps foram tomadas de forma colegial, descartando influ\u00eancia direta de V\u00edtor Fernandes. Numa carta enviada aos deputados da comiss\u00e3o parlamentar de inqu\u00e9rito ao Novo Banco, Ant\u00f3nio Ramalho explica que as decis\u00f5es sobre o cr\u00e9dito da [&hellip;]\" \/>\n<meta property=\"og:url\" content=\"https:\/\/favorite-news.com\/pt\/ramalho-desculpabiliza-vitor-fernandes-e-nega-relacao-especial-com-vieira\/\" \/>\n<meta property=\"og:site_name\" content=\"Favorite News\" \/>\n<meta property=\"article:published_time\" content=\"2021-07-26T10:40:59+00:00\" \/>\n<meta property=\"article:modified_time\" content=\"2021-07-26T10:41:02+00:00\" \/>\n<meta property=\"og:image\" content=\"https:\/\/favorite-news.com\/pt\/wp-content\/uploads\/sites\/2\/2020\/11\/Novo-Banco-com-prejuizos-de-853-milhoes-anula-lucros-dos.jpg\" \/>\n\t<meta property=\"og:image:width\" content=\"1200\" \/>\n\t<meta property=\"og:image:height\" content=\"800\" \/>\n\t<meta property=\"og:image:type\" content=\"image\/jpeg\" \/>\n<meta name=\"author\" content=\"favorite-news\" \/>\n<meta name=\"twitter:card\" content=\"summary_large_image\" \/>\n<meta name=\"twitter:label1\" content=\"Escrito por\" \/>\n\t<meta name=\"twitter:data1\" content=\"favorite-news\" \/>\n\t<meta name=\"twitter:label2\" content=\"Tempo estimado de leitura\" \/>\n\t<meta name=\"twitter:data2\" content=\"2 minutos\" \/>\n<script type=\"application\/ld+json\" class=\"yoast-schema-graph\">{\"@context\":\"https:\\\/\\\/schema.org\",\"@graph\":[{\"@type\":\"Article\",\"@id\":\"https:\\\/\\\/favorite-news.com\\\/pt\\\/ramalho-desculpabiliza-vitor-fernandes-e-nega-relacao-especial-com-vieira\\\/#article\",\"isPartOf\":{\"@id\":\"https:\\\/\\\/favorite-news.com\\\/pt\\\/ramalho-desculpabiliza-vitor-fernandes-e-nega-relacao-especial-com-vieira\\\/\"},\"author\":{\"name\":\"favorite-news\",\"@id\":\"https:\\\/\\\/favorite-news.com\\\/pt\\\/#\\\/schema\\\/person\\\/b91573b717dcfa5e4696032a9d28d3e8\"},\"headline\":\"Ramalho desculpabiliza V\u00edtor Fernandes e nega &#8220;rela\u00e7\u00e3o especial&#8221; com Vieira\",\"datePublished\":\"2021-07-26T10:40:59+00:00\",\"dateModified\":\"2021-07-26T10:41:02+00:00\",\"mainEntityOfPage\":{\"@id\":\"https:\\\/\\\/favorite-news.com\\\/pt\\\/ramalho-desculpabiliza-vitor-fernandes-e-nega-relacao-especial-com-vieira\\\/\"},\"wordCount\":407,\"commentCount\":0,\"image\":{\"@id\":\"https:\\\/\\\/favorite-news.com\\\/pt\\\/ramalho-desculpabiliza-vitor-fernandes-e-nega-relacao-especial-com-vieira\\\/#primaryimage\"},\"thumbnailUrl\":\"https:\\\/\\\/favorite-news.com\\\/pt\\\/wp-content\\\/uploads\\\/sites\\\/2\\\/2020\\\/11\\\/Novo-Banco-com-prejuizos-de-853-milhoes-anula-lucros-dos.jpg\",\"articleSection\":[\"NOT\u00cdCIAS FINANCEIRAS\"],\"inLanguage\":\"pt-PT\",\"potentialAction\":[{\"@type\":\"CommentAction\",\"name\":\"Comment\",\"target\":[\"https:\\\/\\\/favorite-news.com\\\/pt\\\/ramalho-desculpabiliza-vitor-fernandes-e-nega-relacao-especial-com-vieira\\\/#respond\"]}]},{\"@type\":\"WebPage\",\"@id\":\"https:\\\/\\\/favorite-news.com\\\/pt\\\/ramalho-desculpabiliza-vitor-fernandes-e-nega-relacao-especial-com-vieira\\\/\",\"url\":\"https:\\\/\\\/favorite-news.com\\\/pt\\\/ramalho-desculpabiliza-vitor-fernandes-e-nega-relacao-especial-com-vieira\\\/\",\"name\":\"Ramalho desculpabiliza V\u00edtor Fernandes e nega \\\"rela\u00e7\u00e3o especial\\\" com Vieira - Favorite News\",\"isPartOf\":{\"@id\":\"https:\\\/\\\/favorite-news.com\\\/pt\\\/#website\"},\"primaryImageOfPage\":{\"@id\":\"https:\\\/\\\/favorite-news.com\\\/pt\\\/ramalho-desculpabiliza-vitor-fernandes-e-nega-relacao-especial-com-vieira\\\/#primaryimage\"},\"image\":{\"@id\":\"https:\\\/\\\/favorite-news.com\\\/pt\\\/ramalho-desculpabiliza-vitor-fernandes-e-nega-relacao-especial-com-vieira\\\/#primaryimage\"},\"thumbnailUrl\":\"https:\\\/\\\/favorite-news.com\\\/pt\\\/wp-content\\\/uploads\\\/sites\\\/2\\\/2020\\\/11\\\/Novo-Banco-com-prejuizos-de-853-milhoes-anula-lucros-dos.jpg\",\"datePublished\":\"2021-07-26T10:40:59+00:00\",\"dateModified\":\"2021-07-26T10:41:02+00:00\",\"author\":{\"@id\":\"https:\\\/\\\/favorite-news.com\\\/pt\\\/#\\\/schema\\\/person\\\/b91573b717dcfa5e4696032a9d28d3e8\"},\"breadcrumb\":{\"@id\":\"https:\\\/\\\/favorite-news.com\\\/pt\\\/ramalho-desculpabiliza-vitor-fernandes-e-nega-relacao-especial-com-vieira\\\/#breadcrumb\"},\"inLanguage\":\"pt-PT\",\"potentialAction\":[{\"@type\":\"ReadAction\",\"target\":[\"https:\\\/\\\/favorite-news.com\\\/pt\\\/ramalho-desculpabiliza-vitor-fernandes-e-nega-relacao-especial-com-vieira\\\/\"]}]},{\"@type\":\"ImageObject\",\"inLanguage\":\"pt-PT\",\"@id\":\"https:\\\/\\\/favorite-news.com\\\/pt\\\/ramalho-desculpabiliza-vitor-fernandes-e-nega-relacao-especial-com-vieira\\\/#primaryimage\",\"url\":\"https:\\\/\\\/favorite-news.com\\\/pt\\\/wp-content\\\/uploads\\\/sites\\\/2\\\/2020\\\/11\\\/Novo-Banco-com-prejuizos-de-853-milhoes-anula-lucros-dos.jpg\",\"contentUrl\":\"https:\\\/\\\/favorite-news.com\\\/pt\\\/wp-content\\\/uploads\\\/sites\\\/2\\\/2020\\\/11\\\/Novo-Banco-com-prejuizos-de-853-milhoes-anula-lucros-dos.jpg\",\"width\":1200,\"height\":800,\"caption\":\"Novo Banco com preju\u00edzos de 853 milh\u00f5es anula lucros dos outros bancos\"},{\"@type\":\"BreadcrumbList\",\"@id\":\"https:\\\/\\\/favorite-news.com\\\/pt\\\/ramalho-desculpabiliza-vitor-fernandes-e-nega-relacao-especial-com-vieira\\\/#breadcrumb\",\"itemListElement\":[{\"@type\":\"ListItem\",\"position\":1,\"name\":\"Home\",\"item\":\"https:\\\/\\\/favorite-news.com\\\/pt\\\/\"},{\"@type\":\"ListItem\",\"position\":2,\"name\":\"Ramalho desculpabiliza V\u00edtor Fernandes e nega &#8220;rela\u00e7\u00e3o especial&#8221; com Vieira\"}]},{\"@type\":\"WebSite\",\"@id\":\"https:\\\/\\\/favorite-news.com\\\/pt\\\/#website\",\"url\":\"https:\\\/\\\/favorite-news.com\\\/pt\\\/\",\"name\":\"Favorite News\",\"description\":\"Favorite News Portugal\",\"potentialAction\":[{\"@type\":\"SearchAction\",\"target\":{\"@type\":\"EntryPoint\",\"urlTemplate\":\"https:\\\/\\\/favorite-news.com\\\/pt\\\/?s={search_term_string}\"},\"query-input\":{\"@type\":\"PropertyValueSpecification\",\"valueRequired\":true,\"valueName\":\"search_term_string\"}}],\"inLanguage\":\"pt-PT\"},{\"@type\":\"Person\",\"@id\":\"https:\\\/\\\/favorite-news.com\\\/pt\\\/#\\\/schema\\\/person\\\/b91573b717dcfa5e4696032a9d28d3e8\",\"name\":\"favorite-news\",\"image\":{\"@type\":\"ImageObject\",\"inLanguage\":\"pt-PT\",\"@id\":\"https:\\\/\\\/secure.gravatar.com\\\/avatar\\\/6c5a5cb12b74e9d517ee91cf570335b7d16177f1977cc91db161adfa435945a7?s=96&d=mm&r=g\",\"url\":\"https:\\\/\\\/secure.gravatar.com\\\/avatar\\\/6c5a5cb12b74e9d517ee91cf570335b7d16177f1977cc91db161adfa435945a7?s=96&d=mm&r=g\",\"contentUrl\":\"https:\\\/\\\/secure.gravatar.com\\\/avatar\\\/6c5a5cb12b74e9d517ee91cf570335b7d16177f1977cc91db161adfa435945a7?s=96&d=mm&r=g\",\"caption\":\"favorite-news\"},\"url\":\"https:\\\/\\\/favorite-news.com\\\/pt\\\/author\\\/pt\\\/\"}]}<\/script>\n<!-- \/ Yoast SEO plugin. -->","yoast_head_json":{"title":"Ramalho desculpabiliza V\u00edtor Fernandes e nega \"rela\u00e7\u00e3o especial\" com Vieira - Favorite News","robots":{"index":"index","follow":"follow","max-snippet":"max-snippet:-1","max-image-preview":"max-image-preview:large","max-video-preview":"max-video-preview:-1"},"canonical":"https:\/\/favorite-news.com\/pt\/ramalho-desculpabiliza-vitor-fernandes-e-nega-relacao-especial-com-vieira\/","og_locale":"pt_PT","og_type":"article","og_title":"Ramalho desculpabiliza V\u00edtor Fernandes e nega \"rela\u00e7\u00e3o especial\" com Vieira - Favorite News","og_description":"Jos\u00e9 Sena Goul\u00e3o \/ LusaAnt\u00f3nio Ramalho, presidente do Novo Banco Ant\u00f3nio Ramalho diz que as decis\u00f5es sobre o cr\u00e9dito da Imosteps foram tomadas de forma colegial, descartando influ\u00eancia direta de V\u00edtor Fernandes. Numa carta enviada aos deputados da comiss\u00e3o parlamentar de inqu\u00e9rito ao Novo Banco, Ant\u00f3nio Ramalho explica que as decis\u00f5es sobre o cr\u00e9dito da [&hellip;]","og_url":"https:\/\/favorite-news.com\/pt\/ramalho-desculpabiliza-vitor-fernandes-e-nega-relacao-especial-com-vieira\/","og_site_name":"Favorite News","article_published_time":"2021-07-26T10:40:59+00:00","article_modified_time":"2021-07-26T10:41:02+00:00","og_image":[{"width":1200,"height":800,"url":"https:\/\/favorite-news.com\/pt\/wp-content\/uploads\/sites\/2\/2020\/11\/Novo-Banco-com-prejuizos-de-853-milhoes-anula-lucros-dos.jpg","type":"image\/jpeg"}],"author":"favorite-news","twitter_card":"summary_large_image","twitter_misc":{"Escrito por":"favorite-news","Tempo estimado de leitura":"2 minutos"},"schema":{"@context":"https:\/\/schema.org","@graph":[{"@type":"Article","@id":"https:\/\/favorite-news.com\/pt\/ramalho-desculpabiliza-vitor-fernandes-e-nega-relacao-especial-com-vieira\/#article","isPartOf":{"@id":"https:\/\/favorite-news.com\/pt\/ramalho-desculpabiliza-vitor-fernandes-e-nega-relacao-especial-com-vieira\/"},"author":{"name":"favorite-news","@id":"https:\/\/favorite-news.com\/pt\/#\/schema\/person\/b91573b717dcfa5e4696032a9d28d3e8"},"headline":"Ramalho desculpabiliza V\u00edtor Fernandes e nega &#8220;rela\u00e7\u00e3o especial&#8221; com Vieira","datePublished":"2021-07-26T10:40:59+00:00","dateModified":"2021-07-26T10:41:02+00:00","mainEntityOfPage":{"@id":"https:\/\/favorite-news.com\/pt\/ramalho-desculpabiliza-vitor-fernandes-e-nega-relacao-especial-com-vieira\/"},"wordCount":407,"commentCount":0,"image":{"@id":"https:\/\/favorite-news.com\/pt\/ramalho-desculpabiliza-vitor-fernandes-e-nega-relacao-especial-com-vieira\/#primaryimage"},"thumbnailUrl":"https:\/\/favorite-news.com\/pt\/wp-content\/uploads\/sites\/2\/2020\/11\/Novo-Banco-com-prejuizos-de-853-milhoes-anula-lucros-dos.jpg","articleSection":["NOT\u00cdCIAS FINANCEIRAS"],"inLanguage":"pt-PT","potentialAction":[{"@type":"CommentAction","name":"Comment","target":["https:\/\/favorite-news.com\/pt\/ramalho-desculpabiliza-vitor-fernandes-e-nega-relacao-especial-com-vieira\/#respond"]}]},{"@type":"WebPage","@id":"https:\/\/favorite-news.com\/pt\/ramalho-desculpabiliza-vitor-fernandes-e-nega-relacao-especial-com-vieira\/","url":"https:\/\/favorite-news.com\/pt\/ramalho-desculpabiliza-vitor-fernandes-e-nega-relacao-especial-com-vieira\/","name":"Ramalho desculpabiliza V\u00edtor Fernandes e nega \"rela\u00e7\u00e3o especial\" com Vieira - Favorite News","isPartOf":{"@id":"https:\/\/favorite-news.com\/pt\/#website"},"primaryImageOfPage":{"@id":"https:\/\/favorite-news.com\/pt\/ramalho-desculpabiliza-vitor-fernandes-e-nega-relacao-especial-com-vieira\/#primaryimage"},"image":{"@id":"https:\/\/favorite-news.com\/pt\/ramalho-desculpabiliza-vitor-fernandes-e-nega-relacao-especial-com-vieira\/#primaryimage"},"thumbnailUrl":"https:\/\/favorite-news.com\/pt\/wp-content\/uploads\/sites\/2\/2020\/11\/Novo-Banco-com-prejuizos-de-853-milhoes-anula-lucros-dos.jpg","datePublished":"2021-07-26T10:40:59+00:00","dateModified":"2021-07-26T10:41:02+00:00","author":{"@id":"https:\/\/favorite-news.com\/pt\/#\/schema\/person\/b91573b717dcfa5e4696032a9d28d3e8"},"breadcrumb":{"@id":"https:\/\/favorite-news.com\/pt\/ramalho-desculpabiliza-vitor-fernandes-e-nega-relacao-especial-com-vieira\/#breadcrumb"},"inLanguage":"pt-PT","potentialAction":[{"@type":"ReadAction","target":["https:\/\/favorite-news.com\/pt\/ramalho-desculpabiliza-vitor-fernandes-e-nega-relacao-especial-com-vieira\/"]}]},{"@type":"ImageObject","inLanguage":"pt-PT","@id":"https:\/\/favorite-news.com\/pt\/ramalho-desculpabiliza-vitor-fernandes-e-nega-relacao-especial-com-vieira\/#primaryimage","url":"https:\/\/favorite-news.com\/pt\/wp-content\/uploads\/sites\/2\/2020\/11\/Novo-Banco-com-prejuizos-de-853-milhoes-anula-lucros-dos.jpg","contentUrl":"https:\/\/favorite-news.com\/pt\/wp-content\/uploads\/sites\/2\/2020\/11\/Novo-Banco-com-prejuizos-de-853-milhoes-anula-lucros-dos.jpg","width":1200,"height":800,"caption":"Novo Banco com preju\u00edzos de 853 milh\u00f5es anula lucros dos outros bancos"},{"@type":"BreadcrumbList","@id":"https:\/\/favorite-news.com\/pt\/ramalho-desculpabiliza-vitor-fernandes-e-nega-relacao-especial-com-vieira\/#breadcrumb","itemListElement":[{"@type":"ListItem","position":1,"name":"Home","item":"https:\/\/favorite-news.com\/pt\/"},{"@type":"ListItem","position":2,"name":"Ramalho desculpabiliza V\u00edtor Fernandes e nega &#8220;rela\u00e7\u00e3o especial&#8221; com Vieira"}]},{"@type":"WebSite","@id":"https:\/\/favorite-news.com\/pt\/#website","url":"https:\/\/favorite-news.com\/pt\/","name":"Favorite News","description":"Favorite News Portugal","potentialAction":[{"@type":"SearchAction","target":{"@type":"EntryPoint","urlTemplate":"https:\/\/favorite-news.com\/pt\/?s={search_term_string}"},"query-input":{"@type":"PropertyValueSpecification","valueRequired":true,"valueName":"search_term_string"}}],"inLanguage":"pt-PT"},{"@type":"Person","@id":"https:\/\/favorite-news.com\/pt\/#\/schema\/person\/b91573b717dcfa5e4696032a9d28d3e8","name":"favorite-news","image":{"@type":"ImageObject","inLanguage":"pt-PT","@id":"https:\/\/secure.gravatar.com\/avatar\/6c5a5cb12b74e9d517ee91cf570335b7d16177f1977cc91db161adfa435945a7?s=96&d=mm&r=g","url":"https:\/\/secure.gravatar.com\/avatar\/6c5a5cb12b74e9d517ee91cf570335b7d16177f1977cc91db161adfa435945a7?s=96&d=mm&r=g","contentUrl":"https:\/\/secure.gravatar.com\/avatar\/6c5a5cb12b74e9d517ee91cf570335b7d16177f1977cc91db161adfa435945a7?s=96&d=mm&r=g","caption":"favorite-news"},"url":"https:\/\/favorite-news.com\/pt\/author\/pt\/"}]}},"_links":{"self":[{"href":"https:\/\/favorite-news.com\/pt\/wp-json\/wp\/v2\/posts\/10897","targetHints":{"allow":["GET"]}}],"collection":[{"href":"https:\/\/favorite-news.com\/pt\/wp-json\/wp\/v2\/posts"}],"about":[{"href":"https:\/\/favorite-news.com\/pt\/wp-json\/wp\/v2\/types\/post"}],"author":[{"embeddable":true,"href":"https:\/\/favorite-news.com\/pt\/wp-json\/wp\/v2\/users\/2"}],"replies":[{"embeddable":true,"href":"https:\/\/favorite-news.com\/pt\/wp-json\/wp\/v2\/comments?post=10897"}],"version-history":[{"count":1,"href":"https:\/\/favorite-news.com\/pt\/wp-json\/wp\/v2\/posts\/10897\/revisions"}],"predecessor-version":[{"id":10898,"href":"https:\/\/favorite-news.com\/pt\/wp-json\/wp\/v2\/posts\/10897\/revisions\/10898"}],"wp:featuredmedia":[{"embeddable":true,"href":"https:\/\/favorite-news.com\/pt\/wp-json\/wp\/v2\/media\/7919"}],"wp:attachment":[{"href":"https:\/\/favorite-news.com\/pt\/wp-json\/wp\/v2\/media?parent=10897"}],"wp:term":[{"taxonomy":"category","embeddable":true,"href":"https:\/\/favorite-news.com\/pt\/wp-json\/wp\/v2\/categories?post=10897"},{"taxonomy":"post_tag","embeddable":true,"href":"https:\/\/favorite-news.com\/pt\/wp-json\/wp\/v2\/tags?post=10897"}],"curies":[{"name":"wp","href":"https:\/\/api.w.org\/{rel}","templated":true}]}}