{"id":10891,"date":"2021-07-26T01:30:21","date_gmt":"2021-07-25T22:30:21","guid":{"rendered":"https:\/\/favorite-news.com\/pt\/desconvocada-greve-da-groundforce-para-os-dias-31-de-julho-e-1-e-2-de-agosto-zap\/"},"modified":"2021-07-26T01:30:26","modified_gmt":"2021-07-25T22:30:26","slug":"desconvocada-greve-da-groundforce-para-os-dias-31-de-julho-e-1-e-2-de-agosto-zap","status":"publish","type":"post","link":"https:\/\/favorite-news.com\/pt\/desconvocada-greve-da-groundforce-para-os-dias-31-de-julho-e-1-e-2-de-agosto-zap\/","title":{"rendered":"Desconvocada greve da Groundforce para os dias 31 de julho e 1 e 2 de agosto &#8211; ZAP"},"content":{"rendered":"<p>(dr) Groundforce<br \/>\nA greve dos trabalhadores da Groundforce, que estava marcada para os dias 31 de julho e 1 e 2 de agosto, foi desconvocada esta quinta-feira.<\/p>\n<p>Os sindicatos dos T\u00e9cnicos de Handling de Aeroportos (STHA), das Ind\u00fastrias Metal\u00fargicas e Afins (SIMA) e dos Economistas (SE) desconvocaram a greve na Groundforce marcada para 31 de julho, 1 e 2 de agosto.<br \/>\n\u201cFruto da hist\u00f3rica greve do fim de semana passado, do qual os trabalhadores s\u00e3o os \u00fanicos protagonistas, foi poss\u00edvel, numa reuni\u00e3o hoje \u00e0s 14:30, chegar a um compromisso com o Governo, no sentido de desbloquear, com efeitos imediatos a greve dos dias 31, 1 e 2 de agosto\u201d, informaram as estruturas sindicais, em comunicado.<br \/>\nOs termos da desconvoca\u00e7\u00e3o, explicam, s\u00e3o o \u201cpagamento do subs\u00eddio de f\u00e9rias e das anuidades vencidas 2021, antes do processamento salarial de julho (dia 28), para todos os trabalhadores\u201d, a \u201cgarantia efetiva, e j\u00e1 tornada p\u00fablica pelo Governo, do pagamento pontual e integral do sal\u00e1rio de julho\u201d, bem como a \u201cgarantia efetiva, e j\u00e1 tornada p\u00fablica pelo Governo, de que a situa\u00e7\u00e3o acionista da Groundforce ser\u00e1 resolvida muito em breve, ou pela venda das a\u00e7\u00f5es a um privado por parte do Montepio, ou por a\u00e7\u00e3o\/interven\u00e7\u00e3o do Estado Portugu\u00eas e da TAP\u201d.<\/p>\n<p>\u201cComo em qualquer processo, a confian\u00e7a tem que imperar entre os interlocutores, nem que seja numa dimens\u00e3o m\u00ednima e por um bem maior\u201d, consideraram os representantes dos trabalhadores, que consideram que \u201ca forte mobiliza\u00e7\u00e3o de todos os trabalhadores em todos os aeroportos\u201d, na greve do fim de semana passado, \u201dfoi determinante para este desfecho\u201d.<br \/>\nOs sindicatos agradeceram o envolvimento da Confedera\u00e7\u00e3o do Turismo de Portugal (CTP) e da Associa\u00e7\u00e3o Portuguesa as Ag\u00eancias de Viagens e Turismo (APAVT) \u201cque, num esfor\u00e7o conjunto, defendeu os interesses dos trabalhadores, da TAP, do turismo e do Pa\u00eds, ao qual a fun\u00e7\u00e3o estrat\u00e9gica da Groundforce para todos ficou bem clara e de uma vez por todas\u201d.<br \/>\nOs trabalhadores da Groundforce cumpriram dois dias de greve no fim de semana passado, convocada pelo STHA, como protesto pela \u201csitua\u00e7\u00e3o de instabilidade insustent\u00e1vel, no que concerne ao pagamento pontual dos sal\u00e1rios e outras componentes pecuni\u00e1rias\u201d que os trabalhadores da Groundforce enfrentam desde fevereiro de 2021.<br \/>\nA paralisa\u00e7\u00e3o levou ao cancelamento de voos, sobretudo no aeroporto de Lisboa.<br \/>\nAl\u00e9m desta greve, desde o dia 15 de julho que os trabalhadores da Groundforce est\u00e3o tamb\u00e9m a cumprir uma greve \u00e0s horas extraordin\u00e1rias, que se prolonga at\u00e9 \u00e0s 24:00 do dia 31 de outubro de 2021.<br \/>\nPor sua vez, os sindicatos dos Trabalhadores dos Transportes de Portugal (STTAMP), dos Trabalhadores dos Aeroportos Manuten\u00e7\u00e3o e Avia\u00e7\u00e3o (STAMA) e dos Trabalhadores da Avia\u00e7\u00e3o e Aeroportos (Sitava) decidiram manter os pr\u00e9-avisos de greve at\u00e9 serem pagos os montantes devidos.<br \/>\nO Sitava decidiu manter a greve, para 30 e 31 de julho e 1 de agosto, estando ainda em vigor uma paralisa\u00e7\u00e3o ao trabalho extraordin\u00e1rio at\u00e9 \u00e0s 24 horas do dia 29 de julho at\u00e9 que os trabalhadores recebam os pagamentos com que a TAP se comprometeu, disse \u00e0 ag\u00eancia Lusa o dirigente Fernando Henriques.<br \/>\nTamb\u00e9m o STTAMP e o STAMA anunciaram que v\u00e3o manter os avisos pr\u00e9vios de greve em vigor para a Groundforce \u201cat\u00e9 \u00e0 data em que os pagamentos forem efetivamente concretizados, visto que num passado recente estes dois sindicatos j\u00e1 teriam chegado a acordo para o pagamento do subs\u00eddio de f\u00e9rias, tendo o mesmo sido recusado por parte de Alfredo Casimiro que, apesar das mudan\u00e7as iminentes da estrutura acionista, \u00e0 data de hoje ainda \u00e9 o Presidente do Conselho de Administra\u00e7\u00e3o\u201d.<br \/>\nEsta quarta-feira, o Minist\u00e9rio das Infraestruturas e da Habita\u00e7\u00e3o revelou, em comunicado, que a TAP vai pagar os subs\u00eddios de f\u00e9rias e os sal\u00e1rios em atraso dos trabalhadores da Groundforce.<br \/>\n\u201cFoi comunicado hoje, em reuni\u00e3o com sindicatos da Groundforce, que a TAP vai proceder ao pagamento do valor correspondente ao subs\u00eddio de f\u00e9rias e \u00e0s anuidades em atraso diretamente aos trabalhadores da Groundforce\u201d, l\u00ea-se na nota do Minist\u00e9rio das Infraestruturas.<br \/>\nO mesmo documento informa ainda que esta \u201cfoi a solu\u00e7\u00e3o encontrada para ultrapassar a recusa na semana passada da administra\u00e7\u00e3o da Groundforce em aceitar a transfer\u00eancia da TAP que permitiria o pagamento aos trabalhadores do subs\u00eddio que lhes era devido\u201d.<br \/>\nA Groundforce \u00e9 detida em 50,1% pela Pasogal e em 49,9% pelo grupo TAP, que, em 2020, passou a ser detido em 72,5% pelo Estado portugu\u00eas.<\/p>\n<p>\n<!--noindex--><br \/>\n<a href=\"https:\/\/zap.aeiou.pt\/desconvocada-greve-da-groundforce-para-os-dias-31-de-julho-e-1-e-2-de-agosto-419482\" rel=\"nofollow\">Source link <\/a><br \/>\n<!--\/noindex--><\/p>\n","protected":false},"excerpt":{"rendered":"<p>(dr) Groundforce A greve dos trabalhadores da Groundforce, que estava marcada para os dias 31 de julho e 1 e 2 de agosto, foi desconvocada esta quinta-feira. Os sindicatos dos T\u00e9cnicos de Handling de Aeroportos (STHA), das Ind\u00fastrias Metal\u00fargicas e Afins (SIMA) e dos Economistas (SE) desconvocaram a greve na Groundforce marcada para 31 de [&hellip;]<\/p>\n","protected":false},"author":2,"featured_media":10892,"comment_status":"open","ping_status":"open","sticky":false,"template":"","format":"standard","meta":{"footnotes":""},"categories":[1],"tags":[],"class_list":["post-10891","post","type-post","status-publish","format-standard","has-post-thumbnail","hentry","category-noticias-financeiras"],"yoast_head":"<!-- This site is optimized with the Yoast SEO plugin v27.4 - https:\/\/yoast.com\/product\/yoast-seo-wordpress\/ -->\n<title>Desconvocada greve da Groundforce para os dias 31 de julho e 1 e 2 de agosto - ZAP - Favorite News<\/title>\n<meta name=\"robots\" content=\"index, follow, max-snippet:-1, max-image-preview:large, max-video-preview:-1\" \/>\n<link rel=\"canonical\" href=\"https:\/\/favorite-news.com\/pt\/desconvocada-greve-da-groundforce-para-os-dias-31-de-julho-e-1-e-2-de-agosto-zap\/\" \/>\n<meta property=\"og:locale\" content=\"pt_PT\" \/>\n<meta property=\"og:type\" content=\"article\" \/>\n<meta property=\"og:title\" content=\"Desconvocada greve da Groundforce para os dias 31 de julho e 1 e 2 de agosto - ZAP - Favorite News\" \/>\n<meta property=\"og:description\" content=\"(dr) Groundforce A greve dos trabalhadores da Groundforce, que estava marcada para os dias 31 de julho e 1 e 2 de agosto, foi desconvocada esta quinta-feira. Os sindicatos dos T\u00e9cnicos de Handling de Aeroportos (STHA), das Ind\u00fastrias Metal\u00fargicas e Afins (SIMA) e dos Economistas (SE) desconvocaram a greve na Groundforce marcada para 31 de [&hellip;]\" \/>\n<meta property=\"og:url\" content=\"https:\/\/favorite-news.com\/pt\/desconvocada-greve-da-groundforce-para-os-dias-31-de-julho-e-1-e-2-de-agosto-zap\/\" \/>\n<meta property=\"og:site_name\" content=\"Favorite News\" \/>\n<meta property=\"article:published_time\" content=\"2021-07-25T22:30:21+00:00\" \/>\n<meta property=\"article:modified_time\" content=\"2021-07-25T22:30:26+00:00\" \/>\n<meta property=\"og:image\" content=\"https:\/\/favorite-news.com\/pt\/wp-content\/uploads\/sites\/2\/2021\/07\/Desconvocada-greve-da-Groundforce-para-os-dias-31-de-julho.jpg\" \/>\n\t<meta property=\"og:image:width\" content=\"1500\" \/>\n\t<meta property=\"og:image:height\" content=\"1000\" \/>\n\t<meta property=\"og:image:type\" content=\"image\/jpeg\" \/>\n<meta name=\"author\" content=\"favorite-news\" \/>\n<meta name=\"twitter:card\" content=\"summary_large_image\" \/>\n<meta name=\"twitter:label1\" content=\"Escrito por\" \/>\n\t<meta name=\"twitter:data1\" content=\"favorite-news\" \/>\n\t<meta name=\"twitter:label2\" content=\"Tempo estimado de leitura\" \/>\n\t<meta name=\"twitter:data2\" content=\"4 minutos\" \/>\n<script type=\"application\/ld+json\" class=\"yoast-schema-graph\">{\"@context\":\"https:\\\/\\\/schema.org\",\"@graph\":[{\"@type\":\"Article\",\"@id\":\"https:\\\/\\\/favorite-news.com\\\/pt\\\/desconvocada-greve-da-groundforce-para-os-dias-31-de-julho-e-1-e-2-de-agosto-zap\\\/#article\",\"isPartOf\":{\"@id\":\"https:\\\/\\\/favorite-news.com\\\/pt\\\/desconvocada-greve-da-groundforce-para-os-dias-31-de-julho-e-1-e-2-de-agosto-zap\\\/\"},\"author\":{\"name\":\"favorite-news\",\"@id\":\"https:\\\/\\\/favorite-news.com\\\/pt\\\/#\\\/schema\\\/person\\\/b91573b717dcfa5e4696032a9d28d3e8\"},\"headline\":\"Desconvocada greve da Groundforce para os dias 31 de julho e 1 e 2 de agosto &#8211; ZAP\",\"datePublished\":\"2021-07-25T22:30:21+00:00\",\"dateModified\":\"2021-07-25T22:30:26+00:00\",\"mainEntityOfPage\":{\"@id\":\"https:\\\/\\\/favorite-news.com\\\/pt\\\/desconvocada-greve-da-groundforce-para-os-dias-31-de-julho-e-1-e-2-de-agosto-zap\\\/\"},\"wordCount\":777,\"commentCount\":0,\"image\":{\"@id\":\"https:\\\/\\\/favorite-news.com\\\/pt\\\/desconvocada-greve-da-groundforce-para-os-dias-31-de-julho-e-1-e-2-de-agosto-zap\\\/#primaryimage\"},\"thumbnailUrl\":\"https:\\\/\\\/favorite-news.com\\\/pt\\\/wp-content\\\/uploads\\\/sites\\\/2\\\/2021\\\/07\\\/Desconvocada-greve-da-Groundforce-para-os-dias-31-de-julho.jpg\",\"articleSection\":[\"NOT\u00cdCIAS FINANCEIRAS\"],\"inLanguage\":\"pt-PT\",\"potentialAction\":[{\"@type\":\"CommentAction\",\"name\":\"Comment\",\"target\":[\"https:\\\/\\\/favorite-news.com\\\/pt\\\/desconvocada-greve-da-groundforce-para-os-dias-31-de-julho-e-1-e-2-de-agosto-zap\\\/#respond\"]}]},{\"@type\":\"WebPage\",\"@id\":\"https:\\\/\\\/favorite-news.com\\\/pt\\\/desconvocada-greve-da-groundforce-para-os-dias-31-de-julho-e-1-e-2-de-agosto-zap\\\/\",\"url\":\"https:\\\/\\\/favorite-news.com\\\/pt\\\/desconvocada-greve-da-groundforce-para-os-dias-31-de-julho-e-1-e-2-de-agosto-zap\\\/\",\"name\":\"Desconvocada greve da Groundforce para os dias 31 de julho e 1 e 2 de agosto - ZAP - Favorite News\",\"isPartOf\":{\"@id\":\"https:\\\/\\\/favorite-news.com\\\/pt\\\/#website\"},\"primaryImageOfPage\":{\"@id\":\"https:\\\/\\\/favorite-news.com\\\/pt\\\/desconvocada-greve-da-groundforce-para-os-dias-31-de-julho-e-1-e-2-de-agosto-zap\\\/#primaryimage\"},\"image\":{\"@id\":\"https:\\\/\\\/favorite-news.com\\\/pt\\\/desconvocada-greve-da-groundforce-para-os-dias-31-de-julho-e-1-e-2-de-agosto-zap\\\/#primaryimage\"},\"thumbnailUrl\":\"https:\\\/\\\/favorite-news.com\\\/pt\\\/wp-content\\\/uploads\\\/sites\\\/2\\\/2021\\\/07\\\/Desconvocada-greve-da-Groundforce-para-os-dias-31-de-julho.jpg\",\"datePublished\":\"2021-07-25T22:30:21+00:00\",\"dateModified\":\"2021-07-25T22:30:26+00:00\",\"author\":{\"@id\":\"https:\\\/\\\/favorite-news.com\\\/pt\\\/#\\\/schema\\\/person\\\/b91573b717dcfa5e4696032a9d28d3e8\"},\"breadcrumb\":{\"@id\":\"https:\\\/\\\/favorite-news.com\\\/pt\\\/desconvocada-greve-da-groundforce-para-os-dias-31-de-julho-e-1-e-2-de-agosto-zap\\\/#breadcrumb\"},\"inLanguage\":\"pt-PT\",\"potentialAction\":[{\"@type\":\"ReadAction\",\"target\":[\"https:\\\/\\\/favorite-news.com\\\/pt\\\/desconvocada-greve-da-groundforce-para-os-dias-31-de-julho-e-1-e-2-de-agosto-zap\\\/\"]}]},{\"@type\":\"ImageObject\",\"inLanguage\":\"pt-PT\",\"@id\":\"https:\\\/\\\/favorite-news.com\\\/pt\\\/desconvocada-greve-da-groundforce-para-os-dias-31-de-julho-e-1-e-2-de-agosto-zap\\\/#primaryimage\",\"url\":\"https:\\\/\\\/favorite-news.com\\\/pt\\\/wp-content\\\/uploads\\\/sites\\\/2\\\/2021\\\/07\\\/Desconvocada-greve-da-Groundforce-para-os-dias-31-de-julho.jpg\",\"contentUrl\":\"https:\\\/\\\/favorite-news.com\\\/pt\\\/wp-content\\\/uploads\\\/sites\\\/2\\\/2021\\\/07\\\/Desconvocada-greve-da-Groundforce-para-os-dias-31-de-julho.jpg\",\"width\":1500,\"height\":1000,\"caption\":\"Desconvocada greve da Groundforce para os dias 31 de julho e 1 e 2 de agosto - ZAP\"},{\"@type\":\"BreadcrumbList\",\"@id\":\"https:\\\/\\\/favorite-news.com\\\/pt\\\/desconvocada-greve-da-groundforce-para-os-dias-31-de-julho-e-1-e-2-de-agosto-zap\\\/#breadcrumb\",\"itemListElement\":[{\"@type\":\"ListItem\",\"position\":1,\"name\":\"Home\",\"item\":\"https:\\\/\\\/favorite-news.com\\\/pt\\\/\"},{\"@type\":\"ListItem\",\"position\":2,\"name\":\"Desconvocada greve da Groundforce para os dias 31 de julho e 1 e 2 de agosto &#8211; ZAP\"}]},{\"@type\":\"WebSite\",\"@id\":\"https:\\\/\\\/favorite-news.com\\\/pt\\\/#website\",\"url\":\"https:\\\/\\\/favorite-news.com\\\/pt\\\/\",\"name\":\"Favorite News\",\"description\":\"Favorite News Portugal\",\"potentialAction\":[{\"@type\":\"SearchAction\",\"target\":{\"@type\":\"EntryPoint\",\"urlTemplate\":\"https:\\\/\\\/favorite-news.com\\\/pt\\\/?s={search_term_string}\"},\"query-input\":{\"@type\":\"PropertyValueSpecification\",\"valueRequired\":true,\"valueName\":\"search_term_string\"}}],\"inLanguage\":\"pt-PT\"},{\"@type\":\"Person\",\"@id\":\"https:\\\/\\\/favorite-news.com\\\/pt\\\/#\\\/schema\\\/person\\\/b91573b717dcfa5e4696032a9d28d3e8\",\"name\":\"favorite-news\",\"image\":{\"@type\":\"ImageObject\",\"inLanguage\":\"pt-PT\",\"@id\":\"https:\\\/\\\/secure.gravatar.com\\\/avatar\\\/6c5a5cb12b74e9d517ee91cf570335b7d16177f1977cc91db161adfa435945a7?s=96&d=mm&r=g\",\"url\":\"https:\\\/\\\/secure.gravatar.com\\\/avatar\\\/6c5a5cb12b74e9d517ee91cf570335b7d16177f1977cc91db161adfa435945a7?s=96&d=mm&r=g\",\"contentUrl\":\"https:\\\/\\\/secure.gravatar.com\\\/avatar\\\/6c5a5cb12b74e9d517ee91cf570335b7d16177f1977cc91db161adfa435945a7?s=96&d=mm&r=g\",\"caption\":\"favorite-news\"},\"url\":\"https:\\\/\\\/favorite-news.com\\\/pt\\\/author\\\/pt\\\/\"}]}<\/script>\n<!-- \/ Yoast SEO plugin. -->","yoast_head_json":{"title":"Desconvocada greve da Groundforce para os dias 31 de julho e 1 e 2 de agosto - ZAP - Favorite News","robots":{"index":"index","follow":"follow","max-snippet":"max-snippet:-1","max-image-preview":"max-image-preview:large","max-video-preview":"max-video-preview:-1"},"canonical":"https:\/\/favorite-news.com\/pt\/desconvocada-greve-da-groundforce-para-os-dias-31-de-julho-e-1-e-2-de-agosto-zap\/","og_locale":"pt_PT","og_type":"article","og_title":"Desconvocada greve da Groundforce para os dias 31 de julho e 1 e 2 de agosto - ZAP - Favorite News","og_description":"(dr) Groundforce A greve dos trabalhadores da Groundforce, que estava marcada para os dias 31 de julho e 1 e 2 de agosto, foi desconvocada esta quinta-feira. Os sindicatos dos T\u00e9cnicos de Handling de Aeroportos (STHA), das Ind\u00fastrias Metal\u00fargicas e Afins (SIMA) e dos Economistas (SE) desconvocaram a greve na Groundforce marcada para 31 de [&hellip;]","og_url":"https:\/\/favorite-news.com\/pt\/desconvocada-greve-da-groundforce-para-os-dias-31-de-julho-e-1-e-2-de-agosto-zap\/","og_site_name":"Favorite News","article_published_time":"2021-07-25T22:30:21+00:00","article_modified_time":"2021-07-25T22:30:26+00:00","og_image":[{"width":1500,"height":1000,"url":"https:\/\/favorite-news.com\/pt\/wp-content\/uploads\/sites\/2\/2021\/07\/Desconvocada-greve-da-Groundforce-para-os-dias-31-de-julho.jpg","type":"image\/jpeg"}],"author":"favorite-news","twitter_card":"summary_large_image","twitter_misc":{"Escrito por":"favorite-news","Tempo estimado de leitura":"4 minutos"},"schema":{"@context":"https:\/\/schema.org","@graph":[{"@type":"Article","@id":"https:\/\/favorite-news.com\/pt\/desconvocada-greve-da-groundforce-para-os-dias-31-de-julho-e-1-e-2-de-agosto-zap\/#article","isPartOf":{"@id":"https:\/\/favorite-news.com\/pt\/desconvocada-greve-da-groundforce-para-os-dias-31-de-julho-e-1-e-2-de-agosto-zap\/"},"author":{"name":"favorite-news","@id":"https:\/\/favorite-news.com\/pt\/#\/schema\/person\/b91573b717dcfa5e4696032a9d28d3e8"},"headline":"Desconvocada greve da Groundforce para os dias 31 de julho e 1 e 2 de agosto &#8211; ZAP","datePublished":"2021-07-25T22:30:21+00:00","dateModified":"2021-07-25T22:30:26+00:00","mainEntityOfPage":{"@id":"https:\/\/favorite-news.com\/pt\/desconvocada-greve-da-groundforce-para-os-dias-31-de-julho-e-1-e-2-de-agosto-zap\/"},"wordCount":777,"commentCount":0,"image":{"@id":"https:\/\/favorite-news.com\/pt\/desconvocada-greve-da-groundforce-para-os-dias-31-de-julho-e-1-e-2-de-agosto-zap\/#primaryimage"},"thumbnailUrl":"https:\/\/favorite-news.com\/pt\/wp-content\/uploads\/sites\/2\/2021\/07\/Desconvocada-greve-da-Groundforce-para-os-dias-31-de-julho.jpg","articleSection":["NOT\u00cdCIAS FINANCEIRAS"],"inLanguage":"pt-PT","potentialAction":[{"@type":"CommentAction","name":"Comment","target":["https:\/\/favorite-news.com\/pt\/desconvocada-greve-da-groundforce-para-os-dias-31-de-julho-e-1-e-2-de-agosto-zap\/#respond"]}]},{"@type":"WebPage","@id":"https:\/\/favorite-news.com\/pt\/desconvocada-greve-da-groundforce-para-os-dias-31-de-julho-e-1-e-2-de-agosto-zap\/","url":"https:\/\/favorite-news.com\/pt\/desconvocada-greve-da-groundforce-para-os-dias-31-de-julho-e-1-e-2-de-agosto-zap\/","name":"Desconvocada greve da Groundforce para os dias 31 de julho e 1 e 2 de agosto - ZAP - Favorite News","isPartOf":{"@id":"https:\/\/favorite-news.com\/pt\/#website"},"primaryImageOfPage":{"@id":"https:\/\/favorite-news.com\/pt\/desconvocada-greve-da-groundforce-para-os-dias-31-de-julho-e-1-e-2-de-agosto-zap\/#primaryimage"},"image":{"@id":"https:\/\/favorite-news.com\/pt\/desconvocada-greve-da-groundforce-para-os-dias-31-de-julho-e-1-e-2-de-agosto-zap\/#primaryimage"},"thumbnailUrl":"https:\/\/favorite-news.com\/pt\/wp-content\/uploads\/sites\/2\/2021\/07\/Desconvocada-greve-da-Groundforce-para-os-dias-31-de-julho.jpg","datePublished":"2021-07-25T22:30:21+00:00","dateModified":"2021-07-25T22:30:26+00:00","author":{"@id":"https:\/\/favorite-news.com\/pt\/#\/schema\/person\/b91573b717dcfa5e4696032a9d28d3e8"},"breadcrumb":{"@id":"https:\/\/favorite-news.com\/pt\/desconvocada-greve-da-groundforce-para-os-dias-31-de-julho-e-1-e-2-de-agosto-zap\/#breadcrumb"},"inLanguage":"pt-PT","potentialAction":[{"@type":"ReadAction","target":["https:\/\/favorite-news.com\/pt\/desconvocada-greve-da-groundforce-para-os-dias-31-de-julho-e-1-e-2-de-agosto-zap\/"]}]},{"@type":"ImageObject","inLanguage":"pt-PT","@id":"https:\/\/favorite-news.com\/pt\/desconvocada-greve-da-groundforce-para-os-dias-31-de-julho-e-1-e-2-de-agosto-zap\/#primaryimage","url":"https:\/\/favorite-news.com\/pt\/wp-content\/uploads\/sites\/2\/2021\/07\/Desconvocada-greve-da-Groundforce-para-os-dias-31-de-julho.jpg","contentUrl":"https:\/\/favorite-news.com\/pt\/wp-content\/uploads\/sites\/2\/2021\/07\/Desconvocada-greve-da-Groundforce-para-os-dias-31-de-julho.jpg","width":1500,"height":1000,"caption":"Desconvocada greve da Groundforce para os dias 31 de julho e 1 e 2 de agosto - ZAP"},{"@type":"BreadcrumbList","@id":"https:\/\/favorite-news.com\/pt\/desconvocada-greve-da-groundforce-para-os-dias-31-de-julho-e-1-e-2-de-agosto-zap\/#breadcrumb","itemListElement":[{"@type":"ListItem","position":1,"name":"Home","item":"https:\/\/favorite-news.com\/pt\/"},{"@type":"ListItem","position":2,"name":"Desconvocada greve da Groundforce para os dias 31 de julho e 1 e 2 de agosto &#8211; ZAP"}]},{"@type":"WebSite","@id":"https:\/\/favorite-news.com\/pt\/#website","url":"https:\/\/favorite-news.com\/pt\/","name":"Favorite News","description":"Favorite News Portugal","potentialAction":[{"@type":"SearchAction","target":{"@type":"EntryPoint","urlTemplate":"https:\/\/favorite-news.com\/pt\/?s={search_term_string}"},"query-input":{"@type":"PropertyValueSpecification","valueRequired":true,"valueName":"search_term_string"}}],"inLanguage":"pt-PT"},{"@type":"Person","@id":"https:\/\/favorite-news.com\/pt\/#\/schema\/person\/b91573b717dcfa5e4696032a9d28d3e8","name":"favorite-news","image":{"@type":"ImageObject","inLanguage":"pt-PT","@id":"https:\/\/secure.gravatar.com\/avatar\/6c5a5cb12b74e9d517ee91cf570335b7d16177f1977cc91db161adfa435945a7?s=96&d=mm&r=g","url":"https:\/\/secure.gravatar.com\/avatar\/6c5a5cb12b74e9d517ee91cf570335b7d16177f1977cc91db161adfa435945a7?s=96&d=mm&r=g","contentUrl":"https:\/\/secure.gravatar.com\/avatar\/6c5a5cb12b74e9d517ee91cf570335b7d16177f1977cc91db161adfa435945a7?s=96&d=mm&r=g","caption":"favorite-news"},"url":"https:\/\/favorite-news.com\/pt\/author\/pt\/"}]}},"_links":{"self":[{"href":"https:\/\/favorite-news.com\/pt\/wp-json\/wp\/v2\/posts\/10891","targetHints":{"allow":["GET"]}}],"collection":[{"href":"https:\/\/favorite-news.com\/pt\/wp-json\/wp\/v2\/posts"}],"about":[{"href":"https:\/\/favorite-news.com\/pt\/wp-json\/wp\/v2\/types\/post"}],"author":[{"embeddable":true,"href":"https:\/\/favorite-news.com\/pt\/wp-json\/wp\/v2\/users\/2"}],"replies":[{"embeddable":true,"href":"https:\/\/favorite-news.com\/pt\/wp-json\/wp\/v2\/comments?post=10891"}],"version-history":[{"count":1,"href":"https:\/\/favorite-news.com\/pt\/wp-json\/wp\/v2\/posts\/10891\/revisions"}],"predecessor-version":[{"id":10893,"href":"https:\/\/favorite-news.com\/pt\/wp-json\/wp\/v2\/posts\/10891\/revisions\/10893"}],"wp:featuredmedia":[{"embeddable":true,"href":"https:\/\/favorite-news.com\/pt\/wp-json\/wp\/v2\/media\/10892"}],"wp:attachment":[{"href":"https:\/\/favorite-news.com\/pt\/wp-json\/wp\/v2\/media?parent=10891"}],"wp:term":[{"taxonomy":"category","embeddable":true,"href":"https:\/\/favorite-news.com\/pt\/wp-json\/wp\/v2\/categories?post=10891"},{"taxonomy":"post_tag","embeddable":true,"href":"https:\/\/favorite-news.com\/pt\/wp-json\/wp\/v2\/tags?post=10891"}],"curies":[{"name":"wp","href":"https:\/\/api.w.org\/{rel}","templated":true}]}}